{"id":54738,"date":"2026-04-30T16:52:54","date_gmt":"2026-04-30T22:52:54","guid":{"rendered":"https:\/\/continuamosmx.com\/?p=54738"},"modified":"2026-04-30T16:52:54","modified_gmt":"2026-04-30T22:52:54","slug":"nadadora-izcallense-logra-cuatro-podios-en-competencia-internacional-en-paises-bajos","status":"publish","type":"post","link":"https:\/\/continuamosmx.com\/index.php\/2026\/04\/30\/nadadora-izcallense-logra-cuatro-podios-en-competencia-internacional-en-paises-bajos\/","title":{"rendered":"NADADORA IZCALLENSE LOGRA CUATRO PODIOS EN COMPETENCIA INTERNACIONAL EN PA\u00cdSES BAJOS"},"content":{"rendered":"\n<h3 class=\"wp-block-heading\">*<strong>Sonora Monroy Arana destaca en el Campeonato Internacional de Nataci\u00f3n 2026 CSIT tras su formaci\u00f3n en el INMUDECI<\/strong><\/h3>\n\n\n\n<p id=\"p-rc_ba3afdcb75d039d6-33\">Cuautitl\u00e1n, Edom\u00e9x.- La atleta Sonora Monroy Arana, integrante del \u00abEquipo Pira\u00f1as\u00bb del Instituto Municipal del Deporte de Cuautitl\u00e1n Izcalli (INMUDECI), ha consolidado una participaci\u00f3n hist\u00f3rica en el Campeonato Internacional de Nataci\u00f3n 2026 CSIT, celebrado en la ciudad de Geleen, Pa\u00edses Bajos. La nadadora obtuvo su pase a esta justa deportiva tras sobresalir en los 53\u00b0 Juegos Nacionales de los Trabajadores, donde represent\u00f3 con \u00e9xito al Estado de M\u00e9xico.<\/p>\n\n\n\n<p id=\"p-rc_ba3afdcb75d039d6-35\">Durante el desarrollo del certamen, Monroy Arana ha logrado subir al podio en cuatro ocasiones, obteniendo el primer lugar en la prueba de 50 metros dorso<sup><\/sup>. Asimismo, sum\u00f3 tres segundos lugares en las categor\u00edas de 50 metros pecho, 100 metros estilos crol y pecho<sup><\/sup>. Esta actuaci\u00f3n, que concluye formalmente el viernes 1\u00ba de mayo, reafirma el potencial del talento local y el compromiso de las autoridades municipales con el desarrollo deportivo de alto rendimiento<sup><\/sup>.<\/p>\n","protected":false},"excerpt":{"rendered":"<p>*Sonora Monroy Arana destaca en el Campeonato Internacional de Nataci\u00f3n 2026 CSIT tras su formaci\u00f3n en el INMUDECI Cuautitl\u00e1n, Edom\u00e9x.- La atleta Sonora Monroy Arana, integrante del \u00abEquipo Pira\u00f1as\u00bb del Instituto Municipal del Deporte de Cuautitl\u00e1n Izcalli (INMUDECI), ha consolidado una participaci\u00f3n hist\u00f3rica en el Campeonato Internacional de Nataci\u00f3n 2026 CSIT, celebrado en la ciudad [&hellip;]<\/p>\n","protected":false},"author":6,"featured_media":54739,"comment_status":"closed","ping_status":"closed","sticky":false,"template":"","format":"standard","meta":{"footnotes":""},"categories":[22,4],"tags":[],"class_list":["post-54738","post","type-post","status-publish","format-standard","has-post-thumbnail","hentry","category-c-izcalli","category-locales"],"yoast_head":"<!-- This site is optimized with the Yoast SEO plugin v27.5 - https:\/\/yoast.com\/product\/yoast-seo-wordpress\/ -->\n<title>NADADORA IZCALLENSE LOGRA CUATRO PODIOS EN COMPETENCIA INTERNACIONAL EN PA\u00cdSES BAJOS -<\/title>\n<meta name=\"robots\" content=\"index, follow, max-snippet:-1, max-image-preview:large, max-video-preview:-1\" \/>\n<link rel=\"canonical\" href=\"https:\/\/continuamosmx.com\/index.php\/2026\/04\/30\/nadadora-izcallense-logra-cuatro-podios-en-competencia-internacional-en-paises-bajos\/\" \/>\n<meta property=\"og:locale\" content=\"es_ES\" \/>\n<meta property=\"og:type\" content=\"article\" \/>\n<meta property=\"og:title\" content=\"NADADORA IZCALLENSE LOGRA CUATRO PODIOS EN COMPETENCIA INTERNACIONAL EN PA\u00cdSES BAJOS -\" \/>\n<meta property=\"og:description\" content=\"*Sonora Monroy Arana destaca en el Campeonato Internacional de Nataci\u00f3n 2026 CSIT tras su formaci\u00f3n en el INMUDECI Cuautitl\u00e1n, Edom\u00e9x.- La atleta Sonora Monroy Arana, integrante del \u00abEquipo Pira\u00f1as\u00bb del Instituto Municipal del Deporte de Cuautitl\u00e1n Izcalli (INMUDECI), ha consolidado una participaci\u00f3n hist\u00f3rica en el Campeonato Internacional de Nataci\u00f3n 2026 CSIT, celebrado en la ciudad [&hellip;]\" \/>\n<meta property=\"og:url\" content=\"https:\/\/continuamosmx.com\/index.php\/2026\/04\/30\/nadadora-izcallense-logra-cuatro-podios-en-competencia-internacional-en-paises-bajos\/\" \/>\n<meta property=\"article:published_time\" content=\"2026-04-30T22:52:54+00:00\" \/>\n<meta property=\"og:image\" content=\"https:\/\/continuamosmx.com\/wp-content\/uploads\/2026\/04\/WhatsApp-Image-2026-04-30-at-4.23.03-PM-2.jpeg\" \/>\n\t<meta property=\"og:image:width\" content=\"957\" \/>\n\t<meta property=\"og:image:height\" content=\"963\" \/>\n\t<meta property=\"og:image:type\" content=\"image\/jpeg\" \/>\n<meta name=\"author\" content=\"Continuamos MX\" \/>\n<meta name=\"twitter:card\" content=\"summary_large_image\" \/>\n<meta name=\"twitter:label1\" content=\"Escrito por\" \/>\n\t<meta name=\"twitter:data1\" content=\"Continuamos MX\" \/>\n\t<meta name=\"twitter:label2\" content=\"Tiempo de lectura\" \/>\n\t<meta name=\"twitter:data2\" content=\"1 minuto\" \/>\n<script type=\"application\/ld+json\" class=\"yoast-schema-graph\">{\"@context\":\"https:\\\/\\\/schema.org\",\"@graph\":[{\"@type\":\"Article\",\"@id\":\"https:\\\/\\\/continuamosmx.com\\\/index.php\\\/2026\\\/04\\\/30\\\/nadadora-izcallense-logra-cuatro-podios-en-competencia-internacional-en-paises-bajos\\\/#article\",\"isPartOf\":{\"@id\":\"https:\\\/\\\/continuamosmx.com\\\/index.php\\\/2026\\\/04\\\/30\\\/nadadora-izcallense-logra-cuatro-podios-en-competencia-internacional-en-paises-bajos\\\/\"},\"author\":{\"name\":\"Continuamos MX\",\"@id\":\"https:\\\/\\\/continuamosmx.com\\\/#\\\/schema\\\/person\\\/5eb5356acb1fad784da407d14f0e8d89\"},\"headline\":\"NADADORA IZCALLENSE LOGRA CUATRO PODIOS EN COMPETENCIA INTERNACIONAL EN PA\u00cdSES BAJOS\",\"datePublished\":\"2026-04-30T22:52:54+00:00\",\"mainEntityOfPage\":{\"@id\":\"https:\\\/\\\/continuamosmx.com\\\/index.php\\\/2026\\\/04\\\/30\\\/nadadora-izcallense-logra-cuatro-podios-en-competencia-internacional-en-paises-bajos\\\/\"},\"wordCount\":179,\"publisher\":{\"@id\":\"https:\\\/\\\/continuamosmx.com\\\/#organization\"},\"image\":{\"@id\":\"https:\\\/\\\/continuamosmx.com\\\/index.php\\\/2026\\\/04\\\/30\\\/nadadora-izcallense-logra-cuatro-podios-en-competencia-internacional-en-paises-bajos\\\/#primaryimage\"},\"thumbnailUrl\":\"https:\\\/\\\/continuamosmx.com\\\/wp-content\\\/uploads\\\/2026\\\/04\\\/WhatsApp-Image-2026-04-30-at-4.23.03-PM-2.jpeg\",\"articleSection\":[\"C. IZCALLI\",\"LOCALES\"],\"inLanguage\":\"es\"},{\"@type\":\"WebPage\",\"@id\":\"https:\\\/\\\/continuamosmx.com\\\/index.php\\\/2026\\\/04\\\/30\\\/nadadora-izcallense-logra-cuatro-podios-en-competencia-internacional-en-paises-bajos\\\/\",\"url\":\"https:\\\/\\\/continuamosmx.com\\\/index.php\\\/2026\\\/04\\\/30\\\/nadadora-izcallense-logra-cuatro-podios-en-competencia-internacional-en-paises-bajos\\\/\",\"name\":\"NADADORA IZCALLENSE LOGRA CUATRO PODIOS EN COMPETENCIA INTERNACIONAL EN PA\u00cdSES BAJOS -\",\"isPartOf\":{\"@id\":\"https:\\\/\\\/continuamosmx.com\\\/#website\"},\"primaryImageOfPage\":{\"@id\":\"https:\\\/\\\/continuamosmx.com\\\/index.php\\\/2026\\\/04\\\/30\\\/nadadora-izcallense-logra-cuatro-podios-en-competencia-internacional-en-paises-bajos\\\/#primaryimage\"},\"image\":{\"@id\":\"https:\\\/\\\/continuamosmx.com\\\/index.php\\\/2026\\\/04\\\/30\\\/nadadora-izcallense-logra-cuatro-podios-en-competencia-internacional-en-paises-bajos\\\/#primaryimage\"},\"thumbnailUrl\":\"https:\\\/\\\/continuamosmx.com\\\/wp-content\\\/uploads\\\/2026\\\/04\\\/WhatsApp-Image-2026-04-30-at-4.23.03-PM-2.jpeg\",\"datePublished\":\"2026-04-30T22:52:54+00:00\",\"breadcrumb\":{\"@id\":\"https:\\\/\\\/continuamosmx.com\\\/index.php\\\/2026\\\/04\\\/30\\\/nadadora-izcallense-logra-cuatro-podios-en-competencia-internacional-en-paises-bajos\\\/#breadcrumb\"},\"inLanguage\":\"es\",\"potentialAction\":[{\"@type\":\"ReadAction\",\"target\":[\"https:\\\/\\\/continuamosmx.com\\\/index.php\\\/2026\\\/04\\\/30\\\/nadadora-izcallense-logra-cuatro-podios-en-competencia-internacional-en-paises-bajos\\\/\"]}]},{\"@type\":\"ImageObject\",\"inLanguage\":\"es\",\"@id\":\"https:\\\/\\\/continuamosmx.com\\\/index.php\\\/2026\\\/04\\\/30\\\/nadadora-izcallense-logra-cuatro-podios-en-competencia-internacional-en-paises-bajos\\\/#primaryimage\",\"url\":\"https:\\\/\\\/continuamosmx.com\\\/wp-content\\\/uploads\\\/2026\\\/04\\\/WhatsApp-Image-2026-04-30-at-4.23.03-PM-2.jpeg\",\"contentUrl\":\"https:\\\/\\\/continuamosmx.com\\\/wp-content\\\/uploads\\\/2026\\\/04\\\/WhatsApp-Image-2026-04-30-at-4.23.03-PM-2.jpeg\",\"width\":957,\"height\":963},{\"@type\":\"BreadcrumbList\",\"@id\":\"https:\\\/\\\/continuamosmx.com\\\/index.php\\\/2026\\\/04\\\/30\\\/nadadora-izcallense-logra-cuatro-podios-en-competencia-internacional-en-paises-bajos\\\/#breadcrumb\",\"itemListElement\":[{\"@type\":\"ListItem\",\"position\":1,\"name\":\"Inicio\",\"item\":\"https:\\\/\\\/continuamosmx.com\\\/\"},{\"@type\":\"ListItem\",\"position\":2,\"name\":\"NADADORA IZCALLENSE LOGRA CUATRO PODIOS EN COMPETENCIA INTERNACIONAL EN PA\u00cdSES BAJOS\"}]},{\"@type\":\"WebSite\",\"@id\":\"https:\\\/\\\/continuamosmx.com\\\/#website\",\"url\":\"https:\\\/\\\/continuamosmx.com\\\/\",\"name\":\"www.continuamosmx.com\",\"description\":\"\",\"publisher\":{\"@id\":\"https:\\\/\\\/continuamosmx.com\\\/#organization\"},\"potentialAction\":[{\"@type\":\"SearchAction\",\"target\":{\"@type\":\"EntryPoint\",\"urlTemplate\":\"https:\\\/\\\/continuamosmx.com\\\/?s={search_term_string}\"},\"query-input\":{\"@type\":\"PropertyValueSpecification\",\"valueRequired\":true,\"valueName\":\"search_term_string\"}}],\"inLanguage\":\"es\"},{\"@type\":\"Organization\",\"@id\":\"https:\\\/\\\/continuamosmx.com\\\/#organization\",\"name\":\"ContinuamosMX\",\"url\":\"https:\\\/\\\/continuamosmx.com\\\/\",\"logo\":{\"@type\":\"ImageObject\",\"inLanguage\":\"es\",\"@id\":\"https:\\\/\\\/continuamosmx.com\\\/#\\\/schema\\\/logo\\\/image\\\/\",\"url\":\"https:\\\/\\\/continuamosmx.com\\\/wp-content\\\/uploads\\\/2023\\\/04\\\/cropped-LOGO-CONTI-NUEVO.png\",\"contentUrl\":\"https:\\\/\\\/continuamosmx.com\\\/wp-content\\\/uploads\\\/2023\\\/04\\\/cropped-LOGO-CONTI-NUEVO.png\",\"width\":1257,\"height\":430,\"caption\":\"ContinuamosMX\"},\"image\":{\"@id\":\"https:\\\/\\\/continuamosmx.com\\\/#\\\/schema\\\/logo\\\/image\\\/\"}},{\"@type\":\"Person\",\"@id\":\"https:\\\/\\\/continuamosmx.com\\\/#\\\/schema\\\/person\\\/5eb5356acb1fad784da407d14f0e8d89\",\"name\":\"Continuamos MX\",\"image\":{\"@type\":\"ImageObject\",\"inLanguage\":\"es\",\"@id\":\"https:\\\/\\\/secure.gravatar.com\\\/avatar\\\/30d4f9723476a15f4da34d35fb3501f08d2357016c76051c6a85c354c7489589?s=96&d=mm&r=g\",\"url\":\"https:\\\/\\\/secure.gravatar.com\\\/avatar\\\/30d4f9723476a15f4da34d35fb3501f08d2357016c76051c6a85c354c7489589?s=96&d=mm&r=g\",\"contentUrl\":\"https:\\\/\\\/secure.gravatar.com\\\/avatar\\\/30d4f9723476a15f4da34d35fb3501f08d2357016c76051c6a85c354c7489589?s=96&d=mm&r=g\",\"caption\":\"Continuamos MX\"},\"sameAs\":[\"http:\\\/\\\/www.continuamos.mx\"],\"url\":\"https:\\\/\\\/continuamosmx.com\\\/index.php\\\/author\\\/continuamos\\\/\"}]}<\/script>\n<!-- \/ Yoast SEO plugin. -->","yoast_head_json":{"title":"NADADORA IZCALLENSE LOGRA CUATRO PODIOS EN COMPETENCIA INTERNACIONAL EN PA\u00cdSES BAJOS -","robots":{"index":"index","follow":"follow","max-snippet":"max-snippet:-1","max-image-preview":"max-image-preview:large","max-video-preview":"max-video-preview:-1"},"canonical":"https:\/\/continuamosmx.com\/index.php\/2026\/04\/30\/nadadora-izcallense-logra-cuatro-podios-en-competencia-internacional-en-paises-bajos\/","og_locale":"es_ES","og_type":"article","og_title":"NADADORA IZCALLENSE LOGRA CUATRO PODIOS EN COMPETENCIA INTERNACIONAL EN PA\u00cdSES BAJOS -","og_description":"*Sonora Monroy Arana destaca en el Campeonato Internacional de Nataci\u00f3n 2026 CSIT tras su formaci\u00f3n en el INMUDECI Cuautitl\u00e1n, Edom\u00e9x.- La atleta Sonora Monroy Arana, integrante del \u00abEquipo Pira\u00f1as\u00bb del Instituto Municipal del Deporte de Cuautitl\u00e1n Izcalli (INMUDECI), ha consolidado una participaci\u00f3n hist\u00f3rica en el Campeonato Internacional de Nataci\u00f3n 2026 CSIT, celebrado en la ciudad [&hellip;]","og_url":"https:\/\/continuamosmx.com\/index.php\/2026\/04\/30\/nadadora-izcallense-logra-cuatro-podios-en-competencia-internacional-en-paises-bajos\/","article_published_time":"2026-04-30T22:52:54+00:00","og_image":[{"width":957,"height":963,"url":"https:\/\/continuamosmx.com\/wp-content\/uploads\/2026\/04\/WhatsApp-Image-2026-04-30-at-4.23.03-PM-2.jpeg","type":"image\/jpeg"}],"author":"Continuamos MX","twitter_card":"summary_large_image","twitter_misc":{"Escrito por":"Continuamos MX","Tiempo de lectura":"1 minuto"},"schema":{"@context":"https:\/\/schema.org","@graph":[{"@type":"Article","@id":"https:\/\/continuamosmx.com\/index.php\/2026\/04\/30\/nadadora-izcallense-logra-cuatro-podios-en-competencia-internacional-en-paises-bajos\/#article","isPartOf":{"@id":"https:\/\/continuamosmx.com\/index.php\/2026\/04\/30\/nadadora-izcallense-logra-cuatro-podios-en-competencia-internacional-en-paises-bajos\/"},"author":{"name":"Continuamos MX","@id":"https:\/\/continuamosmx.com\/#\/schema\/person\/5eb5356acb1fad784da407d14f0e8d89"},"headline":"NADADORA IZCALLENSE LOGRA CUATRO PODIOS EN COMPETENCIA INTERNACIONAL EN PA\u00cdSES BAJOS","datePublished":"2026-04-30T22:52:54+00:00","mainEntityOfPage":{"@id":"https:\/\/continuamosmx.com\/index.php\/2026\/04\/30\/nadadora-izcallense-logra-cuatro-podios-en-competencia-internacional-en-paises-bajos\/"},"wordCount":179,"publisher":{"@id":"https:\/\/continuamosmx.com\/#organization"},"image":{"@id":"https:\/\/continuamosmx.com\/index.php\/2026\/04\/30\/nadadora-izcallense-logra-cuatro-podios-en-competencia-internacional-en-paises-bajos\/#primaryimage"},"thumbnailUrl":"https:\/\/continuamosmx.com\/wp-content\/uploads\/2026\/04\/WhatsApp-Image-2026-04-30-at-4.23.03-PM-2.jpeg","articleSection":["C. IZCALLI","LOCALES"],"inLanguage":"es"},{"@type":"WebPage","@id":"https:\/\/continuamosmx.com\/index.php\/2026\/04\/30\/nadadora-izcallense-logra-cuatro-podios-en-competencia-internacional-en-paises-bajos\/","url":"https:\/\/continuamosmx.com\/index.php\/2026\/04\/30\/nadadora-izcallense-logra-cuatro-podios-en-competencia-internacional-en-paises-bajos\/","name":"NADADORA IZCALLENSE LOGRA CUATRO PODIOS EN COMPETENCIA INTERNACIONAL EN PA\u00cdSES BAJOS -","isPartOf":{"@id":"https:\/\/continuamosmx.com\/#website"},"primaryImageOfPage":{"@id":"https:\/\/continuamosmx.com\/index.php\/2026\/04\/30\/nadadora-izcallense-logra-cuatro-podios-en-competencia-internacional-en-paises-bajos\/#primaryimage"},"image":{"@id":"https:\/\/continuamosmx.com\/index.php\/2026\/04\/30\/nadadora-izcallense-logra-cuatro-podios-en-competencia-internacional-en-paises-bajos\/#primaryimage"},"thumbnailUrl":"https:\/\/continuamosmx.com\/wp-content\/uploads\/2026\/04\/WhatsApp-Image-2026-04-30-at-4.23.03-PM-2.jpeg","datePublished":"2026-04-30T22:52:54+00:00","breadcrumb":{"@id":"https:\/\/continuamosmx.com\/index.php\/2026\/04\/30\/nadadora-izcallense-logra-cuatro-podios-en-competencia-internacional-en-paises-bajos\/#breadcrumb"},"inLanguage":"es","potentialAction":[{"@type":"ReadAction","target":["https:\/\/continuamosmx.com\/index.php\/2026\/04\/30\/nadadora-izcallense-logra-cuatro-podios-en-competencia-internacional-en-paises-bajos\/"]}]},{"@type":"ImageObject","inLanguage":"es","@id":"https:\/\/continuamosmx.com\/index.php\/2026\/04\/30\/nadadora-izcallense-logra-cuatro-podios-en-competencia-internacional-en-paises-bajos\/#primaryimage","url":"https:\/\/continuamosmx.com\/wp-content\/uploads\/2026\/04\/WhatsApp-Image-2026-04-30-at-4.23.03-PM-2.jpeg","contentUrl":"https:\/\/continuamosmx.com\/wp-content\/uploads\/2026\/04\/WhatsApp-Image-2026-04-30-at-4.23.03-PM-2.jpeg","width":957,"height":963},{"@type":"BreadcrumbList","@id":"https:\/\/continuamosmx.com\/index.php\/2026\/04\/30\/nadadora-izcallense-logra-cuatro-podios-en-competencia-internacional-en-paises-bajos\/#breadcrumb","itemListElement":[{"@type":"ListItem","position":1,"name":"Inicio","item":"https:\/\/continuamosmx.com\/"},{"@type":"ListItem","position":2,"name":"NADADORA IZCALLENSE LOGRA CUATRO PODIOS EN COMPETENCIA INTERNACIONAL EN PA\u00cdSES BAJOS"}]},{"@type":"WebSite","@id":"https:\/\/continuamosmx.com\/#website","url":"https:\/\/continuamosmx.com\/","name":"www.continuamosmx.com","description":"","publisher":{"@id":"https:\/\/continuamosmx.com\/#organization"},"potentialAction":[{"@type":"SearchAction","target":{"@type":"EntryPoint","urlTemplate":"https:\/\/continuamosmx.com\/?s={search_term_string}"},"query-input":{"@type":"PropertyValueSpecification","valueRequired":true,"valueName":"search_term_string"}}],"inLanguage":"es"},{"@type":"Organization","@id":"https:\/\/continuamosmx.com\/#organization","name":"ContinuamosMX","url":"https:\/\/continuamosmx.com\/","logo":{"@type":"ImageObject","inLanguage":"es","@id":"https:\/\/continuamosmx.com\/#\/schema\/logo\/image\/","url":"https:\/\/continuamosmx.com\/wp-content\/uploads\/2023\/04\/cropped-LOGO-CONTI-NUEVO.png","contentUrl":"https:\/\/continuamosmx.com\/wp-content\/uploads\/2023\/04\/cropped-LOGO-CONTI-NUEVO.png","width":1257,"height":430,"caption":"ContinuamosMX"},"image":{"@id":"https:\/\/continuamosmx.com\/#\/schema\/logo\/image\/"}},{"@type":"Person","@id":"https:\/\/continuamosmx.com\/#\/schema\/person\/5eb5356acb1fad784da407d14f0e8d89","name":"Continuamos MX","image":{"@type":"ImageObject","inLanguage":"es","@id":"https:\/\/secure.gravatar.com\/avatar\/30d4f9723476a15f4da34d35fb3501f08d2357016c76051c6a85c354c7489589?s=96&d=mm&r=g","url":"https:\/\/secure.gravatar.com\/avatar\/30d4f9723476a15f4da34d35fb3501f08d2357016c76051c6a85c354c7489589?s=96&d=mm&r=g","contentUrl":"https:\/\/secure.gravatar.com\/avatar\/30d4f9723476a15f4da34d35fb3501f08d2357016c76051c6a85c354c7489589?s=96&d=mm&r=g","caption":"Continuamos MX"},"sameAs":["http:\/\/www.continuamos.mx"],"url":"https:\/\/continuamosmx.com\/index.php\/author\/continuamos\/"}]}},"_links":{"self":[{"href":"https:\/\/continuamosmx.com\/index.php\/wp-json\/wp\/v2\/posts\/54738","targetHints":{"allow":["GET"]}}],"collection":[{"href":"https:\/\/continuamosmx.com\/index.php\/wp-json\/wp\/v2\/posts"}],"about":[{"href":"https:\/\/continuamosmx.com\/index.php\/wp-json\/wp\/v2\/types\/post"}],"author":[{"embeddable":true,"href":"https:\/\/continuamosmx.com\/index.php\/wp-json\/wp\/v2\/users\/6"}],"replies":[{"embeddable":true,"href":"https:\/\/continuamosmx.com\/index.php\/wp-json\/wp\/v2\/comments?post=54738"}],"version-history":[{"count":1,"href":"https:\/\/continuamosmx.com\/index.php\/wp-json\/wp\/v2\/posts\/54738\/revisions"}],"predecessor-version":[{"id":54740,"href":"https:\/\/continuamosmx.com\/index.php\/wp-json\/wp\/v2\/posts\/54738\/revisions\/54740"}],"wp:featuredmedia":[{"embeddable":true,"href":"https:\/\/continuamosmx.com\/index.php\/wp-json\/wp\/v2\/media\/54739"}],"wp:attachment":[{"href":"https:\/\/continuamosmx.com\/index.php\/wp-json\/wp\/v2\/media?parent=54738"}],"wp:term":[{"taxonomy":"category","embeddable":true,"href":"https:\/\/continuamosmx.com\/index.php\/wp-json\/wp\/v2\/categories?post=54738"},{"taxonomy":"post_tag","embeddable":true,"href":"https:\/\/continuamosmx.com\/index.php\/wp-json\/wp\/v2\/tags?post=54738"}],"curies":[{"name":"wp","href":"https:\/\/api.w.org\/{rel}","templated":true}]}}