{"id":54731,"date":"2026-04-29T19:08:04","date_gmt":"2026-04-30T01:08:04","guid":{"rendered":"https:\/\/continuamosmx.com\/?p=54731"},"modified":"2026-04-29T19:08:05","modified_gmt":"2026-04-30T01:08:05","slug":"gobierno-de-huixquilucan-presenta-convocatoria-para-el-programa-tarjeta-joven-2026","status":"publish","type":"post","link":"https:\/\/continuamosmx.com\/index.php\/2026\/04\/29\/gobierno-de-huixquilucan-presenta-convocatoria-para-el-programa-tarjeta-joven-2026\/","title":{"rendered":"GOBIERNO DE HUIXQUILUCAN PRESENTA CONVOCATORIA PARA EL PROGRAMA TARJETA JOVEN 2026"},"content":{"rendered":"\n<h3 class=\"wp-block-heading\">*<strong>La iniciativa busca otorgar un respaldo econ\u00f3mico directo a los estudiantes para facilitar la continuidad de su formaci\u00f3n acad\u00e9mica.<\/strong><\/h3>\n\n\n\n<p>Huixquilucan, Edom\u00e9x.- El Gobierno Municipal de Huixquilucan, encabezado por la presidenta Romina Contreras, anunci\u00f3 el inicio del proceso de inscripci\u00f3n para el programa de apoyo social denominado Tarjeta Joven 2026. Esta pol\u00edtica p\u00fablica est\u00e1 dise\u00f1ada espec\u00edficamente para los habitantes de entre 12 y 29 a\u00f1os que se encuentren cursando sus estudios y requieran un incentivo econ\u00f3mico para cubrir gastos relacionados con su preparaci\u00f3n profesional o t\u00e9cnica.<\/p>\n\n\n\n<p>De acuerdo con la informaci\u00f3n oficial, el objetivo central de esta convocatoria es reducir la deserci\u00f3n escolar y fomentar el desarrollo integral de la juventud local. Los aspirantes podr\u00e1n realizar su registro cumpliendo con los requisitos de residencia y escolaridad establecidos por la administraci\u00f3n. La administraci\u00f3n municipal subray\u00f3 la importancia de este programa como una herramienta de movilidad social, invitando a los interesados a consultar las bases completas a trav\u00e9s del portal institucional oficial del ayuntamiento para formalizar su solicitud de ingreso a este beneficio.<\/p>\n","protected":false},"excerpt":{"rendered":"<p>*La iniciativa busca otorgar un respaldo econ\u00f3mico directo a los estudiantes para facilitar la continuidad de su formaci\u00f3n acad\u00e9mica. Huixquilucan, Edom\u00e9x.- El Gobierno Municipal de Huixquilucan, encabezado por la presidenta Romina Contreras, anunci\u00f3 el inicio del proceso de inscripci\u00f3n para el programa de apoyo social denominado Tarjeta Joven 2026. Esta pol\u00edtica p\u00fablica est\u00e1 dise\u00f1ada espec\u00edficamente [&hellip;]<\/p>\n","protected":false},"author":6,"featured_media":54732,"comment_status":"closed","ping_status":"closed","sticky":false,"template":"","format":"standard","meta":{"footnotes":""},"categories":[5,4],"tags":[],"class_list":["post-54731","post","type-post","status-publish","format-standard","has-post-thumbnail","hentry","category-huixquilucan","category-locales"],"yoast_head":"<!-- This site is optimized with the Yoast SEO plugin v27.5 - https:\/\/yoast.com\/product\/yoast-seo-wordpress\/ -->\n<title>GOBIERNO DE HUIXQUILUCAN PRESENTA CONVOCATORIA PARA EL PROGRAMA TARJETA JOVEN 2026 -<\/title>\n<meta name=\"robots\" content=\"index, follow, max-snippet:-1, max-image-preview:large, max-video-preview:-1\" \/>\n<link rel=\"canonical\" href=\"https:\/\/continuamosmx.com\/index.php\/2026\/04\/29\/gobierno-de-huixquilucan-presenta-convocatoria-para-el-programa-tarjeta-joven-2026\/\" \/>\n<meta property=\"og:locale\" content=\"es_ES\" \/>\n<meta property=\"og:type\" content=\"article\" \/>\n<meta property=\"og:title\" content=\"GOBIERNO DE HUIXQUILUCAN PRESENTA CONVOCATORIA PARA EL PROGRAMA TARJETA JOVEN 2026 -\" \/>\n<meta property=\"og:description\" content=\"*La iniciativa busca otorgar un respaldo econ\u00f3mico directo a los estudiantes para facilitar la continuidad de su formaci\u00f3n acad\u00e9mica. Huixquilucan, Edom\u00e9x.- El Gobierno Municipal de Huixquilucan, encabezado por la presidenta Romina Contreras, anunci\u00f3 el inicio del proceso de inscripci\u00f3n para el programa de apoyo social denominado Tarjeta Joven 2026. Esta pol\u00edtica p\u00fablica est\u00e1 dise\u00f1ada espec\u00edficamente [&hellip;]\" \/>\n<meta property=\"og:url\" content=\"https:\/\/continuamosmx.com\/index.php\/2026\/04\/29\/gobierno-de-huixquilucan-presenta-convocatoria-para-el-programa-tarjeta-joven-2026\/\" \/>\n<meta property=\"article:published_time\" content=\"2026-04-30T01:08:04+00:00\" \/>\n<meta property=\"article:modified_time\" content=\"2026-04-30T01:08:05+00:00\" \/>\n<meta property=\"og:image\" content=\"https:\/\/continuamosmx.com\/wp-content\/uploads\/2026\/04\/tarjeta.jpg\" \/>\n\t<meta property=\"og:image:width\" content=\"1280\" \/>\n\t<meta property=\"og:image:height\" content=\"1600\" \/>\n\t<meta property=\"og:image:type\" content=\"image\/jpeg\" \/>\n<meta name=\"author\" content=\"Continuamos MX\" \/>\n<meta name=\"twitter:card\" content=\"summary_large_image\" \/>\n<meta name=\"twitter:label1\" content=\"Escrito por\" \/>\n\t<meta name=\"twitter:data1\" content=\"Continuamos MX\" \/>\n\t<meta name=\"twitter:label2\" content=\"Tiempo de lectura\" \/>\n\t<meta name=\"twitter:data2\" content=\"1 minuto\" \/>\n<script type=\"application\/ld+json\" class=\"yoast-schema-graph\">{\"@context\":\"https:\\\/\\\/schema.org\",\"@graph\":[{\"@type\":\"Article\",\"@id\":\"https:\\\/\\\/continuamosmx.com\\\/index.php\\\/2026\\\/04\\\/29\\\/gobierno-de-huixquilucan-presenta-convocatoria-para-el-programa-tarjeta-joven-2026\\\/#article\",\"isPartOf\":{\"@id\":\"https:\\\/\\\/continuamosmx.com\\\/index.php\\\/2026\\\/04\\\/29\\\/gobierno-de-huixquilucan-presenta-convocatoria-para-el-programa-tarjeta-joven-2026\\\/\"},\"author\":{\"name\":\"Continuamos MX\",\"@id\":\"https:\\\/\\\/continuamosmx.com\\\/#\\\/schema\\\/person\\\/5eb5356acb1fad784da407d14f0e8d89\"},\"headline\":\"GOBIERNO DE HUIXQUILUCAN PRESENTA CONVOCATORIA PARA EL PROGRAMA TARJETA JOVEN 2026\",\"datePublished\":\"2026-04-30T01:08:04+00:00\",\"dateModified\":\"2026-04-30T01:08:05+00:00\",\"mainEntityOfPage\":{\"@id\":\"https:\\\/\\\/continuamosmx.com\\\/index.php\\\/2026\\\/04\\\/29\\\/gobierno-de-huixquilucan-presenta-convocatoria-para-el-programa-tarjeta-joven-2026\\\/\"},\"wordCount\":197,\"publisher\":{\"@id\":\"https:\\\/\\\/continuamosmx.com\\\/#organization\"},\"image\":{\"@id\":\"https:\\\/\\\/continuamosmx.com\\\/index.php\\\/2026\\\/04\\\/29\\\/gobierno-de-huixquilucan-presenta-convocatoria-para-el-programa-tarjeta-joven-2026\\\/#primaryimage\"},\"thumbnailUrl\":\"https:\\\/\\\/continuamosmx.com\\\/wp-content\\\/uploads\\\/2026\\\/04\\\/tarjeta.jpg\",\"articleSection\":[\"HUIXQUILUCAN\",\"LOCALES\"],\"inLanguage\":\"es\"},{\"@type\":\"WebPage\",\"@id\":\"https:\\\/\\\/continuamosmx.com\\\/index.php\\\/2026\\\/04\\\/29\\\/gobierno-de-huixquilucan-presenta-convocatoria-para-el-programa-tarjeta-joven-2026\\\/\",\"url\":\"https:\\\/\\\/continuamosmx.com\\\/index.php\\\/2026\\\/04\\\/29\\\/gobierno-de-huixquilucan-presenta-convocatoria-para-el-programa-tarjeta-joven-2026\\\/\",\"name\":\"GOBIERNO DE HUIXQUILUCAN PRESENTA CONVOCATORIA PARA EL PROGRAMA TARJETA JOVEN 2026 -\",\"isPartOf\":{\"@id\":\"https:\\\/\\\/continuamosmx.com\\\/#website\"},\"primaryImageOfPage\":{\"@id\":\"https:\\\/\\\/continuamosmx.com\\\/index.php\\\/2026\\\/04\\\/29\\\/gobierno-de-huixquilucan-presenta-convocatoria-para-el-programa-tarjeta-joven-2026\\\/#primaryimage\"},\"image\":{\"@id\":\"https:\\\/\\\/continuamosmx.com\\\/index.php\\\/2026\\\/04\\\/29\\\/gobierno-de-huixquilucan-presenta-convocatoria-para-el-programa-tarjeta-joven-2026\\\/#primaryimage\"},\"thumbnailUrl\":\"https:\\\/\\\/continuamosmx.com\\\/wp-content\\\/uploads\\\/2026\\\/04\\\/tarjeta.jpg\",\"datePublished\":\"2026-04-30T01:08:04+00:00\",\"dateModified\":\"2026-04-30T01:08:05+00:00\",\"breadcrumb\":{\"@id\":\"https:\\\/\\\/continuamosmx.com\\\/index.php\\\/2026\\\/04\\\/29\\\/gobierno-de-huixquilucan-presenta-convocatoria-para-el-programa-tarjeta-joven-2026\\\/#breadcrumb\"},\"inLanguage\":\"es\",\"potentialAction\":[{\"@type\":\"ReadAction\",\"target\":[\"https:\\\/\\\/continuamosmx.com\\\/index.php\\\/2026\\\/04\\\/29\\\/gobierno-de-huixquilucan-presenta-convocatoria-para-el-programa-tarjeta-joven-2026\\\/\"]}]},{\"@type\":\"ImageObject\",\"inLanguage\":\"es\",\"@id\":\"https:\\\/\\\/continuamosmx.com\\\/index.php\\\/2026\\\/04\\\/29\\\/gobierno-de-huixquilucan-presenta-convocatoria-para-el-programa-tarjeta-joven-2026\\\/#primaryimage\",\"url\":\"https:\\\/\\\/continuamosmx.com\\\/wp-content\\\/uploads\\\/2026\\\/04\\\/tarjeta.jpg\",\"contentUrl\":\"https:\\\/\\\/continuamosmx.com\\\/wp-content\\\/uploads\\\/2026\\\/04\\\/tarjeta.jpg\",\"width\":1280,\"height\":1600},{\"@type\":\"BreadcrumbList\",\"@id\":\"https:\\\/\\\/continuamosmx.com\\\/index.php\\\/2026\\\/04\\\/29\\\/gobierno-de-huixquilucan-presenta-convocatoria-para-el-programa-tarjeta-joven-2026\\\/#breadcrumb\",\"itemListElement\":[{\"@type\":\"ListItem\",\"position\":1,\"name\":\"Inicio\",\"item\":\"https:\\\/\\\/continuamosmx.com\\\/\"},{\"@type\":\"ListItem\",\"position\":2,\"name\":\"GOBIERNO DE HUIXQUILUCAN PRESENTA CONVOCATORIA PARA EL PROGRAMA TARJETA JOVEN 2026\"}]},{\"@type\":\"WebSite\",\"@id\":\"https:\\\/\\\/continuamosmx.com\\\/#website\",\"url\":\"https:\\\/\\\/continuamosmx.com\\\/\",\"name\":\"www.continuamosmx.com\",\"description\":\"\",\"publisher\":{\"@id\":\"https:\\\/\\\/continuamosmx.com\\\/#organization\"},\"potentialAction\":[{\"@type\":\"SearchAction\",\"target\":{\"@type\":\"EntryPoint\",\"urlTemplate\":\"https:\\\/\\\/continuamosmx.com\\\/?s={search_term_string}\"},\"query-input\":{\"@type\":\"PropertyValueSpecification\",\"valueRequired\":true,\"valueName\":\"search_term_string\"}}],\"inLanguage\":\"es\"},{\"@type\":\"Organization\",\"@id\":\"https:\\\/\\\/continuamosmx.com\\\/#organization\",\"name\":\"ContinuamosMX\",\"url\":\"https:\\\/\\\/continuamosmx.com\\\/\",\"logo\":{\"@type\":\"ImageObject\",\"inLanguage\":\"es\",\"@id\":\"https:\\\/\\\/continuamosmx.com\\\/#\\\/schema\\\/logo\\\/image\\\/\",\"url\":\"https:\\\/\\\/continuamosmx.com\\\/wp-content\\\/uploads\\\/2023\\\/04\\\/cropped-LOGO-CONTI-NUEVO.png\",\"contentUrl\":\"https:\\\/\\\/continuamosmx.com\\\/wp-content\\\/uploads\\\/2023\\\/04\\\/cropped-LOGO-CONTI-NUEVO.png\",\"width\":1257,\"height\":430,\"caption\":\"ContinuamosMX\"},\"image\":{\"@id\":\"https:\\\/\\\/continuamosmx.com\\\/#\\\/schema\\\/logo\\\/image\\\/\"}},{\"@type\":\"Person\",\"@id\":\"https:\\\/\\\/continuamosmx.com\\\/#\\\/schema\\\/person\\\/5eb5356acb1fad784da407d14f0e8d89\",\"name\":\"Continuamos MX\",\"image\":{\"@type\":\"ImageObject\",\"inLanguage\":\"es\",\"@id\":\"https:\\\/\\\/secure.gravatar.com\\\/avatar\\\/30d4f9723476a15f4da34d35fb3501f08d2357016c76051c6a85c354c7489589?s=96&d=mm&r=g\",\"url\":\"https:\\\/\\\/secure.gravatar.com\\\/avatar\\\/30d4f9723476a15f4da34d35fb3501f08d2357016c76051c6a85c354c7489589?s=96&d=mm&r=g\",\"contentUrl\":\"https:\\\/\\\/secure.gravatar.com\\\/avatar\\\/30d4f9723476a15f4da34d35fb3501f08d2357016c76051c6a85c354c7489589?s=96&d=mm&r=g\",\"caption\":\"Continuamos MX\"},\"sameAs\":[\"http:\\\/\\\/www.continuamos.mx\"],\"url\":\"https:\\\/\\\/continuamosmx.com\\\/index.php\\\/author\\\/continuamos\\\/\"}]}<\/script>\n<!-- \/ Yoast SEO plugin. -->","yoast_head_json":{"title":"GOBIERNO DE HUIXQUILUCAN PRESENTA CONVOCATORIA PARA EL PROGRAMA TARJETA JOVEN 2026 -","robots":{"index":"index","follow":"follow","max-snippet":"max-snippet:-1","max-image-preview":"max-image-preview:large","max-video-preview":"max-video-preview:-1"},"canonical":"https:\/\/continuamosmx.com\/index.php\/2026\/04\/29\/gobierno-de-huixquilucan-presenta-convocatoria-para-el-programa-tarjeta-joven-2026\/","og_locale":"es_ES","og_type":"article","og_title":"GOBIERNO DE HUIXQUILUCAN PRESENTA CONVOCATORIA PARA EL PROGRAMA TARJETA JOVEN 2026 -","og_description":"*La iniciativa busca otorgar un respaldo econ\u00f3mico directo a los estudiantes para facilitar la continuidad de su formaci\u00f3n acad\u00e9mica. Huixquilucan, Edom\u00e9x.- El Gobierno Municipal de Huixquilucan, encabezado por la presidenta Romina Contreras, anunci\u00f3 el inicio del proceso de inscripci\u00f3n para el programa de apoyo social denominado Tarjeta Joven 2026. Esta pol\u00edtica p\u00fablica est\u00e1 dise\u00f1ada espec\u00edficamente [&hellip;]","og_url":"https:\/\/continuamosmx.com\/index.php\/2026\/04\/29\/gobierno-de-huixquilucan-presenta-convocatoria-para-el-programa-tarjeta-joven-2026\/","article_published_time":"2026-04-30T01:08:04+00:00","article_modified_time":"2026-04-30T01:08:05+00:00","og_image":[{"width":1280,"height":1600,"url":"https:\/\/continuamosmx.com\/wp-content\/uploads\/2026\/04\/tarjeta.jpg","type":"image\/jpeg"}],"author":"Continuamos MX","twitter_card":"summary_large_image","twitter_misc":{"Escrito por":"Continuamos MX","Tiempo de lectura":"1 minuto"},"schema":{"@context":"https:\/\/schema.org","@graph":[{"@type":"Article","@id":"https:\/\/continuamosmx.com\/index.php\/2026\/04\/29\/gobierno-de-huixquilucan-presenta-convocatoria-para-el-programa-tarjeta-joven-2026\/#article","isPartOf":{"@id":"https:\/\/continuamosmx.com\/index.php\/2026\/04\/29\/gobierno-de-huixquilucan-presenta-convocatoria-para-el-programa-tarjeta-joven-2026\/"},"author":{"name":"Continuamos MX","@id":"https:\/\/continuamosmx.com\/#\/schema\/person\/5eb5356acb1fad784da407d14f0e8d89"},"headline":"GOBIERNO DE HUIXQUILUCAN PRESENTA CONVOCATORIA PARA EL PROGRAMA TARJETA JOVEN 2026","datePublished":"2026-04-30T01:08:04+00:00","dateModified":"2026-04-30T01:08:05+00:00","mainEntityOfPage":{"@id":"https:\/\/continuamosmx.com\/index.php\/2026\/04\/29\/gobierno-de-huixquilucan-presenta-convocatoria-para-el-programa-tarjeta-joven-2026\/"},"wordCount":197,"publisher":{"@id":"https:\/\/continuamosmx.com\/#organization"},"image":{"@id":"https:\/\/continuamosmx.com\/index.php\/2026\/04\/29\/gobierno-de-huixquilucan-presenta-convocatoria-para-el-programa-tarjeta-joven-2026\/#primaryimage"},"thumbnailUrl":"https:\/\/continuamosmx.com\/wp-content\/uploads\/2026\/04\/tarjeta.jpg","articleSection":["HUIXQUILUCAN","LOCALES"],"inLanguage":"es"},{"@type":"WebPage","@id":"https:\/\/continuamosmx.com\/index.php\/2026\/04\/29\/gobierno-de-huixquilucan-presenta-convocatoria-para-el-programa-tarjeta-joven-2026\/","url":"https:\/\/continuamosmx.com\/index.php\/2026\/04\/29\/gobierno-de-huixquilucan-presenta-convocatoria-para-el-programa-tarjeta-joven-2026\/","name":"GOBIERNO DE HUIXQUILUCAN PRESENTA CONVOCATORIA PARA EL PROGRAMA TARJETA JOVEN 2026 -","isPartOf":{"@id":"https:\/\/continuamosmx.com\/#website"},"primaryImageOfPage":{"@id":"https:\/\/continuamosmx.com\/index.php\/2026\/04\/29\/gobierno-de-huixquilucan-presenta-convocatoria-para-el-programa-tarjeta-joven-2026\/#primaryimage"},"image":{"@id":"https:\/\/continuamosmx.com\/index.php\/2026\/04\/29\/gobierno-de-huixquilucan-presenta-convocatoria-para-el-programa-tarjeta-joven-2026\/#primaryimage"},"thumbnailUrl":"https:\/\/continuamosmx.com\/wp-content\/uploads\/2026\/04\/tarjeta.jpg","datePublished":"2026-04-30T01:08:04+00:00","dateModified":"2026-04-30T01:08:05+00:00","breadcrumb":{"@id":"https:\/\/continuamosmx.com\/index.php\/2026\/04\/29\/gobierno-de-huixquilucan-presenta-convocatoria-para-el-programa-tarjeta-joven-2026\/#breadcrumb"},"inLanguage":"es","potentialAction":[{"@type":"ReadAction","target":["https:\/\/continuamosmx.com\/index.php\/2026\/04\/29\/gobierno-de-huixquilucan-presenta-convocatoria-para-el-programa-tarjeta-joven-2026\/"]}]},{"@type":"ImageObject","inLanguage":"es","@id":"https:\/\/continuamosmx.com\/index.php\/2026\/04\/29\/gobierno-de-huixquilucan-presenta-convocatoria-para-el-programa-tarjeta-joven-2026\/#primaryimage","url":"https:\/\/continuamosmx.com\/wp-content\/uploads\/2026\/04\/tarjeta.jpg","contentUrl":"https:\/\/continuamosmx.com\/wp-content\/uploads\/2026\/04\/tarjeta.jpg","width":1280,"height":1600},{"@type":"BreadcrumbList","@id":"https:\/\/continuamosmx.com\/index.php\/2026\/04\/29\/gobierno-de-huixquilucan-presenta-convocatoria-para-el-programa-tarjeta-joven-2026\/#breadcrumb","itemListElement":[{"@type":"ListItem","position":1,"name":"Inicio","item":"https:\/\/continuamosmx.com\/"},{"@type":"ListItem","position":2,"name":"GOBIERNO DE HUIXQUILUCAN PRESENTA CONVOCATORIA PARA EL PROGRAMA TARJETA JOVEN 2026"}]},{"@type":"WebSite","@id":"https:\/\/continuamosmx.com\/#website","url":"https:\/\/continuamosmx.com\/","name":"www.continuamosmx.com","description":"","publisher":{"@id":"https:\/\/continuamosmx.com\/#organization"},"potentialAction":[{"@type":"SearchAction","target":{"@type":"EntryPoint","urlTemplate":"https:\/\/continuamosmx.com\/?s={search_term_string}"},"query-input":{"@type":"PropertyValueSpecification","valueRequired":true,"valueName":"search_term_string"}}],"inLanguage":"es"},{"@type":"Organization","@id":"https:\/\/continuamosmx.com\/#organization","name":"ContinuamosMX","url":"https:\/\/continuamosmx.com\/","logo":{"@type":"ImageObject","inLanguage":"es","@id":"https:\/\/continuamosmx.com\/#\/schema\/logo\/image\/","url":"https:\/\/continuamosmx.com\/wp-content\/uploads\/2023\/04\/cropped-LOGO-CONTI-NUEVO.png","contentUrl":"https:\/\/continuamosmx.com\/wp-content\/uploads\/2023\/04\/cropped-LOGO-CONTI-NUEVO.png","width":1257,"height":430,"caption":"ContinuamosMX"},"image":{"@id":"https:\/\/continuamosmx.com\/#\/schema\/logo\/image\/"}},{"@type":"Person","@id":"https:\/\/continuamosmx.com\/#\/schema\/person\/5eb5356acb1fad784da407d14f0e8d89","name":"Continuamos MX","image":{"@type":"ImageObject","inLanguage":"es","@id":"https:\/\/secure.gravatar.com\/avatar\/30d4f9723476a15f4da34d35fb3501f08d2357016c76051c6a85c354c7489589?s=96&d=mm&r=g","url":"https:\/\/secure.gravatar.com\/avatar\/30d4f9723476a15f4da34d35fb3501f08d2357016c76051c6a85c354c7489589?s=96&d=mm&r=g","contentUrl":"https:\/\/secure.gravatar.com\/avatar\/30d4f9723476a15f4da34d35fb3501f08d2357016c76051c6a85c354c7489589?s=96&d=mm&r=g","caption":"Continuamos MX"},"sameAs":["http:\/\/www.continuamos.mx"],"url":"https:\/\/continuamosmx.com\/index.php\/author\/continuamos\/"}]}},"_links":{"self":[{"href":"https:\/\/continuamosmx.com\/index.php\/wp-json\/wp\/v2\/posts\/54731","targetHints":{"allow":["GET"]}}],"collection":[{"href":"https:\/\/continuamosmx.com\/index.php\/wp-json\/wp\/v2\/posts"}],"about":[{"href":"https:\/\/continuamosmx.com\/index.php\/wp-json\/wp\/v2\/types\/post"}],"author":[{"embeddable":true,"href":"https:\/\/continuamosmx.com\/index.php\/wp-json\/wp\/v2\/users\/6"}],"replies":[{"embeddable":true,"href":"https:\/\/continuamosmx.com\/index.php\/wp-json\/wp\/v2\/comments?post=54731"}],"version-history":[{"count":1,"href":"https:\/\/continuamosmx.com\/index.php\/wp-json\/wp\/v2\/posts\/54731\/revisions"}],"predecessor-version":[{"id":54733,"href":"https:\/\/continuamosmx.com\/index.php\/wp-json\/wp\/v2\/posts\/54731\/revisions\/54733"}],"wp:featuredmedia":[{"embeddable":true,"href":"https:\/\/continuamosmx.com\/index.php\/wp-json\/wp\/v2\/media\/54732"}],"wp:attachment":[{"href":"https:\/\/continuamosmx.com\/index.php\/wp-json\/wp\/v2\/media?parent=54731"}],"wp:term":[{"taxonomy":"category","embeddable":true,"href":"https:\/\/continuamosmx.com\/index.php\/wp-json\/wp\/v2\/categories?post=54731"},{"taxonomy":"post_tag","embeddable":true,"href":"https:\/\/continuamosmx.com\/index.php\/wp-json\/wp\/v2\/tags?post=54731"}],"curies":[{"name":"wp","href":"https:\/\/api.w.org\/{rel}","templated":true}]}}