{"id":54728,"date":"2026-04-29T18:58:48","date_gmt":"2026-04-30T00:58:48","guid":{"rendered":"https:\/\/continuamosmx.com\/?p=54728"},"modified":"2026-04-29T18:58:48","modified_gmt":"2026-04-30T00:58:48","slug":"isaac-montoya-celebra-a-la-ninez-de-san-francisco-chimalpa-e-izcalli-chamapa-con-el-festival-sonrisas-que-dejan-huella","status":"publish","type":"post","link":"https:\/\/continuamosmx.com\/index.php\/2026\/04\/29\/isaac-montoya-celebra-a-la-ninez-de-san-francisco-chimalpa-e-izcalli-chamapa-con-el-festival-sonrisas-que-dejan-huella\/","title":{"rendered":"ISAAC MONTOYA CELEBRA A LA NI\u00d1EZ DE SAN FRANCISCO CHIMALPA E IZCALLI CHAMAPA CON EL FESTIVAL \u00abSONRISAS QUE DEJAN HUELLA\u00bb"},"content":{"rendered":"\n<h3 class=\"wp-block-heading\">*<strong>El Gobierno de Naucalpan anuncia obras de infraestructura social, repavimentaci\u00f3n y la creaci\u00f3n del primer parque p\u00fablico incluyente en la zona boscosa del municipio.<\/strong><\/h3>\n\n\n\n<p>Naucalpan de Ju\u00e1rez, M\u00e9x. \u2013 En el marco de las celebraciones por el D\u00eda Mundial del Ni\u00f1o, el Presidente Municipal, Isaac Montoya M\u00e1rquez, encabez\u00f3 el festival \u00abSonrisas que dejan Huella\u00bb, un evento que reuni\u00f3 a miles de familias en las comunidades de San Francisco Chimalpa e Izcalli Chamapa. La jornada, organizada por el Sistema Municipal DIF, tuvo como objetivo primordial fortalecer el tejido social y garantizar el derecho a la recreaci\u00f3n de los menores en zonas de atenci\u00f3n prioritaria.<\/p>\n\n\n\n<p>En San Francisco Chimalpa, ante m\u00e1s de mil asistentes, el alcalde anunci\u00f3 proyectos de alto impacto para la regi\u00f3n, destacando la creaci\u00f3n del primer parque p\u00fablico incluyente dise\u00f1ado para todas las edades. Asimismo, inform\u00f3 sobre el inicio de la repavimentaci\u00f3n en la carretera libre Naucalpan-Toluca, obra gestionada ante la Secretar\u00eda de Infraestructura, Comunicaciones y Transportes (SICT). Montoya M\u00e1rquez reafirm\u00f3 su compromiso con la identidad local mediante la futura construcci\u00f3n de una plaza p\u00fablica y un arco de bienvenida, adem\u00e1s de la protecci\u00f3n activa del \u00abbosque de agua\u00bb.<\/p>\n\n\n\n<p>Posteriormente, en el front\u00f3n de Izcalli Chamapa, el festival recibi\u00f3 a m\u00e1s de mil 500 personas, quienes disfrutaron de juegos mec\u00e1nicos gratuitos, espect\u00e1culos de la \u00abPatrulla de la Risa\u00bb y la entrega personalizada de juguetes. Durante su mensaje, el edil record\u00f3 sus inicios en la pol\u00edtica, agradeciendo la confianza de la ciudadan\u00eda y subrayando que su administraci\u00f3n trabaja de forma ininterrumpida en la recuperaci\u00f3n de espacios p\u00fablicos, canchas deportivas y parques para dejar un legado de bienestar a las futuras generaciones.<\/p>\n","protected":false},"excerpt":{"rendered":"<p>*El Gobierno de Naucalpan anuncia obras de infraestructura social, repavimentaci\u00f3n y la creaci\u00f3n del primer parque p\u00fablico incluyente en la zona boscosa del municipio. Naucalpan de Ju\u00e1rez, M\u00e9x. \u2013 En el marco de las celebraciones por el D\u00eda Mundial del Ni\u00f1o, el Presidente Municipal, Isaac Montoya M\u00e1rquez, encabez\u00f3 el festival \u00abSonrisas que dejan Huella\u00bb, un [&hellip;]<\/p>\n","protected":false},"author":6,"featured_media":54729,"comment_status":"closed","ping_status":"closed","sticky":false,"template":"","format":"standard","meta":{"footnotes":""},"categories":[4,64],"tags":[],"class_list":["post-54728","post","type-post","status-publish","format-standard","has-post-thumbnail","hentry","category-locales","category-naucalpan"],"yoast_head":"<!-- This site is optimized with the Yoast SEO plugin v27.5 - https:\/\/yoast.com\/product\/yoast-seo-wordpress\/ -->\n<title>ISAAC MONTOYA CELEBRA A LA NI\u00d1EZ DE SAN FRANCISCO CHIMALPA E IZCALLI CHAMAPA CON EL FESTIVAL &quot;SONRISAS QUE DEJAN HUELLA&quot; -<\/title>\n<meta name=\"robots\" content=\"index, follow, max-snippet:-1, max-image-preview:large, max-video-preview:-1\" \/>\n<link rel=\"canonical\" href=\"https:\/\/continuamosmx.com\/index.php\/2026\/04\/29\/isaac-montoya-celebra-a-la-ninez-de-san-francisco-chimalpa-e-izcalli-chamapa-con-el-festival-sonrisas-que-dejan-huella\/\" \/>\n<meta property=\"og:locale\" content=\"es_ES\" \/>\n<meta property=\"og:type\" content=\"article\" \/>\n<meta property=\"og:title\" content=\"ISAAC MONTOYA CELEBRA A LA NI\u00d1EZ DE SAN FRANCISCO CHIMALPA E IZCALLI CHAMAPA CON EL FESTIVAL &quot;SONRISAS QUE DEJAN HUELLA&quot; -\" \/>\n<meta property=\"og:description\" content=\"*El Gobierno de Naucalpan anuncia obras de infraestructura social, repavimentaci\u00f3n y la creaci\u00f3n del primer parque p\u00fablico incluyente en la zona boscosa del municipio. Naucalpan de Ju\u00e1rez, M\u00e9x. \u2013 En el marco de las celebraciones por el D\u00eda Mundial del Ni\u00f1o, el Presidente Municipal, Isaac Montoya M\u00e1rquez, encabez\u00f3 el festival \u00abSonrisas que dejan Huella\u00bb, un [&hellip;]\" \/>\n<meta property=\"og:url\" content=\"https:\/\/continuamosmx.com\/index.php\/2026\/04\/29\/isaac-montoya-celebra-a-la-ninez-de-san-francisco-chimalpa-e-izcalli-chamapa-con-el-festival-sonrisas-que-dejan-huella\/\" \/>\n<meta property=\"article:published_time\" content=\"2026-04-30T00:58:48+00:00\" \/>\n<meta property=\"og:image\" content=\"https:\/\/continuamosmx.com\/wp-content\/uploads\/2026\/04\/WhatsApp-Image-2026-04-29-at-3.47.32-PM.jpeg\" \/>\n\t<meta property=\"og:image:width\" content=\"1600\" \/>\n\t<meta property=\"og:image:height\" content=\"1068\" \/>\n\t<meta property=\"og:image:type\" content=\"image\/jpeg\" \/>\n<meta name=\"author\" content=\"Continuamos MX\" \/>\n<meta name=\"twitter:card\" content=\"summary_large_image\" \/>\n<meta name=\"twitter:label1\" content=\"Escrito por\" \/>\n\t<meta name=\"twitter:data1\" content=\"Continuamos MX\" \/>\n\t<meta name=\"twitter:label2\" content=\"Tiempo de lectura\" \/>\n\t<meta name=\"twitter:data2\" content=\"2 minutos\" \/>\n<script type=\"application\/ld+json\" class=\"yoast-schema-graph\">{\"@context\":\"https:\\\/\\\/schema.org\",\"@graph\":[{\"@type\":\"Article\",\"@id\":\"https:\\\/\\\/continuamosmx.com\\\/index.php\\\/2026\\\/04\\\/29\\\/isaac-montoya-celebra-a-la-ninez-de-san-francisco-chimalpa-e-izcalli-chamapa-con-el-festival-sonrisas-que-dejan-huella\\\/#article\",\"isPartOf\":{\"@id\":\"https:\\\/\\\/continuamosmx.com\\\/index.php\\\/2026\\\/04\\\/29\\\/isaac-montoya-celebra-a-la-ninez-de-san-francisco-chimalpa-e-izcalli-chamapa-con-el-festival-sonrisas-que-dejan-huella\\\/\"},\"author\":{\"name\":\"Continuamos MX\",\"@id\":\"https:\\\/\\\/continuamosmx.com\\\/#\\\/schema\\\/person\\\/5eb5356acb1fad784da407d14f0e8d89\"},\"headline\":\"ISAAC MONTOYA CELEBRA A LA NI\u00d1EZ DE SAN FRANCISCO CHIMALPA E IZCALLI CHAMAPA CON EL FESTIVAL \u00abSONRISAS QUE DEJAN HUELLA\u00bb\",\"datePublished\":\"2026-04-30T00:58:48+00:00\",\"mainEntityOfPage\":{\"@id\":\"https:\\\/\\\/continuamosmx.com\\\/index.php\\\/2026\\\/04\\\/29\\\/isaac-montoya-celebra-a-la-ninez-de-san-francisco-chimalpa-e-izcalli-chamapa-con-el-festival-sonrisas-que-dejan-huella\\\/\"},\"wordCount\":321,\"publisher\":{\"@id\":\"https:\\\/\\\/continuamosmx.com\\\/#organization\"},\"image\":{\"@id\":\"https:\\\/\\\/continuamosmx.com\\\/index.php\\\/2026\\\/04\\\/29\\\/isaac-montoya-celebra-a-la-ninez-de-san-francisco-chimalpa-e-izcalli-chamapa-con-el-festival-sonrisas-que-dejan-huella\\\/#primaryimage\"},\"thumbnailUrl\":\"https:\\\/\\\/continuamosmx.com\\\/wp-content\\\/uploads\\\/2026\\\/04\\\/WhatsApp-Image-2026-04-29-at-3.47.32-PM.jpeg\",\"articleSection\":[\"LOCALES\",\"NAUCALPAN\"],\"inLanguage\":\"es\"},{\"@type\":\"WebPage\",\"@id\":\"https:\\\/\\\/continuamosmx.com\\\/index.php\\\/2026\\\/04\\\/29\\\/isaac-montoya-celebra-a-la-ninez-de-san-francisco-chimalpa-e-izcalli-chamapa-con-el-festival-sonrisas-que-dejan-huella\\\/\",\"url\":\"https:\\\/\\\/continuamosmx.com\\\/index.php\\\/2026\\\/04\\\/29\\\/isaac-montoya-celebra-a-la-ninez-de-san-francisco-chimalpa-e-izcalli-chamapa-con-el-festival-sonrisas-que-dejan-huella\\\/\",\"name\":\"ISAAC MONTOYA CELEBRA A LA NI\u00d1EZ DE SAN FRANCISCO CHIMALPA E IZCALLI CHAMAPA CON EL FESTIVAL \\\"SONRISAS QUE DEJAN HUELLA\\\" -\",\"isPartOf\":{\"@id\":\"https:\\\/\\\/continuamosmx.com\\\/#website\"},\"primaryImageOfPage\":{\"@id\":\"https:\\\/\\\/continuamosmx.com\\\/index.php\\\/2026\\\/04\\\/29\\\/isaac-montoya-celebra-a-la-ninez-de-san-francisco-chimalpa-e-izcalli-chamapa-con-el-festival-sonrisas-que-dejan-huella\\\/#primaryimage\"},\"image\":{\"@id\":\"https:\\\/\\\/continuamosmx.com\\\/index.php\\\/2026\\\/04\\\/29\\\/isaac-montoya-celebra-a-la-ninez-de-san-francisco-chimalpa-e-izcalli-chamapa-con-el-festival-sonrisas-que-dejan-huella\\\/#primaryimage\"},\"thumbnailUrl\":\"https:\\\/\\\/continuamosmx.com\\\/wp-content\\\/uploads\\\/2026\\\/04\\\/WhatsApp-Image-2026-04-29-at-3.47.32-PM.jpeg\",\"datePublished\":\"2026-04-30T00:58:48+00:00\",\"breadcrumb\":{\"@id\":\"https:\\\/\\\/continuamosmx.com\\\/index.php\\\/2026\\\/04\\\/29\\\/isaac-montoya-celebra-a-la-ninez-de-san-francisco-chimalpa-e-izcalli-chamapa-con-el-festival-sonrisas-que-dejan-huella\\\/#breadcrumb\"},\"inLanguage\":\"es\",\"potentialAction\":[{\"@type\":\"ReadAction\",\"target\":[\"https:\\\/\\\/continuamosmx.com\\\/index.php\\\/2026\\\/04\\\/29\\\/isaac-montoya-celebra-a-la-ninez-de-san-francisco-chimalpa-e-izcalli-chamapa-con-el-festival-sonrisas-que-dejan-huella\\\/\"]}]},{\"@type\":\"ImageObject\",\"inLanguage\":\"es\",\"@id\":\"https:\\\/\\\/continuamosmx.com\\\/index.php\\\/2026\\\/04\\\/29\\\/isaac-montoya-celebra-a-la-ninez-de-san-francisco-chimalpa-e-izcalli-chamapa-con-el-festival-sonrisas-que-dejan-huella\\\/#primaryimage\",\"url\":\"https:\\\/\\\/continuamosmx.com\\\/wp-content\\\/uploads\\\/2026\\\/04\\\/WhatsApp-Image-2026-04-29-at-3.47.32-PM.jpeg\",\"contentUrl\":\"https:\\\/\\\/continuamosmx.com\\\/wp-content\\\/uploads\\\/2026\\\/04\\\/WhatsApp-Image-2026-04-29-at-3.47.32-PM.jpeg\",\"width\":1600,\"height\":1068},{\"@type\":\"BreadcrumbList\",\"@id\":\"https:\\\/\\\/continuamosmx.com\\\/index.php\\\/2026\\\/04\\\/29\\\/isaac-montoya-celebra-a-la-ninez-de-san-francisco-chimalpa-e-izcalli-chamapa-con-el-festival-sonrisas-que-dejan-huella\\\/#breadcrumb\",\"itemListElement\":[{\"@type\":\"ListItem\",\"position\":1,\"name\":\"Inicio\",\"item\":\"https:\\\/\\\/continuamosmx.com\\\/\"},{\"@type\":\"ListItem\",\"position\":2,\"name\":\"ISAAC MONTOYA CELEBRA A LA NI\u00d1EZ DE SAN FRANCISCO CHIMALPA E IZCALLI CHAMAPA CON EL FESTIVAL \u00abSONRISAS QUE DEJAN HUELLA\u00bb\"}]},{\"@type\":\"WebSite\",\"@id\":\"https:\\\/\\\/continuamosmx.com\\\/#website\",\"url\":\"https:\\\/\\\/continuamosmx.com\\\/\",\"name\":\"www.continuamosmx.com\",\"description\":\"\",\"publisher\":{\"@id\":\"https:\\\/\\\/continuamosmx.com\\\/#organization\"},\"potentialAction\":[{\"@type\":\"SearchAction\",\"target\":{\"@type\":\"EntryPoint\",\"urlTemplate\":\"https:\\\/\\\/continuamosmx.com\\\/?s={search_term_string}\"},\"query-input\":{\"@type\":\"PropertyValueSpecification\",\"valueRequired\":true,\"valueName\":\"search_term_string\"}}],\"inLanguage\":\"es\"},{\"@type\":\"Organization\",\"@id\":\"https:\\\/\\\/continuamosmx.com\\\/#organization\",\"name\":\"ContinuamosMX\",\"url\":\"https:\\\/\\\/continuamosmx.com\\\/\",\"logo\":{\"@type\":\"ImageObject\",\"inLanguage\":\"es\",\"@id\":\"https:\\\/\\\/continuamosmx.com\\\/#\\\/schema\\\/logo\\\/image\\\/\",\"url\":\"https:\\\/\\\/continuamosmx.com\\\/wp-content\\\/uploads\\\/2023\\\/04\\\/cropped-LOGO-CONTI-NUEVO.png\",\"contentUrl\":\"https:\\\/\\\/continuamosmx.com\\\/wp-content\\\/uploads\\\/2023\\\/04\\\/cropped-LOGO-CONTI-NUEVO.png\",\"width\":1257,\"height\":430,\"caption\":\"ContinuamosMX\"},\"image\":{\"@id\":\"https:\\\/\\\/continuamosmx.com\\\/#\\\/schema\\\/logo\\\/image\\\/\"}},{\"@type\":\"Person\",\"@id\":\"https:\\\/\\\/continuamosmx.com\\\/#\\\/schema\\\/person\\\/5eb5356acb1fad784da407d14f0e8d89\",\"name\":\"Continuamos MX\",\"image\":{\"@type\":\"ImageObject\",\"inLanguage\":\"es\",\"@id\":\"https:\\\/\\\/secure.gravatar.com\\\/avatar\\\/30d4f9723476a15f4da34d35fb3501f08d2357016c76051c6a85c354c7489589?s=96&d=mm&r=g\",\"url\":\"https:\\\/\\\/secure.gravatar.com\\\/avatar\\\/30d4f9723476a15f4da34d35fb3501f08d2357016c76051c6a85c354c7489589?s=96&d=mm&r=g\",\"contentUrl\":\"https:\\\/\\\/secure.gravatar.com\\\/avatar\\\/30d4f9723476a15f4da34d35fb3501f08d2357016c76051c6a85c354c7489589?s=96&d=mm&r=g\",\"caption\":\"Continuamos MX\"},\"sameAs\":[\"http:\\\/\\\/www.continuamos.mx\"],\"url\":\"https:\\\/\\\/continuamosmx.com\\\/index.php\\\/author\\\/continuamos\\\/\"}]}<\/script>\n<!-- \/ Yoast SEO plugin. -->","yoast_head_json":{"title":"ISAAC MONTOYA CELEBRA A LA NI\u00d1EZ DE SAN FRANCISCO CHIMALPA E IZCALLI CHAMAPA CON EL FESTIVAL \"SONRISAS QUE DEJAN HUELLA\" -","robots":{"index":"index","follow":"follow","max-snippet":"max-snippet:-1","max-image-preview":"max-image-preview:large","max-video-preview":"max-video-preview:-1"},"canonical":"https:\/\/continuamosmx.com\/index.php\/2026\/04\/29\/isaac-montoya-celebra-a-la-ninez-de-san-francisco-chimalpa-e-izcalli-chamapa-con-el-festival-sonrisas-que-dejan-huella\/","og_locale":"es_ES","og_type":"article","og_title":"ISAAC MONTOYA CELEBRA A LA NI\u00d1EZ DE SAN FRANCISCO CHIMALPA E IZCALLI CHAMAPA CON EL FESTIVAL \"SONRISAS QUE DEJAN HUELLA\" -","og_description":"*El Gobierno de Naucalpan anuncia obras de infraestructura social, repavimentaci\u00f3n y la creaci\u00f3n del primer parque p\u00fablico incluyente en la zona boscosa del municipio. Naucalpan de Ju\u00e1rez, M\u00e9x. \u2013 En el marco de las celebraciones por el D\u00eda Mundial del Ni\u00f1o, el Presidente Municipal, Isaac Montoya M\u00e1rquez, encabez\u00f3 el festival \u00abSonrisas que dejan Huella\u00bb, un [&hellip;]","og_url":"https:\/\/continuamosmx.com\/index.php\/2026\/04\/29\/isaac-montoya-celebra-a-la-ninez-de-san-francisco-chimalpa-e-izcalli-chamapa-con-el-festival-sonrisas-que-dejan-huella\/","article_published_time":"2026-04-30T00:58:48+00:00","og_image":[{"width":1600,"height":1068,"url":"https:\/\/continuamosmx.com\/wp-content\/uploads\/2026\/04\/WhatsApp-Image-2026-04-29-at-3.47.32-PM.jpeg","type":"image\/jpeg"}],"author":"Continuamos MX","twitter_card":"summary_large_image","twitter_misc":{"Escrito por":"Continuamos MX","Tiempo de lectura":"2 minutos"},"schema":{"@context":"https:\/\/schema.org","@graph":[{"@type":"Article","@id":"https:\/\/continuamosmx.com\/index.php\/2026\/04\/29\/isaac-montoya-celebra-a-la-ninez-de-san-francisco-chimalpa-e-izcalli-chamapa-con-el-festival-sonrisas-que-dejan-huella\/#article","isPartOf":{"@id":"https:\/\/continuamosmx.com\/index.php\/2026\/04\/29\/isaac-montoya-celebra-a-la-ninez-de-san-francisco-chimalpa-e-izcalli-chamapa-con-el-festival-sonrisas-que-dejan-huella\/"},"author":{"name":"Continuamos MX","@id":"https:\/\/continuamosmx.com\/#\/schema\/person\/5eb5356acb1fad784da407d14f0e8d89"},"headline":"ISAAC MONTOYA CELEBRA A LA NI\u00d1EZ DE SAN FRANCISCO CHIMALPA E IZCALLI CHAMAPA CON EL FESTIVAL \u00abSONRISAS QUE DEJAN HUELLA\u00bb","datePublished":"2026-04-30T00:58:48+00:00","mainEntityOfPage":{"@id":"https:\/\/continuamosmx.com\/index.php\/2026\/04\/29\/isaac-montoya-celebra-a-la-ninez-de-san-francisco-chimalpa-e-izcalli-chamapa-con-el-festival-sonrisas-que-dejan-huella\/"},"wordCount":321,"publisher":{"@id":"https:\/\/continuamosmx.com\/#organization"},"image":{"@id":"https:\/\/continuamosmx.com\/index.php\/2026\/04\/29\/isaac-montoya-celebra-a-la-ninez-de-san-francisco-chimalpa-e-izcalli-chamapa-con-el-festival-sonrisas-que-dejan-huella\/#primaryimage"},"thumbnailUrl":"https:\/\/continuamosmx.com\/wp-content\/uploads\/2026\/04\/WhatsApp-Image-2026-04-29-at-3.47.32-PM.jpeg","articleSection":["LOCALES","NAUCALPAN"],"inLanguage":"es"},{"@type":"WebPage","@id":"https:\/\/continuamosmx.com\/index.php\/2026\/04\/29\/isaac-montoya-celebra-a-la-ninez-de-san-francisco-chimalpa-e-izcalli-chamapa-con-el-festival-sonrisas-que-dejan-huella\/","url":"https:\/\/continuamosmx.com\/index.php\/2026\/04\/29\/isaac-montoya-celebra-a-la-ninez-de-san-francisco-chimalpa-e-izcalli-chamapa-con-el-festival-sonrisas-que-dejan-huella\/","name":"ISAAC MONTOYA CELEBRA A LA NI\u00d1EZ DE SAN FRANCISCO CHIMALPA E IZCALLI CHAMAPA CON EL FESTIVAL \"SONRISAS QUE DEJAN HUELLA\" -","isPartOf":{"@id":"https:\/\/continuamosmx.com\/#website"},"primaryImageOfPage":{"@id":"https:\/\/continuamosmx.com\/index.php\/2026\/04\/29\/isaac-montoya-celebra-a-la-ninez-de-san-francisco-chimalpa-e-izcalli-chamapa-con-el-festival-sonrisas-que-dejan-huella\/#primaryimage"},"image":{"@id":"https:\/\/continuamosmx.com\/index.php\/2026\/04\/29\/isaac-montoya-celebra-a-la-ninez-de-san-francisco-chimalpa-e-izcalli-chamapa-con-el-festival-sonrisas-que-dejan-huella\/#primaryimage"},"thumbnailUrl":"https:\/\/continuamosmx.com\/wp-content\/uploads\/2026\/04\/WhatsApp-Image-2026-04-29-at-3.47.32-PM.jpeg","datePublished":"2026-04-30T00:58:48+00:00","breadcrumb":{"@id":"https:\/\/continuamosmx.com\/index.php\/2026\/04\/29\/isaac-montoya-celebra-a-la-ninez-de-san-francisco-chimalpa-e-izcalli-chamapa-con-el-festival-sonrisas-que-dejan-huella\/#breadcrumb"},"inLanguage":"es","potentialAction":[{"@type":"ReadAction","target":["https:\/\/continuamosmx.com\/index.php\/2026\/04\/29\/isaac-montoya-celebra-a-la-ninez-de-san-francisco-chimalpa-e-izcalli-chamapa-con-el-festival-sonrisas-que-dejan-huella\/"]}]},{"@type":"ImageObject","inLanguage":"es","@id":"https:\/\/continuamosmx.com\/index.php\/2026\/04\/29\/isaac-montoya-celebra-a-la-ninez-de-san-francisco-chimalpa-e-izcalli-chamapa-con-el-festival-sonrisas-que-dejan-huella\/#primaryimage","url":"https:\/\/continuamosmx.com\/wp-content\/uploads\/2026\/04\/WhatsApp-Image-2026-04-29-at-3.47.32-PM.jpeg","contentUrl":"https:\/\/continuamosmx.com\/wp-content\/uploads\/2026\/04\/WhatsApp-Image-2026-04-29-at-3.47.32-PM.jpeg","width":1600,"height":1068},{"@type":"BreadcrumbList","@id":"https:\/\/continuamosmx.com\/index.php\/2026\/04\/29\/isaac-montoya-celebra-a-la-ninez-de-san-francisco-chimalpa-e-izcalli-chamapa-con-el-festival-sonrisas-que-dejan-huella\/#breadcrumb","itemListElement":[{"@type":"ListItem","position":1,"name":"Inicio","item":"https:\/\/continuamosmx.com\/"},{"@type":"ListItem","position":2,"name":"ISAAC MONTOYA CELEBRA A LA NI\u00d1EZ DE SAN FRANCISCO CHIMALPA E IZCALLI CHAMAPA CON EL FESTIVAL \u00abSONRISAS QUE DEJAN HUELLA\u00bb"}]},{"@type":"WebSite","@id":"https:\/\/continuamosmx.com\/#website","url":"https:\/\/continuamosmx.com\/","name":"www.continuamosmx.com","description":"","publisher":{"@id":"https:\/\/continuamosmx.com\/#organization"},"potentialAction":[{"@type":"SearchAction","target":{"@type":"EntryPoint","urlTemplate":"https:\/\/continuamosmx.com\/?s={search_term_string}"},"query-input":{"@type":"PropertyValueSpecification","valueRequired":true,"valueName":"search_term_string"}}],"inLanguage":"es"},{"@type":"Organization","@id":"https:\/\/continuamosmx.com\/#organization","name":"ContinuamosMX","url":"https:\/\/continuamosmx.com\/","logo":{"@type":"ImageObject","inLanguage":"es","@id":"https:\/\/continuamosmx.com\/#\/schema\/logo\/image\/","url":"https:\/\/continuamosmx.com\/wp-content\/uploads\/2023\/04\/cropped-LOGO-CONTI-NUEVO.png","contentUrl":"https:\/\/continuamosmx.com\/wp-content\/uploads\/2023\/04\/cropped-LOGO-CONTI-NUEVO.png","width":1257,"height":430,"caption":"ContinuamosMX"},"image":{"@id":"https:\/\/continuamosmx.com\/#\/schema\/logo\/image\/"}},{"@type":"Person","@id":"https:\/\/continuamosmx.com\/#\/schema\/person\/5eb5356acb1fad784da407d14f0e8d89","name":"Continuamos MX","image":{"@type":"ImageObject","inLanguage":"es","@id":"https:\/\/secure.gravatar.com\/avatar\/30d4f9723476a15f4da34d35fb3501f08d2357016c76051c6a85c354c7489589?s=96&d=mm&r=g","url":"https:\/\/secure.gravatar.com\/avatar\/30d4f9723476a15f4da34d35fb3501f08d2357016c76051c6a85c354c7489589?s=96&d=mm&r=g","contentUrl":"https:\/\/secure.gravatar.com\/avatar\/30d4f9723476a15f4da34d35fb3501f08d2357016c76051c6a85c354c7489589?s=96&d=mm&r=g","caption":"Continuamos MX"},"sameAs":["http:\/\/www.continuamos.mx"],"url":"https:\/\/continuamosmx.com\/index.php\/author\/continuamos\/"}]}},"_links":{"self":[{"href":"https:\/\/continuamosmx.com\/index.php\/wp-json\/wp\/v2\/posts\/54728","targetHints":{"allow":["GET"]}}],"collection":[{"href":"https:\/\/continuamosmx.com\/index.php\/wp-json\/wp\/v2\/posts"}],"about":[{"href":"https:\/\/continuamosmx.com\/index.php\/wp-json\/wp\/v2\/types\/post"}],"author":[{"embeddable":true,"href":"https:\/\/continuamosmx.com\/index.php\/wp-json\/wp\/v2\/users\/6"}],"replies":[{"embeddable":true,"href":"https:\/\/continuamosmx.com\/index.php\/wp-json\/wp\/v2\/comments?post=54728"}],"version-history":[{"count":1,"href":"https:\/\/continuamosmx.com\/index.php\/wp-json\/wp\/v2\/posts\/54728\/revisions"}],"predecessor-version":[{"id":54730,"href":"https:\/\/continuamosmx.com\/index.php\/wp-json\/wp\/v2\/posts\/54728\/revisions\/54730"}],"wp:featuredmedia":[{"embeddable":true,"href":"https:\/\/continuamosmx.com\/index.php\/wp-json\/wp\/v2\/media\/54729"}],"wp:attachment":[{"href":"https:\/\/continuamosmx.com\/index.php\/wp-json\/wp\/v2\/media?parent=54728"}],"wp:term":[{"taxonomy":"category","embeddable":true,"href":"https:\/\/continuamosmx.com\/index.php\/wp-json\/wp\/v2\/categories?post=54728"},{"taxonomy":"post_tag","embeddable":true,"href":"https:\/\/continuamosmx.com\/index.php\/wp-json\/wp\/v2\/tags?post=54728"}],"curies":[{"name":"wp","href":"https:\/\/api.w.org\/{rel}","templated":true}]}}