{"id":54719,"date":"2026-04-29T18:17:34","date_gmt":"2026-04-30T00:17:34","guid":{"rendered":"https:\/\/continuamosmx.com\/?p=54719"},"modified":"2026-04-29T18:17:35","modified_gmt":"2026-04-30T00:17:35","slug":"nicolas-romero-conecta-empleo-mas-de-84-empresas-ofertan-casi-mil-vacantes-en-feria-laboral","status":"publish","type":"post","link":"https:\/\/continuamosmx.com\/index.php\/2026\/04\/29\/nicolas-romero-conecta-empleo-mas-de-84-empresas-ofertan-casi-mil-vacantes-en-feria-laboral\/","title":{"rendered":"NICOL\u00c1S ROMERO CONECTA EMPLEO: M\u00c1S DE 84 EMPRESAS OFERTAN CASI MIL VACANTES EN FERIA LABORAL"},"content":{"rendered":"\n<p><strong>El evento reuni\u00f3 oferta para perfiles operativos, t\u00e9cnicos y profesionistas; destacan oportunidades para mujeres y j\u00f3venes.<\/strong><\/p>\n\n\n\n<p>Nicol\u00e1s Romero.\u2014 Con la participaci\u00f3n de m\u00e1s de 84 empresas y una oferta cercana a mil vacantes, el gobierno municipal encabezado por Yoselin Mendoza realiz\u00f3 la Feria del Empleo Nicol\u00e1s Romero 2026, con el objetivo de ampliar las oportunidades laborales para la poblaci\u00f3n.<\/p>\n\n\n\n<p>El evento tuvo lugar en el auditorio de la Unidad Cultural Jorge Jim\u00e9nez Cant\u00fa, donde autoridades destacaron la importancia de la coordinaci\u00f3n entre los tres \u00f3rdenes de gobierno y la iniciativa privada para generar empleos dignos y mejorar la econom\u00eda familiar.<\/p>\n\n\n\n<p>Durante la inauguraci\u00f3n, la alcaldesa subray\u00f3 que este tipo de estrategias permiten acercar opciones laborales a quienes buscan incorporarse al mercado de trabajo, no solo en el municipio, sino tambi\u00e9n de localidades cercanas.<\/p>\n\n\n\n<p>La oferta incluy\u00f3 vacantes para distintos perfiles, desde puestos operativos y ayudantes generales, hasta t\u00e9cnicos especializados y profesionistas, as\u00ed como oportunidades en seguridad privada. Adem\u00e1s, se instalaron m\u00f3dulos de reclutamiento del Ej\u00e9rcito Mexicano, la Marina y la Guardia Nacional.<\/p>\n\n\n\n<p>Autoridades estatales se\u00f1alaron que estas ferias forman parte de una pol\u00edtica p\u00fablica orientada a reducir la brecha laboral y generar condiciones de bienestar, en l\u00ednea con las estrategias impulsadas por Delfina G\u00f3mez \u00c1lvarez y el gobierno federal encabezado por Claudia Sheinbaum Pardo.<\/p>\n\n\n\n<p>Asimismo, se destac\u00f3 que la feria brind\u00f3 opciones especialmente relevantes para mujeres que buscan incorporarse al \u00e1mbito laboral, ofreciendo alternativas acordes a sus necesidades econ\u00f3micas y de horario.<\/p>\n\n\n\n<p>Con este tipo de acciones, el municipio busca consolidar espacios de vinculaci\u00f3n efectiva entre empleadores y buscadores de empleo.<\/p>\n","protected":false},"excerpt":{"rendered":"<p>El evento reuni\u00f3 oferta para perfiles operativos, t\u00e9cnicos y profesionistas; destacan oportunidades para mujeres y j\u00f3venes. Nicol\u00e1s Romero.\u2014 Con la participaci\u00f3n de m\u00e1s de 84 empresas y una oferta cercana a mil vacantes, el gobierno municipal encabezado por Yoselin Mendoza realiz\u00f3 la Feria del Empleo Nicol\u00e1s Romero 2026, con el objetivo de ampliar las oportunidades [&hellip;]<\/p>\n","protected":false},"author":6,"featured_media":54720,"comment_status":"closed","ping_status":"closed","sticky":false,"template":"","format":"standard","meta":{"footnotes":""},"categories":[4,36],"tags":[],"class_list":["post-54719","post","type-post","status-publish","format-standard","has-post-thumbnail","hentry","category-locales","category-nicolas-romero"],"yoast_head":"<!-- This site is optimized with the Yoast SEO plugin v27.5 - https:\/\/yoast.com\/product\/yoast-seo-wordpress\/ -->\n<title>NICOL\u00c1S ROMERO CONECTA EMPLEO: M\u00c1S DE 84 EMPRESAS OFERTAN CASI MIL VACANTES EN FERIA LABORAL -<\/title>\n<meta name=\"robots\" content=\"index, follow, max-snippet:-1, max-image-preview:large, max-video-preview:-1\" \/>\n<link rel=\"canonical\" href=\"https:\/\/continuamosmx.com\/index.php\/2026\/04\/29\/nicolas-romero-conecta-empleo-mas-de-84-empresas-ofertan-casi-mil-vacantes-en-feria-laboral\/\" \/>\n<meta property=\"og:locale\" content=\"es_ES\" \/>\n<meta property=\"og:type\" content=\"article\" \/>\n<meta property=\"og:title\" content=\"NICOL\u00c1S ROMERO CONECTA EMPLEO: M\u00c1S DE 84 EMPRESAS OFERTAN CASI MIL VACANTES EN FERIA LABORAL -\" \/>\n<meta property=\"og:description\" content=\"El evento reuni\u00f3 oferta para perfiles operativos, t\u00e9cnicos y profesionistas; destacan oportunidades para mujeres y j\u00f3venes. Nicol\u00e1s Romero.\u2014 Con la participaci\u00f3n de m\u00e1s de 84 empresas y una oferta cercana a mil vacantes, el gobierno municipal encabezado por Yoselin Mendoza realiz\u00f3 la Feria del Empleo Nicol\u00e1s Romero 2026, con el objetivo de ampliar las oportunidades [&hellip;]\" \/>\n<meta property=\"og:url\" content=\"https:\/\/continuamosmx.com\/index.php\/2026\/04\/29\/nicolas-romero-conecta-empleo-mas-de-84-empresas-ofertan-casi-mil-vacantes-en-feria-laboral\/\" \/>\n<meta property=\"article:published_time\" content=\"2026-04-30T00:17:34+00:00\" \/>\n<meta property=\"article:modified_time\" content=\"2026-04-30T00:17:35+00:00\" \/>\n<meta property=\"og:image\" content=\"https:\/\/continuamosmx.com\/wp-content\/uploads\/2026\/04\/nico-ci.jpg\" \/>\n\t<meta property=\"og:image:width\" content=\"1280\" \/>\n\t<meta property=\"og:image:height\" content=\"854\" \/>\n\t<meta property=\"og:image:type\" content=\"image\/jpeg\" \/>\n<meta name=\"author\" content=\"Continuamos MX\" \/>\n<meta name=\"twitter:card\" content=\"summary_large_image\" \/>\n<meta name=\"twitter:label1\" content=\"Escrito por\" \/>\n\t<meta name=\"twitter:data1\" content=\"Continuamos MX\" \/>\n\t<meta name=\"twitter:label2\" content=\"Tiempo de lectura\" \/>\n\t<meta name=\"twitter:data2\" content=\"2 minutos\" \/>\n<script type=\"application\/ld+json\" class=\"yoast-schema-graph\">{\"@context\":\"https:\\\/\\\/schema.org\",\"@graph\":[{\"@type\":\"Article\",\"@id\":\"https:\\\/\\\/continuamosmx.com\\\/index.php\\\/2026\\\/04\\\/29\\\/nicolas-romero-conecta-empleo-mas-de-84-empresas-ofertan-casi-mil-vacantes-en-feria-laboral\\\/#article\",\"isPartOf\":{\"@id\":\"https:\\\/\\\/continuamosmx.com\\\/index.php\\\/2026\\\/04\\\/29\\\/nicolas-romero-conecta-empleo-mas-de-84-empresas-ofertan-casi-mil-vacantes-en-feria-laboral\\\/\"},\"author\":{\"name\":\"Continuamos MX\",\"@id\":\"https:\\\/\\\/continuamosmx.com\\\/#\\\/schema\\\/person\\\/5eb5356acb1fad784da407d14f0e8d89\"},\"headline\":\"NICOL\u00c1S ROMERO CONECTA EMPLEO: M\u00c1S DE 84 EMPRESAS OFERTAN CASI MIL VACANTES EN FERIA LABORAL\",\"datePublished\":\"2026-04-30T00:17:34+00:00\",\"dateModified\":\"2026-04-30T00:17:35+00:00\",\"mainEntityOfPage\":{\"@id\":\"https:\\\/\\\/continuamosmx.com\\\/index.php\\\/2026\\\/04\\\/29\\\/nicolas-romero-conecta-empleo-mas-de-84-empresas-ofertan-casi-mil-vacantes-en-feria-laboral\\\/\"},\"wordCount\":298,\"publisher\":{\"@id\":\"https:\\\/\\\/continuamosmx.com\\\/#organization\"},\"image\":{\"@id\":\"https:\\\/\\\/continuamosmx.com\\\/index.php\\\/2026\\\/04\\\/29\\\/nicolas-romero-conecta-empleo-mas-de-84-empresas-ofertan-casi-mil-vacantes-en-feria-laboral\\\/#primaryimage\"},\"thumbnailUrl\":\"https:\\\/\\\/continuamosmx.com\\\/wp-content\\\/uploads\\\/2026\\\/04\\\/nico-ci.jpg\",\"articleSection\":[\"LOCALES\",\"NICOL\u00c1S ROMERO\"],\"inLanguage\":\"es\"},{\"@type\":\"WebPage\",\"@id\":\"https:\\\/\\\/continuamosmx.com\\\/index.php\\\/2026\\\/04\\\/29\\\/nicolas-romero-conecta-empleo-mas-de-84-empresas-ofertan-casi-mil-vacantes-en-feria-laboral\\\/\",\"url\":\"https:\\\/\\\/continuamosmx.com\\\/index.php\\\/2026\\\/04\\\/29\\\/nicolas-romero-conecta-empleo-mas-de-84-empresas-ofertan-casi-mil-vacantes-en-feria-laboral\\\/\",\"name\":\"NICOL\u00c1S ROMERO CONECTA EMPLEO: M\u00c1S DE 84 EMPRESAS OFERTAN CASI MIL VACANTES EN FERIA LABORAL -\",\"isPartOf\":{\"@id\":\"https:\\\/\\\/continuamosmx.com\\\/#website\"},\"primaryImageOfPage\":{\"@id\":\"https:\\\/\\\/continuamosmx.com\\\/index.php\\\/2026\\\/04\\\/29\\\/nicolas-romero-conecta-empleo-mas-de-84-empresas-ofertan-casi-mil-vacantes-en-feria-laboral\\\/#primaryimage\"},\"image\":{\"@id\":\"https:\\\/\\\/continuamosmx.com\\\/index.php\\\/2026\\\/04\\\/29\\\/nicolas-romero-conecta-empleo-mas-de-84-empresas-ofertan-casi-mil-vacantes-en-feria-laboral\\\/#primaryimage\"},\"thumbnailUrl\":\"https:\\\/\\\/continuamosmx.com\\\/wp-content\\\/uploads\\\/2026\\\/04\\\/nico-ci.jpg\",\"datePublished\":\"2026-04-30T00:17:34+00:00\",\"dateModified\":\"2026-04-30T00:17:35+00:00\",\"breadcrumb\":{\"@id\":\"https:\\\/\\\/continuamosmx.com\\\/index.php\\\/2026\\\/04\\\/29\\\/nicolas-romero-conecta-empleo-mas-de-84-empresas-ofertan-casi-mil-vacantes-en-feria-laboral\\\/#breadcrumb\"},\"inLanguage\":\"es\",\"potentialAction\":[{\"@type\":\"ReadAction\",\"target\":[\"https:\\\/\\\/continuamosmx.com\\\/index.php\\\/2026\\\/04\\\/29\\\/nicolas-romero-conecta-empleo-mas-de-84-empresas-ofertan-casi-mil-vacantes-en-feria-laboral\\\/\"]}]},{\"@type\":\"ImageObject\",\"inLanguage\":\"es\",\"@id\":\"https:\\\/\\\/continuamosmx.com\\\/index.php\\\/2026\\\/04\\\/29\\\/nicolas-romero-conecta-empleo-mas-de-84-empresas-ofertan-casi-mil-vacantes-en-feria-laboral\\\/#primaryimage\",\"url\":\"https:\\\/\\\/continuamosmx.com\\\/wp-content\\\/uploads\\\/2026\\\/04\\\/nico-ci.jpg\",\"contentUrl\":\"https:\\\/\\\/continuamosmx.com\\\/wp-content\\\/uploads\\\/2026\\\/04\\\/nico-ci.jpg\",\"width\":1280,\"height\":854},{\"@type\":\"BreadcrumbList\",\"@id\":\"https:\\\/\\\/continuamosmx.com\\\/index.php\\\/2026\\\/04\\\/29\\\/nicolas-romero-conecta-empleo-mas-de-84-empresas-ofertan-casi-mil-vacantes-en-feria-laboral\\\/#breadcrumb\",\"itemListElement\":[{\"@type\":\"ListItem\",\"position\":1,\"name\":\"Inicio\",\"item\":\"https:\\\/\\\/continuamosmx.com\\\/\"},{\"@type\":\"ListItem\",\"position\":2,\"name\":\"NICOL\u00c1S ROMERO CONECTA EMPLEO: M\u00c1S DE 84 EMPRESAS OFERTAN CASI MIL VACANTES EN FERIA LABORAL\"}]},{\"@type\":\"WebSite\",\"@id\":\"https:\\\/\\\/continuamosmx.com\\\/#website\",\"url\":\"https:\\\/\\\/continuamosmx.com\\\/\",\"name\":\"www.continuamosmx.com\",\"description\":\"\",\"publisher\":{\"@id\":\"https:\\\/\\\/continuamosmx.com\\\/#organization\"},\"potentialAction\":[{\"@type\":\"SearchAction\",\"target\":{\"@type\":\"EntryPoint\",\"urlTemplate\":\"https:\\\/\\\/continuamosmx.com\\\/?s={search_term_string}\"},\"query-input\":{\"@type\":\"PropertyValueSpecification\",\"valueRequired\":true,\"valueName\":\"search_term_string\"}}],\"inLanguage\":\"es\"},{\"@type\":\"Organization\",\"@id\":\"https:\\\/\\\/continuamosmx.com\\\/#organization\",\"name\":\"ContinuamosMX\",\"url\":\"https:\\\/\\\/continuamosmx.com\\\/\",\"logo\":{\"@type\":\"ImageObject\",\"inLanguage\":\"es\",\"@id\":\"https:\\\/\\\/continuamosmx.com\\\/#\\\/schema\\\/logo\\\/image\\\/\",\"url\":\"https:\\\/\\\/continuamosmx.com\\\/wp-content\\\/uploads\\\/2023\\\/04\\\/cropped-LOGO-CONTI-NUEVO.png\",\"contentUrl\":\"https:\\\/\\\/continuamosmx.com\\\/wp-content\\\/uploads\\\/2023\\\/04\\\/cropped-LOGO-CONTI-NUEVO.png\",\"width\":1257,\"height\":430,\"caption\":\"ContinuamosMX\"},\"image\":{\"@id\":\"https:\\\/\\\/continuamosmx.com\\\/#\\\/schema\\\/logo\\\/image\\\/\"}},{\"@type\":\"Person\",\"@id\":\"https:\\\/\\\/continuamosmx.com\\\/#\\\/schema\\\/person\\\/5eb5356acb1fad784da407d14f0e8d89\",\"name\":\"Continuamos MX\",\"image\":{\"@type\":\"ImageObject\",\"inLanguage\":\"es\",\"@id\":\"https:\\\/\\\/secure.gravatar.com\\\/avatar\\\/30d4f9723476a15f4da34d35fb3501f08d2357016c76051c6a85c354c7489589?s=96&d=mm&r=g\",\"url\":\"https:\\\/\\\/secure.gravatar.com\\\/avatar\\\/30d4f9723476a15f4da34d35fb3501f08d2357016c76051c6a85c354c7489589?s=96&d=mm&r=g\",\"contentUrl\":\"https:\\\/\\\/secure.gravatar.com\\\/avatar\\\/30d4f9723476a15f4da34d35fb3501f08d2357016c76051c6a85c354c7489589?s=96&d=mm&r=g\",\"caption\":\"Continuamos MX\"},\"sameAs\":[\"http:\\\/\\\/www.continuamos.mx\"],\"url\":\"https:\\\/\\\/continuamosmx.com\\\/index.php\\\/author\\\/continuamos\\\/\"}]}<\/script>\n<!-- \/ Yoast SEO plugin. -->","yoast_head_json":{"title":"NICOL\u00c1S ROMERO CONECTA EMPLEO: M\u00c1S DE 84 EMPRESAS OFERTAN CASI MIL VACANTES EN FERIA LABORAL -","robots":{"index":"index","follow":"follow","max-snippet":"max-snippet:-1","max-image-preview":"max-image-preview:large","max-video-preview":"max-video-preview:-1"},"canonical":"https:\/\/continuamosmx.com\/index.php\/2026\/04\/29\/nicolas-romero-conecta-empleo-mas-de-84-empresas-ofertan-casi-mil-vacantes-en-feria-laboral\/","og_locale":"es_ES","og_type":"article","og_title":"NICOL\u00c1S ROMERO CONECTA EMPLEO: M\u00c1S DE 84 EMPRESAS OFERTAN CASI MIL VACANTES EN FERIA LABORAL -","og_description":"El evento reuni\u00f3 oferta para perfiles operativos, t\u00e9cnicos y profesionistas; destacan oportunidades para mujeres y j\u00f3venes. Nicol\u00e1s Romero.\u2014 Con la participaci\u00f3n de m\u00e1s de 84 empresas y una oferta cercana a mil vacantes, el gobierno municipal encabezado por Yoselin Mendoza realiz\u00f3 la Feria del Empleo Nicol\u00e1s Romero 2026, con el objetivo de ampliar las oportunidades [&hellip;]","og_url":"https:\/\/continuamosmx.com\/index.php\/2026\/04\/29\/nicolas-romero-conecta-empleo-mas-de-84-empresas-ofertan-casi-mil-vacantes-en-feria-laboral\/","article_published_time":"2026-04-30T00:17:34+00:00","article_modified_time":"2026-04-30T00:17:35+00:00","og_image":[{"width":1280,"height":854,"url":"https:\/\/continuamosmx.com\/wp-content\/uploads\/2026\/04\/nico-ci.jpg","type":"image\/jpeg"}],"author":"Continuamos MX","twitter_card":"summary_large_image","twitter_misc":{"Escrito por":"Continuamos MX","Tiempo de lectura":"2 minutos"},"schema":{"@context":"https:\/\/schema.org","@graph":[{"@type":"Article","@id":"https:\/\/continuamosmx.com\/index.php\/2026\/04\/29\/nicolas-romero-conecta-empleo-mas-de-84-empresas-ofertan-casi-mil-vacantes-en-feria-laboral\/#article","isPartOf":{"@id":"https:\/\/continuamosmx.com\/index.php\/2026\/04\/29\/nicolas-romero-conecta-empleo-mas-de-84-empresas-ofertan-casi-mil-vacantes-en-feria-laboral\/"},"author":{"name":"Continuamos MX","@id":"https:\/\/continuamosmx.com\/#\/schema\/person\/5eb5356acb1fad784da407d14f0e8d89"},"headline":"NICOL\u00c1S ROMERO CONECTA EMPLEO: M\u00c1S DE 84 EMPRESAS OFERTAN CASI MIL VACANTES EN FERIA LABORAL","datePublished":"2026-04-30T00:17:34+00:00","dateModified":"2026-04-30T00:17:35+00:00","mainEntityOfPage":{"@id":"https:\/\/continuamosmx.com\/index.php\/2026\/04\/29\/nicolas-romero-conecta-empleo-mas-de-84-empresas-ofertan-casi-mil-vacantes-en-feria-laboral\/"},"wordCount":298,"publisher":{"@id":"https:\/\/continuamosmx.com\/#organization"},"image":{"@id":"https:\/\/continuamosmx.com\/index.php\/2026\/04\/29\/nicolas-romero-conecta-empleo-mas-de-84-empresas-ofertan-casi-mil-vacantes-en-feria-laboral\/#primaryimage"},"thumbnailUrl":"https:\/\/continuamosmx.com\/wp-content\/uploads\/2026\/04\/nico-ci.jpg","articleSection":["LOCALES","NICOL\u00c1S ROMERO"],"inLanguage":"es"},{"@type":"WebPage","@id":"https:\/\/continuamosmx.com\/index.php\/2026\/04\/29\/nicolas-romero-conecta-empleo-mas-de-84-empresas-ofertan-casi-mil-vacantes-en-feria-laboral\/","url":"https:\/\/continuamosmx.com\/index.php\/2026\/04\/29\/nicolas-romero-conecta-empleo-mas-de-84-empresas-ofertan-casi-mil-vacantes-en-feria-laboral\/","name":"NICOL\u00c1S ROMERO CONECTA EMPLEO: M\u00c1S DE 84 EMPRESAS OFERTAN CASI MIL VACANTES EN FERIA LABORAL -","isPartOf":{"@id":"https:\/\/continuamosmx.com\/#website"},"primaryImageOfPage":{"@id":"https:\/\/continuamosmx.com\/index.php\/2026\/04\/29\/nicolas-romero-conecta-empleo-mas-de-84-empresas-ofertan-casi-mil-vacantes-en-feria-laboral\/#primaryimage"},"image":{"@id":"https:\/\/continuamosmx.com\/index.php\/2026\/04\/29\/nicolas-romero-conecta-empleo-mas-de-84-empresas-ofertan-casi-mil-vacantes-en-feria-laboral\/#primaryimage"},"thumbnailUrl":"https:\/\/continuamosmx.com\/wp-content\/uploads\/2026\/04\/nico-ci.jpg","datePublished":"2026-04-30T00:17:34+00:00","dateModified":"2026-04-30T00:17:35+00:00","breadcrumb":{"@id":"https:\/\/continuamosmx.com\/index.php\/2026\/04\/29\/nicolas-romero-conecta-empleo-mas-de-84-empresas-ofertan-casi-mil-vacantes-en-feria-laboral\/#breadcrumb"},"inLanguage":"es","potentialAction":[{"@type":"ReadAction","target":["https:\/\/continuamosmx.com\/index.php\/2026\/04\/29\/nicolas-romero-conecta-empleo-mas-de-84-empresas-ofertan-casi-mil-vacantes-en-feria-laboral\/"]}]},{"@type":"ImageObject","inLanguage":"es","@id":"https:\/\/continuamosmx.com\/index.php\/2026\/04\/29\/nicolas-romero-conecta-empleo-mas-de-84-empresas-ofertan-casi-mil-vacantes-en-feria-laboral\/#primaryimage","url":"https:\/\/continuamosmx.com\/wp-content\/uploads\/2026\/04\/nico-ci.jpg","contentUrl":"https:\/\/continuamosmx.com\/wp-content\/uploads\/2026\/04\/nico-ci.jpg","width":1280,"height":854},{"@type":"BreadcrumbList","@id":"https:\/\/continuamosmx.com\/index.php\/2026\/04\/29\/nicolas-romero-conecta-empleo-mas-de-84-empresas-ofertan-casi-mil-vacantes-en-feria-laboral\/#breadcrumb","itemListElement":[{"@type":"ListItem","position":1,"name":"Inicio","item":"https:\/\/continuamosmx.com\/"},{"@type":"ListItem","position":2,"name":"NICOL\u00c1S ROMERO CONECTA EMPLEO: M\u00c1S DE 84 EMPRESAS OFERTAN CASI MIL VACANTES EN FERIA LABORAL"}]},{"@type":"WebSite","@id":"https:\/\/continuamosmx.com\/#website","url":"https:\/\/continuamosmx.com\/","name":"www.continuamosmx.com","description":"","publisher":{"@id":"https:\/\/continuamosmx.com\/#organization"},"potentialAction":[{"@type":"SearchAction","target":{"@type":"EntryPoint","urlTemplate":"https:\/\/continuamosmx.com\/?s={search_term_string}"},"query-input":{"@type":"PropertyValueSpecification","valueRequired":true,"valueName":"search_term_string"}}],"inLanguage":"es"},{"@type":"Organization","@id":"https:\/\/continuamosmx.com\/#organization","name":"ContinuamosMX","url":"https:\/\/continuamosmx.com\/","logo":{"@type":"ImageObject","inLanguage":"es","@id":"https:\/\/continuamosmx.com\/#\/schema\/logo\/image\/","url":"https:\/\/continuamosmx.com\/wp-content\/uploads\/2023\/04\/cropped-LOGO-CONTI-NUEVO.png","contentUrl":"https:\/\/continuamosmx.com\/wp-content\/uploads\/2023\/04\/cropped-LOGO-CONTI-NUEVO.png","width":1257,"height":430,"caption":"ContinuamosMX"},"image":{"@id":"https:\/\/continuamosmx.com\/#\/schema\/logo\/image\/"}},{"@type":"Person","@id":"https:\/\/continuamosmx.com\/#\/schema\/person\/5eb5356acb1fad784da407d14f0e8d89","name":"Continuamos MX","image":{"@type":"ImageObject","inLanguage":"es","@id":"https:\/\/secure.gravatar.com\/avatar\/30d4f9723476a15f4da34d35fb3501f08d2357016c76051c6a85c354c7489589?s=96&d=mm&r=g","url":"https:\/\/secure.gravatar.com\/avatar\/30d4f9723476a15f4da34d35fb3501f08d2357016c76051c6a85c354c7489589?s=96&d=mm&r=g","contentUrl":"https:\/\/secure.gravatar.com\/avatar\/30d4f9723476a15f4da34d35fb3501f08d2357016c76051c6a85c354c7489589?s=96&d=mm&r=g","caption":"Continuamos MX"},"sameAs":["http:\/\/www.continuamos.mx"],"url":"https:\/\/continuamosmx.com\/index.php\/author\/continuamos\/"}]}},"_links":{"self":[{"href":"https:\/\/continuamosmx.com\/index.php\/wp-json\/wp\/v2\/posts\/54719","targetHints":{"allow":["GET"]}}],"collection":[{"href":"https:\/\/continuamosmx.com\/index.php\/wp-json\/wp\/v2\/posts"}],"about":[{"href":"https:\/\/continuamosmx.com\/index.php\/wp-json\/wp\/v2\/types\/post"}],"author":[{"embeddable":true,"href":"https:\/\/continuamosmx.com\/index.php\/wp-json\/wp\/v2\/users\/6"}],"replies":[{"embeddable":true,"href":"https:\/\/continuamosmx.com\/index.php\/wp-json\/wp\/v2\/comments?post=54719"}],"version-history":[{"count":1,"href":"https:\/\/continuamosmx.com\/index.php\/wp-json\/wp\/v2\/posts\/54719\/revisions"}],"predecessor-version":[{"id":54721,"href":"https:\/\/continuamosmx.com\/index.php\/wp-json\/wp\/v2\/posts\/54719\/revisions\/54721"}],"wp:featuredmedia":[{"embeddable":true,"href":"https:\/\/continuamosmx.com\/index.php\/wp-json\/wp\/v2\/media\/54720"}],"wp:attachment":[{"href":"https:\/\/continuamosmx.com\/index.php\/wp-json\/wp\/v2\/media?parent=54719"}],"wp:term":[{"taxonomy":"category","embeddable":true,"href":"https:\/\/continuamosmx.com\/index.php\/wp-json\/wp\/v2\/categories?post=54719"},{"taxonomy":"post_tag","embeddable":true,"href":"https:\/\/continuamosmx.com\/index.php\/wp-json\/wp\/v2\/tags?post=54719"}],"curies":[{"name":"wp","href":"https:\/\/api.w.org\/{rel}","templated":true}]}}