{"id":54707,"date":"2026-04-29T14:24:57","date_gmt":"2026-04-29T20:24:57","guid":{"rendered":"https:\/\/continuamosmx.com\/?p=54707"},"modified":"2026-04-29T14:24:57","modified_gmt":"2026-04-29T20:24:57","slug":"cuautitlan-izcalli-registra-el-marzo-menos-violento-en-los-ultimos-11-anos-segun-cifras-oficiales","status":"publish","type":"post","link":"https:\/\/continuamosmx.com\/index.php\/2026\/04\/29\/cuautitlan-izcalli-registra-el-marzo-menos-violento-en-los-ultimos-11-anos-segun-cifras-oficiales\/","title":{"rendered":"CUAUTITL\u00c1N IZCALLI REGISTRA EL MARZO MENOS VIOLENTO EN LOS \u00daLTIMOS 11 A\u00d1OS SEG\u00daN CIFRAS OFICIALES"},"content":{"rendered":"\n<ul class=\"wp-block-list\">\n<li><\/li>\n<\/ul>\n\n\n\n<p id=\"p-rc_cb2e436caa644025-19\">*<strong>El Gobierno Municipal report\u00f3 una disminuci\u00f3n del 9% en la incidencia delictiva general y una reducci\u00f3n del 23% en delitos de alto impacto en comparaci\u00f3n con el a\u00f1o anterior.<\/strong> <\/p>\n\n\n\n<p id=\"p-rc_cb2e436caa644025-21\">Cuautitl\u00e1n Izcalli, Edom\u00e9x.- Durante su conferencia de prensa titulada \u00abEl Poder del Pueblo\u00bb, el alcalde Daniel Serrano inform\u00f3 sobre una reducci\u00f3n sostenida en los \u00edndices de inseguridad dentro del territorio municipal. De acuerdo con los datos del Secretariado Ejecutivo del Sistema Nacional de Seguridad P\u00fablica, marzo de 2026 cerr\u00f3 con 1,210 eventos delictivos, cifra que representa la menor incidencia registrada en este mes desde hace m\u00e1s de una d\u00e9cada. En contraste, el pico de violencia para un periodo similar se alcanz\u00f3 en el a\u00f1o 2022, cuando se contabilizaron 1,672 eventos. +2<\/p>\n\n\n\n<p id=\"p-rc_cb2e436caa644025-22\">En el rubro de delitos de alto impacto, la estad\u00edstica oficial nacional se\u00f1ala un descenso significativo al pasar de 670 incidentes en marzo de 2025 a 517 en el presente a\u00f1o<sup><\/sup>. Entre los indicadores con mayor comportamiento a la baja destacan el homicidio doloso, que disminuy\u00f3 de 11 a 3 casos; las lesiones dolosas, que bajaron de 167 a 120; el robo a negocio, de 88 a 69; y el robo en transporte, que pas\u00f3 de 116 a 97 incidentes<sup><\/sup>. +1<\/p>\n\n\n\n<p id=\"p-rc_cb2e436caa644025-23\">El presidente municipal atribuy\u00f3 estos resultados a la efectividad de las estrategias de seguridad implementadas por su administraci\u00f3n, resaltando la importancia de la colaboraci\u00f3n institucional con el Gobierno del Estado de M\u00e9xico, la Federaci\u00f3n y la Fiscal\u00eda Estatal a trav\u00e9s de las Mesas de Paz<sup><\/sup>. Seg\u00fan el edil, la disminuci\u00f3n del 16% respecto a la tendencia de los a\u00f1os 2023 y 2024 confirma una trayectoria de mejora en beneficio de las familias izcallenses<sup><\/sup>.<\/p>\n\n\n\n<figure class=\"wp-block-image size-large\"><img loading=\"lazy\" decoding=\"async\" width=\"1024\" height=\"1024\" src=\"https:\/\/continuamosmx.com\/wp-content\/uploads\/2026\/04\/WhatsApp-Image-2026-04-29-at-11.05.21-AM-1024x1024.jpeg\" alt=\"\" class=\"wp-image-54709\" srcset=\"https:\/\/continuamosmx.com\/wp-content\/uploads\/2026\/04\/WhatsApp-Image-2026-04-29-at-11.05.21-AM-1024x1024.jpeg 1024w, https:\/\/continuamosmx.com\/wp-content\/uploads\/2026\/04\/WhatsApp-Image-2026-04-29-at-11.05.21-AM-300x300.jpeg 300w, https:\/\/continuamosmx.com\/wp-content\/uploads\/2026\/04\/WhatsApp-Image-2026-04-29-at-11.05.21-AM-150x150.jpeg 150w, https:\/\/continuamosmx.com\/wp-content\/uploads\/2026\/04\/WhatsApp-Image-2026-04-29-at-11.05.21-AM-768x768.jpeg 768w, https:\/\/continuamosmx.com\/wp-content\/uploads\/2026\/04\/WhatsApp-Image-2026-04-29-at-11.05.21-AM-1536x1536.jpeg 1536w, https:\/\/continuamosmx.com\/wp-content\/uploads\/2026\/04\/WhatsApp-Image-2026-04-29-at-11.05.21-AM-2048x2048.jpeg 2048w\" sizes=\"auto, (max-width: 1024px) 100vw, 1024px\" \/><\/figure>\n","protected":false},"excerpt":{"rendered":"<p>*El Gobierno Municipal report\u00f3 una disminuci\u00f3n del 9% en la incidencia delictiva general y una reducci\u00f3n del 23% en delitos de alto impacto en comparaci\u00f3n con el a\u00f1o anterior. Cuautitl\u00e1n Izcalli, Edom\u00e9x.- Durante su conferencia de prensa titulada \u00abEl Poder del Pueblo\u00bb, el alcalde Daniel Serrano inform\u00f3 sobre una reducci\u00f3n sostenida en los \u00edndices de [&hellip;]<\/p>\n","protected":false},"author":6,"featured_media":54708,"comment_status":"closed","ping_status":"closed","sticky":false,"template":"","format":"standard","meta":{"footnotes":""},"categories":[22,4],"tags":[],"class_list":["post-54707","post","type-post","status-publish","format-standard","has-post-thumbnail","hentry","category-c-izcalli","category-locales"],"yoast_head":"<!-- This site is optimized with the Yoast SEO plugin v27.5 - https:\/\/yoast.com\/product\/yoast-seo-wordpress\/ -->\n<title>CUAUTITL\u00c1N IZCALLI REGISTRA EL MARZO MENOS VIOLENTO EN LOS \u00daLTIMOS 11 A\u00d1OS SEG\u00daN CIFRAS OFICIALES -<\/title>\n<meta name=\"robots\" content=\"index, follow, max-snippet:-1, max-image-preview:large, max-video-preview:-1\" \/>\n<link rel=\"canonical\" href=\"https:\/\/continuamosmx.com\/index.php\/2026\/04\/29\/cuautitlan-izcalli-registra-el-marzo-menos-violento-en-los-ultimos-11-anos-segun-cifras-oficiales\/\" \/>\n<meta property=\"og:locale\" content=\"es_ES\" \/>\n<meta property=\"og:type\" content=\"article\" \/>\n<meta property=\"og:title\" content=\"CUAUTITL\u00c1N IZCALLI REGISTRA EL MARZO MENOS VIOLENTO EN LOS \u00daLTIMOS 11 A\u00d1OS SEG\u00daN CIFRAS OFICIALES -\" \/>\n<meta property=\"og:description\" content=\"*El Gobierno Municipal report\u00f3 una disminuci\u00f3n del 9% en la incidencia delictiva general y una reducci\u00f3n del 23% en delitos de alto impacto en comparaci\u00f3n con el a\u00f1o anterior. Cuautitl\u00e1n Izcalli, Edom\u00e9x.- Durante su conferencia de prensa titulada \u00abEl Poder del Pueblo\u00bb, el alcalde Daniel Serrano inform\u00f3 sobre una reducci\u00f3n sostenida en los \u00edndices de [&hellip;]\" \/>\n<meta property=\"og:url\" content=\"https:\/\/continuamosmx.com\/index.php\/2026\/04\/29\/cuautitlan-izcalli-registra-el-marzo-menos-violento-en-los-ultimos-11-anos-segun-cifras-oficiales\/\" \/>\n<meta property=\"article:published_time\" content=\"2026-04-29T20:24:57+00:00\" \/>\n<meta property=\"og:image\" content=\"https:\/\/continuamosmx.com\/wp-content\/uploads\/2026\/04\/WhatsApp-Image-2026-04-29-at-11.05.21-AM-1.jpeg\" \/>\n\t<meta property=\"og:image:width\" content=\"1280\" \/>\n\t<meta property=\"og:image:height\" content=\"854\" \/>\n\t<meta property=\"og:image:type\" content=\"image\/jpeg\" \/>\n<meta name=\"author\" content=\"Continuamos MX\" \/>\n<meta name=\"twitter:card\" content=\"summary_large_image\" \/>\n<meta name=\"twitter:label1\" content=\"Escrito por\" \/>\n\t<meta name=\"twitter:data1\" content=\"Continuamos MX\" \/>\n\t<meta name=\"twitter:label2\" content=\"Tiempo de lectura\" \/>\n\t<meta name=\"twitter:data2\" content=\"2 minutos\" \/>\n<script type=\"application\/ld+json\" class=\"yoast-schema-graph\">{\"@context\":\"https:\\\/\\\/schema.org\",\"@graph\":[{\"@type\":\"Article\",\"@id\":\"https:\\\/\\\/continuamosmx.com\\\/index.php\\\/2026\\\/04\\\/29\\\/cuautitlan-izcalli-registra-el-marzo-menos-violento-en-los-ultimos-11-anos-segun-cifras-oficiales\\\/#article\",\"isPartOf\":{\"@id\":\"https:\\\/\\\/continuamosmx.com\\\/index.php\\\/2026\\\/04\\\/29\\\/cuautitlan-izcalli-registra-el-marzo-menos-violento-en-los-ultimos-11-anos-segun-cifras-oficiales\\\/\"},\"author\":{\"name\":\"Continuamos MX\",\"@id\":\"https:\\\/\\\/continuamosmx.com\\\/#\\\/schema\\\/person\\\/5eb5356acb1fad784da407d14f0e8d89\"},\"headline\":\"CUAUTITL\u00c1N IZCALLI REGISTRA EL MARZO MENOS VIOLENTO EN LOS \u00daLTIMOS 11 A\u00d1OS SEG\u00daN CIFRAS OFICIALES\",\"datePublished\":\"2026-04-29T20:24:57+00:00\",\"mainEntityOfPage\":{\"@id\":\"https:\\\/\\\/continuamosmx.com\\\/index.php\\\/2026\\\/04\\\/29\\\/cuautitlan-izcalli-registra-el-marzo-menos-violento-en-los-ultimos-11-anos-segun-cifras-oficiales\\\/\"},\"wordCount\":293,\"publisher\":{\"@id\":\"https:\\\/\\\/continuamosmx.com\\\/#organization\"},\"image\":{\"@id\":\"https:\\\/\\\/continuamosmx.com\\\/index.php\\\/2026\\\/04\\\/29\\\/cuautitlan-izcalli-registra-el-marzo-menos-violento-en-los-ultimos-11-anos-segun-cifras-oficiales\\\/#primaryimage\"},\"thumbnailUrl\":\"https:\\\/\\\/continuamosmx.com\\\/wp-content\\\/uploads\\\/2026\\\/04\\\/WhatsApp-Image-2026-04-29-at-11.05.21-AM-1.jpeg\",\"articleSection\":[\"C. IZCALLI\",\"LOCALES\"],\"inLanguage\":\"es\"},{\"@type\":\"WebPage\",\"@id\":\"https:\\\/\\\/continuamosmx.com\\\/index.php\\\/2026\\\/04\\\/29\\\/cuautitlan-izcalli-registra-el-marzo-menos-violento-en-los-ultimos-11-anos-segun-cifras-oficiales\\\/\",\"url\":\"https:\\\/\\\/continuamosmx.com\\\/index.php\\\/2026\\\/04\\\/29\\\/cuautitlan-izcalli-registra-el-marzo-menos-violento-en-los-ultimos-11-anos-segun-cifras-oficiales\\\/\",\"name\":\"CUAUTITL\u00c1N IZCALLI REGISTRA EL MARZO MENOS VIOLENTO EN LOS \u00daLTIMOS 11 A\u00d1OS SEG\u00daN CIFRAS OFICIALES -\",\"isPartOf\":{\"@id\":\"https:\\\/\\\/continuamosmx.com\\\/#website\"},\"primaryImageOfPage\":{\"@id\":\"https:\\\/\\\/continuamosmx.com\\\/index.php\\\/2026\\\/04\\\/29\\\/cuautitlan-izcalli-registra-el-marzo-menos-violento-en-los-ultimos-11-anos-segun-cifras-oficiales\\\/#primaryimage\"},\"image\":{\"@id\":\"https:\\\/\\\/continuamosmx.com\\\/index.php\\\/2026\\\/04\\\/29\\\/cuautitlan-izcalli-registra-el-marzo-menos-violento-en-los-ultimos-11-anos-segun-cifras-oficiales\\\/#primaryimage\"},\"thumbnailUrl\":\"https:\\\/\\\/continuamosmx.com\\\/wp-content\\\/uploads\\\/2026\\\/04\\\/WhatsApp-Image-2026-04-29-at-11.05.21-AM-1.jpeg\",\"datePublished\":\"2026-04-29T20:24:57+00:00\",\"breadcrumb\":{\"@id\":\"https:\\\/\\\/continuamosmx.com\\\/index.php\\\/2026\\\/04\\\/29\\\/cuautitlan-izcalli-registra-el-marzo-menos-violento-en-los-ultimos-11-anos-segun-cifras-oficiales\\\/#breadcrumb\"},\"inLanguage\":\"es\",\"potentialAction\":[{\"@type\":\"ReadAction\",\"target\":[\"https:\\\/\\\/continuamosmx.com\\\/index.php\\\/2026\\\/04\\\/29\\\/cuautitlan-izcalli-registra-el-marzo-menos-violento-en-los-ultimos-11-anos-segun-cifras-oficiales\\\/\"]}]},{\"@type\":\"ImageObject\",\"inLanguage\":\"es\",\"@id\":\"https:\\\/\\\/continuamosmx.com\\\/index.php\\\/2026\\\/04\\\/29\\\/cuautitlan-izcalli-registra-el-marzo-menos-violento-en-los-ultimos-11-anos-segun-cifras-oficiales\\\/#primaryimage\",\"url\":\"https:\\\/\\\/continuamosmx.com\\\/wp-content\\\/uploads\\\/2026\\\/04\\\/WhatsApp-Image-2026-04-29-at-11.05.21-AM-1.jpeg\",\"contentUrl\":\"https:\\\/\\\/continuamosmx.com\\\/wp-content\\\/uploads\\\/2026\\\/04\\\/WhatsApp-Image-2026-04-29-at-11.05.21-AM-1.jpeg\",\"width\":1280,\"height\":854},{\"@type\":\"BreadcrumbList\",\"@id\":\"https:\\\/\\\/continuamosmx.com\\\/index.php\\\/2026\\\/04\\\/29\\\/cuautitlan-izcalli-registra-el-marzo-menos-violento-en-los-ultimos-11-anos-segun-cifras-oficiales\\\/#breadcrumb\",\"itemListElement\":[{\"@type\":\"ListItem\",\"position\":1,\"name\":\"Inicio\",\"item\":\"https:\\\/\\\/continuamosmx.com\\\/\"},{\"@type\":\"ListItem\",\"position\":2,\"name\":\"CUAUTITL\u00c1N IZCALLI REGISTRA EL MARZO MENOS VIOLENTO EN LOS \u00daLTIMOS 11 A\u00d1OS SEG\u00daN CIFRAS OFICIALES\"}]},{\"@type\":\"WebSite\",\"@id\":\"https:\\\/\\\/continuamosmx.com\\\/#website\",\"url\":\"https:\\\/\\\/continuamosmx.com\\\/\",\"name\":\"www.continuamosmx.com\",\"description\":\"\",\"publisher\":{\"@id\":\"https:\\\/\\\/continuamosmx.com\\\/#organization\"},\"potentialAction\":[{\"@type\":\"SearchAction\",\"target\":{\"@type\":\"EntryPoint\",\"urlTemplate\":\"https:\\\/\\\/continuamosmx.com\\\/?s={search_term_string}\"},\"query-input\":{\"@type\":\"PropertyValueSpecification\",\"valueRequired\":true,\"valueName\":\"search_term_string\"}}],\"inLanguage\":\"es\"},{\"@type\":\"Organization\",\"@id\":\"https:\\\/\\\/continuamosmx.com\\\/#organization\",\"name\":\"ContinuamosMX\",\"url\":\"https:\\\/\\\/continuamosmx.com\\\/\",\"logo\":{\"@type\":\"ImageObject\",\"inLanguage\":\"es\",\"@id\":\"https:\\\/\\\/continuamosmx.com\\\/#\\\/schema\\\/logo\\\/image\\\/\",\"url\":\"https:\\\/\\\/continuamosmx.com\\\/wp-content\\\/uploads\\\/2023\\\/04\\\/cropped-LOGO-CONTI-NUEVO.png\",\"contentUrl\":\"https:\\\/\\\/continuamosmx.com\\\/wp-content\\\/uploads\\\/2023\\\/04\\\/cropped-LOGO-CONTI-NUEVO.png\",\"width\":1257,\"height\":430,\"caption\":\"ContinuamosMX\"},\"image\":{\"@id\":\"https:\\\/\\\/continuamosmx.com\\\/#\\\/schema\\\/logo\\\/image\\\/\"}},{\"@type\":\"Person\",\"@id\":\"https:\\\/\\\/continuamosmx.com\\\/#\\\/schema\\\/person\\\/5eb5356acb1fad784da407d14f0e8d89\",\"name\":\"Continuamos MX\",\"image\":{\"@type\":\"ImageObject\",\"inLanguage\":\"es\",\"@id\":\"https:\\\/\\\/secure.gravatar.com\\\/avatar\\\/30d4f9723476a15f4da34d35fb3501f08d2357016c76051c6a85c354c7489589?s=96&d=mm&r=g\",\"url\":\"https:\\\/\\\/secure.gravatar.com\\\/avatar\\\/30d4f9723476a15f4da34d35fb3501f08d2357016c76051c6a85c354c7489589?s=96&d=mm&r=g\",\"contentUrl\":\"https:\\\/\\\/secure.gravatar.com\\\/avatar\\\/30d4f9723476a15f4da34d35fb3501f08d2357016c76051c6a85c354c7489589?s=96&d=mm&r=g\",\"caption\":\"Continuamos MX\"},\"sameAs\":[\"http:\\\/\\\/www.continuamos.mx\"],\"url\":\"https:\\\/\\\/continuamosmx.com\\\/index.php\\\/author\\\/continuamos\\\/\"}]}<\/script>\n<!-- \/ Yoast SEO plugin. -->","yoast_head_json":{"title":"CUAUTITL\u00c1N IZCALLI REGISTRA EL MARZO MENOS VIOLENTO EN LOS \u00daLTIMOS 11 A\u00d1OS SEG\u00daN CIFRAS OFICIALES -","robots":{"index":"index","follow":"follow","max-snippet":"max-snippet:-1","max-image-preview":"max-image-preview:large","max-video-preview":"max-video-preview:-1"},"canonical":"https:\/\/continuamosmx.com\/index.php\/2026\/04\/29\/cuautitlan-izcalli-registra-el-marzo-menos-violento-en-los-ultimos-11-anos-segun-cifras-oficiales\/","og_locale":"es_ES","og_type":"article","og_title":"CUAUTITL\u00c1N IZCALLI REGISTRA EL MARZO MENOS VIOLENTO EN LOS \u00daLTIMOS 11 A\u00d1OS SEG\u00daN CIFRAS OFICIALES -","og_description":"*El Gobierno Municipal report\u00f3 una disminuci\u00f3n del 9% en la incidencia delictiva general y una reducci\u00f3n del 23% en delitos de alto impacto en comparaci\u00f3n con el a\u00f1o anterior. Cuautitl\u00e1n Izcalli, Edom\u00e9x.- Durante su conferencia de prensa titulada \u00abEl Poder del Pueblo\u00bb, el alcalde Daniel Serrano inform\u00f3 sobre una reducci\u00f3n sostenida en los \u00edndices de [&hellip;]","og_url":"https:\/\/continuamosmx.com\/index.php\/2026\/04\/29\/cuautitlan-izcalli-registra-el-marzo-menos-violento-en-los-ultimos-11-anos-segun-cifras-oficiales\/","article_published_time":"2026-04-29T20:24:57+00:00","og_image":[{"width":1280,"height":854,"url":"https:\/\/continuamosmx.com\/wp-content\/uploads\/2026\/04\/WhatsApp-Image-2026-04-29-at-11.05.21-AM-1.jpeg","type":"image\/jpeg"}],"author":"Continuamos MX","twitter_card":"summary_large_image","twitter_misc":{"Escrito por":"Continuamos MX","Tiempo de lectura":"2 minutos"},"schema":{"@context":"https:\/\/schema.org","@graph":[{"@type":"Article","@id":"https:\/\/continuamosmx.com\/index.php\/2026\/04\/29\/cuautitlan-izcalli-registra-el-marzo-menos-violento-en-los-ultimos-11-anos-segun-cifras-oficiales\/#article","isPartOf":{"@id":"https:\/\/continuamosmx.com\/index.php\/2026\/04\/29\/cuautitlan-izcalli-registra-el-marzo-menos-violento-en-los-ultimos-11-anos-segun-cifras-oficiales\/"},"author":{"name":"Continuamos MX","@id":"https:\/\/continuamosmx.com\/#\/schema\/person\/5eb5356acb1fad784da407d14f0e8d89"},"headline":"CUAUTITL\u00c1N IZCALLI REGISTRA EL MARZO MENOS VIOLENTO EN LOS \u00daLTIMOS 11 A\u00d1OS SEG\u00daN CIFRAS OFICIALES","datePublished":"2026-04-29T20:24:57+00:00","mainEntityOfPage":{"@id":"https:\/\/continuamosmx.com\/index.php\/2026\/04\/29\/cuautitlan-izcalli-registra-el-marzo-menos-violento-en-los-ultimos-11-anos-segun-cifras-oficiales\/"},"wordCount":293,"publisher":{"@id":"https:\/\/continuamosmx.com\/#organization"},"image":{"@id":"https:\/\/continuamosmx.com\/index.php\/2026\/04\/29\/cuautitlan-izcalli-registra-el-marzo-menos-violento-en-los-ultimos-11-anos-segun-cifras-oficiales\/#primaryimage"},"thumbnailUrl":"https:\/\/continuamosmx.com\/wp-content\/uploads\/2026\/04\/WhatsApp-Image-2026-04-29-at-11.05.21-AM-1.jpeg","articleSection":["C. IZCALLI","LOCALES"],"inLanguage":"es"},{"@type":"WebPage","@id":"https:\/\/continuamosmx.com\/index.php\/2026\/04\/29\/cuautitlan-izcalli-registra-el-marzo-menos-violento-en-los-ultimos-11-anos-segun-cifras-oficiales\/","url":"https:\/\/continuamosmx.com\/index.php\/2026\/04\/29\/cuautitlan-izcalli-registra-el-marzo-menos-violento-en-los-ultimos-11-anos-segun-cifras-oficiales\/","name":"CUAUTITL\u00c1N IZCALLI REGISTRA EL MARZO MENOS VIOLENTO EN LOS \u00daLTIMOS 11 A\u00d1OS SEG\u00daN CIFRAS OFICIALES -","isPartOf":{"@id":"https:\/\/continuamosmx.com\/#website"},"primaryImageOfPage":{"@id":"https:\/\/continuamosmx.com\/index.php\/2026\/04\/29\/cuautitlan-izcalli-registra-el-marzo-menos-violento-en-los-ultimos-11-anos-segun-cifras-oficiales\/#primaryimage"},"image":{"@id":"https:\/\/continuamosmx.com\/index.php\/2026\/04\/29\/cuautitlan-izcalli-registra-el-marzo-menos-violento-en-los-ultimos-11-anos-segun-cifras-oficiales\/#primaryimage"},"thumbnailUrl":"https:\/\/continuamosmx.com\/wp-content\/uploads\/2026\/04\/WhatsApp-Image-2026-04-29-at-11.05.21-AM-1.jpeg","datePublished":"2026-04-29T20:24:57+00:00","breadcrumb":{"@id":"https:\/\/continuamosmx.com\/index.php\/2026\/04\/29\/cuautitlan-izcalli-registra-el-marzo-menos-violento-en-los-ultimos-11-anos-segun-cifras-oficiales\/#breadcrumb"},"inLanguage":"es","potentialAction":[{"@type":"ReadAction","target":["https:\/\/continuamosmx.com\/index.php\/2026\/04\/29\/cuautitlan-izcalli-registra-el-marzo-menos-violento-en-los-ultimos-11-anos-segun-cifras-oficiales\/"]}]},{"@type":"ImageObject","inLanguage":"es","@id":"https:\/\/continuamosmx.com\/index.php\/2026\/04\/29\/cuautitlan-izcalli-registra-el-marzo-menos-violento-en-los-ultimos-11-anos-segun-cifras-oficiales\/#primaryimage","url":"https:\/\/continuamosmx.com\/wp-content\/uploads\/2026\/04\/WhatsApp-Image-2026-04-29-at-11.05.21-AM-1.jpeg","contentUrl":"https:\/\/continuamosmx.com\/wp-content\/uploads\/2026\/04\/WhatsApp-Image-2026-04-29-at-11.05.21-AM-1.jpeg","width":1280,"height":854},{"@type":"BreadcrumbList","@id":"https:\/\/continuamosmx.com\/index.php\/2026\/04\/29\/cuautitlan-izcalli-registra-el-marzo-menos-violento-en-los-ultimos-11-anos-segun-cifras-oficiales\/#breadcrumb","itemListElement":[{"@type":"ListItem","position":1,"name":"Inicio","item":"https:\/\/continuamosmx.com\/"},{"@type":"ListItem","position":2,"name":"CUAUTITL\u00c1N IZCALLI REGISTRA EL MARZO MENOS VIOLENTO EN LOS \u00daLTIMOS 11 A\u00d1OS SEG\u00daN CIFRAS OFICIALES"}]},{"@type":"WebSite","@id":"https:\/\/continuamosmx.com\/#website","url":"https:\/\/continuamosmx.com\/","name":"www.continuamosmx.com","description":"","publisher":{"@id":"https:\/\/continuamosmx.com\/#organization"},"potentialAction":[{"@type":"SearchAction","target":{"@type":"EntryPoint","urlTemplate":"https:\/\/continuamosmx.com\/?s={search_term_string}"},"query-input":{"@type":"PropertyValueSpecification","valueRequired":true,"valueName":"search_term_string"}}],"inLanguage":"es"},{"@type":"Organization","@id":"https:\/\/continuamosmx.com\/#organization","name":"ContinuamosMX","url":"https:\/\/continuamosmx.com\/","logo":{"@type":"ImageObject","inLanguage":"es","@id":"https:\/\/continuamosmx.com\/#\/schema\/logo\/image\/","url":"https:\/\/continuamosmx.com\/wp-content\/uploads\/2023\/04\/cropped-LOGO-CONTI-NUEVO.png","contentUrl":"https:\/\/continuamosmx.com\/wp-content\/uploads\/2023\/04\/cropped-LOGO-CONTI-NUEVO.png","width":1257,"height":430,"caption":"ContinuamosMX"},"image":{"@id":"https:\/\/continuamosmx.com\/#\/schema\/logo\/image\/"}},{"@type":"Person","@id":"https:\/\/continuamosmx.com\/#\/schema\/person\/5eb5356acb1fad784da407d14f0e8d89","name":"Continuamos MX","image":{"@type":"ImageObject","inLanguage":"es","@id":"https:\/\/secure.gravatar.com\/avatar\/30d4f9723476a15f4da34d35fb3501f08d2357016c76051c6a85c354c7489589?s=96&d=mm&r=g","url":"https:\/\/secure.gravatar.com\/avatar\/30d4f9723476a15f4da34d35fb3501f08d2357016c76051c6a85c354c7489589?s=96&d=mm&r=g","contentUrl":"https:\/\/secure.gravatar.com\/avatar\/30d4f9723476a15f4da34d35fb3501f08d2357016c76051c6a85c354c7489589?s=96&d=mm&r=g","caption":"Continuamos MX"},"sameAs":["http:\/\/www.continuamos.mx"],"url":"https:\/\/continuamosmx.com\/index.php\/author\/continuamos\/"}]}},"_links":{"self":[{"href":"https:\/\/continuamosmx.com\/index.php\/wp-json\/wp\/v2\/posts\/54707","targetHints":{"allow":["GET"]}}],"collection":[{"href":"https:\/\/continuamosmx.com\/index.php\/wp-json\/wp\/v2\/posts"}],"about":[{"href":"https:\/\/continuamosmx.com\/index.php\/wp-json\/wp\/v2\/types\/post"}],"author":[{"embeddable":true,"href":"https:\/\/continuamosmx.com\/index.php\/wp-json\/wp\/v2\/users\/6"}],"replies":[{"embeddable":true,"href":"https:\/\/continuamosmx.com\/index.php\/wp-json\/wp\/v2\/comments?post=54707"}],"version-history":[{"count":1,"href":"https:\/\/continuamosmx.com\/index.php\/wp-json\/wp\/v2\/posts\/54707\/revisions"}],"predecessor-version":[{"id":54710,"href":"https:\/\/continuamosmx.com\/index.php\/wp-json\/wp\/v2\/posts\/54707\/revisions\/54710"}],"wp:featuredmedia":[{"embeddable":true,"href":"https:\/\/continuamosmx.com\/index.php\/wp-json\/wp\/v2\/media\/54708"}],"wp:attachment":[{"href":"https:\/\/continuamosmx.com\/index.php\/wp-json\/wp\/v2\/media?parent=54707"}],"wp:term":[{"taxonomy":"category","embeddable":true,"href":"https:\/\/continuamosmx.com\/index.php\/wp-json\/wp\/v2\/categories?post=54707"},{"taxonomy":"post_tag","embeddable":true,"href":"https:\/\/continuamosmx.com\/index.php\/wp-json\/wp\/v2\/tags?post=54707"}],"curies":[{"name":"wp","href":"https:\/\/api.w.org\/{rel}","templated":true}]}}