{"id":54703,"date":"2026-04-29T14:17:37","date_gmt":"2026-04-29T20:17:37","guid":{"rendered":"https:\/\/continuamosmx.com\/?p=54703"},"modified":"2026-04-29T14:17:37","modified_gmt":"2026-04-29T20:17:37","slug":"cuautitlan-inaugura-primer-cuerpo-del-libramiento-la-joya-con-recursos-propios","status":"publish","type":"post","link":"https:\/\/continuamosmx.com\/index.php\/2026\/04\/29\/cuautitlan-inaugura-primer-cuerpo-del-libramiento-la-joya-con-recursos-propios\/","title":{"rendered":"CUAUTITL\u00c1N INAUGURA PRIMER CUERPO DEL LIBRAMIENTO LA JOYA CON RECURSOS PROPIOS"},"content":{"rendered":"\n<h3 class=\"wp-block-heading\">*<strong>La administraci\u00f3n municipal proyecta la construcci\u00f3n de un distribuidor vial regional en conjunto con el Gobierno del Estado de M\u00e9xico para mitigar el tr\u00e1fico de 77 mil veh\u00edculos diarios.<\/strong><\/h3>\n\n\n\n<p>Cuautitl\u00e1n, Edom\u00e9x.- En un acto encabezado por la Presidenta Municipal de Cuautitl\u00e1n, Juana Carrillo Luna se llev\u00f3 a cabo la inauguraci\u00f3n del primer cuerpo del Libramiento La Joya, una de las arterias viales m\u00e1s importantes de la regi\u00f3n tras la autopista M\u00e9xico-Quer\u00e9taro. La obra, ejecutada con concreto hidr\u00e1ulico de alta resistencia, abarca m\u00e1s de 1.1 kil\u00f3metros de longitud y busca dar soluci\u00f3n al colapso vial provocado por el transporte pesado y las intensas lluvias del a\u00f1o anterior.<\/p>\n\n\n\n<p>Durante su intervenci\u00f3n, la alcaldesa subray\u00f3 que la rehabilitaci\u00f3n se realiz\u00f3 \u00edntegramente con recursos propios, derivados de la recaudaci\u00f3n local y aportaciones de mejoras. Explic\u00f3 que, tras un estudio t\u00e9cnico, se determin\u00f3 que por esta v\u00eda circulan diariamente 77 mil veh\u00edculos, lo que la convierte en un punto cr\u00edtico de conexi\u00f3n para municipios como Melchor Ocampo, Zumpango y Huehuetoca. Por ello, anunci\u00f3 que ya se gestiona ante la Secretar\u00eda de Movilidad e Infraestructura estatal la construcci\u00f3n de un distribuidor vial en la zona.<\/p>\n\n\n\n<p>El Director de Obras P\u00fablicas detall\u00f3 que la estructura cuenta con 22 cent\u00edmetros de espesor en concreto hidr\u00e1ulico, dise\u00f1ado para soportar las cargas del transporte de carga sin necesidad de asfalto convencional que requiera mantenimiento constante. Como medida inmediata para preservar la calidad de la nueva vialidad, las autoridades municipales determinaron que este cuerpo ser\u00e1 exclusivo para transporte p\u00fablico y veh\u00edculos ligeros, desviando el tr\u00e1fico pesado hacia el carril continuo mientras se inicia la siguiente etapa de construcci\u00f3n.<\/p>\n\n\n\n<p>Finalmente, el gobierno municipal hizo un llamado a los empresarios y due\u00f1os de plazas comerciales de la zona para regularizar su situaci\u00f3n normativa y fiscal, se\u00f1alando que estas contribuciones son fundamentales para continuar con proyectos de infraestructura y servicios b\u00e1sicos como el drenaje profundo, instalado recientemente en beneficio del sector comercial y los transe\u00fantes.<\/p>\n\n\n\n<figure class=\"wp-block-image size-large\"><img loading=\"lazy\" decoding=\"async\" width=\"1024\" height=\"575\" src=\"https:\/\/continuamosmx.com\/wp-content\/uploads\/2026\/04\/la-joya-2-1024x575.jpg\" alt=\"\" class=\"wp-image-54705\" srcset=\"https:\/\/continuamosmx.com\/wp-content\/uploads\/2026\/04\/la-joya-2-1024x575.jpg 1024w, https:\/\/continuamosmx.com\/wp-content\/uploads\/2026\/04\/la-joya-2-300x168.jpg 300w, https:\/\/continuamosmx.com\/wp-content\/uploads\/2026\/04\/la-joya-2-768x431.jpg 768w, https:\/\/continuamosmx.com\/wp-content\/uploads\/2026\/04\/la-joya-2-1536x863.jpg 1536w, https:\/\/continuamosmx.com\/wp-content\/uploads\/2026\/04\/la-joya-2.jpg 2048w\" sizes=\"auto, (max-width: 1024px) 100vw, 1024px\" \/><\/figure>\n","protected":false},"excerpt":{"rendered":"<p>*La administraci\u00f3n municipal proyecta la construcci\u00f3n de un distribuidor vial regional en conjunto con el Gobierno del Estado de M\u00e9xico para mitigar el tr\u00e1fico de 77 mil veh\u00edculos diarios. Cuautitl\u00e1n, Edom\u00e9x.- En un acto encabezado por la Presidenta Municipal de Cuautitl\u00e1n, Juana Carrillo Luna se llev\u00f3 a cabo la inauguraci\u00f3n del primer cuerpo del Libramiento [&hellip;]<\/p>\n","protected":false},"author":6,"featured_media":54704,"comment_status":"closed","ping_status":"closed","sticky":false,"template":"","format":"standard","meta":{"footnotes":""},"categories":[29,4],"tags":[],"class_list":["post-54703","post","type-post","status-publish","format-standard","has-post-thumbnail","hentry","category-cuautitlan","category-locales"],"yoast_head":"<!-- This site is optimized with the Yoast SEO plugin v27.5 - https:\/\/yoast.com\/product\/yoast-seo-wordpress\/ -->\n<title>CUAUTITL\u00c1N INAUGURA PRIMER CUERPO DEL LIBRAMIENTO LA JOYA CON RECURSOS PROPIOS -<\/title>\n<meta name=\"robots\" content=\"index, follow, max-snippet:-1, max-image-preview:large, max-video-preview:-1\" \/>\n<link rel=\"canonical\" href=\"https:\/\/continuamosmx.com\/index.php\/2026\/04\/29\/cuautitlan-inaugura-primer-cuerpo-del-libramiento-la-joya-con-recursos-propios\/\" \/>\n<meta property=\"og:locale\" content=\"es_ES\" \/>\n<meta property=\"og:type\" content=\"article\" \/>\n<meta property=\"og:title\" content=\"CUAUTITL\u00c1N INAUGURA PRIMER CUERPO DEL LIBRAMIENTO LA JOYA CON RECURSOS PROPIOS -\" \/>\n<meta property=\"og:description\" content=\"*La administraci\u00f3n municipal proyecta la construcci\u00f3n de un distribuidor vial regional en conjunto con el Gobierno del Estado de M\u00e9xico para mitigar el tr\u00e1fico de 77 mil veh\u00edculos diarios. Cuautitl\u00e1n, Edom\u00e9x.- En un acto encabezado por la Presidenta Municipal de Cuautitl\u00e1n, Juana Carrillo Luna se llev\u00f3 a cabo la inauguraci\u00f3n del primer cuerpo del Libramiento [&hellip;]\" \/>\n<meta property=\"og:url\" content=\"https:\/\/continuamosmx.com\/index.php\/2026\/04\/29\/cuautitlan-inaugura-primer-cuerpo-del-libramiento-la-joya-con-recursos-propios\/\" \/>\n<meta property=\"article:published_time\" content=\"2026-04-29T20:17:37+00:00\" \/>\n<meta property=\"og:image\" content=\"https:\/\/continuamosmx.com\/wp-content\/uploads\/2026\/04\/la-joya.jpg\" \/>\n\t<meta property=\"og:image:width\" content=\"2048\" \/>\n\t<meta property=\"og:image:height\" content=\"1365\" \/>\n\t<meta property=\"og:image:type\" content=\"image\/jpeg\" \/>\n<meta name=\"author\" content=\"Continuamos MX\" \/>\n<meta name=\"twitter:card\" content=\"summary_large_image\" \/>\n<meta name=\"twitter:label1\" content=\"Escrito por\" \/>\n\t<meta name=\"twitter:data1\" content=\"Continuamos MX\" \/>\n\t<meta name=\"twitter:label2\" content=\"Tiempo de lectura\" \/>\n\t<meta name=\"twitter:data2\" content=\"2 minutos\" \/>\n<script type=\"application\/ld+json\" class=\"yoast-schema-graph\">{\"@context\":\"https:\\\/\\\/schema.org\",\"@graph\":[{\"@type\":\"Article\",\"@id\":\"https:\\\/\\\/continuamosmx.com\\\/index.php\\\/2026\\\/04\\\/29\\\/cuautitlan-inaugura-primer-cuerpo-del-libramiento-la-joya-con-recursos-propios\\\/#article\",\"isPartOf\":{\"@id\":\"https:\\\/\\\/continuamosmx.com\\\/index.php\\\/2026\\\/04\\\/29\\\/cuautitlan-inaugura-primer-cuerpo-del-libramiento-la-joya-con-recursos-propios\\\/\"},\"author\":{\"name\":\"Continuamos MX\",\"@id\":\"https:\\\/\\\/continuamosmx.com\\\/#\\\/schema\\\/person\\\/5eb5356acb1fad784da407d14f0e8d89\"},\"headline\":\"CUAUTITL\u00c1N INAUGURA PRIMER CUERPO DEL LIBRAMIENTO LA JOYA CON RECURSOS PROPIOS\",\"datePublished\":\"2026-04-29T20:17:37+00:00\",\"mainEntityOfPage\":{\"@id\":\"https:\\\/\\\/continuamosmx.com\\\/index.php\\\/2026\\\/04\\\/29\\\/cuautitlan-inaugura-primer-cuerpo-del-libramiento-la-joya-con-recursos-propios\\\/\"},\"wordCount\":371,\"publisher\":{\"@id\":\"https:\\\/\\\/continuamosmx.com\\\/#organization\"},\"image\":{\"@id\":\"https:\\\/\\\/continuamosmx.com\\\/index.php\\\/2026\\\/04\\\/29\\\/cuautitlan-inaugura-primer-cuerpo-del-libramiento-la-joya-con-recursos-propios\\\/#primaryimage\"},\"thumbnailUrl\":\"https:\\\/\\\/continuamosmx.com\\\/wp-content\\\/uploads\\\/2026\\\/04\\\/la-joya.jpg\",\"articleSection\":[\"CUAUTITL\u00c1N\",\"LOCALES\"],\"inLanguage\":\"es\"},{\"@type\":\"WebPage\",\"@id\":\"https:\\\/\\\/continuamosmx.com\\\/index.php\\\/2026\\\/04\\\/29\\\/cuautitlan-inaugura-primer-cuerpo-del-libramiento-la-joya-con-recursos-propios\\\/\",\"url\":\"https:\\\/\\\/continuamosmx.com\\\/index.php\\\/2026\\\/04\\\/29\\\/cuautitlan-inaugura-primer-cuerpo-del-libramiento-la-joya-con-recursos-propios\\\/\",\"name\":\"CUAUTITL\u00c1N INAUGURA PRIMER CUERPO DEL LIBRAMIENTO LA JOYA CON RECURSOS PROPIOS -\",\"isPartOf\":{\"@id\":\"https:\\\/\\\/continuamosmx.com\\\/#website\"},\"primaryImageOfPage\":{\"@id\":\"https:\\\/\\\/continuamosmx.com\\\/index.php\\\/2026\\\/04\\\/29\\\/cuautitlan-inaugura-primer-cuerpo-del-libramiento-la-joya-con-recursos-propios\\\/#primaryimage\"},\"image\":{\"@id\":\"https:\\\/\\\/continuamosmx.com\\\/index.php\\\/2026\\\/04\\\/29\\\/cuautitlan-inaugura-primer-cuerpo-del-libramiento-la-joya-con-recursos-propios\\\/#primaryimage\"},\"thumbnailUrl\":\"https:\\\/\\\/continuamosmx.com\\\/wp-content\\\/uploads\\\/2026\\\/04\\\/la-joya.jpg\",\"datePublished\":\"2026-04-29T20:17:37+00:00\",\"breadcrumb\":{\"@id\":\"https:\\\/\\\/continuamosmx.com\\\/index.php\\\/2026\\\/04\\\/29\\\/cuautitlan-inaugura-primer-cuerpo-del-libramiento-la-joya-con-recursos-propios\\\/#breadcrumb\"},\"inLanguage\":\"es\",\"potentialAction\":[{\"@type\":\"ReadAction\",\"target\":[\"https:\\\/\\\/continuamosmx.com\\\/index.php\\\/2026\\\/04\\\/29\\\/cuautitlan-inaugura-primer-cuerpo-del-libramiento-la-joya-con-recursos-propios\\\/\"]}]},{\"@type\":\"ImageObject\",\"inLanguage\":\"es\",\"@id\":\"https:\\\/\\\/continuamosmx.com\\\/index.php\\\/2026\\\/04\\\/29\\\/cuautitlan-inaugura-primer-cuerpo-del-libramiento-la-joya-con-recursos-propios\\\/#primaryimage\",\"url\":\"https:\\\/\\\/continuamosmx.com\\\/wp-content\\\/uploads\\\/2026\\\/04\\\/la-joya.jpg\",\"contentUrl\":\"https:\\\/\\\/continuamosmx.com\\\/wp-content\\\/uploads\\\/2026\\\/04\\\/la-joya.jpg\",\"width\":2048,\"height\":1365},{\"@type\":\"BreadcrumbList\",\"@id\":\"https:\\\/\\\/continuamosmx.com\\\/index.php\\\/2026\\\/04\\\/29\\\/cuautitlan-inaugura-primer-cuerpo-del-libramiento-la-joya-con-recursos-propios\\\/#breadcrumb\",\"itemListElement\":[{\"@type\":\"ListItem\",\"position\":1,\"name\":\"Inicio\",\"item\":\"https:\\\/\\\/continuamosmx.com\\\/\"},{\"@type\":\"ListItem\",\"position\":2,\"name\":\"CUAUTITL\u00c1N INAUGURA PRIMER CUERPO DEL LIBRAMIENTO LA JOYA CON RECURSOS PROPIOS\"}]},{\"@type\":\"WebSite\",\"@id\":\"https:\\\/\\\/continuamosmx.com\\\/#website\",\"url\":\"https:\\\/\\\/continuamosmx.com\\\/\",\"name\":\"www.continuamosmx.com\",\"description\":\"\",\"publisher\":{\"@id\":\"https:\\\/\\\/continuamosmx.com\\\/#organization\"},\"potentialAction\":[{\"@type\":\"SearchAction\",\"target\":{\"@type\":\"EntryPoint\",\"urlTemplate\":\"https:\\\/\\\/continuamosmx.com\\\/?s={search_term_string}\"},\"query-input\":{\"@type\":\"PropertyValueSpecification\",\"valueRequired\":true,\"valueName\":\"search_term_string\"}}],\"inLanguage\":\"es\"},{\"@type\":\"Organization\",\"@id\":\"https:\\\/\\\/continuamosmx.com\\\/#organization\",\"name\":\"ContinuamosMX\",\"url\":\"https:\\\/\\\/continuamosmx.com\\\/\",\"logo\":{\"@type\":\"ImageObject\",\"inLanguage\":\"es\",\"@id\":\"https:\\\/\\\/continuamosmx.com\\\/#\\\/schema\\\/logo\\\/image\\\/\",\"url\":\"https:\\\/\\\/continuamosmx.com\\\/wp-content\\\/uploads\\\/2023\\\/04\\\/cropped-LOGO-CONTI-NUEVO.png\",\"contentUrl\":\"https:\\\/\\\/continuamosmx.com\\\/wp-content\\\/uploads\\\/2023\\\/04\\\/cropped-LOGO-CONTI-NUEVO.png\",\"width\":1257,\"height\":430,\"caption\":\"ContinuamosMX\"},\"image\":{\"@id\":\"https:\\\/\\\/continuamosmx.com\\\/#\\\/schema\\\/logo\\\/image\\\/\"}},{\"@type\":\"Person\",\"@id\":\"https:\\\/\\\/continuamosmx.com\\\/#\\\/schema\\\/person\\\/5eb5356acb1fad784da407d14f0e8d89\",\"name\":\"Continuamos MX\",\"image\":{\"@type\":\"ImageObject\",\"inLanguage\":\"es\",\"@id\":\"https:\\\/\\\/secure.gravatar.com\\\/avatar\\\/30d4f9723476a15f4da34d35fb3501f08d2357016c76051c6a85c354c7489589?s=96&d=mm&r=g\",\"url\":\"https:\\\/\\\/secure.gravatar.com\\\/avatar\\\/30d4f9723476a15f4da34d35fb3501f08d2357016c76051c6a85c354c7489589?s=96&d=mm&r=g\",\"contentUrl\":\"https:\\\/\\\/secure.gravatar.com\\\/avatar\\\/30d4f9723476a15f4da34d35fb3501f08d2357016c76051c6a85c354c7489589?s=96&d=mm&r=g\",\"caption\":\"Continuamos MX\"},\"sameAs\":[\"http:\\\/\\\/www.continuamos.mx\"],\"url\":\"https:\\\/\\\/continuamosmx.com\\\/index.php\\\/author\\\/continuamos\\\/\"}]}<\/script>\n<!-- \/ Yoast SEO plugin. -->","yoast_head_json":{"title":"CUAUTITL\u00c1N INAUGURA PRIMER CUERPO DEL LIBRAMIENTO LA JOYA CON RECURSOS PROPIOS -","robots":{"index":"index","follow":"follow","max-snippet":"max-snippet:-1","max-image-preview":"max-image-preview:large","max-video-preview":"max-video-preview:-1"},"canonical":"https:\/\/continuamosmx.com\/index.php\/2026\/04\/29\/cuautitlan-inaugura-primer-cuerpo-del-libramiento-la-joya-con-recursos-propios\/","og_locale":"es_ES","og_type":"article","og_title":"CUAUTITL\u00c1N INAUGURA PRIMER CUERPO DEL LIBRAMIENTO LA JOYA CON RECURSOS PROPIOS -","og_description":"*La administraci\u00f3n municipal proyecta la construcci\u00f3n de un distribuidor vial regional en conjunto con el Gobierno del Estado de M\u00e9xico para mitigar el tr\u00e1fico de 77 mil veh\u00edculos diarios. Cuautitl\u00e1n, Edom\u00e9x.- En un acto encabezado por la Presidenta Municipal de Cuautitl\u00e1n, Juana Carrillo Luna se llev\u00f3 a cabo la inauguraci\u00f3n del primer cuerpo del Libramiento [&hellip;]","og_url":"https:\/\/continuamosmx.com\/index.php\/2026\/04\/29\/cuautitlan-inaugura-primer-cuerpo-del-libramiento-la-joya-con-recursos-propios\/","article_published_time":"2026-04-29T20:17:37+00:00","og_image":[{"width":2048,"height":1365,"url":"https:\/\/continuamosmx.com\/wp-content\/uploads\/2026\/04\/la-joya.jpg","type":"image\/jpeg"}],"author":"Continuamos MX","twitter_card":"summary_large_image","twitter_misc":{"Escrito por":"Continuamos MX","Tiempo de lectura":"2 minutos"},"schema":{"@context":"https:\/\/schema.org","@graph":[{"@type":"Article","@id":"https:\/\/continuamosmx.com\/index.php\/2026\/04\/29\/cuautitlan-inaugura-primer-cuerpo-del-libramiento-la-joya-con-recursos-propios\/#article","isPartOf":{"@id":"https:\/\/continuamosmx.com\/index.php\/2026\/04\/29\/cuautitlan-inaugura-primer-cuerpo-del-libramiento-la-joya-con-recursos-propios\/"},"author":{"name":"Continuamos MX","@id":"https:\/\/continuamosmx.com\/#\/schema\/person\/5eb5356acb1fad784da407d14f0e8d89"},"headline":"CUAUTITL\u00c1N INAUGURA PRIMER CUERPO DEL LIBRAMIENTO LA JOYA CON RECURSOS PROPIOS","datePublished":"2026-04-29T20:17:37+00:00","mainEntityOfPage":{"@id":"https:\/\/continuamosmx.com\/index.php\/2026\/04\/29\/cuautitlan-inaugura-primer-cuerpo-del-libramiento-la-joya-con-recursos-propios\/"},"wordCount":371,"publisher":{"@id":"https:\/\/continuamosmx.com\/#organization"},"image":{"@id":"https:\/\/continuamosmx.com\/index.php\/2026\/04\/29\/cuautitlan-inaugura-primer-cuerpo-del-libramiento-la-joya-con-recursos-propios\/#primaryimage"},"thumbnailUrl":"https:\/\/continuamosmx.com\/wp-content\/uploads\/2026\/04\/la-joya.jpg","articleSection":["CUAUTITL\u00c1N","LOCALES"],"inLanguage":"es"},{"@type":"WebPage","@id":"https:\/\/continuamosmx.com\/index.php\/2026\/04\/29\/cuautitlan-inaugura-primer-cuerpo-del-libramiento-la-joya-con-recursos-propios\/","url":"https:\/\/continuamosmx.com\/index.php\/2026\/04\/29\/cuautitlan-inaugura-primer-cuerpo-del-libramiento-la-joya-con-recursos-propios\/","name":"CUAUTITL\u00c1N INAUGURA PRIMER CUERPO DEL LIBRAMIENTO LA JOYA CON RECURSOS PROPIOS -","isPartOf":{"@id":"https:\/\/continuamosmx.com\/#website"},"primaryImageOfPage":{"@id":"https:\/\/continuamosmx.com\/index.php\/2026\/04\/29\/cuautitlan-inaugura-primer-cuerpo-del-libramiento-la-joya-con-recursos-propios\/#primaryimage"},"image":{"@id":"https:\/\/continuamosmx.com\/index.php\/2026\/04\/29\/cuautitlan-inaugura-primer-cuerpo-del-libramiento-la-joya-con-recursos-propios\/#primaryimage"},"thumbnailUrl":"https:\/\/continuamosmx.com\/wp-content\/uploads\/2026\/04\/la-joya.jpg","datePublished":"2026-04-29T20:17:37+00:00","breadcrumb":{"@id":"https:\/\/continuamosmx.com\/index.php\/2026\/04\/29\/cuautitlan-inaugura-primer-cuerpo-del-libramiento-la-joya-con-recursos-propios\/#breadcrumb"},"inLanguage":"es","potentialAction":[{"@type":"ReadAction","target":["https:\/\/continuamosmx.com\/index.php\/2026\/04\/29\/cuautitlan-inaugura-primer-cuerpo-del-libramiento-la-joya-con-recursos-propios\/"]}]},{"@type":"ImageObject","inLanguage":"es","@id":"https:\/\/continuamosmx.com\/index.php\/2026\/04\/29\/cuautitlan-inaugura-primer-cuerpo-del-libramiento-la-joya-con-recursos-propios\/#primaryimage","url":"https:\/\/continuamosmx.com\/wp-content\/uploads\/2026\/04\/la-joya.jpg","contentUrl":"https:\/\/continuamosmx.com\/wp-content\/uploads\/2026\/04\/la-joya.jpg","width":2048,"height":1365},{"@type":"BreadcrumbList","@id":"https:\/\/continuamosmx.com\/index.php\/2026\/04\/29\/cuautitlan-inaugura-primer-cuerpo-del-libramiento-la-joya-con-recursos-propios\/#breadcrumb","itemListElement":[{"@type":"ListItem","position":1,"name":"Inicio","item":"https:\/\/continuamosmx.com\/"},{"@type":"ListItem","position":2,"name":"CUAUTITL\u00c1N INAUGURA PRIMER CUERPO DEL LIBRAMIENTO LA JOYA CON RECURSOS PROPIOS"}]},{"@type":"WebSite","@id":"https:\/\/continuamosmx.com\/#website","url":"https:\/\/continuamosmx.com\/","name":"www.continuamosmx.com","description":"","publisher":{"@id":"https:\/\/continuamosmx.com\/#organization"},"potentialAction":[{"@type":"SearchAction","target":{"@type":"EntryPoint","urlTemplate":"https:\/\/continuamosmx.com\/?s={search_term_string}"},"query-input":{"@type":"PropertyValueSpecification","valueRequired":true,"valueName":"search_term_string"}}],"inLanguage":"es"},{"@type":"Organization","@id":"https:\/\/continuamosmx.com\/#organization","name":"ContinuamosMX","url":"https:\/\/continuamosmx.com\/","logo":{"@type":"ImageObject","inLanguage":"es","@id":"https:\/\/continuamosmx.com\/#\/schema\/logo\/image\/","url":"https:\/\/continuamosmx.com\/wp-content\/uploads\/2023\/04\/cropped-LOGO-CONTI-NUEVO.png","contentUrl":"https:\/\/continuamosmx.com\/wp-content\/uploads\/2023\/04\/cropped-LOGO-CONTI-NUEVO.png","width":1257,"height":430,"caption":"ContinuamosMX"},"image":{"@id":"https:\/\/continuamosmx.com\/#\/schema\/logo\/image\/"}},{"@type":"Person","@id":"https:\/\/continuamosmx.com\/#\/schema\/person\/5eb5356acb1fad784da407d14f0e8d89","name":"Continuamos MX","image":{"@type":"ImageObject","inLanguage":"es","@id":"https:\/\/secure.gravatar.com\/avatar\/30d4f9723476a15f4da34d35fb3501f08d2357016c76051c6a85c354c7489589?s=96&d=mm&r=g","url":"https:\/\/secure.gravatar.com\/avatar\/30d4f9723476a15f4da34d35fb3501f08d2357016c76051c6a85c354c7489589?s=96&d=mm&r=g","contentUrl":"https:\/\/secure.gravatar.com\/avatar\/30d4f9723476a15f4da34d35fb3501f08d2357016c76051c6a85c354c7489589?s=96&d=mm&r=g","caption":"Continuamos MX"},"sameAs":["http:\/\/www.continuamos.mx"],"url":"https:\/\/continuamosmx.com\/index.php\/author\/continuamos\/"}]}},"_links":{"self":[{"href":"https:\/\/continuamosmx.com\/index.php\/wp-json\/wp\/v2\/posts\/54703","targetHints":{"allow":["GET"]}}],"collection":[{"href":"https:\/\/continuamosmx.com\/index.php\/wp-json\/wp\/v2\/posts"}],"about":[{"href":"https:\/\/continuamosmx.com\/index.php\/wp-json\/wp\/v2\/types\/post"}],"author":[{"embeddable":true,"href":"https:\/\/continuamosmx.com\/index.php\/wp-json\/wp\/v2\/users\/6"}],"replies":[{"embeddable":true,"href":"https:\/\/continuamosmx.com\/index.php\/wp-json\/wp\/v2\/comments?post=54703"}],"version-history":[{"count":1,"href":"https:\/\/continuamosmx.com\/index.php\/wp-json\/wp\/v2\/posts\/54703\/revisions"}],"predecessor-version":[{"id":54706,"href":"https:\/\/continuamosmx.com\/index.php\/wp-json\/wp\/v2\/posts\/54703\/revisions\/54706"}],"wp:featuredmedia":[{"embeddable":true,"href":"https:\/\/continuamosmx.com\/index.php\/wp-json\/wp\/v2\/media\/54704"}],"wp:attachment":[{"href":"https:\/\/continuamosmx.com\/index.php\/wp-json\/wp\/v2\/media?parent=54703"}],"wp:term":[{"taxonomy":"category","embeddable":true,"href":"https:\/\/continuamosmx.com\/index.php\/wp-json\/wp\/v2\/categories?post=54703"},{"taxonomy":"post_tag","embeddable":true,"href":"https:\/\/continuamosmx.com\/index.php\/wp-json\/wp\/v2\/tags?post=54703"}],"curies":[{"name":"wp","href":"https:\/\/api.w.org\/{rel}","templated":true}]}}