{"id":54700,"date":"2026-04-29T11:25:13","date_gmt":"2026-04-29T17:25:13","guid":{"rendered":"https:\/\/continuamosmx.com\/?p=54700"},"modified":"2026-04-29T11:25:13","modified_gmt":"2026-04-29T17:25:13","slug":"el-ser-y-la-nada-esencia-y-tiempo-19","status":"publish","type":"post","link":"https:\/\/continuamosmx.com\/index.php\/2026\/04\/29\/el-ser-y-la-nada-esencia-y-tiempo-19\/","title":{"rendered":"EL SER Y LA NADA. ESENCIA Y TIEMPO"},"content":{"rendered":"\n<p><strong>Hablar para conectar, construir relaciones y transformar oportunidades<\/strong><\/p>\n\n\n\n<p>Por: Fernando Lira Flores*<\/p>\n\n\n\n<p>\u00a1Hola de nuevo! Bienvenidos a esta entrega de <em>El Ser y la Nada. Esencia y Tiempo<\/em>.<\/p>\n\n\n\n<p>En las \u00faltimas dos entregas de estos art\u00edculos, se abord\u00f3 c\u00f3mo la escritura permite ordenar ideas y c\u00f3mo la lectura les da origen.<\/p>\n\n\n\n<p>Sin embargo, queda una pregunta que atraviesa ambas pr\u00e1cticas, y as\u00ed se plantea que: &nbsp;si leer es construir pensamiento y escribir es organizarlo\u2026 y, <strong>\u00bfqu\u00e9 sucede cuando hablamos?<\/strong><\/p>\n\n\n\n<p><strong>Continuamos\u2026<\/strong><\/p>\n\n\n\n<p>Porque estoy cierto de que hablar no es solo emitir palabras. Es el momento en que el pensamiento se hace visible frente a otros. Es ah\u00ed donde se confirma si realmente entendemos lo que creemos entender.<\/p>\n\n\n\n<p>Imaginen esto\u2026<\/p>\n\n\n\n<p>-Una escena cotidiana-, donde una persona intenta explicar una idea en clase, en el trabajo o en una conversaci\u00f3n. Empieza con seguridad\u2026 pero se detiene, se repite, duda.<\/p>\n\n\n\n<p>Y entonces surge la pregunta: si lo ten\u00eda claro en la mente\u2026 \u00bfpor qu\u00e9 no pudo decirlo con claridad?<\/p>\n\n\n\n<p>Tal vez, digo, tal vez, porque quien no ha le\u00eddo con profundidad, dif\u00edcilmente tendr\u00e1 ideas s\u00f3lidas. Y quien no ha aprendido a escribir con orden, dif\u00edcilmente podr\u00e1 expresarlas con claridad.<\/p>\n\n\n\n<p>Entonces, hablar bien no es improvisar\u2026 es el resultado de un proceso estructurado.<\/p>\n\n\n\n<p>As\u00ed pues, la palabra se convierte en un reflejo del pensamiento y la forma en que hablamos revela c\u00f3mo pensamos.<\/p>\n\n\n\n<p>Un ejemplo sencillo ser\u00eda: Pues es que yo creo que no sali\u00f3 bien porque hubo varias cosas y como que no se pudo hacer\u2026<\/p>\n\n\n\n<p>Contrastado frente a: El proyecto no se concret\u00f3 por fallas en la organizaci\u00f3n. Es necesario revisarlas antes de continuar.<\/p>\n\n\n\n<p>La diferencia se podr\u00eda considerar como evidente, siempre y cuando se considere lo siguiente: en el primer caso, hay duda y dispersi\u00f3n; y, en el segundo, claridad y direcci\u00f3n.<\/p>\n\n\n\n<p>Observa que, no cambi\u00f3 la idea\u2026 cambi\u00f3 la forma de estructurarla.<\/p>\n\n\n\n<p>Y ah\u00ed aparece el v\u00ednculo fundamental como una simple aseveraci\u00f3n que es: El leer aporta el contenido, la escritura permite organizar ideas y el hablar\u2026<strong> el hablar les da la vida<\/strong><\/p>\n\n\n\n<p>Entonces\u2026 La oralidad no solo comunica\u2026 <strong>conecta<\/strong>.<\/p>\n\n\n\n<p>Porque, es a trav\u00e9s de la palabra que se construyen relaciones, se pueden generar acuerdos, se transmite confianza y m\u00e1s.<\/p>\n\n\n\n<p>Un breve ejemplo de esto ser\u00eda:<\/p>\n\n\n\n<p>Pensemos en dos escenarios profesionales.<\/p>\n\n\n\n<p><strong>Escenario 1. <\/strong>Una persona sabe mucho, pero no logra explicarlo. Sus ideas se pierden.<\/p>\n\n\n\n<p><strong>Escenario 2. <\/strong>Otra persona comunica con claridad, escucha y responde con precisi\u00f3n. Sus ideas avanzan.<\/p>\n\n\n\n<p>Aqu\u00ed se observa que la diferencia no est\u00e1 en el conocimiento\u2026 sino en la forma de expresarlo.<\/p>\n\n\n\n<p>Y aqu\u00ed entran las habilidades que hoy marcan la diferencia: comunicaci\u00f3n asertiva y efectiva, una escucha activa y, ante todo, una capacidad de argumentar<\/p>\n\n\n\n<p>Todas ellas nacen en un mismo punto que es, <strong>saber hablar con claridad.<\/strong><\/p>\n\n\n\n<p>Y\u2026 se preguntar\u00e1n \u00bfc\u00f3mo se vincula esto con la lectura y la escritura?<\/p>\n\n\n\n<p><strong><em>NOTA:<\/em><\/strong><em> <\/em><em>Sugerencia de revisar Continuamos.mx, El Ser y la Nada los 2 art\u00edculos anteriores a esta publicaci\u00f3n<\/em><em><\/em><\/p>\n\n\n\n<p>Recuerda que nada de esto ocurre de manera aislada, porque quien lee con atenci\u00f3n podr\u00e1 adquirir vocabulario y comprender\u00e1 como se construyen las ideas. Y quien escribe con conciencia, aprende a ordenar y distingue lo importante de lo secundario. As\u00ed, todo eso se refleja en el habla u oralidad.<\/p>\n\n\n\n<p>Pongamos un ejemplo simple.<\/p>\n\n\n\n<p><strong>Sin lectura ni escritura consciente: <\/strong>S\u00ed est\u00e1 bien, pero hay otras cosas y, no s\u00e9 si funcione\u2026<\/p>\n\n\n\n<p><strong>Con base en lectura y escritura: <\/strong>La propuesta es viable, pero requiere ajustes en tiempos y recursos.<\/p>\n\n\n\n<p>Observa que la diferencia es la precisi\u00f3n, la cual redunda en que hablar bien no es un don, sino una habilidad que se construye.<\/p>\n\n\n\n<p>Hoy, saber comunicar ideas puede marcar una diferencia decisiva en toda la vida porque, una idea mal expresada puede generar confusi\u00f3n y, una idea clara puede abrir oportunidades.<\/p>\n\n\n\n<p>Al respecto, imagina una entrevista y las respuestas de los candidatos a un puesto laboral:<\/p>\n\n\n\n<p>Pues he hecho varias cosas y creo que puedo ayudar\u2026<\/p>\n\n\n\n<p>Frente a: He participado en proyectos similares, donde desarroll\u00e9 habilidades en organizaci\u00f3n y soluci\u00f3n de problemas. Puedo aportar eso al equipo.<\/p>\n\n\n\n<p>S\u00ed, la experiencia de ambos candidatos puede ser la misma, pero la forma de decirlo cambia el resultado.<\/p>\n\n\n\n<p>Como colof\u00f3n diremos que: Tal vez no se trate de hablar m\u00e1s\u2026 sino de hablar mejor.<\/p>\n\n\n\n<p>Porque antes de decir algo, basta con detenerse y pensar: \u00bfQu\u00e9 quiero comunicar? \u00bfCu\u00e1l es la idea principal? y, \u00bfSe entiende con claridad?<\/p>\n\n\n\n<p>Y, sobre todo, volver a lo esencial que ser\u00eda: Leer para tener ideas, escribir para organizarlas y hablar para compartirlas.<\/p>\n\n\n\n<p>Y\u2026 retomando la pregunta inicial: \u00bfEstamos hablando para llenar espacios\u2026 o para comunicar con sentido? y, \u00bfNuestra forma de hablar refleja claridad\u2026 o evidencia o, confusi\u00f3n?<\/p>\n\n\n\n<p>Porque al final, la oralidad no es un acto aislado. Es el resultado de todo lo que se ha le\u00eddo, escrito y pensado.<\/p>\n\n\n\n<p>Y cuando ese proceso se fortalece\u2026 ocurre algo importante; la palabra deja de ser ruido\u2026 y se convierte en una herramienta para conectar, influir y crecer.<\/p>\n\n\n\n<p>Porque cuando aprendemos a hablar con claridad\u2026 tambi\u00e9n aprendemos a transformar la manera en que vivimos y nos relacionamos.<\/p>\n\n\n\n<p>Si este art\u00edculo despert\u00f3 alguna idea, una duda o incluso una inquietud\u2026 entonces ya vali\u00f3 la pena. Te invito a compartir tu punto de vista en Continuamos.mx, en la secci\u00f3n <em>El Ser y la Nada. Esencia y Tiempo<\/em>. Porque, tu voz tambi\u00e9n construye este espacio.<\/p>\n\n\n\n<p><em>*Administrador de Baldemart y Asociados S.C. y docente desde bachillerato hasta posgrados en instituciones educativas p\u00fablicas y privadas.<\/em><\/p>\n","protected":false},"excerpt":{"rendered":"<p>Hablar para conectar, construir relaciones y transformar oportunidades Por: Fernando Lira Flores* \u00a1Hola de nuevo! Bienvenidos a esta entrega de El Ser y la Nada. Esencia y Tiempo. En las \u00faltimas dos entregas de estos art\u00edculos, se abord\u00f3 c\u00f3mo la escritura permite ordenar ideas y c\u00f3mo la lectura les da origen. Sin embargo, queda una [&hellip;]<\/p>\n","protected":false},"author":6,"featured_media":53879,"comment_status":"closed","ping_status":"closed","sticky":false,"template":"","format":"standard","meta":{"footnotes":""},"categories":[10,9],"tags":[],"class_list":["post-54700","post","type-post","status-publish","format-standard","has-post-thumbnail","hentry","category-articulo-de-contenido","category-columnas"],"yoast_head":"<!-- This site is optimized with the Yoast SEO plugin v27.5 - https:\/\/yoast.com\/product\/yoast-seo-wordpress\/ -->\n<title>EL SER Y LA NADA. ESENCIA Y TIEMPO -<\/title>\n<meta name=\"robots\" content=\"index, follow, max-snippet:-1, max-image-preview:large, max-video-preview:-1\" \/>\n<link rel=\"canonical\" href=\"https:\/\/continuamosmx.com\/index.php\/2026\/04\/29\/el-ser-y-la-nada-esencia-y-tiempo-19\/\" \/>\n<meta property=\"og:locale\" content=\"es_ES\" \/>\n<meta property=\"og:type\" content=\"article\" \/>\n<meta property=\"og:title\" content=\"EL SER Y LA NADA. ESENCIA Y TIEMPO -\" \/>\n<meta property=\"og:description\" content=\"Hablar para conectar, construir relaciones y transformar oportunidades Por: Fernando Lira Flores* \u00a1Hola de nuevo! Bienvenidos a esta entrega de El Ser y la Nada. Esencia y Tiempo. En las \u00faltimas dos entregas de estos art\u00edculos, se abord\u00f3 c\u00f3mo la escritura permite ordenar ideas y c\u00f3mo la lectura les da origen. Sin embargo, queda una [&hellip;]\" \/>\n<meta property=\"og:url\" content=\"https:\/\/continuamosmx.com\/index.php\/2026\/04\/29\/el-ser-y-la-nada-esencia-y-tiempo-19\/\" \/>\n<meta property=\"article:published_time\" content=\"2026-04-29T17:25:13+00:00\" \/>\n<meta property=\"og:image\" content=\"https:\/\/continuamosmx.com\/wp-content\/uploads\/2026\/03\/lira.png\" \/>\n\t<meta property=\"og:image:width\" content=\"348\" \/>\n\t<meta property=\"og:image:height\" content=\"397\" \/>\n\t<meta property=\"og:image:type\" content=\"image\/png\" \/>\n<meta name=\"author\" content=\"Continuamos MX\" \/>\n<meta name=\"twitter:card\" content=\"summary_large_image\" \/>\n<meta name=\"twitter:label1\" content=\"Escrito por\" \/>\n\t<meta name=\"twitter:data1\" content=\"Continuamos MX\" \/>\n\t<meta name=\"twitter:label2\" content=\"Tiempo de lectura\" \/>\n\t<meta name=\"twitter:data2\" content=\"5 minutos\" \/>\n<script type=\"application\/ld+json\" class=\"yoast-schema-graph\">{\"@context\":\"https:\\\/\\\/schema.org\",\"@graph\":[{\"@type\":\"Article\",\"@id\":\"https:\\\/\\\/continuamosmx.com\\\/index.php\\\/2026\\\/04\\\/29\\\/el-ser-y-la-nada-esencia-y-tiempo-19\\\/#article\",\"isPartOf\":{\"@id\":\"https:\\\/\\\/continuamosmx.com\\\/index.php\\\/2026\\\/04\\\/29\\\/el-ser-y-la-nada-esencia-y-tiempo-19\\\/\"},\"author\":{\"name\":\"Continuamos MX\",\"@id\":\"https:\\\/\\\/continuamosmx.com\\\/#\\\/schema\\\/person\\\/5eb5356acb1fad784da407d14f0e8d89\"},\"headline\":\"EL SER Y LA NADA. ESENCIA Y TIEMPO\",\"datePublished\":\"2026-04-29T17:25:13+00:00\",\"mainEntityOfPage\":{\"@id\":\"https:\\\/\\\/continuamosmx.com\\\/index.php\\\/2026\\\/04\\\/29\\\/el-ser-y-la-nada-esencia-y-tiempo-19\\\/\"},\"wordCount\":964,\"publisher\":{\"@id\":\"https:\\\/\\\/continuamosmx.com\\\/#organization\"},\"image\":{\"@id\":\"https:\\\/\\\/continuamosmx.com\\\/index.php\\\/2026\\\/04\\\/29\\\/el-ser-y-la-nada-esencia-y-tiempo-19\\\/#primaryimage\"},\"thumbnailUrl\":\"https:\\\/\\\/continuamosmx.com\\\/wp-content\\\/uploads\\\/2026\\\/03\\\/lira.png\",\"articleSection\":[\"ART\u00cdCULO DE CONTENIDO\",\"COLUMNAS\"],\"inLanguage\":\"es\"},{\"@type\":\"WebPage\",\"@id\":\"https:\\\/\\\/continuamosmx.com\\\/index.php\\\/2026\\\/04\\\/29\\\/el-ser-y-la-nada-esencia-y-tiempo-19\\\/\",\"url\":\"https:\\\/\\\/continuamosmx.com\\\/index.php\\\/2026\\\/04\\\/29\\\/el-ser-y-la-nada-esencia-y-tiempo-19\\\/\",\"name\":\"EL SER Y LA NADA. ESENCIA Y TIEMPO -\",\"isPartOf\":{\"@id\":\"https:\\\/\\\/continuamosmx.com\\\/#website\"},\"primaryImageOfPage\":{\"@id\":\"https:\\\/\\\/continuamosmx.com\\\/index.php\\\/2026\\\/04\\\/29\\\/el-ser-y-la-nada-esencia-y-tiempo-19\\\/#primaryimage\"},\"image\":{\"@id\":\"https:\\\/\\\/continuamosmx.com\\\/index.php\\\/2026\\\/04\\\/29\\\/el-ser-y-la-nada-esencia-y-tiempo-19\\\/#primaryimage\"},\"thumbnailUrl\":\"https:\\\/\\\/continuamosmx.com\\\/wp-content\\\/uploads\\\/2026\\\/03\\\/lira.png\",\"datePublished\":\"2026-04-29T17:25:13+00:00\",\"breadcrumb\":{\"@id\":\"https:\\\/\\\/continuamosmx.com\\\/index.php\\\/2026\\\/04\\\/29\\\/el-ser-y-la-nada-esencia-y-tiempo-19\\\/#breadcrumb\"},\"inLanguage\":\"es\",\"potentialAction\":[{\"@type\":\"ReadAction\",\"target\":[\"https:\\\/\\\/continuamosmx.com\\\/index.php\\\/2026\\\/04\\\/29\\\/el-ser-y-la-nada-esencia-y-tiempo-19\\\/\"]}]},{\"@type\":\"ImageObject\",\"inLanguage\":\"es\",\"@id\":\"https:\\\/\\\/continuamosmx.com\\\/index.php\\\/2026\\\/04\\\/29\\\/el-ser-y-la-nada-esencia-y-tiempo-19\\\/#primaryimage\",\"url\":\"https:\\\/\\\/continuamosmx.com\\\/wp-content\\\/uploads\\\/2026\\\/03\\\/lira.png\",\"contentUrl\":\"https:\\\/\\\/continuamosmx.com\\\/wp-content\\\/uploads\\\/2026\\\/03\\\/lira.png\",\"width\":348,\"height\":397},{\"@type\":\"BreadcrumbList\",\"@id\":\"https:\\\/\\\/continuamosmx.com\\\/index.php\\\/2026\\\/04\\\/29\\\/el-ser-y-la-nada-esencia-y-tiempo-19\\\/#breadcrumb\",\"itemListElement\":[{\"@type\":\"ListItem\",\"position\":1,\"name\":\"Inicio\",\"item\":\"https:\\\/\\\/continuamosmx.com\\\/\"},{\"@type\":\"ListItem\",\"position\":2,\"name\":\"EL SER Y LA NADA. ESENCIA Y TIEMPO\"}]},{\"@type\":\"WebSite\",\"@id\":\"https:\\\/\\\/continuamosmx.com\\\/#website\",\"url\":\"https:\\\/\\\/continuamosmx.com\\\/\",\"name\":\"www.continuamosmx.com\",\"description\":\"\",\"publisher\":{\"@id\":\"https:\\\/\\\/continuamosmx.com\\\/#organization\"},\"potentialAction\":[{\"@type\":\"SearchAction\",\"target\":{\"@type\":\"EntryPoint\",\"urlTemplate\":\"https:\\\/\\\/continuamosmx.com\\\/?s={search_term_string}\"},\"query-input\":{\"@type\":\"PropertyValueSpecification\",\"valueRequired\":true,\"valueName\":\"search_term_string\"}}],\"inLanguage\":\"es\"},{\"@type\":\"Organization\",\"@id\":\"https:\\\/\\\/continuamosmx.com\\\/#organization\",\"name\":\"ContinuamosMX\",\"url\":\"https:\\\/\\\/continuamosmx.com\\\/\",\"logo\":{\"@type\":\"ImageObject\",\"inLanguage\":\"es\",\"@id\":\"https:\\\/\\\/continuamosmx.com\\\/#\\\/schema\\\/logo\\\/image\\\/\",\"url\":\"https:\\\/\\\/continuamosmx.com\\\/wp-content\\\/uploads\\\/2023\\\/04\\\/cropped-LOGO-CONTI-NUEVO.png\",\"contentUrl\":\"https:\\\/\\\/continuamosmx.com\\\/wp-content\\\/uploads\\\/2023\\\/04\\\/cropped-LOGO-CONTI-NUEVO.png\",\"width\":1257,\"height\":430,\"caption\":\"ContinuamosMX\"},\"image\":{\"@id\":\"https:\\\/\\\/continuamosmx.com\\\/#\\\/schema\\\/logo\\\/image\\\/\"}},{\"@type\":\"Person\",\"@id\":\"https:\\\/\\\/continuamosmx.com\\\/#\\\/schema\\\/person\\\/5eb5356acb1fad784da407d14f0e8d89\",\"name\":\"Continuamos MX\",\"image\":{\"@type\":\"ImageObject\",\"inLanguage\":\"es\",\"@id\":\"https:\\\/\\\/secure.gravatar.com\\\/avatar\\\/30d4f9723476a15f4da34d35fb3501f08d2357016c76051c6a85c354c7489589?s=96&d=mm&r=g\",\"url\":\"https:\\\/\\\/secure.gravatar.com\\\/avatar\\\/30d4f9723476a15f4da34d35fb3501f08d2357016c76051c6a85c354c7489589?s=96&d=mm&r=g\",\"contentUrl\":\"https:\\\/\\\/secure.gravatar.com\\\/avatar\\\/30d4f9723476a15f4da34d35fb3501f08d2357016c76051c6a85c354c7489589?s=96&d=mm&r=g\",\"caption\":\"Continuamos MX\"},\"sameAs\":[\"http:\\\/\\\/www.continuamos.mx\"],\"url\":\"https:\\\/\\\/continuamosmx.com\\\/index.php\\\/author\\\/continuamos\\\/\"}]}<\/script>\n<!-- \/ Yoast SEO plugin. -->","yoast_head_json":{"title":"EL SER Y LA NADA. ESENCIA Y TIEMPO -","robots":{"index":"index","follow":"follow","max-snippet":"max-snippet:-1","max-image-preview":"max-image-preview:large","max-video-preview":"max-video-preview:-1"},"canonical":"https:\/\/continuamosmx.com\/index.php\/2026\/04\/29\/el-ser-y-la-nada-esencia-y-tiempo-19\/","og_locale":"es_ES","og_type":"article","og_title":"EL SER Y LA NADA. ESENCIA Y TIEMPO -","og_description":"Hablar para conectar, construir relaciones y transformar oportunidades Por: Fernando Lira Flores* \u00a1Hola de nuevo! Bienvenidos a esta entrega de El Ser y la Nada. Esencia y Tiempo. En las \u00faltimas dos entregas de estos art\u00edculos, se abord\u00f3 c\u00f3mo la escritura permite ordenar ideas y c\u00f3mo la lectura les da origen. Sin embargo, queda una [&hellip;]","og_url":"https:\/\/continuamosmx.com\/index.php\/2026\/04\/29\/el-ser-y-la-nada-esencia-y-tiempo-19\/","article_published_time":"2026-04-29T17:25:13+00:00","og_image":[{"width":348,"height":397,"url":"https:\/\/continuamosmx.com\/wp-content\/uploads\/2026\/03\/lira.png","type":"image\/png"}],"author":"Continuamos MX","twitter_card":"summary_large_image","twitter_misc":{"Escrito por":"Continuamos MX","Tiempo de lectura":"5 minutos"},"schema":{"@context":"https:\/\/schema.org","@graph":[{"@type":"Article","@id":"https:\/\/continuamosmx.com\/index.php\/2026\/04\/29\/el-ser-y-la-nada-esencia-y-tiempo-19\/#article","isPartOf":{"@id":"https:\/\/continuamosmx.com\/index.php\/2026\/04\/29\/el-ser-y-la-nada-esencia-y-tiempo-19\/"},"author":{"name":"Continuamos MX","@id":"https:\/\/continuamosmx.com\/#\/schema\/person\/5eb5356acb1fad784da407d14f0e8d89"},"headline":"EL SER Y LA NADA. ESENCIA Y TIEMPO","datePublished":"2026-04-29T17:25:13+00:00","mainEntityOfPage":{"@id":"https:\/\/continuamosmx.com\/index.php\/2026\/04\/29\/el-ser-y-la-nada-esencia-y-tiempo-19\/"},"wordCount":964,"publisher":{"@id":"https:\/\/continuamosmx.com\/#organization"},"image":{"@id":"https:\/\/continuamosmx.com\/index.php\/2026\/04\/29\/el-ser-y-la-nada-esencia-y-tiempo-19\/#primaryimage"},"thumbnailUrl":"https:\/\/continuamosmx.com\/wp-content\/uploads\/2026\/03\/lira.png","articleSection":["ART\u00cdCULO DE CONTENIDO","COLUMNAS"],"inLanguage":"es"},{"@type":"WebPage","@id":"https:\/\/continuamosmx.com\/index.php\/2026\/04\/29\/el-ser-y-la-nada-esencia-y-tiempo-19\/","url":"https:\/\/continuamosmx.com\/index.php\/2026\/04\/29\/el-ser-y-la-nada-esencia-y-tiempo-19\/","name":"EL SER Y LA NADA. ESENCIA Y TIEMPO -","isPartOf":{"@id":"https:\/\/continuamosmx.com\/#website"},"primaryImageOfPage":{"@id":"https:\/\/continuamosmx.com\/index.php\/2026\/04\/29\/el-ser-y-la-nada-esencia-y-tiempo-19\/#primaryimage"},"image":{"@id":"https:\/\/continuamosmx.com\/index.php\/2026\/04\/29\/el-ser-y-la-nada-esencia-y-tiempo-19\/#primaryimage"},"thumbnailUrl":"https:\/\/continuamosmx.com\/wp-content\/uploads\/2026\/03\/lira.png","datePublished":"2026-04-29T17:25:13+00:00","breadcrumb":{"@id":"https:\/\/continuamosmx.com\/index.php\/2026\/04\/29\/el-ser-y-la-nada-esencia-y-tiempo-19\/#breadcrumb"},"inLanguage":"es","potentialAction":[{"@type":"ReadAction","target":["https:\/\/continuamosmx.com\/index.php\/2026\/04\/29\/el-ser-y-la-nada-esencia-y-tiempo-19\/"]}]},{"@type":"ImageObject","inLanguage":"es","@id":"https:\/\/continuamosmx.com\/index.php\/2026\/04\/29\/el-ser-y-la-nada-esencia-y-tiempo-19\/#primaryimage","url":"https:\/\/continuamosmx.com\/wp-content\/uploads\/2026\/03\/lira.png","contentUrl":"https:\/\/continuamosmx.com\/wp-content\/uploads\/2026\/03\/lira.png","width":348,"height":397},{"@type":"BreadcrumbList","@id":"https:\/\/continuamosmx.com\/index.php\/2026\/04\/29\/el-ser-y-la-nada-esencia-y-tiempo-19\/#breadcrumb","itemListElement":[{"@type":"ListItem","position":1,"name":"Inicio","item":"https:\/\/continuamosmx.com\/"},{"@type":"ListItem","position":2,"name":"EL SER Y LA NADA. ESENCIA Y TIEMPO"}]},{"@type":"WebSite","@id":"https:\/\/continuamosmx.com\/#website","url":"https:\/\/continuamosmx.com\/","name":"www.continuamosmx.com","description":"","publisher":{"@id":"https:\/\/continuamosmx.com\/#organization"},"potentialAction":[{"@type":"SearchAction","target":{"@type":"EntryPoint","urlTemplate":"https:\/\/continuamosmx.com\/?s={search_term_string}"},"query-input":{"@type":"PropertyValueSpecification","valueRequired":true,"valueName":"search_term_string"}}],"inLanguage":"es"},{"@type":"Organization","@id":"https:\/\/continuamosmx.com\/#organization","name":"ContinuamosMX","url":"https:\/\/continuamosmx.com\/","logo":{"@type":"ImageObject","inLanguage":"es","@id":"https:\/\/continuamosmx.com\/#\/schema\/logo\/image\/","url":"https:\/\/continuamosmx.com\/wp-content\/uploads\/2023\/04\/cropped-LOGO-CONTI-NUEVO.png","contentUrl":"https:\/\/continuamosmx.com\/wp-content\/uploads\/2023\/04\/cropped-LOGO-CONTI-NUEVO.png","width":1257,"height":430,"caption":"ContinuamosMX"},"image":{"@id":"https:\/\/continuamosmx.com\/#\/schema\/logo\/image\/"}},{"@type":"Person","@id":"https:\/\/continuamosmx.com\/#\/schema\/person\/5eb5356acb1fad784da407d14f0e8d89","name":"Continuamos MX","image":{"@type":"ImageObject","inLanguage":"es","@id":"https:\/\/secure.gravatar.com\/avatar\/30d4f9723476a15f4da34d35fb3501f08d2357016c76051c6a85c354c7489589?s=96&d=mm&r=g","url":"https:\/\/secure.gravatar.com\/avatar\/30d4f9723476a15f4da34d35fb3501f08d2357016c76051c6a85c354c7489589?s=96&d=mm&r=g","contentUrl":"https:\/\/secure.gravatar.com\/avatar\/30d4f9723476a15f4da34d35fb3501f08d2357016c76051c6a85c354c7489589?s=96&d=mm&r=g","caption":"Continuamos MX"},"sameAs":["http:\/\/www.continuamos.mx"],"url":"https:\/\/continuamosmx.com\/index.php\/author\/continuamos\/"}]}},"_links":{"self":[{"href":"https:\/\/continuamosmx.com\/index.php\/wp-json\/wp\/v2\/posts\/54700","targetHints":{"allow":["GET"]}}],"collection":[{"href":"https:\/\/continuamosmx.com\/index.php\/wp-json\/wp\/v2\/posts"}],"about":[{"href":"https:\/\/continuamosmx.com\/index.php\/wp-json\/wp\/v2\/types\/post"}],"author":[{"embeddable":true,"href":"https:\/\/continuamosmx.com\/index.php\/wp-json\/wp\/v2\/users\/6"}],"replies":[{"embeddable":true,"href":"https:\/\/continuamosmx.com\/index.php\/wp-json\/wp\/v2\/comments?post=54700"}],"version-history":[{"count":1,"href":"https:\/\/continuamosmx.com\/index.php\/wp-json\/wp\/v2\/posts\/54700\/revisions"}],"predecessor-version":[{"id":54701,"href":"https:\/\/continuamosmx.com\/index.php\/wp-json\/wp\/v2\/posts\/54700\/revisions\/54701"}],"wp:featuredmedia":[{"embeddable":true,"href":"https:\/\/continuamosmx.com\/index.php\/wp-json\/wp\/v2\/media\/53879"}],"wp:attachment":[{"href":"https:\/\/continuamosmx.com\/index.php\/wp-json\/wp\/v2\/media?parent=54700"}],"wp:term":[{"taxonomy":"category","embeddable":true,"href":"https:\/\/continuamosmx.com\/index.php\/wp-json\/wp\/v2\/categories?post=54700"},{"taxonomy":"post_tag","embeddable":true,"href":"https:\/\/continuamosmx.com\/index.php\/wp-json\/wp\/v2\/tags?post=54700"}],"curies":[{"name":"wp","href":"https:\/\/api.w.org\/{rel}","templated":true}]}}