{"id":54693,"date":"2026-04-28T23:56:43","date_gmt":"2026-04-29T05:56:43","guid":{"rendered":"https:\/\/continuamosmx.com\/?p=54693"},"modified":"2026-04-28T23:56:43","modified_gmt":"2026-04-29T05:56:43","slug":"asume-alejandro-carrillo-la-presidencia-del-consejo-consultivo-para-proteccion-de-periodistas-en-edomex","status":"publish","type":"post","link":"https:\/\/continuamosmx.com\/index.php\/2026\/04\/28\/asume-alejandro-carrillo-la-presidencia-del-consejo-consultivo-para-proteccion-de-periodistas-en-edomex\/","title":{"rendered":"ASUME ALEJANDRO CARRILLO LA PRESIDENCIA DEL CONSEJO CONSULTIVO PARA PROTECCI\u00d3N DE PERIODISTAS EN EDOM\u00c9X"},"content":{"rendered":"\n<h2 class=\"wp-block-heading\"><strong>El nuevo \u00f3rgano colegiado buscar\u00e1 garantizar la libertad de expresi\u00f3n y los derechos laborales del gremio tras la implementaci\u00f3n de la Ley Integral en la entidad.<\/strong><\/h2>\n\n\n\n<p>En un acto encabezado por la Consejer\u00eda Jur\u00eddica del Estado de M\u00e9xico, se llev\u00f3 a cabo la toma de protesta de los 13 integrantes propietarios y 13 suplentes que conformar\u00e1n el Consejo Consultivo del Mecanismo de Protecci\u00f3n a Periodistas y Personas Defensoras de los Derechos Humanos. Durante el evento, celebrado en Texcoco, el titular de la dependencia, Jes\u00fas George Zamora, destac\u00f3 que este avance es resultado de un a\u00f1o de foros y an\u00e1lisis legislativos destinados a fortalecer la seguridad y los beneficios sociales para quienes ejercen el periodismo en territorio mexiquense.<\/p>\n\n\n\n<p>Por votaci\u00f3n econ\u00f3mica, los consejeros designaron al periodista Manuel Alejandro Carrillo Segovia como presidente del organismo para el periodo 2026-2028. Asimismo, la activista Fabiola Vite Torres fue nombrada secretaria, mientras que Maricruz Rivera Garz\u00f3n y Juan Antonio Mondrag\u00f3n se integraron como representantes ante la Junta de Gobierno. George Zamora subray\u00f3 que estas acciones forman parte de la pol\u00edtica de la gobernadora Delfina G\u00f3mez para asegurar que prevalezcan los derechos fundamentales y el respaldo institucional al gremio period\u00edstico.<\/p>\n\n\n\n<p>En su mensaje inicial, Carrillo Segovia hizo un llamado a la unidad y al trabajo operativo inmediato. El nuevo presidente enfatiz\u00f3 que su gesti\u00f3n se basar\u00e1 en un enfoque incluyente y activo, orientado a responder con resultados concretos a las necesidades de seguridad y justicia que demandan tanto comunicadores como defensores de derechos humanos bajo el amparo de la ley vigente.<\/p>\n\n\n\n<figure class=\"wp-block-gallery has-nested-images columns-default is-cropped wp-block-gallery-1 is-layout-flex wp-block-gallery-is-layout-flex\">\n<figure class=\"wp-block-image size-large\"><img loading=\"lazy\" decoding=\"async\" width=\"768\" height=\"512\" data-id=\"54695\" src=\"https:\/\/continuamosmx.com\/wp-content\/uploads\/2026\/04\/perio-5-1.webp\" alt=\"\" class=\"wp-image-54695\" srcset=\"https:\/\/continuamosmx.com\/wp-content\/uploads\/2026\/04\/perio-5-1.webp 768w, https:\/\/continuamosmx.com\/wp-content\/uploads\/2026\/04\/perio-5-1-300x200.webp 300w\" sizes=\"auto, (max-width: 768px) 100vw, 768px\" \/><\/figure>\n\n\n\n<figure class=\"wp-block-image size-large\"><img loading=\"lazy\" decoding=\"async\" width=\"1024\" height=\"682\" data-id=\"54697\" src=\"https:\/\/continuamosmx.com\/wp-content\/uploads\/2026\/04\/perio2-1024x682.webp\" alt=\"\" class=\"wp-image-54697\" srcset=\"https:\/\/continuamosmx.com\/wp-content\/uploads\/2026\/04\/perio2-1024x682.webp 1024w, https:\/\/continuamosmx.com\/wp-content\/uploads\/2026\/04\/perio2-300x200.webp 300w, https:\/\/continuamosmx.com\/wp-content\/uploads\/2026\/04\/perio2-768x512.webp 768w, https:\/\/continuamosmx.com\/wp-content\/uploads\/2026\/04\/perio2.webp 1280w\" sizes=\"auto, (max-width: 1024px) 100vw, 1024px\" \/><\/figure>\n\n\n\n<figure class=\"wp-block-image size-large\"><img loading=\"lazy\" decoding=\"async\" width=\"1024\" height=\"682\" data-id=\"54696\" src=\"https:\/\/continuamosmx.com\/wp-content\/uploads\/2026\/04\/perio3-1024x682.webp\" alt=\"\" class=\"wp-image-54696\" srcset=\"https:\/\/continuamosmx.com\/wp-content\/uploads\/2026\/04\/perio3-1024x682.webp 1024w, https:\/\/continuamosmx.com\/wp-content\/uploads\/2026\/04\/perio3-300x200.webp 300w, https:\/\/continuamosmx.com\/wp-content\/uploads\/2026\/04\/perio3-768x512.webp 768w, https:\/\/continuamosmx.com\/wp-content\/uploads\/2026\/04\/perio3.webp 1280w\" sizes=\"auto, (max-width: 1024px) 100vw, 1024px\" \/><\/figure>\n\n\n\n<figure class=\"wp-block-image size-large\"><img loading=\"lazy\" decoding=\"async\" width=\"1024\" height=\"682\" data-id=\"54698\" src=\"https:\/\/continuamosmx.com\/wp-content\/uploads\/2026\/04\/perio4-1024x682.webp\" alt=\"\" class=\"wp-image-54698\" srcset=\"https:\/\/continuamosmx.com\/wp-content\/uploads\/2026\/04\/perio4-1024x682.webp 1024w, https:\/\/continuamosmx.com\/wp-content\/uploads\/2026\/04\/perio4-300x200.webp 300w, https:\/\/continuamosmx.com\/wp-content\/uploads\/2026\/04\/perio4-768x512.webp 768w, https:\/\/continuamosmx.com\/wp-content\/uploads\/2026\/04\/perio4.webp 1280w\" sizes=\"auto, (max-width: 1024px) 100vw, 1024px\" \/><\/figure>\n<\/figure>\n","protected":false},"excerpt":{"rendered":"<p>El nuevo \u00f3rgano colegiado buscar\u00e1 garantizar la libertad de expresi\u00f3n y los derechos laborales del gremio tras la implementaci\u00f3n de la Ley Integral en la entidad. En un acto encabezado por la Consejer\u00eda Jur\u00eddica del Estado de M\u00e9xico, se llev\u00f3 a cabo la toma de protesta de los 13 integrantes propietarios y 13 suplentes que [&hellip;]<\/p>\n","protected":false},"author":6,"featured_media":54694,"comment_status":"closed","ping_status":"closed","sticky":false,"template":"","format":"standard","meta":{"footnotes":""},"categories":[2],"tags":[],"class_list":["post-54693","post","type-post","status-publish","format-standard","has-post-thumbnail","hentry","category-edomex"],"yoast_head":"<!-- This site is optimized with the Yoast SEO plugin v27.5 - https:\/\/yoast.com\/product\/yoast-seo-wordpress\/ -->\n<title>ASUME ALEJANDRO CARRILLO LA PRESIDENCIA DEL CONSEJO CONSULTIVO PARA PROTECCI\u00d3N DE PERIODISTAS EN EDOM\u00c9X -<\/title>\n<meta name=\"robots\" content=\"index, follow, max-snippet:-1, max-image-preview:large, max-video-preview:-1\" \/>\n<link rel=\"canonical\" href=\"https:\/\/continuamosmx.com\/index.php\/2026\/04\/28\/asume-alejandro-carrillo-la-presidencia-del-consejo-consultivo-para-proteccion-de-periodistas-en-edomex\/\" \/>\n<meta property=\"og:locale\" content=\"es_ES\" \/>\n<meta property=\"og:type\" content=\"article\" \/>\n<meta property=\"og:title\" content=\"ASUME ALEJANDRO CARRILLO LA PRESIDENCIA DEL CONSEJO CONSULTIVO PARA PROTECCI\u00d3N DE PERIODISTAS EN EDOM\u00c9X -\" \/>\n<meta property=\"og:description\" content=\"El nuevo \u00f3rgano colegiado buscar\u00e1 garantizar la libertad de expresi\u00f3n y los derechos laborales del gremio tras la implementaci\u00f3n de la Ley Integral en la entidad. En un acto encabezado por la Consejer\u00eda Jur\u00eddica del Estado de M\u00e9xico, se llev\u00f3 a cabo la toma de protesta de los 13 integrantes propietarios y 13 suplentes que [&hellip;]\" \/>\n<meta property=\"og:url\" content=\"https:\/\/continuamosmx.com\/index.php\/2026\/04\/28\/asume-alejandro-carrillo-la-presidencia-del-consejo-consultivo-para-proteccion-de-periodistas-en-edomex\/\" \/>\n<meta property=\"article:published_time\" content=\"2026-04-29T05:56:43+00:00\" \/>\n<meta property=\"og:image\" content=\"https:\/\/continuamosmx.com\/wp-content\/uploads\/2026\/04\/perio-5.webp\" \/>\n\t<meta property=\"og:image:width\" content=\"768\" \/>\n\t<meta property=\"og:image:height\" content=\"512\" \/>\n\t<meta property=\"og:image:type\" content=\"image\/webp\" \/>\n<meta name=\"author\" content=\"Continuamos MX\" \/>\n<meta name=\"twitter:card\" content=\"summary_large_image\" \/>\n<meta name=\"twitter:label1\" content=\"Escrito por\" \/>\n\t<meta name=\"twitter:data1\" content=\"Continuamos MX\" \/>\n\t<meta name=\"twitter:label2\" content=\"Tiempo de lectura\" \/>\n\t<meta name=\"twitter:data2\" content=\"3 minutos\" \/>\n<script type=\"application\/ld+json\" class=\"yoast-schema-graph\">{\"@context\":\"https:\\\/\\\/schema.org\",\"@graph\":[{\"@type\":\"Article\",\"@id\":\"https:\\\/\\\/continuamosmx.com\\\/index.php\\\/2026\\\/04\\\/28\\\/asume-alejandro-carrillo-la-presidencia-del-consejo-consultivo-para-proteccion-de-periodistas-en-edomex\\\/#article\",\"isPartOf\":{\"@id\":\"https:\\\/\\\/continuamosmx.com\\\/index.php\\\/2026\\\/04\\\/28\\\/asume-alejandro-carrillo-la-presidencia-del-consejo-consultivo-para-proteccion-de-periodistas-en-edomex\\\/\"},\"author\":{\"name\":\"Continuamos MX\",\"@id\":\"https:\\\/\\\/continuamosmx.com\\\/#\\\/schema\\\/person\\\/5eb5356acb1fad784da407d14f0e8d89\"},\"headline\":\"ASUME ALEJANDRO CARRILLO LA PRESIDENCIA DEL CONSEJO CONSULTIVO PARA PROTECCI\u00d3N DE PERIODISTAS EN EDOM\u00c9X\",\"datePublished\":\"2026-04-29T05:56:43+00:00\",\"mainEntityOfPage\":{\"@id\":\"https:\\\/\\\/continuamosmx.com\\\/index.php\\\/2026\\\/04\\\/28\\\/asume-alejandro-carrillo-la-presidencia-del-consejo-consultivo-para-proteccion-de-periodistas-en-edomex\\\/\"},\"wordCount\":287,\"publisher\":{\"@id\":\"https:\\\/\\\/continuamosmx.com\\\/#organization\"},\"image\":{\"@id\":\"https:\\\/\\\/continuamosmx.com\\\/index.php\\\/2026\\\/04\\\/28\\\/asume-alejandro-carrillo-la-presidencia-del-consejo-consultivo-para-proteccion-de-periodistas-en-edomex\\\/#primaryimage\"},\"thumbnailUrl\":\"https:\\\/\\\/continuamosmx.com\\\/wp-content\\\/uploads\\\/2026\\\/04\\\/perio-5.webp\",\"articleSection\":[\"EDOMEX\"],\"inLanguage\":\"es\"},{\"@type\":\"WebPage\",\"@id\":\"https:\\\/\\\/continuamosmx.com\\\/index.php\\\/2026\\\/04\\\/28\\\/asume-alejandro-carrillo-la-presidencia-del-consejo-consultivo-para-proteccion-de-periodistas-en-edomex\\\/\",\"url\":\"https:\\\/\\\/continuamosmx.com\\\/index.php\\\/2026\\\/04\\\/28\\\/asume-alejandro-carrillo-la-presidencia-del-consejo-consultivo-para-proteccion-de-periodistas-en-edomex\\\/\",\"name\":\"ASUME ALEJANDRO CARRILLO LA PRESIDENCIA DEL CONSEJO CONSULTIVO PARA PROTECCI\u00d3N DE PERIODISTAS EN EDOM\u00c9X -\",\"isPartOf\":{\"@id\":\"https:\\\/\\\/continuamosmx.com\\\/#website\"},\"primaryImageOfPage\":{\"@id\":\"https:\\\/\\\/continuamosmx.com\\\/index.php\\\/2026\\\/04\\\/28\\\/asume-alejandro-carrillo-la-presidencia-del-consejo-consultivo-para-proteccion-de-periodistas-en-edomex\\\/#primaryimage\"},\"image\":{\"@id\":\"https:\\\/\\\/continuamosmx.com\\\/index.php\\\/2026\\\/04\\\/28\\\/asume-alejandro-carrillo-la-presidencia-del-consejo-consultivo-para-proteccion-de-periodistas-en-edomex\\\/#primaryimage\"},\"thumbnailUrl\":\"https:\\\/\\\/continuamosmx.com\\\/wp-content\\\/uploads\\\/2026\\\/04\\\/perio-5.webp\",\"datePublished\":\"2026-04-29T05:56:43+00:00\",\"breadcrumb\":{\"@id\":\"https:\\\/\\\/continuamosmx.com\\\/index.php\\\/2026\\\/04\\\/28\\\/asume-alejandro-carrillo-la-presidencia-del-consejo-consultivo-para-proteccion-de-periodistas-en-edomex\\\/#breadcrumb\"},\"inLanguage\":\"es\",\"potentialAction\":[{\"@type\":\"ReadAction\",\"target\":[\"https:\\\/\\\/continuamosmx.com\\\/index.php\\\/2026\\\/04\\\/28\\\/asume-alejandro-carrillo-la-presidencia-del-consejo-consultivo-para-proteccion-de-periodistas-en-edomex\\\/\"]}]},{\"@type\":\"ImageObject\",\"inLanguage\":\"es\",\"@id\":\"https:\\\/\\\/continuamosmx.com\\\/index.php\\\/2026\\\/04\\\/28\\\/asume-alejandro-carrillo-la-presidencia-del-consejo-consultivo-para-proteccion-de-periodistas-en-edomex\\\/#primaryimage\",\"url\":\"https:\\\/\\\/continuamosmx.com\\\/wp-content\\\/uploads\\\/2026\\\/04\\\/perio-5.webp\",\"contentUrl\":\"https:\\\/\\\/continuamosmx.com\\\/wp-content\\\/uploads\\\/2026\\\/04\\\/perio-5.webp\",\"width\":768,\"height\":512},{\"@type\":\"BreadcrumbList\",\"@id\":\"https:\\\/\\\/continuamosmx.com\\\/index.php\\\/2026\\\/04\\\/28\\\/asume-alejandro-carrillo-la-presidencia-del-consejo-consultivo-para-proteccion-de-periodistas-en-edomex\\\/#breadcrumb\",\"itemListElement\":[{\"@type\":\"ListItem\",\"position\":1,\"name\":\"Inicio\",\"item\":\"https:\\\/\\\/continuamosmx.com\\\/\"},{\"@type\":\"ListItem\",\"position\":2,\"name\":\"ASUME ALEJANDRO CARRILLO LA PRESIDENCIA DEL CONSEJO CONSULTIVO PARA PROTECCI\u00d3N DE PERIODISTAS EN EDOM\u00c9X\"}]},{\"@type\":\"WebSite\",\"@id\":\"https:\\\/\\\/continuamosmx.com\\\/#website\",\"url\":\"https:\\\/\\\/continuamosmx.com\\\/\",\"name\":\"www.continuamosmx.com\",\"description\":\"\",\"publisher\":{\"@id\":\"https:\\\/\\\/continuamosmx.com\\\/#organization\"},\"potentialAction\":[{\"@type\":\"SearchAction\",\"target\":{\"@type\":\"EntryPoint\",\"urlTemplate\":\"https:\\\/\\\/continuamosmx.com\\\/?s={search_term_string}\"},\"query-input\":{\"@type\":\"PropertyValueSpecification\",\"valueRequired\":true,\"valueName\":\"search_term_string\"}}],\"inLanguage\":\"es\"},{\"@type\":\"Organization\",\"@id\":\"https:\\\/\\\/continuamosmx.com\\\/#organization\",\"name\":\"ContinuamosMX\",\"url\":\"https:\\\/\\\/continuamosmx.com\\\/\",\"logo\":{\"@type\":\"ImageObject\",\"inLanguage\":\"es\",\"@id\":\"https:\\\/\\\/continuamosmx.com\\\/#\\\/schema\\\/logo\\\/image\\\/\",\"url\":\"https:\\\/\\\/continuamosmx.com\\\/wp-content\\\/uploads\\\/2023\\\/04\\\/cropped-LOGO-CONTI-NUEVO.png\",\"contentUrl\":\"https:\\\/\\\/continuamosmx.com\\\/wp-content\\\/uploads\\\/2023\\\/04\\\/cropped-LOGO-CONTI-NUEVO.png\",\"width\":1257,\"height\":430,\"caption\":\"ContinuamosMX\"},\"image\":{\"@id\":\"https:\\\/\\\/continuamosmx.com\\\/#\\\/schema\\\/logo\\\/image\\\/\"}},{\"@type\":\"Person\",\"@id\":\"https:\\\/\\\/continuamosmx.com\\\/#\\\/schema\\\/person\\\/5eb5356acb1fad784da407d14f0e8d89\",\"name\":\"Continuamos MX\",\"image\":{\"@type\":\"ImageObject\",\"inLanguage\":\"es\",\"@id\":\"https:\\\/\\\/secure.gravatar.com\\\/avatar\\\/30d4f9723476a15f4da34d35fb3501f08d2357016c76051c6a85c354c7489589?s=96&d=mm&r=g\",\"url\":\"https:\\\/\\\/secure.gravatar.com\\\/avatar\\\/30d4f9723476a15f4da34d35fb3501f08d2357016c76051c6a85c354c7489589?s=96&d=mm&r=g\",\"contentUrl\":\"https:\\\/\\\/secure.gravatar.com\\\/avatar\\\/30d4f9723476a15f4da34d35fb3501f08d2357016c76051c6a85c354c7489589?s=96&d=mm&r=g\",\"caption\":\"Continuamos MX\"},\"sameAs\":[\"http:\\\/\\\/www.continuamos.mx\"],\"url\":\"https:\\\/\\\/continuamosmx.com\\\/index.php\\\/author\\\/continuamos\\\/\"}]}<\/script>\n<!-- \/ Yoast SEO plugin. -->","yoast_head_json":{"title":"ASUME ALEJANDRO CARRILLO LA PRESIDENCIA DEL CONSEJO CONSULTIVO PARA PROTECCI\u00d3N DE PERIODISTAS EN EDOM\u00c9X -","robots":{"index":"index","follow":"follow","max-snippet":"max-snippet:-1","max-image-preview":"max-image-preview:large","max-video-preview":"max-video-preview:-1"},"canonical":"https:\/\/continuamosmx.com\/index.php\/2026\/04\/28\/asume-alejandro-carrillo-la-presidencia-del-consejo-consultivo-para-proteccion-de-periodistas-en-edomex\/","og_locale":"es_ES","og_type":"article","og_title":"ASUME ALEJANDRO CARRILLO LA PRESIDENCIA DEL CONSEJO CONSULTIVO PARA PROTECCI\u00d3N DE PERIODISTAS EN EDOM\u00c9X -","og_description":"El nuevo \u00f3rgano colegiado buscar\u00e1 garantizar la libertad de expresi\u00f3n y los derechos laborales del gremio tras la implementaci\u00f3n de la Ley Integral en la entidad. En un acto encabezado por la Consejer\u00eda Jur\u00eddica del Estado de M\u00e9xico, se llev\u00f3 a cabo la toma de protesta de los 13 integrantes propietarios y 13 suplentes que [&hellip;]","og_url":"https:\/\/continuamosmx.com\/index.php\/2026\/04\/28\/asume-alejandro-carrillo-la-presidencia-del-consejo-consultivo-para-proteccion-de-periodistas-en-edomex\/","article_published_time":"2026-04-29T05:56:43+00:00","og_image":[{"width":768,"height":512,"url":"https:\/\/continuamosmx.com\/wp-content\/uploads\/2026\/04\/perio-5.webp","type":"image\/webp"}],"author":"Continuamos MX","twitter_card":"summary_large_image","twitter_misc":{"Escrito por":"Continuamos MX","Tiempo de lectura":"3 minutos"},"schema":{"@context":"https:\/\/schema.org","@graph":[{"@type":"Article","@id":"https:\/\/continuamosmx.com\/index.php\/2026\/04\/28\/asume-alejandro-carrillo-la-presidencia-del-consejo-consultivo-para-proteccion-de-periodistas-en-edomex\/#article","isPartOf":{"@id":"https:\/\/continuamosmx.com\/index.php\/2026\/04\/28\/asume-alejandro-carrillo-la-presidencia-del-consejo-consultivo-para-proteccion-de-periodistas-en-edomex\/"},"author":{"name":"Continuamos MX","@id":"https:\/\/continuamosmx.com\/#\/schema\/person\/5eb5356acb1fad784da407d14f0e8d89"},"headline":"ASUME ALEJANDRO CARRILLO LA PRESIDENCIA DEL CONSEJO CONSULTIVO PARA PROTECCI\u00d3N DE PERIODISTAS EN EDOM\u00c9X","datePublished":"2026-04-29T05:56:43+00:00","mainEntityOfPage":{"@id":"https:\/\/continuamosmx.com\/index.php\/2026\/04\/28\/asume-alejandro-carrillo-la-presidencia-del-consejo-consultivo-para-proteccion-de-periodistas-en-edomex\/"},"wordCount":287,"publisher":{"@id":"https:\/\/continuamosmx.com\/#organization"},"image":{"@id":"https:\/\/continuamosmx.com\/index.php\/2026\/04\/28\/asume-alejandro-carrillo-la-presidencia-del-consejo-consultivo-para-proteccion-de-periodistas-en-edomex\/#primaryimage"},"thumbnailUrl":"https:\/\/continuamosmx.com\/wp-content\/uploads\/2026\/04\/perio-5.webp","articleSection":["EDOMEX"],"inLanguage":"es"},{"@type":"WebPage","@id":"https:\/\/continuamosmx.com\/index.php\/2026\/04\/28\/asume-alejandro-carrillo-la-presidencia-del-consejo-consultivo-para-proteccion-de-periodistas-en-edomex\/","url":"https:\/\/continuamosmx.com\/index.php\/2026\/04\/28\/asume-alejandro-carrillo-la-presidencia-del-consejo-consultivo-para-proteccion-de-periodistas-en-edomex\/","name":"ASUME ALEJANDRO CARRILLO LA PRESIDENCIA DEL CONSEJO CONSULTIVO PARA PROTECCI\u00d3N DE PERIODISTAS EN EDOM\u00c9X -","isPartOf":{"@id":"https:\/\/continuamosmx.com\/#website"},"primaryImageOfPage":{"@id":"https:\/\/continuamosmx.com\/index.php\/2026\/04\/28\/asume-alejandro-carrillo-la-presidencia-del-consejo-consultivo-para-proteccion-de-periodistas-en-edomex\/#primaryimage"},"image":{"@id":"https:\/\/continuamosmx.com\/index.php\/2026\/04\/28\/asume-alejandro-carrillo-la-presidencia-del-consejo-consultivo-para-proteccion-de-periodistas-en-edomex\/#primaryimage"},"thumbnailUrl":"https:\/\/continuamosmx.com\/wp-content\/uploads\/2026\/04\/perio-5.webp","datePublished":"2026-04-29T05:56:43+00:00","breadcrumb":{"@id":"https:\/\/continuamosmx.com\/index.php\/2026\/04\/28\/asume-alejandro-carrillo-la-presidencia-del-consejo-consultivo-para-proteccion-de-periodistas-en-edomex\/#breadcrumb"},"inLanguage":"es","potentialAction":[{"@type":"ReadAction","target":["https:\/\/continuamosmx.com\/index.php\/2026\/04\/28\/asume-alejandro-carrillo-la-presidencia-del-consejo-consultivo-para-proteccion-de-periodistas-en-edomex\/"]}]},{"@type":"ImageObject","inLanguage":"es","@id":"https:\/\/continuamosmx.com\/index.php\/2026\/04\/28\/asume-alejandro-carrillo-la-presidencia-del-consejo-consultivo-para-proteccion-de-periodistas-en-edomex\/#primaryimage","url":"https:\/\/continuamosmx.com\/wp-content\/uploads\/2026\/04\/perio-5.webp","contentUrl":"https:\/\/continuamosmx.com\/wp-content\/uploads\/2026\/04\/perio-5.webp","width":768,"height":512},{"@type":"BreadcrumbList","@id":"https:\/\/continuamosmx.com\/index.php\/2026\/04\/28\/asume-alejandro-carrillo-la-presidencia-del-consejo-consultivo-para-proteccion-de-periodistas-en-edomex\/#breadcrumb","itemListElement":[{"@type":"ListItem","position":1,"name":"Inicio","item":"https:\/\/continuamosmx.com\/"},{"@type":"ListItem","position":2,"name":"ASUME ALEJANDRO CARRILLO LA PRESIDENCIA DEL CONSEJO CONSULTIVO PARA PROTECCI\u00d3N DE PERIODISTAS EN EDOM\u00c9X"}]},{"@type":"WebSite","@id":"https:\/\/continuamosmx.com\/#website","url":"https:\/\/continuamosmx.com\/","name":"www.continuamosmx.com","description":"","publisher":{"@id":"https:\/\/continuamosmx.com\/#organization"},"potentialAction":[{"@type":"SearchAction","target":{"@type":"EntryPoint","urlTemplate":"https:\/\/continuamosmx.com\/?s={search_term_string}"},"query-input":{"@type":"PropertyValueSpecification","valueRequired":true,"valueName":"search_term_string"}}],"inLanguage":"es"},{"@type":"Organization","@id":"https:\/\/continuamosmx.com\/#organization","name":"ContinuamosMX","url":"https:\/\/continuamosmx.com\/","logo":{"@type":"ImageObject","inLanguage":"es","@id":"https:\/\/continuamosmx.com\/#\/schema\/logo\/image\/","url":"https:\/\/continuamosmx.com\/wp-content\/uploads\/2023\/04\/cropped-LOGO-CONTI-NUEVO.png","contentUrl":"https:\/\/continuamosmx.com\/wp-content\/uploads\/2023\/04\/cropped-LOGO-CONTI-NUEVO.png","width":1257,"height":430,"caption":"ContinuamosMX"},"image":{"@id":"https:\/\/continuamosmx.com\/#\/schema\/logo\/image\/"}},{"@type":"Person","@id":"https:\/\/continuamosmx.com\/#\/schema\/person\/5eb5356acb1fad784da407d14f0e8d89","name":"Continuamos MX","image":{"@type":"ImageObject","inLanguage":"es","@id":"https:\/\/secure.gravatar.com\/avatar\/30d4f9723476a15f4da34d35fb3501f08d2357016c76051c6a85c354c7489589?s=96&d=mm&r=g","url":"https:\/\/secure.gravatar.com\/avatar\/30d4f9723476a15f4da34d35fb3501f08d2357016c76051c6a85c354c7489589?s=96&d=mm&r=g","contentUrl":"https:\/\/secure.gravatar.com\/avatar\/30d4f9723476a15f4da34d35fb3501f08d2357016c76051c6a85c354c7489589?s=96&d=mm&r=g","caption":"Continuamos MX"},"sameAs":["http:\/\/www.continuamos.mx"],"url":"https:\/\/continuamosmx.com\/index.php\/author\/continuamos\/"}]}},"_links":{"self":[{"href":"https:\/\/continuamosmx.com\/index.php\/wp-json\/wp\/v2\/posts\/54693","targetHints":{"allow":["GET"]}}],"collection":[{"href":"https:\/\/continuamosmx.com\/index.php\/wp-json\/wp\/v2\/posts"}],"about":[{"href":"https:\/\/continuamosmx.com\/index.php\/wp-json\/wp\/v2\/types\/post"}],"author":[{"embeddable":true,"href":"https:\/\/continuamosmx.com\/index.php\/wp-json\/wp\/v2\/users\/6"}],"replies":[{"embeddable":true,"href":"https:\/\/continuamosmx.com\/index.php\/wp-json\/wp\/v2\/comments?post=54693"}],"version-history":[{"count":1,"href":"https:\/\/continuamosmx.com\/index.php\/wp-json\/wp\/v2\/posts\/54693\/revisions"}],"predecessor-version":[{"id":54699,"href":"https:\/\/continuamosmx.com\/index.php\/wp-json\/wp\/v2\/posts\/54693\/revisions\/54699"}],"wp:featuredmedia":[{"embeddable":true,"href":"https:\/\/continuamosmx.com\/index.php\/wp-json\/wp\/v2\/media\/54694"}],"wp:attachment":[{"href":"https:\/\/continuamosmx.com\/index.php\/wp-json\/wp\/v2\/media?parent=54693"}],"wp:term":[{"taxonomy":"category","embeddable":true,"href":"https:\/\/continuamosmx.com\/index.php\/wp-json\/wp\/v2\/categories?post=54693"},{"taxonomy":"post_tag","embeddable":true,"href":"https:\/\/continuamosmx.com\/index.php\/wp-json\/wp\/v2\/tags?post=54693"}],"curies":[{"name":"wp","href":"https:\/\/api.w.org\/{rel}","templated":true}]}}