{"id":54683,"date":"2026-04-28T23:46:27","date_gmt":"2026-04-29T05:46:27","guid":{"rendered":"https:\/\/continuamosmx.com\/?p=54683"},"modified":"2026-04-28T23:46:28","modified_gmt":"2026-04-29T05:46:28","slug":"estos-resultados-posicionan-a-la-entidad-como-referente-nacional-en-talento-matematico-reflejo-de-la-estrategia-educativa-que-prioriza-el-pensamiento-cientifico","status":"publish","type":"post","link":"https:\/\/continuamosmx.com\/index.php\/2026\/04\/28\/estos-resultados-posicionan-a-la-entidad-como-referente-nacional-en-talento-matematico-reflejo-de-la-estrategia-educativa-que-prioriza-el-pensamiento-cientifico\/","title":{"rendered":"ESTOS RESULTADOS POSICIONAN A LA ENTIDAD COMO REFERENTE NACIONAL EN TALENTO MATEM\u00c1TICO, REFLEJO DE LA ESTRATEGIA EDUCATIVA QUE PRIORIZA EL PENSAMIENTO CIENT\u00cdFICO."},"content":{"rendered":"\n<p><strong>Las y los ganadores han sido invitados a participar en el Singapore International Math Olympiad Challenge 2026 (SIMOC), que se llevar\u00e1 a cabo del 17 al 21 de julio en ese pa\u00eds asi\u00e1tico.<\/strong><\/p>\n\n\n\n<p>TOLUCA, Estado de M\u00e9xico.*\u2013 Estudiantes de Educaci\u00f3n Media Superior del Estado de M\u00e9xico obtuvieron 33 reconocimientos internacionales en la Olimpiada de Matem\u00e1ticas de Singapur y Escuelas Asi\u00e1ticas 2026 (SASMO 2026), al conseguir 24 preseas: 5 de oro, 4 de plata y 15 de bronce; adem\u00e1s de 9 menciones honor\u00edficas.<\/p>\n\n\n\n<p>Estos logros reflejan la estrategia educativa de la administraci\u00f3n encabezada por la Gobernadora Delfina G\u00f3mez, alineada a los principios de la Nueva Escuela Mexicana, priorizando el pensamiento cient\u00edfico y el desarrollo de habilidades para la resoluci\u00f3n de problemas.<\/p>\n\n\n\n<p>La Secretar\u00eda de Educaci\u00f3n, Ciencia, Tecnolog\u00eda e Innovaci\u00f3n (SECTI), a cargo de Miguel \u00c1ngel Hern\u00e1ndez Espejel, inform\u00f3 que participaron cerca de 200 estudiantes, quienes compitieron con participantes de distintos pa\u00edses.<\/p>\n\n\n\n<p>Los galardonados provienen de varios municipios, lo que muestra la presencia del talento matem\u00e1tico en diversas regiones de la entidad. Gracias a su desempe\u00f1o, estos estudiantes han sido invitados al Singapore International Math Olympiad Challenge 2026 (SIMOC), una plataforma internacional relevante en el \u00e1mbito matem\u00e1tico.<\/p>\n","protected":false},"excerpt":{"rendered":"<p>Las y los ganadores han sido invitados a participar en el Singapore International Math Olympiad Challenge 2026 (SIMOC), que se llevar\u00e1 a cabo del 17 al 21 de julio en ese pa\u00eds asi\u00e1tico. TOLUCA, Estado de M\u00e9xico.*\u2013 Estudiantes de Educaci\u00f3n Media Superior del Estado de M\u00e9xico obtuvieron 33 reconocimientos internacionales en la Olimpiada de Matem\u00e1ticas [&hellip;]<\/p>\n","protected":false},"author":6,"featured_media":54684,"comment_status":"closed","ping_status":"closed","sticky":false,"template":"","format":"standard","meta":{"footnotes":""},"categories":[2],"tags":[],"class_list":["post-54683","post","type-post","status-publish","format-standard","has-post-thumbnail","hentry","category-edomex"],"yoast_head":"<!-- This site is optimized with the Yoast SEO plugin v27.5 - https:\/\/yoast.com\/product\/yoast-seo-wordpress\/ -->\n<title>ESTOS RESULTADOS POSICIONAN A LA ENTIDAD COMO REFERENTE NACIONAL EN TALENTO MATEM\u00c1TICO, REFLEJO DE LA ESTRATEGIA EDUCATIVA QUE PRIORIZA EL PENSAMIENTO CIENT\u00cdFICO. -<\/title>\n<meta name=\"robots\" content=\"index, follow, max-snippet:-1, max-image-preview:large, max-video-preview:-1\" \/>\n<link rel=\"canonical\" href=\"https:\/\/continuamosmx.com\/index.php\/2026\/04\/28\/estos-resultados-posicionan-a-la-entidad-como-referente-nacional-en-talento-matematico-reflejo-de-la-estrategia-educativa-que-prioriza-el-pensamiento-cientifico\/\" \/>\n<meta property=\"og:locale\" content=\"es_ES\" \/>\n<meta property=\"og:type\" content=\"article\" \/>\n<meta property=\"og:title\" content=\"ESTOS RESULTADOS POSICIONAN A LA ENTIDAD COMO REFERENTE NACIONAL EN TALENTO MATEM\u00c1TICO, REFLEJO DE LA ESTRATEGIA EDUCATIVA QUE PRIORIZA EL PENSAMIENTO CIENT\u00cdFICO. -\" \/>\n<meta property=\"og:description\" content=\"Las y los ganadores han sido invitados a participar en el Singapore International Math Olympiad Challenge 2026 (SIMOC), que se llevar\u00e1 a cabo del 17 al 21 de julio en ese pa\u00eds asi\u00e1tico. TOLUCA, Estado de M\u00e9xico.*\u2013 Estudiantes de Educaci\u00f3n Media Superior del Estado de M\u00e9xico obtuvieron 33 reconocimientos internacionales en la Olimpiada de Matem\u00e1ticas [&hellip;]\" \/>\n<meta property=\"og:url\" content=\"https:\/\/continuamosmx.com\/index.php\/2026\/04\/28\/estos-resultados-posicionan-a-la-entidad-como-referente-nacional-en-talento-matematico-reflejo-de-la-estrategia-educativa-que-prioriza-el-pensamiento-cientifico\/\" \/>\n<meta property=\"article:published_time\" content=\"2026-04-29T05:46:27+00:00\" \/>\n<meta property=\"article:modified_time\" content=\"2026-04-29T05:46:28+00:00\" \/>\n<meta property=\"og:image\" content=\"https:\/\/continuamosmx.com\/wp-content\/uploads\/2026\/04\/mate.jpg\" \/>\n\t<meta property=\"og:image:width\" content=\"1599\" \/>\n\t<meta property=\"og:image:height\" content=\"899\" \/>\n\t<meta property=\"og:image:type\" content=\"image\/jpeg\" \/>\n<meta name=\"author\" content=\"Continuamos MX\" \/>\n<meta name=\"twitter:card\" content=\"summary_large_image\" \/>\n<meta name=\"twitter:label1\" content=\"Escrito por\" \/>\n\t<meta name=\"twitter:data1\" content=\"Continuamos MX\" \/>\n\t<meta name=\"twitter:label2\" content=\"Tiempo de lectura\" \/>\n\t<meta name=\"twitter:data2\" content=\"2 minutos\" \/>\n<script type=\"application\/ld+json\" class=\"yoast-schema-graph\">{\"@context\":\"https:\\\/\\\/schema.org\",\"@graph\":[{\"@type\":\"Article\",\"@id\":\"https:\\\/\\\/continuamosmx.com\\\/index.php\\\/2026\\\/04\\\/28\\\/estos-resultados-posicionan-a-la-entidad-como-referente-nacional-en-talento-matematico-reflejo-de-la-estrategia-educativa-que-prioriza-el-pensamiento-cientifico\\\/#article\",\"isPartOf\":{\"@id\":\"https:\\\/\\\/continuamosmx.com\\\/index.php\\\/2026\\\/04\\\/28\\\/estos-resultados-posicionan-a-la-entidad-como-referente-nacional-en-talento-matematico-reflejo-de-la-estrategia-educativa-que-prioriza-el-pensamiento-cientifico\\\/\"},\"author\":{\"name\":\"Continuamos MX\",\"@id\":\"https:\\\/\\\/continuamosmx.com\\\/#\\\/schema\\\/person\\\/5eb5356acb1fad784da407d14f0e8d89\"},\"headline\":\"ESTOS RESULTADOS POSICIONAN A LA ENTIDAD COMO REFERENTE NACIONAL EN TALENTO MATEM\u00c1TICO, REFLEJO DE LA ESTRATEGIA EDUCATIVA QUE PRIORIZA EL PENSAMIENTO CIENT\u00cdFICO.\",\"datePublished\":\"2026-04-29T05:46:27+00:00\",\"dateModified\":\"2026-04-29T05:46:28+00:00\",\"mainEntityOfPage\":{\"@id\":\"https:\\\/\\\/continuamosmx.com\\\/index.php\\\/2026\\\/04\\\/28\\\/estos-resultados-posicionan-a-la-entidad-como-referente-nacional-en-talento-matematico-reflejo-de-la-estrategia-educativa-que-prioriza-el-pensamiento-cientifico\\\/\"},\"wordCount\":228,\"publisher\":{\"@id\":\"https:\\\/\\\/continuamosmx.com\\\/#organization\"},\"image\":{\"@id\":\"https:\\\/\\\/continuamosmx.com\\\/index.php\\\/2026\\\/04\\\/28\\\/estos-resultados-posicionan-a-la-entidad-como-referente-nacional-en-talento-matematico-reflejo-de-la-estrategia-educativa-que-prioriza-el-pensamiento-cientifico\\\/#primaryimage\"},\"thumbnailUrl\":\"https:\\\/\\\/continuamosmx.com\\\/wp-content\\\/uploads\\\/2026\\\/04\\\/mate.jpg\",\"articleSection\":[\"EDOMEX\"],\"inLanguage\":\"es\"},{\"@type\":\"WebPage\",\"@id\":\"https:\\\/\\\/continuamosmx.com\\\/index.php\\\/2026\\\/04\\\/28\\\/estos-resultados-posicionan-a-la-entidad-como-referente-nacional-en-talento-matematico-reflejo-de-la-estrategia-educativa-que-prioriza-el-pensamiento-cientifico\\\/\",\"url\":\"https:\\\/\\\/continuamosmx.com\\\/index.php\\\/2026\\\/04\\\/28\\\/estos-resultados-posicionan-a-la-entidad-como-referente-nacional-en-talento-matematico-reflejo-de-la-estrategia-educativa-que-prioriza-el-pensamiento-cientifico\\\/\",\"name\":\"ESTOS RESULTADOS POSICIONAN A LA ENTIDAD COMO REFERENTE NACIONAL EN TALENTO MATEM\u00c1TICO, REFLEJO DE LA ESTRATEGIA EDUCATIVA QUE PRIORIZA EL PENSAMIENTO CIENT\u00cdFICO. -\",\"isPartOf\":{\"@id\":\"https:\\\/\\\/continuamosmx.com\\\/#website\"},\"primaryImageOfPage\":{\"@id\":\"https:\\\/\\\/continuamosmx.com\\\/index.php\\\/2026\\\/04\\\/28\\\/estos-resultados-posicionan-a-la-entidad-como-referente-nacional-en-talento-matematico-reflejo-de-la-estrategia-educativa-que-prioriza-el-pensamiento-cientifico\\\/#primaryimage\"},\"image\":{\"@id\":\"https:\\\/\\\/continuamosmx.com\\\/index.php\\\/2026\\\/04\\\/28\\\/estos-resultados-posicionan-a-la-entidad-como-referente-nacional-en-talento-matematico-reflejo-de-la-estrategia-educativa-que-prioriza-el-pensamiento-cientifico\\\/#primaryimage\"},\"thumbnailUrl\":\"https:\\\/\\\/continuamosmx.com\\\/wp-content\\\/uploads\\\/2026\\\/04\\\/mate.jpg\",\"datePublished\":\"2026-04-29T05:46:27+00:00\",\"dateModified\":\"2026-04-29T05:46:28+00:00\",\"breadcrumb\":{\"@id\":\"https:\\\/\\\/continuamosmx.com\\\/index.php\\\/2026\\\/04\\\/28\\\/estos-resultados-posicionan-a-la-entidad-como-referente-nacional-en-talento-matematico-reflejo-de-la-estrategia-educativa-que-prioriza-el-pensamiento-cientifico\\\/#breadcrumb\"},\"inLanguage\":\"es\",\"potentialAction\":[{\"@type\":\"ReadAction\",\"target\":[\"https:\\\/\\\/continuamosmx.com\\\/index.php\\\/2026\\\/04\\\/28\\\/estos-resultados-posicionan-a-la-entidad-como-referente-nacional-en-talento-matematico-reflejo-de-la-estrategia-educativa-que-prioriza-el-pensamiento-cientifico\\\/\"]}]},{\"@type\":\"ImageObject\",\"inLanguage\":\"es\",\"@id\":\"https:\\\/\\\/continuamosmx.com\\\/index.php\\\/2026\\\/04\\\/28\\\/estos-resultados-posicionan-a-la-entidad-como-referente-nacional-en-talento-matematico-reflejo-de-la-estrategia-educativa-que-prioriza-el-pensamiento-cientifico\\\/#primaryimage\",\"url\":\"https:\\\/\\\/continuamosmx.com\\\/wp-content\\\/uploads\\\/2026\\\/04\\\/mate.jpg\",\"contentUrl\":\"https:\\\/\\\/continuamosmx.com\\\/wp-content\\\/uploads\\\/2026\\\/04\\\/mate.jpg\",\"width\":1599,\"height\":899},{\"@type\":\"BreadcrumbList\",\"@id\":\"https:\\\/\\\/continuamosmx.com\\\/index.php\\\/2026\\\/04\\\/28\\\/estos-resultados-posicionan-a-la-entidad-como-referente-nacional-en-talento-matematico-reflejo-de-la-estrategia-educativa-que-prioriza-el-pensamiento-cientifico\\\/#breadcrumb\",\"itemListElement\":[{\"@type\":\"ListItem\",\"position\":1,\"name\":\"Inicio\",\"item\":\"https:\\\/\\\/continuamosmx.com\\\/\"},{\"@type\":\"ListItem\",\"position\":2,\"name\":\"ESTOS RESULTADOS POSICIONAN A LA ENTIDAD COMO REFERENTE NACIONAL EN TALENTO MATEM\u00c1TICO, REFLEJO DE LA ESTRATEGIA EDUCATIVA QUE PRIORIZA EL PENSAMIENTO CIENT\u00cdFICO.\"}]},{\"@type\":\"WebSite\",\"@id\":\"https:\\\/\\\/continuamosmx.com\\\/#website\",\"url\":\"https:\\\/\\\/continuamosmx.com\\\/\",\"name\":\"www.continuamosmx.com\",\"description\":\"\",\"publisher\":{\"@id\":\"https:\\\/\\\/continuamosmx.com\\\/#organization\"},\"potentialAction\":[{\"@type\":\"SearchAction\",\"target\":{\"@type\":\"EntryPoint\",\"urlTemplate\":\"https:\\\/\\\/continuamosmx.com\\\/?s={search_term_string}\"},\"query-input\":{\"@type\":\"PropertyValueSpecification\",\"valueRequired\":true,\"valueName\":\"search_term_string\"}}],\"inLanguage\":\"es\"},{\"@type\":\"Organization\",\"@id\":\"https:\\\/\\\/continuamosmx.com\\\/#organization\",\"name\":\"ContinuamosMX\",\"url\":\"https:\\\/\\\/continuamosmx.com\\\/\",\"logo\":{\"@type\":\"ImageObject\",\"inLanguage\":\"es\",\"@id\":\"https:\\\/\\\/continuamosmx.com\\\/#\\\/schema\\\/logo\\\/image\\\/\",\"url\":\"https:\\\/\\\/continuamosmx.com\\\/wp-content\\\/uploads\\\/2023\\\/04\\\/cropped-LOGO-CONTI-NUEVO.png\",\"contentUrl\":\"https:\\\/\\\/continuamosmx.com\\\/wp-content\\\/uploads\\\/2023\\\/04\\\/cropped-LOGO-CONTI-NUEVO.png\",\"width\":1257,\"height\":430,\"caption\":\"ContinuamosMX\"},\"image\":{\"@id\":\"https:\\\/\\\/continuamosmx.com\\\/#\\\/schema\\\/logo\\\/image\\\/\"}},{\"@type\":\"Person\",\"@id\":\"https:\\\/\\\/continuamosmx.com\\\/#\\\/schema\\\/person\\\/5eb5356acb1fad784da407d14f0e8d89\",\"name\":\"Continuamos MX\",\"image\":{\"@type\":\"ImageObject\",\"inLanguage\":\"es\",\"@id\":\"https:\\\/\\\/secure.gravatar.com\\\/avatar\\\/30d4f9723476a15f4da34d35fb3501f08d2357016c76051c6a85c354c7489589?s=96&d=mm&r=g\",\"url\":\"https:\\\/\\\/secure.gravatar.com\\\/avatar\\\/30d4f9723476a15f4da34d35fb3501f08d2357016c76051c6a85c354c7489589?s=96&d=mm&r=g\",\"contentUrl\":\"https:\\\/\\\/secure.gravatar.com\\\/avatar\\\/30d4f9723476a15f4da34d35fb3501f08d2357016c76051c6a85c354c7489589?s=96&d=mm&r=g\",\"caption\":\"Continuamos MX\"},\"sameAs\":[\"http:\\\/\\\/www.continuamos.mx\"],\"url\":\"https:\\\/\\\/continuamosmx.com\\\/index.php\\\/author\\\/continuamos\\\/\"}]}<\/script>\n<!-- \/ Yoast SEO plugin. -->","yoast_head_json":{"title":"ESTOS RESULTADOS POSICIONAN A LA ENTIDAD COMO REFERENTE NACIONAL EN TALENTO MATEM\u00c1TICO, REFLEJO DE LA ESTRATEGIA EDUCATIVA QUE PRIORIZA EL PENSAMIENTO CIENT\u00cdFICO. -","robots":{"index":"index","follow":"follow","max-snippet":"max-snippet:-1","max-image-preview":"max-image-preview:large","max-video-preview":"max-video-preview:-1"},"canonical":"https:\/\/continuamosmx.com\/index.php\/2026\/04\/28\/estos-resultados-posicionan-a-la-entidad-como-referente-nacional-en-talento-matematico-reflejo-de-la-estrategia-educativa-que-prioriza-el-pensamiento-cientifico\/","og_locale":"es_ES","og_type":"article","og_title":"ESTOS RESULTADOS POSICIONAN A LA ENTIDAD COMO REFERENTE NACIONAL EN TALENTO MATEM\u00c1TICO, REFLEJO DE LA ESTRATEGIA EDUCATIVA QUE PRIORIZA EL PENSAMIENTO CIENT\u00cdFICO. -","og_description":"Las y los ganadores han sido invitados a participar en el Singapore International Math Olympiad Challenge 2026 (SIMOC), que se llevar\u00e1 a cabo del 17 al 21 de julio en ese pa\u00eds asi\u00e1tico. TOLUCA, Estado de M\u00e9xico.*\u2013 Estudiantes de Educaci\u00f3n Media Superior del Estado de M\u00e9xico obtuvieron 33 reconocimientos internacionales en la Olimpiada de Matem\u00e1ticas [&hellip;]","og_url":"https:\/\/continuamosmx.com\/index.php\/2026\/04\/28\/estos-resultados-posicionan-a-la-entidad-como-referente-nacional-en-talento-matematico-reflejo-de-la-estrategia-educativa-que-prioriza-el-pensamiento-cientifico\/","article_published_time":"2026-04-29T05:46:27+00:00","article_modified_time":"2026-04-29T05:46:28+00:00","og_image":[{"width":1599,"height":899,"url":"https:\/\/continuamosmx.com\/wp-content\/uploads\/2026\/04\/mate.jpg","type":"image\/jpeg"}],"author":"Continuamos MX","twitter_card":"summary_large_image","twitter_misc":{"Escrito por":"Continuamos MX","Tiempo de lectura":"2 minutos"},"schema":{"@context":"https:\/\/schema.org","@graph":[{"@type":"Article","@id":"https:\/\/continuamosmx.com\/index.php\/2026\/04\/28\/estos-resultados-posicionan-a-la-entidad-como-referente-nacional-en-talento-matematico-reflejo-de-la-estrategia-educativa-que-prioriza-el-pensamiento-cientifico\/#article","isPartOf":{"@id":"https:\/\/continuamosmx.com\/index.php\/2026\/04\/28\/estos-resultados-posicionan-a-la-entidad-como-referente-nacional-en-talento-matematico-reflejo-de-la-estrategia-educativa-que-prioriza-el-pensamiento-cientifico\/"},"author":{"name":"Continuamos MX","@id":"https:\/\/continuamosmx.com\/#\/schema\/person\/5eb5356acb1fad784da407d14f0e8d89"},"headline":"ESTOS RESULTADOS POSICIONAN A LA ENTIDAD COMO REFERENTE NACIONAL EN TALENTO MATEM\u00c1TICO, REFLEJO DE LA ESTRATEGIA EDUCATIVA QUE PRIORIZA EL PENSAMIENTO CIENT\u00cdFICO.","datePublished":"2026-04-29T05:46:27+00:00","dateModified":"2026-04-29T05:46:28+00:00","mainEntityOfPage":{"@id":"https:\/\/continuamosmx.com\/index.php\/2026\/04\/28\/estos-resultados-posicionan-a-la-entidad-como-referente-nacional-en-talento-matematico-reflejo-de-la-estrategia-educativa-que-prioriza-el-pensamiento-cientifico\/"},"wordCount":228,"publisher":{"@id":"https:\/\/continuamosmx.com\/#organization"},"image":{"@id":"https:\/\/continuamosmx.com\/index.php\/2026\/04\/28\/estos-resultados-posicionan-a-la-entidad-como-referente-nacional-en-talento-matematico-reflejo-de-la-estrategia-educativa-que-prioriza-el-pensamiento-cientifico\/#primaryimage"},"thumbnailUrl":"https:\/\/continuamosmx.com\/wp-content\/uploads\/2026\/04\/mate.jpg","articleSection":["EDOMEX"],"inLanguage":"es"},{"@type":"WebPage","@id":"https:\/\/continuamosmx.com\/index.php\/2026\/04\/28\/estos-resultados-posicionan-a-la-entidad-como-referente-nacional-en-talento-matematico-reflejo-de-la-estrategia-educativa-que-prioriza-el-pensamiento-cientifico\/","url":"https:\/\/continuamosmx.com\/index.php\/2026\/04\/28\/estos-resultados-posicionan-a-la-entidad-como-referente-nacional-en-talento-matematico-reflejo-de-la-estrategia-educativa-que-prioriza-el-pensamiento-cientifico\/","name":"ESTOS RESULTADOS POSICIONAN A LA ENTIDAD COMO REFERENTE NACIONAL EN TALENTO MATEM\u00c1TICO, REFLEJO DE LA ESTRATEGIA EDUCATIVA QUE PRIORIZA EL PENSAMIENTO CIENT\u00cdFICO. -","isPartOf":{"@id":"https:\/\/continuamosmx.com\/#website"},"primaryImageOfPage":{"@id":"https:\/\/continuamosmx.com\/index.php\/2026\/04\/28\/estos-resultados-posicionan-a-la-entidad-como-referente-nacional-en-talento-matematico-reflejo-de-la-estrategia-educativa-que-prioriza-el-pensamiento-cientifico\/#primaryimage"},"image":{"@id":"https:\/\/continuamosmx.com\/index.php\/2026\/04\/28\/estos-resultados-posicionan-a-la-entidad-como-referente-nacional-en-talento-matematico-reflejo-de-la-estrategia-educativa-que-prioriza-el-pensamiento-cientifico\/#primaryimage"},"thumbnailUrl":"https:\/\/continuamosmx.com\/wp-content\/uploads\/2026\/04\/mate.jpg","datePublished":"2026-04-29T05:46:27+00:00","dateModified":"2026-04-29T05:46:28+00:00","breadcrumb":{"@id":"https:\/\/continuamosmx.com\/index.php\/2026\/04\/28\/estos-resultados-posicionan-a-la-entidad-como-referente-nacional-en-talento-matematico-reflejo-de-la-estrategia-educativa-que-prioriza-el-pensamiento-cientifico\/#breadcrumb"},"inLanguage":"es","potentialAction":[{"@type":"ReadAction","target":["https:\/\/continuamosmx.com\/index.php\/2026\/04\/28\/estos-resultados-posicionan-a-la-entidad-como-referente-nacional-en-talento-matematico-reflejo-de-la-estrategia-educativa-que-prioriza-el-pensamiento-cientifico\/"]}]},{"@type":"ImageObject","inLanguage":"es","@id":"https:\/\/continuamosmx.com\/index.php\/2026\/04\/28\/estos-resultados-posicionan-a-la-entidad-como-referente-nacional-en-talento-matematico-reflejo-de-la-estrategia-educativa-que-prioriza-el-pensamiento-cientifico\/#primaryimage","url":"https:\/\/continuamosmx.com\/wp-content\/uploads\/2026\/04\/mate.jpg","contentUrl":"https:\/\/continuamosmx.com\/wp-content\/uploads\/2026\/04\/mate.jpg","width":1599,"height":899},{"@type":"BreadcrumbList","@id":"https:\/\/continuamosmx.com\/index.php\/2026\/04\/28\/estos-resultados-posicionan-a-la-entidad-como-referente-nacional-en-talento-matematico-reflejo-de-la-estrategia-educativa-que-prioriza-el-pensamiento-cientifico\/#breadcrumb","itemListElement":[{"@type":"ListItem","position":1,"name":"Inicio","item":"https:\/\/continuamosmx.com\/"},{"@type":"ListItem","position":2,"name":"ESTOS RESULTADOS POSICIONAN A LA ENTIDAD COMO REFERENTE NACIONAL EN TALENTO MATEM\u00c1TICO, REFLEJO DE LA ESTRATEGIA EDUCATIVA QUE PRIORIZA EL PENSAMIENTO CIENT\u00cdFICO."}]},{"@type":"WebSite","@id":"https:\/\/continuamosmx.com\/#website","url":"https:\/\/continuamosmx.com\/","name":"www.continuamosmx.com","description":"","publisher":{"@id":"https:\/\/continuamosmx.com\/#organization"},"potentialAction":[{"@type":"SearchAction","target":{"@type":"EntryPoint","urlTemplate":"https:\/\/continuamosmx.com\/?s={search_term_string}"},"query-input":{"@type":"PropertyValueSpecification","valueRequired":true,"valueName":"search_term_string"}}],"inLanguage":"es"},{"@type":"Organization","@id":"https:\/\/continuamosmx.com\/#organization","name":"ContinuamosMX","url":"https:\/\/continuamosmx.com\/","logo":{"@type":"ImageObject","inLanguage":"es","@id":"https:\/\/continuamosmx.com\/#\/schema\/logo\/image\/","url":"https:\/\/continuamosmx.com\/wp-content\/uploads\/2023\/04\/cropped-LOGO-CONTI-NUEVO.png","contentUrl":"https:\/\/continuamosmx.com\/wp-content\/uploads\/2023\/04\/cropped-LOGO-CONTI-NUEVO.png","width":1257,"height":430,"caption":"ContinuamosMX"},"image":{"@id":"https:\/\/continuamosmx.com\/#\/schema\/logo\/image\/"}},{"@type":"Person","@id":"https:\/\/continuamosmx.com\/#\/schema\/person\/5eb5356acb1fad784da407d14f0e8d89","name":"Continuamos MX","image":{"@type":"ImageObject","inLanguage":"es","@id":"https:\/\/secure.gravatar.com\/avatar\/30d4f9723476a15f4da34d35fb3501f08d2357016c76051c6a85c354c7489589?s=96&d=mm&r=g","url":"https:\/\/secure.gravatar.com\/avatar\/30d4f9723476a15f4da34d35fb3501f08d2357016c76051c6a85c354c7489589?s=96&d=mm&r=g","contentUrl":"https:\/\/secure.gravatar.com\/avatar\/30d4f9723476a15f4da34d35fb3501f08d2357016c76051c6a85c354c7489589?s=96&d=mm&r=g","caption":"Continuamos MX"},"sameAs":["http:\/\/www.continuamos.mx"],"url":"https:\/\/continuamosmx.com\/index.php\/author\/continuamos\/"}]}},"_links":{"self":[{"href":"https:\/\/continuamosmx.com\/index.php\/wp-json\/wp\/v2\/posts\/54683","targetHints":{"allow":["GET"]}}],"collection":[{"href":"https:\/\/continuamosmx.com\/index.php\/wp-json\/wp\/v2\/posts"}],"about":[{"href":"https:\/\/continuamosmx.com\/index.php\/wp-json\/wp\/v2\/types\/post"}],"author":[{"embeddable":true,"href":"https:\/\/continuamosmx.com\/index.php\/wp-json\/wp\/v2\/users\/6"}],"replies":[{"embeddable":true,"href":"https:\/\/continuamosmx.com\/index.php\/wp-json\/wp\/v2\/comments?post=54683"}],"version-history":[{"count":1,"href":"https:\/\/continuamosmx.com\/index.php\/wp-json\/wp\/v2\/posts\/54683\/revisions"}],"predecessor-version":[{"id":54685,"href":"https:\/\/continuamosmx.com\/index.php\/wp-json\/wp\/v2\/posts\/54683\/revisions\/54685"}],"wp:featuredmedia":[{"embeddable":true,"href":"https:\/\/continuamosmx.com\/index.php\/wp-json\/wp\/v2\/media\/54684"}],"wp:attachment":[{"href":"https:\/\/continuamosmx.com\/index.php\/wp-json\/wp\/v2\/media?parent=54683"}],"wp:term":[{"taxonomy":"category","embeddable":true,"href":"https:\/\/continuamosmx.com\/index.php\/wp-json\/wp\/v2\/categories?post=54683"},{"taxonomy":"post_tag","embeddable":true,"href":"https:\/\/continuamosmx.com\/index.php\/wp-json\/wp\/v2\/tags?post=54683"}],"curies":[{"name":"wp","href":"https:\/\/api.w.org\/{rel}","templated":true}]}}