{"id":54674,"date":"2026-04-28T23:38:32","date_gmt":"2026-04-29T05:38:32","guid":{"rendered":"https:\/\/continuamosmx.com\/?p=54674"},"modified":"2026-04-28T23:38:32","modified_gmt":"2026-04-29T05:38:32","slug":"revolucion-educativa-el-congreso-del-estado-de-mexico-avala-el-uso-etico-de-la-inteligencia-artificial-en-la-educacion","status":"publish","type":"post","link":"https:\/\/continuamosmx.com\/index.php\/2026\/04\/28\/revolucion-educativa-el-congreso-del-estado-de-mexico-avala-el-uso-etico-de-la-inteligencia-artificial-en-la-educacion\/","title":{"rendered":"\u00abREVOLUCI\u00d3N EDUCATIVA: EL CONGRESO DEL ESTADO DE M\u00c9XICO AVALA EL USO \u00c9TICO DE LA INTELIGENCIA ARTIFICIAL EN LA EDUCACI\u00d3N\u00bb"},"content":{"rendered":"\n<p><strong>Comisiones del Congreso mexiquense aprueban la integraci\u00f3n gradual de la IA en la educaci\u00f3n media superior y superior, priorizando la \u00e9tica y el acompa\u00f1amiento docente.<\/strong><\/p>\n\n\n\n<p>Toluca, Edom\u00e9xLas comisiones unidas del Congreso del Estado de M\u00e9xico han dado un paso significativo hacia la modernizaci\u00f3n del sistema educativo al aprobar la propuesta de la diputada Lilia Urbina (PRI) para promover el uso responsable y \u00e9tico de la Inteligencia Artificial (IA) en instituciones de educaci\u00f3n media superior y superior. Este avance busca garantizar que la tecnolog\u00eda se utilice como una herramienta complementaria y no como un sustituto del personal docente.<\/p>\n\n\n\n<p>La iniciativa, respaldada por legisladores de diversas fracciones, establece que el Poder Ejecutivo deber\u00e1 asignar los recursos necesarios para implementar esta reforma de manera efectiva. Se espera que, una vez publicado el decreto, se impulse el acceso progresivo a tecnolog\u00edas de informaci\u00f3n y comunicaci\u00f3n, incluyendo la provisi\u00f3n de internet gratuito en espacios educativos.<\/p>\n\n\n\n<p>La diputada Urbina destac\u00f3 que, aunque la IA ya es parte de la vida cotidiana y del \u00e1mbito laboral, su integraci\u00f3n en la educaci\u00f3n debe ser cuidadosa y reflexiva. La propuesta no solo busca modernizar el sistema educativo, sino tambi\u00e9n cerrar brechas de desigualdad y preparar a los j\u00f3venes para un mercado laboral que demanda habilidades tecnol\u00f3gicas.<\/p>\n\n\n\n<p>Por su parte, la legisladora Nelly Brigida Rivera (morena) subray\u00f3 que m\u00e1s del 80% de estudiantes y docentes universitarios en el pa\u00eds utilizan IA generativa a diario, seg\u00fan datos de la Secretar\u00eda de Educaci\u00f3n P\u00fablica. Esta reforma, afirm\u00f3, posicionar\u00e1 a Edomex como un l\u00edder en la aplicaci\u00f3n \u00e9tica y productiva de la tecnolog\u00eda, protegiendo as\u00ed la integridad acad\u00e9mica de las juventudes.<\/p>\n\n\n\n<p>El diputado Rigoberto Vargas Cervantes (morena) enfatiz\u00f3 la urgencia de reglamentar el uso de tecnolog\u00edas digitales en las aulas, especialmente en lo que respecta a la protecci\u00f3n de datos personales. La iniciativa subraya que la incorporaci\u00f3n de la IA en la educaci\u00f3n debe regirse por principios \u00e9ticos que respeten los derechos humanos y aseguren la supervisi\u00f3n humana en decisiones acad\u00e9micas.<\/p>\n\n\n\n<p>En resumen, esta reforma representa un avance hacia una educaci\u00f3n m\u00e1s inclusiva y adaptada a las necesidades actuales, donde la Inteligencia Artificial se convierte en una aliada para el aprendizaje, siempre bajo el acompa\u00f1amiento y la gu\u00eda del personal docente.<\/p>\n","protected":false},"excerpt":{"rendered":"<p>Comisiones del Congreso mexiquense aprueban la integraci\u00f3n gradual de la IA en la educaci\u00f3n media superior y superior, priorizando la \u00e9tica y el acompa\u00f1amiento docente. Toluca, Edom\u00e9xLas comisiones unidas del Congreso del Estado de M\u00e9xico han dado un paso significativo hacia la modernizaci\u00f3n del sistema educativo al aprobar la propuesta de la diputada Lilia Urbina [&hellip;]<\/p>\n","protected":false},"author":6,"featured_media":54675,"comment_status":"closed","ping_status":"closed","sticky":false,"template":"","format":"standard","meta":{"footnotes":""},"categories":[229],"tags":[],"class_list":["post-54674","post","type-post","status-publish","format-standard","has-post-thumbnail","hentry","category-congreso-edomex"],"yoast_head":"<!-- This site is optimized with the Yoast SEO plugin v27.5 - https:\/\/yoast.com\/product\/yoast-seo-wordpress\/ -->\n<title>&quot;REVOLUCI\u00d3N EDUCATIVA: EL CONGRESO DEL ESTADO DE M\u00c9XICO AVALA EL USO \u00c9TICO DE LA INTELIGENCIA ARTIFICIAL EN LA EDUCACI\u00d3N&quot; -<\/title>\n<meta name=\"robots\" content=\"index, follow, max-snippet:-1, max-image-preview:large, max-video-preview:-1\" \/>\n<link rel=\"canonical\" href=\"https:\/\/continuamosmx.com\/index.php\/2026\/04\/28\/revolucion-educativa-el-congreso-del-estado-de-mexico-avala-el-uso-etico-de-la-inteligencia-artificial-en-la-educacion\/\" \/>\n<meta property=\"og:locale\" content=\"es_ES\" \/>\n<meta property=\"og:type\" content=\"article\" \/>\n<meta property=\"og:title\" content=\"&quot;REVOLUCI\u00d3N EDUCATIVA: EL CONGRESO DEL ESTADO DE M\u00c9XICO AVALA EL USO \u00c9TICO DE LA INTELIGENCIA ARTIFICIAL EN LA EDUCACI\u00d3N&quot; -\" \/>\n<meta property=\"og:description\" content=\"Comisiones del Congreso mexiquense aprueban la integraci\u00f3n gradual de la IA en la educaci\u00f3n media superior y superior, priorizando la \u00e9tica y el acompa\u00f1amiento docente. Toluca, Edom\u00e9xLas comisiones unidas del Congreso del Estado de M\u00e9xico han dado un paso significativo hacia la modernizaci\u00f3n del sistema educativo al aprobar la propuesta de la diputada Lilia Urbina [&hellip;]\" \/>\n<meta property=\"og:url\" content=\"https:\/\/continuamosmx.com\/index.php\/2026\/04\/28\/revolucion-educativa-el-congreso-del-estado-de-mexico-avala-el-uso-etico-de-la-inteligencia-artificial-en-la-educacion\/\" \/>\n<meta property=\"article:published_time\" content=\"2026-04-29T05:38:32+00:00\" \/>\n<meta property=\"og:image\" content=\"https:\/\/continuamosmx.com\/wp-content\/uploads\/2026\/04\/educativa.jpg\" \/>\n\t<meta property=\"og:image:width\" content=\"810\" \/>\n\t<meta property=\"og:image:height\" content=\"540\" \/>\n\t<meta property=\"og:image:type\" content=\"image\/jpeg\" \/>\n<meta name=\"author\" content=\"Continuamos MX\" \/>\n<meta name=\"twitter:card\" content=\"summary_large_image\" \/>\n<meta name=\"twitter:label1\" content=\"Escrito por\" \/>\n\t<meta name=\"twitter:data1\" content=\"Continuamos MX\" \/>\n\t<meta name=\"twitter:label2\" content=\"Tiempo de lectura\" \/>\n\t<meta name=\"twitter:data2\" content=\"2 minutos\" \/>\n<script type=\"application\/ld+json\" class=\"yoast-schema-graph\">{\"@context\":\"https:\\\/\\\/schema.org\",\"@graph\":[{\"@type\":\"Article\",\"@id\":\"https:\\\/\\\/continuamosmx.com\\\/index.php\\\/2026\\\/04\\\/28\\\/revolucion-educativa-el-congreso-del-estado-de-mexico-avala-el-uso-etico-de-la-inteligencia-artificial-en-la-educacion\\\/#article\",\"isPartOf\":{\"@id\":\"https:\\\/\\\/continuamosmx.com\\\/index.php\\\/2026\\\/04\\\/28\\\/revolucion-educativa-el-congreso-del-estado-de-mexico-avala-el-uso-etico-de-la-inteligencia-artificial-en-la-educacion\\\/\"},\"author\":{\"name\":\"Continuamos MX\",\"@id\":\"https:\\\/\\\/continuamosmx.com\\\/#\\\/schema\\\/person\\\/5eb5356acb1fad784da407d14f0e8d89\"},\"headline\":\"\u00abREVOLUCI\u00d3N EDUCATIVA: EL CONGRESO DEL ESTADO DE M\u00c9XICO AVALA EL USO \u00c9TICO DE LA INTELIGENCIA ARTIFICIAL EN LA EDUCACI\u00d3N\u00bb\",\"datePublished\":\"2026-04-29T05:38:32+00:00\",\"mainEntityOfPage\":{\"@id\":\"https:\\\/\\\/continuamosmx.com\\\/index.php\\\/2026\\\/04\\\/28\\\/revolucion-educativa-el-congreso-del-estado-de-mexico-avala-el-uso-etico-de-la-inteligencia-artificial-en-la-educacion\\\/\"},\"wordCount\":426,\"publisher\":{\"@id\":\"https:\\\/\\\/continuamosmx.com\\\/#organization\"},\"image\":{\"@id\":\"https:\\\/\\\/continuamosmx.com\\\/index.php\\\/2026\\\/04\\\/28\\\/revolucion-educativa-el-congreso-del-estado-de-mexico-avala-el-uso-etico-de-la-inteligencia-artificial-en-la-educacion\\\/#primaryimage\"},\"thumbnailUrl\":\"https:\\\/\\\/continuamosmx.com\\\/wp-content\\\/uploads\\\/2026\\\/04\\\/educativa.jpg\",\"articleSection\":[\"CONGRESO EDOM\u00c9X\"],\"inLanguage\":\"es\"},{\"@type\":\"WebPage\",\"@id\":\"https:\\\/\\\/continuamosmx.com\\\/index.php\\\/2026\\\/04\\\/28\\\/revolucion-educativa-el-congreso-del-estado-de-mexico-avala-el-uso-etico-de-la-inteligencia-artificial-en-la-educacion\\\/\",\"url\":\"https:\\\/\\\/continuamosmx.com\\\/index.php\\\/2026\\\/04\\\/28\\\/revolucion-educativa-el-congreso-del-estado-de-mexico-avala-el-uso-etico-de-la-inteligencia-artificial-en-la-educacion\\\/\",\"name\":\"\\\"REVOLUCI\u00d3N EDUCATIVA: EL CONGRESO DEL ESTADO DE M\u00c9XICO AVALA EL USO \u00c9TICO DE LA INTELIGENCIA ARTIFICIAL EN LA EDUCACI\u00d3N\\\" -\",\"isPartOf\":{\"@id\":\"https:\\\/\\\/continuamosmx.com\\\/#website\"},\"primaryImageOfPage\":{\"@id\":\"https:\\\/\\\/continuamosmx.com\\\/index.php\\\/2026\\\/04\\\/28\\\/revolucion-educativa-el-congreso-del-estado-de-mexico-avala-el-uso-etico-de-la-inteligencia-artificial-en-la-educacion\\\/#primaryimage\"},\"image\":{\"@id\":\"https:\\\/\\\/continuamosmx.com\\\/index.php\\\/2026\\\/04\\\/28\\\/revolucion-educativa-el-congreso-del-estado-de-mexico-avala-el-uso-etico-de-la-inteligencia-artificial-en-la-educacion\\\/#primaryimage\"},\"thumbnailUrl\":\"https:\\\/\\\/continuamosmx.com\\\/wp-content\\\/uploads\\\/2026\\\/04\\\/educativa.jpg\",\"datePublished\":\"2026-04-29T05:38:32+00:00\",\"breadcrumb\":{\"@id\":\"https:\\\/\\\/continuamosmx.com\\\/index.php\\\/2026\\\/04\\\/28\\\/revolucion-educativa-el-congreso-del-estado-de-mexico-avala-el-uso-etico-de-la-inteligencia-artificial-en-la-educacion\\\/#breadcrumb\"},\"inLanguage\":\"es\",\"potentialAction\":[{\"@type\":\"ReadAction\",\"target\":[\"https:\\\/\\\/continuamosmx.com\\\/index.php\\\/2026\\\/04\\\/28\\\/revolucion-educativa-el-congreso-del-estado-de-mexico-avala-el-uso-etico-de-la-inteligencia-artificial-en-la-educacion\\\/\"]}]},{\"@type\":\"ImageObject\",\"inLanguage\":\"es\",\"@id\":\"https:\\\/\\\/continuamosmx.com\\\/index.php\\\/2026\\\/04\\\/28\\\/revolucion-educativa-el-congreso-del-estado-de-mexico-avala-el-uso-etico-de-la-inteligencia-artificial-en-la-educacion\\\/#primaryimage\",\"url\":\"https:\\\/\\\/continuamosmx.com\\\/wp-content\\\/uploads\\\/2026\\\/04\\\/educativa.jpg\",\"contentUrl\":\"https:\\\/\\\/continuamosmx.com\\\/wp-content\\\/uploads\\\/2026\\\/04\\\/educativa.jpg\",\"width\":810,\"height\":540},{\"@type\":\"BreadcrumbList\",\"@id\":\"https:\\\/\\\/continuamosmx.com\\\/index.php\\\/2026\\\/04\\\/28\\\/revolucion-educativa-el-congreso-del-estado-de-mexico-avala-el-uso-etico-de-la-inteligencia-artificial-en-la-educacion\\\/#breadcrumb\",\"itemListElement\":[{\"@type\":\"ListItem\",\"position\":1,\"name\":\"Inicio\",\"item\":\"https:\\\/\\\/continuamosmx.com\\\/\"},{\"@type\":\"ListItem\",\"position\":2,\"name\":\"\u00abREVOLUCI\u00d3N EDUCATIVA: EL CONGRESO DEL ESTADO DE M\u00c9XICO AVALA EL USO \u00c9TICO DE LA INTELIGENCIA ARTIFICIAL EN LA EDUCACI\u00d3N\u00bb\"}]},{\"@type\":\"WebSite\",\"@id\":\"https:\\\/\\\/continuamosmx.com\\\/#website\",\"url\":\"https:\\\/\\\/continuamosmx.com\\\/\",\"name\":\"www.continuamosmx.com\",\"description\":\"\",\"publisher\":{\"@id\":\"https:\\\/\\\/continuamosmx.com\\\/#organization\"},\"potentialAction\":[{\"@type\":\"SearchAction\",\"target\":{\"@type\":\"EntryPoint\",\"urlTemplate\":\"https:\\\/\\\/continuamosmx.com\\\/?s={search_term_string}\"},\"query-input\":{\"@type\":\"PropertyValueSpecification\",\"valueRequired\":true,\"valueName\":\"search_term_string\"}}],\"inLanguage\":\"es\"},{\"@type\":\"Organization\",\"@id\":\"https:\\\/\\\/continuamosmx.com\\\/#organization\",\"name\":\"ContinuamosMX\",\"url\":\"https:\\\/\\\/continuamosmx.com\\\/\",\"logo\":{\"@type\":\"ImageObject\",\"inLanguage\":\"es\",\"@id\":\"https:\\\/\\\/continuamosmx.com\\\/#\\\/schema\\\/logo\\\/image\\\/\",\"url\":\"https:\\\/\\\/continuamosmx.com\\\/wp-content\\\/uploads\\\/2023\\\/04\\\/cropped-LOGO-CONTI-NUEVO.png\",\"contentUrl\":\"https:\\\/\\\/continuamosmx.com\\\/wp-content\\\/uploads\\\/2023\\\/04\\\/cropped-LOGO-CONTI-NUEVO.png\",\"width\":1257,\"height\":430,\"caption\":\"ContinuamosMX\"},\"image\":{\"@id\":\"https:\\\/\\\/continuamosmx.com\\\/#\\\/schema\\\/logo\\\/image\\\/\"}},{\"@type\":\"Person\",\"@id\":\"https:\\\/\\\/continuamosmx.com\\\/#\\\/schema\\\/person\\\/5eb5356acb1fad784da407d14f0e8d89\",\"name\":\"Continuamos MX\",\"image\":{\"@type\":\"ImageObject\",\"inLanguage\":\"es\",\"@id\":\"https:\\\/\\\/secure.gravatar.com\\\/avatar\\\/30d4f9723476a15f4da34d35fb3501f08d2357016c76051c6a85c354c7489589?s=96&d=mm&r=g\",\"url\":\"https:\\\/\\\/secure.gravatar.com\\\/avatar\\\/30d4f9723476a15f4da34d35fb3501f08d2357016c76051c6a85c354c7489589?s=96&d=mm&r=g\",\"contentUrl\":\"https:\\\/\\\/secure.gravatar.com\\\/avatar\\\/30d4f9723476a15f4da34d35fb3501f08d2357016c76051c6a85c354c7489589?s=96&d=mm&r=g\",\"caption\":\"Continuamos MX\"},\"sameAs\":[\"http:\\\/\\\/www.continuamos.mx\"],\"url\":\"https:\\\/\\\/continuamosmx.com\\\/index.php\\\/author\\\/continuamos\\\/\"}]}<\/script>\n<!-- \/ Yoast SEO plugin. -->","yoast_head_json":{"title":"\"REVOLUCI\u00d3N EDUCATIVA: EL CONGRESO DEL ESTADO DE M\u00c9XICO AVALA EL USO \u00c9TICO DE LA INTELIGENCIA ARTIFICIAL EN LA EDUCACI\u00d3N\" -","robots":{"index":"index","follow":"follow","max-snippet":"max-snippet:-1","max-image-preview":"max-image-preview:large","max-video-preview":"max-video-preview:-1"},"canonical":"https:\/\/continuamosmx.com\/index.php\/2026\/04\/28\/revolucion-educativa-el-congreso-del-estado-de-mexico-avala-el-uso-etico-de-la-inteligencia-artificial-en-la-educacion\/","og_locale":"es_ES","og_type":"article","og_title":"\"REVOLUCI\u00d3N EDUCATIVA: EL CONGRESO DEL ESTADO DE M\u00c9XICO AVALA EL USO \u00c9TICO DE LA INTELIGENCIA ARTIFICIAL EN LA EDUCACI\u00d3N\" -","og_description":"Comisiones del Congreso mexiquense aprueban la integraci\u00f3n gradual de la IA en la educaci\u00f3n media superior y superior, priorizando la \u00e9tica y el acompa\u00f1amiento docente. Toluca, Edom\u00e9xLas comisiones unidas del Congreso del Estado de M\u00e9xico han dado un paso significativo hacia la modernizaci\u00f3n del sistema educativo al aprobar la propuesta de la diputada Lilia Urbina [&hellip;]","og_url":"https:\/\/continuamosmx.com\/index.php\/2026\/04\/28\/revolucion-educativa-el-congreso-del-estado-de-mexico-avala-el-uso-etico-de-la-inteligencia-artificial-en-la-educacion\/","article_published_time":"2026-04-29T05:38:32+00:00","og_image":[{"width":810,"height":540,"url":"https:\/\/continuamosmx.com\/wp-content\/uploads\/2026\/04\/educativa.jpg","type":"image\/jpeg"}],"author":"Continuamos MX","twitter_card":"summary_large_image","twitter_misc":{"Escrito por":"Continuamos MX","Tiempo de lectura":"2 minutos"},"schema":{"@context":"https:\/\/schema.org","@graph":[{"@type":"Article","@id":"https:\/\/continuamosmx.com\/index.php\/2026\/04\/28\/revolucion-educativa-el-congreso-del-estado-de-mexico-avala-el-uso-etico-de-la-inteligencia-artificial-en-la-educacion\/#article","isPartOf":{"@id":"https:\/\/continuamosmx.com\/index.php\/2026\/04\/28\/revolucion-educativa-el-congreso-del-estado-de-mexico-avala-el-uso-etico-de-la-inteligencia-artificial-en-la-educacion\/"},"author":{"name":"Continuamos MX","@id":"https:\/\/continuamosmx.com\/#\/schema\/person\/5eb5356acb1fad784da407d14f0e8d89"},"headline":"\u00abREVOLUCI\u00d3N EDUCATIVA: EL CONGRESO DEL ESTADO DE M\u00c9XICO AVALA EL USO \u00c9TICO DE LA INTELIGENCIA ARTIFICIAL EN LA EDUCACI\u00d3N\u00bb","datePublished":"2026-04-29T05:38:32+00:00","mainEntityOfPage":{"@id":"https:\/\/continuamosmx.com\/index.php\/2026\/04\/28\/revolucion-educativa-el-congreso-del-estado-de-mexico-avala-el-uso-etico-de-la-inteligencia-artificial-en-la-educacion\/"},"wordCount":426,"publisher":{"@id":"https:\/\/continuamosmx.com\/#organization"},"image":{"@id":"https:\/\/continuamosmx.com\/index.php\/2026\/04\/28\/revolucion-educativa-el-congreso-del-estado-de-mexico-avala-el-uso-etico-de-la-inteligencia-artificial-en-la-educacion\/#primaryimage"},"thumbnailUrl":"https:\/\/continuamosmx.com\/wp-content\/uploads\/2026\/04\/educativa.jpg","articleSection":["CONGRESO EDOM\u00c9X"],"inLanguage":"es"},{"@type":"WebPage","@id":"https:\/\/continuamosmx.com\/index.php\/2026\/04\/28\/revolucion-educativa-el-congreso-del-estado-de-mexico-avala-el-uso-etico-de-la-inteligencia-artificial-en-la-educacion\/","url":"https:\/\/continuamosmx.com\/index.php\/2026\/04\/28\/revolucion-educativa-el-congreso-del-estado-de-mexico-avala-el-uso-etico-de-la-inteligencia-artificial-en-la-educacion\/","name":"\"REVOLUCI\u00d3N EDUCATIVA: EL CONGRESO DEL ESTADO DE M\u00c9XICO AVALA EL USO \u00c9TICO DE LA INTELIGENCIA ARTIFICIAL EN LA EDUCACI\u00d3N\" -","isPartOf":{"@id":"https:\/\/continuamosmx.com\/#website"},"primaryImageOfPage":{"@id":"https:\/\/continuamosmx.com\/index.php\/2026\/04\/28\/revolucion-educativa-el-congreso-del-estado-de-mexico-avala-el-uso-etico-de-la-inteligencia-artificial-en-la-educacion\/#primaryimage"},"image":{"@id":"https:\/\/continuamosmx.com\/index.php\/2026\/04\/28\/revolucion-educativa-el-congreso-del-estado-de-mexico-avala-el-uso-etico-de-la-inteligencia-artificial-en-la-educacion\/#primaryimage"},"thumbnailUrl":"https:\/\/continuamosmx.com\/wp-content\/uploads\/2026\/04\/educativa.jpg","datePublished":"2026-04-29T05:38:32+00:00","breadcrumb":{"@id":"https:\/\/continuamosmx.com\/index.php\/2026\/04\/28\/revolucion-educativa-el-congreso-del-estado-de-mexico-avala-el-uso-etico-de-la-inteligencia-artificial-en-la-educacion\/#breadcrumb"},"inLanguage":"es","potentialAction":[{"@type":"ReadAction","target":["https:\/\/continuamosmx.com\/index.php\/2026\/04\/28\/revolucion-educativa-el-congreso-del-estado-de-mexico-avala-el-uso-etico-de-la-inteligencia-artificial-en-la-educacion\/"]}]},{"@type":"ImageObject","inLanguage":"es","@id":"https:\/\/continuamosmx.com\/index.php\/2026\/04\/28\/revolucion-educativa-el-congreso-del-estado-de-mexico-avala-el-uso-etico-de-la-inteligencia-artificial-en-la-educacion\/#primaryimage","url":"https:\/\/continuamosmx.com\/wp-content\/uploads\/2026\/04\/educativa.jpg","contentUrl":"https:\/\/continuamosmx.com\/wp-content\/uploads\/2026\/04\/educativa.jpg","width":810,"height":540},{"@type":"BreadcrumbList","@id":"https:\/\/continuamosmx.com\/index.php\/2026\/04\/28\/revolucion-educativa-el-congreso-del-estado-de-mexico-avala-el-uso-etico-de-la-inteligencia-artificial-en-la-educacion\/#breadcrumb","itemListElement":[{"@type":"ListItem","position":1,"name":"Inicio","item":"https:\/\/continuamosmx.com\/"},{"@type":"ListItem","position":2,"name":"\u00abREVOLUCI\u00d3N EDUCATIVA: EL CONGRESO DEL ESTADO DE M\u00c9XICO AVALA EL USO \u00c9TICO DE LA INTELIGENCIA ARTIFICIAL EN LA EDUCACI\u00d3N\u00bb"}]},{"@type":"WebSite","@id":"https:\/\/continuamosmx.com\/#website","url":"https:\/\/continuamosmx.com\/","name":"www.continuamosmx.com","description":"","publisher":{"@id":"https:\/\/continuamosmx.com\/#organization"},"potentialAction":[{"@type":"SearchAction","target":{"@type":"EntryPoint","urlTemplate":"https:\/\/continuamosmx.com\/?s={search_term_string}"},"query-input":{"@type":"PropertyValueSpecification","valueRequired":true,"valueName":"search_term_string"}}],"inLanguage":"es"},{"@type":"Organization","@id":"https:\/\/continuamosmx.com\/#organization","name":"ContinuamosMX","url":"https:\/\/continuamosmx.com\/","logo":{"@type":"ImageObject","inLanguage":"es","@id":"https:\/\/continuamosmx.com\/#\/schema\/logo\/image\/","url":"https:\/\/continuamosmx.com\/wp-content\/uploads\/2023\/04\/cropped-LOGO-CONTI-NUEVO.png","contentUrl":"https:\/\/continuamosmx.com\/wp-content\/uploads\/2023\/04\/cropped-LOGO-CONTI-NUEVO.png","width":1257,"height":430,"caption":"ContinuamosMX"},"image":{"@id":"https:\/\/continuamosmx.com\/#\/schema\/logo\/image\/"}},{"@type":"Person","@id":"https:\/\/continuamosmx.com\/#\/schema\/person\/5eb5356acb1fad784da407d14f0e8d89","name":"Continuamos MX","image":{"@type":"ImageObject","inLanguage":"es","@id":"https:\/\/secure.gravatar.com\/avatar\/30d4f9723476a15f4da34d35fb3501f08d2357016c76051c6a85c354c7489589?s=96&d=mm&r=g","url":"https:\/\/secure.gravatar.com\/avatar\/30d4f9723476a15f4da34d35fb3501f08d2357016c76051c6a85c354c7489589?s=96&d=mm&r=g","contentUrl":"https:\/\/secure.gravatar.com\/avatar\/30d4f9723476a15f4da34d35fb3501f08d2357016c76051c6a85c354c7489589?s=96&d=mm&r=g","caption":"Continuamos MX"},"sameAs":["http:\/\/www.continuamos.mx"],"url":"https:\/\/continuamosmx.com\/index.php\/author\/continuamos\/"}]}},"_links":{"self":[{"href":"https:\/\/continuamosmx.com\/index.php\/wp-json\/wp\/v2\/posts\/54674","targetHints":{"allow":["GET"]}}],"collection":[{"href":"https:\/\/continuamosmx.com\/index.php\/wp-json\/wp\/v2\/posts"}],"about":[{"href":"https:\/\/continuamosmx.com\/index.php\/wp-json\/wp\/v2\/types\/post"}],"author":[{"embeddable":true,"href":"https:\/\/continuamosmx.com\/index.php\/wp-json\/wp\/v2\/users\/6"}],"replies":[{"embeddable":true,"href":"https:\/\/continuamosmx.com\/index.php\/wp-json\/wp\/v2\/comments?post=54674"}],"version-history":[{"count":1,"href":"https:\/\/continuamosmx.com\/index.php\/wp-json\/wp\/v2\/posts\/54674\/revisions"}],"predecessor-version":[{"id":54676,"href":"https:\/\/continuamosmx.com\/index.php\/wp-json\/wp\/v2\/posts\/54674\/revisions\/54676"}],"wp:featuredmedia":[{"embeddable":true,"href":"https:\/\/continuamosmx.com\/index.php\/wp-json\/wp\/v2\/media\/54675"}],"wp:attachment":[{"href":"https:\/\/continuamosmx.com\/index.php\/wp-json\/wp\/v2\/media?parent=54674"}],"wp:term":[{"taxonomy":"category","embeddable":true,"href":"https:\/\/continuamosmx.com\/index.php\/wp-json\/wp\/v2\/categories?post=54674"},{"taxonomy":"post_tag","embeddable":true,"href":"https:\/\/continuamosmx.com\/index.php\/wp-json\/wp\/v2\/tags?post=54674"}],"curies":[{"name":"wp","href":"https:\/\/api.w.org\/{rel}","templated":true}]}}