{"id":54671,"date":"2026-04-28T23:35:55","date_gmt":"2026-04-29T05:35:55","guid":{"rendered":"https:\/\/continuamosmx.com\/?p=54671"},"modified":"2026-04-28T23:35:55","modified_gmt":"2026-04-29T05:35:55","slug":"fortaleciendo-lazos-colaboracion-legislativa-entre-edomex-y-puebla","status":"publish","type":"post","link":"https:\/\/continuamosmx.com\/index.php\/2026\/04\/28\/fortaleciendo-lazos-colaboracion-legislativa-entre-edomex-y-puebla\/","title":{"rendered":"FORTALECIENDO LAZOS: COLABORACI\u00d3N LEGISLATIVA ENTRE EDOMEX Y PUEBLA"},"content":{"rendered":"\n<p><strong>Diputados de Edomex y Puebla se re\u00fanen para fortalecer la coordinaci\u00f3n legislativa y compartir experiencias en pro del desarrollo regiona<\/strong>l.<\/p>\n\n\n\n<p>Edom\u00e9x.- En un esfuerzo por mejorar la colaboraci\u00f3n entre entidades, el diputado Jos\u00e9 Francisco V\u00e1zquez Rodr\u00edguez, presidente de la Junta de Coordinaci\u00f3n Pol\u00edtica (Jucopo) del Estado de M\u00e9xico, se reuni\u00f3 con su hom\u00f3logo en Puebla, el diputado Pavel Gaspar Ram\u00edrez. Este encuentro, realizado en la sede del Congreso del Estado de M\u00e9xico en Toluca, marc\u00f3 un paso significativo hacia el fortalecimiento de la coordinaci\u00f3n legislativa entre ambas entidades.<\/p>\n\n\n\n<p>Durante la reuni\u00f3n, se extendi\u00f3 una invitaci\u00f3n a los integrantes de la LXII Legislatura del Estado de M\u00e9xico para participar en la pr\u00f3xima reuni\u00f3n de la Asociaci\u00f3n Nacional de Oficiales Mayores de los Congresos de los Estados (ANOMAC), programada del 6 al 8 de agosto en Puebla. Este evento se presenta como una plataforma crucial para el intercambio de experiencias y visiones legislativas.<\/p>\n\n\n\n<p>Los legisladores discutieron temas de inter\u00e9s com\u00fan y coincidieron en la importancia de trabajar juntos para optimizar el funcionamiento parlamentario. Al encuentro asistieron tambi\u00e9n otros miembros de la legislatura poblana y funcionarios del Congreso del Estado de M\u00e9xico, incluyendo a Javier Dom\u00ednguez Morales y Julio Leopoldo de Lara Valera, quienes aportaron a la discusi\u00f3n sobre la mejora de procesos legislativos.<\/p>\n","protected":false},"excerpt":{"rendered":"<p>Diputados de Edomex y Puebla se re\u00fanen para fortalecer la coordinaci\u00f3n legislativa y compartir experiencias en pro del desarrollo regional. Edom\u00e9x.- En un esfuerzo por mejorar la colaboraci\u00f3n entre entidades, el diputado Jos\u00e9 Francisco V\u00e1zquez Rodr\u00edguez, presidente de la Junta de Coordinaci\u00f3n Pol\u00edtica (Jucopo) del Estado de M\u00e9xico, se reuni\u00f3 con su hom\u00f3logo en Puebla, [&hellip;]<\/p>\n","protected":false},"author":6,"featured_media":54672,"comment_status":"closed","ping_status":"closed","sticky":false,"template":"","format":"standard","meta":{"footnotes":""},"categories":[229],"tags":[],"class_list":["post-54671","post","type-post","status-publish","format-standard","has-post-thumbnail","hentry","category-congreso-edomex"],"yoast_head":"<!-- This site is optimized with the Yoast SEO plugin v27.5 - https:\/\/yoast.com\/product\/yoast-seo-wordpress\/ -->\n<title>FORTALECIENDO LAZOS: COLABORACI\u00d3N LEGISLATIVA ENTRE EDOMEX Y PUEBLA -<\/title>\n<meta name=\"robots\" content=\"index, follow, max-snippet:-1, max-image-preview:large, max-video-preview:-1\" \/>\n<link rel=\"canonical\" href=\"https:\/\/continuamosmx.com\/index.php\/2026\/04\/28\/fortaleciendo-lazos-colaboracion-legislativa-entre-edomex-y-puebla\/\" \/>\n<meta property=\"og:locale\" content=\"es_ES\" \/>\n<meta property=\"og:type\" content=\"article\" \/>\n<meta property=\"og:title\" content=\"FORTALECIENDO LAZOS: COLABORACI\u00d3N LEGISLATIVA ENTRE EDOMEX Y PUEBLA -\" \/>\n<meta property=\"og:description\" content=\"Diputados de Edomex y Puebla se re\u00fanen para fortalecer la coordinaci\u00f3n legislativa y compartir experiencias en pro del desarrollo regional. Edom\u00e9x.- En un esfuerzo por mejorar la colaboraci\u00f3n entre entidades, el diputado Jos\u00e9 Francisco V\u00e1zquez Rodr\u00edguez, presidente de la Junta de Coordinaci\u00f3n Pol\u00edtica (Jucopo) del Estado de M\u00e9xico, se reuni\u00f3 con su hom\u00f3logo en Puebla, [&hellip;]\" \/>\n<meta property=\"og:url\" content=\"https:\/\/continuamosmx.com\/index.php\/2026\/04\/28\/fortaleciendo-lazos-colaboracion-legislativa-entre-edomex-y-puebla\/\" \/>\n<meta property=\"article:published_time\" content=\"2026-04-29T05:35:55+00:00\" \/>\n<meta property=\"og:image\" content=\"https:\/\/continuamosmx.com\/wp-content\/uploads\/2026\/04\/puebla.jpg\" \/>\n\t<meta property=\"og:image:width\" content=\"1600\" \/>\n\t<meta property=\"og:image:height\" content=\"1068\" \/>\n\t<meta property=\"og:image:type\" content=\"image\/jpeg\" \/>\n<meta name=\"author\" content=\"Continuamos MX\" \/>\n<meta name=\"twitter:card\" content=\"summary_large_image\" \/>\n<meta name=\"twitter:label1\" content=\"Escrito por\" \/>\n\t<meta name=\"twitter:data1\" content=\"Continuamos MX\" \/>\n\t<meta name=\"twitter:label2\" content=\"Tiempo de lectura\" \/>\n\t<meta name=\"twitter:data2\" content=\"2 minutos\" \/>\n<script type=\"application\/ld+json\" class=\"yoast-schema-graph\">{\"@context\":\"https:\\\/\\\/schema.org\",\"@graph\":[{\"@type\":\"Article\",\"@id\":\"https:\\\/\\\/continuamosmx.com\\\/index.php\\\/2026\\\/04\\\/28\\\/fortaleciendo-lazos-colaboracion-legislativa-entre-edomex-y-puebla\\\/#article\",\"isPartOf\":{\"@id\":\"https:\\\/\\\/continuamosmx.com\\\/index.php\\\/2026\\\/04\\\/28\\\/fortaleciendo-lazos-colaboracion-legislativa-entre-edomex-y-puebla\\\/\"},\"author\":{\"name\":\"Continuamos MX\",\"@id\":\"https:\\\/\\\/continuamosmx.com\\\/#\\\/schema\\\/person\\\/5eb5356acb1fad784da407d14f0e8d89\"},\"headline\":\"FORTALECIENDO LAZOS: COLABORACI\u00d3N LEGISLATIVA ENTRE EDOMEX Y PUEBLA\",\"datePublished\":\"2026-04-29T05:35:55+00:00\",\"mainEntityOfPage\":{\"@id\":\"https:\\\/\\\/continuamosmx.com\\\/index.php\\\/2026\\\/04\\\/28\\\/fortaleciendo-lazos-colaboracion-legislativa-entre-edomex-y-puebla\\\/\"},\"wordCount\":244,\"publisher\":{\"@id\":\"https:\\\/\\\/continuamosmx.com\\\/#organization\"},\"image\":{\"@id\":\"https:\\\/\\\/continuamosmx.com\\\/index.php\\\/2026\\\/04\\\/28\\\/fortaleciendo-lazos-colaboracion-legislativa-entre-edomex-y-puebla\\\/#primaryimage\"},\"thumbnailUrl\":\"https:\\\/\\\/continuamosmx.com\\\/wp-content\\\/uploads\\\/2026\\\/04\\\/puebla.jpg\",\"articleSection\":[\"CONGRESO EDOM\u00c9X\"],\"inLanguage\":\"es\"},{\"@type\":\"WebPage\",\"@id\":\"https:\\\/\\\/continuamosmx.com\\\/index.php\\\/2026\\\/04\\\/28\\\/fortaleciendo-lazos-colaboracion-legislativa-entre-edomex-y-puebla\\\/\",\"url\":\"https:\\\/\\\/continuamosmx.com\\\/index.php\\\/2026\\\/04\\\/28\\\/fortaleciendo-lazos-colaboracion-legislativa-entre-edomex-y-puebla\\\/\",\"name\":\"FORTALECIENDO LAZOS: COLABORACI\u00d3N LEGISLATIVA ENTRE EDOMEX Y PUEBLA -\",\"isPartOf\":{\"@id\":\"https:\\\/\\\/continuamosmx.com\\\/#website\"},\"primaryImageOfPage\":{\"@id\":\"https:\\\/\\\/continuamosmx.com\\\/index.php\\\/2026\\\/04\\\/28\\\/fortaleciendo-lazos-colaboracion-legislativa-entre-edomex-y-puebla\\\/#primaryimage\"},\"image\":{\"@id\":\"https:\\\/\\\/continuamosmx.com\\\/index.php\\\/2026\\\/04\\\/28\\\/fortaleciendo-lazos-colaboracion-legislativa-entre-edomex-y-puebla\\\/#primaryimage\"},\"thumbnailUrl\":\"https:\\\/\\\/continuamosmx.com\\\/wp-content\\\/uploads\\\/2026\\\/04\\\/puebla.jpg\",\"datePublished\":\"2026-04-29T05:35:55+00:00\",\"breadcrumb\":{\"@id\":\"https:\\\/\\\/continuamosmx.com\\\/index.php\\\/2026\\\/04\\\/28\\\/fortaleciendo-lazos-colaboracion-legislativa-entre-edomex-y-puebla\\\/#breadcrumb\"},\"inLanguage\":\"es\",\"potentialAction\":[{\"@type\":\"ReadAction\",\"target\":[\"https:\\\/\\\/continuamosmx.com\\\/index.php\\\/2026\\\/04\\\/28\\\/fortaleciendo-lazos-colaboracion-legislativa-entre-edomex-y-puebla\\\/\"]}]},{\"@type\":\"ImageObject\",\"inLanguage\":\"es\",\"@id\":\"https:\\\/\\\/continuamosmx.com\\\/index.php\\\/2026\\\/04\\\/28\\\/fortaleciendo-lazos-colaboracion-legislativa-entre-edomex-y-puebla\\\/#primaryimage\",\"url\":\"https:\\\/\\\/continuamosmx.com\\\/wp-content\\\/uploads\\\/2026\\\/04\\\/puebla.jpg\",\"contentUrl\":\"https:\\\/\\\/continuamosmx.com\\\/wp-content\\\/uploads\\\/2026\\\/04\\\/puebla.jpg\",\"width\":1600,\"height\":1068},{\"@type\":\"BreadcrumbList\",\"@id\":\"https:\\\/\\\/continuamosmx.com\\\/index.php\\\/2026\\\/04\\\/28\\\/fortaleciendo-lazos-colaboracion-legislativa-entre-edomex-y-puebla\\\/#breadcrumb\",\"itemListElement\":[{\"@type\":\"ListItem\",\"position\":1,\"name\":\"Inicio\",\"item\":\"https:\\\/\\\/continuamosmx.com\\\/\"},{\"@type\":\"ListItem\",\"position\":2,\"name\":\"FORTALECIENDO LAZOS: COLABORACI\u00d3N LEGISLATIVA ENTRE EDOMEX Y PUEBLA\"}]},{\"@type\":\"WebSite\",\"@id\":\"https:\\\/\\\/continuamosmx.com\\\/#website\",\"url\":\"https:\\\/\\\/continuamosmx.com\\\/\",\"name\":\"www.continuamosmx.com\",\"description\":\"\",\"publisher\":{\"@id\":\"https:\\\/\\\/continuamosmx.com\\\/#organization\"},\"potentialAction\":[{\"@type\":\"SearchAction\",\"target\":{\"@type\":\"EntryPoint\",\"urlTemplate\":\"https:\\\/\\\/continuamosmx.com\\\/?s={search_term_string}\"},\"query-input\":{\"@type\":\"PropertyValueSpecification\",\"valueRequired\":true,\"valueName\":\"search_term_string\"}}],\"inLanguage\":\"es\"},{\"@type\":\"Organization\",\"@id\":\"https:\\\/\\\/continuamosmx.com\\\/#organization\",\"name\":\"ContinuamosMX\",\"url\":\"https:\\\/\\\/continuamosmx.com\\\/\",\"logo\":{\"@type\":\"ImageObject\",\"inLanguage\":\"es\",\"@id\":\"https:\\\/\\\/continuamosmx.com\\\/#\\\/schema\\\/logo\\\/image\\\/\",\"url\":\"https:\\\/\\\/continuamosmx.com\\\/wp-content\\\/uploads\\\/2023\\\/04\\\/cropped-LOGO-CONTI-NUEVO.png\",\"contentUrl\":\"https:\\\/\\\/continuamosmx.com\\\/wp-content\\\/uploads\\\/2023\\\/04\\\/cropped-LOGO-CONTI-NUEVO.png\",\"width\":1257,\"height\":430,\"caption\":\"ContinuamosMX\"},\"image\":{\"@id\":\"https:\\\/\\\/continuamosmx.com\\\/#\\\/schema\\\/logo\\\/image\\\/\"}},{\"@type\":\"Person\",\"@id\":\"https:\\\/\\\/continuamosmx.com\\\/#\\\/schema\\\/person\\\/5eb5356acb1fad784da407d14f0e8d89\",\"name\":\"Continuamos MX\",\"image\":{\"@type\":\"ImageObject\",\"inLanguage\":\"es\",\"@id\":\"https:\\\/\\\/secure.gravatar.com\\\/avatar\\\/30d4f9723476a15f4da34d35fb3501f08d2357016c76051c6a85c354c7489589?s=96&d=mm&r=g\",\"url\":\"https:\\\/\\\/secure.gravatar.com\\\/avatar\\\/30d4f9723476a15f4da34d35fb3501f08d2357016c76051c6a85c354c7489589?s=96&d=mm&r=g\",\"contentUrl\":\"https:\\\/\\\/secure.gravatar.com\\\/avatar\\\/30d4f9723476a15f4da34d35fb3501f08d2357016c76051c6a85c354c7489589?s=96&d=mm&r=g\",\"caption\":\"Continuamos MX\"},\"sameAs\":[\"http:\\\/\\\/www.continuamos.mx\"],\"url\":\"https:\\\/\\\/continuamosmx.com\\\/index.php\\\/author\\\/continuamos\\\/\"}]}<\/script>\n<!-- \/ Yoast SEO plugin. -->","yoast_head_json":{"title":"FORTALECIENDO LAZOS: COLABORACI\u00d3N LEGISLATIVA ENTRE EDOMEX Y PUEBLA -","robots":{"index":"index","follow":"follow","max-snippet":"max-snippet:-1","max-image-preview":"max-image-preview:large","max-video-preview":"max-video-preview:-1"},"canonical":"https:\/\/continuamosmx.com\/index.php\/2026\/04\/28\/fortaleciendo-lazos-colaboracion-legislativa-entre-edomex-y-puebla\/","og_locale":"es_ES","og_type":"article","og_title":"FORTALECIENDO LAZOS: COLABORACI\u00d3N LEGISLATIVA ENTRE EDOMEX Y PUEBLA -","og_description":"Diputados de Edomex y Puebla se re\u00fanen para fortalecer la coordinaci\u00f3n legislativa y compartir experiencias en pro del desarrollo regional. Edom\u00e9x.- En un esfuerzo por mejorar la colaboraci\u00f3n entre entidades, el diputado Jos\u00e9 Francisco V\u00e1zquez Rodr\u00edguez, presidente de la Junta de Coordinaci\u00f3n Pol\u00edtica (Jucopo) del Estado de M\u00e9xico, se reuni\u00f3 con su hom\u00f3logo en Puebla, [&hellip;]","og_url":"https:\/\/continuamosmx.com\/index.php\/2026\/04\/28\/fortaleciendo-lazos-colaboracion-legislativa-entre-edomex-y-puebla\/","article_published_time":"2026-04-29T05:35:55+00:00","og_image":[{"width":1600,"height":1068,"url":"https:\/\/continuamosmx.com\/wp-content\/uploads\/2026\/04\/puebla.jpg","type":"image\/jpeg"}],"author":"Continuamos MX","twitter_card":"summary_large_image","twitter_misc":{"Escrito por":"Continuamos MX","Tiempo de lectura":"2 minutos"},"schema":{"@context":"https:\/\/schema.org","@graph":[{"@type":"Article","@id":"https:\/\/continuamosmx.com\/index.php\/2026\/04\/28\/fortaleciendo-lazos-colaboracion-legislativa-entre-edomex-y-puebla\/#article","isPartOf":{"@id":"https:\/\/continuamosmx.com\/index.php\/2026\/04\/28\/fortaleciendo-lazos-colaboracion-legislativa-entre-edomex-y-puebla\/"},"author":{"name":"Continuamos MX","@id":"https:\/\/continuamosmx.com\/#\/schema\/person\/5eb5356acb1fad784da407d14f0e8d89"},"headline":"FORTALECIENDO LAZOS: COLABORACI\u00d3N LEGISLATIVA ENTRE EDOMEX Y PUEBLA","datePublished":"2026-04-29T05:35:55+00:00","mainEntityOfPage":{"@id":"https:\/\/continuamosmx.com\/index.php\/2026\/04\/28\/fortaleciendo-lazos-colaboracion-legislativa-entre-edomex-y-puebla\/"},"wordCount":244,"publisher":{"@id":"https:\/\/continuamosmx.com\/#organization"},"image":{"@id":"https:\/\/continuamosmx.com\/index.php\/2026\/04\/28\/fortaleciendo-lazos-colaboracion-legislativa-entre-edomex-y-puebla\/#primaryimage"},"thumbnailUrl":"https:\/\/continuamosmx.com\/wp-content\/uploads\/2026\/04\/puebla.jpg","articleSection":["CONGRESO EDOM\u00c9X"],"inLanguage":"es"},{"@type":"WebPage","@id":"https:\/\/continuamosmx.com\/index.php\/2026\/04\/28\/fortaleciendo-lazos-colaboracion-legislativa-entre-edomex-y-puebla\/","url":"https:\/\/continuamosmx.com\/index.php\/2026\/04\/28\/fortaleciendo-lazos-colaboracion-legislativa-entre-edomex-y-puebla\/","name":"FORTALECIENDO LAZOS: COLABORACI\u00d3N LEGISLATIVA ENTRE EDOMEX Y PUEBLA -","isPartOf":{"@id":"https:\/\/continuamosmx.com\/#website"},"primaryImageOfPage":{"@id":"https:\/\/continuamosmx.com\/index.php\/2026\/04\/28\/fortaleciendo-lazos-colaboracion-legislativa-entre-edomex-y-puebla\/#primaryimage"},"image":{"@id":"https:\/\/continuamosmx.com\/index.php\/2026\/04\/28\/fortaleciendo-lazos-colaboracion-legislativa-entre-edomex-y-puebla\/#primaryimage"},"thumbnailUrl":"https:\/\/continuamosmx.com\/wp-content\/uploads\/2026\/04\/puebla.jpg","datePublished":"2026-04-29T05:35:55+00:00","breadcrumb":{"@id":"https:\/\/continuamosmx.com\/index.php\/2026\/04\/28\/fortaleciendo-lazos-colaboracion-legislativa-entre-edomex-y-puebla\/#breadcrumb"},"inLanguage":"es","potentialAction":[{"@type":"ReadAction","target":["https:\/\/continuamosmx.com\/index.php\/2026\/04\/28\/fortaleciendo-lazos-colaboracion-legislativa-entre-edomex-y-puebla\/"]}]},{"@type":"ImageObject","inLanguage":"es","@id":"https:\/\/continuamosmx.com\/index.php\/2026\/04\/28\/fortaleciendo-lazos-colaboracion-legislativa-entre-edomex-y-puebla\/#primaryimage","url":"https:\/\/continuamosmx.com\/wp-content\/uploads\/2026\/04\/puebla.jpg","contentUrl":"https:\/\/continuamosmx.com\/wp-content\/uploads\/2026\/04\/puebla.jpg","width":1600,"height":1068},{"@type":"BreadcrumbList","@id":"https:\/\/continuamosmx.com\/index.php\/2026\/04\/28\/fortaleciendo-lazos-colaboracion-legislativa-entre-edomex-y-puebla\/#breadcrumb","itemListElement":[{"@type":"ListItem","position":1,"name":"Inicio","item":"https:\/\/continuamosmx.com\/"},{"@type":"ListItem","position":2,"name":"FORTALECIENDO LAZOS: COLABORACI\u00d3N LEGISLATIVA ENTRE EDOMEX Y PUEBLA"}]},{"@type":"WebSite","@id":"https:\/\/continuamosmx.com\/#website","url":"https:\/\/continuamosmx.com\/","name":"www.continuamosmx.com","description":"","publisher":{"@id":"https:\/\/continuamosmx.com\/#organization"},"potentialAction":[{"@type":"SearchAction","target":{"@type":"EntryPoint","urlTemplate":"https:\/\/continuamosmx.com\/?s={search_term_string}"},"query-input":{"@type":"PropertyValueSpecification","valueRequired":true,"valueName":"search_term_string"}}],"inLanguage":"es"},{"@type":"Organization","@id":"https:\/\/continuamosmx.com\/#organization","name":"ContinuamosMX","url":"https:\/\/continuamosmx.com\/","logo":{"@type":"ImageObject","inLanguage":"es","@id":"https:\/\/continuamosmx.com\/#\/schema\/logo\/image\/","url":"https:\/\/continuamosmx.com\/wp-content\/uploads\/2023\/04\/cropped-LOGO-CONTI-NUEVO.png","contentUrl":"https:\/\/continuamosmx.com\/wp-content\/uploads\/2023\/04\/cropped-LOGO-CONTI-NUEVO.png","width":1257,"height":430,"caption":"ContinuamosMX"},"image":{"@id":"https:\/\/continuamosmx.com\/#\/schema\/logo\/image\/"}},{"@type":"Person","@id":"https:\/\/continuamosmx.com\/#\/schema\/person\/5eb5356acb1fad784da407d14f0e8d89","name":"Continuamos MX","image":{"@type":"ImageObject","inLanguage":"es","@id":"https:\/\/secure.gravatar.com\/avatar\/30d4f9723476a15f4da34d35fb3501f08d2357016c76051c6a85c354c7489589?s=96&d=mm&r=g","url":"https:\/\/secure.gravatar.com\/avatar\/30d4f9723476a15f4da34d35fb3501f08d2357016c76051c6a85c354c7489589?s=96&d=mm&r=g","contentUrl":"https:\/\/secure.gravatar.com\/avatar\/30d4f9723476a15f4da34d35fb3501f08d2357016c76051c6a85c354c7489589?s=96&d=mm&r=g","caption":"Continuamos MX"},"sameAs":["http:\/\/www.continuamos.mx"],"url":"https:\/\/continuamosmx.com\/index.php\/author\/continuamos\/"}]}},"_links":{"self":[{"href":"https:\/\/continuamosmx.com\/index.php\/wp-json\/wp\/v2\/posts\/54671","targetHints":{"allow":["GET"]}}],"collection":[{"href":"https:\/\/continuamosmx.com\/index.php\/wp-json\/wp\/v2\/posts"}],"about":[{"href":"https:\/\/continuamosmx.com\/index.php\/wp-json\/wp\/v2\/types\/post"}],"author":[{"embeddable":true,"href":"https:\/\/continuamosmx.com\/index.php\/wp-json\/wp\/v2\/users\/6"}],"replies":[{"embeddable":true,"href":"https:\/\/continuamosmx.com\/index.php\/wp-json\/wp\/v2\/comments?post=54671"}],"version-history":[{"count":1,"href":"https:\/\/continuamosmx.com\/index.php\/wp-json\/wp\/v2\/posts\/54671\/revisions"}],"predecessor-version":[{"id":54673,"href":"https:\/\/continuamosmx.com\/index.php\/wp-json\/wp\/v2\/posts\/54671\/revisions\/54673"}],"wp:featuredmedia":[{"embeddable":true,"href":"https:\/\/continuamosmx.com\/index.php\/wp-json\/wp\/v2\/media\/54672"}],"wp:attachment":[{"href":"https:\/\/continuamosmx.com\/index.php\/wp-json\/wp\/v2\/media?parent=54671"}],"wp:term":[{"taxonomy":"category","embeddable":true,"href":"https:\/\/continuamosmx.com\/index.php\/wp-json\/wp\/v2\/categories?post=54671"},{"taxonomy":"post_tag","embeddable":true,"href":"https:\/\/continuamosmx.com\/index.php\/wp-json\/wp\/v2\/tags?post=54671"}],"curies":[{"name":"wp","href":"https:\/\/api.w.org\/{rel}","templated":true}]}}