{"id":54662,"date":"2026-04-28T22:51:12","date_gmt":"2026-04-29T04:51:12","guid":{"rendered":"https:\/\/continuamosmx.com\/?p=54662"},"modified":"2026-04-28T22:51:12","modified_gmt":"2026-04-29T04:51:12","slug":"huehuetoca-celebra-200-anos-de-historia-con-la-inauguracion-de-la-expoferia-2026","status":"publish","type":"post","link":"https:\/\/continuamosmx.com\/index.php\/2026\/04\/28\/huehuetoca-celebra-200-anos-de-historia-con-la-inauguracion-de-la-expoferia-2026\/","title":{"rendered":"HUEHUETOCA CELEBRA 200 A\u00d1OS DE HISTORIA CON LA INAUGURACI\u00d3N DE LA EXPOFERIA 2026"},"content":{"rendered":"\n<p>*<strong>El gobierno municipal encabezado por el presidente Juan Manuel L\u00f3pez Ad\u00e1n anunci\u00f3 una cartelera de talla internacional y la entrega de obras de infraestructura social para conmemorar el bicentenario de la erecci\u00f3n del municipio.<\/strong><\/p>\n\n\n\n<p>Huehuetoca, Edom\u00e9x.- En el marco de los festejos por los 200 a\u00f1os de la fundaci\u00f3n de Huehuetoca, las autoridades municipales presentaron oficialmente el programa de la Expoferia 2026, la cual iniciar\u00e1 el pr\u00f3ximo 7 de mayo. Este evento no solo busca consolidarse como la mejor festividad en la historia del municipio, sino que tambi\u00e9n marca un hito en la administraci\u00f3n 2025-2027 con la entrega de proyectos clave que buscan elevar el estatus de la localidad a Pueblo con Encanto.<\/p>\n\n\n\n<p>La jornada inaugural comenzar\u00e1 a las 10:30 horas con la apertura del Parque Ecotur\u00edstico de la Presa de Cuevecillas, el segundo espacio de este tipo desarrollado en la gesti\u00f3n actual para fomentar el turismo y la protecci\u00f3n del medio ambiente. Dentro de la agenda de trabajo, el edil Juan Manuel L\u00f3pez Ad\u00e1n destac\u00f3 la firma del convenio para el Polivirtual, la inauguraci\u00f3n del Centro de Justicia para la Mujer y la puesta en marcha de un autob\u00fas para atenci\u00f3n en mastograf\u00eda, reafirmando el compromiso con el desarrollo social y la salud.<\/p>\n\n\n\n<p>El \u00e1mbito cultural y art\u00edstico contar\u00e1 con una oferta diversa que incluye la presentaci\u00f3n de la Orquesta Sinf\u00f3nica del Estado de M\u00e9xico y una cartelera musical encabezada por agrupaciones como La Arrolladora Banda El Lim\u00f3n, Banda Cuisillos y El Trono de M\u00e9xico. Seg\u00fan las proyecciones oficiales, se espera una afluencia diaria de m\u00e1s de 5,000 personas, lo que generar\u00e1 una importante derrama econ\u00f3mica en sectores como el comercio local, el transporte y los servicios gastron\u00f3micos de la regi\u00f3n.<\/p>\n\n\n\n<p>Finalmente, las autoridades hicieron \u00e9nfasis en que la seguridad est\u00e1 garantizada gracias a la coordinaci\u00f3n con la Sedena, la Guardia Nacional y la Polic\u00eda Estatal. Con el rescate de espacios hist\u00f3ricos como la Exhacienda de la Gui\u00f1ada y el impulso a tradiciones gastron\u00f3micas, Huehuetoca se proyecta para recibir la denominaci\u00f3n de Pueblo con Encanto hacia finales de este a\u00f1o.<\/p>\n\n\n\n<figure class=\"wp-block-gallery has-nested-images columns-default is-cropped wp-block-gallery-1 is-layout-flex wp-block-gallery-is-layout-flex\">\n<figure class=\"wp-block-image size-large\"><img loading=\"lazy\" decoding=\"async\" width=\"1024\" height=\"569\" data-id=\"54664\" src=\"https:\/\/continuamosmx.com\/wp-content\/uploads\/2026\/04\/huehue-3-1024x569.png\" alt=\"\" class=\"wp-image-54664\" srcset=\"https:\/\/continuamosmx.com\/wp-content\/uploads\/2026\/04\/huehue-3-1024x569.png 1024w, https:\/\/continuamosmx.com\/wp-content\/uploads\/2026\/04\/huehue-3-300x167.png 300w, https:\/\/continuamosmx.com\/wp-content\/uploads\/2026\/04\/huehue-3-768x427.png 768w, https:\/\/continuamosmx.com\/wp-content\/uploads\/2026\/04\/huehue-3.png 1084w\" sizes=\"auto, (max-width: 1024px) 100vw, 1024px\" \/><\/figure>\n\n\n\n<figure class=\"wp-block-image size-large\"><img loading=\"lazy\" decoding=\"async\" width=\"1024\" height=\"567\" data-id=\"54666\" src=\"https:\/\/continuamosmx.com\/wp-content\/uploads\/2026\/04\/huwhuw2-1024x567.png\" alt=\"\" class=\"wp-image-54666\" srcset=\"https:\/\/continuamosmx.com\/wp-content\/uploads\/2026\/04\/huwhuw2-1024x567.png 1024w, https:\/\/continuamosmx.com\/wp-content\/uploads\/2026\/04\/huwhuw2-300x166.png 300w, https:\/\/continuamosmx.com\/wp-content\/uploads\/2026\/04\/huwhuw2-768x425.png 768w, https:\/\/continuamosmx.com\/wp-content\/uploads\/2026\/04\/huwhuw2.png 1097w\" sizes=\"auto, (max-width: 1024px) 100vw, 1024px\" \/><\/figure>\n\n\n\n<figure class=\"wp-block-image size-large\"><img loading=\"lazy\" decoding=\"async\" width=\"1024\" height=\"492\" data-id=\"54665\" src=\"https:\/\/continuamosmx.com\/wp-content\/uploads\/2026\/04\/huwhuw-1024x492.png\" alt=\"\" class=\"wp-image-54665\" srcset=\"https:\/\/continuamosmx.com\/wp-content\/uploads\/2026\/04\/huwhuw-1024x492.png 1024w, https:\/\/continuamosmx.com\/wp-content\/uploads\/2026\/04\/huwhuw-300x144.png 300w, https:\/\/continuamosmx.com\/wp-content\/uploads\/2026\/04\/huwhuw-768x369.png 768w, https:\/\/continuamosmx.com\/wp-content\/uploads\/2026\/04\/huwhuw.png 1127w\" sizes=\"auto, (max-width: 1024px) 100vw, 1024px\" \/><\/figure>\n<\/figure>\n","protected":false},"excerpt":{"rendered":"<p>*El gobierno municipal encabezado por el presidente Juan Manuel L\u00f3pez Ad\u00e1n anunci\u00f3 una cartelera de talla internacional y la entrega de obras de infraestructura social para conmemorar el bicentenario de la erecci\u00f3n del municipio. Huehuetoca, Edom\u00e9x.- En el marco de los festejos por los 200 a\u00f1os de la fundaci\u00f3n de Huehuetoca, las autoridades municipales presentaron [&hellip;]<\/p>\n","protected":false},"author":6,"featured_media":54663,"comment_status":"closed","ping_status":"closed","sticky":false,"template":"","format":"standard","meta":{"footnotes":""},"categories":[4],"tags":[],"class_list":["post-54662","post","type-post","status-publish","format-standard","has-post-thumbnail","hentry","category-locales"],"yoast_head":"<!-- This site is optimized with the Yoast SEO plugin v27.5 - https:\/\/yoast.com\/product\/yoast-seo-wordpress\/ -->\n<title>HUEHUETOCA CELEBRA 200 A\u00d1OS DE HISTORIA CON LA INAUGURACI\u00d3N DE LA EXPOFERIA 2026 -<\/title>\n<meta name=\"robots\" content=\"index, follow, max-snippet:-1, max-image-preview:large, max-video-preview:-1\" \/>\n<link rel=\"canonical\" href=\"https:\/\/continuamosmx.com\/index.php\/2026\/04\/28\/huehuetoca-celebra-200-anos-de-historia-con-la-inauguracion-de-la-expoferia-2026\/\" \/>\n<meta property=\"og:locale\" content=\"es_ES\" \/>\n<meta property=\"og:type\" content=\"article\" \/>\n<meta property=\"og:title\" content=\"HUEHUETOCA CELEBRA 200 A\u00d1OS DE HISTORIA CON LA INAUGURACI\u00d3N DE LA EXPOFERIA 2026 -\" \/>\n<meta property=\"og:description\" content=\"*El gobierno municipal encabezado por el presidente Juan Manuel L\u00f3pez Ad\u00e1n anunci\u00f3 una cartelera de talla internacional y la entrega de obras de infraestructura social para conmemorar el bicentenario de la erecci\u00f3n del municipio. Huehuetoca, Edom\u00e9x.- En el marco de los festejos por los 200 a\u00f1os de la fundaci\u00f3n de Huehuetoca, las autoridades municipales presentaron [&hellip;]\" \/>\n<meta property=\"og:url\" content=\"https:\/\/continuamosmx.com\/index.php\/2026\/04\/28\/huehuetoca-celebra-200-anos-de-historia-con-la-inauguracion-de-la-expoferia-2026\/\" \/>\n<meta property=\"article:published_time\" content=\"2026-04-29T04:51:12+00:00\" \/>\n<meta property=\"og:image\" content=\"https:\/\/continuamosmx.com\/wp-content\/uploads\/2026\/04\/prensa-1024x916.png\" \/>\n\t<meta property=\"og:image:width\" content=\"1024\" \/>\n\t<meta property=\"og:image:height\" content=\"916\" \/>\n\t<meta property=\"og:image:type\" content=\"image\/png\" \/>\n<meta name=\"author\" content=\"Continuamos MX\" \/>\n<meta name=\"twitter:card\" content=\"summary_large_image\" \/>\n<meta name=\"twitter:label1\" content=\"Escrito por\" \/>\n\t<meta name=\"twitter:data1\" content=\"Continuamos MX\" \/>\n\t<meta name=\"twitter:label2\" content=\"Tiempo de lectura\" \/>\n\t<meta name=\"twitter:data2\" content=\"3 minutos\" \/>\n<script type=\"application\/ld+json\" class=\"yoast-schema-graph\">{\"@context\":\"https:\\\/\\\/schema.org\",\"@graph\":[{\"@type\":\"Article\",\"@id\":\"https:\\\/\\\/continuamosmx.com\\\/index.php\\\/2026\\\/04\\\/28\\\/huehuetoca-celebra-200-anos-de-historia-con-la-inauguracion-de-la-expoferia-2026\\\/#article\",\"isPartOf\":{\"@id\":\"https:\\\/\\\/continuamosmx.com\\\/index.php\\\/2026\\\/04\\\/28\\\/huehuetoca-celebra-200-anos-de-historia-con-la-inauguracion-de-la-expoferia-2026\\\/\"},\"author\":{\"name\":\"Continuamos MX\",\"@id\":\"https:\\\/\\\/continuamosmx.com\\\/#\\\/schema\\\/person\\\/5eb5356acb1fad784da407d14f0e8d89\"},\"headline\":\"HUEHUETOCA CELEBRA 200 A\u00d1OS DE HISTORIA CON LA INAUGURACI\u00d3N DE LA EXPOFERIA 2026\",\"datePublished\":\"2026-04-29T04:51:12+00:00\",\"mainEntityOfPage\":{\"@id\":\"https:\\\/\\\/continuamosmx.com\\\/index.php\\\/2026\\\/04\\\/28\\\/huehuetoca-celebra-200-anos-de-historia-con-la-inauguracion-de-la-expoferia-2026\\\/\"},\"wordCount\":386,\"publisher\":{\"@id\":\"https:\\\/\\\/continuamosmx.com\\\/#organization\"},\"image\":{\"@id\":\"https:\\\/\\\/continuamosmx.com\\\/index.php\\\/2026\\\/04\\\/28\\\/huehuetoca-celebra-200-anos-de-historia-con-la-inauguracion-de-la-expoferia-2026\\\/#primaryimage\"},\"thumbnailUrl\":\"https:\\\/\\\/continuamosmx.com\\\/wp-content\\\/uploads\\\/2026\\\/04\\\/prensa.png\",\"articleSection\":[\"LOCALES\"],\"inLanguage\":\"es\"},{\"@type\":\"WebPage\",\"@id\":\"https:\\\/\\\/continuamosmx.com\\\/index.php\\\/2026\\\/04\\\/28\\\/huehuetoca-celebra-200-anos-de-historia-con-la-inauguracion-de-la-expoferia-2026\\\/\",\"url\":\"https:\\\/\\\/continuamosmx.com\\\/index.php\\\/2026\\\/04\\\/28\\\/huehuetoca-celebra-200-anos-de-historia-con-la-inauguracion-de-la-expoferia-2026\\\/\",\"name\":\"HUEHUETOCA CELEBRA 200 A\u00d1OS DE HISTORIA CON LA INAUGURACI\u00d3N DE LA EXPOFERIA 2026 -\",\"isPartOf\":{\"@id\":\"https:\\\/\\\/continuamosmx.com\\\/#website\"},\"primaryImageOfPage\":{\"@id\":\"https:\\\/\\\/continuamosmx.com\\\/index.php\\\/2026\\\/04\\\/28\\\/huehuetoca-celebra-200-anos-de-historia-con-la-inauguracion-de-la-expoferia-2026\\\/#primaryimage\"},\"image\":{\"@id\":\"https:\\\/\\\/continuamosmx.com\\\/index.php\\\/2026\\\/04\\\/28\\\/huehuetoca-celebra-200-anos-de-historia-con-la-inauguracion-de-la-expoferia-2026\\\/#primaryimage\"},\"thumbnailUrl\":\"https:\\\/\\\/continuamosmx.com\\\/wp-content\\\/uploads\\\/2026\\\/04\\\/prensa.png\",\"datePublished\":\"2026-04-29T04:51:12+00:00\",\"breadcrumb\":{\"@id\":\"https:\\\/\\\/continuamosmx.com\\\/index.php\\\/2026\\\/04\\\/28\\\/huehuetoca-celebra-200-anos-de-historia-con-la-inauguracion-de-la-expoferia-2026\\\/#breadcrumb\"},\"inLanguage\":\"es\",\"potentialAction\":[{\"@type\":\"ReadAction\",\"target\":[\"https:\\\/\\\/continuamosmx.com\\\/index.php\\\/2026\\\/04\\\/28\\\/huehuetoca-celebra-200-anos-de-historia-con-la-inauguracion-de-la-expoferia-2026\\\/\"]}]},{\"@type\":\"ImageObject\",\"inLanguage\":\"es\",\"@id\":\"https:\\\/\\\/continuamosmx.com\\\/index.php\\\/2026\\\/04\\\/28\\\/huehuetoca-celebra-200-anos-de-historia-con-la-inauguracion-de-la-expoferia-2026\\\/#primaryimage\",\"url\":\"https:\\\/\\\/continuamosmx.com\\\/wp-content\\\/uploads\\\/2026\\\/04\\\/prensa.png\",\"contentUrl\":\"https:\\\/\\\/continuamosmx.com\\\/wp-content\\\/uploads\\\/2026\\\/04\\\/prensa.png\",\"width\":2182,\"height\":1952},{\"@type\":\"BreadcrumbList\",\"@id\":\"https:\\\/\\\/continuamosmx.com\\\/index.php\\\/2026\\\/04\\\/28\\\/huehuetoca-celebra-200-anos-de-historia-con-la-inauguracion-de-la-expoferia-2026\\\/#breadcrumb\",\"itemListElement\":[{\"@type\":\"ListItem\",\"position\":1,\"name\":\"Inicio\",\"item\":\"https:\\\/\\\/continuamosmx.com\\\/\"},{\"@type\":\"ListItem\",\"position\":2,\"name\":\"HUEHUETOCA CELEBRA 200 A\u00d1OS DE HISTORIA CON LA INAUGURACI\u00d3N DE LA EXPOFERIA 2026\"}]},{\"@type\":\"WebSite\",\"@id\":\"https:\\\/\\\/continuamosmx.com\\\/#website\",\"url\":\"https:\\\/\\\/continuamosmx.com\\\/\",\"name\":\"www.continuamosmx.com\",\"description\":\"\",\"publisher\":{\"@id\":\"https:\\\/\\\/continuamosmx.com\\\/#organization\"},\"potentialAction\":[{\"@type\":\"SearchAction\",\"target\":{\"@type\":\"EntryPoint\",\"urlTemplate\":\"https:\\\/\\\/continuamosmx.com\\\/?s={search_term_string}\"},\"query-input\":{\"@type\":\"PropertyValueSpecification\",\"valueRequired\":true,\"valueName\":\"search_term_string\"}}],\"inLanguage\":\"es\"},{\"@type\":\"Organization\",\"@id\":\"https:\\\/\\\/continuamosmx.com\\\/#organization\",\"name\":\"ContinuamosMX\",\"url\":\"https:\\\/\\\/continuamosmx.com\\\/\",\"logo\":{\"@type\":\"ImageObject\",\"inLanguage\":\"es\",\"@id\":\"https:\\\/\\\/continuamosmx.com\\\/#\\\/schema\\\/logo\\\/image\\\/\",\"url\":\"https:\\\/\\\/continuamosmx.com\\\/wp-content\\\/uploads\\\/2023\\\/04\\\/cropped-LOGO-CONTI-NUEVO.png\",\"contentUrl\":\"https:\\\/\\\/continuamosmx.com\\\/wp-content\\\/uploads\\\/2023\\\/04\\\/cropped-LOGO-CONTI-NUEVO.png\",\"width\":1257,\"height\":430,\"caption\":\"ContinuamosMX\"},\"image\":{\"@id\":\"https:\\\/\\\/continuamosmx.com\\\/#\\\/schema\\\/logo\\\/image\\\/\"}},{\"@type\":\"Person\",\"@id\":\"https:\\\/\\\/continuamosmx.com\\\/#\\\/schema\\\/person\\\/5eb5356acb1fad784da407d14f0e8d89\",\"name\":\"Continuamos MX\",\"image\":{\"@type\":\"ImageObject\",\"inLanguage\":\"es\",\"@id\":\"https:\\\/\\\/secure.gravatar.com\\\/avatar\\\/30d4f9723476a15f4da34d35fb3501f08d2357016c76051c6a85c354c7489589?s=96&d=mm&r=g\",\"url\":\"https:\\\/\\\/secure.gravatar.com\\\/avatar\\\/30d4f9723476a15f4da34d35fb3501f08d2357016c76051c6a85c354c7489589?s=96&d=mm&r=g\",\"contentUrl\":\"https:\\\/\\\/secure.gravatar.com\\\/avatar\\\/30d4f9723476a15f4da34d35fb3501f08d2357016c76051c6a85c354c7489589?s=96&d=mm&r=g\",\"caption\":\"Continuamos MX\"},\"sameAs\":[\"http:\\\/\\\/www.continuamos.mx\"],\"url\":\"https:\\\/\\\/continuamosmx.com\\\/index.php\\\/author\\\/continuamos\\\/\"}]}<\/script>\n<!-- \/ Yoast SEO plugin. -->","yoast_head_json":{"title":"HUEHUETOCA CELEBRA 200 A\u00d1OS DE HISTORIA CON LA INAUGURACI\u00d3N DE LA EXPOFERIA 2026 -","robots":{"index":"index","follow":"follow","max-snippet":"max-snippet:-1","max-image-preview":"max-image-preview:large","max-video-preview":"max-video-preview:-1"},"canonical":"https:\/\/continuamosmx.com\/index.php\/2026\/04\/28\/huehuetoca-celebra-200-anos-de-historia-con-la-inauguracion-de-la-expoferia-2026\/","og_locale":"es_ES","og_type":"article","og_title":"HUEHUETOCA CELEBRA 200 A\u00d1OS DE HISTORIA CON LA INAUGURACI\u00d3N DE LA EXPOFERIA 2026 -","og_description":"*El gobierno municipal encabezado por el presidente Juan Manuel L\u00f3pez Ad\u00e1n anunci\u00f3 una cartelera de talla internacional y la entrega de obras de infraestructura social para conmemorar el bicentenario de la erecci\u00f3n del municipio. Huehuetoca, Edom\u00e9x.- En el marco de los festejos por los 200 a\u00f1os de la fundaci\u00f3n de Huehuetoca, las autoridades municipales presentaron [&hellip;]","og_url":"https:\/\/continuamosmx.com\/index.php\/2026\/04\/28\/huehuetoca-celebra-200-anos-de-historia-con-la-inauguracion-de-la-expoferia-2026\/","article_published_time":"2026-04-29T04:51:12+00:00","og_image":[{"width":1024,"height":916,"url":"https:\/\/continuamosmx.com\/wp-content\/uploads\/2026\/04\/prensa-1024x916.png","type":"image\/png"}],"author":"Continuamos MX","twitter_card":"summary_large_image","twitter_misc":{"Escrito por":"Continuamos MX","Tiempo de lectura":"3 minutos"},"schema":{"@context":"https:\/\/schema.org","@graph":[{"@type":"Article","@id":"https:\/\/continuamosmx.com\/index.php\/2026\/04\/28\/huehuetoca-celebra-200-anos-de-historia-con-la-inauguracion-de-la-expoferia-2026\/#article","isPartOf":{"@id":"https:\/\/continuamosmx.com\/index.php\/2026\/04\/28\/huehuetoca-celebra-200-anos-de-historia-con-la-inauguracion-de-la-expoferia-2026\/"},"author":{"name":"Continuamos MX","@id":"https:\/\/continuamosmx.com\/#\/schema\/person\/5eb5356acb1fad784da407d14f0e8d89"},"headline":"HUEHUETOCA CELEBRA 200 A\u00d1OS DE HISTORIA CON LA INAUGURACI\u00d3N DE LA EXPOFERIA 2026","datePublished":"2026-04-29T04:51:12+00:00","mainEntityOfPage":{"@id":"https:\/\/continuamosmx.com\/index.php\/2026\/04\/28\/huehuetoca-celebra-200-anos-de-historia-con-la-inauguracion-de-la-expoferia-2026\/"},"wordCount":386,"publisher":{"@id":"https:\/\/continuamosmx.com\/#organization"},"image":{"@id":"https:\/\/continuamosmx.com\/index.php\/2026\/04\/28\/huehuetoca-celebra-200-anos-de-historia-con-la-inauguracion-de-la-expoferia-2026\/#primaryimage"},"thumbnailUrl":"https:\/\/continuamosmx.com\/wp-content\/uploads\/2026\/04\/prensa.png","articleSection":["LOCALES"],"inLanguage":"es"},{"@type":"WebPage","@id":"https:\/\/continuamosmx.com\/index.php\/2026\/04\/28\/huehuetoca-celebra-200-anos-de-historia-con-la-inauguracion-de-la-expoferia-2026\/","url":"https:\/\/continuamosmx.com\/index.php\/2026\/04\/28\/huehuetoca-celebra-200-anos-de-historia-con-la-inauguracion-de-la-expoferia-2026\/","name":"HUEHUETOCA CELEBRA 200 A\u00d1OS DE HISTORIA CON LA INAUGURACI\u00d3N DE LA EXPOFERIA 2026 -","isPartOf":{"@id":"https:\/\/continuamosmx.com\/#website"},"primaryImageOfPage":{"@id":"https:\/\/continuamosmx.com\/index.php\/2026\/04\/28\/huehuetoca-celebra-200-anos-de-historia-con-la-inauguracion-de-la-expoferia-2026\/#primaryimage"},"image":{"@id":"https:\/\/continuamosmx.com\/index.php\/2026\/04\/28\/huehuetoca-celebra-200-anos-de-historia-con-la-inauguracion-de-la-expoferia-2026\/#primaryimage"},"thumbnailUrl":"https:\/\/continuamosmx.com\/wp-content\/uploads\/2026\/04\/prensa.png","datePublished":"2026-04-29T04:51:12+00:00","breadcrumb":{"@id":"https:\/\/continuamosmx.com\/index.php\/2026\/04\/28\/huehuetoca-celebra-200-anos-de-historia-con-la-inauguracion-de-la-expoferia-2026\/#breadcrumb"},"inLanguage":"es","potentialAction":[{"@type":"ReadAction","target":["https:\/\/continuamosmx.com\/index.php\/2026\/04\/28\/huehuetoca-celebra-200-anos-de-historia-con-la-inauguracion-de-la-expoferia-2026\/"]}]},{"@type":"ImageObject","inLanguage":"es","@id":"https:\/\/continuamosmx.com\/index.php\/2026\/04\/28\/huehuetoca-celebra-200-anos-de-historia-con-la-inauguracion-de-la-expoferia-2026\/#primaryimage","url":"https:\/\/continuamosmx.com\/wp-content\/uploads\/2026\/04\/prensa.png","contentUrl":"https:\/\/continuamosmx.com\/wp-content\/uploads\/2026\/04\/prensa.png","width":2182,"height":1952},{"@type":"BreadcrumbList","@id":"https:\/\/continuamosmx.com\/index.php\/2026\/04\/28\/huehuetoca-celebra-200-anos-de-historia-con-la-inauguracion-de-la-expoferia-2026\/#breadcrumb","itemListElement":[{"@type":"ListItem","position":1,"name":"Inicio","item":"https:\/\/continuamosmx.com\/"},{"@type":"ListItem","position":2,"name":"HUEHUETOCA CELEBRA 200 A\u00d1OS DE HISTORIA CON LA INAUGURACI\u00d3N DE LA EXPOFERIA 2026"}]},{"@type":"WebSite","@id":"https:\/\/continuamosmx.com\/#website","url":"https:\/\/continuamosmx.com\/","name":"www.continuamosmx.com","description":"","publisher":{"@id":"https:\/\/continuamosmx.com\/#organization"},"potentialAction":[{"@type":"SearchAction","target":{"@type":"EntryPoint","urlTemplate":"https:\/\/continuamosmx.com\/?s={search_term_string}"},"query-input":{"@type":"PropertyValueSpecification","valueRequired":true,"valueName":"search_term_string"}}],"inLanguage":"es"},{"@type":"Organization","@id":"https:\/\/continuamosmx.com\/#organization","name":"ContinuamosMX","url":"https:\/\/continuamosmx.com\/","logo":{"@type":"ImageObject","inLanguage":"es","@id":"https:\/\/continuamosmx.com\/#\/schema\/logo\/image\/","url":"https:\/\/continuamosmx.com\/wp-content\/uploads\/2023\/04\/cropped-LOGO-CONTI-NUEVO.png","contentUrl":"https:\/\/continuamosmx.com\/wp-content\/uploads\/2023\/04\/cropped-LOGO-CONTI-NUEVO.png","width":1257,"height":430,"caption":"ContinuamosMX"},"image":{"@id":"https:\/\/continuamosmx.com\/#\/schema\/logo\/image\/"}},{"@type":"Person","@id":"https:\/\/continuamosmx.com\/#\/schema\/person\/5eb5356acb1fad784da407d14f0e8d89","name":"Continuamos MX","image":{"@type":"ImageObject","inLanguage":"es","@id":"https:\/\/secure.gravatar.com\/avatar\/30d4f9723476a15f4da34d35fb3501f08d2357016c76051c6a85c354c7489589?s=96&d=mm&r=g","url":"https:\/\/secure.gravatar.com\/avatar\/30d4f9723476a15f4da34d35fb3501f08d2357016c76051c6a85c354c7489589?s=96&d=mm&r=g","contentUrl":"https:\/\/secure.gravatar.com\/avatar\/30d4f9723476a15f4da34d35fb3501f08d2357016c76051c6a85c354c7489589?s=96&d=mm&r=g","caption":"Continuamos MX"},"sameAs":["http:\/\/www.continuamos.mx"],"url":"https:\/\/continuamosmx.com\/index.php\/author\/continuamos\/"}]}},"_links":{"self":[{"href":"https:\/\/continuamosmx.com\/index.php\/wp-json\/wp\/v2\/posts\/54662","targetHints":{"allow":["GET"]}}],"collection":[{"href":"https:\/\/continuamosmx.com\/index.php\/wp-json\/wp\/v2\/posts"}],"about":[{"href":"https:\/\/continuamosmx.com\/index.php\/wp-json\/wp\/v2\/types\/post"}],"author":[{"embeddable":true,"href":"https:\/\/continuamosmx.com\/index.php\/wp-json\/wp\/v2\/users\/6"}],"replies":[{"embeddable":true,"href":"https:\/\/continuamosmx.com\/index.php\/wp-json\/wp\/v2\/comments?post=54662"}],"version-history":[{"count":1,"href":"https:\/\/continuamosmx.com\/index.php\/wp-json\/wp\/v2\/posts\/54662\/revisions"}],"predecessor-version":[{"id":54667,"href":"https:\/\/continuamosmx.com\/index.php\/wp-json\/wp\/v2\/posts\/54662\/revisions\/54667"}],"wp:featuredmedia":[{"embeddable":true,"href":"https:\/\/continuamosmx.com\/index.php\/wp-json\/wp\/v2\/media\/54663"}],"wp:attachment":[{"href":"https:\/\/continuamosmx.com\/index.php\/wp-json\/wp\/v2\/media?parent=54662"}],"wp:term":[{"taxonomy":"category","embeddable":true,"href":"https:\/\/continuamosmx.com\/index.php\/wp-json\/wp\/v2\/categories?post=54662"},{"taxonomy":"post_tag","embeddable":true,"href":"https:\/\/continuamosmx.com\/index.php\/wp-json\/wp\/v2\/tags?post=54662"}],"curies":[{"name":"wp","href":"https:\/\/api.w.org\/{rel}","templated":true}]}}