{"id":54658,"date":"2026-04-27T22:01:29","date_gmt":"2026-04-28T04:01:29","guid":{"rendered":"https:\/\/continuamosmx.com\/?p=54658"},"modified":"2026-04-27T22:01:30","modified_gmt":"2026-04-28T04:01:30","slug":"inaugura-gobierno-de-tlalnepantla-cocina-del-bienestar-para-fortalecer-la-economia-y-alimentacion-familiar","status":"publish","type":"post","link":"https:\/\/continuamosmx.com\/index.php\/2026\/04\/27\/inaugura-gobierno-de-tlalnepantla-cocina-del-bienestar-para-fortalecer-la-economia-y-alimentacion-familiar\/","title":{"rendered":"INAUGURA GOBIERNO DE TLALNEPANTLA COCINA DEL BIENESTAR PARA FORTALECER LA ECONOM\u00cdA Y ALIMENTACI\u00d3N FAMILIAR"},"content":{"rendered":"\n<h3 class=\"wp-block-heading\">*<strong>El alcalde Raciel P\u00e9rez Cruz encabez\u00f3 la apertura de este espacio en San Buenaventura, dise\u00f1ado para garantizar el acceso a comidas nutritivas bajo un esquema de participaci\u00f3n comunitaria.<\/strong><\/h3>\n\n\n\n<hr class=\"wp-block-separator has-alpha-channel-opacity\"\/>\n\n\n\n<p>Tlalnepantla de Baz, Estado de M\u00e9xico. \u2013 Con el objetivo central de combatir la carencia alimentaria y brindar un respaldo directo a la econom\u00eda de los hogares, el presidente municipal Raciel P\u00e9rez Cruz formaliz\u00f3 la inauguraci\u00f3n de la Cocina del Bienestar en la comunidad de San Buenaventura.<\/p>\n\n\n\n<p>Este proyecto surge tras la recuperaci\u00f3n y transformaci\u00f3n estrat\u00e9gica de un espacio p\u00fablico que se encontraba en desuso. El inmueble fue sometido a una rehabilitaci\u00f3n integral que incluy\u00f3 mejoras estructurales, renovaci\u00f3n de instalaciones el\u00e9ctricas e hidr\u00e1ulicas, as\u00ed como el equipamiento necesario para garantizar la preparaci\u00f3n de alimentos bajo estrictos est\u00e1ndares de higiene.<\/p>\n\n\n\n<p><strong>Modelo de gesti\u00f3n y participaci\u00f3n social<\/strong><\/p>\n\n\n\n<p>El programa opera bajo un esquema de organizaci\u00f3n vecinal, donde un comit\u00e9 de mujeres voluntarias de la localidad se encarga de la gesti\u00f3n y operaci\u00f3n del servicio. Estas colaboradoras han recibido capacitaci\u00f3n espec\u00edfica para ofrecer men\u00fas balanceados y nutritivos, promoviendo el empoderamiento comunitario a trav\u00e9s de una cuota de recuperaci\u00f3n m\u00ednima que facilita el acceso a raciones alimentarias de calidad.<\/p>\n\n\n\n<p>Durante el acto protocolario, el alcalde Raciel P\u00e9rez Cruz subray\u00f3 que la puesta en marcha de esta cocina es un acto de justicia social que fortalece los lazos de solidaridad en Tlalnepantla. Asimismo, enfatiz\u00f3 que la administraci\u00f3n municipal continuar\u00e1 priorizando la recuperaci\u00f3n de espacios para convertirlos en s\u00edmbolos de bienestar que aseguren que ning\u00fan sector de la poblaci\u00f3n se quede atr\u00e1s en el ejercicio de sus derechos b\u00e1sicos.<\/p>\n","protected":false},"excerpt":{"rendered":"<p>*El alcalde Raciel P\u00e9rez Cruz encabez\u00f3 la apertura de este espacio en San Buenaventura, dise\u00f1ado para garantizar el acceso a comidas nutritivas bajo un esquema de participaci\u00f3n comunitaria. Tlalnepantla de Baz, Estado de M\u00e9xico. \u2013 Con el objetivo central de combatir la carencia alimentaria y brindar un respaldo directo a la econom\u00eda de los hogares, [&hellip;]<\/p>\n","protected":false},"author":6,"featured_media":54659,"comment_status":"closed","ping_status":"closed","sticky":false,"template":"","format":"standard","meta":{"footnotes":""},"categories":[4],"tags":[],"class_list":["post-54658","post","type-post","status-publish","format-standard","has-post-thumbnail","hentry","category-locales"],"yoast_head":"<!-- This site is optimized with the Yoast SEO plugin v27.4 - https:\/\/yoast.com\/product\/yoast-seo-wordpress\/ -->\n<title>INAUGURA GOBIERNO DE TLALNEPANTLA COCINA DEL BIENESTAR PARA FORTALECER LA ECONOM\u00cdA Y ALIMENTACI\u00d3N FAMILIAR -<\/title>\n<meta name=\"robots\" content=\"index, follow, max-snippet:-1, max-image-preview:large, max-video-preview:-1\" \/>\n<link rel=\"canonical\" href=\"https:\/\/continuamosmx.com\/index.php\/2026\/04\/27\/inaugura-gobierno-de-tlalnepantla-cocina-del-bienestar-para-fortalecer-la-economia-y-alimentacion-familiar\/\" \/>\n<meta property=\"og:locale\" content=\"es_ES\" \/>\n<meta property=\"og:type\" content=\"article\" \/>\n<meta property=\"og:title\" content=\"INAUGURA GOBIERNO DE TLALNEPANTLA COCINA DEL BIENESTAR PARA FORTALECER LA ECONOM\u00cdA Y ALIMENTACI\u00d3N FAMILIAR -\" \/>\n<meta property=\"og:description\" content=\"*El alcalde Raciel P\u00e9rez Cruz encabez\u00f3 la apertura de este espacio en San Buenaventura, dise\u00f1ado para garantizar el acceso a comidas nutritivas bajo un esquema de participaci\u00f3n comunitaria. Tlalnepantla de Baz, Estado de M\u00e9xico. \u2013 Con el objetivo central de combatir la carencia alimentaria y brindar un respaldo directo a la econom\u00eda de los hogares, [&hellip;]\" \/>\n<meta property=\"og:url\" content=\"https:\/\/continuamosmx.com\/index.php\/2026\/04\/27\/inaugura-gobierno-de-tlalnepantla-cocina-del-bienestar-para-fortalecer-la-economia-y-alimentacion-familiar\/\" \/>\n<meta property=\"article:published_time\" content=\"2026-04-28T04:01:29+00:00\" \/>\n<meta property=\"article:modified_time\" content=\"2026-04-28T04:01:30+00:00\" \/>\n<meta property=\"og:image\" content=\"https:\/\/continuamosmx.com\/wp-content\/uploads\/2026\/04\/WhatsApp-Image-2026-04-27-at-5.56.23-PM.jpeg\" \/>\n\t<meta property=\"og:image:width\" content=\"1280\" \/>\n\t<meta property=\"og:image:height\" content=\"853\" \/>\n\t<meta property=\"og:image:type\" content=\"image\/jpeg\" \/>\n<meta name=\"author\" content=\"Continuamos MX\" \/>\n<meta name=\"twitter:card\" content=\"summary_large_image\" \/>\n<meta name=\"twitter:label1\" content=\"Escrito por\" \/>\n\t<meta name=\"twitter:data1\" content=\"Continuamos MX\" \/>\n\t<meta name=\"twitter:label2\" content=\"Tiempo de lectura\" \/>\n\t<meta name=\"twitter:data2\" content=\"2 minutos\" \/>\n<script type=\"application\/ld+json\" class=\"yoast-schema-graph\">{\"@context\":\"https:\\\/\\\/schema.org\",\"@graph\":[{\"@type\":\"Article\",\"@id\":\"https:\\\/\\\/continuamosmx.com\\\/index.php\\\/2026\\\/04\\\/27\\\/inaugura-gobierno-de-tlalnepantla-cocina-del-bienestar-para-fortalecer-la-economia-y-alimentacion-familiar\\\/#article\",\"isPartOf\":{\"@id\":\"https:\\\/\\\/continuamosmx.com\\\/index.php\\\/2026\\\/04\\\/27\\\/inaugura-gobierno-de-tlalnepantla-cocina-del-bienestar-para-fortalecer-la-economia-y-alimentacion-familiar\\\/\"},\"author\":{\"name\":\"Continuamos MX\",\"@id\":\"https:\\\/\\\/continuamosmx.com\\\/#\\\/schema\\\/person\\\/5eb5356acb1fad784da407d14f0e8d89\"},\"headline\":\"INAUGURA GOBIERNO DE TLALNEPANTLA COCINA DEL BIENESTAR PARA FORTALECER LA ECONOM\u00cdA Y ALIMENTACI\u00d3N FAMILIAR\",\"datePublished\":\"2026-04-28T04:01:29+00:00\",\"dateModified\":\"2026-04-28T04:01:30+00:00\",\"mainEntityOfPage\":{\"@id\":\"https:\\\/\\\/continuamosmx.com\\\/index.php\\\/2026\\\/04\\\/27\\\/inaugura-gobierno-de-tlalnepantla-cocina-del-bienestar-para-fortalecer-la-economia-y-alimentacion-familiar\\\/\"},\"wordCount\":312,\"publisher\":{\"@id\":\"https:\\\/\\\/continuamosmx.com\\\/#organization\"},\"image\":{\"@id\":\"https:\\\/\\\/continuamosmx.com\\\/index.php\\\/2026\\\/04\\\/27\\\/inaugura-gobierno-de-tlalnepantla-cocina-del-bienestar-para-fortalecer-la-economia-y-alimentacion-familiar\\\/#primaryimage\"},\"thumbnailUrl\":\"https:\\\/\\\/continuamosmx.com\\\/wp-content\\\/uploads\\\/2026\\\/04\\\/WhatsApp-Image-2026-04-27-at-5.56.23-PM.jpeg\",\"articleSection\":[\"LOCALES\"],\"inLanguage\":\"es\"},{\"@type\":\"WebPage\",\"@id\":\"https:\\\/\\\/continuamosmx.com\\\/index.php\\\/2026\\\/04\\\/27\\\/inaugura-gobierno-de-tlalnepantla-cocina-del-bienestar-para-fortalecer-la-economia-y-alimentacion-familiar\\\/\",\"url\":\"https:\\\/\\\/continuamosmx.com\\\/index.php\\\/2026\\\/04\\\/27\\\/inaugura-gobierno-de-tlalnepantla-cocina-del-bienestar-para-fortalecer-la-economia-y-alimentacion-familiar\\\/\",\"name\":\"INAUGURA GOBIERNO DE TLALNEPANTLA COCINA DEL BIENESTAR PARA FORTALECER LA ECONOM\u00cdA Y ALIMENTACI\u00d3N FAMILIAR -\",\"isPartOf\":{\"@id\":\"https:\\\/\\\/continuamosmx.com\\\/#website\"},\"primaryImageOfPage\":{\"@id\":\"https:\\\/\\\/continuamosmx.com\\\/index.php\\\/2026\\\/04\\\/27\\\/inaugura-gobierno-de-tlalnepantla-cocina-del-bienestar-para-fortalecer-la-economia-y-alimentacion-familiar\\\/#primaryimage\"},\"image\":{\"@id\":\"https:\\\/\\\/continuamosmx.com\\\/index.php\\\/2026\\\/04\\\/27\\\/inaugura-gobierno-de-tlalnepantla-cocina-del-bienestar-para-fortalecer-la-economia-y-alimentacion-familiar\\\/#primaryimage\"},\"thumbnailUrl\":\"https:\\\/\\\/continuamosmx.com\\\/wp-content\\\/uploads\\\/2026\\\/04\\\/WhatsApp-Image-2026-04-27-at-5.56.23-PM.jpeg\",\"datePublished\":\"2026-04-28T04:01:29+00:00\",\"dateModified\":\"2026-04-28T04:01:30+00:00\",\"breadcrumb\":{\"@id\":\"https:\\\/\\\/continuamosmx.com\\\/index.php\\\/2026\\\/04\\\/27\\\/inaugura-gobierno-de-tlalnepantla-cocina-del-bienestar-para-fortalecer-la-economia-y-alimentacion-familiar\\\/#breadcrumb\"},\"inLanguage\":\"es\",\"potentialAction\":[{\"@type\":\"ReadAction\",\"target\":[\"https:\\\/\\\/continuamosmx.com\\\/index.php\\\/2026\\\/04\\\/27\\\/inaugura-gobierno-de-tlalnepantla-cocina-del-bienestar-para-fortalecer-la-economia-y-alimentacion-familiar\\\/\"]}]},{\"@type\":\"ImageObject\",\"inLanguage\":\"es\",\"@id\":\"https:\\\/\\\/continuamosmx.com\\\/index.php\\\/2026\\\/04\\\/27\\\/inaugura-gobierno-de-tlalnepantla-cocina-del-bienestar-para-fortalecer-la-economia-y-alimentacion-familiar\\\/#primaryimage\",\"url\":\"https:\\\/\\\/continuamosmx.com\\\/wp-content\\\/uploads\\\/2026\\\/04\\\/WhatsApp-Image-2026-04-27-at-5.56.23-PM.jpeg\",\"contentUrl\":\"https:\\\/\\\/continuamosmx.com\\\/wp-content\\\/uploads\\\/2026\\\/04\\\/WhatsApp-Image-2026-04-27-at-5.56.23-PM.jpeg\",\"width\":1280,\"height\":853},{\"@type\":\"BreadcrumbList\",\"@id\":\"https:\\\/\\\/continuamosmx.com\\\/index.php\\\/2026\\\/04\\\/27\\\/inaugura-gobierno-de-tlalnepantla-cocina-del-bienestar-para-fortalecer-la-economia-y-alimentacion-familiar\\\/#breadcrumb\",\"itemListElement\":[{\"@type\":\"ListItem\",\"position\":1,\"name\":\"Inicio\",\"item\":\"https:\\\/\\\/continuamosmx.com\\\/\"},{\"@type\":\"ListItem\",\"position\":2,\"name\":\"INAUGURA GOBIERNO DE TLALNEPANTLA COCINA DEL BIENESTAR PARA FORTALECER LA ECONOM\u00cdA Y ALIMENTACI\u00d3N FAMILIAR\"}]},{\"@type\":\"WebSite\",\"@id\":\"https:\\\/\\\/continuamosmx.com\\\/#website\",\"url\":\"https:\\\/\\\/continuamosmx.com\\\/\",\"name\":\"www.continuamosmx.com\",\"description\":\"\",\"publisher\":{\"@id\":\"https:\\\/\\\/continuamosmx.com\\\/#organization\"},\"potentialAction\":[{\"@type\":\"SearchAction\",\"target\":{\"@type\":\"EntryPoint\",\"urlTemplate\":\"https:\\\/\\\/continuamosmx.com\\\/?s={search_term_string}\"},\"query-input\":{\"@type\":\"PropertyValueSpecification\",\"valueRequired\":true,\"valueName\":\"search_term_string\"}}],\"inLanguage\":\"es\"},{\"@type\":\"Organization\",\"@id\":\"https:\\\/\\\/continuamosmx.com\\\/#organization\",\"name\":\"ContinuamosMX\",\"url\":\"https:\\\/\\\/continuamosmx.com\\\/\",\"logo\":{\"@type\":\"ImageObject\",\"inLanguage\":\"es\",\"@id\":\"https:\\\/\\\/continuamosmx.com\\\/#\\\/schema\\\/logo\\\/image\\\/\",\"url\":\"https:\\\/\\\/continuamosmx.com\\\/wp-content\\\/uploads\\\/2023\\\/04\\\/cropped-LOGO-CONTI-NUEVO.png\",\"contentUrl\":\"https:\\\/\\\/continuamosmx.com\\\/wp-content\\\/uploads\\\/2023\\\/04\\\/cropped-LOGO-CONTI-NUEVO.png\",\"width\":1257,\"height\":430,\"caption\":\"ContinuamosMX\"},\"image\":{\"@id\":\"https:\\\/\\\/continuamosmx.com\\\/#\\\/schema\\\/logo\\\/image\\\/\"}},{\"@type\":\"Person\",\"@id\":\"https:\\\/\\\/continuamosmx.com\\\/#\\\/schema\\\/person\\\/5eb5356acb1fad784da407d14f0e8d89\",\"name\":\"Continuamos MX\",\"image\":{\"@type\":\"ImageObject\",\"inLanguage\":\"es\",\"@id\":\"https:\\\/\\\/secure.gravatar.com\\\/avatar\\\/30d4f9723476a15f4da34d35fb3501f08d2357016c76051c6a85c354c7489589?s=96&d=mm&r=g\",\"url\":\"https:\\\/\\\/secure.gravatar.com\\\/avatar\\\/30d4f9723476a15f4da34d35fb3501f08d2357016c76051c6a85c354c7489589?s=96&d=mm&r=g\",\"contentUrl\":\"https:\\\/\\\/secure.gravatar.com\\\/avatar\\\/30d4f9723476a15f4da34d35fb3501f08d2357016c76051c6a85c354c7489589?s=96&d=mm&r=g\",\"caption\":\"Continuamos MX\"},\"sameAs\":[\"http:\\\/\\\/www.continuamos.mx\"],\"url\":\"https:\\\/\\\/continuamosmx.com\\\/index.php\\\/author\\\/continuamos\\\/\"}]}<\/script>\n<!-- \/ Yoast SEO plugin. -->","yoast_head_json":{"title":"INAUGURA GOBIERNO DE TLALNEPANTLA COCINA DEL BIENESTAR PARA FORTALECER LA ECONOM\u00cdA Y ALIMENTACI\u00d3N FAMILIAR -","robots":{"index":"index","follow":"follow","max-snippet":"max-snippet:-1","max-image-preview":"max-image-preview:large","max-video-preview":"max-video-preview:-1"},"canonical":"https:\/\/continuamosmx.com\/index.php\/2026\/04\/27\/inaugura-gobierno-de-tlalnepantla-cocina-del-bienestar-para-fortalecer-la-economia-y-alimentacion-familiar\/","og_locale":"es_ES","og_type":"article","og_title":"INAUGURA GOBIERNO DE TLALNEPANTLA COCINA DEL BIENESTAR PARA FORTALECER LA ECONOM\u00cdA Y ALIMENTACI\u00d3N FAMILIAR -","og_description":"*El alcalde Raciel P\u00e9rez Cruz encabez\u00f3 la apertura de este espacio en San Buenaventura, dise\u00f1ado para garantizar el acceso a comidas nutritivas bajo un esquema de participaci\u00f3n comunitaria. Tlalnepantla de Baz, Estado de M\u00e9xico. \u2013 Con el objetivo central de combatir la carencia alimentaria y brindar un respaldo directo a la econom\u00eda de los hogares, [&hellip;]","og_url":"https:\/\/continuamosmx.com\/index.php\/2026\/04\/27\/inaugura-gobierno-de-tlalnepantla-cocina-del-bienestar-para-fortalecer-la-economia-y-alimentacion-familiar\/","article_published_time":"2026-04-28T04:01:29+00:00","article_modified_time":"2026-04-28T04:01:30+00:00","og_image":[{"width":1280,"height":853,"url":"https:\/\/continuamosmx.com\/wp-content\/uploads\/2026\/04\/WhatsApp-Image-2026-04-27-at-5.56.23-PM.jpeg","type":"image\/jpeg"}],"author":"Continuamos MX","twitter_card":"summary_large_image","twitter_misc":{"Escrito por":"Continuamos MX","Tiempo de lectura":"2 minutos"},"schema":{"@context":"https:\/\/schema.org","@graph":[{"@type":"Article","@id":"https:\/\/continuamosmx.com\/index.php\/2026\/04\/27\/inaugura-gobierno-de-tlalnepantla-cocina-del-bienestar-para-fortalecer-la-economia-y-alimentacion-familiar\/#article","isPartOf":{"@id":"https:\/\/continuamosmx.com\/index.php\/2026\/04\/27\/inaugura-gobierno-de-tlalnepantla-cocina-del-bienestar-para-fortalecer-la-economia-y-alimentacion-familiar\/"},"author":{"name":"Continuamos MX","@id":"https:\/\/continuamosmx.com\/#\/schema\/person\/5eb5356acb1fad784da407d14f0e8d89"},"headline":"INAUGURA GOBIERNO DE TLALNEPANTLA COCINA DEL BIENESTAR PARA FORTALECER LA ECONOM\u00cdA Y ALIMENTACI\u00d3N FAMILIAR","datePublished":"2026-04-28T04:01:29+00:00","dateModified":"2026-04-28T04:01:30+00:00","mainEntityOfPage":{"@id":"https:\/\/continuamosmx.com\/index.php\/2026\/04\/27\/inaugura-gobierno-de-tlalnepantla-cocina-del-bienestar-para-fortalecer-la-economia-y-alimentacion-familiar\/"},"wordCount":312,"publisher":{"@id":"https:\/\/continuamosmx.com\/#organization"},"image":{"@id":"https:\/\/continuamosmx.com\/index.php\/2026\/04\/27\/inaugura-gobierno-de-tlalnepantla-cocina-del-bienestar-para-fortalecer-la-economia-y-alimentacion-familiar\/#primaryimage"},"thumbnailUrl":"https:\/\/continuamosmx.com\/wp-content\/uploads\/2026\/04\/WhatsApp-Image-2026-04-27-at-5.56.23-PM.jpeg","articleSection":["LOCALES"],"inLanguage":"es"},{"@type":"WebPage","@id":"https:\/\/continuamosmx.com\/index.php\/2026\/04\/27\/inaugura-gobierno-de-tlalnepantla-cocina-del-bienestar-para-fortalecer-la-economia-y-alimentacion-familiar\/","url":"https:\/\/continuamosmx.com\/index.php\/2026\/04\/27\/inaugura-gobierno-de-tlalnepantla-cocina-del-bienestar-para-fortalecer-la-economia-y-alimentacion-familiar\/","name":"INAUGURA GOBIERNO DE TLALNEPANTLA COCINA DEL BIENESTAR PARA FORTALECER LA ECONOM\u00cdA Y ALIMENTACI\u00d3N FAMILIAR -","isPartOf":{"@id":"https:\/\/continuamosmx.com\/#website"},"primaryImageOfPage":{"@id":"https:\/\/continuamosmx.com\/index.php\/2026\/04\/27\/inaugura-gobierno-de-tlalnepantla-cocina-del-bienestar-para-fortalecer-la-economia-y-alimentacion-familiar\/#primaryimage"},"image":{"@id":"https:\/\/continuamosmx.com\/index.php\/2026\/04\/27\/inaugura-gobierno-de-tlalnepantla-cocina-del-bienestar-para-fortalecer-la-economia-y-alimentacion-familiar\/#primaryimage"},"thumbnailUrl":"https:\/\/continuamosmx.com\/wp-content\/uploads\/2026\/04\/WhatsApp-Image-2026-04-27-at-5.56.23-PM.jpeg","datePublished":"2026-04-28T04:01:29+00:00","dateModified":"2026-04-28T04:01:30+00:00","breadcrumb":{"@id":"https:\/\/continuamosmx.com\/index.php\/2026\/04\/27\/inaugura-gobierno-de-tlalnepantla-cocina-del-bienestar-para-fortalecer-la-economia-y-alimentacion-familiar\/#breadcrumb"},"inLanguage":"es","potentialAction":[{"@type":"ReadAction","target":["https:\/\/continuamosmx.com\/index.php\/2026\/04\/27\/inaugura-gobierno-de-tlalnepantla-cocina-del-bienestar-para-fortalecer-la-economia-y-alimentacion-familiar\/"]}]},{"@type":"ImageObject","inLanguage":"es","@id":"https:\/\/continuamosmx.com\/index.php\/2026\/04\/27\/inaugura-gobierno-de-tlalnepantla-cocina-del-bienestar-para-fortalecer-la-economia-y-alimentacion-familiar\/#primaryimage","url":"https:\/\/continuamosmx.com\/wp-content\/uploads\/2026\/04\/WhatsApp-Image-2026-04-27-at-5.56.23-PM.jpeg","contentUrl":"https:\/\/continuamosmx.com\/wp-content\/uploads\/2026\/04\/WhatsApp-Image-2026-04-27-at-5.56.23-PM.jpeg","width":1280,"height":853},{"@type":"BreadcrumbList","@id":"https:\/\/continuamosmx.com\/index.php\/2026\/04\/27\/inaugura-gobierno-de-tlalnepantla-cocina-del-bienestar-para-fortalecer-la-economia-y-alimentacion-familiar\/#breadcrumb","itemListElement":[{"@type":"ListItem","position":1,"name":"Inicio","item":"https:\/\/continuamosmx.com\/"},{"@type":"ListItem","position":2,"name":"INAUGURA GOBIERNO DE TLALNEPANTLA COCINA DEL BIENESTAR PARA FORTALECER LA ECONOM\u00cdA Y ALIMENTACI\u00d3N FAMILIAR"}]},{"@type":"WebSite","@id":"https:\/\/continuamosmx.com\/#website","url":"https:\/\/continuamosmx.com\/","name":"www.continuamosmx.com","description":"","publisher":{"@id":"https:\/\/continuamosmx.com\/#organization"},"potentialAction":[{"@type":"SearchAction","target":{"@type":"EntryPoint","urlTemplate":"https:\/\/continuamosmx.com\/?s={search_term_string}"},"query-input":{"@type":"PropertyValueSpecification","valueRequired":true,"valueName":"search_term_string"}}],"inLanguage":"es"},{"@type":"Organization","@id":"https:\/\/continuamosmx.com\/#organization","name":"ContinuamosMX","url":"https:\/\/continuamosmx.com\/","logo":{"@type":"ImageObject","inLanguage":"es","@id":"https:\/\/continuamosmx.com\/#\/schema\/logo\/image\/","url":"https:\/\/continuamosmx.com\/wp-content\/uploads\/2023\/04\/cropped-LOGO-CONTI-NUEVO.png","contentUrl":"https:\/\/continuamosmx.com\/wp-content\/uploads\/2023\/04\/cropped-LOGO-CONTI-NUEVO.png","width":1257,"height":430,"caption":"ContinuamosMX"},"image":{"@id":"https:\/\/continuamosmx.com\/#\/schema\/logo\/image\/"}},{"@type":"Person","@id":"https:\/\/continuamosmx.com\/#\/schema\/person\/5eb5356acb1fad784da407d14f0e8d89","name":"Continuamos MX","image":{"@type":"ImageObject","inLanguage":"es","@id":"https:\/\/secure.gravatar.com\/avatar\/30d4f9723476a15f4da34d35fb3501f08d2357016c76051c6a85c354c7489589?s=96&d=mm&r=g","url":"https:\/\/secure.gravatar.com\/avatar\/30d4f9723476a15f4da34d35fb3501f08d2357016c76051c6a85c354c7489589?s=96&d=mm&r=g","contentUrl":"https:\/\/secure.gravatar.com\/avatar\/30d4f9723476a15f4da34d35fb3501f08d2357016c76051c6a85c354c7489589?s=96&d=mm&r=g","caption":"Continuamos MX"},"sameAs":["http:\/\/www.continuamos.mx"],"url":"https:\/\/continuamosmx.com\/index.php\/author\/continuamos\/"}]}},"_links":{"self":[{"href":"https:\/\/continuamosmx.com\/index.php\/wp-json\/wp\/v2\/posts\/54658","targetHints":{"allow":["GET"]}}],"collection":[{"href":"https:\/\/continuamosmx.com\/index.php\/wp-json\/wp\/v2\/posts"}],"about":[{"href":"https:\/\/continuamosmx.com\/index.php\/wp-json\/wp\/v2\/types\/post"}],"author":[{"embeddable":true,"href":"https:\/\/continuamosmx.com\/index.php\/wp-json\/wp\/v2\/users\/6"}],"replies":[{"embeddable":true,"href":"https:\/\/continuamosmx.com\/index.php\/wp-json\/wp\/v2\/comments?post=54658"}],"version-history":[{"count":1,"href":"https:\/\/continuamosmx.com\/index.php\/wp-json\/wp\/v2\/posts\/54658\/revisions"}],"predecessor-version":[{"id":54660,"href":"https:\/\/continuamosmx.com\/index.php\/wp-json\/wp\/v2\/posts\/54658\/revisions\/54660"}],"wp:featuredmedia":[{"embeddable":true,"href":"https:\/\/continuamosmx.com\/index.php\/wp-json\/wp\/v2\/media\/54659"}],"wp:attachment":[{"href":"https:\/\/continuamosmx.com\/index.php\/wp-json\/wp\/v2\/media?parent=54658"}],"wp:term":[{"taxonomy":"category","embeddable":true,"href":"https:\/\/continuamosmx.com\/index.php\/wp-json\/wp\/v2\/categories?post=54658"},{"taxonomy":"post_tag","embeddable":true,"href":"https:\/\/continuamosmx.com\/index.php\/wp-json\/wp\/v2\/tags?post=54658"}],"curies":[{"name":"wp","href":"https:\/\/api.w.org\/{rel}","templated":true}]}}