{"id":54643,"date":"2026-04-26T19:48:22","date_gmt":"2026-04-27T01:48:22","guid":{"rendered":"https:\/\/continuamosmx.com\/?p=54643"},"modified":"2026-04-26T19:48:22","modified_gmt":"2026-04-27T01:48:22","slug":"yoselin-mendoza-fortalece-coordinacion-politica-para-impulsar-agenda-de-bienestar-en-nicolas-romero","status":"publish","type":"post","link":"https:\/\/continuamosmx.com\/index.php\/2026\/04\/26\/yoselin-mendoza-fortalece-coordinacion-politica-para-impulsar-agenda-de-bienestar-en-nicolas-romero\/","title":{"rendered":"YOSELIN MENDOZA FORTALECE COORDINACI\u00d3N POL\u00cdTICA PARA IMPULSAR AGENDA DE BIENESTAR EN NICOL\u00c1S ROMERO"},"content":{"rendered":"\n<p><strong>La alcaldesa sostuvo encuentro con el secretario general de Gobierno, Horacio Duarte, para alinear acciones con el Estado de M\u00e9xico.<\/strong><\/p>\n\n\n\n<p>Nicol\u00e1s Romero.\u2014 La presidenta municipal Yoselin Mendoza sostuvo un encuentro institucional con Horacio Duarte Olivares, con el objetivo de fortalecer la coordinaci\u00f3n entre los distintos niveles de gobierno y consolidar proyectos orientados al bienestar de la poblaci\u00f3n.<\/p>\n\n\n\n<p>Durante la reuni\u00f3n, la edil destac\u00f3 que el trabajo conjunto se mantiene por encima de intereses pol\u00edticos o de grupo, priorizando una visi\u00f3n de gobierno centrada en resultados y en la atenci\u00f3n directa a las necesidades ciudadanas.<\/p>\n\n\n\n<p>En ese sentido, subray\u00f3 que su administraci\u00f3n contin\u00faa alineada con la pol\u00edtica estatal encabezada por Delfina G\u00f3mez \u00c1lvarez, impulsando estrategias que buscan mejorar la calidad de vida en el municipio.<\/p>\n\n\n\n<p>De acuerdo con lo informado, en el encuentro se abordaron temas de relevancia para el desarrollo local, enfocados en fortalecer acciones institucionales que impacten de manera directa en la poblaci\u00f3n de Nicol\u00e1s Romero.<\/p>\n\n\n\n<p>La presidenta municipal reiter\u00f3 que su gobierno mantiene una din\u00e1mica de trabajo en territorio, privilegiando el contacto directo con la ciudadan\u00eda sobre la gesti\u00f3n administrativa desde oficina, con el prop\u00f3sito de atender de manera m\u00e1s eficiente las demandas sociales.<\/p>\n\n\n\n<p>Asimismo, enfatiz\u00f3 que el eje central de su administraci\u00f3n es la poblaci\u00f3n, por lo que cada decisi\u00f3n y pol\u00edtica p\u00fablica se orienta a generar mejores condiciones de bienestar y desarrollo.<\/p>\n\n\n\n<p>Finalmente, Mendoza reafirm\u00f3 su disposici\u00f3n de continuar trabajando de manera coordinada con las autoridades estatales, sumando esfuerzos para consolidar lo que denomin\u00f3 como un proceso de transformaci\u00f3n en el municipio.<\/p>\n\n\n\n<p>Este encuentro se enmarca en la estrategia de articulaci\u00f3n institucional que busca fortalecer la gobernabilidad y la implementaci\u00f3n de pol\u00edticas p\u00fablicas en la regi\u00f3n.<\/p>\n","protected":false},"excerpt":{"rendered":"<p>La alcaldesa sostuvo encuentro con el secretario general de Gobierno, Horacio Duarte, para alinear acciones con el Estado de M\u00e9xico. Nicol\u00e1s Romero.\u2014 La presidenta municipal Yoselin Mendoza sostuvo un encuentro institucional con Horacio Duarte Olivares, con el objetivo de fortalecer la coordinaci\u00f3n entre los distintos niveles de gobierno y consolidar proyectos orientados al bienestar de [&hellip;]<\/p>\n","protected":false},"author":6,"featured_media":54644,"comment_status":"closed","ping_status":"closed","sticky":false,"template":"","format":"standard","meta":{"footnotes":""},"categories":[4,36],"tags":[],"class_list":["post-54643","post","type-post","status-publish","format-standard","has-post-thumbnail","hentry","category-locales","category-nicolas-romero"],"yoast_head":"<!-- This site is optimized with the Yoast SEO plugin v27.4 - https:\/\/yoast.com\/product\/yoast-seo-wordpress\/ -->\n<title>YOSELIN MENDOZA FORTALECE COORDINACI\u00d3N POL\u00cdTICA PARA IMPULSAR AGENDA DE BIENESTAR EN NICOL\u00c1S ROMERO -<\/title>\n<meta name=\"robots\" content=\"index, follow, max-snippet:-1, max-image-preview:large, max-video-preview:-1\" \/>\n<link rel=\"canonical\" href=\"https:\/\/continuamosmx.com\/index.php\/2026\/04\/26\/yoselin-mendoza-fortalece-coordinacion-politica-para-impulsar-agenda-de-bienestar-en-nicolas-romero\/\" \/>\n<meta property=\"og:locale\" content=\"es_ES\" \/>\n<meta property=\"og:type\" content=\"article\" \/>\n<meta property=\"og:title\" content=\"YOSELIN MENDOZA FORTALECE COORDINACI\u00d3N POL\u00cdTICA PARA IMPULSAR AGENDA DE BIENESTAR EN NICOL\u00c1S ROMERO -\" \/>\n<meta property=\"og:description\" content=\"La alcaldesa sostuvo encuentro con el secretario general de Gobierno, Horacio Duarte, para alinear acciones con el Estado de M\u00e9xico. Nicol\u00e1s Romero.\u2014 La presidenta municipal Yoselin Mendoza sostuvo un encuentro institucional con Horacio Duarte Olivares, con el objetivo de fortalecer la coordinaci\u00f3n entre los distintos niveles de gobierno y consolidar proyectos orientados al bienestar de [&hellip;]\" \/>\n<meta property=\"og:url\" content=\"https:\/\/continuamosmx.com\/index.php\/2026\/04\/26\/yoselin-mendoza-fortalece-coordinacion-politica-para-impulsar-agenda-de-bienestar-en-nicolas-romero\/\" \/>\n<meta property=\"article:published_time\" content=\"2026-04-27T01:48:22+00:00\" \/>\n<meta property=\"og:image\" content=\"https:\/\/continuamosmx.com\/wp-content\/uploads\/2026\/04\/yosedel.png\" \/>\n\t<meta property=\"og:image:width\" content=\"574\" \/>\n\t<meta property=\"og:image:height\" content=\"488\" \/>\n\t<meta property=\"og:image:type\" content=\"image\/png\" \/>\n<meta name=\"author\" content=\"Continuamos MX\" \/>\n<meta name=\"twitter:card\" content=\"summary_large_image\" \/>\n<meta name=\"twitter:label1\" content=\"Escrito por\" \/>\n\t<meta name=\"twitter:data1\" content=\"Continuamos MX\" \/>\n\t<meta name=\"twitter:label2\" content=\"Tiempo de lectura\" \/>\n\t<meta name=\"twitter:data2\" content=\"2 minutos\" \/>\n<script type=\"application\/ld+json\" class=\"yoast-schema-graph\">{\"@context\":\"https:\\\/\\\/schema.org\",\"@graph\":[{\"@type\":\"Article\",\"@id\":\"https:\\\/\\\/continuamosmx.com\\\/index.php\\\/2026\\\/04\\\/26\\\/yoselin-mendoza-fortalece-coordinacion-politica-para-impulsar-agenda-de-bienestar-en-nicolas-romero\\\/#article\",\"isPartOf\":{\"@id\":\"https:\\\/\\\/continuamosmx.com\\\/index.php\\\/2026\\\/04\\\/26\\\/yoselin-mendoza-fortalece-coordinacion-politica-para-impulsar-agenda-de-bienestar-en-nicolas-romero\\\/\"},\"author\":{\"name\":\"Continuamos MX\",\"@id\":\"https:\\\/\\\/continuamosmx.com\\\/#\\\/schema\\\/person\\\/5eb5356acb1fad784da407d14f0e8d89\"},\"headline\":\"YOSELIN MENDOZA FORTALECE COORDINACI\u00d3N POL\u00cdTICA PARA IMPULSAR AGENDA DE BIENESTAR EN NICOL\u00c1S ROMERO\",\"datePublished\":\"2026-04-27T01:48:22+00:00\",\"mainEntityOfPage\":{\"@id\":\"https:\\\/\\\/continuamosmx.com\\\/index.php\\\/2026\\\/04\\\/26\\\/yoselin-mendoza-fortalece-coordinacion-politica-para-impulsar-agenda-de-bienestar-en-nicolas-romero\\\/\"},\"wordCount\":327,\"publisher\":{\"@id\":\"https:\\\/\\\/continuamosmx.com\\\/#organization\"},\"image\":{\"@id\":\"https:\\\/\\\/continuamosmx.com\\\/index.php\\\/2026\\\/04\\\/26\\\/yoselin-mendoza-fortalece-coordinacion-politica-para-impulsar-agenda-de-bienestar-en-nicolas-romero\\\/#primaryimage\"},\"thumbnailUrl\":\"https:\\\/\\\/continuamosmx.com\\\/wp-content\\\/uploads\\\/2026\\\/04\\\/yosedel.png\",\"articleSection\":[\"LOCALES\",\"NICOL\u00c1S ROMERO\"],\"inLanguage\":\"es\"},{\"@type\":\"WebPage\",\"@id\":\"https:\\\/\\\/continuamosmx.com\\\/index.php\\\/2026\\\/04\\\/26\\\/yoselin-mendoza-fortalece-coordinacion-politica-para-impulsar-agenda-de-bienestar-en-nicolas-romero\\\/\",\"url\":\"https:\\\/\\\/continuamosmx.com\\\/index.php\\\/2026\\\/04\\\/26\\\/yoselin-mendoza-fortalece-coordinacion-politica-para-impulsar-agenda-de-bienestar-en-nicolas-romero\\\/\",\"name\":\"YOSELIN MENDOZA FORTALECE COORDINACI\u00d3N POL\u00cdTICA PARA IMPULSAR AGENDA DE BIENESTAR EN NICOL\u00c1S ROMERO -\",\"isPartOf\":{\"@id\":\"https:\\\/\\\/continuamosmx.com\\\/#website\"},\"primaryImageOfPage\":{\"@id\":\"https:\\\/\\\/continuamosmx.com\\\/index.php\\\/2026\\\/04\\\/26\\\/yoselin-mendoza-fortalece-coordinacion-politica-para-impulsar-agenda-de-bienestar-en-nicolas-romero\\\/#primaryimage\"},\"image\":{\"@id\":\"https:\\\/\\\/continuamosmx.com\\\/index.php\\\/2026\\\/04\\\/26\\\/yoselin-mendoza-fortalece-coordinacion-politica-para-impulsar-agenda-de-bienestar-en-nicolas-romero\\\/#primaryimage\"},\"thumbnailUrl\":\"https:\\\/\\\/continuamosmx.com\\\/wp-content\\\/uploads\\\/2026\\\/04\\\/yosedel.png\",\"datePublished\":\"2026-04-27T01:48:22+00:00\",\"breadcrumb\":{\"@id\":\"https:\\\/\\\/continuamosmx.com\\\/index.php\\\/2026\\\/04\\\/26\\\/yoselin-mendoza-fortalece-coordinacion-politica-para-impulsar-agenda-de-bienestar-en-nicolas-romero\\\/#breadcrumb\"},\"inLanguage\":\"es\",\"potentialAction\":[{\"@type\":\"ReadAction\",\"target\":[\"https:\\\/\\\/continuamosmx.com\\\/index.php\\\/2026\\\/04\\\/26\\\/yoselin-mendoza-fortalece-coordinacion-politica-para-impulsar-agenda-de-bienestar-en-nicolas-romero\\\/\"]}]},{\"@type\":\"ImageObject\",\"inLanguage\":\"es\",\"@id\":\"https:\\\/\\\/continuamosmx.com\\\/index.php\\\/2026\\\/04\\\/26\\\/yoselin-mendoza-fortalece-coordinacion-politica-para-impulsar-agenda-de-bienestar-en-nicolas-romero\\\/#primaryimage\",\"url\":\"https:\\\/\\\/continuamosmx.com\\\/wp-content\\\/uploads\\\/2026\\\/04\\\/yosedel.png\",\"contentUrl\":\"https:\\\/\\\/continuamosmx.com\\\/wp-content\\\/uploads\\\/2026\\\/04\\\/yosedel.png\",\"width\":574,\"height\":488},{\"@type\":\"BreadcrumbList\",\"@id\":\"https:\\\/\\\/continuamosmx.com\\\/index.php\\\/2026\\\/04\\\/26\\\/yoselin-mendoza-fortalece-coordinacion-politica-para-impulsar-agenda-de-bienestar-en-nicolas-romero\\\/#breadcrumb\",\"itemListElement\":[{\"@type\":\"ListItem\",\"position\":1,\"name\":\"Inicio\",\"item\":\"https:\\\/\\\/continuamosmx.com\\\/\"},{\"@type\":\"ListItem\",\"position\":2,\"name\":\"YOSELIN MENDOZA FORTALECE COORDINACI\u00d3N POL\u00cdTICA PARA IMPULSAR AGENDA DE BIENESTAR EN NICOL\u00c1S ROMERO\"}]},{\"@type\":\"WebSite\",\"@id\":\"https:\\\/\\\/continuamosmx.com\\\/#website\",\"url\":\"https:\\\/\\\/continuamosmx.com\\\/\",\"name\":\"www.continuamosmx.com\",\"description\":\"\",\"publisher\":{\"@id\":\"https:\\\/\\\/continuamosmx.com\\\/#organization\"},\"potentialAction\":[{\"@type\":\"SearchAction\",\"target\":{\"@type\":\"EntryPoint\",\"urlTemplate\":\"https:\\\/\\\/continuamosmx.com\\\/?s={search_term_string}\"},\"query-input\":{\"@type\":\"PropertyValueSpecification\",\"valueRequired\":true,\"valueName\":\"search_term_string\"}}],\"inLanguage\":\"es\"},{\"@type\":\"Organization\",\"@id\":\"https:\\\/\\\/continuamosmx.com\\\/#organization\",\"name\":\"ContinuamosMX\",\"url\":\"https:\\\/\\\/continuamosmx.com\\\/\",\"logo\":{\"@type\":\"ImageObject\",\"inLanguage\":\"es\",\"@id\":\"https:\\\/\\\/continuamosmx.com\\\/#\\\/schema\\\/logo\\\/image\\\/\",\"url\":\"https:\\\/\\\/continuamosmx.com\\\/wp-content\\\/uploads\\\/2023\\\/04\\\/cropped-LOGO-CONTI-NUEVO.png\",\"contentUrl\":\"https:\\\/\\\/continuamosmx.com\\\/wp-content\\\/uploads\\\/2023\\\/04\\\/cropped-LOGO-CONTI-NUEVO.png\",\"width\":1257,\"height\":430,\"caption\":\"ContinuamosMX\"},\"image\":{\"@id\":\"https:\\\/\\\/continuamosmx.com\\\/#\\\/schema\\\/logo\\\/image\\\/\"}},{\"@type\":\"Person\",\"@id\":\"https:\\\/\\\/continuamosmx.com\\\/#\\\/schema\\\/person\\\/5eb5356acb1fad784da407d14f0e8d89\",\"name\":\"Continuamos MX\",\"image\":{\"@type\":\"ImageObject\",\"inLanguage\":\"es\",\"@id\":\"https:\\\/\\\/secure.gravatar.com\\\/avatar\\\/30d4f9723476a15f4da34d35fb3501f08d2357016c76051c6a85c354c7489589?s=96&d=mm&r=g\",\"url\":\"https:\\\/\\\/secure.gravatar.com\\\/avatar\\\/30d4f9723476a15f4da34d35fb3501f08d2357016c76051c6a85c354c7489589?s=96&d=mm&r=g\",\"contentUrl\":\"https:\\\/\\\/secure.gravatar.com\\\/avatar\\\/30d4f9723476a15f4da34d35fb3501f08d2357016c76051c6a85c354c7489589?s=96&d=mm&r=g\",\"caption\":\"Continuamos MX\"},\"sameAs\":[\"http:\\\/\\\/www.continuamos.mx\"],\"url\":\"https:\\\/\\\/continuamosmx.com\\\/index.php\\\/author\\\/continuamos\\\/\"}]}<\/script>\n<!-- \/ Yoast SEO plugin. -->","yoast_head_json":{"title":"YOSELIN MENDOZA FORTALECE COORDINACI\u00d3N POL\u00cdTICA PARA IMPULSAR AGENDA DE BIENESTAR EN NICOL\u00c1S ROMERO -","robots":{"index":"index","follow":"follow","max-snippet":"max-snippet:-1","max-image-preview":"max-image-preview:large","max-video-preview":"max-video-preview:-1"},"canonical":"https:\/\/continuamosmx.com\/index.php\/2026\/04\/26\/yoselin-mendoza-fortalece-coordinacion-politica-para-impulsar-agenda-de-bienestar-en-nicolas-romero\/","og_locale":"es_ES","og_type":"article","og_title":"YOSELIN MENDOZA FORTALECE COORDINACI\u00d3N POL\u00cdTICA PARA IMPULSAR AGENDA DE BIENESTAR EN NICOL\u00c1S ROMERO -","og_description":"La alcaldesa sostuvo encuentro con el secretario general de Gobierno, Horacio Duarte, para alinear acciones con el Estado de M\u00e9xico. Nicol\u00e1s Romero.\u2014 La presidenta municipal Yoselin Mendoza sostuvo un encuentro institucional con Horacio Duarte Olivares, con el objetivo de fortalecer la coordinaci\u00f3n entre los distintos niveles de gobierno y consolidar proyectos orientados al bienestar de [&hellip;]","og_url":"https:\/\/continuamosmx.com\/index.php\/2026\/04\/26\/yoselin-mendoza-fortalece-coordinacion-politica-para-impulsar-agenda-de-bienestar-en-nicolas-romero\/","article_published_time":"2026-04-27T01:48:22+00:00","og_image":[{"width":574,"height":488,"url":"https:\/\/continuamosmx.com\/wp-content\/uploads\/2026\/04\/yosedel.png","type":"image\/png"}],"author":"Continuamos MX","twitter_card":"summary_large_image","twitter_misc":{"Escrito por":"Continuamos MX","Tiempo de lectura":"2 minutos"},"schema":{"@context":"https:\/\/schema.org","@graph":[{"@type":"Article","@id":"https:\/\/continuamosmx.com\/index.php\/2026\/04\/26\/yoselin-mendoza-fortalece-coordinacion-politica-para-impulsar-agenda-de-bienestar-en-nicolas-romero\/#article","isPartOf":{"@id":"https:\/\/continuamosmx.com\/index.php\/2026\/04\/26\/yoselin-mendoza-fortalece-coordinacion-politica-para-impulsar-agenda-de-bienestar-en-nicolas-romero\/"},"author":{"name":"Continuamos MX","@id":"https:\/\/continuamosmx.com\/#\/schema\/person\/5eb5356acb1fad784da407d14f0e8d89"},"headline":"YOSELIN MENDOZA FORTALECE COORDINACI\u00d3N POL\u00cdTICA PARA IMPULSAR AGENDA DE BIENESTAR EN NICOL\u00c1S ROMERO","datePublished":"2026-04-27T01:48:22+00:00","mainEntityOfPage":{"@id":"https:\/\/continuamosmx.com\/index.php\/2026\/04\/26\/yoselin-mendoza-fortalece-coordinacion-politica-para-impulsar-agenda-de-bienestar-en-nicolas-romero\/"},"wordCount":327,"publisher":{"@id":"https:\/\/continuamosmx.com\/#organization"},"image":{"@id":"https:\/\/continuamosmx.com\/index.php\/2026\/04\/26\/yoselin-mendoza-fortalece-coordinacion-politica-para-impulsar-agenda-de-bienestar-en-nicolas-romero\/#primaryimage"},"thumbnailUrl":"https:\/\/continuamosmx.com\/wp-content\/uploads\/2026\/04\/yosedel.png","articleSection":["LOCALES","NICOL\u00c1S ROMERO"],"inLanguage":"es"},{"@type":"WebPage","@id":"https:\/\/continuamosmx.com\/index.php\/2026\/04\/26\/yoselin-mendoza-fortalece-coordinacion-politica-para-impulsar-agenda-de-bienestar-en-nicolas-romero\/","url":"https:\/\/continuamosmx.com\/index.php\/2026\/04\/26\/yoselin-mendoza-fortalece-coordinacion-politica-para-impulsar-agenda-de-bienestar-en-nicolas-romero\/","name":"YOSELIN MENDOZA FORTALECE COORDINACI\u00d3N POL\u00cdTICA PARA IMPULSAR AGENDA DE BIENESTAR EN NICOL\u00c1S ROMERO -","isPartOf":{"@id":"https:\/\/continuamosmx.com\/#website"},"primaryImageOfPage":{"@id":"https:\/\/continuamosmx.com\/index.php\/2026\/04\/26\/yoselin-mendoza-fortalece-coordinacion-politica-para-impulsar-agenda-de-bienestar-en-nicolas-romero\/#primaryimage"},"image":{"@id":"https:\/\/continuamosmx.com\/index.php\/2026\/04\/26\/yoselin-mendoza-fortalece-coordinacion-politica-para-impulsar-agenda-de-bienestar-en-nicolas-romero\/#primaryimage"},"thumbnailUrl":"https:\/\/continuamosmx.com\/wp-content\/uploads\/2026\/04\/yosedel.png","datePublished":"2026-04-27T01:48:22+00:00","breadcrumb":{"@id":"https:\/\/continuamosmx.com\/index.php\/2026\/04\/26\/yoselin-mendoza-fortalece-coordinacion-politica-para-impulsar-agenda-de-bienestar-en-nicolas-romero\/#breadcrumb"},"inLanguage":"es","potentialAction":[{"@type":"ReadAction","target":["https:\/\/continuamosmx.com\/index.php\/2026\/04\/26\/yoselin-mendoza-fortalece-coordinacion-politica-para-impulsar-agenda-de-bienestar-en-nicolas-romero\/"]}]},{"@type":"ImageObject","inLanguage":"es","@id":"https:\/\/continuamosmx.com\/index.php\/2026\/04\/26\/yoselin-mendoza-fortalece-coordinacion-politica-para-impulsar-agenda-de-bienestar-en-nicolas-romero\/#primaryimage","url":"https:\/\/continuamosmx.com\/wp-content\/uploads\/2026\/04\/yosedel.png","contentUrl":"https:\/\/continuamosmx.com\/wp-content\/uploads\/2026\/04\/yosedel.png","width":574,"height":488},{"@type":"BreadcrumbList","@id":"https:\/\/continuamosmx.com\/index.php\/2026\/04\/26\/yoselin-mendoza-fortalece-coordinacion-politica-para-impulsar-agenda-de-bienestar-en-nicolas-romero\/#breadcrumb","itemListElement":[{"@type":"ListItem","position":1,"name":"Inicio","item":"https:\/\/continuamosmx.com\/"},{"@type":"ListItem","position":2,"name":"YOSELIN MENDOZA FORTALECE COORDINACI\u00d3N POL\u00cdTICA PARA IMPULSAR AGENDA DE BIENESTAR EN NICOL\u00c1S ROMERO"}]},{"@type":"WebSite","@id":"https:\/\/continuamosmx.com\/#website","url":"https:\/\/continuamosmx.com\/","name":"www.continuamosmx.com","description":"","publisher":{"@id":"https:\/\/continuamosmx.com\/#organization"},"potentialAction":[{"@type":"SearchAction","target":{"@type":"EntryPoint","urlTemplate":"https:\/\/continuamosmx.com\/?s={search_term_string}"},"query-input":{"@type":"PropertyValueSpecification","valueRequired":true,"valueName":"search_term_string"}}],"inLanguage":"es"},{"@type":"Organization","@id":"https:\/\/continuamosmx.com\/#organization","name":"ContinuamosMX","url":"https:\/\/continuamosmx.com\/","logo":{"@type":"ImageObject","inLanguage":"es","@id":"https:\/\/continuamosmx.com\/#\/schema\/logo\/image\/","url":"https:\/\/continuamosmx.com\/wp-content\/uploads\/2023\/04\/cropped-LOGO-CONTI-NUEVO.png","contentUrl":"https:\/\/continuamosmx.com\/wp-content\/uploads\/2023\/04\/cropped-LOGO-CONTI-NUEVO.png","width":1257,"height":430,"caption":"ContinuamosMX"},"image":{"@id":"https:\/\/continuamosmx.com\/#\/schema\/logo\/image\/"}},{"@type":"Person","@id":"https:\/\/continuamosmx.com\/#\/schema\/person\/5eb5356acb1fad784da407d14f0e8d89","name":"Continuamos MX","image":{"@type":"ImageObject","inLanguage":"es","@id":"https:\/\/secure.gravatar.com\/avatar\/30d4f9723476a15f4da34d35fb3501f08d2357016c76051c6a85c354c7489589?s=96&d=mm&r=g","url":"https:\/\/secure.gravatar.com\/avatar\/30d4f9723476a15f4da34d35fb3501f08d2357016c76051c6a85c354c7489589?s=96&d=mm&r=g","contentUrl":"https:\/\/secure.gravatar.com\/avatar\/30d4f9723476a15f4da34d35fb3501f08d2357016c76051c6a85c354c7489589?s=96&d=mm&r=g","caption":"Continuamos MX"},"sameAs":["http:\/\/www.continuamos.mx"],"url":"https:\/\/continuamosmx.com\/index.php\/author\/continuamos\/"}]}},"_links":{"self":[{"href":"https:\/\/continuamosmx.com\/index.php\/wp-json\/wp\/v2\/posts\/54643","targetHints":{"allow":["GET"]}}],"collection":[{"href":"https:\/\/continuamosmx.com\/index.php\/wp-json\/wp\/v2\/posts"}],"about":[{"href":"https:\/\/continuamosmx.com\/index.php\/wp-json\/wp\/v2\/types\/post"}],"author":[{"embeddable":true,"href":"https:\/\/continuamosmx.com\/index.php\/wp-json\/wp\/v2\/users\/6"}],"replies":[{"embeddable":true,"href":"https:\/\/continuamosmx.com\/index.php\/wp-json\/wp\/v2\/comments?post=54643"}],"version-history":[{"count":1,"href":"https:\/\/continuamosmx.com\/index.php\/wp-json\/wp\/v2\/posts\/54643\/revisions"}],"predecessor-version":[{"id":54645,"href":"https:\/\/continuamosmx.com\/index.php\/wp-json\/wp\/v2\/posts\/54643\/revisions\/54645"}],"wp:featuredmedia":[{"embeddable":true,"href":"https:\/\/continuamosmx.com\/index.php\/wp-json\/wp\/v2\/media\/54644"}],"wp:attachment":[{"href":"https:\/\/continuamosmx.com\/index.php\/wp-json\/wp\/v2\/media?parent=54643"}],"wp:term":[{"taxonomy":"category","embeddable":true,"href":"https:\/\/continuamosmx.com\/index.php\/wp-json\/wp\/v2\/categories?post=54643"},{"taxonomy":"post_tag","embeddable":true,"href":"https:\/\/continuamosmx.com\/index.php\/wp-json\/wp\/v2\/tags?post=54643"}],"curies":[{"name":"wp","href":"https:\/\/api.w.org\/{rel}","templated":true}]}}