{"id":54640,"date":"2026-04-26T19:40:39","date_gmt":"2026-04-27T01:40:39","guid":{"rendered":"https:\/\/continuamosmx.com\/?p=54640"},"modified":"2026-04-26T19:40:40","modified_gmt":"2026-04-27T01:40:40","slug":"naucalpan-fortalece-la-inclusion-social-mediante-alianza-estrategica-con-fundacion-teleton","status":"publish","type":"post","link":"https:\/\/continuamosmx.com\/index.php\/2026\/04\/26\/naucalpan-fortalece-la-inclusion-social-mediante-alianza-estrategica-con-fundacion-teleton\/","title":{"rendered":"NAUCALPAN FORTALECE LA INCLUSI\u00d3N SOCIAL MEDIANTE ALIANZA ESTRAT\u00c9GICA CON FUNDACI\u00d3N TELET\u00d3N"},"content":{"rendered":"\n<p><strong>*El alcalde Isaac Montoya M\u00e1rquez sign\u00f3 cuatro convenios que garantizan descuentos en rehabilitaci\u00f3n, atenci\u00f3n prioritaria a menores y apoyo en recaudaci\u00f3n para familias vulnerables.<\/strong><\/p>\n\n\n\n<p><strong>Naucalpan de Ju\u00e1rez, M\u00e9x.<\/strong> \u2013 Con el objetivo de consolidar una administraci\u00f3n p\u00fablica con sentido humano y empat\u00eda, el alcalde de Naucalpan, Isaac Montoya M\u00e1rquez, encabez\u00f3 la firma de cuatro convenios de colaboraci\u00f3n con la Fundaci\u00f3n Telet\u00f3n. Este acuerdo busca dignificar la vida de las personas con discapacidad, asegurando que la atenci\u00f3n especializada sea un derecho accesible y no un privilegio.<\/p>\n\n\n\n<p>Acompa\u00f1ado por la Presidenta del Sistema Municipal DIF, Adriana G. Escobar, y el Director del CRIT Estado de M\u00e9xico, Jardiel Quintal Delgado, el mun\u00edcipe destac\u00f3 que la verdadera transformaci\u00f3n de un gobierno se mide por su capacidad de acompa\u00f1ar a quienes m\u00e1s lo requieren. Montoya M\u00e1rquez subray\u00f3 que detr\u00e1s de cada terapia existe una posibilidad real de cambiar el rumbo de una vida, reafirmando su compromiso con la ni\u00f1ez y la juventud naucalpense.<\/p>\n\n\n\n<p>Entre los acuerdos alcanzados, destaca un esquema de referencia y rehabilitaci\u00f3n que permitir\u00e1 al DIF municipal canalizar a menores de 18 a\u00f1os con discapacidades neurom\u00fasculoesquel\u00e9ticas o trastorno del espectro autista al CRIT. Un punto fundamental de este convenio es la prioridad de valoraci\u00f3n e ingreso inmediato para lactantes menores de 12 meses, adem\u00e1s de la oferta de estudios de electroneurodiagn\u00f3stico sin costo para pacientes referidos.<\/p>\n\n\n\n<p>Asimismo, se estableci\u00f3 un beneficio econ\u00f3mico directo para las familias mediante un convenio de descuento del 20% en servicios m\u00e9dicos de rehabilitaci\u00f3n y estudios auxiliares de diagn\u00f3stico. Por otro lado, se formaliz\u00f3 la participaci\u00f3n del municipio en la campa\u00f1a de recaudaci\u00f3n y boteo Telet\u00f3n 2026, una labor en la que Naucalpan ha destacado hist\u00f3ricamente a nivel nacional.<\/p>\n\n\n\n<p>Por su parte, Jardiel Quintal, Director del CRIT Estado de M\u00e9xico, inform\u00f3 que actualmente el centro brinda atenci\u00f3n a 2,700 familias, de las cuales 320 residen en Naucalpan. El directivo reconoci\u00f3 la sensibilidad de las autoridades locales por priorizar estas causas en su agenda de gobierno. Finalmente, la Presidenta del DIF, Adriana G. Escobar, concluy\u00f3 que estas acciones buscan que la discapacidad sea asumida como una responsabilidad p\u00fablica y colectiva, construyendo una ciudad m\u00e1s justa e inclusiva.<\/p>\n","protected":false},"excerpt":{"rendered":"<p>*El alcalde Isaac Montoya M\u00e1rquez sign\u00f3 cuatro convenios que garantizan descuentos en rehabilitaci\u00f3n, atenci\u00f3n prioritaria a menores y apoyo en recaudaci\u00f3n para familias vulnerables. Naucalpan de Ju\u00e1rez, M\u00e9x. \u2013 Con el objetivo de consolidar una administraci\u00f3n p\u00fablica con sentido humano y empat\u00eda, el alcalde de Naucalpan, Isaac Montoya M\u00e1rquez, encabez\u00f3 la firma de cuatro convenios [&hellip;]<\/p>\n","protected":false},"author":6,"featured_media":54641,"comment_status":"closed","ping_status":"closed","sticky":false,"template":"","format":"standard","meta":{"footnotes":""},"categories":[4,64],"tags":[],"class_list":["post-54640","post","type-post","status-publish","format-standard","has-post-thumbnail","hentry","category-locales","category-naucalpan"],"yoast_head":"<!-- This site is optimized with the Yoast SEO plugin v27.4 - https:\/\/yoast.com\/product\/yoast-seo-wordpress\/ -->\n<title>NAUCALPAN FORTALECE LA INCLUSI\u00d3N SOCIAL MEDIANTE ALIANZA ESTRAT\u00c9GICA CON FUNDACI\u00d3N TELET\u00d3N -<\/title>\n<meta name=\"robots\" content=\"index, follow, max-snippet:-1, max-image-preview:large, max-video-preview:-1\" \/>\n<link rel=\"canonical\" href=\"https:\/\/continuamosmx.com\/index.php\/2026\/04\/26\/naucalpan-fortalece-la-inclusion-social-mediante-alianza-estrategica-con-fundacion-teleton\/\" \/>\n<meta property=\"og:locale\" content=\"es_ES\" \/>\n<meta property=\"og:type\" content=\"article\" \/>\n<meta property=\"og:title\" content=\"NAUCALPAN FORTALECE LA INCLUSI\u00d3N SOCIAL MEDIANTE ALIANZA ESTRAT\u00c9GICA CON FUNDACI\u00d3N TELET\u00d3N -\" \/>\n<meta property=\"og:description\" content=\"*El alcalde Isaac Montoya M\u00e1rquez sign\u00f3 cuatro convenios que garantizan descuentos en rehabilitaci\u00f3n, atenci\u00f3n prioritaria a menores y apoyo en recaudaci\u00f3n para familias vulnerables. Naucalpan de Ju\u00e1rez, M\u00e9x. \u2013 Con el objetivo de consolidar una administraci\u00f3n p\u00fablica con sentido humano y empat\u00eda, el alcalde de Naucalpan, Isaac Montoya M\u00e1rquez, encabez\u00f3 la firma de cuatro convenios [&hellip;]\" \/>\n<meta property=\"og:url\" content=\"https:\/\/continuamosmx.com\/index.php\/2026\/04\/26\/naucalpan-fortalece-la-inclusion-social-mediante-alianza-estrategica-con-fundacion-teleton\/\" \/>\n<meta property=\"article:published_time\" content=\"2026-04-27T01:40:39+00:00\" \/>\n<meta property=\"article:modified_time\" content=\"2026-04-27T01:40:40+00:00\" \/>\n<meta property=\"og:image\" content=\"https:\/\/continuamosmx.com\/wp-content\/uploads\/2026\/04\/WhatsApp-Image-2026-04-25-at-1.27.05-PM.jpeg\" \/>\n\t<meta property=\"og:image:width\" content=\"1600\" \/>\n\t<meta property=\"og:image:height\" content=\"1064\" \/>\n\t<meta property=\"og:image:type\" content=\"image\/jpeg\" \/>\n<meta name=\"author\" content=\"Continuamos MX\" \/>\n<meta name=\"twitter:card\" content=\"summary_large_image\" \/>\n<meta name=\"twitter:label1\" content=\"Escrito por\" \/>\n\t<meta name=\"twitter:data1\" content=\"Continuamos MX\" \/>\n\t<meta name=\"twitter:label2\" content=\"Tiempo de lectura\" \/>\n\t<meta name=\"twitter:data2\" content=\"2 minutos\" \/>\n<script type=\"application\/ld+json\" class=\"yoast-schema-graph\">{\"@context\":\"https:\\\/\\\/schema.org\",\"@graph\":[{\"@type\":\"Article\",\"@id\":\"https:\\\/\\\/continuamosmx.com\\\/index.php\\\/2026\\\/04\\\/26\\\/naucalpan-fortalece-la-inclusion-social-mediante-alianza-estrategica-con-fundacion-teleton\\\/#article\",\"isPartOf\":{\"@id\":\"https:\\\/\\\/continuamosmx.com\\\/index.php\\\/2026\\\/04\\\/26\\\/naucalpan-fortalece-la-inclusion-social-mediante-alianza-estrategica-con-fundacion-teleton\\\/\"},\"author\":{\"name\":\"Continuamos MX\",\"@id\":\"https:\\\/\\\/continuamosmx.com\\\/#\\\/schema\\\/person\\\/5eb5356acb1fad784da407d14f0e8d89\"},\"headline\":\"NAUCALPAN FORTALECE LA INCLUSI\u00d3N SOCIAL MEDIANTE ALIANZA ESTRAT\u00c9GICA CON FUNDACI\u00d3N TELET\u00d3N\",\"datePublished\":\"2026-04-27T01:40:39+00:00\",\"dateModified\":\"2026-04-27T01:40:40+00:00\",\"mainEntityOfPage\":{\"@id\":\"https:\\\/\\\/continuamosmx.com\\\/index.php\\\/2026\\\/04\\\/26\\\/naucalpan-fortalece-la-inclusion-social-mediante-alianza-estrategica-con-fundacion-teleton\\\/\"},\"wordCount\":408,\"publisher\":{\"@id\":\"https:\\\/\\\/continuamosmx.com\\\/#organization\"},\"image\":{\"@id\":\"https:\\\/\\\/continuamosmx.com\\\/index.php\\\/2026\\\/04\\\/26\\\/naucalpan-fortalece-la-inclusion-social-mediante-alianza-estrategica-con-fundacion-teleton\\\/#primaryimage\"},\"thumbnailUrl\":\"https:\\\/\\\/continuamosmx.com\\\/wp-content\\\/uploads\\\/2026\\\/04\\\/WhatsApp-Image-2026-04-25-at-1.27.05-PM.jpeg\",\"articleSection\":[\"LOCALES\",\"NAUCALPAN\"],\"inLanguage\":\"es\"},{\"@type\":\"WebPage\",\"@id\":\"https:\\\/\\\/continuamosmx.com\\\/index.php\\\/2026\\\/04\\\/26\\\/naucalpan-fortalece-la-inclusion-social-mediante-alianza-estrategica-con-fundacion-teleton\\\/\",\"url\":\"https:\\\/\\\/continuamosmx.com\\\/index.php\\\/2026\\\/04\\\/26\\\/naucalpan-fortalece-la-inclusion-social-mediante-alianza-estrategica-con-fundacion-teleton\\\/\",\"name\":\"NAUCALPAN FORTALECE LA INCLUSI\u00d3N SOCIAL MEDIANTE ALIANZA ESTRAT\u00c9GICA CON FUNDACI\u00d3N TELET\u00d3N -\",\"isPartOf\":{\"@id\":\"https:\\\/\\\/continuamosmx.com\\\/#website\"},\"primaryImageOfPage\":{\"@id\":\"https:\\\/\\\/continuamosmx.com\\\/index.php\\\/2026\\\/04\\\/26\\\/naucalpan-fortalece-la-inclusion-social-mediante-alianza-estrategica-con-fundacion-teleton\\\/#primaryimage\"},\"image\":{\"@id\":\"https:\\\/\\\/continuamosmx.com\\\/index.php\\\/2026\\\/04\\\/26\\\/naucalpan-fortalece-la-inclusion-social-mediante-alianza-estrategica-con-fundacion-teleton\\\/#primaryimage\"},\"thumbnailUrl\":\"https:\\\/\\\/continuamosmx.com\\\/wp-content\\\/uploads\\\/2026\\\/04\\\/WhatsApp-Image-2026-04-25-at-1.27.05-PM.jpeg\",\"datePublished\":\"2026-04-27T01:40:39+00:00\",\"dateModified\":\"2026-04-27T01:40:40+00:00\",\"breadcrumb\":{\"@id\":\"https:\\\/\\\/continuamosmx.com\\\/index.php\\\/2026\\\/04\\\/26\\\/naucalpan-fortalece-la-inclusion-social-mediante-alianza-estrategica-con-fundacion-teleton\\\/#breadcrumb\"},\"inLanguage\":\"es\",\"potentialAction\":[{\"@type\":\"ReadAction\",\"target\":[\"https:\\\/\\\/continuamosmx.com\\\/index.php\\\/2026\\\/04\\\/26\\\/naucalpan-fortalece-la-inclusion-social-mediante-alianza-estrategica-con-fundacion-teleton\\\/\"]}]},{\"@type\":\"ImageObject\",\"inLanguage\":\"es\",\"@id\":\"https:\\\/\\\/continuamosmx.com\\\/index.php\\\/2026\\\/04\\\/26\\\/naucalpan-fortalece-la-inclusion-social-mediante-alianza-estrategica-con-fundacion-teleton\\\/#primaryimage\",\"url\":\"https:\\\/\\\/continuamosmx.com\\\/wp-content\\\/uploads\\\/2026\\\/04\\\/WhatsApp-Image-2026-04-25-at-1.27.05-PM.jpeg\",\"contentUrl\":\"https:\\\/\\\/continuamosmx.com\\\/wp-content\\\/uploads\\\/2026\\\/04\\\/WhatsApp-Image-2026-04-25-at-1.27.05-PM.jpeg\",\"width\":1600,\"height\":1064},{\"@type\":\"BreadcrumbList\",\"@id\":\"https:\\\/\\\/continuamosmx.com\\\/index.php\\\/2026\\\/04\\\/26\\\/naucalpan-fortalece-la-inclusion-social-mediante-alianza-estrategica-con-fundacion-teleton\\\/#breadcrumb\",\"itemListElement\":[{\"@type\":\"ListItem\",\"position\":1,\"name\":\"Inicio\",\"item\":\"https:\\\/\\\/continuamosmx.com\\\/\"},{\"@type\":\"ListItem\",\"position\":2,\"name\":\"NAUCALPAN FORTALECE LA INCLUSI\u00d3N SOCIAL MEDIANTE ALIANZA ESTRAT\u00c9GICA CON FUNDACI\u00d3N TELET\u00d3N\"}]},{\"@type\":\"WebSite\",\"@id\":\"https:\\\/\\\/continuamosmx.com\\\/#website\",\"url\":\"https:\\\/\\\/continuamosmx.com\\\/\",\"name\":\"www.continuamosmx.com\",\"description\":\"\",\"publisher\":{\"@id\":\"https:\\\/\\\/continuamosmx.com\\\/#organization\"},\"potentialAction\":[{\"@type\":\"SearchAction\",\"target\":{\"@type\":\"EntryPoint\",\"urlTemplate\":\"https:\\\/\\\/continuamosmx.com\\\/?s={search_term_string}\"},\"query-input\":{\"@type\":\"PropertyValueSpecification\",\"valueRequired\":true,\"valueName\":\"search_term_string\"}}],\"inLanguage\":\"es\"},{\"@type\":\"Organization\",\"@id\":\"https:\\\/\\\/continuamosmx.com\\\/#organization\",\"name\":\"ContinuamosMX\",\"url\":\"https:\\\/\\\/continuamosmx.com\\\/\",\"logo\":{\"@type\":\"ImageObject\",\"inLanguage\":\"es\",\"@id\":\"https:\\\/\\\/continuamosmx.com\\\/#\\\/schema\\\/logo\\\/image\\\/\",\"url\":\"https:\\\/\\\/continuamosmx.com\\\/wp-content\\\/uploads\\\/2023\\\/04\\\/cropped-LOGO-CONTI-NUEVO.png\",\"contentUrl\":\"https:\\\/\\\/continuamosmx.com\\\/wp-content\\\/uploads\\\/2023\\\/04\\\/cropped-LOGO-CONTI-NUEVO.png\",\"width\":1257,\"height\":430,\"caption\":\"ContinuamosMX\"},\"image\":{\"@id\":\"https:\\\/\\\/continuamosmx.com\\\/#\\\/schema\\\/logo\\\/image\\\/\"}},{\"@type\":\"Person\",\"@id\":\"https:\\\/\\\/continuamosmx.com\\\/#\\\/schema\\\/person\\\/5eb5356acb1fad784da407d14f0e8d89\",\"name\":\"Continuamos MX\",\"image\":{\"@type\":\"ImageObject\",\"inLanguage\":\"es\",\"@id\":\"https:\\\/\\\/secure.gravatar.com\\\/avatar\\\/30d4f9723476a15f4da34d35fb3501f08d2357016c76051c6a85c354c7489589?s=96&d=mm&r=g\",\"url\":\"https:\\\/\\\/secure.gravatar.com\\\/avatar\\\/30d4f9723476a15f4da34d35fb3501f08d2357016c76051c6a85c354c7489589?s=96&d=mm&r=g\",\"contentUrl\":\"https:\\\/\\\/secure.gravatar.com\\\/avatar\\\/30d4f9723476a15f4da34d35fb3501f08d2357016c76051c6a85c354c7489589?s=96&d=mm&r=g\",\"caption\":\"Continuamos MX\"},\"sameAs\":[\"http:\\\/\\\/www.continuamos.mx\"],\"url\":\"https:\\\/\\\/continuamosmx.com\\\/index.php\\\/author\\\/continuamos\\\/\"}]}<\/script>\n<!-- \/ Yoast SEO plugin. -->","yoast_head_json":{"title":"NAUCALPAN FORTALECE LA INCLUSI\u00d3N SOCIAL MEDIANTE ALIANZA ESTRAT\u00c9GICA CON FUNDACI\u00d3N TELET\u00d3N -","robots":{"index":"index","follow":"follow","max-snippet":"max-snippet:-1","max-image-preview":"max-image-preview:large","max-video-preview":"max-video-preview:-1"},"canonical":"https:\/\/continuamosmx.com\/index.php\/2026\/04\/26\/naucalpan-fortalece-la-inclusion-social-mediante-alianza-estrategica-con-fundacion-teleton\/","og_locale":"es_ES","og_type":"article","og_title":"NAUCALPAN FORTALECE LA INCLUSI\u00d3N SOCIAL MEDIANTE ALIANZA ESTRAT\u00c9GICA CON FUNDACI\u00d3N TELET\u00d3N -","og_description":"*El alcalde Isaac Montoya M\u00e1rquez sign\u00f3 cuatro convenios que garantizan descuentos en rehabilitaci\u00f3n, atenci\u00f3n prioritaria a menores y apoyo en recaudaci\u00f3n para familias vulnerables. Naucalpan de Ju\u00e1rez, M\u00e9x. \u2013 Con el objetivo de consolidar una administraci\u00f3n p\u00fablica con sentido humano y empat\u00eda, el alcalde de Naucalpan, Isaac Montoya M\u00e1rquez, encabez\u00f3 la firma de cuatro convenios [&hellip;]","og_url":"https:\/\/continuamosmx.com\/index.php\/2026\/04\/26\/naucalpan-fortalece-la-inclusion-social-mediante-alianza-estrategica-con-fundacion-teleton\/","article_published_time":"2026-04-27T01:40:39+00:00","article_modified_time":"2026-04-27T01:40:40+00:00","og_image":[{"width":1600,"height":1064,"url":"https:\/\/continuamosmx.com\/wp-content\/uploads\/2026\/04\/WhatsApp-Image-2026-04-25-at-1.27.05-PM.jpeg","type":"image\/jpeg"}],"author":"Continuamos MX","twitter_card":"summary_large_image","twitter_misc":{"Escrito por":"Continuamos MX","Tiempo de lectura":"2 minutos"},"schema":{"@context":"https:\/\/schema.org","@graph":[{"@type":"Article","@id":"https:\/\/continuamosmx.com\/index.php\/2026\/04\/26\/naucalpan-fortalece-la-inclusion-social-mediante-alianza-estrategica-con-fundacion-teleton\/#article","isPartOf":{"@id":"https:\/\/continuamosmx.com\/index.php\/2026\/04\/26\/naucalpan-fortalece-la-inclusion-social-mediante-alianza-estrategica-con-fundacion-teleton\/"},"author":{"name":"Continuamos MX","@id":"https:\/\/continuamosmx.com\/#\/schema\/person\/5eb5356acb1fad784da407d14f0e8d89"},"headline":"NAUCALPAN FORTALECE LA INCLUSI\u00d3N SOCIAL MEDIANTE ALIANZA ESTRAT\u00c9GICA CON FUNDACI\u00d3N TELET\u00d3N","datePublished":"2026-04-27T01:40:39+00:00","dateModified":"2026-04-27T01:40:40+00:00","mainEntityOfPage":{"@id":"https:\/\/continuamosmx.com\/index.php\/2026\/04\/26\/naucalpan-fortalece-la-inclusion-social-mediante-alianza-estrategica-con-fundacion-teleton\/"},"wordCount":408,"publisher":{"@id":"https:\/\/continuamosmx.com\/#organization"},"image":{"@id":"https:\/\/continuamosmx.com\/index.php\/2026\/04\/26\/naucalpan-fortalece-la-inclusion-social-mediante-alianza-estrategica-con-fundacion-teleton\/#primaryimage"},"thumbnailUrl":"https:\/\/continuamosmx.com\/wp-content\/uploads\/2026\/04\/WhatsApp-Image-2026-04-25-at-1.27.05-PM.jpeg","articleSection":["LOCALES","NAUCALPAN"],"inLanguage":"es"},{"@type":"WebPage","@id":"https:\/\/continuamosmx.com\/index.php\/2026\/04\/26\/naucalpan-fortalece-la-inclusion-social-mediante-alianza-estrategica-con-fundacion-teleton\/","url":"https:\/\/continuamosmx.com\/index.php\/2026\/04\/26\/naucalpan-fortalece-la-inclusion-social-mediante-alianza-estrategica-con-fundacion-teleton\/","name":"NAUCALPAN FORTALECE LA INCLUSI\u00d3N SOCIAL MEDIANTE ALIANZA ESTRAT\u00c9GICA CON FUNDACI\u00d3N TELET\u00d3N -","isPartOf":{"@id":"https:\/\/continuamosmx.com\/#website"},"primaryImageOfPage":{"@id":"https:\/\/continuamosmx.com\/index.php\/2026\/04\/26\/naucalpan-fortalece-la-inclusion-social-mediante-alianza-estrategica-con-fundacion-teleton\/#primaryimage"},"image":{"@id":"https:\/\/continuamosmx.com\/index.php\/2026\/04\/26\/naucalpan-fortalece-la-inclusion-social-mediante-alianza-estrategica-con-fundacion-teleton\/#primaryimage"},"thumbnailUrl":"https:\/\/continuamosmx.com\/wp-content\/uploads\/2026\/04\/WhatsApp-Image-2026-04-25-at-1.27.05-PM.jpeg","datePublished":"2026-04-27T01:40:39+00:00","dateModified":"2026-04-27T01:40:40+00:00","breadcrumb":{"@id":"https:\/\/continuamosmx.com\/index.php\/2026\/04\/26\/naucalpan-fortalece-la-inclusion-social-mediante-alianza-estrategica-con-fundacion-teleton\/#breadcrumb"},"inLanguage":"es","potentialAction":[{"@type":"ReadAction","target":["https:\/\/continuamosmx.com\/index.php\/2026\/04\/26\/naucalpan-fortalece-la-inclusion-social-mediante-alianza-estrategica-con-fundacion-teleton\/"]}]},{"@type":"ImageObject","inLanguage":"es","@id":"https:\/\/continuamosmx.com\/index.php\/2026\/04\/26\/naucalpan-fortalece-la-inclusion-social-mediante-alianza-estrategica-con-fundacion-teleton\/#primaryimage","url":"https:\/\/continuamosmx.com\/wp-content\/uploads\/2026\/04\/WhatsApp-Image-2026-04-25-at-1.27.05-PM.jpeg","contentUrl":"https:\/\/continuamosmx.com\/wp-content\/uploads\/2026\/04\/WhatsApp-Image-2026-04-25-at-1.27.05-PM.jpeg","width":1600,"height":1064},{"@type":"BreadcrumbList","@id":"https:\/\/continuamosmx.com\/index.php\/2026\/04\/26\/naucalpan-fortalece-la-inclusion-social-mediante-alianza-estrategica-con-fundacion-teleton\/#breadcrumb","itemListElement":[{"@type":"ListItem","position":1,"name":"Inicio","item":"https:\/\/continuamosmx.com\/"},{"@type":"ListItem","position":2,"name":"NAUCALPAN FORTALECE LA INCLUSI\u00d3N SOCIAL MEDIANTE ALIANZA ESTRAT\u00c9GICA CON FUNDACI\u00d3N TELET\u00d3N"}]},{"@type":"WebSite","@id":"https:\/\/continuamosmx.com\/#website","url":"https:\/\/continuamosmx.com\/","name":"www.continuamosmx.com","description":"","publisher":{"@id":"https:\/\/continuamosmx.com\/#organization"},"potentialAction":[{"@type":"SearchAction","target":{"@type":"EntryPoint","urlTemplate":"https:\/\/continuamosmx.com\/?s={search_term_string}"},"query-input":{"@type":"PropertyValueSpecification","valueRequired":true,"valueName":"search_term_string"}}],"inLanguage":"es"},{"@type":"Organization","@id":"https:\/\/continuamosmx.com\/#organization","name":"ContinuamosMX","url":"https:\/\/continuamosmx.com\/","logo":{"@type":"ImageObject","inLanguage":"es","@id":"https:\/\/continuamosmx.com\/#\/schema\/logo\/image\/","url":"https:\/\/continuamosmx.com\/wp-content\/uploads\/2023\/04\/cropped-LOGO-CONTI-NUEVO.png","contentUrl":"https:\/\/continuamosmx.com\/wp-content\/uploads\/2023\/04\/cropped-LOGO-CONTI-NUEVO.png","width":1257,"height":430,"caption":"ContinuamosMX"},"image":{"@id":"https:\/\/continuamosmx.com\/#\/schema\/logo\/image\/"}},{"@type":"Person","@id":"https:\/\/continuamosmx.com\/#\/schema\/person\/5eb5356acb1fad784da407d14f0e8d89","name":"Continuamos MX","image":{"@type":"ImageObject","inLanguage":"es","@id":"https:\/\/secure.gravatar.com\/avatar\/30d4f9723476a15f4da34d35fb3501f08d2357016c76051c6a85c354c7489589?s=96&d=mm&r=g","url":"https:\/\/secure.gravatar.com\/avatar\/30d4f9723476a15f4da34d35fb3501f08d2357016c76051c6a85c354c7489589?s=96&d=mm&r=g","contentUrl":"https:\/\/secure.gravatar.com\/avatar\/30d4f9723476a15f4da34d35fb3501f08d2357016c76051c6a85c354c7489589?s=96&d=mm&r=g","caption":"Continuamos MX"},"sameAs":["http:\/\/www.continuamos.mx"],"url":"https:\/\/continuamosmx.com\/index.php\/author\/continuamos\/"}]}},"_links":{"self":[{"href":"https:\/\/continuamosmx.com\/index.php\/wp-json\/wp\/v2\/posts\/54640","targetHints":{"allow":["GET"]}}],"collection":[{"href":"https:\/\/continuamosmx.com\/index.php\/wp-json\/wp\/v2\/posts"}],"about":[{"href":"https:\/\/continuamosmx.com\/index.php\/wp-json\/wp\/v2\/types\/post"}],"author":[{"embeddable":true,"href":"https:\/\/continuamosmx.com\/index.php\/wp-json\/wp\/v2\/users\/6"}],"replies":[{"embeddable":true,"href":"https:\/\/continuamosmx.com\/index.php\/wp-json\/wp\/v2\/comments?post=54640"}],"version-history":[{"count":1,"href":"https:\/\/continuamosmx.com\/index.php\/wp-json\/wp\/v2\/posts\/54640\/revisions"}],"predecessor-version":[{"id":54642,"href":"https:\/\/continuamosmx.com\/index.php\/wp-json\/wp\/v2\/posts\/54640\/revisions\/54642"}],"wp:featuredmedia":[{"embeddable":true,"href":"https:\/\/continuamosmx.com\/index.php\/wp-json\/wp\/v2\/media\/54641"}],"wp:attachment":[{"href":"https:\/\/continuamosmx.com\/index.php\/wp-json\/wp\/v2\/media?parent=54640"}],"wp:term":[{"taxonomy":"category","embeddable":true,"href":"https:\/\/continuamosmx.com\/index.php\/wp-json\/wp\/v2\/categories?post=54640"},{"taxonomy":"post_tag","embeddable":true,"href":"https:\/\/continuamosmx.com\/index.php\/wp-json\/wp\/v2\/tags?post=54640"}],"curies":[{"name":"wp","href":"https:\/\/api.w.org\/{rel}","templated":true}]}}