{"id":54633,"date":"2026-04-26T09:56:29","date_gmt":"2026-04-26T15:56:29","guid":{"rendered":"https:\/\/continuamosmx.com\/?p=54633"},"modified":"2026-04-26T09:56:30","modified_gmt":"2026-04-26T15:56:30","slug":"empoderamiento-femenino-en-el-edomex-la-gobernadora-delfina-gomez-respaldando-la-agenda-de-derechos","status":"publish","type":"post","link":"https:\/\/continuamosmx.com\/index.php\/2026\/04\/26\/empoderamiento-femenino-en-el-edomex-la-gobernadora-delfina-gomez-respaldando-la-agenda-de-derechos\/","title":{"rendered":"EMPODERAMIENTO FEMENINO EN EL EDOM\u00c9X: LA GOBERNADORA DELFINA G\u00d3MEZ RESPALDANDO LA AGENDA DE DERECHOS"},"content":{"rendered":"\n<p>En un acto significativo, la Gobernadora Delfina G\u00f3mez se une al Colectivo 50+1 para impulsar derechos y paridad de g\u00e9nero, destacando reformas clave en protecci\u00f3n contra la violencia vicaria y digital.<br>La Gobernadora del Estado de M\u00e9xico, Delfina G\u00f3mez \u00c1lvarez, asisti\u00f3 como invitada de honor a la toma de protesta del nuevo Comit\u00e9 Directivo del Colectivo 50+1, cap\u00edtulo Estado de M\u00e9xico. Este colectivo, integrado por mujeres influyentes en diversos sectores\u2014pol\u00edticas, empresarias, magistradas y activistas\u2014se erige como un pilar fundamental en la lucha por la paridad de g\u00e9nero y el empoderamiento femenino.<\/p>\n\n\n\n<p>Durante su intervenci\u00f3n, la Gobernadora enfatiz\u00f3 la importancia de la colaboraci\u00f3n y el trabajo colectivo para lograr una transformaci\u00f3n social efectiva. \u201cLos cambios deben ser colectivos y desde el territorio, generando alianzas y sumando voluntades\u201d, afirm\u00f3, subrayando que la diversidad de opiniones puede ser una fortaleza en la b\u00fasqueda de un bienestar com\u00fan para las mujeres.<\/p>\n\n\n\n<p>G\u00f3mez tambi\u00e9n destac\u00f3 los esfuerzos legislativos para reformar el marco jur\u00eddico en beneficio de las mujeres, incluyendo la reciente inclusi\u00f3n de la violencia vicaria y digital en la Ley de Acceso de las Mujeres a una Vida Libre de Violencia, as\u00ed como las modificaciones al C\u00f3digo Civil. Estas reformas buscan ofrecer mayor protecci\u00f3n a las mujeres y sus hijos en situaciones de violencia.<\/p>\n\n\n\n<p>Por su parte, M\u00f3nica \u00c1lvarez Nemer, nueva presidenta del Colectivo 50+1 en el Estado, se comprometi\u00f3 a trabajar con honorabilidad y dignidad para salvaguardar los derechos sociales de todos, alineando sus esfuerzos con la Agenda 2030 y la visi\u00f3n de una sociedad m\u00e1s justa.<\/p>\n\n\n\n<p>El evento cont\u00f3 con la presencia de diversas figuras clave, incluyendo a Mar\u00eda Elena Orantes, presidenta de 50+1 Internacional, y otros miembros destacados del gabinete estatal y del Congreso, reafirmando el compromiso del Estado de M\u00e9xico hacia la equidad de g\u00e9nero y la justicia social.<\/p>\n","protected":false},"excerpt":{"rendered":"<p>En un acto significativo, la Gobernadora Delfina G\u00f3mez se une al Colectivo 50+1 para impulsar derechos y paridad de g\u00e9nero, destacando reformas clave en protecci\u00f3n contra la violencia vicaria y digital.La Gobernadora del Estado de M\u00e9xico, Delfina G\u00f3mez \u00c1lvarez, asisti\u00f3 como invitada de honor a la toma de protesta del nuevo Comit\u00e9 Directivo del Colectivo [&hellip;]<\/p>\n","protected":false},"author":6,"featured_media":54634,"comment_status":"closed","ping_status":"closed","sticky":false,"template":"","format":"standard","meta":{"footnotes":""},"categories":[2],"tags":[],"class_list":["post-54633","post","type-post","status-publish","format-standard","has-post-thumbnail","hentry","category-edomex"],"yoast_head":"<!-- This site is optimized with the Yoast SEO plugin v27.4 - https:\/\/yoast.com\/product\/yoast-seo-wordpress\/ -->\n<title>EMPODERAMIENTO FEMENINO EN EL EDOM\u00c9X: LA GOBERNADORA DELFINA G\u00d3MEZ RESPALDANDO LA AGENDA DE DERECHOS -<\/title>\n<meta name=\"robots\" content=\"index, follow, max-snippet:-1, max-image-preview:large, max-video-preview:-1\" \/>\n<link rel=\"canonical\" href=\"https:\/\/continuamosmx.com\/index.php\/2026\/04\/26\/empoderamiento-femenino-en-el-edomex-la-gobernadora-delfina-gomez-respaldando-la-agenda-de-derechos\/\" \/>\n<meta property=\"og:locale\" content=\"es_ES\" \/>\n<meta property=\"og:type\" content=\"article\" \/>\n<meta property=\"og:title\" content=\"EMPODERAMIENTO FEMENINO EN EL EDOM\u00c9X: LA GOBERNADORA DELFINA G\u00d3MEZ RESPALDANDO LA AGENDA DE DERECHOS -\" \/>\n<meta property=\"og:description\" content=\"En un acto significativo, la Gobernadora Delfina G\u00f3mez se une al Colectivo 50+1 para impulsar derechos y paridad de g\u00e9nero, destacando reformas clave en protecci\u00f3n contra la violencia vicaria y digital.La Gobernadora del Estado de M\u00e9xico, Delfina G\u00f3mez \u00c1lvarez, asisti\u00f3 como invitada de honor a la toma de protesta del nuevo Comit\u00e9 Directivo del Colectivo [&hellip;]\" \/>\n<meta property=\"og:url\" content=\"https:\/\/continuamosmx.com\/index.php\/2026\/04\/26\/empoderamiento-femenino-en-el-edomex-la-gobernadora-delfina-gomez-respaldando-la-agenda-de-derechos\/\" \/>\n<meta property=\"article:published_time\" content=\"2026-04-26T15:56:29+00:00\" \/>\n<meta property=\"article:modified_time\" content=\"2026-04-26T15:56:30+00:00\" \/>\n<meta property=\"og:image\" content=\"https:\/\/continuamosmx.com\/wp-content\/uploads\/2026\/04\/empoderamiento.jpg\" \/>\n\t<meta property=\"og:image:width\" content=\"1280\" \/>\n\t<meta property=\"og:image:height\" content=\"853\" \/>\n\t<meta property=\"og:image:type\" content=\"image\/jpeg\" \/>\n<meta name=\"author\" content=\"Continuamos MX\" \/>\n<meta name=\"twitter:card\" content=\"summary_large_image\" \/>\n<meta name=\"twitter:label1\" content=\"Escrito por\" \/>\n\t<meta name=\"twitter:data1\" content=\"Continuamos MX\" \/>\n\t<meta name=\"twitter:label2\" content=\"Tiempo de lectura\" \/>\n\t<meta name=\"twitter:data2\" content=\"2 minutos\" \/>\n<script type=\"application\/ld+json\" class=\"yoast-schema-graph\">{\"@context\":\"https:\\\/\\\/schema.org\",\"@graph\":[{\"@type\":\"Article\",\"@id\":\"https:\\\/\\\/continuamosmx.com\\\/index.php\\\/2026\\\/04\\\/26\\\/empoderamiento-femenino-en-el-edomex-la-gobernadora-delfina-gomez-respaldando-la-agenda-de-derechos\\\/#article\",\"isPartOf\":{\"@id\":\"https:\\\/\\\/continuamosmx.com\\\/index.php\\\/2026\\\/04\\\/26\\\/empoderamiento-femenino-en-el-edomex-la-gobernadora-delfina-gomez-respaldando-la-agenda-de-derechos\\\/\"},\"author\":{\"name\":\"Continuamos MX\",\"@id\":\"https:\\\/\\\/continuamosmx.com\\\/#\\\/schema\\\/person\\\/5eb5356acb1fad784da407d14f0e8d89\"},\"headline\":\"EMPODERAMIENTO FEMENINO EN EL EDOM\u00c9X: LA GOBERNADORA DELFINA G\u00d3MEZ RESPALDANDO LA AGENDA DE DERECHOS\",\"datePublished\":\"2026-04-26T15:56:29+00:00\",\"dateModified\":\"2026-04-26T15:56:30+00:00\",\"mainEntityOfPage\":{\"@id\":\"https:\\\/\\\/continuamosmx.com\\\/index.php\\\/2026\\\/04\\\/26\\\/empoderamiento-femenino-en-el-edomex-la-gobernadora-delfina-gomez-respaldando-la-agenda-de-derechos\\\/\"},\"wordCount\":338,\"publisher\":{\"@id\":\"https:\\\/\\\/continuamosmx.com\\\/#organization\"},\"image\":{\"@id\":\"https:\\\/\\\/continuamosmx.com\\\/index.php\\\/2026\\\/04\\\/26\\\/empoderamiento-femenino-en-el-edomex-la-gobernadora-delfina-gomez-respaldando-la-agenda-de-derechos\\\/#primaryimage\"},\"thumbnailUrl\":\"https:\\\/\\\/continuamosmx.com\\\/wp-content\\\/uploads\\\/2026\\\/04\\\/empoderamiento.jpg\",\"articleSection\":[\"EDOMEX\"],\"inLanguage\":\"es\"},{\"@type\":\"WebPage\",\"@id\":\"https:\\\/\\\/continuamosmx.com\\\/index.php\\\/2026\\\/04\\\/26\\\/empoderamiento-femenino-en-el-edomex-la-gobernadora-delfina-gomez-respaldando-la-agenda-de-derechos\\\/\",\"url\":\"https:\\\/\\\/continuamosmx.com\\\/index.php\\\/2026\\\/04\\\/26\\\/empoderamiento-femenino-en-el-edomex-la-gobernadora-delfina-gomez-respaldando-la-agenda-de-derechos\\\/\",\"name\":\"EMPODERAMIENTO FEMENINO EN EL EDOM\u00c9X: LA GOBERNADORA DELFINA G\u00d3MEZ RESPALDANDO LA AGENDA DE DERECHOS -\",\"isPartOf\":{\"@id\":\"https:\\\/\\\/continuamosmx.com\\\/#website\"},\"primaryImageOfPage\":{\"@id\":\"https:\\\/\\\/continuamosmx.com\\\/index.php\\\/2026\\\/04\\\/26\\\/empoderamiento-femenino-en-el-edomex-la-gobernadora-delfina-gomez-respaldando-la-agenda-de-derechos\\\/#primaryimage\"},\"image\":{\"@id\":\"https:\\\/\\\/continuamosmx.com\\\/index.php\\\/2026\\\/04\\\/26\\\/empoderamiento-femenino-en-el-edomex-la-gobernadora-delfina-gomez-respaldando-la-agenda-de-derechos\\\/#primaryimage\"},\"thumbnailUrl\":\"https:\\\/\\\/continuamosmx.com\\\/wp-content\\\/uploads\\\/2026\\\/04\\\/empoderamiento.jpg\",\"datePublished\":\"2026-04-26T15:56:29+00:00\",\"dateModified\":\"2026-04-26T15:56:30+00:00\",\"breadcrumb\":{\"@id\":\"https:\\\/\\\/continuamosmx.com\\\/index.php\\\/2026\\\/04\\\/26\\\/empoderamiento-femenino-en-el-edomex-la-gobernadora-delfina-gomez-respaldando-la-agenda-de-derechos\\\/#breadcrumb\"},\"inLanguage\":\"es\",\"potentialAction\":[{\"@type\":\"ReadAction\",\"target\":[\"https:\\\/\\\/continuamosmx.com\\\/index.php\\\/2026\\\/04\\\/26\\\/empoderamiento-femenino-en-el-edomex-la-gobernadora-delfina-gomez-respaldando-la-agenda-de-derechos\\\/\"]}]},{\"@type\":\"ImageObject\",\"inLanguage\":\"es\",\"@id\":\"https:\\\/\\\/continuamosmx.com\\\/index.php\\\/2026\\\/04\\\/26\\\/empoderamiento-femenino-en-el-edomex-la-gobernadora-delfina-gomez-respaldando-la-agenda-de-derechos\\\/#primaryimage\",\"url\":\"https:\\\/\\\/continuamosmx.com\\\/wp-content\\\/uploads\\\/2026\\\/04\\\/empoderamiento.jpg\",\"contentUrl\":\"https:\\\/\\\/continuamosmx.com\\\/wp-content\\\/uploads\\\/2026\\\/04\\\/empoderamiento.jpg\",\"width\":1280,\"height\":853},{\"@type\":\"BreadcrumbList\",\"@id\":\"https:\\\/\\\/continuamosmx.com\\\/index.php\\\/2026\\\/04\\\/26\\\/empoderamiento-femenino-en-el-edomex-la-gobernadora-delfina-gomez-respaldando-la-agenda-de-derechos\\\/#breadcrumb\",\"itemListElement\":[{\"@type\":\"ListItem\",\"position\":1,\"name\":\"Inicio\",\"item\":\"https:\\\/\\\/continuamosmx.com\\\/\"},{\"@type\":\"ListItem\",\"position\":2,\"name\":\"EMPODERAMIENTO FEMENINO EN EL EDOM\u00c9X: LA GOBERNADORA DELFINA G\u00d3MEZ RESPALDANDO LA AGENDA DE DERECHOS\"}]},{\"@type\":\"WebSite\",\"@id\":\"https:\\\/\\\/continuamosmx.com\\\/#website\",\"url\":\"https:\\\/\\\/continuamosmx.com\\\/\",\"name\":\"www.continuamosmx.com\",\"description\":\"\",\"publisher\":{\"@id\":\"https:\\\/\\\/continuamosmx.com\\\/#organization\"},\"potentialAction\":[{\"@type\":\"SearchAction\",\"target\":{\"@type\":\"EntryPoint\",\"urlTemplate\":\"https:\\\/\\\/continuamosmx.com\\\/?s={search_term_string}\"},\"query-input\":{\"@type\":\"PropertyValueSpecification\",\"valueRequired\":true,\"valueName\":\"search_term_string\"}}],\"inLanguage\":\"es\"},{\"@type\":\"Organization\",\"@id\":\"https:\\\/\\\/continuamosmx.com\\\/#organization\",\"name\":\"ContinuamosMX\",\"url\":\"https:\\\/\\\/continuamosmx.com\\\/\",\"logo\":{\"@type\":\"ImageObject\",\"inLanguage\":\"es\",\"@id\":\"https:\\\/\\\/continuamosmx.com\\\/#\\\/schema\\\/logo\\\/image\\\/\",\"url\":\"https:\\\/\\\/continuamosmx.com\\\/wp-content\\\/uploads\\\/2023\\\/04\\\/cropped-LOGO-CONTI-NUEVO.png\",\"contentUrl\":\"https:\\\/\\\/continuamosmx.com\\\/wp-content\\\/uploads\\\/2023\\\/04\\\/cropped-LOGO-CONTI-NUEVO.png\",\"width\":1257,\"height\":430,\"caption\":\"ContinuamosMX\"},\"image\":{\"@id\":\"https:\\\/\\\/continuamosmx.com\\\/#\\\/schema\\\/logo\\\/image\\\/\"}},{\"@type\":\"Person\",\"@id\":\"https:\\\/\\\/continuamosmx.com\\\/#\\\/schema\\\/person\\\/5eb5356acb1fad784da407d14f0e8d89\",\"name\":\"Continuamos MX\",\"image\":{\"@type\":\"ImageObject\",\"inLanguage\":\"es\",\"@id\":\"https:\\\/\\\/secure.gravatar.com\\\/avatar\\\/30d4f9723476a15f4da34d35fb3501f08d2357016c76051c6a85c354c7489589?s=96&d=mm&r=g\",\"url\":\"https:\\\/\\\/secure.gravatar.com\\\/avatar\\\/30d4f9723476a15f4da34d35fb3501f08d2357016c76051c6a85c354c7489589?s=96&d=mm&r=g\",\"contentUrl\":\"https:\\\/\\\/secure.gravatar.com\\\/avatar\\\/30d4f9723476a15f4da34d35fb3501f08d2357016c76051c6a85c354c7489589?s=96&d=mm&r=g\",\"caption\":\"Continuamos MX\"},\"sameAs\":[\"http:\\\/\\\/www.continuamos.mx\"],\"url\":\"https:\\\/\\\/continuamosmx.com\\\/index.php\\\/author\\\/continuamos\\\/\"}]}<\/script>\n<!-- \/ Yoast SEO plugin. -->","yoast_head_json":{"title":"EMPODERAMIENTO FEMENINO EN EL EDOM\u00c9X: LA GOBERNADORA DELFINA G\u00d3MEZ RESPALDANDO LA AGENDA DE DERECHOS -","robots":{"index":"index","follow":"follow","max-snippet":"max-snippet:-1","max-image-preview":"max-image-preview:large","max-video-preview":"max-video-preview:-1"},"canonical":"https:\/\/continuamosmx.com\/index.php\/2026\/04\/26\/empoderamiento-femenino-en-el-edomex-la-gobernadora-delfina-gomez-respaldando-la-agenda-de-derechos\/","og_locale":"es_ES","og_type":"article","og_title":"EMPODERAMIENTO FEMENINO EN EL EDOM\u00c9X: LA GOBERNADORA DELFINA G\u00d3MEZ RESPALDANDO LA AGENDA DE DERECHOS -","og_description":"En un acto significativo, la Gobernadora Delfina G\u00f3mez se une al Colectivo 50+1 para impulsar derechos y paridad de g\u00e9nero, destacando reformas clave en protecci\u00f3n contra la violencia vicaria y digital.La Gobernadora del Estado de M\u00e9xico, Delfina G\u00f3mez \u00c1lvarez, asisti\u00f3 como invitada de honor a la toma de protesta del nuevo Comit\u00e9 Directivo del Colectivo [&hellip;]","og_url":"https:\/\/continuamosmx.com\/index.php\/2026\/04\/26\/empoderamiento-femenino-en-el-edomex-la-gobernadora-delfina-gomez-respaldando-la-agenda-de-derechos\/","article_published_time":"2026-04-26T15:56:29+00:00","article_modified_time":"2026-04-26T15:56:30+00:00","og_image":[{"width":1280,"height":853,"url":"https:\/\/continuamosmx.com\/wp-content\/uploads\/2026\/04\/empoderamiento.jpg","type":"image\/jpeg"}],"author":"Continuamos MX","twitter_card":"summary_large_image","twitter_misc":{"Escrito por":"Continuamos MX","Tiempo de lectura":"2 minutos"},"schema":{"@context":"https:\/\/schema.org","@graph":[{"@type":"Article","@id":"https:\/\/continuamosmx.com\/index.php\/2026\/04\/26\/empoderamiento-femenino-en-el-edomex-la-gobernadora-delfina-gomez-respaldando-la-agenda-de-derechos\/#article","isPartOf":{"@id":"https:\/\/continuamosmx.com\/index.php\/2026\/04\/26\/empoderamiento-femenino-en-el-edomex-la-gobernadora-delfina-gomez-respaldando-la-agenda-de-derechos\/"},"author":{"name":"Continuamos MX","@id":"https:\/\/continuamosmx.com\/#\/schema\/person\/5eb5356acb1fad784da407d14f0e8d89"},"headline":"EMPODERAMIENTO FEMENINO EN EL EDOM\u00c9X: LA GOBERNADORA DELFINA G\u00d3MEZ RESPALDANDO LA AGENDA DE DERECHOS","datePublished":"2026-04-26T15:56:29+00:00","dateModified":"2026-04-26T15:56:30+00:00","mainEntityOfPage":{"@id":"https:\/\/continuamosmx.com\/index.php\/2026\/04\/26\/empoderamiento-femenino-en-el-edomex-la-gobernadora-delfina-gomez-respaldando-la-agenda-de-derechos\/"},"wordCount":338,"publisher":{"@id":"https:\/\/continuamosmx.com\/#organization"},"image":{"@id":"https:\/\/continuamosmx.com\/index.php\/2026\/04\/26\/empoderamiento-femenino-en-el-edomex-la-gobernadora-delfina-gomez-respaldando-la-agenda-de-derechos\/#primaryimage"},"thumbnailUrl":"https:\/\/continuamosmx.com\/wp-content\/uploads\/2026\/04\/empoderamiento.jpg","articleSection":["EDOMEX"],"inLanguage":"es"},{"@type":"WebPage","@id":"https:\/\/continuamosmx.com\/index.php\/2026\/04\/26\/empoderamiento-femenino-en-el-edomex-la-gobernadora-delfina-gomez-respaldando-la-agenda-de-derechos\/","url":"https:\/\/continuamosmx.com\/index.php\/2026\/04\/26\/empoderamiento-femenino-en-el-edomex-la-gobernadora-delfina-gomez-respaldando-la-agenda-de-derechos\/","name":"EMPODERAMIENTO FEMENINO EN EL EDOM\u00c9X: LA GOBERNADORA DELFINA G\u00d3MEZ RESPALDANDO LA AGENDA DE DERECHOS -","isPartOf":{"@id":"https:\/\/continuamosmx.com\/#website"},"primaryImageOfPage":{"@id":"https:\/\/continuamosmx.com\/index.php\/2026\/04\/26\/empoderamiento-femenino-en-el-edomex-la-gobernadora-delfina-gomez-respaldando-la-agenda-de-derechos\/#primaryimage"},"image":{"@id":"https:\/\/continuamosmx.com\/index.php\/2026\/04\/26\/empoderamiento-femenino-en-el-edomex-la-gobernadora-delfina-gomez-respaldando-la-agenda-de-derechos\/#primaryimage"},"thumbnailUrl":"https:\/\/continuamosmx.com\/wp-content\/uploads\/2026\/04\/empoderamiento.jpg","datePublished":"2026-04-26T15:56:29+00:00","dateModified":"2026-04-26T15:56:30+00:00","breadcrumb":{"@id":"https:\/\/continuamosmx.com\/index.php\/2026\/04\/26\/empoderamiento-femenino-en-el-edomex-la-gobernadora-delfina-gomez-respaldando-la-agenda-de-derechos\/#breadcrumb"},"inLanguage":"es","potentialAction":[{"@type":"ReadAction","target":["https:\/\/continuamosmx.com\/index.php\/2026\/04\/26\/empoderamiento-femenino-en-el-edomex-la-gobernadora-delfina-gomez-respaldando-la-agenda-de-derechos\/"]}]},{"@type":"ImageObject","inLanguage":"es","@id":"https:\/\/continuamosmx.com\/index.php\/2026\/04\/26\/empoderamiento-femenino-en-el-edomex-la-gobernadora-delfina-gomez-respaldando-la-agenda-de-derechos\/#primaryimage","url":"https:\/\/continuamosmx.com\/wp-content\/uploads\/2026\/04\/empoderamiento.jpg","contentUrl":"https:\/\/continuamosmx.com\/wp-content\/uploads\/2026\/04\/empoderamiento.jpg","width":1280,"height":853},{"@type":"BreadcrumbList","@id":"https:\/\/continuamosmx.com\/index.php\/2026\/04\/26\/empoderamiento-femenino-en-el-edomex-la-gobernadora-delfina-gomez-respaldando-la-agenda-de-derechos\/#breadcrumb","itemListElement":[{"@type":"ListItem","position":1,"name":"Inicio","item":"https:\/\/continuamosmx.com\/"},{"@type":"ListItem","position":2,"name":"EMPODERAMIENTO FEMENINO EN EL EDOM\u00c9X: LA GOBERNADORA DELFINA G\u00d3MEZ RESPALDANDO LA AGENDA DE DERECHOS"}]},{"@type":"WebSite","@id":"https:\/\/continuamosmx.com\/#website","url":"https:\/\/continuamosmx.com\/","name":"www.continuamosmx.com","description":"","publisher":{"@id":"https:\/\/continuamosmx.com\/#organization"},"potentialAction":[{"@type":"SearchAction","target":{"@type":"EntryPoint","urlTemplate":"https:\/\/continuamosmx.com\/?s={search_term_string}"},"query-input":{"@type":"PropertyValueSpecification","valueRequired":true,"valueName":"search_term_string"}}],"inLanguage":"es"},{"@type":"Organization","@id":"https:\/\/continuamosmx.com\/#organization","name":"ContinuamosMX","url":"https:\/\/continuamosmx.com\/","logo":{"@type":"ImageObject","inLanguage":"es","@id":"https:\/\/continuamosmx.com\/#\/schema\/logo\/image\/","url":"https:\/\/continuamosmx.com\/wp-content\/uploads\/2023\/04\/cropped-LOGO-CONTI-NUEVO.png","contentUrl":"https:\/\/continuamosmx.com\/wp-content\/uploads\/2023\/04\/cropped-LOGO-CONTI-NUEVO.png","width":1257,"height":430,"caption":"ContinuamosMX"},"image":{"@id":"https:\/\/continuamosmx.com\/#\/schema\/logo\/image\/"}},{"@type":"Person","@id":"https:\/\/continuamosmx.com\/#\/schema\/person\/5eb5356acb1fad784da407d14f0e8d89","name":"Continuamos MX","image":{"@type":"ImageObject","inLanguage":"es","@id":"https:\/\/secure.gravatar.com\/avatar\/30d4f9723476a15f4da34d35fb3501f08d2357016c76051c6a85c354c7489589?s=96&d=mm&r=g","url":"https:\/\/secure.gravatar.com\/avatar\/30d4f9723476a15f4da34d35fb3501f08d2357016c76051c6a85c354c7489589?s=96&d=mm&r=g","contentUrl":"https:\/\/secure.gravatar.com\/avatar\/30d4f9723476a15f4da34d35fb3501f08d2357016c76051c6a85c354c7489589?s=96&d=mm&r=g","caption":"Continuamos MX"},"sameAs":["http:\/\/www.continuamos.mx"],"url":"https:\/\/continuamosmx.com\/index.php\/author\/continuamos\/"}]}},"_links":{"self":[{"href":"https:\/\/continuamosmx.com\/index.php\/wp-json\/wp\/v2\/posts\/54633","targetHints":{"allow":["GET"]}}],"collection":[{"href":"https:\/\/continuamosmx.com\/index.php\/wp-json\/wp\/v2\/posts"}],"about":[{"href":"https:\/\/continuamosmx.com\/index.php\/wp-json\/wp\/v2\/types\/post"}],"author":[{"embeddable":true,"href":"https:\/\/continuamosmx.com\/index.php\/wp-json\/wp\/v2\/users\/6"}],"replies":[{"embeddable":true,"href":"https:\/\/continuamosmx.com\/index.php\/wp-json\/wp\/v2\/comments?post=54633"}],"version-history":[{"count":1,"href":"https:\/\/continuamosmx.com\/index.php\/wp-json\/wp\/v2\/posts\/54633\/revisions"}],"predecessor-version":[{"id":54635,"href":"https:\/\/continuamosmx.com\/index.php\/wp-json\/wp\/v2\/posts\/54633\/revisions\/54635"}],"wp:featuredmedia":[{"embeddable":true,"href":"https:\/\/continuamosmx.com\/index.php\/wp-json\/wp\/v2\/media\/54634"}],"wp:attachment":[{"href":"https:\/\/continuamosmx.com\/index.php\/wp-json\/wp\/v2\/media?parent=54633"}],"wp:term":[{"taxonomy":"category","embeddable":true,"href":"https:\/\/continuamosmx.com\/index.php\/wp-json\/wp\/v2\/categories?post=54633"},{"taxonomy":"post_tag","embeddable":true,"href":"https:\/\/continuamosmx.com\/index.php\/wp-json\/wp\/v2\/tags?post=54633"}],"curies":[{"name":"wp","href":"https:\/\/api.w.org\/{rel}","templated":true}]}}