{"id":54614,"date":"2026-04-24T19:59:47","date_gmt":"2026-04-25T01:59:47","guid":{"rendered":"https:\/\/continuamosmx.com\/?p=54614"},"modified":"2026-04-24T19:59:48","modified_gmt":"2026-04-25T01:59:48","slug":"lanza-pedro-rodriguez-conoce-t-programa-integral-para-el-cuidado-de-la-salud-mental-juvenil-en-atizapan","status":"publish","type":"post","link":"https:\/\/continuamosmx.com\/index.php\/2026\/04\/24\/lanza-pedro-rodriguez-conoce-t-programa-integral-para-el-cuidado-de-la-salud-mental-juvenil-en-atizapan\/","title":{"rendered":"LANZA PEDRO RODR\u00cdGUEZ \u201cCONOCE-T\u201d, PROGRAMA INTEGRAL PARA EL CUIDADO DE LA SALUD MENTAL JUVENIL EN ATIZAP\u00c1N"},"content":{"rendered":"\n<h3 class=\"wp-block-heading\">*<strong>A trav\u00e9s de una l\u00ednea telef\u00f3nica de emergencia y tres centros especializados, el gobierno municipal combatir\u00e1 la depresi\u00f3n, la ansiedad y el acoso escolar.<\/strong><\/h3>\n\n\n\n<p>Atizap\u00e1n de Zaragoza, M\u00e9x., a 24 de abril de 2026. \u2013 Con el objetivo de brindar acompa\u00f1amiento profesional y prevenir situaciones de riesgo entre la poblaci\u00f3n joven, el Alcalde Pedro Rodr\u00edguez Villegas puso en marcha el programa municipal \u201cConoce-T\u201d, una iniciativa dise\u00f1ada para atender de manera integral la salud mental bajo tres ejes primordiales: prevenci\u00f3n, atenci\u00f3n y seguimiento.<\/p>\n\n\n\n<p>Durante el lanzamiento, el Presidente Municipal, acompa\u00f1ado por estudiantes y autoridades educativas, enfatiz\u00f3 la importancia de abordar con seriedad problem\u00e1ticas como el bullying y el maltrato entre compa\u00f1eros, factores que frecuentemente derivan en cuadros de depresi\u00f3n o incluso el suicidio. Rodr\u00edguez Villegas hizo un llamado a la responsabilidad y a la empat\u00eda para construir un entorno escolar y social m\u00e1s sano.<\/p>\n\n\n\n<p>La Direcci\u00f3n de la Juventud, encabezada por Brenda Mart\u00ednez Bautista, detall\u00f3 que el programa cuenta con un equipo de especialistas que incluye psic\u00f3logos, un psiquiatra y un paidopsiquiatra. Adem\u00e1s, en colaboraci\u00f3n con SIPINNA y la organizaci\u00f3n Sin Depre, se habilit\u00f3 la l\u00ednea de apoyo psicol\u00f3gico 55 1668 1748 y se activaron tres centros de atenci\u00f3n en Ampliaci\u00f3n Lomas de San Lorenzo, Ampliaci\u00f3n Lomas de Guadalupe y Jardines de Atizap\u00e1n.<\/p>\n\n\n\n<p>Para fortalecer esta red de apoyo, se formaliz\u00f3 un convenio de colaboraci\u00f3n con instituciones especializadas como la Fundaci\u00f3n Mexicana de Lucha Contra la Depresi\u00f3n A.C. y el Centro Comunitario de Salud Mental y Adicciones, asegurando que los servicios psicol\u00f3gicos sean gratuitos, accesibles y profesionales para todos los j\u00f3venes atizapens<\/p>\n","protected":false},"excerpt":{"rendered":"<p>*A trav\u00e9s de una l\u00ednea telef\u00f3nica de emergencia y tres centros especializados, el gobierno municipal combatir\u00e1 la depresi\u00f3n, la ansiedad y el acoso escolar. Atizap\u00e1n de Zaragoza, M\u00e9x., a 24 de abril de 2026. \u2013 Con el objetivo de brindar acompa\u00f1amiento profesional y prevenir situaciones de riesgo entre la poblaci\u00f3n joven, el Alcalde Pedro Rodr\u00edguez [&hellip;]<\/p>\n","protected":false},"author":6,"featured_media":54615,"comment_status":"closed","ping_status":"closed","sticky":false,"template":"","format":"standard","meta":{"footnotes":""},"categories":[20,4],"tags":[],"class_list":["post-54614","post","type-post","status-publish","format-standard","has-post-thumbnail","hentry","category-atizapan-de-zaragoza","category-locales"],"yoast_head":"<!-- This site is optimized with the Yoast SEO plugin v27.4 - https:\/\/yoast.com\/product\/yoast-seo-wordpress\/ -->\n<title>LANZA PEDRO RODR\u00cdGUEZ \u201cCONOCE-T\u201d, PROGRAMA INTEGRAL PARA EL CUIDADO DE LA SALUD MENTAL JUVENIL EN ATIZAP\u00c1N -<\/title>\n<meta name=\"robots\" content=\"index, follow, max-snippet:-1, max-image-preview:large, max-video-preview:-1\" \/>\n<link rel=\"canonical\" href=\"https:\/\/continuamosmx.com\/index.php\/2026\/04\/24\/lanza-pedro-rodriguez-conoce-t-programa-integral-para-el-cuidado-de-la-salud-mental-juvenil-en-atizapan\/\" \/>\n<meta property=\"og:locale\" content=\"es_ES\" \/>\n<meta property=\"og:type\" content=\"article\" \/>\n<meta property=\"og:title\" content=\"LANZA PEDRO RODR\u00cdGUEZ \u201cCONOCE-T\u201d, PROGRAMA INTEGRAL PARA EL CUIDADO DE LA SALUD MENTAL JUVENIL EN ATIZAP\u00c1N -\" \/>\n<meta property=\"og:description\" content=\"*A trav\u00e9s de una l\u00ednea telef\u00f3nica de emergencia y tres centros especializados, el gobierno municipal combatir\u00e1 la depresi\u00f3n, la ansiedad y el acoso escolar. Atizap\u00e1n de Zaragoza, M\u00e9x., a 24 de abril de 2026. \u2013 Con el objetivo de brindar acompa\u00f1amiento profesional y prevenir situaciones de riesgo entre la poblaci\u00f3n joven, el Alcalde Pedro Rodr\u00edguez [&hellip;]\" \/>\n<meta property=\"og:url\" content=\"https:\/\/continuamosmx.com\/index.php\/2026\/04\/24\/lanza-pedro-rodriguez-conoce-t-programa-integral-para-el-cuidado-de-la-salud-mental-juvenil-en-atizapan\/\" \/>\n<meta property=\"article:published_time\" content=\"2026-04-25T01:59:47+00:00\" \/>\n<meta property=\"article:modified_time\" content=\"2026-04-25T01:59:48+00:00\" \/>\n<meta property=\"og:image\" content=\"https:\/\/continuamosmx.com\/wp-content\/uploads\/2026\/04\/WhatsApp-Image-2026-04-24-at-5.54.58-PM-4.jpeg\" \/>\n\t<meta property=\"og:image:width\" content=\"1080\" \/>\n\t<meta property=\"og:image:height\" content=\"715\" \/>\n\t<meta property=\"og:image:type\" content=\"image\/jpeg\" \/>\n<meta name=\"author\" content=\"Continuamos MX\" \/>\n<meta name=\"twitter:card\" content=\"summary_large_image\" \/>\n<meta name=\"twitter:label1\" content=\"Escrito por\" \/>\n\t<meta name=\"twitter:data1\" content=\"Continuamos MX\" \/>\n\t<meta name=\"twitter:label2\" content=\"Tiempo de lectura\" \/>\n\t<meta name=\"twitter:data2\" content=\"2 minutos\" \/>\n<script type=\"application\/ld+json\" class=\"yoast-schema-graph\">{\"@context\":\"https:\\\/\\\/schema.org\",\"@graph\":[{\"@type\":\"Article\",\"@id\":\"https:\\\/\\\/continuamosmx.com\\\/index.php\\\/2026\\\/04\\\/24\\\/lanza-pedro-rodriguez-conoce-t-programa-integral-para-el-cuidado-de-la-salud-mental-juvenil-en-atizapan\\\/#article\",\"isPartOf\":{\"@id\":\"https:\\\/\\\/continuamosmx.com\\\/index.php\\\/2026\\\/04\\\/24\\\/lanza-pedro-rodriguez-conoce-t-programa-integral-para-el-cuidado-de-la-salud-mental-juvenil-en-atizapan\\\/\"},\"author\":{\"name\":\"Continuamos MX\",\"@id\":\"https:\\\/\\\/continuamosmx.com\\\/#\\\/schema\\\/person\\\/5eb5356acb1fad784da407d14f0e8d89\"},\"headline\":\"LANZA PEDRO RODR\u00cdGUEZ \u201cCONOCE-T\u201d, PROGRAMA INTEGRAL PARA EL CUIDADO DE LA SALUD MENTAL JUVENIL EN ATIZAP\u00c1N\",\"datePublished\":\"2026-04-25T01:59:47+00:00\",\"dateModified\":\"2026-04-25T01:59:48+00:00\",\"mainEntityOfPage\":{\"@id\":\"https:\\\/\\\/continuamosmx.com\\\/index.php\\\/2026\\\/04\\\/24\\\/lanza-pedro-rodriguez-conoce-t-programa-integral-para-el-cuidado-de-la-salud-mental-juvenil-en-atizapan\\\/\"},\"wordCount\":310,\"publisher\":{\"@id\":\"https:\\\/\\\/continuamosmx.com\\\/#organization\"},\"image\":{\"@id\":\"https:\\\/\\\/continuamosmx.com\\\/index.php\\\/2026\\\/04\\\/24\\\/lanza-pedro-rodriguez-conoce-t-programa-integral-para-el-cuidado-de-la-salud-mental-juvenil-en-atizapan\\\/#primaryimage\"},\"thumbnailUrl\":\"https:\\\/\\\/continuamosmx.com\\\/wp-content\\\/uploads\\\/2026\\\/04\\\/WhatsApp-Image-2026-04-24-at-5.54.58-PM-4.jpeg\",\"articleSection\":[\"ATIZAPAN DE ZARAGOZA\",\"LOCALES\"],\"inLanguage\":\"es\"},{\"@type\":\"WebPage\",\"@id\":\"https:\\\/\\\/continuamosmx.com\\\/index.php\\\/2026\\\/04\\\/24\\\/lanza-pedro-rodriguez-conoce-t-programa-integral-para-el-cuidado-de-la-salud-mental-juvenil-en-atizapan\\\/\",\"url\":\"https:\\\/\\\/continuamosmx.com\\\/index.php\\\/2026\\\/04\\\/24\\\/lanza-pedro-rodriguez-conoce-t-programa-integral-para-el-cuidado-de-la-salud-mental-juvenil-en-atizapan\\\/\",\"name\":\"LANZA PEDRO RODR\u00cdGUEZ \u201cCONOCE-T\u201d, PROGRAMA INTEGRAL PARA EL CUIDADO DE LA SALUD MENTAL JUVENIL EN ATIZAP\u00c1N -\",\"isPartOf\":{\"@id\":\"https:\\\/\\\/continuamosmx.com\\\/#website\"},\"primaryImageOfPage\":{\"@id\":\"https:\\\/\\\/continuamosmx.com\\\/index.php\\\/2026\\\/04\\\/24\\\/lanza-pedro-rodriguez-conoce-t-programa-integral-para-el-cuidado-de-la-salud-mental-juvenil-en-atizapan\\\/#primaryimage\"},\"image\":{\"@id\":\"https:\\\/\\\/continuamosmx.com\\\/index.php\\\/2026\\\/04\\\/24\\\/lanza-pedro-rodriguez-conoce-t-programa-integral-para-el-cuidado-de-la-salud-mental-juvenil-en-atizapan\\\/#primaryimage\"},\"thumbnailUrl\":\"https:\\\/\\\/continuamosmx.com\\\/wp-content\\\/uploads\\\/2026\\\/04\\\/WhatsApp-Image-2026-04-24-at-5.54.58-PM-4.jpeg\",\"datePublished\":\"2026-04-25T01:59:47+00:00\",\"dateModified\":\"2026-04-25T01:59:48+00:00\",\"breadcrumb\":{\"@id\":\"https:\\\/\\\/continuamosmx.com\\\/index.php\\\/2026\\\/04\\\/24\\\/lanza-pedro-rodriguez-conoce-t-programa-integral-para-el-cuidado-de-la-salud-mental-juvenil-en-atizapan\\\/#breadcrumb\"},\"inLanguage\":\"es\",\"potentialAction\":[{\"@type\":\"ReadAction\",\"target\":[\"https:\\\/\\\/continuamosmx.com\\\/index.php\\\/2026\\\/04\\\/24\\\/lanza-pedro-rodriguez-conoce-t-programa-integral-para-el-cuidado-de-la-salud-mental-juvenil-en-atizapan\\\/\"]}]},{\"@type\":\"ImageObject\",\"inLanguage\":\"es\",\"@id\":\"https:\\\/\\\/continuamosmx.com\\\/index.php\\\/2026\\\/04\\\/24\\\/lanza-pedro-rodriguez-conoce-t-programa-integral-para-el-cuidado-de-la-salud-mental-juvenil-en-atizapan\\\/#primaryimage\",\"url\":\"https:\\\/\\\/continuamosmx.com\\\/wp-content\\\/uploads\\\/2026\\\/04\\\/WhatsApp-Image-2026-04-24-at-5.54.58-PM-4.jpeg\",\"contentUrl\":\"https:\\\/\\\/continuamosmx.com\\\/wp-content\\\/uploads\\\/2026\\\/04\\\/WhatsApp-Image-2026-04-24-at-5.54.58-PM-4.jpeg\",\"width\":1080,\"height\":715},{\"@type\":\"BreadcrumbList\",\"@id\":\"https:\\\/\\\/continuamosmx.com\\\/index.php\\\/2026\\\/04\\\/24\\\/lanza-pedro-rodriguez-conoce-t-programa-integral-para-el-cuidado-de-la-salud-mental-juvenil-en-atizapan\\\/#breadcrumb\",\"itemListElement\":[{\"@type\":\"ListItem\",\"position\":1,\"name\":\"Inicio\",\"item\":\"https:\\\/\\\/continuamosmx.com\\\/\"},{\"@type\":\"ListItem\",\"position\":2,\"name\":\"LANZA PEDRO RODR\u00cdGUEZ \u201cCONOCE-T\u201d, PROGRAMA INTEGRAL PARA EL CUIDADO DE LA SALUD MENTAL JUVENIL EN ATIZAP\u00c1N\"}]},{\"@type\":\"WebSite\",\"@id\":\"https:\\\/\\\/continuamosmx.com\\\/#website\",\"url\":\"https:\\\/\\\/continuamosmx.com\\\/\",\"name\":\"www.continuamosmx.com\",\"description\":\"\",\"publisher\":{\"@id\":\"https:\\\/\\\/continuamosmx.com\\\/#organization\"},\"potentialAction\":[{\"@type\":\"SearchAction\",\"target\":{\"@type\":\"EntryPoint\",\"urlTemplate\":\"https:\\\/\\\/continuamosmx.com\\\/?s={search_term_string}\"},\"query-input\":{\"@type\":\"PropertyValueSpecification\",\"valueRequired\":true,\"valueName\":\"search_term_string\"}}],\"inLanguage\":\"es\"},{\"@type\":\"Organization\",\"@id\":\"https:\\\/\\\/continuamosmx.com\\\/#organization\",\"name\":\"ContinuamosMX\",\"url\":\"https:\\\/\\\/continuamosmx.com\\\/\",\"logo\":{\"@type\":\"ImageObject\",\"inLanguage\":\"es\",\"@id\":\"https:\\\/\\\/continuamosmx.com\\\/#\\\/schema\\\/logo\\\/image\\\/\",\"url\":\"https:\\\/\\\/continuamosmx.com\\\/wp-content\\\/uploads\\\/2023\\\/04\\\/cropped-LOGO-CONTI-NUEVO.png\",\"contentUrl\":\"https:\\\/\\\/continuamosmx.com\\\/wp-content\\\/uploads\\\/2023\\\/04\\\/cropped-LOGO-CONTI-NUEVO.png\",\"width\":1257,\"height\":430,\"caption\":\"ContinuamosMX\"},\"image\":{\"@id\":\"https:\\\/\\\/continuamosmx.com\\\/#\\\/schema\\\/logo\\\/image\\\/\"}},{\"@type\":\"Person\",\"@id\":\"https:\\\/\\\/continuamosmx.com\\\/#\\\/schema\\\/person\\\/5eb5356acb1fad784da407d14f0e8d89\",\"name\":\"Continuamos MX\",\"image\":{\"@type\":\"ImageObject\",\"inLanguage\":\"es\",\"@id\":\"https:\\\/\\\/secure.gravatar.com\\\/avatar\\\/30d4f9723476a15f4da34d35fb3501f08d2357016c76051c6a85c354c7489589?s=96&d=mm&r=g\",\"url\":\"https:\\\/\\\/secure.gravatar.com\\\/avatar\\\/30d4f9723476a15f4da34d35fb3501f08d2357016c76051c6a85c354c7489589?s=96&d=mm&r=g\",\"contentUrl\":\"https:\\\/\\\/secure.gravatar.com\\\/avatar\\\/30d4f9723476a15f4da34d35fb3501f08d2357016c76051c6a85c354c7489589?s=96&d=mm&r=g\",\"caption\":\"Continuamos MX\"},\"sameAs\":[\"http:\\\/\\\/www.continuamos.mx\"],\"url\":\"https:\\\/\\\/continuamosmx.com\\\/index.php\\\/author\\\/continuamos\\\/\"}]}<\/script>\n<!-- \/ Yoast SEO plugin. -->","yoast_head_json":{"title":"LANZA PEDRO RODR\u00cdGUEZ \u201cCONOCE-T\u201d, PROGRAMA INTEGRAL PARA EL CUIDADO DE LA SALUD MENTAL JUVENIL EN ATIZAP\u00c1N -","robots":{"index":"index","follow":"follow","max-snippet":"max-snippet:-1","max-image-preview":"max-image-preview:large","max-video-preview":"max-video-preview:-1"},"canonical":"https:\/\/continuamosmx.com\/index.php\/2026\/04\/24\/lanza-pedro-rodriguez-conoce-t-programa-integral-para-el-cuidado-de-la-salud-mental-juvenil-en-atizapan\/","og_locale":"es_ES","og_type":"article","og_title":"LANZA PEDRO RODR\u00cdGUEZ \u201cCONOCE-T\u201d, PROGRAMA INTEGRAL PARA EL CUIDADO DE LA SALUD MENTAL JUVENIL EN ATIZAP\u00c1N -","og_description":"*A trav\u00e9s de una l\u00ednea telef\u00f3nica de emergencia y tres centros especializados, el gobierno municipal combatir\u00e1 la depresi\u00f3n, la ansiedad y el acoso escolar. Atizap\u00e1n de Zaragoza, M\u00e9x., a 24 de abril de 2026. \u2013 Con el objetivo de brindar acompa\u00f1amiento profesional y prevenir situaciones de riesgo entre la poblaci\u00f3n joven, el Alcalde Pedro Rodr\u00edguez [&hellip;]","og_url":"https:\/\/continuamosmx.com\/index.php\/2026\/04\/24\/lanza-pedro-rodriguez-conoce-t-programa-integral-para-el-cuidado-de-la-salud-mental-juvenil-en-atizapan\/","article_published_time":"2026-04-25T01:59:47+00:00","article_modified_time":"2026-04-25T01:59:48+00:00","og_image":[{"width":1080,"height":715,"url":"https:\/\/continuamosmx.com\/wp-content\/uploads\/2026\/04\/WhatsApp-Image-2026-04-24-at-5.54.58-PM-4.jpeg","type":"image\/jpeg"}],"author":"Continuamos MX","twitter_card":"summary_large_image","twitter_misc":{"Escrito por":"Continuamos MX","Tiempo de lectura":"2 minutos"},"schema":{"@context":"https:\/\/schema.org","@graph":[{"@type":"Article","@id":"https:\/\/continuamosmx.com\/index.php\/2026\/04\/24\/lanza-pedro-rodriguez-conoce-t-programa-integral-para-el-cuidado-de-la-salud-mental-juvenil-en-atizapan\/#article","isPartOf":{"@id":"https:\/\/continuamosmx.com\/index.php\/2026\/04\/24\/lanza-pedro-rodriguez-conoce-t-programa-integral-para-el-cuidado-de-la-salud-mental-juvenil-en-atizapan\/"},"author":{"name":"Continuamos MX","@id":"https:\/\/continuamosmx.com\/#\/schema\/person\/5eb5356acb1fad784da407d14f0e8d89"},"headline":"LANZA PEDRO RODR\u00cdGUEZ \u201cCONOCE-T\u201d, PROGRAMA INTEGRAL PARA EL CUIDADO DE LA SALUD MENTAL JUVENIL EN ATIZAP\u00c1N","datePublished":"2026-04-25T01:59:47+00:00","dateModified":"2026-04-25T01:59:48+00:00","mainEntityOfPage":{"@id":"https:\/\/continuamosmx.com\/index.php\/2026\/04\/24\/lanza-pedro-rodriguez-conoce-t-programa-integral-para-el-cuidado-de-la-salud-mental-juvenil-en-atizapan\/"},"wordCount":310,"publisher":{"@id":"https:\/\/continuamosmx.com\/#organization"},"image":{"@id":"https:\/\/continuamosmx.com\/index.php\/2026\/04\/24\/lanza-pedro-rodriguez-conoce-t-programa-integral-para-el-cuidado-de-la-salud-mental-juvenil-en-atizapan\/#primaryimage"},"thumbnailUrl":"https:\/\/continuamosmx.com\/wp-content\/uploads\/2026\/04\/WhatsApp-Image-2026-04-24-at-5.54.58-PM-4.jpeg","articleSection":["ATIZAPAN DE ZARAGOZA","LOCALES"],"inLanguage":"es"},{"@type":"WebPage","@id":"https:\/\/continuamosmx.com\/index.php\/2026\/04\/24\/lanza-pedro-rodriguez-conoce-t-programa-integral-para-el-cuidado-de-la-salud-mental-juvenil-en-atizapan\/","url":"https:\/\/continuamosmx.com\/index.php\/2026\/04\/24\/lanza-pedro-rodriguez-conoce-t-programa-integral-para-el-cuidado-de-la-salud-mental-juvenil-en-atizapan\/","name":"LANZA PEDRO RODR\u00cdGUEZ \u201cCONOCE-T\u201d, PROGRAMA INTEGRAL PARA EL CUIDADO DE LA SALUD MENTAL JUVENIL EN ATIZAP\u00c1N -","isPartOf":{"@id":"https:\/\/continuamosmx.com\/#website"},"primaryImageOfPage":{"@id":"https:\/\/continuamosmx.com\/index.php\/2026\/04\/24\/lanza-pedro-rodriguez-conoce-t-programa-integral-para-el-cuidado-de-la-salud-mental-juvenil-en-atizapan\/#primaryimage"},"image":{"@id":"https:\/\/continuamosmx.com\/index.php\/2026\/04\/24\/lanza-pedro-rodriguez-conoce-t-programa-integral-para-el-cuidado-de-la-salud-mental-juvenil-en-atizapan\/#primaryimage"},"thumbnailUrl":"https:\/\/continuamosmx.com\/wp-content\/uploads\/2026\/04\/WhatsApp-Image-2026-04-24-at-5.54.58-PM-4.jpeg","datePublished":"2026-04-25T01:59:47+00:00","dateModified":"2026-04-25T01:59:48+00:00","breadcrumb":{"@id":"https:\/\/continuamosmx.com\/index.php\/2026\/04\/24\/lanza-pedro-rodriguez-conoce-t-programa-integral-para-el-cuidado-de-la-salud-mental-juvenil-en-atizapan\/#breadcrumb"},"inLanguage":"es","potentialAction":[{"@type":"ReadAction","target":["https:\/\/continuamosmx.com\/index.php\/2026\/04\/24\/lanza-pedro-rodriguez-conoce-t-programa-integral-para-el-cuidado-de-la-salud-mental-juvenil-en-atizapan\/"]}]},{"@type":"ImageObject","inLanguage":"es","@id":"https:\/\/continuamosmx.com\/index.php\/2026\/04\/24\/lanza-pedro-rodriguez-conoce-t-programa-integral-para-el-cuidado-de-la-salud-mental-juvenil-en-atizapan\/#primaryimage","url":"https:\/\/continuamosmx.com\/wp-content\/uploads\/2026\/04\/WhatsApp-Image-2026-04-24-at-5.54.58-PM-4.jpeg","contentUrl":"https:\/\/continuamosmx.com\/wp-content\/uploads\/2026\/04\/WhatsApp-Image-2026-04-24-at-5.54.58-PM-4.jpeg","width":1080,"height":715},{"@type":"BreadcrumbList","@id":"https:\/\/continuamosmx.com\/index.php\/2026\/04\/24\/lanza-pedro-rodriguez-conoce-t-programa-integral-para-el-cuidado-de-la-salud-mental-juvenil-en-atizapan\/#breadcrumb","itemListElement":[{"@type":"ListItem","position":1,"name":"Inicio","item":"https:\/\/continuamosmx.com\/"},{"@type":"ListItem","position":2,"name":"LANZA PEDRO RODR\u00cdGUEZ \u201cCONOCE-T\u201d, PROGRAMA INTEGRAL PARA EL CUIDADO DE LA SALUD MENTAL JUVENIL EN ATIZAP\u00c1N"}]},{"@type":"WebSite","@id":"https:\/\/continuamosmx.com\/#website","url":"https:\/\/continuamosmx.com\/","name":"www.continuamosmx.com","description":"","publisher":{"@id":"https:\/\/continuamosmx.com\/#organization"},"potentialAction":[{"@type":"SearchAction","target":{"@type":"EntryPoint","urlTemplate":"https:\/\/continuamosmx.com\/?s={search_term_string}"},"query-input":{"@type":"PropertyValueSpecification","valueRequired":true,"valueName":"search_term_string"}}],"inLanguage":"es"},{"@type":"Organization","@id":"https:\/\/continuamosmx.com\/#organization","name":"ContinuamosMX","url":"https:\/\/continuamosmx.com\/","logo":{"@type":"ImageObject","inLanguage":"es","@id":"https:\/\/continuamosmx.com\/#\/schema\/logo\/image\/","url":"https:\/\/continuamosmx.com\/wp-content\/uploads\/2023\/04\/cropped-LOGO-CONTI-NUEVO.png","contentUrl":"https:\/\/continuamosmx.com\/wp-content\/uploads\/2023\/04\/cropped-LOGO-CONTI-NUEVO.png","width":1257,"height":430,"caption":"ContinuamosMX"},"image":{"@id":"https:\/\/continuamosmx.com\/#\/schema\/logo\/image\/"}},{"@type":"Person","@id":"https:\/\/continuamosmx.com\/#\/schema\/person\/5eb5356acb1fad784da407d14f0e8d89","name":"Continuamos MX","image":{"@type":"ImageObject","inLanguage":"es","@id":"https:\/\/secure.gravatar.com\/avatar\/30d4f9723476a15f4da34d35fb3501f08d2357016c76051c6a85c354c7489589?s=96&d=mm&r=g","url":"https:\/\/secure.gravatar.com\/avatar\/30d4f9723476a15f4da34d35fb3501f08d2357016c76051c6a85c354c7489589?s=96&d=mm&r=g","contentUrl":"https:\/\/secure.gravatar.com\/avatar\/30d4f9723476a15f4da34d35fb3501f08d2357016c76051c6a85c354c7489589?s=96&d=mm&r=g","caption":"Continuamos MX"},"sameAs":["http:\/\/www.continuamos.mx"],"url":"https:\/\/continuamosmx.com\/index.php\/author\/continuamos\/"}]}},"_links":{"self":[{"href":"https:\/\/continuamosmx.com\/index.php\/wp-json\/wp\/v2\/posts\/54614","targetHints":{"allow":["GET"]}}],"collection":[{"href":"https:\/\/continuamosmx.com\/index.php\/wp-json\/wp\/v2\/posts"}],"about":[{"href":"https:\/\/continuamosmx.com\/index.php\/wp-json\/wp\/v2\/types\/post"}],"author":[{"embeddable":true,"href":"https:\/\/continuamosmx.com\/index.php\/wp-json\/wp\/v2\/users\/6"}],"replies":[{"embeddable":true,"href":"https:\/\/continuamosmx.com\/index.php\/wp-json\/wp\/v2\/comments?post=54614"}],"version-history":[{"count":1,"href":"https:\/\/continuamosmx.com\/index.php\/wp-json\/wp\/v2\/posts\/54614\/revisions"}],"predecessor-version":[{"id":54616,"href":"https:\/\/continuamosmx.com\/index.php\/wp-json\/wp\/v2\/posts\/54614\/revisions\/54616"}],"wp:featuredmedia":[{"embeddable":true,"href":"https:\/\/continuamosmx.com\/index.php\/wp-json\/wp\/v2\/media\/54615"}],"wp:attachment":[{"href":"https:\/\/continuamosmx.com\/index.php\/wp-json\/wp\/v2\/media?parent=54614"}],"wp:term":[{"taxonomy":"category","embeddable":true,"href":"https:\/\/continuamosmx.com\/index.php\/wp-json\/wp\/v2\/categories?post=54614"},{"taxonomy":"post_tag","embeddable":true,"href":"https:\/\/continuamosmx.com\/index.php\/wp-json\/wp\/v2\/tags?post=54614"}],"curies":[{"name":"wp","href":"https:\/\/api.w.org\/{rel}","templated":true}]}}