{"id":54608,"date":"2026-04-24T19:45:14","date_gmt":"2026-04-25T01:45:14","guid":{"rendered":"https:\/\/continuamosmx.com\/?p=54608"},"modified":"2026-04-24T19:45:15","modified_gmt":"2026-04-25T01:45:15","slug":"avances-significativos-en-salud-para-el-oriente-del-edomex-gobernadora-y-director-del-imss-revisan-plan-integral","status":"publish","type":"post","link":"https:\/\/continuamosmx.com\/index.php\/2026\/04\/24\/avances-significativos-en-salud-para-el-oriente-del-edomex-gobernadora-y-director-del-imss-revisan-plan-integral\/","title":{"rendered":"AVANCES SIGNIFICATIVOS EN SALUD PARA EL ORIENTE DEL EDOM\u00c9X: GOBERNADORA Y DIRECTOR DEL IMSS REVISAN PLAN INTEGRAL*"},"content":{"rendered":"\n<p><strong>La Gobernadora Delfina G\u00f3mez y el Director General del IMSS, Zo\u00e9 Robledo, destacan 40 acciones en salud que transformar\u00e1n la atenci\u00f3n m\u00e9dica en la Zona Oriente del Estado de M\u00e9xico.<\/strong><\/p>\n\n\n\n<p>En un esfuerzo por mejorar la salud de los mexiquenses, la Gobernadora del Estado de M\u00e9xico, Delfina G\u00f3mez \u00c1lvarez, se reuni\u00f3 con Zo\u00e9 Robledo Aburto, Director General del Instituto Mexicano del Seguro Social (IMSS), para evaluar los avances del Plan Integral de la Zona Oriente. Este ambicioso proyecto incluye 40 acciones concretas que buscan transformar la atenci\u00f3n m\u00e9dica en esta regi\u00f3n.<\/p>\n\n\n\n<p>El plan contempla la construcci\u00f3n de nuevos hospitales y unidades m\u00e9dicas, destacando la pr\u00f3xima edificaci\u00f3n de una Unidad de Hemodi\u00e1lisis en Ecatepec y la rehabilitaci\u00f3n del Hospital Oncol\u00f3gico Pedi\u00e1trico en el mismo municipio. Adem\u00e1s, se prev\u00e9 la restauraci\u00f3n del Hospital General de Subzona en Chicoloapan y el inicio de obras para el Hospital General Regional de Chimalhuac\u00e1n en junio.<\/p>\n\n\n\n<p>Dentro de las acciones tambi\u00e9n se incluyen la rehabilitaci\u00f3n y equipamiento de \u00e1reas cr\u00edticas como terapia intensiva y hemodi\u00e1lisis en nueve hospitales y 28 Unidades de Medicina Familiar (UMF). Asimismo, se habilitar\u00e1n cuatro hospitales y se construir\u00e1n nueve UMF Plus, lo que representa un avance significativo en la infraestructura de salud de la regi\u00f3n.<\/p>\n\n\n\n<p>Este esfuerzo coordinado con el Gobierno federal, liderado por la Presidenta Claudia Sheinbaum Pardo, refleja el compromiso de las autoridades por garantizar una atenci\u00f3n m\u00e9dica de calidad y accesible para todos los mexiquenses. La implementaci\u00f3n de estas medidas es un paso crucial hacia la mejora de la salud p\u00fablica en el Estado de M\u00e9xico.<\/p>\n","protected":false},"excerpt":{"rendered":"<p>La Gobernadora Delfina G\u00f3mez y el Director General del IMSS, Zo\u00e9 Robledo, destacan 40 acciones en salud que transformar\u00e1n la atenci\u00f3n m\u00e9dica en la Zona Oriente del Estado de M\u00e9xico. En un esfuerzo por mejorar la salud de los mexiquenses, la Gobernadora del Estado de M\u00e9xico, Delfina G\u00f3mez \u00c1lvarez, se reuni\u00f3 con Zo\u00e9 Robledo Aburto, [&hellip;]<\/p>\n","protected":false},"author":6,"featured_media":54609,"comment_status":"closed","ping_status":"closed","sticky":false,"template":"","format":"standard","meta":{"footnotes":""},"categories":[2],"tags":[],"class_list":["post-54608","post","type-post","status-publish","format-standard","has-post-thumbnail","hentry","category-edomex"],"yoast_head":"<!-- This site is optimized with the Yoast SEO plugin v27.4 - https:\/\/yoast.com\/product\/yoast-seo-wordpress\/ -->\n<title>AVANCES SIGNIFICATIVOS EN SALUD PARA EL ORIENTE DEL EDOM\u00c9X: GOBERNADORA Y DIRECTOR DEL IMSS REVISAN PLAN INTEGRAL* -<\/title>\n<meta name=\"robots\" content=\"index, follow, max-snippet:-1, max-image-preview:large, max-video-preview:-1\" \/>\n<link rel=\"canonical\" href=\"https:\/\/continuamosmx.com\/index.php\/2026\/04\/24\/avances-significativos-en-salud-para-el-oriente-del-edomex-gobernadora-y-director-del-imss-revisan-plan-integral\/\" \/>\n<meta property=\"og:locale\" content=\"es_ES\" \/>\n<meta property=\"og:type\" content=\"article\" \/>\n<meta property=\"og:title\" content=\"AVANCES SIGNIFICATIVOS EN SALUD PARA EL ORIENTE DEL EDOM\u00c9X: GOBERNADORA Y DIRECTOR DEL IMSS REVISAN PLAN INTEGRAL* -\" \/>\n<meta property=\"og:description\" content=\"La Gobernadora Delfina G\u00f3mez y el Director General del IMSS, Zo\u00e9 Robledo, destacan 40 acciones en salud que transformar\u00e1n la atenci\u00f3n m\u00e9dica en la Zona Oriente del Estado de M\u00e9xico. En un esfuerzo por mejorar la salud de los mexiquenses, la Gobernadora del Estado de M\u00e9xico, Delfina G\u00f3mez \u00c1lvarez, se reuni\u00f3 con Zo\u00e9 Robledo Aburto, [&hellip;]\" \/>\n<meta property=\"og:url\" content=\"https:\/\/continuamosmx.com\/index.php\/2026\/04\/24\/avances-significativos-en-salud-para-el-oriente-del-edomex-gobernadora-y-director-del-imss-revisan-plan-integral\/\" \/>\n<meta property=\"article:published_time\" content=\"2026-04-25T01:45:14+00:00\" \/>\n<meta property=\"article:modified_time\" content=\"2026-04-25T01:45:15+00:00\" \/>\n<meta property=\"og:image\" content=\"https:\/\/continuamosmx.com\/wp-content\/uploads\/2026\/04\/salud-2.jpg\" \/>\n\t<meta property=\"og:image:width\" content=\"1280\" \/>\n\t<meta property=\"og:image:height\" content=\"853\" \/>\n\t<meta property=\"og:image:type\" content=\"image\/jpeg\" \/>\n<meta name=\"author\" content=\"Continuamos MX\" \/>\n<meta name=\"twitter:card\" content=\"summary_large_image\" \/>\n<meta name=\"twitter:label1\" content=\"Escrito por\" \/>\n\t<meta name=\"twitter:data1\" content=\"Continuamos MX\" \/>\n\t<meta name=\"twitter:label2\" content=\"Tiempo de lectura\" \/>\n\t<meta name=\"twitter:data2\" content=\"2 minutos\" \/>\n<script type=\"application\/ld+json\" class=\"yoast-schema-graph\">{\"@context\":\"https:\\\/\\\/schema.org\",\"@graph\":[{\"@type\":\"Article\",\"@id\":\"https:\\\/\\\/continuamosmx.com\\\/index.php\\\/2026\\\/04\\\/24\\\/avances-significativos-en-salud-para-el-oriente-del-edomex-gobernadora-y-director-del-imss-revisan-plan-integral\\\/#article\",\"isPartOf\":{\"@id\":\"https:\\\/\\\/continuamosmx.com\\\/index.php\\\/2026\\\/04\\\/24\\\/avances-significativos-en-salud-para-el-oriente-del-edomex-gobernadora-y-director-del-imss-revisan-plan-integral\\\/\"},\"author\":{\"name\":\"Continuamos MX\",\"@id\":\"https:\\\/\\\/continuamosmx.com\\\/#\\\/schema\\\/person\\\/5eb5356acb1fad784da407d14f0e8d89\"},\"headline\":\"AVANCES SIGNIFICATIVOS EN SALUD PARA EL ORIENTE DEL EDOM\u00c9X: GOBERNADORA Y DIRECTOR DEL IMSS REVISAN PLAN INTEGRAL*\",\"datePublished\":\"2026-04-25T01:45:14+00:00\",\"dateModified\":\"2026-04-25T01:45:15+00:00\",\"mainEntityOfPage\":{\"@id\":\"https:\\\/\\\/continuamosmx.com\\\/index.php\\\/2026\\\/04\\\/24\\\/avances-significativos-en-salud-para-el-oriente-del-edomex-gobernadora-y-director-del-imss-revisan-plan-integral\\\/\"},\"wordCount\":306,\"publisher\":{\"@id\":\"https:\\\/\\\/continuamosmx.com\\\/#organization\"},\"image\":{\"@id\":\"https:\\\/\\\/continuamosmx.com\\\/index.php\\\/2026\\\/04\\\/24\\\/avances-significativos-en-salud-para-el-oriente-del-edomex-gobernadora-y-director-del-imss-revisan-plan-integral\\\/#primaryimage\"},\"thumbnailUrl\":\"https:\\\/\\\/continuamosmx.com\\\/wp-content\\\/uploads\\\/2026\\\/04\\\/salud-2.jpg\",\"articleSection\":[\"EDOMEX\"],\"inLanguage\":\"es\"},{\"@type\":\"WebPage\",\"@id\":\"https:\\\/\\\/continuamosmx.com\\\/index.php\\\/2026\\\/04\\\/24\\\/avances-significativos-en-salud-para-el-oriente-del-edomex-gobernadora-y-director-del-imss-revisan-plan-integral\\\/\",\"url\":\"https:\\\/\\\/continuamosmx.com\\\/index.php\\\/2026\\\/04\\\/24\\\/avances-significativos-en-salud-para-el-oriente-del-edomex-gobernadora-y-director-del-imss-revisan-plan-integral\\\/\",\"name\":\"AVANCES SIGNIFICATIVOS EN SALUD PARA EL ORIENTE DEL EDOM\u00c9X: GOBERNADORA Y DIRECTOR DEL IMSS REVISAN PLAN INTEGRAL* -\",\"isPartOf\":{\"@id\":\"https:\\\/\\\/continuamosmx.com\\\/#website\"},\"primaryImageOfPage\":{\"@id\":\"https:\\\/\\\/continuamosmx.com\\\/index.php\\\/2026\\\/04\\\/24\\\/avances-significativos-en-salud-para-el-oriente-del-edomex-gobernadora-y-director-del-imss-revisan-plan-integral\\\/#primaryimage\"},\"image\":{\"@id\":\"https:\\\/\\\/continuamosmx.com\\\/index.php\\\/2026\\\/04\\\/24\\\/avances-significativos-en-salud-para-el-oriente-del-edomex-gobernadora-y-director-del-imss-revisan-plan-integral\\\/#primaryimage\"},\"thumbnailUrl\":\"https:\\\/\\\/continuamosmx.com\\\/wp-content\\\/uploads\\\/2026\\\/04\\\/salud-2.jpg\",\"datePublished\":\"2026-04-25T01:45:14+00:00\",\"dateModified\":\"2026-04-25T01:45:15+00:00\",\"breadcrumb\":{\"@id\":\"https:\\\/\\\/continuamosmx.com\\\/index.php\\\/2026\\\/04\\\/24\\\/avances-significativos-en-salud-para-el-oriente-del-edomex-gobernadora-y-director-del-imss-revisan-plan-integral\\\/#breadcrumb\"},\"inLanguage\":\"es\",\"potentialAction\":[{\"@type\":\"ReadAction\",\"target\":[\"https:\\\/\\\/continuamosmx.com\\\/index.php\\\/2026\\\/04\\\/24\\\/avances-significativos-en-salud-para-el-oriente-del-edomex-gobernadora-y-director-del-imss-revisan-plan-integral\\\/\"]}]},{\"@type\":\"ImageObject\",\"inLanguage\":\"es\",\"@id\":\"https:\\\/\\\/continuamosmx.com\\\/index.php\\\/2026\\\/04\\\/24\\\/avances-significativos-en-salud-para-el-oriente-del-edomex-gobernadora-y-director-del-imss-revisan-plan-integral\\\/#primaryimage\",\"url\":\"https:\\\/\\\/continuamosmx.com\\\/wp-content\\\/uploads\\\/2026\\\/04\\\/salud-2.jpg\",\"contentUrl\":\"https:\\\/\\\/continuamosmx.com\\\/wp-content\\\/uploads\\\/2026\\\/04\\\/salud-2.jpg\",\"width\":1280,\"height\":853},{\"@type\":\"BreadcrumbList\",\"@id\":\"https:\\\/\\\/continuamosmx.com\\\/index.php\\\/2026\\\/04\\\/24\\\/avances-significativos-en-salud-para-el-oriente-del-edomex-gobernadora-y-director-del-imss-revisan-plan-integral\\\/#breadcrumb\",\"itemListElement\":[{\"@type\":\"ListItem\",\"position\":1,\"name\":\"Inicio\",\"item\":\"https:\\\/\\\/continuamosmx.com\\\/\"},{\"@type\":\"ListItem\",\"position\":2,\"name\":\"AVANCES SIGNIFICATIVOS EN SALUD PARA EL ORIENTE DEL EDOM\u00c9X: GOBERNADORA Y DIRECTOR DEL IMSS REVISAN PLAN INTEGRAL*\"}]},{\"@type\":\"WebSite\",\"@id\":\"https:\\\/\\\/continuamosmx.com\\\/#website\",\"url\":\"https:\\\/\\\/continuamosmx.com\\\/\",\"name\":\"www.continuamosmx.com\",\"description\":\"\",\"publisher\":{\"@id\":\"https:\\\/\\\/continuamosmx.com\\\/#organization\"},\"potentialAction\":[{\"@type\":\"SearchAction\",\"target\":{\"@type\":\"EntryPoint\",\"urlTemplate\":\"https:\\\/\\\/continuamosmx.com\\\/?s={search_term_string}\"},\"query-input\":{\"@type\":\"PropertyValueSpecification\",\"valueRequired\":true,\"valueName\":\"search_term_string\"}}],\"inLanguage\":\"es\"},{\"@type\":\"Organization\",\"@id\":\"https:\\\/\\\/continuamosmx.com\\\/#organization\",\"name\":\"ContinuamosMX\",\"url\":\"https:\\\/\\\/continuamosmx.com\\\/\",\"logo\":{\"@type\":\"ImageObject\",\"inLanguage\":\"es\",\"@id\":\"https:\\\/\\\/continuamosmx.com\\\/#\\\/schema\\\/logo\\\/image\\\/\",\"url\":\"https:\\\/\\\/continuamosmx.com\\\/wp-content\\\/uploads\\\/2023\\\/04\\\/cropped-LOGO-CONTI-NUEVO.png\",\"contentUrl\":\"https:\\\/\\\/continuamosmx.com\\\/wp-content\\\/uploads\\\/2023\\\/04\\\/cropped-LOGO-CONTI-NUEVO.png\",\"width\":1257,\"height\":430,\"caption\":\"ContinuamosMX\"},\"image\":{\"@id\":\"https:\\\/\\\/continuamosmx.com\\\/#\\\/schema\\\/logo\\\/image\\\/\"}},{\"@type\":\"Person\",\"@id\":\"https:\\\/\\\/continuamosmx.com\\\/#\\\/schema\\\/person\\\/5eb5356acb1fad784da407d14f0e8d89\",\"name\":\"Continuamos MX\",\"image\":{\"@type\":\"ImageObject\",\"inLanguage\":\"es\",\"@id\":\"https:\\\/\\\/secure.gravatar.com\\\/avatar\\\/30d4f9723476a15f4da34d35fb3501f08d2357016c76051c6a85c354c7489589?s=96&d=mm&r=g\",\"url\":\"https:\\\/\\\/secure.gravatar.com\\\/avatar\\\/30d4f9723476a15f4da34d35fb3501f08d2357016c76051c6a85c354c7489589?s=96&d=mm&r=g\",\"contentUrl\":\"https:\\\/\\\/secure.gravatar.com\\\/avatar\\\/30d4f9723476a15f4da34d35fb3501f08d2357016c76051c6a85c354c7489589?s=96&d=mm&r=g\",\"caption\":\"Continuamos MX\"},\"sameAs\":[\"http:\\\/\\\/www.continuamos.mx\"],\"url\":\"https:\\\/\\\/continuamosmx.com\\\/index.php\\\/author\\\/continuamos\\\/\"}]}<\/script>\n<!-- \/ Yoast SEO plugin. -->","yoast_head_json":{"title":"AVANCES SIGNIFICATIVOS EN SALUD PARA EL ORIENTE DEL EDOM\u00c9X: GOBERNADORA Y DIRECTOR DEL IMSS REVISAN PLAN INTEGRAL* -","robots":{"index":"index","follow":"follow","max-snippet":"max-snippet:-1","max-image-preview":"max-image-preview:large","max-video-preview":"max-video-preview:-1"},"canonical":"https:\/\/continuamosmx.com\/index.php\/2026\/04\/24\/avances-significativos-en-salud-para-el-oriente-del-edomex-gobernadora-y-director-del-imss-revisan-plan-integral\/","og_locale":"es_ES","og_type":"article","og_title":"AVANCES SIGNIFICATIVOS EN SALUD PARA EL ORIENTE DEL EDOM\u00c9X: GOBERNADORA Y DIRECTOR DEL IMSS REVISAN PLAN INTEGRAL* -","og_description":"La Gobernadora Delfina G\u00f3mez y el Director General del IMSS, Zo\u00e9 Robledo, destacan 40 acciones en salud que transformar\u00e1n la atenci\u00f3n m\u00e9dica en la Zona Oriente del Estado de M\u00e9xico. En un esfuerzo por mejorar la salud de los mexiquenses, la Gobernadora del Estado de M\u00e9xico, Delfina G\u00f3mez \u00c1lvarez, se reuni\u00f3 con Zo\u00e9 Robledo Aburto, [&hellip;]","og_url":"https:\/\/continuamosmx.com\/index.php\/2026\/04\/24\/avances-significativos-en-salud-para-el-oriente-del-edomex-gobernadora-y-director-del-imss-revisan-plan-integral\/","article_published_time":"2026-04-25T01:45:14+00:00","article_modified_time":"2026-04-25T01:45:15+00:00","og_image":[{"width":1280,"height":853,"url":"https:\/\/continuamosmx.com\/wp-content\/uploads\/2026\/04\/salud-2.jpg","type":"image\/jpeg"}],"author":"Continuamos MX","twitter_card":"summary_large_image","twitter_misc":{"Escrito por":"Continuamos MX","Tiempo de lectura":"2 minutos"},"schema":{"@context":"https:\/\/schema.org","@graph":[{"@type":"Article","@id":"https:\/\/continuamosmx.com\/index.php\/2026\/04\/24\/avances-significativos-en-salud-para-el-oriente-del-edomex-gobernadora-y-director-del-imss-revisan-plan-integral\/#article","isPartOf":{"@id":"https:\/\/continuamosmx.com\/index.php\/2026\/04\/24\/avances-significativos-en-salud-para-el-oriente-del-edomex-gobernadora-y-director-del-imss-revisan-plan-integral\/"},"author":{"name":"Continuamos MX","@id":"https:\/\/continuamosmx.com\/#\/schema\/person\/5eb5356acb1fad784da407d14f0e8d89"},"headline":"AVANCES SIGNIFICATIVOS EN SALUD PARA EL ORIENTE DEL EDOM\u00c9X: GOBERNADORA Y DIRECTOR DEL IMSS REVISAN PLAN INTEGRAL*","datePublished":"2026-04-25T01:45:14+00:00","dateModified":"2026-04-25T01:45:15+00:00","mainEntityOfPage":{"@id":"https:\/\/continuamosmx.com\/index.php\/2026\/04\/24\/avances-significativos-en-salud-para-el-oriente-del-edomex-gobernadora-y-director-del-imss-revisan-plan-integral\/"},"wordCount":306,"publisher":{"@id":"https:\/\/continuamosmx.com\/#organization"},"image":{"@id":"https:\/\/continuamosmx.com\/index.php\/2026\/04\/24\/avances-significativos-en-salud-para-el-oriente-del-edomex-gobernadora-y-director-del-imss-revisan-plan-integral\/#primaryimage"},"thumbnailUrl":"https:\/\/continuamosmx.com\/wp-content\/uploads\/2026\/04\/salud-2.jpg","articleSection":["EDOMEX"],"inLanguage":"es"},{"@type":"WebPage","@id":"https:\/\/continuamosmx.com\/index.php\/2026\/04\/24\/avances-significativos-en-salud-para-el-oriente-del-edomex-gobernadora-y-director-del-imss-revisan-plan-integral\/","url":"https:\/\/continuamosmx.com\/index.php\/2026\/04\/24\/avances-significativos-en-salud-para-el-oriente-del-edomex-gobernadora-y-director-del-imss-revisan-plan-integral\/","name":"AVANCES SIGNIFICATIVOS EN SALUD PARA EL ORIENTE DEL EDOM\u00c9X: GOBERNADORA Y DIRECTOR DEL IMSS REVISAN PLAN INTEGRAL* -","isPartOf":{"@id":"https:\/\/continuamosmx.com\/#website"},"primaryImageOfPage":{"@id":"https:\/\/continuamosmx.com\/index.php\/2026\/04\/24\/avances-significativos-en-salud-para-el-oriente-del-edomex-gobernadora-y-director-del-imss-revisan-plan-integral\/#primaryimage"},"image":{"@id":"https:\/\/continuamosmx.com\/index.php\/2026\/04\/24\/avances-significativos-en-salud-para-el-oriente-del-edomex-gobernadora-y-director-del-imss-revisan-plan-integral\/#primaryimage"},"thumbnailUrl":"https:\/\/continuamosmx.com\/wp-content\/uploads\/2026\/04\/salud-2.jpg","datePublished":"2026-04-25T01:45:14+00:00","dateModified":"2026-04-25T01:45:15+00:00","breadcrumb":{"@id":"https:\/\/continuamosmx.com\/index.php\/2026\/04\/24\/avances-significativos-en-salud-para-el-oriente-del-edomex-gobernadora-y-director-del-imss-revisan-plan-integral\/#breadcrumb"},"inLanguage":"es","potentialAction":[{"@type":"ReadAction","target":["https:\/\/continuamosmx.com\/index.php\/2026\/04\/24\/avances-significativos-en-salud-para-el-oriente-del-edomex-gobernadora-y-director-del-imss-revisan-plan-integral\/"]}]},{"@type":"ImageObject","inLanguage":"es","@id":"https:\/\/continuamosmx.com\/index.php\/2026\/04\/24\/avances-significativos-en-salud-para-el-oriente-del-edomex-gobernadora-y-director-del-imss-revisan-plan-integral\/#primaryimage","url":"https:\/\/continuamosmx.com\/wp-content\/uploads\/2026\/04\/salud-2.jpg","contentUrl":"https:\/\/continuamosmx.com\/wp-content\/uploads\/2026\/04\/salud-2.jpg","width":1280,"height":853},{"@type":"BreadcrumbList","@id":"https:\/\/continuamosmx.com\/index.php\/2026\/04\/24\/avances-significativos-en-salud-para-el-oriente-del-edomex-gobernadora-y-director-del-imss-revisan-plan-integral\/#breadcrumb","itemListElement":[{"@type":"ListItem","position":1,"name":"Inicio","item":"https:\/\/continuamosmx.com\/"},{"@type":"ListItem","position":2,"name":"AVANCES SIGNIFICATIVOS EN SALUD PARA EL ORIENTE DEL EDOM\u00c9X: GOBERNADORA Y DIRECTOR DEL IMSS REVISAN PLAN INTEGRAL*"}]},{"@type":"WebSite","@id":"https:\/\/continuamosmx.com\/#website","url":"https:\/\/continuamosmx.com\/","name":"www.continuamosmx.com","description":"","publisher":{"@id":"https:\/\/continuamosmx.com\/#organization"},"potentialAction":[{"@type":"SearchAction","target":{"@type":"EntryPoint","urlTemplate":"https:\/\/continuamosmx.com\/?s={search_term_string}"},"query-input":{"@type":"PropertyValueSpecification","valueRequired":true,"valueName":"search_term_string"}}],"inLanguage":"es"},{"@type":"Organization","@id":"https:\/\/continuamosmx.com\/#organization","name":"ContinuamosMX","url":"https:\/\/continuamosmx.com\/","logo":{"@type":"ImageObject","inLanguage":"es","@id":"https:\/\/continuamosmx.com\/#\/schema\/logo\/image\/","url":"https:\/\/continuamosmx.com\/wp-content\/uploads\/2023\/04\/cropped-LOGO-CONTI-NUEVO.png","contentUrl":"https:\/\/continuamosmx.com\/wp-content\/uploads\/2023\/04\/cropped-LOGO-CONTI-NUEVO.png","width":1257,"height":430,"caption":"ContinuamosMX"},"image":{"@id":"https:\/\/continuamosmx.com\/#\/schema\/logo\/image\/"}},{"@type":"Person","@id":"https:\/\/continuamosmx.com\/#\/schema\/person\/5eb5356acb1fad784da407d14f0e8d89","name":"Continuamos MX","image":{"@type":"ImageObject","inLanguage":"es","@id":"https:\/\/secure.gravatar.com\/avatar\/30d4f9723476a15f4da34d35fb3501f08d2357016c76051c6a85c354c7489589?s=96&d=mm&r=g","url":"https:\/\/secure.gravatar.com\/avatar\/30d4f9723476a15f4da34d35fb3501f08d2357016c76051c6a85c354c7489589?s=96&d=mm&r=g","contentUrl":"https:\/\/secure.gravatar.com\/avatar\/30d4f9723476a15f4da34d35fb3501f08d2357016c76051c6a85c354c7489589?s=96&d=mm&r=g","caption":"Continuamos MX"},"sameAs":["http:\/\/www.continuamos.mx"],"url":"https:\/\/continuamosmx.com\/index.php\/author\/continuamos\/"}]}},"_links":{"self":[{"href":"https:\/\/continuamosmx.com\/index.php\/wp-json\/wp\/v2\/posts\/54608","targetHints":{"allow":["GET"]}}],"collection":[{"href":"https:\/\/continuamosmx.com\/index.php\/wp-json\/wp\/v2\/posts"}],"about":[{"href":"https:\/\/continuamosmx.com\/index.php\/wp-json\/wp\/v2\/types\/post"}],"author":[{"embeddable":true,"href":"https:\/\/continuamosmx.com\/index.php\/wp-json\/wp\/v2\/users\/6"}],"replies":[{"embeddable":true,"href":"https:\/\/continuamosmx.com\/index.php\/wp-json\/wp\/v2\/comments?post=54608"}],"version-history":[{"count":1,"href":"https:\/\/continuamosmx.com\/index.php\/wp-json\/wp\/v2\/posts\/54608\/revisions"}],"predecessor-version":[{"id":54610,"href":"https:\/\/continuamosmx.com\/index.php\/wp-json\/wp\/v2\/posts\/54608\/revisions\/54610"}],"wp:featuredmedia":[{"embeddable":true,"href":"https:\/\/continuamosmx.com\/index.php\/wp-json\/wp\/v2\/media\/54609"}],"wp:attachment":[{"href":"https:\/\/continuamosmx.com\/index.php\/wp-json\/wp\/v2\/media?parent=54608"}],"wp:term":[{"taxonomy":"category","embeddable":true,"href":"https:\/\/continuamosmx.com\/index.php\/wp-json\/wp\/v2\/categories?post=54608"},{"taxonomy":"post_tag","embeddable":true,"href":"https:\/\/continuamosmx.com\/index.php\/wp-json\/wp\/v2\/tags?post=54608"}],"curies":[{"name":"wp","href":"https:\/\/api.w.org\/{rel}","templated":true}]}}