{"id":54605,"date":"2026-04-24T19:43:02","date_gmt":"2026-04-25T01:43:02","guid":{"rendered":"https:\/\/continuamosmx.com\/?p=54605"},"modified":"2026-04-24T19:43:03","modified_gmt":"2026-04-25T01:43:03","slug":"mas-de-19000-escuelas-en-edomex-se-unen-por-la-tierra-un-ejemplo-de-conciencia-ambiental","status":"publish","type":"post","link":"https:\/\/continuamosmx.com\/index.php\/2026\/04\/24\/mas-de-19000-escuelas-en-edomex-se-unen-por-la-tierra-un-ejemplo-de-conciencia-ambiental\/","title":{"rendered":"M\u00c1S DE 19,000 ESCUELAS EN EDOM\u00c9X SE UNEN POR LA TIERRA: UN EJEMPLO DE CONCIENCIA AMBIENTAL"},"content":{"rendered":"\n<p><strong>El Estado de M\u00e9xico celebra el D\u00eda de la Tierra con la participaci\u00f3n de m\u00e1s de 19,900 escuelas en una jornada de limpieza y murales, promoviendo la responsabilidad social y el cuidado del medio ambiente.<\/strong><\/p>\n\n\n\n<p>El Estado de M\u00e9xico se ha sumado a la Jornada Nacional de Tequios por la Tierra y Murales Mundialistas, involucrando a m\u00e1s de 19,900 planteles educativos en un esfuerzo colectivo por la limpieza y recuperaci\u00f3n de espacios. Esta iniciativa, impulsada por la Secretar\u00eda de Educaci\u00f3n P\u00fablica y respaldada por el Gobierno estatal, se celebra en el marco del D\u00eda de la Tierra.<\/p>\n\n\n\n<p>La jornada comenz\u00f3 en la Escuela Preparatoria Oficial No. 76 de Calimaya, donde el Secretario de Educaci\u00f3n, Ciencia, Tecnolog\u00eda e Innovaci\u00f3n, Miguel \u00c1ngel Hern\u00e1ndez Espejel, dio el banderazo de salida. Durante esta actividad, los estudiantes participaron en labores de rehabilitaci\u00f3n de \u00e1reas verdes y en la creaci\u00f3n de murales con tem\u00e1ticas ambientales y sociales, fomentando no solo la est\u00e9tica de sus entornos, sino tambi\u00e9n la conciencia ecol\u00f3gica.<\/p>\n\n\n\n<p>Con la participaci\u00f3n de aproximadamente 3.9 millones de estudiantes de educaci\u00f3n b\u00e1sica, media superior y superior, esta actividad se enmarca dentro de los principios de la Nueva Escuela Mexicana. Se busca integrar el trabajo comunitario, la formaci\u00f3n socioemocional y el sentido de pertenencia entre los j\u00f3venes.<\/p>\n\n\n\n<p>Las acciones realizadas durante la jornada son un claro reflejo de c\u00f3mo la educaci\u00f3n puede ser un motor para el cambio social. Al empoderar a los estudiantes para que se apropien de sus espacios y fomenten la convivencia pac\u00edfica, el Gobierno del Estado de M\u00e9xico promueve valores fundamentales de responsabilidad social y respeto hacia el medio ambiente.smo del Estado de M\u00e9xico.<\/p>\n","protected":false},"excerpt":{"rendered":"<p>El Estado de M\u00e9xico celebra el D\u00eda de la Tierra con la participaci\u00f3n de m\u00e1s de 19,900 escuelas en una jornada de limpieza y murales, promoviendo la responsabilidad social y el cuidado del medio ambiente. El Estado de M\u00e9xico se ha sumado a la Jornada Nacional de Tequios por la Tierra y Murales Mundialistas, involucrando [&hellip;]<\/p>\n","protected":false},"author":6,"featured_media":54606,"comment_status":"closed","ping_status":"closed","sticky":false,"template":"","format":"standard","meta":{"footnotes":""},"categories":[4],"tags":[],"class_list":["post-54605","post","type-post","status-publish","format-standard","has-post-thumbnail","hentry","category-locales"],"yoast_head":"<!-- This site is optimized with the Yoast SEO plugin v27.4 - https:\/\/yoast.com\/product\/yoast-seo-wordpress\/ -->\n<title>M\u00c1S DE 19,000 ESCUELAS EN EDOM\u00c9X SE UNEN POR LA TIERRA: UN EJEMPLO DE CONCIENCIA AMBIENTAL -<\/title>\n<meta name=\"robots\" content=\"index, follow, max-snippet:-1, max-image-preview:large, max-video-preview:-1\" \/>\n<link rel=\"canonical\" href=\"https:\/\/continuamosmx.com\/index.php\/2026\/04\/24\/mas-de-19000-escuelas-en-edomex-se-unen-por-la-tierra-un-ejemplo-de-conciencia-ambiental\/\" \/>\n<meta property=\"og:locale\" content=\"es_ES\" \/>\n<meta property=\"og:type\" content=\"article\" \/>\n<meta property=\"og:title\" content=\"M\u00c1S DE 19,000 ESCUELAS EN EDOM\u00c9X SE UNEN POR LA TIERRA: UN EJEMPLO DE CONCIENCIA AMBIENTAL -\" \/>\n<meta property=\"og:description\" content=\"El Estado de M\u00e9xico celebra el D\u00eda de la Tierra con la participaci\u00f3n de m\u00e1s de 19,900 escuelas en una jornada de limpieza y murales, promoviendo la responsabilidad social y el cuidado del medio ambiente. El Estado de M\u00e9xico se ha sumado a la Jornada Nacional de Tequios por la Tierra y Murales Mundialistas, involucrando [&hellip;]\" \/>\n<meta property=\"og:url\" content=\"https:\/\/continuamosmx.com\/index.php\/2026\/04\/24\/mas-de-19000-escuelas-en-edomex-se-unen-por-la-tierra-un-ejemplo-de-conciencia-ambiental\/\" \/>\n<meta property=\"article:published_time\" content=\"2026-04-25T01:43:02+00:00\" \/>\n<meta property=\"article:modified_time\" content=\"2026-04-25T01:43:03+00:00\" \/>\n<meta property=\"og:image\" content=\"https:\/\/continuamosmx.com\/wp-content\/uploads\/2026\/04\/tquios.jpg\" \/>\n\t<meta property=\"og:image:width\" content=\"1600\" \/>\n\t<meta property=\"og:image:height\" content=\"1066\" \/>\n\t<meta property=\"og:image:type\" content=\"image\/jpeg\" \/>\n<meta name=\"author\" content=\"Continuamos MX\" \/>\n<meta name=\"twitter:card\" content=\"summary_large_image\" \/>\n<meta name=\"twitter:label1\" content=\"Escrito por\" \/>\n\t<meta name=\"twitter:data1\" content=\"Continuamos MX\" \/>\n\t<meta name=\"twitter:label2\" content=\"Tiempo de lectura\" \/>\n\t<meta name=\"twitter:data2\" content=\"2 minutos\" \/>\n<script type=\"application\/ld+json\" class=\"yoast-schema-graph\">{\"@context\":\"https:\\\/\\\/schema.org\",\"@graph\":[{\"@type\":\"Article\",\"@id\":\"https:\\\/\\\/continuamosmx.com\\\/index.php\\\/2026\\\/04\\\/24\\\/mas-de-19000-escuelas-en-edomex-se-unen-por-la-tierra-un-ejemplo-de-conciencia-ambiental\\\/#article\",\"isPartOf\":{\"@id\":\"https:\\\/\\\/continuamosmx.com\\\/index.php\\\/2026\\\/04\\\/24\\\/mas-de-19000-escuelas-en-edomex-se-unen-por-la-tierra-un-ejemplo-de-conciencia-ambiental\\\/\"},\"author\":{\"name\":\"Continuamos MX\",\"@id\":\"https:\\\/\\\/continuamosmx.com\\\/#\\\/schema\\\/person\\\/5eb5356acb1fad784da407d14f0e8d89\"},\"headline\":\"M\u00c1S DE 19,000 ESCUELAS EN EDOM\u00c9X SE UNEN POR LA TIERRA: UN EJEMPLO DE CONCIENCIA AMBIENTAL\",\"datePublished\":\"2026-04-25T01:43:02+00:00\",\"dateModified\":\"2026-04-25T01:43:03+00:00\",\"mainEntityOfPage\":{\"@id\":\"https:\\\/\\\/continuamosmx.com\\\/index.php\\\/2026\\\/04\\\/24\\\/mas-de-19000-escuelas-en-edomex-se-unen-por-la-tierra-un-ejemplo-de-conciencia-ambiental\\\/\"},\"wordCount\":316,\"publisher\":{\"@id\":\"https:\\\/\\\/continuamosmx.com\\\/#organization\"},\"image\":{\"@id\":\"https:\\\/\\\/continuamosmx.com\\\/index.php\\\/2026\\\/04\\\/24\\\/mas-de-19000-escuelas-en-edomex-se-unen-por-la-tierra-un-ejemplo-de-conciencia-ambiental\\\/#primaryimage\"},\"thumbnailUrl\":\"https:\\\/\\\/continuamosmx.com\\\/wp-content\\\/uploads\\\/2026\\\/04\\\/tquios.jpg\",\"articleSection\":[\"LOCALES\"],\"inLanguage\":\"es\"},{\"@type\":\"WebPage\",\"@id\":\"https:\\\/\\\/continuamosmx.com\\\/index.php\\\/2026\\\/04\\\/24\\\/mas-de-19000-escuelas-en-edomex-se-unen-por-la-tierra-un-ejemplo-de-conciencia-ambiental\\\/\",\"url\":\"https:\\\/\\\/continuamosmx.com\\\/index.php\\\/2026\\\/04\\\/24\\\/mas-de-19000-escuelas-en-edomex-se-unen-por-la-tierra-un-ejemplo-de-conciencia-ambiental\\\/\",\"name\":\"M\u00c1S DE 19,000 ESCUELAS EN EDOM\u00c9X SE UNEN POR LA TIERRA: UN EJEMPLO DE CONCIENCIA AMBIENTAL -\",\"isPartOf\":{\"@id\":\"https:\\\/\\\/continuamosmx.com\\\/#website\"},\"primaryImageOfPage\":{\"@id\":\"https:\\\/\\\/continuamosmx.com\\\/index.php\\\/2026\\\/04\\\/24\\\/mas-de-19000-escuelas-en-edomex-se-unen-por-la-tierra-un-ejemplo-de-conciencia-ambiental\\\/#primaryimage\"},\"image\":{\"@id\":\"https:\\\/\\\/continuamosmx.com\\\/index.php\\\/2026\\\/04\\\/24\\\/mas-de-19000-escuelas-en-edomex-se-unen-por-la-tierra-un-ejemplo-de-conciencia-ambiental\\\/#primaryimage\"},\"thumbnailUrl\":\"https:\\\/\\\/continuamosmx.com\\\/wp-content\\\/uploads\\\/2026\\\/04\\\/tquios.jpg\",\"datePublished\":\"2026-04-25T01:43:02+00:00\",\"dateModified\":\"2026-04-25T01:43:03+00:00\",\"breadcrumb\":{\"@id\":\"https:\\\/\\\/continuamosmx.com\\\/index.php\\\/2026\\\/04\\\/24\\\/mas-de-19000-escuelas-en-edomex-se-unen-por-la-tierra-un-ejemplo-de-conciencia-ambiental\\\/#breadcrumb\"},\"inLanguage\":\"es\",\"potentialAction\":[{\"@type\":\"ReadAction\",\"target\":[\"https:\\\/\\\/continuamosmx.com\\\/index.php\\\/2026\\\/04\\\/24\\\/mas-de-19000-escuelas-en-edomex-se-unen-por-la-tierra-un-ejemplo-de-conciencia-ambiental\\\/\"]}]},{\"@type\":\"ImageObject\",\"inLanguage\":\"es\",\"@id\":\"https:\\\/\\\/continuamosmx.com\\\/index.php\\\/2026\\\/04\\\/24\\\/mas-de-19000-escuelas-en-edomex-se-unen-por-la-tierra-un-ejemplo-de-conciencia-ambiental\\\/#primaryimage\",\"url\":\"https:\\\/\\\/continuamosmx.com\\\/wp-content\\\/uploads\\\/2026\\\/04\\\/tquios.jpg\",\"contentUrl\":\"https:\\\/\\\/continuamosmx.com\\\/wp-content\\\/uploads\\\/2026\\\/04\\\/tquios.jpg\",\"width\":1600,\"height\":1066},{\"@type\":\"BreadcrumbList\",\"@id\":\"https:\\\/\\\/continuamosmx.com\\\/index.php\\\/2026\\\/04\\\/24\\\/mas-de-19000-escuelas-en-edomex-se-unen-por-la-tierra-un-ejemplo-de-conciencia-ambiental\\\/#breadcrumb\",\"itemListElement\":[{\"@type\":\"ListItem\",\"position\":1,\"name\":\"Inicio\",\"item\":\"https:\\\/\\\/continuamosmx.com\\\/\"},{\"@type\":\"ListItem\",\"position\":2,\"name\":\"M\u00c1S DE 19,000 ESCUELAS EN EDOM\u00c9X SE UNEN POR LA TIERRA: UN EJEMPLO DE CONCIENCIA AMBIENTAL\"}]},{\"@type\":\"WebSite\",\"@id\":\"https:\\\/\\\/continuamosmx.com\\\/#website\",\"url\":\"https:\\\/\\\/continuamosmx.com\\\/\",\"name\":\"www.continuamosmx.com\",\"description\":\"\",\"publisher\":{\"@id\":\"https:\\\/\\\/continuamosmx.com\\\/#organization\"},\"potentialAction\":[{\"@type\":\"SearchAction\",\"target\":{\"@type\":\"EntryPoint\",\"urlTemplate\":\"https:\\\/\\\/continuamosmx.com\\\/?s={search_term_string}\"},\"query-input\":{\"@type\":\"PropertyValueSpecification\",\"valueRequired\":true,\"valueName\":\"search_term_string\"}}],\"inLanguage\":\"es\"},{\"@type\":\"Organization\",\"@id\":\"https:\\\/\\\/continuamosmx.com\\\/#organization\",\"name\":\"ContinuamosMX\",\"url\":\"https:\\\/\\\/continuamosmx.com\\\/\",\"logo\":{\"@type\":\"ImageObject\",\"inLanguage\":\"es\",\"@id\":\"https:\\\/\\\/continuamosmx.com\\\/#\\\/schema\\\/logo\\\/image\\\/\",\"url\":\"https:\\\/\\\/continuamosmx.com\\\/wp-content\\\/uploads\\\/2023\\\/04\\\/cropped-LOGO-CONTI-NUEVO.png\",\"contentUrl\":\"https:\\\/\\\/continuamosmx.com\\\/wp-content\\\/uploads\\\/2023\\\/04\\\/cropped-LOGO-CONTI-NUEVO.png\",\"width\":1257,\"height\":430,\"caption\":\"ContinuamosMX\"},\"image\":{\"@id\":\"https:\\\/\\\/continuamosmx.com\\\/#\\\/schema\\\/logo\\\/image\\\/\"}},{\"@type\":\"Person\",\"@id\":\"https:\\\/\\\/continuamosmx.com\\\/#\\\/schema\\\/person\\\/5eb5356acb1fad784da407d14f0e8d89\",\"name\":\"Continuamos MX\",\"image\":{\"@type\":\"ImageObject\",\"inLanguage\":\"es\",\"@id\":\"https:\\\/\\\/secure.gravatar.com\\\/avatar\\\/30d4f9723476a15f4da34d35fb3501f08d2357016c76051c6a85c354c7489589?s=96&d=mm&r=g\",\"url\":\"https:\\\/\\\/secure.gravatar.com\\\/avatar\\\/30d4f9723476a15f4da34d35fb3501f08d2357016c76051c6a85c354c7489589?s=96&d=mm&r=g\",\"contentUrl\":\"https:\\\/\\\/secure.gravatar.com\\\/avatar\\\/30d4f9723476a15f4da34d35fb3501f08d2357016c76051c6a85c354c7489589?s=96&d=mm&r=g\",\"caption\":\"Continuamos MX\"},\"sameAs\":[\"http:\\\/\\\/www.continuamos.mx\"],\"url\":\"https:\\\/\\\/continuamosmx.com\\\/index.php\\\/author\\\/continuamos\\\/\"}]}<\/script>\n<!-- \/ Yoast SEO plugin. -->","yoast_head_json":{"title":"M\u00c1S DE 19,000 ESCUELAS EN EDOM\u00c9X SE UNEN POR LA TIERRA: UN EJEMPLO DE CONCIENCIA AMBIENTAL -","robots":{"index":"index","follow":"follow","max-snippet":"max-snippet:-1","max-image-preview":"max-image-preview:large","max-video-preview":"max-video-preview:-1"},"canonical":"https:\/\/continuamosmx.com\/index.php\/2026\/04\/24\/mas-de-19000-escuelas-en-edomex-se-unen-por-la-tierra-un-ejemplo-de-conciencia-ambiental\/","og_locale":"es_ES","og_type":"article","og_title":"M\u00c1S DE 19,000 ESCUELAS EN EDOM\u00c9X SE UNEN POR LA TIERRA: UN EJEMPLO DE CONCIENCIA AMBIENTAL -","og_description":"El Estado de M\u00e9xico celebra el D\u00eda de la Tierra con la participaci\u00f3n de m\u00e1s de 19,900 escuelas en una jornada de limpieza y murales, promoviendo la responsabilidad social y el cuidado del medio ambiente. El Estado de M\u00e9xico se ha sumado a la Jornada Nacional de Tequios por la Tierra y Murales Mundialistas, involucrando [&hellip;]","og_url":"https:\/\/continuamosmx.com\/index.php\/2026\/04\/24\/mas-de-19000-escuelas-en-edomex-se-unen-por-la-tierra-un-ejemplo-de-conciencia-ambiental\/","article_published_time":"2026-04-25T01:43:02+00:00","article_modified_time":"2026-04-25T01:43:03+00:00","og_image":[{"width":1600,"height":1066,"url":"https:\/\/continuamosmx.com\/wp-content\/uploads\/2026\/04\/tquios.jpg","type":"image\/jpeg"}],"author":"Continuamos MX","twitter_card":"summary_large_image","twitter_misc":{"Escrito por":"Continuamos MX","Tiempo de lectura":"2 minutos"},"schema":{"@context":"https:\/\/schema.org","@graph":[{"@type":"Article","@id":"https:\/\/continuamosmx.com\/index.php\/2026\/04\/24\/mas-de-19000-escuelas-en-edomex-se-unen-por-la-tierra-un-ejemplo-de-conciencia-ambiental\/#article","isPartOf":{"@id":"https:\/\/continuamosmx.com\/index.php\/2026\/04\/24\/mas-de-19000-escuelas-en-edomex-se-unen-por-la-tierra-un-ejemplo-de-conciencia-ambiental\/"},"author":{"name":"Continuamos MX","@id":"https:\/\/continuamosmx.com\/#\/schema\/person\/5eb5356acb1fad784da407d14f0e8d89"},"headline":"M\u00c1S DE 19,000 ESCUELAS EN EDOM\u00c9X SE UNEN POR LA TIERRA: UN EJEMPLO DE CONCIENCIA AMBIENTAL","datePublished":"2026-04-25T01:43:02+00:00","dateModified":"2026-04-25T01:43:03+00:00","mainEntityOfPage":{"@id":"https:\/\/continuamosmx.com\/index.php\/2026\/04\/24\/mas-de-19000-escuelas-en-edomex-se-unen-por-la-tierra-un-ejemplo-de-conciencia-ambiental\/"},"wordCount":316,"publisher":{"@id":"https:\/\/continuamosmx.com\/#organization"},"image":{"@id":"https:\/\/continuamosmx.com\/index.php\/2026\/04\/24\/mas-de-19000-escuelas-en-edomex-se-unen-por-la-tierra-un-ejemplo-de-conciencia-ambiental\/#primaryimage"},"thumbnailUrl":"https:\/\/continuamosmx.com\/wp-content\/uploads\/2026\/04\/tquios.jpg","articleSection":["LOCALES"],"inLanguage":"es"},{"@type":"WebPage","@id":"https:\/\/continuamosmx.com\/index.php\/2026\/04\/24\/mas-de-19000-escuelas-en-edomex-se-unen-por-la-tierra-un-ejemplo-de-conciencia-ambiental\/","url":"https:\/\/continuamosmx.com\/index.php\/2026\/04\/24\/mas-de-19000-escuelas-en-edomex-se-unen-por-la-tierra-un-ejemplo-de-conciencia-ambiental\/","name":"M\u00c1S DE 19,000 ESCUELAS EN EDOM\u00c9X SE UNEN POR LA TIERRA: UN EJEMPLO DE CONCIENCIA AMBIENTAL -","isPartOf":{"@id":"https:\/\/continuamosmx.com\/#website"},"primaryImageOfPage":{"@id":"https:\/\/continuamosmx.com\/index.php\/2026\/04\/24\/mas-de-19000-escuelas-en-edomex-se-unen-por-la-tierra-un-ejemplo-de-conciencia-ambiental\/#primaryimage"},"image":{"@id":"https:\/\/continuamosmx.com\/index.php\/2026\/04\/24\/mas-de-19000-escuelas-en-edomex-se-unen-por-la-tierra-un-ejemplo-de-conciencia-ambiental\/#primaryimage"},"thumbnailUrl":"https:\/\/continuamosmx.com\/wp-content\/uploads\/2026\/04\/tquios.jpg","datePublished":"2026-04-25T01:43:02+00:00","dateModified":"2026-04-25T01:43:03+00:00","breadcrumb":{"@id":"https:\/\/continuamosmx.com\/index.php\/2026\/04\/24\/mas-de-19000-escuelas-en-edomex-se-unen-por-la-tierra-un-ejemplo-de-conciencia-ambiental\/#breadcrumb"},"inLanguage":"es","potentialAction":[{"@type":"ReadAction","target":["https:\/\/continuamosmx.com\/index.php\/2026\/04\/24\/mas-de-19000-escuelas-en-edomex-se-unen-por-la-tierra-un-ejemplo-de-conciencia-ambiental\/"]}]},{"@type":"ImageObject","inLanguage":"es","@id":"https:\/\/continuamosmx.com\/index.php\/2026\/04\/24\/mas-de-19000-escuelas-en-edomex-se-unen-por-la-tierra-un-ejemplo-de-conciencia-ambiental\/#primaryimage","url":"https:\/\/continuamosmx.com\/wp-content\/uploads\/2026\/04\/tquios.jpg","contentUrl":"https:\/\/continuamosmx.com\/wp-content\/uploads\/2026\/04\/tquios.jpg","width":1600,"height":1066},{"@type":"BreadcrumbList","@id":"https:\/\/continuamosmx.com\/index.php\/2026\/04\/24\/mas-de-19000-escuelas-en-edomex-se-unen-por-la-tierra-un-ejemplo-de-conciencia-ambiental\/#breadcrumb","itemListElement":[{"@type":"ListItem","position":1,"name":"Inicio","item":"https:\/\/continuamosmx.com\/"},{"@type":"ListItem","position":2,"name":"M\u00c1S DE 19,000 ESCUELAS EN EDOM\u00c9X SE UNEN POR LA TIERRA: UN EJEMPLO DE CONCIENCIA AMBIENTAL"}]},{"@type":"WebSite","@id":"https:\/\/continuamosmx.com\/#website","url":"https:\/\/continuamosmx.com\/","name":"www.continuamosmx.com","description":"","publisher":{"@id":"https:\/\/continuamosmx.com\/#organization"},"potentialAction":[{"@type":"SearchAction","target":{"@type":"EntryPoint","urlTemplate":"https:\/\/continuamosmx.com\/?s={search_term_string}"},"query-input":{"@type":"PropertyValueSpecification","valueRequired":true,"valueName":"search_term_string"}}],"inLanguage":"es"},{"@type":"Organization","@id":"https:\/\/continuamosmx.com\/#organization","name":"ContinuamosMX","url":"https:\/\/continuamosmx.com\/","logo":{"@type":"ImageObject","inLanguage":"es","@id":"https:\/\/continuamosmx.com\/#\/schema\/logo\/image\/","url":"https:\/\/continuamosmx.com\/wp-content\/uploads\/2023\/04\/cropped-LOGO-CONTI-NUEVO.png","contentUrl":"https:\/\/continuamosmx.com\/wp-content\/uploads\/2023\/04\/cropped-LOGO-CONTI-NUEVO.png","width":1257,"height":430,"caption":"ContinuamosMX"},"image":{"@id":"https:\/\/continuamosmx.com\/#\/schema\/logo\/image\/"}},{"@type":"Person","@id":"https:\/\/continuamosmx.com\/#\/schema\/person\/5eb5356acb1fad784da407d14f0e8d89","name":"Continuamos MX","image":{"@type":"ImageObject","inLanguage":"es","@id":"https:\/\/secure.gravatar.com\/avatar\/30d4f9723476a15f4da34d35fb3501f08d2357016c76051c6a85c354c7489589?s=96&d=mm&r=g","url":"https:\/\/secure.gravatar.com\/avatar\/30d4f9723476a15f4da34d35fb3501f08d2357016c76051c6a85c354c7489589?s=96&d=mm&r=g","contentUrl":"https:\/\/secure.gravatar.com\/avatar\/30d4f9723476a15f4da34d35fb3501f08d2357016c76051c6a85c354c7489589?s=96&d=mm&r=g","caption":"Continuamos MX"},"sameAs":["http:\/\/www.continuamos.mx"],"url":"https:\/\/continuamosmx.com\/index.php\/author\/continuamos\/"}]}},"_links":{"self":[{"href":"https:\/\/continuamosmx.com\/index.php\/wp-json\/wp\/v2\/posts\/54605","targetHints":{"allow":["GET"]}}],"collection":[{"href":"https:\/\/continuamosmx.com\/index.php\/wp-json\/wp\/v2\/posts"}],"about":[{"href":"https:\/\/continuamosmx.com\/index.php\/wp-json\/wp\/v2\/types\/post"}],"author":[{"embeddable":true,"href":"https:\/\/continuamosmx.com\/index.php\/wp-json\/wp\/v2\/users\/6"}],"replies":[{"embeddable":true,"href":"https:\/\/continuamosmx.com\/index.php\/wp-json\/wp\/v2\/comments?post=54605"}],"version-history":[{"count":1,"href":"https:\/\/continuamosmx.com\/index.php\/wp-json\/wp\/v2\/posts\/54605\/revisions"}],"predecessor-version":[{"id":54607,"href":"https:\/\/continuamosmx.com\/index.php\/wp-json\/wp\/v2\/posts\/54605\/revisions\/54607"}],"wp:featuredmedia":[{"embeddable":true,"href":"https:\/\/continuamosmx.com\/index.php\/wp-json\/wp\/v2\/media\/54606"}],"wp:attachment":[{"href":"https:\/\/continuamosmx.com\/index.php\/wp-json\/wp\/v2\/media?parent=54605"}],"wp:term":[{"taxonomy":"category","embeddable":true,"href":"https:\/\/continuamosmx.com\/index.php\/wp-json\/wp\/v2\/categories?post=54605"},{"taxonomy":"post_tag","embeddable":true,"href":"https:\/\/continuamosmx.com\/index.php\/wp-json\/wp\/v2\/tags?post=54605"}],"curies":[{"name":"wp","href":"https:\/\/api.w.org\/{rel}","templated":true}]}}