{"id":54599,"date":"2026-04-24T19:35:04","date_gmt":"2026-04-25T01:35:04","guid":{"rendered":"https:\/\/continuamosmx.com\/?p=54599"},"modified":"2026-04-24T19:35:04","modified_gmt":"2026-04-25T01:35:04","slug":"avanzan-reformas-para-revaloracion-economica-del-trabajo-en-el-hogar","status":"publish","type":"post","link":"https:\/\/continuamosmx.com\/index.php\/2026\/04\/24\/avanzan-reformas-para-revaloracion-economica-del-trabajo-en-el-hogar\/","title":{"rendered":"AVANZAN REFORMAS PARA REVALORACI\u00d3N ECON\u00d3MICA DEL TRABAJO EN EL HOGAR"},"content":{"rendered":"\n<p><strong>&#8211; Las comisiones del Congreso mexiquense aprobaron la propuesta del diputado Alejandro Castro para que se valore el trabajo del hogar en juicios por alimentos y custodia.<\/strong><\/p>\n\n\n\n<p><strong>&#8211; Legisladoras de diferentes partidos coincidieron en que estas reformas son un acto de justicia.<\/strong><\/p>\n\n\n\n<p>Las comisiones unidas del Congreso del Estado de M\u00e9xico han aprobado una propuesta del diputado Alejandro Castro Hern\u00e1ndez (PRI) para que el trabajo del hogar sea reconocido en juicios por alimentos, guarda y custodia, y liquidaci\u00f3n de reg\u00edmenes patrimoniales. Este reconocimiento se celebra como un avance hacia la justicia y la igualdad de g\u00e9nero.<\/p>\n\n\n\n<p>Durante la reuni\u00f3n, se subray\u00f3 que el trabajo dom\u00e9stico es una contribuci\u00f3n esencial para el sostenimiento de las familias, y se destac\u00f3 la importancia de dignificar el esfuerzo de quienes realizan estas labores. Las legisladoras Ana Yurixi Leyva (PT), Emma Laura Alvarez (PAN) y Ruth Salinas (MC) apoyaron la iniciativa, enfatizando que las reformas permitir\u00e1n a las mujeres exigir su autonom\u00eda econ\u00f3mica.<\/p>\n\n\n\n<p>Alejandro Castro agradeci\u00f3 el respaldo y resalt\u00f3 que este cambio es crucial para reconocer la inversi\u00f3n de tiempo y esfuerzo de las personas en el hogar. Adem\u00e1s, se mencion\u00f3 que el trabajo no remunerado representa m\u00e1s del 20% del PIB del pa\u00eds, siendo las mujeres las principales aportadoras.<\/p>\n\n\n\n<p>Las reformas buscan tambi\u00e9n evitar distorsiones en la justicia y asegurar que se respeten los principios de equidad. El dictamen es un paso hacia la creaci\u00f3n de un Sistema Estatal de Cuidados, aprobado en diciembre de 2024.<\/p>\n","protected":false},"excerpt":{"rendered":"<p>&#8211; Las comisiones del Congreso mexiquense aprobaron la propuesta del diputado Alejandro Castro para que se valore el trabajo del hogar en juicios por alimentos y custodia. &#8211; Legisladoras de diferentes partidos coincidieron en que estas reformas son un acto de justicia. Las comisiones unidas del Congreso del Estado de M\u00e9xico han aprobado una propuesta [&hellip;]<\/p>\n","protected":false},"author":6,"featured_media":54600,"comment_status":"closed","ping_status":"closed","sticky":false,"template":"","format":"standard","meta":{"footnotes":""},"categories":[229],"tags":[],"class_list":["post-54599","post","type-post","status-publish","format-standard","has-post-thumbnail","hentry","category-congreso-edomex"],"yoast_head":"<!-- This site is optimized with the Yoast SEO plugin v27.4 - https:\/\/yoast.com\/product\/yoast-seo-wordpress\/ -->\n<title>AVANZAN REFORMAS PARA REVALORACI\u00d3N ECON\u00d3MICA DEL TRABAJO EN EL HOGAR -<\/title>\n<meta name=\"robots\" content=\"index, follow, max-snippet:-1, max-image-preview:large, max-video-preview:-1\" \/>\n<link rel=\"canonical\" href=\"https:\/\/continuamosmx.com\/index.php\/2026\/04\/24\/avanzan-reformas-para-revaloracion-economica-del-trabajo-en-el-hogar\/\" \/>\n<meta property=\"og:locale\" content=\"es_ES\" \/>\n<meta property=\"og:type\" content=\"article\" \/>\n<meta property=\"og:title\" content=\"AVANZAN REFORMAS PARA REVALORACI\u00d3N ECON\u00d3MICA DEL TRABAJO EN EL HOGAR -\" \/>\n<meta property=\"og:description\" content=\"&#8211; Las comisiones del Congreso mexiquense aprobaron la propuesta del diputado Alejandro Castro para que se valore el trabajo del hogar en juicios por alimentos y custodia. &#8211; Legisladoras de diferentes partidos coincidieron en que estas reformas son un acto de justicia. Las comisiones unidas del Congreso del Estado de M\u00e9xico han aprobado una propuesta [&hellip;]\" \/>\n<meta property=\"og:url\" content=\"https:\/\/continuamosmx.com\/index.php\/2026\/04\/24\/avanzan-reformas-para-revaloracion-economica-del-trabajo-en-el-hogar\/\" \/>\n<meta property=\"article:published_time\" content=\"2026-04-25T01:35:04+00:00\" \/>\n<meta property=\"og:image\" content=\"https:\/\/continuamosmx.com\/wp-content\/uploads\/2026\/04\/hogar.jpg\" \/>\n\t<meta property=\"og:image:width\" content=\"2048\" \/>\n\t<meta property=\"og:image:height\" content=\"1365\" \/>\n\t<meta property=\"og:image:type\" content=\"image\/jpeg\" \/>\n<meta name=\"author\" content=\"Continuamos MX\" \/>\n<meta name=\"twitter:card\" content=\"summary_large_image\" \/>\n<meta name=\"twitter:label1\" content=\"Escrito por\" \/>\n\t<meta name=\"twitter:data1\" content=\"Continuamos MX\" \/>\n\t<meta name=\"twitter:label2\" content=\"Tiempo de lectura\" \/>\n\t<meta name=\"twitter:data2\" content=\"2 minutos\" \/>\n<script type=\"application\/ld+json\" class=\"yoast-schema-graph\">{\"@context\":\"https:\\\/\\\/schema.org\",\"@graph\":[{\"@type\":\"Article\",\"@id\":\"https:\\\/\\\/continuamosmx.com\\\/index.php\\\/2026\\\/04\\\/24\\\/avanzan-reformas-para-revaloracion-economica-del-trabajo-en-el-hogar\\\/#article\",\"isPartOf\":{\"@id\":\"https:\\\/\\\/continuamosmx.com\\\/index.php\\\/2026\\\/04\\\/24\\\/avanzan-reformas-para-revaloracion-economica-del-trabajo-en-el-hogar\\\/\"},\"author\":{\"name\":\"Continuamos MX\",\"@id\":\"https:\\\/\\\/continuamosmx.com\\\/#\\\/schema\\\/person\\\/5eb5356acb1fad784da407d14f0e8d89\"},\"headline\":\"AVANZAN REFORMAS PARA REVALORACI\u00d3N ECON\u00d3MICA DEL TRABAJO EN EL HOGAR\",\"datePublished\":\"2026-04-25T01:35:04+00:00\",\"mainEntityOfPage\":{\"@id\":\"https:\\\/\\\/continuamosmx.com\\\/index.php\\\/2026\\\/04\\\/24\\\/avanzan-reformas-para-revaloracion-economica-del-trabajo-en-el-hogar\\\/\"},\"wordCount\":270,\"publisher\":{\"@id\":\"https:\\\/\\\/continuamosmx.com\\\/#organization\"},\"image\":{\"@id\":\"https:\\\/\\\/continuamosmx.com\\\/index.php\\\/2026\\\/04\\\/24\\\/avanzan-reformas-para-revaloracion-economica-del-trabajo-en-el-hogar\\\/#primaryimage\"},\"thumbnailUrl\":\"https:\\\/\\\/continuamosmx.com\\\/wp-content\\\/uploads\\\/2026\\\/04\\\/hogar.jpg\",\"articleSection\":[\"CONGRESO EDOM\u00c9X\"],\"inLanguage\":\"es\"},{\"@type\":\"WebPage\",\"@id\":\"https:\\\/\\\/continuamosmx.com\\\/index.php\\\/2026\\\/04\\\/24\\\/avanzan-reformas-para-revaloracion-economica-del-trabajo-en-el-hogar\\\/\",\"url\":\"https:\\\/\\\/continuamosmx.com\\\/index.php\\\/2026\\\/04\\\/24\\\/avanzan-reformas-para-revaloracion-economica-del-trabajo-en-el-hogar\\\/\",\"name\":\"AVANZAN REFORMAS PARA REVALORACI\u00d3N ECON\u00d3MICA DEL TRABAJO EN EL HOGAR -\",\"isPartOf\":{\"@id\":\"https:\\\/\\\/continuamosmx.com\\\/#website\"},\"primaryImageOfPage\":{\"@id\":\"https:\\\/\\\/continuamosmx.com\\\/index.php\\\/2026\\\/04\\\/24\\\/avanzan-reformas-para-revaloracion-economica-del-trabajo-en-el-hogar\\\/#primaryimage\"},\"image\":{\"@id\":\"https:\\\/\\\/continuamosmx.com\\\/index.php\\\/2026\\\/04\\\/24\\\/avanzan-reformas-para-revaloracion-economica-del-trabajo-en-el-hogar\\\/#primaryimage\"},\"thumbnailUrl\":\"https:\\\/\\\/continuamosmx.com\\\/wp-content\\\/uploads\\\/2026\\\/04\\\/hogar.jpg\",\"datePublished\":\"2026-04-25T01:35:04+00:00\",\"breadcrumb\":{\"@id\":\"https:\\\/\\\/continuamosmx.com\\\/index.php\\\/2026\\\/04\\\/24\\\/avanzan-reformas-para-revaloracion-economica-del-trabajo-en-el-hogar\\\/#breadcrumb\"},\"inLanguage\":\"es\",\"potentialAction\":[{\"@type\":\"ReadAction\",\"target\":[\"https:\\\/\\\/continuamosmx.com\\\/index.php\\\/2026\\\/04\\\/24\\\/avanzan-reformas-para-revaloracion-economica-del-trabajo-en-el-hogar\\\/\"]}]},{\"@type\":\"ImageObject\",\"inLanguage\":\"es\",\"@id\":\"https:\\\/\\\/continuamosmx.com\\\/index.php\\\/2026\\\/04\\\/24\\\/avanzan-reformas-para-revaloracion-economica-del-trabajo-en-el-hogar\\\/#primaryimage\",\"url\":\"https:\\\/\\\/continuamosmx.com\\\/wp-content\\\/uploads\\\/2026\\\/04\\\/hogar.jpg\",\"contentUrl\":\"https:\\\/\\\/continuamosmx.com\\\/wp-content\\\/uploads\\\/2026\\\/04\\\/hogar.jpg\",\"width\":2048,\"height\":1365},{\"@type\":\"BreadcrumbList\",\"@id\":\"https:\\\/\\\/continuamosmx.com\\\/index.php\\\/2026\\\/04\\\/24\\\/avanzan-reformas-para-revaloracion-economica-del-trabajo-en-el-hogar\\\/#breadcrumb\",\"itemListElement\":[{\"@type\":\"ListItem\",\"position\":1,\"name\":\"Inicio\",\"item\":\"https:\\\/\\\/continuamosmx.com\\\/\"},{\"@type\":\"ListItem\",\"position\":2,\"name\":\"AVANZAN REFORMAS PARA REVALORACI\u00d3N ECON\u00d3MICA DEL TRABAJO EN EL HOGAR\"}]},{\"@type\":\"WebSite\",\"@id\":\"https:\\\/\\\/continuamosmx.com\\\/#website\",\"url\":\"https:\\\/\\\/continuamosmx.com\\\/\",\"name\":\"www.continuamosmx.com\",\"description\":\"\",\"publisher\":{\"@id\":\"https:\\\/\\\/continuamosmx.com\\\/#organization\"},\"potentialAction\":[{\"@type\":\"SearchAction\",\"target\":{\"@type\":\"EntryPoint\",\"urlTemplate\":\"https:\\\/\\\/continuamosmx.com\\\/?s={search_term_string}\"},\"query-input\":{\"@type\":\"PropertyValueSpecification\",\"valueRequired\":true,\"valueName\":\"search_term_string\"}}],\"inLanguage\":\"es\"},{\"@type\":\"Organization\",\"@id\":\"https:\\\/\\\/continuamosmx.com\\\/#organization\",\"name\":\"ContinuamosMX\",\"url\":\"https:\\\/\\\/continuamosmx.com\\\/\",\"logo\":{\"@type\":\"ImageObject\",\"inLanguage\":\"es\",\"@id\":\"https:\\\/\\\/continuamosmx.com\\\/#\\\/schema\\\/logo\\\/image\\\/\",\"url\":\"https:\\\/\\\/continuamosmx.com\\\/wp-content\\\/uploads\\\/2023\\\/04\\\/cropped-LOGO-CONTI-NUEVO.png\",\"contentUrl\":\"https:\\\/\\\/continuamosmx.com\\\/wp-content\\\/uploads\\\/2023\\\/04\\\/cropped-LOGO-CONTI-NUEVO.png\",\"width\":1257,\"height\":430,\"caption\":\"ContinuamosMX\"},\"image\":{\"@id\":\"https:\\\/\\\/continuamosmx.com\\\/#\\\/schema\\\/logo\\\/image\\\/\"}},{\"@type\":\"Person\",\"@id\":\"https:\\\/\\\/continuamosmx.com\\\/#\\\/schema\\\/person\\\/5eb5356acb1fad784da407d14f0e8d89\",\"name\":\"Continuamos MX\",\"image\":{\"@type\":\"ImageObject\",\"inLanguage\":\"es\",\"@id\":\"https:\\\/\\\/secure.gravatar.com\\\/avatar\\\/30d4f9723476a15f4da34d35fb3501f08d2357016c76051c6a85c354c7489589?s=96&d=mm&r=g\",\"url\":\"https:\\\/\\\/secure.gravatar.com\\\/avatar\\\/30d4f9723476a15f4da34d35fb3501f08d2357016c76051c6a85c354c7489589?s=96&d=mm&r=g\",\"contentUrl\":\"https:\\\/\\\/secure.gravatar.com\\\/avatar\\\/30d4f9723476a15f4da34d35fb3501f08d2357016c76051c6a85c354c7489589?s=96&d=mm&r=g\",\"caption\":\"Continuamos MX\"},\"sameAs\":[\"http:\\\/\\\/www.continuamos.mx\"],\"url\":\"https:\\\/\\\/continuamosmx.com\\\/index.php\\\/author\\\/continuamos\\\/\"}]}<\/script>\n<!-- \/ Yoast SEO plugin. -->","yoast_head_json":{"title":"AVANZAN REFORMAS PARA REVALORACI\u00d3N ECON\u00d3MICA DEL TRABAJO EN EL HOGAR -","robots":{"index":"index","follow":"follow","max-snippet":"max-snippet:-1","max-image-preview":"max-image-preview:large","max-video-preview":"max-video-preview:-1"},"canonical":"https:\/\/continuamosmx.com\/index.php\/2026\/04\/24\/avanzan-reformas-para-revaloracion-economica-del-trabajo-en-el-hogar\/","og_locale":"es_ES","og_type":"article","og_title":"AVANZAN REFORMAS PARA REVALORACI\u00d3N ECON\u00d3MICA DEL TRABAJO EN EL HOGAR -","og_description":"&#8211; Las comisiones del Congreso mexiquense aprobaron la propuesta del diputado Alejandro Castro para que se valore el trabajo del hogar en juicios por alimentos y custodia. &#8211; Legisladoras de diferentes partidos coincidieron en que estas reformas son un acto de justicia. Las comisiones unidas del Congreso del Estado de M\u00e9xico han aprobado una propuesta [&hellip;]","og_url":"https:\/\/continuamosmx.com\/index.php\/2026\/04\/24\/avanzan-reformas-para-revaloracion-economica-del-trabajo-en-el-hogar\/","article_published_time":"2026-04-25T01:35:04+00:00","og_image":[{"width":2048,"height":1365,"url":"https:\/\/continuamosmx.com\/wp-content\/uploads\/2026\/04\/hogar.jpg","type":"image\/jpeg"}],"author":"Continuamos MX","twitter_card":"summary_large_image","twitter_misc":{"Escrito por":"Continuamos MX","Tiempo de lectura":"2 minutos"},"schema":{"@context":"https:\/\/schema.org","@graph":[{"@type":"Article","@id":"https:\/\/continuamosmx.com\/index.php\/2026\/04\/24\/avanzan-reformas-para-revaloracion-economica-del-trabajo-en-el-hogar\/#article","isPartOf":{"@id":"https:\/\/continuamosmx.com\/index.php\/2026\/04\/24\/avanzan-reformas-para-revaloracion-economica-del-trabajo-en-el-hogar\/"},"author":{"name":"Continuamos MX","@id":"https:\/\/continuamosmx.com\/#\/schema\/person\/5eb5356acb1fad784da407d14f0e8d89"},"headline":"AVANZAN REFORMAS PARA REVALORACI\u00d3N ECON\u00d3MICA DEL TRABAJO EN EL HOGAR","datePublished":"2026-04-25T01:35:04+00:00","mainEntityOfPage":{"@id":"https:\/\/continuamosmx.com\/index.php\/2026\/04\/24\/avanzan-reformas-para-revaloracion-economica-del-trabajo-en-el-hogar\/"},"wordCount":270,"publisher":{"@id":"https:\/\/continuamosmx.com\/#organization"},"image":{"@id":"https:\/\/continuamosmx.com\/index.php\/2026\/04\/24\/avanzan-reformas-para-revaloracion-economica-del-trabajo-en-el-hogar\/#primaryimage"},"thumbnailUrl":"https:\/\/continuamosmx.com\/wp-content\/uploads\/2026\/04\/hogar.jpg","articleSection":["CONGRESO EDOM\u00c9X"],"inLanguage":"es"},{"@type":"WebPage","@id":"https:\/\/continuamosmx.com\/index.php\/2026\/04\/24\/avanzan-reformas-para-revaloracion-economica-del-trabajo-en-el-hogar\/","url":"https:\/\/continuamosmx.com\/index.php\/2026\/04\/24\/avanzan-reformas-para-revaloracion-economica-del-trabajo-en-el-hogar\/","name":"AVANZAN REFORMAS PARA REVALORACI\u00d3N ECON\u00d3MICA DEL TRABAJO EN EL HOGAR -","isPartOf":{"@id":"https:\/\/continuamosmx.com\/#website"},"primaryImageOfPage":{"@id":"https:\/\/continuamosmx.com\/index.php\/2026\/04\/24\/avanzan-reformas-para-revaloracion-economica-del-trabajo-en-el-hogar\/#primaryimage"},"image":{"@id":"https:\/\/continuamosmx.com\/index.php\/2026\/04\/24\/avanzan-reformas-para-revaloracion-economica-del-trabajo-en-el-hogar\/#primaryimage"},"thumbnailUrl":"https:\/\/continuamosmx.com\/wp-content\/uploads\/2026\/04\/hogar.jpg","datePublished":"2026-04-25T01:35:04+00:00","breadcrumb":{"@id":"https:\/\/continuamosmx.com\/index.php\/2026\/04\/24\/avanzan-reformas-para-revaloracion-economica-del-trabajo-en-el-hogar\/#breadcrumb"},"inLanguage":"es","potentialAction":[{"@type":"ReadAction","target":["https:\/\/continuamosmx.com\/index.php\/2026\/04\/24\/avanzan-reformas-para-revaloracion-economica-del-trabajo-en-el-hogar\/"]}]},{"@type":"ImageObject","inLanguage":"es","@id":"https:\/\/continuamosmx.com\/index.php\/2026\/04\/24\/avanzan-reformas-para-revaloracion-economica-del-trabajo-en-el-hogar\/#primaryimage","url":"https:\/\/continuamosmx.com\/wp-content\/uploads\/2026\/04\/hogar.jpg","contentUrl":"https:\/\/continuamosmx.com\/wp-content\/uploads\/2026\/04\/hogar.jpg","width":2048,"height":1365},{"@type":"BreadcrumbList","@id":"https:\/\/continuamosmx.com\/index.php\/2026\/04\/24\/avanzan-reformas-para-revaloracion-economica-del-trabajo-en-el-hogar\/#breadcrumb","itemListElement":[{"@type":"ListItem","position":1,"name":"Inicio","item":"https:\/\/continuamosmx.com\/"},{"@type":"ListItem","position":2,"name":"AVANZAN REFORMAS PARA REVALORACI\u00d3N ECON\u00d3MICA DEL TRABAJO EN EL HOGAR"}]},{"@type":"WebSite","@id":"https:\/\/continuamosmx.com\/#website","url":"https:\/\/continuamosmx.com\/","name":"www.continuamosmx.com","description":"","publisher":{"@id":"https:\/\/continuamosmx.com\/#organization"},"potentialAction":[{"@type":"SearchAction","target":{"@type":"EntryPoint","urlTemplate":"https:\/\/continuamosmx.com\/?s={search_term_string}"},"query-input":{"@type":"PropertyValueSpecification","valueRequired":true,"valueName":"search_term_string"}}],"inLanguage":"es"},{"@type":"Organization","@id":"https:\/\/continuamosmx.com\/#organization","name":"ContinuamosMX","url":"https:\/\/continuamosmx.com\/","logo":{"@type":"ImageObject","inLanguage":"es","@id":"https:\/\/continuamosmx.com\/#\/schema\/logo\/image\/","url":"https:\/\/continuamosmx.com\/wp-content\/uploads\/2023\/04\/cropped-LOGO-CONTI-NUEVO.png","contentUrl":"https:\/\/continuamosmx.com\/wp-content\/uploads\/2023\/04\/cropped-LOGO-CONTI-NUEVO.png","width":1257,"height":430,"caption":"ContinuamosMX"},"image":{"@id":"https:\/\/continuamosmx.com\/#\/schema\/logo\/image\/"}},{"@type":"Person","@id":"https:\/\/continuamosmx.com\/#\/schema\/person\/5eb5356acb1fad784da407d14f0e8d89","name":"Continuamos MX","image":{"@type":"ImageObject","inLanguage":"es","@id":"https:\/\/secure.gravatar.com\/avatar\/30d4f9723476a15f4da34d35fb3501f08d2357016c76051c6a85c354c7489589?s=96&d=mm&r=g","url":"https:\/\/secure.gravatar.com\/avatar\/30d4f9723476a15f4da34d35fb3501f08d2357016c76051c6a85c354c7489589?s=96&d=mm&r=g","contentUrl":"https:\/\/secure.gravatar.com\/avatar\/30d4f9723476a15f4da34d35fb3501f08d2357016c76051c6a85c354c7489589?s=96&d=mm&r=g","caption":"Continuamos MX"},"sameAs":["http:\/\/www.continuamos.mx"],"url":"https:\/\/continuamosmx.com\/index.php\/author\/continuamos\/"}]}},"_links":{"self":[{"href":"https:\/\/continuamosmx.com\/index.php\/wp-json\/wp\/v2\/posts\/54599","targetHints":{"allow":["GET"]}}],"collection":[{"href":"https:\/\/continuamosmx.com\/index.php\/wp-json\/wp\/v2\/posts"}],"about":[{"href":"https:\/\/continuamosmx.com\/index.php\/wp-json\/wp\/v2\/types\/post"}],"author":[{"embeddable":true,"href":"https:\/\/continuamosmx.com\/index.php\/wp-json\/wp\/v2\/users\/6"}],"replies":[{"embeddable":true,"href":"https:\/\/continuamosmx.com\/index.php\/wp-json\/wp\/v2\/comments?post=54599"}],"version-history":[{"count":1,"href":"https:\/\/continuamosmx.com\/index.php\/wp-json\/wp\/v2\/posts\/54599\/revisions"}],"predecessor-version":[{"id":54601,"href":"https:\/\/continuamosmx.com\/index.php\/wp-json\/wp\/v2\/posts\/54599\/revisions\/54601"}],"wp:featuredmedia":[{"embeddable":true,"href":"https:\/\/continuamosmx.com\/index.php\/wp-json\/wp\/v2\/media\/54600"}],"wp:attachment":[{"href":"https:\/\/continuamosmx.com\/index.php\/wp-json\/wp\/v2\/media?parent=54599"}],"wp:term":[{"taxonomy":"category","embeddable":true,"href":"https:\/\/continuamosmx.com\/index.php\/wp-json\/wp\/v2\/categories?post=54599"},{"taxonomy":"post_tag","embeddable":true,"href":"https:\/\/continuamosmx.com\/index.php\/wp-json\/wp\/v2\/tags?post=54599"}],"curies":[{"name":"wp","href":"https:\/\/api.w.org\/{rel}","templated":true}]}}