{"id":53637,"date":"2026-03-16T19:20:41","date_gmt":"2026-03-17T01:20:41","guid":{"rendered":"https:\/\/continuamosmx.com\/?p=53637"},"modified":"2026-03-16T19:20:41","modified_gmt":"2026-03-17T01:20:41","slug":"guardia-municipal-de-naucalpan-desarticula-banda-dedicada-a-la-venta-ilegal-de-armas-entre-los-detenidos-hay-un-policia-en-activo","status":"publish","type":"post","link":"https:\/\/continuamosmx.com\/index.php\/2026\/03\/16\/guardia-municipal-de-naucalpan-desarticula-banda-dedicada-a-la-venta-ilegal-de-armas-entre-los-detenidos-hay-un-policia-en-activo\/","title":{"rendered":"GUARDIA MUNICIPAL DE NAUCALPAN DESARTICULA BANDA DEDICADA A LA VENTA ILEGAL DE ARMAS; ENTRE LOS DETENIDOS HAY UN POLIC\u00cdA EN ACTIVO."},"content":{"rendered":"\n<p>Elementos de la Guardia Municipal de Naucalpan de Ju\u00e1rez, en coordinaci\u00f3n con la Fiscal\u00eda General de Justicia del Estado de M\u00e9xico, lograron la detenci\u00f3n de cuatro hombres presuntamente involucrados en la comercializaci\u00f3n ilegal de armas de fuego, entre ellos un elemento en activo de la corporaci\u00f3n municipal.<\/p>\n\n\n\n<p>De acuerdo con las autoridades, la captura se logr\u00f3 tras trabajos de investigaci\u00f3n y acciones operativas que permitieron identificar a los integrantes de una banda dedicada a esta actividad il\u00edcita.<\/p>\n\n\n\n<p>Durante las indagatorias se confirm\u00f3 que el polic\u00eda municipal presuntamente estaba vinculado con el robo de armamento en el sector donde se encontraba asignado, el cual posteriormente habr\u00eda sido canalizado para su venta en el mercado ilegal.<\/p>\n\n\n\n<p>Los cuatro implicados fueron puestos a disposici\u00f3n de la autoridad correspondiente y trasladados al Centro Penitenciario y de Reinserci\u00f3n Social de Barrientos, donde enfrentar\u00e1n el proceso legal en su contra.<\/p>\n\n\n\n<p>La Guardia Municipal se\u00f1al\u00f3 que no habr\u00e1 tolerancia para ning\u00fan elemento que traicione la confianza de la instituci\u00f3n ni de la ciudadan\u00eda, por lo que se actuar\u00e1 con firmeza ante cualquier conducta il\u00edcita, incluso cuando involucre a integrantes de la propia corporaci\u00f3n.<\/p>\n\n\n\n<p>Con estas acciones, el gobierno municipal reiter\u00f3 su compromiso con la legalidad, la transparencia y el combate frontal a la delincuencia en Naucalpan de Ju\u00e1rez.<\/p>\n","protected":false},"excerpt":{"rendered":"<p>Elementos de la Guardia Municipal de Naucalpan de Ju\u00e1rez, en coordinaci\u00f3n con la Fiscal\u00eda General de Justicia del Estado de M\u00e9xico, lograron la detenci\u00f3n de cuatro hombres presuntamente involucrados en la comercializaci\u00f3n ilegal de armas de fuego, entre ellos un elemento en activo de la corporaci\u00f3n municipal. De acuerdo con las autoridades, la captura se [&hellip;]<\/p>\n","protected":false},"author":6,"featured_media":53638,"comment_status":"closed","ping_status":"closed","sticky":false,"template":"","format":"standard","meta":{"footnotes":""},"categories":[4,64],"tags":[],"class_list":["post-53637","post","type-post","status-publish","format-standard","has-post-thumbnail","hentry","category-locales","category-naucalpan"],"yoast_head":"<!-- This site is optimized with the Yoast SEO plugin v27.5 - https:\/\/yoast.com\/product\/yoast-seo-wordpress\/ -->\n<title>GUARDIA MUNICIPAL DE NAUCALPAN DESARTICULA BANDA DEDICADA A LA VENTA ILEGAL DE ARMAS; ENTRE LOS DETENIDOS HAY UN POLIC\u00cdA EN ACTIVO. -<\/title>\n<meta name=\"robots\" content=\"index, follow, max-snippet:-1, max-image-preview:large, max-video-preview:-1\" \/>\n<link rel=\"canonical\" href=\"https:\/\/continuamosmx.com\/index.php\/2026\/03\/16\/guardia-municipal-de-naucalpan-desarticula-banda-dedicada-a-la-venta-ilegal-de-armas-entre-los-detenidos-hay-un-policia-en-activo\/\" \/>\n<meta property=\"og:locale\" content=\"es_ES\" \/>\n<meta property=\"og:type\" content=\"article\" \/>\n<meta property=\"og:title\" content=\"GUARDIA MUNICIPAL DE NAUCALPAN DESARTICULA BANDA DEDICADA A LA VENTA ILEGAL DE ARMAS; ENTRE LOS DETENIDOS HAY UN POLIC\u00cdA EN ACTIVO. -\" \/>\n<meta property=\"og:description\" content=\"Elementos de la Guardia Municipal de Naucalpan de Ju\u00e1rez, en coordinaci\u00f3n con la Fiscal\u00eda General de Justicia del Estado de M\u00e9xico, lograron la detenci\u00f3n de cuatro hombres presuntamente involucrados en la comercializaci\u00f3n ilegal de armas de fuego, entre ellos un elemento en activo de la corporaci\u00f3n municipal. De acuerdo con las autoridades, la captura se [&hellip;]\" \/>\n<meta property=\"og:url\" content=\"https:\/\/continuamosmx.com\/index.php\/2026\/03\/16\/guardia-municipal-de-naucalpan-desarticula-banda-dedicada-a-la-venta-ilegal-de-armas-entre-los-detenidos-hay-un-policia-en-activo\/\" \/>\n<meta property=\"article:published_time\" content=\"2026-03-17T01:20:41+00:00\" \/>\n<meta property=\"og:image\" content=\"https:\/\/continuamosmx.com\/wp-content\/uploads\/2026\/03\/nau.png\" \/>\n\t<meta property=\"og:image:width\" content=\"635\" \/>\n\t<meta property=\"og:image:height\" content=\"348\" \/>\n\t<meta property=\"og:image:type\" content=\"image\/png\" \/>\n<meta name=\"author\" content=\"Continuamos MX\" \/>\n<meta name=\"twitter:card\" content=\"summary_large_image\" \/>\n<meta name=\"twitter:label1\" content=\"Escrito por\" \/>\n\t<meta name=\"twitter:data1\" content=\"Continuamos MX\" \/>\n\t<meta name=\"twitter:label2\" content=\"Tiempo de lectura\" \/>\n\t<meta name=\"twitter:data2\" content=\"2 minutos\" \/>\n<script type=\"application\/ld+json\" class=\"yoast-schema-graph\">{\"@context\":\"https:\\\/\\\/schema.org\",\"@graph\":[{\"@type\":\"Article\",\"@id\":\"https:\\\/\\\/continuamosmx.com\\\/index.php\\\/2026\\\/03\\\/16\\\/guardia-municipal-de-naucalpan-desarticula-banda-dedicada-a-la-venta-ilegal-de-armas-entre-los-detenidos-hay-un-policia-en-activo\\\/#article\",\"isPartOf\":{\"@id\":\"https:\\\/\\\/continuamosmx.com\\\/index.php\\\/2026\\\/03\\\/16\\\/guardia-municipal-de-naucalpan-desarticula-banda-dedicada-a-la-venta-ilegal-de-armas-entre-los-detenidos-hay-un-policia-en-activo\\\/\"},\"author\":{\"name\":\"Continuamos MX\",\"@id\":\"https:\\\/\\\/continuamosmx.com\\\/#\\\/schema\\\/person\\\/5eb5356acb1fad784da407d14f0e8d89\"},\"headline\":\"GUARDIA MUNICIPAL DE NAUCALPAN DESARTICULA BANDA DEDICADA A LA VENTA ILEGAL DE ARMAS; ENTRE LOS DETENIDOS HAY UN POLIC\u00cdA EN ACTIVO.\",\"datePublished\":\"2026-03-17T01:20:41+00:00\",\"mainEntityOfPage\":{\"@id\":\"https:\\\/\\\/continuamosmx.com\\\/index.php\\\/2026\\\/03\\\/16\\\/guardia-municipal-de-naucalpan-desarticula-banda-dedicada-a-la-venta-ilegal-de-armas-entre-los-detenidos-hay-un-policia-en-activo\\\/\"},\"wordCount\":254,\"publisher\":{\"@id\":\"https:\\\/\\\/continuamosmx.com\\\/#organization\"},\"image\":{\"@id\":\"https:\\\/\\\/continuamosmx.com\\\/index.php\\\/2026\\\/03\\\/16\\\/guardia-municipal-de-naucalpan-desarticula-banda-dedicada-a-la-venta-ilegal-de-armas-entre-los-detenidos-hay-un-policia-en-activo\\\/#primaryimage\"},\"thumbnailUrl\":\"https:\\\/\\\/continuamosmx.com\\\/wp-content\\\/uploads\\\/2026\\\/03\\\/nau.png\",\"articleSection\":[\"LOCALES\",\"NAUCALPAN\"],\"inLanguage\":\"es\"},{\"@type\":\"WebPage\",\"@id\":\"https:\\\/\\\/continuamosmx.com\\\/index.php\\\/2026\\\/03\\\/16\\\/guardia-municipal-de-naucalpan-desarticula-banda-dedicada-a-la-venta-ilegal-de-armas-entre-los-detenidos-hay-un-policia-en-activo\\\/\",\"url\":\"https:\\\/\\\/continuamosmx.com\\\/index.php\\\/2026\\\/03\\\/16\\\/guardia-municipal-de-naucalpan-desarticula-banda-dedicada-a-la-venta-ilegal-de-armas-entre-los-detenidos-hay-un-policia-en-activo\\\/\",\"name\":\"GUARDIA MUNICIPAL DE NAUCALPAN DESARTICULA BANDA DEDICADA A LA VENTA ILEGAL DE ARMAS; ENTRE LOS DETENIDOS HAY UN POLIC\u00cdA EN ACTIVO. -\",\"isPartOf\":{\"@id\":\"https:\\\/\\\/continuamosmx.com\\\/#website\"},\"primaryImageOfPage\":{\"@id\":\"https:\\\/\\\/continuamosmx.com\\\/index.php\\\/2026\\\/03\\\/16\\\/guardia-municipal-de-naucalpan-desarticula-banda-dedicada-a-la-venta-ilegal-de-armas-entre-los-detenidos-hay-un-policia-en-activo\\\/#primaryimage\"},\"image\":{\"@id\":\"https:\\\/\\\/continuamosmx.com\\\/index.php\\\/2026\\\/03\\\/16\\\/guardia-municipal-de-naucalpan-desarticula-banda-dedicada-a-la-venta-ilegal-de-armas-entre-los-detenidos-hay-un-policia-en-activo\\\/#primaryimage\"},\"thumbnailUrl\":\"https:\\\/\\\/continuamosmx.com\\\/wp-content\\\/uploads\\\/2026\\\/03\\\/nau.png\",\"datePublished\":\"2026-03-17T01:20:41+00:00\",\"breadcrumb\":{\"@id\":\"https:\\\/\\\/continuamosmx.com\\\/index.php\\\/2026\\\/03\\\/16\\\/guardia-municipal-de-naucalpan-desarticula-banda-dedicada-a-la-venta-ilegal-de-armas-entre-los-detenidos-hay-un-policia-en-activo\\\/#breadcrumb\"},\"inLanguage\":\"es\",\"potentialAction\":[{\"@type\":\"ReadAction\",\"target\":[\"https:\\\/\\\/continuamosmx.com\\\/index.php\\\/2026\\\/03\\\/16\\\/guardia-municipal-de-naucalpan-desarticula-banda-dedicada-a-la-venta-ilegal-de-armas-entre-los-detenidos-hay-un-policia-en-activo\\\/\"]}]},{\"@type\":\"ImageObject\",\"inLanguage\":\"es\",\"@id\":\"https:\\\/\\\/continuamosmx.com\\\/index.php\\\/2026\\\/03\\\/16\\\/guardia-municipal-de-naucalpan-desarticula-banda-dedicada-a-la-venta-ilegal-de-armas-entre-los-detenidos-hay-un-policia-en-activo\\\/#primaryimage\",\"url\":\"https:\\\/\\\/continuamosmx.com\\\/wp-content\\\/uploads\\\/2026\\\/03\\\/nau.png\",\"contentUrl\":\"https:\\\/\\\/continuamosmx.com\\\/wp-content\\\/uploads\\\/2026\\\/03\\\/nau.png\",\"width\":635,\"height\":348},{\"@type\":\"BreadcrumbList\",\"@id\":\"https:\\\/\\\/continuamosmx.com\\\/index.php\\\/2026\\\/03\\\/16\\\/guardia-municipal-de-naucalpan-desarticula-banda-dedicada-a-la-venta-ilegal-de-armas-entre-los-detenidos-hay-un-policia-en-activo\\\/#breadcrumb\",\"itemListElement\":[{\"@type\":\"ListItem\",\"position\":1,\"name\":\"Inicio\",\"item\":\"https:\\\/\\\/continuamosmx.com\\\/\"},{\"@type\":\"ListItem\",\"position\":2,\"name\":\"GUARDIA MUNICIPAL DE NAUCALPAN DESARTICULA BANDA DEDICADA A LA VENTA ILEGAL DE ARMAS; ENTRE LOS DETENIDOS HAY UN POLIC\u00cdA EN ACTIVO.\"}]},{\"@type\":\"WebSite\",\"@id\":\"https:\\\/\\\/continuamosmx.com\\\/#website\",\"url\":\"https:\\\/\\\/continuamosmx.com\\\/\",\"name\":\"www.continuamosmx.com\",\"description\":\"\",\"publisher\":{\"@id\":\"https:\\\/\\\/continuamosmx.com\\\/#organization\"},\"potentialAction\":[{\"@type\":\"SearchAction\",\"target\":{\"@type\":\"EntryPoint\",\"urlTemplate\":\"https:\\\/\\\/continuamosmx.com\\\/?s={search_term_string}\"},\"query-input\":{\"@type\":\"PropertyValueSpecification\",\"valueRequired\":true,\"valueName\":\"search_term_string\"}}],\"inLanguage\":\"es\"},{\"@type\":\"Organization\",\"@id\":\"https:\\\/\\\/continuamosmx.com\\\/#organization\",\"name\":\"ContinuamosMX\",\"url\":\"https:\\\/\\\/continuamosmx.com\\\/\",\"logo\":{\"@type\":\"ImageObject\",\"inLanguage\":\"es\",\"@id\":\"https:\\\/\\\/continuamosmx.com\\\/#\\\/schema\\\/logo\\\/image\\\/\",\"url\":\"https:\\\/\\\/continuamosmx.com\\\/wp-content\\\/uploads\\\/2023\\\/04\\\/cropped-LOGO-CONTI-NUEVO.png\",\"contentUrl\":\"https:\\\/\\\/continuamosmx.com\\\/wp-content\\\/uploads\\\/2023\\\/04\\\/cropped-LOGO-CONTI-NUEVO.png\",\"width\":1257,\"height\":430,\"caption\":\"ContinuamosMX\"},\"image\":{\"@id\":\"https:\\\/\\\/continuamosmx.com\\\/#\\\/schema\\\/logo\\\/image\\\/\"}},{\"@type\":\"Person\",\"@id\":\"https:\\\/\\\/continuamosmx.com\\\/#\\\/schema\\\/person\\\/5eb5356acb1fad784da407d14f0e8d89\",\"name\":\"Continuamos MX\",\"image\":{\"@type\":\"ImageObject\",\"inLanguage\":\"es\",\"@id\":\"https:\\\/\\\/secure.gravatar.com\\\/avatar\\\/30d4f9723476a15f4da34d35fb3501f08d2357016c76051c6a85c354c7489589?s=96&d=mm&r=g\",\"url\":\"https:\\\/\\\/secure.gravatar.com\\\/avatar\\\/30d4f9723476a15f4da34d35fb3501f08d2357016c76051c6a85c354c7489589?s=96&d=mm&r=g\",\"contentUrl\":\"https:\\\/\\\/secure.gravatar.com\\\/avatar\\\/30d4f9723476a15f4da34d35fb3501f08d2357016c76051c6a85c354c7489589?s=96&d=mm&r=g\",\"caption\":\"Continuamos MX\"},\"sameAs\":[\"http:\\\/\\\/www.continuamos.mx\"],\"url\":\"https:\\\/\\\/continuamosmx.com\\\/index.php\\\/author\\\/continuamos\\\/\"}]}<\/script>\n<!-- \/ Yoast SEO plugin. -->","yoast_head_json":{"title":"GUARDIA MUNICIPAL DE NAUCALPAN DESARTICULA BANDA DEDICADA A LA VENTA ILEGAL DE ARMAS; ENTRE LOS DETENIDOS HAY UN POLIC\u00cdA EN ACTIVO. -","robots":{"index":"index","follow":"follow","max-snippet":"max-snippet:-1","max-image-preview":"max-image-preview:large","max-video-preview":"max-video-preview:-1"},"canonical":"https:\/\/continuamosmx.com\/index.php\/2026\/03\/16\/guardia-municipal-de-naucalpan-desarticula-banda-dedicada-a-la-venta-ilegal-de-armas-entre-los-detenidos-hay-un-policia-en-activo\/","og_locale":"es_ES","og_type":"article","og_title":"GUARDIA MUNICIPAL DE NAUCALPAN DESARTICULA BANDA DEDICADA A LA VENTA ILEGAL DE ARMAS; ENTRE LOS DETENIDOS HAY UN POLIC\u00cdA EN ACTIVO. -","og_description":"Elementos de la Guardia Municipal de Naucalpan de Ju\u00e1rez, en coordinaci\u00f3n con la Fiscal\u00eda General de Justicia del Estado de M\u00e9xico, lograron la detenci\u00f3n de cuatro hombres presuntamente involucrados en la comercializaci\u00f3n ilegal de armas de fuego, entre ellos un elemento en activo de la corporaci\u00f3n municipal. De acuerdo con las autoridades, la captura se [&hellip;]","og_url":"https:\/\/continuamosmx.com\/index.php\/2026\/03\/16\/guardia-municipal-de-naucalpan-desarticula-banda-dedicada-a-la-venta-ilegal-de-armas-entre-los-detenidos-hay-un-policia-en-activo\/","article_published_time":"2026-03-17T01:20:41+00:00","og_image":[{"width":635,"height":348,"url":"https:\/\/continuamosmx.com\/wp-content\/uploads\/2026\/03\/nau.png","type":"image\/png"}],"author":"Continuamos MX","twitter_card":"summary_large_image","twitter_misc":{"Escrito por":"Continuamos MX","Tiempo de lectura":"2 minutos"},"schema":{"@context":"https:\/\/schema.org","@graph":[{"@type":"Article","@id":"https:\/\/continuamosmx.com\/index.php\/2026\/03\/16\/guardia-municipal-de-naucalpan-desarticula-banda-dedicada-a-la-venta-ilegal-de-armas-entre-los-detenidos-hay-un-policia-en-activo\/#article","isPartOf":{"@id":"https:\/\/continuamosmx.com\/index.php\/2026\/03\/16\/guardia-municipal-de-naucalpan-desarticula-banda-dedicada-a-la-venta-ilegal-de-armas-entre-los-detenidos-hay-un-policia-en-activo\/"},"author":{"name":"Continuamos MX","@id":"https:\/\/continuamosmx.com\/#\/schema\/person\/5eb5356acb1fad784da407d14f0e8d89"},"headline":"GUARDIA MUNICIPAL DE NAUCALPAN DESARTICULA BANDA DEDICADA A LA VENTA ILEGAL DE ARMAS; ENTRE LOS DETENIDOS HAY UN POLIC\u00cdA EN ACTIVO.","datePublished":"2026-03-17T01:20:41+00:00","mainEntityOfPage":{"@id":"https:\/\/continuamosmx.com\/index.php\/2026\/03\/16\/guardia-municipal-de-naucalpan-desarticula-banda-dedicada-a-la-venta-ilegal-de-armas-entre-los-detenidos-hay-un-policia-en-activo\/"},"wordCount":254,"publisher":{"@id":"https:\/\/continuamosmx.com\/#organization"},"image":{"@id":"https:\/\/continuamosmx.com\/index.php\/2026\/03\/16\/guardia-municipal-de-naucalpan-desarticula-banda-dedicada-a-la-venta-ilegal-de-armas-entre-los-detenidos-hay-un-policia-en-activo\/#primaryimage"},"thumbnailUrl":"https:\/\/continuamosmx.com\/wp-content\/uploads\/2026\/03\/nau.png","articleSection":["LOCALES","NAUCALPAN"],"inLanguage":"es"},{"@type":"WebPage","@id":"https:\/\/continuamosmx.com\/index.php\/2026\/03\/16\/guardia-municipal-de-naucalpan-desarticula-banda-dedicada-a-la-venta-ilegal-de-armas-entre-los-detenidos-hay-un-policia-en-activo\/","url":"https:\/\/continuamosmx.com\/index.php\/2026\/03\/16\/guardia-municipal-de-naucalpan-desarticula-banda-dedicada-a-la-venta-ilegal-de-armas-entre-los-detenidos-hay-un-policia-en-activo\/","name":"GUARDIA MUNICIPAL DE NAUCALPAN DESARTICULA BANDA DEDICADA A LA VENTA ILEGAL DE ARMAS; ENTRE LOS DETENIDOS HAY UN POLIC\u00cdA EN ACTIVO. -","isPartOf":{"@id":"https:\/\/continuamosmx.com\/#website"},"primaryImageOfPage":{"@id":"https:\/\/continuamosmx.com\/index.php\/2026\/03\/16\/guardia-municipal-de-naucalpan-desarticula-banda-dedicada-a-la-venta-ilegal-de-armas-entre-los-detenidos-hay-un-policia-en-activo\/#primaryimage"},"image":{"@id":"https:\/\/continuamosmx.com\/index.php\/2026\/03\/16\/guardia-municipal-de-naucalpan-desarticula-banda-dedicada-a-la-venta-ilegal-de-armas-entre-los-detenidos-hay-un-policia-en-activo\/#primaryimage"},"thumbnailUrl":"https:\/\/continuamosmx.com\/wp-content\/uploads\/2026\/03\/nau.png","datePublished":"2026-03-17T01:20:41+00:00","breadcrumb":{"@id":"https:\/\/continuamosmx.com\/index.php\/2026\/03\/16\/guardia-municipal-de-naucalpan-desarticula-banda-dedicada-a-la-venta-ilegal-de-armas-entre-los-detenidos-hay-un-policia-en-activo\/#breadcrumb"},"inLanguage":"es","potentialAction":[{"@type":"ReadAction","target":["https:\/\/continuamosmx.com\/index.php\/2026\/03\/16\/guardia-municipal-de-naucalpan-desarticula-banda-dedicada-a-la-venta-ilegal-de-armas-entre-los-detenidos-hay-un-policia-en-activo\/"]}]},{"@type":"ImageObject","inLanguage":"es","@id":"https:\/\/continuamosmx.com\/index.php\/2026\/03\/16\/guardia-municipal-de-naucalpan-desarticula-banda-dedicada-a-la-venta-ilegal-de-armas-entre-los-detenidos-hay-un-policia-en-activo\/#primaryimage","url":"https:\/\/continuamosmx.com\/wp-content\/uploads\/2026\/03\/nau.png","contentUrl":"https:\/\/continuamosmx.com\/wp-content\/uploads\/2026\/03\/nau.png","width":635,"height":348},{"@type":"BreadcrumbList","@id":"https:\/\/continuamosmx.com\/index.php\/2026\/03\/16\/guardia-municipal-de-naucalpan-desarticula-banda-dedicada-a-la-venta-ilegal-de-armas-entre-los-detenidos-hay-un-policia-en-activo\/#breadcrumb","itemListElement":[{"@type":"ListItem","position":1,"name":"Inicio","item":"https:\/\/continuamosmx.com\/"},{"@type":"ListItem","position":2,"name":"GUARDIA MUNICIPAL DE NAUCALPAN DESARTICULA BANDA DEDICADA A LA VENTA ILEGAL DE ARMAS; ENTRE LOS DETENIDOS HAY UN POLIC\u00cdA EN ACTIVO."}]},{"@type":"WebSite","@id":"https:\/\/continuamosmx.com\/#website","url":"https:\/\/continuamosmx.com\/","name":"www.continuamosmx.com","description":"","publisher":{"@id":"https:\/\/continuamosmx.com\/#organization"},"potentialAction":[{"@type":"SearchAction","target":{"@type":"EntryPoint","urlTemplate":"https:\/\/continuamosmx.com\/?s={search_term_string}"},"query-input":{"@type":"PropertyValueSpecification","valueRequired":true,"valueName":"search_term_string"}}],"inLanguage":"es"},{"@type":"Organization","@id":"https:\/\/continuamosmx.com\/#organization","name":"ContinuamosMX","url":"https:\/\/continuamosmx.com\/","logo":{"@type":"ImageObject","inLanguage":"es","@id":"https:\/\/continuamosmx.com\/#\/schema\/logo\/image\/","url":"https:\/\/continuamosmx.com\/wp-content\/uploads\/2023\/04\/cropped-LOGO-CONTI-NUEVO.png","contentUrl":"https:\/\/continuamosmx.com\/wp-content\/uploads\/2023\/04\/cropped-LOGO-CONTI-NUEVO.png","width":1257,"height":430,"caption":"ContinuamosMX"},"image":{"@id":"https:\/\/continuamosmx.com\/#\/schema\/logo\/image\/"}},{"@type":"Person","@id":"https:\/\/continuamosmx.com\/#\/schema\/person\/5eb5356acb1fad784da407d14f0e8d89","name":"Continuamos MX","image":{"@type":"ImageObject","inLanguage":"es","@id":"https:\/\/secure.gravatar.com\/avatar\/30d4f9723476a15f4da34d35fb3501f08d2357016c76051c6a85c354c7489589?s=96&d=mm&r=g","url":"https:\/\/secure.gravatar.com\/avatar\/30d4f9723476a15f4da34d35fb3501f08d2357016c76051c6a85c354c7489589?s=96&d=mm&r=g","contentUrl":"https:\/\/secure.gravatar.com\/avatar\/30d4f9723476a15f4da34d35fb3501f08d2357016c76051c6a85c354c7489589?s=96&d=mm&r=g","caption":"Continuamos MX"},"sameAs":["http:\/\/www.continuamos.mx"],"url":"https:\/\/continuamosmx.com\/index.php\/author\/continuamos\/"}]}},"_links":{"self":[{"href":"https:\/\/continuamosmx.com\/index.php\/wp-json\/wp\/v2\/posts\/53637","targetHints":{"allow":["GET"]}}],"collection":[{"href":"https:\/\/continuamosmx.com\/index.php\/wp-json\/wp\/v2\/posts"}],"about":[{"href":"https:\/\/continuamosmx.com\/index.php\/wp-json\/wp\/v2\/types\/post"}],"author":[{"embeddable":true,"href":"https:\/\/continuamosmx.com\/index.php\/wp-json\/wp\/v2\/users\/6"}],"replies":[{"embeddable":true,"href":"https:\/\/continuamosmx.com\/index.php\/wp-json\/wp\/v2\/comments?post=53637"}],"version-history":[{"count":1,"href":"https:\/\/continuamosmx.com\/index.php\/wp-json\/wp\/v2\/posts\/53637\/revisions"}],"predecessor-version":[{"id":53639,"href":"https:\/\/continuamosmx.com\/index.php\/wp-json\/wp\/v2\/posts\/53637\/revisions\/53639"}],"wp:featuredmedia":[{"embeddable":true,"href":"https:\/\/continuamosmx.com\/index.php\/wp-json\/wp\/v2\/media\/53638"}],"wp:attachment":[{"href":"https:\/\/continuamosmx.com\/index.php\/wp-json\/wp\/v2\/media?parent=53637"}],"wp:term":[{"taxonomy":"category","embeddable":true,"href":"https:\/\/continuamosmx.com\/index.php\/wp-json\/wp\/v2\/categories?post=53637"},{"taxonomy":"post_tag","embeddable":true,"href":"https:\/\/continuamosmx.com\/index.php\/wp-json\/wp\/v2\/tags?post=53637"}],"curies":[{"name":"wp","href":"https:\/\/api.w.org\/{rel}","templated":true}]}}