{"id":53622,"date":"2026-03-15T20:08:18","date_gmt":"2026-03-16T02:08:18","guid":{"rendered":"https:\/\/continuamosmx.com\/?p=53622"},"modified":"2026-03-15T20:08:18","modified_gmt":"2026-03-16T02:08:18","slug":"proteccion-civil-del-estado-de-mexico-un-escudo-ante-emergencias-en-2026","status":"publish","type":"post","link":"https:\/\/continuamosmx.com\/index.php\/2026\/03\/15\/proteccion-civil-del-estado-de-mexico-un-escudo-ante-emergencias-en-2026\/","title":{"rendered":"PROTECCI\u00d3N CIVIL DEL ESTADO DE M\u00c9XICO: UN ESCUDO ANTE EMERGENCIAS EN 2026"},"content":{"rendered":"\n<p><strong>M\u00e1s de 320 atenciones a emergencias destacan la labor del Gobierno del Estado de M\u00e9xico en los primeros dos meses del a\u00f1o.<\/strong><\/p>\n\n\n\n<p>Toluca, Estado de M\u00e9xico. En el primer bimestre de 2026, el Gobierno del Estado de M\u00e9xico, a trav\u00e9s de su Coordinaci\u00f3n de Protecci\u00f3n Civil, ha realizado un total de 321 atenciones a emergencias y servicios operativos en diversas localidades de la entidad. Esta cifra refleja un compromiso constante por salvaguardar la integridad de la poblaci\u00f3n y optimizar la eficacia en la respuesta ante situaciones cr\u00edticas.<\/p>\n\n\n\n<p>Entre los datos m\u00e1s relevantes, se registraron 103 incendios de pastizales, 32 accidentes vehiculares y 18 incendios en inmuebles. Adem\u00e1s, se atendieron 12 incendios en f\u00e1bricas o bodegas, 10 explosiones y cuatro incidentes vinculados a tomas clandestinas. Estos eventos demandaron la intervenci\u00f3n r\u00e1pida y coordinada del personal operativo.<\/p>\n\n\n\n<p>Las acciones complementarias incluyeron 92 intervenciones adicionales, tales como dispositivos preventivos y recorridos de supervisi\u00f3n, as\u00ed como labores de b\u00fasqueda y rescate. Este enfoque proactivo refuerza la vigilancia y la atenci\u00f3n oportuna ante incidentes en el territorio estatal.<\/p>\n\n\n\n<p>La Coordinaci\u00f3n de Protecci\u00f3n Civil emiti\u00f3 50 opiniones t\u00e9cnicas dirigidas a escuelas, hospitales e inmuebles p\u00fablicos, con el prop\u00f3sito de mejorar las condiciones de seguridad y mitigar riesgos en estos espacios. Asimismo, se proporcionaron 52 asesor\u00edas t\u00e9cnicas para la elaboraci\u00f3n y actualizaci\u00f3n de Atlas de Riesgos municipales, una herramienta esencial para identificar peligros y guiar la planificaci\u00f3n.<\/p>\n\n\n\n<p>Para fomentar la cultura de la prevenci\u00f3n, se llevaron a cabo 31 cursos de capacitaci\u00f3n dirigidos a personal de instituciones p\u00fablicas, del sector privado y a la ciudadan\u00eda. Temas como Primeros Auxilios y Sistemas de Comando de Incidentes fueron abordados, con el objetivo de fortalecer la preparaci\u00f3n ante emergencias.<\/p>\n\n\n\n<p>Estas acciones son parte del esfuerzo continuo del Gobierno del Estado de M\u00e9xico, liderado por la Maestra Delfina G\u00f3mez \u00c1lvarez, para consolidar las capacidades de prevenci\u00f3n y respuesta ante contingencias, beneficiando as\u00ed a la poblaci\u00f3n mexiquense.<\/p>\n","protected":false},"excerpt":{"rendered":"<p>M\u00e1s de 320 atenciones a emergencias destacan la labor del Gobierno del Estado de M\u00e9xico en los primeros dos meses del a\u00f1o. Toluca, Estado de M\u00e9xico. En el primer bimestre de 2026, el Gobierno del Estado de M\u00e9xico, a trav\u00e9s de su Coordinaci\u00f3n de Protecci\u00f3n Civil, ha realizado un total de 321 atenciones a emergencias [&hellip;]<\/p>\n","protected":false},"author":6,"featured_media":53623,"comment_status":"closed","ping_status":"closed","sticky":false,"template":"","format":"standard","meta":{"footnotes":""},"categories":[2],"tags":[],"class_list":["post-53622","post","type-post","status-publish","format-standard","has-post-thumbnail","hentry","category-edomex"],"yoast_head":"<!-- This site is optimized with the Yoast SEO plugin v27.5 - https:\/\/yoast.com\/product\/yoast-seo-wordpress\/ -->\n<title>PROTECCI\u00d3N CIVIL DEL ESTADO DE M\u00c9XICO: UN ESCUDO ANTE EMERGENCIAS EN 2026 -<\/title>\n<meta name=\"robots\" content=\"index, follow, max-snippet:-1, max-image-preview:large, max-video-preview:-1\" \/>\n<link rel=\"canonical\" href=\"https:\/\/continuamosmx.com\/index.php\/2026\/03\/15\/proteccion-civil-del-estado-de-mexico-un-escudo-ante-emergencias-en-2026\/\" \/>\n<meta property=\"og:locale\" content=\"es_ES\" \/>\n<meta property=\"og:type\" content=\"article\" \/>\n<meta property=\"og:title\" content=\"PROTECCI\u00d3N CIVIL DEL ESTADO DE M\u00c9XICO: UN ESCUDO ANTE EMERGENCIAS EN 2026 -\" \/>\n<meta property=\"og:description\" content=\"M\u00e1s de 320 atenciones a emergencias destacan la labor del Gobierno del Estado de M\u00e9xico en los primeros dos meses del a\u00f1o. Toluca, Estado de M\u00e9xico. En el primer bimestre de 2026, el Gobierno del Estado de M\u00e9xico, a trav\u00e9s de su Coordinaci\u00f3n de Protecci\u00f3n Civil, ha realizado un total de 321 atenciones a emergencias [&hellip;]\" \/>\n<meta property=\"og:url\" content=\"https:\/\/continuamosmx.com\/index.php\/2026\/03\/15\/proteccion-civil-del-estado-de-mexico-un-escudo-ante-emergencias-en-2026\/\" \/>\n<meta property=\"article:published_time\" content=\"2026-03-16T02:08:18+00:00\" \/>\n<meta property=\"og:image\" content=\"https:\/\/continuamosmx.com\/wp-content\/uploads\/2026\/03\/pc-ee.jpg\" \/>\n\t<meta property=\"og:image:width\" content=\"1600\" \/>\n\t<meta property=\"og:image:height\" content=\"1200\" \/>\n\t<meta property=\"og:image:type\" content=\"image\/jpeg\" \/>\n<meta name=\"author\" content=\"Continuamos MX\" \/>\n<meta name=\"twitter:card\" content=\"summary_large_image\" \/>\n<meta name=\"twitter:label1\" content=\"Escrito por\" \/>\n\t<meta name=\"twitter:data1\" content=\"Continuamos MX\" \/>\n\t<meta name=\"twitter:label2\" content=\"Tiempo de lectura\" \/>\n\t<meta name=\"twitter:data2\" content=\"2 minutos\" \/>\n<script type=\"application\/ld+json\" class=\"yoast-schema-graph\">{\"@context\":\"https:\\\/\\\/schema.org\",\"@graph\":[{\"@type\":\"Article\",\"@id\":\"https:\\\/\\\/continuamosmx.com\\\/index.php\\\/2026\\\/03\\\/15\\\/proteccion-civil-del-estado-de-mexico-un-escudo-ante-emergencias-en-2026\\\/#article\",\"isPartOf\":{\"@id\":\"https:\\\/\\\/continuamosmx.com\\\/index.php\\\/2026\\\/03\\\/15\\\/proteccion-civil-del-estado-de-mexico-un-escudo-ante-emergencias-en-2026\\\/\"},\"author\":{\"name\":\"Continuamos MX\",\"@id\":\"https:\\\/\\\/continuamosmx.com\\\/#\\\/schema\\\/person\\\/5eb5356acb1fad784da407d14f0e8d89\"},\"headline\":\"PROTECCI\u00d3N CIVIL DEL ESTADO DE M\u00c9XICO: UN ESCUDO ANTE EMERGENCIAS EN 2026\",\"datePublished\":\"2026-03-16T02:08:18+00:00\",\"mainEntityOfPage\":{\"@id\":\"https:\\\/\\\/continuamosmx.com\\\/index.php\\\/2026\\\/03\\\/15\\\/proteccion-civil-del-estado-de-mexico-un-escudo-ante-emergencias-en-2026\\\/\"},\"wordCount\":353,\"publisher\":{\"@id\":\"https:\\\/\\\/continuamosmx.com\\\/#organization\"},\"image\":{\"@id\":\"https:\\\/\\\/continuamosmx.com\\\/index.php\\\/2026\\\/03\\\/15\\\/proteccion-civil-del-estado-de-mexico-un-escudo-ante-emergencias-en-2026\\\/#primaryimage\"},\"thumbnailUrl\":\"https:\\\/\\\/continuamosmx.com\\\/wp-content\\\/uploads\\\/2026\\\/03\\\/pc-ee.jpg\",\"articleSection\":[\"EDOMEX\"],\"inLanguage\":\"es\"},{\"@type\":\"WebPage\",\"@id\":\"https:\\\/\\\/continuamosmx.com\\\/index.php\\\/2026\\\/03\\\/15\\\/proteccion-civil-del-estado-de-mexico-un-escudo-ante-emergencias-en-2026\\\/\",\"url\":\"https:\\\/\\\/continuamosmx.com\\\/index.php\\\/2026\\\/03\\\/15\\\/proteccion-civil-del-estado-de-mexico-un-escudo-ante-emergencias-en-2026\\\/\",\"name\":\"PROTECCI\u00d3N CIVIL DEL ESTADO DE M\u00c9XICO: UN ESCUDO ANTE EMERGENCIAS EN 2026 -\",\"isPartOf\":{\"@id\":\"https:\\\/\\\/continuamosmx.com\\\/#website\"},\"primaryImageOfPage\":{\"@id\":\"https:\\\/\\\/continuamosmx.com\\\/index.php\\\/2026\\\/03\\\/15\\\/proteccion-civil-del-estado-de-mexico-un-escudo-ante-emergencias-en-2026\\\/#primaryimage\"},\"image\":{\"@id\":\"https:\\\/\\\/continuamosmx.com\\\/index.php\\\/2026\\\/03\\\/15\\\/proteccion-civil-del-estado-de-mexico-un-escudo-ante-emergencias-en-2026\\\/#primaryimage\"},\"thumbnailUrl\":\"https:\\\/\\\/continuamosmx.com\\\/wp-content\\\/uploads\\\/2026\\\/03\\\/pc-ee.jpg\",\"datePublished\":\"2026-03-16T02:08:18+00:00\",\"breadcrumb\":{\"@id\":\"https:\\\/\\\/continuamosmx.com\\\/index.php\\\/2026\\\/03\\\/15\\\/proteccion-civil-del-estado-de-mexico-un-escudo-ante-emergencias-en-2026\\\/#breadcrumb\"},\"inLanguage\":\"es\",\"potentialAction\":[{\"@type\":\"ReadAction\",\"target\":[\"https:\\\/\\\/continuamosmx.com\\\/index.php\\\/2026\\\/03\\\/15\\\/proteccion-civil-del-estado-de-mexico-un-escudo-ante-emergencias-en-2026\\\/\"]}]},{\"@type\":\"ImageObject\",\"inLanguage\":\"es\",\"@id\":\"https:\\\/\\\/continuamosmx.com\\\/index.php\\\/2026\\\/03\\\/15\\\/proteccion-civil-del-estado-de-mexico-un-escudo-ante-emergencias-en-2026\\\/#primaryimage\",\"url\":\"https:\\\/\\\/continuamosmx.com\\\/wp-content\\\/uploads\\\/2026\\\/03\\\/pc-ee.jpg\",\"contentUrl\":\"https:\\\/\\\/continuamosmx.com\\\/wp-content\\\/uploads\\\/2026\\\/03\\\/pc-ee.jpg\",\"width\":1600,\"height\":1200},{\"@type\":\"BreadcrumbList\",\"@id\":\"https:\\\/\\\/continuamosmx.com\\\/index.php\\\/2026\\\/03\\\/15\\\/proteccion-civil-del-estado-de-mexico-un-escudo-ante-emergencias-en-2026\\\/#breadcrumb\",\"itemListElement\":[{\"@type\":\"ListItem\",\"position\":1,\"name\":\"Inicio\",\"item\":\"https:\\\/\\\/continuamosmx.com\\\/\"},{\"@type\":\"ListItem\",\"position\":2,\"name\":\"PROTECCI\u00d3N CIVIL DEL ESTADO DE M\u00c9XICO: UN ESCUDO ANTE EMERGENCIAS EN 2026\"}]},{\"@type\":\"WebSite\",\"@id\":\"https:\\\/\\\/continuamosmx.com\\\/#website\",\"url\":\"https:\\\/\\\/continuamosmx.com\\\/\",\"name\":\"www.continuamosmx.com\",\"description\":\"\",\"publisher\":{\"@id\":\"https:\\\/\\\/continuamosmx.com\\\/#organization\"},\"potentialAction\":[{\"@type\":\"SearchAction\",\"target\":{\"@type\":\"EntryPoint\",\"urlTemplate\":\"https:\\\/\\\/continuamosmx.com\\\/?s={search_term_string}\"},\"query-input\":{\"@type\":\"PropertyValueSpecification\",\"valueRequired\":true,\"valueName\":\"search_term_string\"}}],\"inLanguage\":\"es\"},{\"@type\":\"Organization\",\"@id\":\"https:\\\/\\\/continuamosmx.com\\\/#organization\",\"name\":\"ContinuamosMX\",\"url\":\"https:\\\/\\\/continuamosmx.com\\\/\",\"logo\":{\"@type\":\"ImageObject\",\"inLanguage\":\"es\",\"@id\":\"https:\\\/\\\/continuamosmx.com\\\/#\\\/schema\\\/logo\\\/image\\\/\",\"url\":\"https:\\\/\\\/continuamosmx.com\\\/wp-content\\\/uploads\\\/2023\\\/04\\\/cropped-LOGO-CONTI-NUEVO.png\",\"contentUrl\":\"https:\\\/\\\/continuamosmx.com\\\/wp-content\\\/uploads\\\/2023\\\/04\\\/cropped-LOGO-CONTI-NUEVO.png\",\"width\":1257,\"height\":430,\"caption\":\"ContinuamosMX\"},\"image\":{\"@id\":\"https:\\\/\\\/continuamosmx.com\\\/#\\\/schema\\\/logo\\\/image\\\/\"}},{\"@type\":\"Person\",\"@id\":\"https:\\\/\\\/continuamosmx.com\\\/#\\\/schema\\\/person\\\/5eb5356acb1fad784da407d14f0e8d89\",\"name\":\"Continuamos MX\",\"image\":{\"@type\":\"ImageObject\",\"inLanguage\":\"es\",\"@id\":\"https:\\\/\\\/secure.gravatar.com\\\/avatar\\\/30d4f9723476a15f4da34d35fb3501f08d2357016c76051c6a85c354c7489589?s=96&d=mm&r=g\",\"url\":\"https:\\\/\\\/secure.gravatar.com\\\/avatar\\\/30d4f9723476a15f4da34d35fb3501f08d2357016c76051c6a85c354c7489589?s=96&d=mm&r=g\",\"contentUrl\":\"https:\\\/\\\/secure.gravatar.com\\\/avatar\\\/30d4f9723476a15f4da34d35fb3501f08d2357016c76051c6a85c354c7489589?s=96&d=mm&r=g\",\"caption\":\"Continuamos MX\"},\"sameAs\":[\"http:\\\/\\\/www.continuamos.mx\"],\"url\":\"https:\\\/\\\/continuamosmx.com\\\/index.php\\\/author\\\/continuamos\\\/\"}]}<\/script>\n<!-- \/ Yoast SEO plugin. -->","yoast_head_json":{"title":"PROTECCI\u00d3N CIVIL DEL ESTADO DE M\u00c9XICO: UN ESCUDO ANTE EMERGENCIAS EN 2026 -","robots":{"index":"index","follow":"follow","max-snippet":"max-snippet:-1","max-image-preview":"max-image-preview:large","max-video-preview":"max-video-preview:-1"},"canonical":"https:\/\/continuamosmx.com\/index.php\/2026\/03\/15\/proteccion-civil-del-estado-de-mexico-un-escudo-ante-emergencias-en-2026\/","og_locale":"es_ES","og_type":"article","og_title":"PROTECCI\u00d3N CIVIL DEL ESTADO DE M\u00c9XICO: UN ESCUDO ANTE EMERGENCIAS EN 2026 -","og_description":"M\u00e1s de 320 atenciones a emergencias destacan la labor del Gobierno del Estado de M\u00e9xico en los primeros dos meses del a\u00f1o. Toluca, Estado de M\u00e9xico. En el primer bimestre de 2026, el Gobierno del Estado de M\u00e9xico, a trav\u00e9s de su Coordinaci\u00f3n de Protecci\u00f3n Civil, ha realizado un total de 321 atenciones a emergencias [&hellip;]","og_url":"https:\/\/continuamosmx.com\/index.php\/2026\/03\/15\/proteccion-civil-del-estado-de-mexico-un-escudo-ante-emergencias-en-2026\/","article_published_time":"2026-03-16T02:08:18+00:00","og_image":[{"width":1600,"height":1200,"url":"https:\/\/continuamosmx.com\/wp-content\/uploads\/2026\/03\/pc-ee.jpg","type":"image\/jpeg"}],"author":"Continuamos MX","twitter_card":"summary_large_image","twitter_misc":{"Escrito por":"Continuamos MX","Tiempo de lectura":"2 minutos"},"schema":{"@context":"https:\/\/schema.org","@graph":[{"@type":"Article","@id":"https:\/\/continuamosmx.com\/index.php\/2026\/03\/15\/proteccion-civil-del-estado-de-mexico-un-escudo-ante-emergencias-en-2026\/#article","isPartOf":{"@id":"https:\/\/continuamosmx.com\/index.php\/2026\/03\/15\/proteccion-civil-del-estado-de-mexico-un-escudo-ante-emergencias-en-2026\/"},"author":{"name":"Continuamos MX","@id":"https:\/\/continuamosmx.com\/#\/schema\/person\/5eb5356acb1fad784da407d14f0e8d89"},"headline":"PROTECCI\u00d3N CIVIL DEL ESTADO DE M\u00c9XICO: UN ESCUDO ANTE EMERGENCIAS EN 2026","datePublished":"2026-03-16T02:08:18+00:00","mainEntityOfPage":{"@id":"https:\/\/continuamosmx.com\/index.php\/2026\/03\/15\/proteccion-civil-del-estado-de-mexico-un-escudo-ante-emergencias-en-2026\/"},"wordCount":353,"publisher":{"@id":"https:\/\/continuamosmx.com\/#organization"},"image":{"@id":"https:\/\/continuamosmx.com\/index.php\/2026\/03\/15\/proteccion-civil-del-estado-de-mexico-un-escudo-ante-emergencias-en-2026\/#primaryimage"},"thumbnailUrl":"https:\/\/continuamosmx.com\/wp-content\/uploads\/2026\/03\/pc-ee.jpg","articleSection":["EDOMEX"],"inLanguage":"es"},{"@type":"WebPage","@id":"https:\/\/continuamosmx.com\/index.php\/2026\/03\/15\/proteccion-civil-del-estado-de-mexico-un-escudo-ante-emergencias-en-2026\/","url":"https:\/\/continuamosmx.com\/index.php\/2026\/03\/15\/proteccion-civil-del-estado-de-mexico-un-escudo-ante-emergencias-en-2026\/","name":"PROTECCI\u00d3N CIVIL DEL ESTADO DE M\u00c9XICO: UN ESCUDO ANTE EMERGENCIAS EN 2026 -","isPartOf":{"@id":"https:\/\/continuamosmx.com\/#website"},"primaryImageOfPage":{"@id":"https:\/\/continuamosmx.com\/index.php\/2026\/03\/15\/proteccion-civil-del-estado-de-mexico-un-escudo-ante-emergencias-en-2026\/#primaryimage"},"image":{"@id":"https:\/\/continuamosmx.com\/index.php\/2026\/03\/15\/proteccion-civil-del-estado-de-mexico-un-escudo-ante-emergencias-en-2026\/#primaryimage"},"thumbnailUrl":"https:\/\/continuamosmx.com\/wp-content\/uploads\/2026\/03\/pc-ee.jpg","datePublished":"2026-03-16T02:08:18+00:00","breadcrumb":{"@id":"https:\/\/continuamosmx.com\/index.php\/2026\/03\/15\/proteccion-civil-del-estado-de-mexico-un-escudo-ante-emergencias-en-2026\/#breadcrumb"},"inLanguage":"es","potentialAction":[{"@type":"ReadAction","target":["https:\/\/continuamosmx.com\/index.php\/2026\/03\/15\/proteccion-civil-del-estado-de-mexico-un-escudo-ante-emergencias-en-2026\/"]}]},{"@type":"ImageObject","inLanguage":"es","@id":"https:\/\/continuamosmx.com\/index.php\/2026\/03\/15\/proteccion-civil-del-estado-de-mexico-un-escudo-ante-emergencias-en-2026\/#primaryimage","url":"https:\/\/continuamosmx.com\/wp-content\/uploads\/2026\/03\/pc-ee.jpg","contentUrl":"https:\/\/continuamosmx.com\/wp-content\/uploads\/2026\/03\/pc-ee.jpg","width":1600,"height":1200},{"@type":"BreadcrumbList","@id":"https:\/\/continuamosmx.com\/index.php\/2026\/03\/15\/proteccion-civil-del-estado-de-mexico-un-escudo-ante-emergencias-en-2026\/#breadcrumb","itemListElement":[{"@type":"ListItem","position":1,"name":"Inicio","item":"https:\/\/continuamosmx.com\/"},{"@type":"ListItem","position":2,"name":"PROTECCI\u00d3N CIVIL DEL ESTADO DE M\u00c9XICO: UN ESCUDO ANTE EMERGENCIAS EN 2026"}]},{"@type":"WebSite","@id":"https:\/\/continuamosmx.com\/#website","url":"https:\/\/continuamosmx.com\/","name":"www.continuamosmx.com","description":"","publisher":{"@id":"https:\/\/continuamosmx.com\/#organization"},"potentialAction":[{"@type":"SearchAction","target":{"@type":"EntryPoint","urlTemplate":"https:\/\/continuamosmx.com\/?s={search_term_string}"},"query-input":{"@type":"PropertyValueSpecification","valueRequired":true,"valueName":"search_term_string"}}],"inLanguage":"es"},{"@type":"Organization","@id":"https:\/\/continuamosmx.com\/#organization","name":"ContinuamosMX","url":"https:\/\/continuamosmx.com\/","logo":{"@type":"ImageObject","inLanguage":"es","@id":"https:\/\/continuamosmx.com\/#\/schema\/logo\/image\/","url":"https:\/\/continuamosmx.com\/wp-content\/uploads\/2023\/04\/cropped-LOGO-CONTI-NUEVO.png","contentUrl":"https:\/\/continuamosmx.com\/wp-content\/uploads\/2023\/04\/cropped-LOGO-CONTI-NUEVO.png","width":1257,"height":430,"caption":"ContinuamosMX"},"image":{"@id":"https:\/\/continuamosmx.com\/#\/schema\/logo\/image\/"}},{"@type":"Person","@id":"https:\/\/continuamosmx.com\/#\/schema\/person\/5eb5356acb1fad784da407d14f0e8d89","name":"Continuamos MX","image":{"@type":"ImageObject","inLanguage":"es","@id":"https:\/\/secure.gravatar.com\/avatar\/30d4f9723476a15f4da34d35fb3501f08d2357016c76051c6a85c354c7489589?s=96&d=mm&r=g","url":"https:\/\/secure.gravatar.com\/avatar\/30d4f9723476a15f4da34d35fb3501f08d2357016c76051c6a85c354c7489589?s=96&d=mm&r=g","contentUrl":"https:\/\/secure.gravatar.com\/avatar\/30d4f9723476a15f4da34d35fb3501f08d2357016c76051c6a85c354c7489589?s=96&d=mm&r=g","caption":"Continuamos MX"},"sameAs":["http:\/\/www.continuamos.mx"],"url":"https:\/\/continuamosmx.com\/index.php\/author\/continuamos\/"}]}},"_links":{"self":[{"href":"https:\/\/continuamosmx.com\/index.php\/wp-json\/wp\/v2\/posts\/53622","targetHints":{"allow":["GET"]}}],"collection":[{"href":"https:\/\/continuamosmx.com\/index.php\/wp-json\/wp\/v2\/posts"}],"about":[{"href":"https:\/\/continuamosmx.com\/index.php\/wp-json\/wp\/v2\/types\/post"}],"author":[{"embeddable":true,"href":"https:\/\/continuamosmx.com\/index.php\/wp-json\/wp\/v2\/users\/6"}],"replies":[{"embeddable":true,"href":"https:\/\/continuamosmx.com\/index.php\/wp-json\/wp\/v2\/comments?post=53622"}],"version-history":[{"count":1,"href":"https:\/\/continuamosmx.com\/index.php\/wp-json\/wp\/v2\/posts\/53622\/revisions"}],"predecessor-version":[{"id":53624,"href":"https:\/\/continuamosmx.com\/index.php\/wp-json\/wp\/v2\/posts\/53622\/revisions\/53624"}],"wp:featuredmedia":[{"embeddable":true,"href":"https:\/\/continuamosmx.com\/index.php\/wp-json\/wp\/v2\/media\/53623"}],"wp:attachment":[{"href":"https:\/\/continuamosmx.com\/index.php\/wp-json\/wp\/v2\/media?parent=53622"}],"wp:term":[{"taxonomy":"category","embeddable":true,"href":"https:\/\/continuamosmx.com\/index.php\/wp-json\/wp\/v2\/categories?post=53622"},{"taxonomy":"post_tag","embeddable":true,"href":"https:\/\/continuamosmx.com\/index.php\/wp-json\/wp\/v2\/tags?post=53622"}],"curies":[{"name":"wp","href":"https:\/\/api.w.org\/{rel}","templated":true}]}}