{"id":53612,"date":"2026-03-14T12:34:59","date_gmt":"2026-03-14T18:34:59","guid":{"rendered":"https:\/\/continuamosmx.com\/?p=53612"},"modified":"2026-03-14T12:34:59","modified_gmt":"2026-03-14T18:34:59","slug":"pedro-rodriguez-arranca-la-transformacion-del-parque-de-los-ciervos-busca-convertirlo-en-referente-ecologico-nacional","status":"publish","type":"post","link":"https:\/\/continuamosmx.com\/index.php\/2026\/03\/14\/pedro-rodriguez-arranca-la-transformacion-del-parque-de-los-ciervos-busca-convertirlo-en-referente-ecologico-nacional\/","title":{"rendered":"PEDRO RODR\u00cdGUEZ ARRANCA LA TRANSFORMACI\u00d3N DEL PARQUE DE LOS CIERVOS; BUSCA CONVERTIRLO EN REFERENTE ECOL\u00d3GICO NACIONAL"},"content":{"rendered":"\n<p>El presidente municipal Pedro Rodr\u00edguez Villegas present\u00f3 la primera etapa del proyecto de mejoramiento del Parque de los Ciervos, uno de los espacios naturales m\u00e1s emblem\u00e1ticos de Atizap\u00e1n de Zaragoza, con el objetivo de convertirlo en un parque sustentable de referencia a nivel nacional.<\/p>\n\n\n\n<p>El proyecto forma parte de la estrategia \u201cAtizap\u00e1n Verde\u201d, una pol\u00edtica p\u00fablica orientada a fortalecer la infraestructura ecol\u00f3gica del municipio y ampliar los espacios de convivencia familiar y recreaci\u00f3n.<\/p>\n\n\n\n<p>Durante la presentaci\u00f3n, el alcalde record\u00f3 que el parque lleg\u00f3 a encontrarse en condiciones de abandono, por lo que su administraci\u00f3n busca rescatarlo y transformarlo en un espacio moderno y funcional para la ciudadan\u00eda.<\/p>\n\n\n\n<p>\u201cMi visi\u00f3n es rehabilitarlo y dejarlo como las y los atizapenses merecen, que se convierta en un referente no nada m\u00e1s de nuestro municipio sino a nivel nacional\u201d, se\u00f1al\u00f3.<\/p>\n\n\n\n<p>La primera etapa del proyecto estar\u00e1 a cargo del reconocido arquitecto paisajista Mario Schjetnan y contempla la pacificaci\u00f3n vial de una calle cercana, la cual dejar\u00e1 de operar para veh\u00edculos y ser\u00e1 convertida en un parque lineal.<\/p>\n\n\n\n<p>Entre las obras proyectadas se incluyen:<\/p>\n\n\n\n<p>\ud83c\udf33 Reforestaci\u00f3n con especies nativas y end\u00e9micas<\/p>\n\n\n\n<p>\ud83c\udfc3 Trotapista y ciclopista<\/p>\n\n\n\n<p>\ud83d\udeb6 Andadores peatonales<\/p>\n\n\n\n<p>\ud83c\udf3f Dise\u00f1o de comunidades vegetales para aumentar la masa forestal<\/p>\n\n\n\n<p>Adem\u00e1s, el proyecto buscar\u00e1 obtener la certificaci\u00f3n internacional Green Flag Award, reconocimiento que distingue a parques con altos est\u00e1ndares de calidad ambiental y gesti\u00f3n.<\/p>\n\n\n\n<p>Durante el evento tambi\u00e9n participaron la presidenta del DIF municipal Paty Ar\u00e9valo y el director de Ordenamiento Territorial y Desarrollo Urbano Jos\u00e9 Ram\u00f3n Jarqu\u00edn, quien explic\u00f3 que el proyecto tambi\u00e9n forma parte de una estrategia de infraestructura verde para la gesti\u00f3n del agua.<\/p>\n\n\n\n<p>De acuerdo con el funcionario, la rehabilitaci\u00f3n del parque permitir\u00e1 captar parte del agua de la microcuenca San Javier, contribuyendo a reducir riesgos de inundaci\u00f3n en zonas como Las Arboledas, Atizap\u00e1n Centro, Club de Golf La Hacienda y San Juan Bosco. Con esta intervenci\u00f3n, el gobierno municipal busca no solo recuperar un espacio p\u00fablico emblem\u00e1tico, sino tambi\u00e9n impulsar un modelo de parque sustentable que contribuya al equilibrio ambiental y a la calidad de vida de la pob<\/p>\n","protected":false},"excerpt":{"rendered":"<p>El presidente municipal Pedro Rodr\u00edguez Villegas present\u00f3 la primera etapa del proyecto de mejoramiento del Parque de los Ciervos, uno de los espacios naturales m\u00e1s emblem\u00e1ticos de Atizap\u00e1n de Zaragoza, con el objetivo de convertirlo en un parque sustentable de referencia a nivel nacional. El proyecto forma parte de la estrategia \u201cAtizap\u00e1n Verde\u201d, una pol\u00edtica [&hellip;]<\/p>\n","protected":false},"author":6,"featured_media":53613,"comment_status":"closed","ping_status":"closed","sticky":false,"template":"","format":"standard","meta":{"footnotes":""},"categories":[20,4],"tags":[],"class_list":["post-53612","post","type-post","status-publish","format-standard","has-post-thumbnail","hentry","category-atizapan-de-zaragoza","category-locales"],"yoast_head":"<!-- This site is optimized with the Yoast SEO plugin v27.5 - https:\/\/yoast.com\/product\/yoast-seo-wordpress\/ -->\n<title>PEDRO RODR\u00cdGUEZ ARRANCA LA TRANSFORMACI\u00d3N DEL PARQUE DE LOS CIERVOS; BUSCA CONVERTIRLO EN REFERENTE ECOL\u00d3GICO NACIONAL -<\/title>\n<meta name=\"robots\" content=\"index, follow, max-snippet:-1, max-image-preview:large, max-video-preview:-1\" \/>\n<link rel=\"canonical\" href=\"https:\/\/continuamosmx.com\/index.php\/2026\/03\/14\/pedro-rodriguez-arranca-la-transformacion-del-parque-de-los-ciervos-busca-convertirlo-en-referente-ecologico-nacional\/\" \/>\n<meta property=\"og:locale\" content=\"es_ES\" \/>\n<meta property=\"og:type\" content=\"article\" \/>\n<meta property=\"og:title\" content=\"PEDRO RODR\u00cdGUEZ ARRANCA LA TRANSFORMACI\u00d3N DEL PARQUE DE LOS CIERVOS; BUSCA CONVERTIRLO EN REFERENTE ECOL\u00d3GICO NACIONAL -\" \/>\n<meta property=\"og:description\" content=\"El presidente municipal Pedro Rodr\u00edguez Villegas present\u00f3 la primera etapa del proyecto de mejoramiento del Parque de los Ciervos, uno de los espacios naturales m\u00e1s emblem\u00e1ticos de Atizap\u00e1n de Zaragoza, con el objetivo de convertirlo en un parque sustentable de referencia a nivel nacional. El proyecto forma parte de la estrategia \u201cAtizap\u00e1n Verde\u201d, una pol\u00edtica [&hellip;]\" \/>\n<meta property=\"og:url\" content=\"https:\/\/continuamosmx.com\/index.php\/2026\/03\/14\/pedro-rodriguez-arranca-la-transformacion-del-parque-de-los-ciervos-busca-convertirlo-en-referente-ecologico-nacional\/\" \/>\n<meta property=\"article:published_time\" content=\"2026-03-14T18:34:59+00:00\" \/>\n<meta property=\"og:image\" content=\"https:\/\/continuamosmx.com\/wp-content\/uploads\/2026\/03\/parque.jpg\" \/>\n\t<meta property=\"og:image:width\" content=\"1080\" \/>\n\t<meta property=\"og:image:height\" content=\"680\" \/>\n\t<meta property=\"og:image:type\" content=\"image\/jpeg\" \/>\n<meta name=\"author\" content=\"Continuamos MX\" \/>\n<meta name=\"twitter:card\" content=\"summary_large_image\" \/>\n<meta name=\"twitter:label1\" content=\"Escrito por\" \/>\n\t<meta name=\"twitter:data1\" content=\"Continuamos MX\" \/>\n\t<meta name=\"twitter:label2\" content=\"Tiempo de lectura\" \/>\n\t<meta name=\"twitter:data2\" content=\"2 minutos\" \/>\n<script type=\"application\/ld+json\" class=\"yoast-schema-graph\">{\"@context\":\"https:\\\/\\\/schema.org\",\"@graph\":[{\"@type\":\"Article\",\"@id\":\"https:\\\/\\\/continuamosmx.com\\\/index.php\\\/2026\\\/03\\\/14\\\/pedro-rodriguez-arranca-la-transformacion-del-parque-de-los-ciervos-busca-convertirlo-en-referente-ecologico-nacional\\\/#article\",\"isPartOf\":{\"@id\":\"https:\\\/\\\/continuamosmx.com\\\/index.php\\\/2026\\\/03\\\/14\\\/pedro-rodriguez-arranca-la-transformacion-del-parque-de-los-ciervos-busca-convertirlo-en-referente-ecologico-nacional\\\/\"},\"author\":{\"name\":\"Continuamos MX\",\"@id\":\"https:\\\/\\\/continuamosmx.com\\\/#\\\/schema\\\/person\\\/5eb5356acb1fad784da407d14f0e8d89\"},\"headline\":\"PEDRO RODR\u00cdGUEZ ARRANCA LA TRANSFORMACI\u00d3N DEL PARQUE DE LOS CIERVOS; BUSCA CONVERTIRLO EN REFERENTE ECOL\u00d3GICO NACIONAL\",\"datePublished\":\"2026-03-14T18:34:59+00:00\",\"mainEntityOfPage\":{\"@id\":\"https:\\\/\\\/continuamosmx.com\\\/index.php\\\/2026\\\/03\\\/14\\\/pedro-rodriguez-arranca-la-transformacion-del-parque-de-los-ciervos-busca-convertirlo-en-referente-ecologico-nacional\\\/\"},\"wordCount\":399,\"publisher\":{\"@id\":\"https:\\\/\\\/continuamosmx.com\\\/#organization\"},\"image\":{\"@id\":\"https:\\\/\\\/continuamosmx.com\\\/index.php\\\/2026\\\/03\\\/14\\\/pedro-rodriguez-arranca-la-transformacion-del-parque-de-los-ciervos-busca-convertirlo-en-referente-ecologico-nacional\\\/#primaryimage\"},\"thumbnailUrl\":\"https:\\\/\\\/continuamosmx.com\\\/wp-content\\\/uploads\\\/2026\\\/03\\\/parque.jpg\",\"articleSection\":[\"ATIZAPAN DE ZARAGOZA\",\"LOCALES\"],\"inLanguage\":\"es\"},{\"@type\":\"WebPage\",\"@id\":\"https:\\\/\\\/continuamosmx.com\\\/index.php\\\/2026\\\/03\\\/14\\\/pedro-rodriguez-arranca-la-transformacion-del-parque-de-los-ciervos-busca-convertirlo-en-referente-ecologico-nacional\\\/\",\"url\":\"https:\\\/\\\/continuamosmx.com\\\/index.php\\\/2026\\\/03\\\/14\\\/pedro-rodriguez-arranca-la-transformacion-del-parque-de-los-ciervos-busca-convertirlo-en-referente-ecologico-nacional\\\/\",\"name\":\"PEDRO RODR\u00cdGUEZ ARRANCA LA TRANSFORMACI\u00d3N DEL PARQUE DE LOS CIERVOS; BUSCA CONVERTIRLO EN REFERENTE ECOL\u00d3GICO NACIONAL -\",\"isPartOf\":{\"@id\":\"https:\\\/\\\/continuamosmx.com\\\/#website\"},\"primaryImageOfPage\":{\"@id\":\"https:\\\/\\\/continuamosmx.com\\\/index.php\\\/2026\\\/03\\\/14\\\/pedro-rodriguez-arranca-la-transformacion-del-parque-de-los-ciervos-busca-convertirlo-en-referente-ecologico-nacional\\\/#primaryimage\"},\"image\":{\"@id\":\"https:\\\/\\\/continuamosmx.com\\\/index.php\\\/2026\\\/03\\\/14\\\/pedro-rodriguez-arranca-la-transformacion-del-parque-de-los-ciervos-busca-convertirlo-en-referente-ecologico-nacional\\\/#primaryimage\"},\"thumbnailUrl\":\"https:\\\/\\\/continuamosmx.com\\\/wp-content\\\/uploads\\\/2026\\\/03\\\/parque.jpg\",\"datePublished\":\"2026-03-14T18:34:59+00:00\",\"breadcrumb\":{\"@id\":\"https:\\\/\\\/continuamosmx.com\\\/index.php\\\/2026\\\/03\\\/14\\\/pedro-rodriguez-arranca-la-transformacion-del-parque-de-los-ciervos-busca-convertirlo-en-referente-ecologico-nacional\\\/#breadcrumb\"},\"inLanguage\":\"es\",\"potentialAction\":[{\"@type\":\"ReadAction\",\"target\":[\"https:\\\/\\\/continuamosmx.com\\\/index.php\\\/2026\\\/03\\\/14\\\/pedro-rodriguez-arranca-la-transformacion-del-parque-de-los-ciervos-busca-convertirlo-en-referente-ecologico-nacional\\\/\"]}]},{\"@type\":\"ImageObject\",\"inLanguage\":\"es\",\"@id\":\"https:\\\/\\\/continuamosmx.com\\\/index.php\\\/2026\\\/03\\\/14\\\/pedro-rodriguez-arranca-la-transformacion-del-parque-de-los-ciervos-busca-convertirlo-en-referente-ecologico-nacional\\\/#primaryimage\",\"url\":\"https:\\\/\\\/continuamosmx.com\\\/wp-content\\\/uploads\\\/2026\\\/03\\\/parque.jpg\",\"contentUrl\":\"https:\\\/\\\/continuamosmx.com\\\/wp-content\\\/uploads\\\/2026\\\/03\\\/parque.jpg\",\"width\":1080,\"height\":680},{\"@type\":\"BreadcrumbList\",\"@id\":\"https:\\\/\\\/continuamosmx.com\\\/index.php\\\/2026\\\/03\\\/14\\\/pedro-rodriguez-arranca-la-transformacion-del-parque-de-los-ciervos-busca-convertirlo-en-referente-ecologico-nacional\\\/#breadcrumb\",\"itemListElement\":[{\"@type\":\"ListItem\",\"position\":1,\"name\":\"Inicio\",\"item\":\"https:\\\/\\\/continuamosmx.com\\\/\"},{\"@type\":\"ListItem\",\"position\":2,\"name\":\"PEDRO RODR\u00cdGUEZ ARRANCA LA TRANSFORMACI\u00d3N DEL PARQUE DE LOS CIERVOS; BUSCA CONVERTIRLO EN REFERENTE ECOL\u00d3GICO NACIONAL\"}]},{\"@type\":\"WebSite\",\"@id\":\"https:\\\/\\\/continuamosmx.com\\\/#website\",\"url\":\"https:\\\/\\\/continuamosmx.com\\\/\",\"name\":\"www.continuamosmx.com\",\"description\":\"\",\"publisher\":{\"@id\":\"https:\\\/\\\/continuamosmx.com\\\/#organization\"},\"potentialAction\":[{\"@type\":\"SearchAction\",\"target\":{\"@type\":\"EntryPoint\",\"urlTemplate\":\"https:\\\/\\\/continuamosmx.com\\\/?s={search_term_string}\"},\"query-input\":{\"@type\":\"PropertyValueSpecification\",\"valueRequired\":true,\"valueName\":\"search_term_string\"}}],\"inLanguage\":\"es\"},{\"@type\":\"Organization\",\"@id\":\"https:\\\/\\\/continuamosmx.com\\\/#organization\",\"name\":\"ContinuamosMX\",\"url\":\"https:\\\/\\\/continuamosmx.com\\\/\",\"logo\":{\"@type\":\"ImageObject\",\"inLanguage\":\"es\",\"@id\":\"https:\\\/\\\/continuamosmx.com\\\/#\\\/schema\\\/logo\\\/image\\\/\",\"url\":\"https:\\\/\\\/continuamosmx.com\\\/wp-content\\\/uploads\\\/2023\\\/04\\\/cropped-LOGO-CONTI-NUEVO.png\",\"contentUrl\":\"https:\\\/\\\/continuamosmx.com\\\/wp-content\\\/uploads\\\/2023\\\/04\\\/cropped-LOGO-CONTI-NUEVO.png\",\"width\":1257,\"height\":430,\"caption\":\"ContinuamosMX\"},\"image\":{\"@id\":\"https:\\\/\\\/continuamosmx.com\\\/#\\\/schema\\\/logo\\\/image\\\/\"}},{\"@type\":\"Person\",\"@id\":\"https:\\\/\\\/continuamosmx.com\\\/#\\\/schema\\\/person\\\/5eb5356acb1fad784da407d14f0e8d89\",\"name\":\"Continuamos MX\",\"image\":{\"@type\":\"ImageObject\",\"inLanguage\":\"es\",\"@id\":\"https:\\\/\\\/secure.gravatar.com\\\/avatar\\\/30d4f9723476a15f4da34d35fb3501f08d2357016c76051c6a85c354c7489589?s=96&d=mm&r=g\",\"url\":\"https:\\\/\\\/secure.gravatar.com\\\/avatar\\\/30d4f9723476a15f4da34d35fb3501f08d2357016c76051c6a85c354c7489589?s=96&d=mm&r=g\",\"contentUrl\":\"https:\\\/\\\/secure.gravatar.com\\\/avatar\\\/30d4f9723476a15f4da34d35fb3501f08d2357016c76051c6a85c354c7489589?s=96&d=mm&r=g\",\"caption\":\"Continuamos MX\"},\"sameAs\":[\"http:\\\/\\\/www.continuamos.mx\"],\"url\":\"https:\\\/\\\/continuamosmx.com\\\/index.php\\\/author\\\/continuamos\\\/\"}]}<\/script>\n<!-- \/ Yoast SEO plugin. -->","yoast_head_json":{"title":"PEDRO RODR\u00cdGUEZ ARRANCA LA TRANSFORMACI\u00d3N DEL PARQUE DE LOS CIERVOS; BUSCA CONVERTIRLO EN REFERENTE ECOL\u00d3GICO NACIONAL -","robots":{"index":"index","follow":"follow","max-snippet":"max-snippet:-1","max-image-preview":"max-image-preview:large","max-video-preview":"max-video-preview:-1"},"canonical":"https:\/\/continuamosmx.com\/index.php\/2026\/03\/14\/pedro-rodriguez-arranca-la-transformacion-del-parque-de-los-ciervos-busca-convertirlo-en-referente-ecologico-nacional\/","og_locale":"es_ES","og_type":"article","og_title":"PEDRO RODR\u00cdGUEZ ARRANCA LA TRANSFORMACI\u00d3N DEL PARQUE DE LOS CIERVOS; BUSCA CONVERTIRLO EN REFERENTE ECOL\u00d3GICO NACIONAL -","og_description":"El presidente municipal Pedro Rodr\u00edguez Villegas present\u00f3 la primera etapa del proyecto de mejoramiento del Parque de los Ciervos, uno de los espacios naturales m\u00e1s emblem\u00e1ticos de Atizap\u00e1n de Zaragoza, con el objetivo de convertirlo en un parque sustentable de referencia a nivel nacional. El proyecto forma parte de la estrategia \u201cAtizap\u00e1n Verde\u201d, una pol\u00edtica [&hellip;]","og_url":"https:\/\/continuamosmx.com\/index.php\/2026\/03\/14\/pedro-rodriguez-arranca-la-transformacion-del-parque-de-los-ciervos-busca-convertirlo-en-referente-ecologico-nacional\/","article_published_time":"2026-03-14T18:34:59+00:00","og_image":[{"width":1080,"height":680,"url":"https:\/\/continuamosmx.com\/wp-content\/uploads\/2026\/03\/parque.jpg","type":"image\/jpeg"}],"author":"Continuamos MX","twitter_card":"summary_large_image","twitter_misc":{"Escrito por":"Continuamos MX","Tiempo de lectura":"2 minutos"},"schema":{"@context":"https:\/\/schema.org","@graph":[{"@type":"Article","@id":"https:\/\/continuamosmx.com\/index.php\/2026\/03\/14\/pedro-rodriguez-arranca-la-transformacion-del-parque-de-los-ciervos-busca-convertirlo-en-referente-ecologico-nacional\/#article","isPartOf":{"@id":"https:\/\/continuamosmx.com\/index.php\/2026\/03\/14\/pedro-rodriguez-arranca-la-transformacion-del-parque-de-los-ciervos-busca-convertirlo-en-referente-ecologico-nacional\/"},"author":{"name":"Continuamos MX","@id":"https:\/\/continuamosmx.com\/#\/schema\/person\/5eb5356acb1fad784da407d14f0e8d89"},"headline":"PEDRO RODR\u00cdGUEZ ARRANCA LA TRANSFORMACI\u00d3N DEL PARQUE DE LOS CIERVOS; BUSCA CONVERTIRLO EN REFERENTE ECOL\u00d3GICO NACIONAL","datePublished":"2026-03-14T18:34:59+00:00","mainEntityOfPage":{"@id":"https:\/\/continuamosmx.com\/index.php\/2026\/03\/14\/pedro-rodriguez-arranca-la-transformacion-del-parque-de-los-ciervos-busca-convertirlo-en-referente-ecologico-nacional\/"},"wordCount":399,"publisher":{"@id":"https:\/\/continuamosmx.com\/#organization"},"image":{"@id":"https:\/\/continuamosmx.com\/index.php\/2026\/03\/14\/pedro-rodriguez-arranca-la-transformacion-del-parque-de-los-ciervos-busca-convertirlo-en-referente-ecologico-nacional\/#primaryimage"},"thumbnailUrl":"https:\/\/continuamosmx.com\/wp-content\/uploads\/2026\/03\/parque.jpg","articleSection":["ATIZAPAN DE ZARAGOZA","LOCALES"],"inLanguage":"es"},{"@type":"WebPage","@id":"https:\/\/continuamosmx.com\/index.php\/2026\/03\/14\/pedro-rodriguez-arranca-la-transformacion-del-parque-de-los-ciervos-busca-convertirlo-en-referente-ecologico-nacional\/","url":"https:\/\/continuamosmx.com\/index.php\/2026\/03\/14\/pedro-rodriguez-arranca-la-transformacion-del-parque-de-los-ciervos-busca-convertirlo-en-referente-ecologico-nacional\/","name":"PEDRO RODR\u00cdGUEZ ARRANCA LA TRANSFORMACI\u00d3N DEL PARQUE DE LOS CIERVOS; BUSCA CONVERTIRLO EN REFERENTE ECOL\u00d3GICO NACIONAL -","isPartOf":{"@id":"https:\/\/continuamosmx.com\/#website"},"primaryImageOfPage":{"@id":"https:\/\/continuamosmx.com\/index.php\/2026\/03\/14\/pedro-rodriguez-arranca-la-transformacion-del-parque-de-los-ciervos-busca-convertirlo-en-referente-ecologico-nacional\/#primaryimage"},"image":{"@id":"https:\/\/continuamosmx.com\/index.php\/2026\/03\/14\/pedro-rodriguez-arranca-la-transformacion-del-parque-de-los-ciervos-busca-convertirlo-en-referente-ecologico-nacional\/#primaryimage"},"thumbnailUrl":"https:\/\/continuamosmx.com\/wp-content\/uploads\/2026\/03\/parque.jpg","datePublished":"2026-03-14T18:34:59+00:00","breadcrumb":{"@id":"https:\/\/continuamosmx.com\/index.php\/2026\/03\/14\/pedro-rodriguez-arranca-la-transformacion-del-parque-de-los-ciervos-busca-convertirlo-en-referente-ecologico-nacional\/#breadcrumb"},"inLanguage":"es","potentialAction":[{"@type":"ReadAction","target":["https:\/\/continuamosmx.com\/index.php\/2026\/03\/14\/pedro-rodriguez-arranca-la-transformacion-del-parque-de-los-ciervos-busca-convertirlo-en-referente-ecologico-nacional\/"]}]},{"@type":"ImageObject","inLanguage":"es","@id":"https:\/\/continuamosmx.com\/index.php\/2026\/03\/14\/pedro-rodriguez-arranca-la-transformacion-del-parque-de-los-ciervos-busca-convertirlo-en-referente-ecologico-nacional\/#primaryimage","url":"https:\/\/continuamosmx.com\/wp-content\/uploads\/2026\/03\/parque.jpg","contentUrl":"https:\/\/continuamosmx.com\/wp-content\/uploads\/2026\/03\/parque.jpg","width":1080,"height":680},{"@type":"BreadcrumbList","@id":"https:\/\/continuamosmx.com\/index.php\/2026\/03\/14\/pedro-rodriguez-arranca-la-transformacion-del-parque-de-los-ciervos-busca-convertirlo-en-referente-ecologico-nacional\/#breadcrumb","itemListElement":[{"@type":"ListItem","position":1,"name":"Inicio","item":"https:\/\/continuamosmx.com\/"},{"@type":"ListItem","position":2,"name":"PEDRO RODR\u00cdGUEZ ARRANCA LA TRANSFORMACI\u00d3N DEL PARQUE DE LOS CIERVOS; BUSCA CONVERTIRLO EN REFERENTE ECOL\u00d3GICO NACIONAL"}]},{"@type":"WebSite","@id":"https:\/\/continuamosmx.com\/#website","url":"https:\/\/continuamosmx.com\/","name":"www.continuamosmx.com","description":"","publisher":{"@id":"https:\/\/continuamosmx.com\/#organization"},"potentialAction":[{"@type":"SearchAction","target":{"@type":"EntryPoint","urlTemplate":"https:\/\/continuamosmx.com\/?s={search_term_string}"},"query-input":{"@type":"PropertyValueSpecification","valueRequired":true,"valueName":"search_term_string"}}],"inLanguage":"es"},{"@type":"Organization","@id":"https:\/\/continuamosmx.com\/#organization","name":"ContinuamosMX","url":"https:\/\/continuamosmx.com\/","logo":{"@type":"ImageObject","inLanguage":"es","@id":"https:\/\/continuamosmx.com\/#\/schema\/logo\/image\/","url":"https:\/\/continuamosmx.com\/wp-content\/uploads\/2023\/04\/cropped-LOGO-CONTI-NUEVO.png","contentUrl":"https:\/\/continuamosmx.com\/wp-content\/uploads\/2023\/04\/cropped-LOGO-CONTI-NUEVO.png","width":1257,"height":430,"caption":"ContinuamosMX"},"image":{"@id":"https:\/\/continuamosmx.com\/#\/schema\/logo\/image\/"}},{"@type":"Person","@id":"https:\/\/continuamosmx.com\/#\/schema\/person\/5eb5356acb1fad784da407d14f0e8d89","name":"Continuamos MX","image":{"@type":"ImageObject","inLanguage":"es","@id":"https:\/\/secure.gravatar.com\/avatar\/30d4f9723476a15f4da34d35fb3501f08d2357016c76051c6a85c354c7489589?s=96&d=mm&r=g","url":"https:\/\/secure.gravatar.com\/avatar\/30d4f9723476a15f4da34d35fb3501f08d2357016c76051c6a85c354c7489589?s=96&d=mm&r=g","contentUrl":"https:\/\/secure.gravatar.com\/avatar\/30d4f9723476a15f4da34d35fb3501f08d2357016c76051c6a85c354c7489589?s=96&d=mm&r=g","caption":"Continuamos MX"},"sameAs":["http:\/\/www.continuamos.mx"],"url":"https:\/\/continuamosmx.com\/index.php\/author\/continuamos\/"}]}},"_links":{"self":[{"href":"https:\/\/continuamosmx.com\/index.php\/wp-json\/wp\/v2\/posts\/53612","targetHints":{"allow":["GET"]}}],"collection":[{"href":"https:\/\/continuamosmx.com\/index.php\/wp-json\/wp\/v2\/posts"}],"about":[{"href":"https:\/\/continuamosmx.com\/index.php\/wp-json\/wp\/v2\/types\/post"}],"author":[{"embeddable":true,"href":"https:\/\/continuamosmx.com\/index.php\/wp-json\/wp\/v2\/users\/6"}],"replies":[{"embeddable":true,"href":"https:\/\/continuamosmx.com\/index.php\/wp-json\/wp\/v2\/comments?post=53612"}],"version-history":[{"count":1,"href":"https:\/\/continuamosmx.com\/index.php\/wp-json\/wp\/v2\/posts\/53612\/revisions"}],"predecessor-version":[{"id":53614,"href":"https:\/\/continuamosmx.com\/index.php\/wp-json\/wp\/v2\/posts\/53612\/revisions\/53614"}],"wp:featuredmedia":[{"embeddable":true,"href":"https:\/\/continuamosmx.com\/index.php\/wp-json\/wp\/v2\/media\/53613"}],"wp:attachment":[{"href":"https:\/\/continuamosmx.com\/index.php\/wp-json\/wp\/v2\/media?parent=53612"}],"wp:term":[{"taxonomy":"category","embeddable":true,"href":"https:\/\/continuamosmx.com\/index.php\/wp-json\/wp\/v2\/categories?post=53612"},{"taxonomy":"post_tag","embeddable":true,"href":"https:\/\/continuamosmx.com\/index.php\/wp-json\/wp\/v2\/tags?post=53612"}],"curies":[{"name":"wp","href":"https:\/\/api.w.org\/{rel}","templated":true}]}}