{"id":53600,"date":"2026-03-13T17:50:32","date_gmt":"2026-03-13T23:50:32","guid":{"rendered":"https:\/\/continuamosmx.com\/?p=53600"},"modified":"2026-03-13T19:21:26","modified_gmt":"2026-03-14T01:21:26","slug":"estrategia-hidrica-en-cuautitlan-izcalli-hacia-el-saneamiento-y-aprovechamiento-del-lago-de-guadalupe","status":"publish","type":"post","link":"https:\/\/continuamosmx.com\/index.php\/2026\/03\/13\/estrategia-hidrica-en-cuautitlan-izcalli-hacia-el-saneamiento-y-aprovechamiento-del-lago-de-guadalupe\/","title":{"rendered":"ESTRATEGIA H\u00cdDRICA EN CUAUTITL\u00c1N IZCALLI: HACIA EL SANEAMIENTO Y APROVECHAMIENTO DEL LAGO DE GUADALUPE"},"content":{"rendered":"\n<p>*<strong>El Presidente Municipal, Daniel Serrano Palacios, impulsa la creaci\u00f3n de un colector marginal e infraestructura federal para transformar la regi\u00f3n y garantizar el abasto de agua bajo un nuevo paradigma ambiental.<\/strong><\/p>\n\n\n\n<p><strong>CUAUTITL\u00c1N IZCALLI, ESTADO DE M\u00c9XICO.<\/strong> En una conferencia informativa realizada desde el Lago de Guadalupe, el Alcalde Daniel Serrano Palacios present\u00f3 los avances de los proyectos estrat\u00e9gicos destinados a revertir el deterioro ambiental y cambiar el modelo de gesti\u00f3n del agua en el municipio. La iniciativa se alinea con los proyectos h\u00eddricos prioritarios del Gobierno Federal, transitando de un sistema extractivista hacia uno basado en el almacenamiento, la potabilizaci\u00f3n y la visi\u00f3n de cuenca.<\/p>\n\n\n\n<p>El alcalde subray\u00f3 la importancia de consolidar el <strong>colector marginal de la zona de \u00abLa Piedra\u00bb<\/strong>. Explic\u00f3 que, mediante el consenso con los n\u00facleos ejidales, se busca no solo sanear el cuerpo de agua, sino dotar a la tierra de una vocaci\u00f3n ecotur\u00edstica. Esta medida pretende incentivar a los ejidatarios a preservar su patrimonio frente a la presi\u00f3n inmobiliaria que ha caracterizado a la zona en a\u00f1os recientes.<\/p>\n\n\n\n<h3 class=\"wp-block-heading\">Infraestructura estrat\u00e9gica y soberan\u00eda h\u00eddrica<\/h3>\n\n\n\n<p>Serrano Palacios detall\u00f3 que Cuautitl\u00e1n Izcalli ser\u00e1 sede de una <strong>planta potabilizadora<\/strong> y una de <strong>rebombeo<\/strong>, proyectos ejecutados en coordinaci\u00f3n con Conagua. Esta infraestructura permitir\u00e1 procesar un caudal de entre 2,000 y 3,000 litros por segundo, lo que contribuir\u00e1 a mitigar la escasez de agua en el oriente del Estado de M\u00e9xico y la Ciudad de M\u00e9xico, buscando a su vez que el municipio reciba una dotaci\u00f3n mayor a la establecida hist\u00f3ricamente.<\/p>\n\n\n\n<blockquote class=\"wp-block-quote is-layout-flow wp-block-quote-is-layout-flow\">\n<p>\u00abEstamos ante una ruptura del paradigma neoliberal en materia ambiental. La naturaleza no reconoce l\u00edmites territoriales; por ello, nuestra responsabilidad es preservar la cuenca y utilizar la ciencia para potabilizar el agua que ya tenemos almacenada\u00bb, afirm\u00f3 el mun\u00edcipe.<\/p>\n<\/blockquote>\n\n\n\n<h3 class=\"wp-block-heading\">Combate a la corrupci\u00f3n inmobiliaria<\/h3>\n\n\n\n<p>Durante el recorrido, Daniel Serrano inform\u00f3 sobre acciones legales contra la \u00abpermisividad ecocida\u00bb de administraciones pasadas. Se han detectado al menos ocho desarrollos en la zona de la Riviera con permisos irregulares y se investiga el vertido de mil camiones de cascajo en la presa. Ante esta situaci\u00f3n, el Alcalde anunci\u00f3 que presentar\u00e1 ante el Cabildo un proyecto para cambiar el uso de suelo en el pol\u00edgono del Lago de Guadalupe, prohibiendo definitivamente nuevas unidades econ\u00f3micas de alto impacto.<\/p>\n\n\n\n<p>Finalmente, destac\u00f3 que ahora el gobierno municipal cuenta con una Jefatura de Cuerpos de Agua, liderando esfuerzos de limpieza manual y contenci\u00f3n de residuos para asegurar que las futuras generaciones hereden un entorno ambientalmente sano.<\/p>\n\n\n\n<h6 class=\"wp-block-heading\">Cuautitl\u00e1nIzcalli #AguaParaTodos #LagoDeGuadalupe #MedioAmbiente #Transformaci\u00f3nH\u00eddrica<\/h6>\n\n\n\n<figure class=\"wp-block-gallery has-nested-images columns-default is-cropped wp-block-gallery-1 is-layout-flex wp-block-gallery-is-layout-flex\">\n<figure class=\"wp-block-image size-large\"><img loading=\"lazy\" decoding=\"async\" width=\"994\" height=\"731\" data-id=\"53602\" src=\"https:\/\/continuamosmx.com\/wp-content\/uploads\/2026\/03\/lago-2.png\" alt=\"\" class=\"wp-image-53602\" srcset=\"https:\/\/continuamosmx.com\/wp-content\/uploads\/2026\/03\/lago-2.png 994w, https:\/\/continuamosmx.com\/wp-content\/uploads\/2026\/03\/lago-2-300x221.png 300w, https:\/\/continuamosmx.com\/wp-content\/uploads\/2026\/03\/lago-2-768x565.png 768w\" sizes=\"auto, (max-width: 994px) 100vw, 994px\" \/><\/figure>\n\n\n\n<figure class=\"wp-block-image size-large\"><img loading=\"lazy\" decoding=\"async\" width=\"1024\" height=\"536\" data-id=\"53603\" src=\"https:\/\/continuamosmx.com\/wp-content\/uploads\/2026\/03\/lago-3-1024x536.png\" alt=\"\" class=\"wp-image-53603\" srcset=\"https:\/\/continuamosmx.com\/wp-content\/uploads\/2026\/03\/lago-3-1024x536.png 1024w, https:\/\/continuamosmx.com\/wp-content\/uploads\/2026\/03\/lago-3-300x157.png 300w, https:\/\/continuamosmx.com\/wp-content\/uploads\/2026\/03\/lago-3-768x402.png 768w, https:\/\/continuamosmx.com\/wp-content\/uploads\/2026\/03\/lago-3.png 1319w\" sizes=\"auto, (max-width: 1024px) 100vw, 1024px\" \/><\/figure>\n<\/figure>\n","protected":false},"excerpt":{"rendered":"<p>*El Presidente Municipal, Daniel Serrano Palacios, impulsa la creaci\u00f3n de un colector marginal e infraestructura federal para transformar la regi\u00f3n y garantizar el abasto de agua bajo un nuevo paradigma ambiental. CUAUTITL\u00c1N IZCALLI, ESTADO DE M\u00c9XICO. En una conferencia informativa realizada desde el Lago de Guadalupe, el Alcalde Daniel Serrano Palacios present\u00f3 los avances de [&hellip;]<\/p>\n","protected":false},"author":6,"featured_media":53601,"comment_status":"closed","ping_status":"closed","sticky":false,"template":"","format":"standard","meta":{"footnotes":""},"categories":[22,4],"tags":[],"class_list":["post-53600","post","type-post","status-publish","format-standard","has-post-thumbnail","hentry","category-c-izcalli","category-locales"],"yoast_head":"<!-- This site is optimized with the Yoast SEO plugin v27.5 - https:\/\/yoast.com\/product\/yoast-seo-wordpress\/ -->\n<title>ESTRATEGIA H\u00cdDRICA EN CUAUTITL\u00c1N IZCALLI: HACIA EL SANEAMIENTO Y APROVECHAMIENTO DEL LAGO DE GUADALUPE -<\/title>\n<meta name=\"robots\" content=\"index, follow, max-snippet:-1, max-image-preview:large, max-video-preview:-1\" \/>\n<link rel=\"canonical\" href=\"https:\/\/continuamosmx.com\/index.php\/2026\/03\/13\/estrategia-hidrica-en-cuautitlan-izcalli-hacia-el-saneamiento-y-aprovechamiento-del-lago-de-guadalupe\/\" \/>\n<meta property=\"og:locale\" content=\"es_ES\" \/>\n<meta property=\"og:type\" content=\"article\" \/>\n<meta property=\"og:title\" content=\"ESTRATEGIA H\u00cdDRICA EN CUAUTITL\u00c1N IZCALLI: HACIA EL SANEAMIENTO Y APROVECHAMIENTO DEL LAGO DE GUADALUPE -\" \/>\n<meta property=\"og:description\" content=\"*El Presidente Municipal, Daniel Serrano Palacios, impulsa la creaci\u00f3n de un colector marginal e infraestructura federal para transformar la regi\u00f3n y garantizar el abasto de agua bajo un nuevo paradigma ambiental. CUAUTITL\u00c1N IZCALLI, ESTADO DE M\u00c9XICO. En una conferencia informativa realizada desde el Lago de Guadalupe, el Alcalde Daniel Serrano Palacios present\u00f3 los avances de [&hellip;]\" \/>\n<meta property=\"og:url\" content=\"https:\/\/continuamosmx.com\/index.php\/2026\/03\/13\/estrategia-hidrica-en-cuautitlan-izcalli-hacia-el-saneamiento-y-aprovechamiento-del-lago-de-guadalupe\/\" \/>\n<meta property=\"article:published_time\" content=\"2026-03-13T23:50:32+00:00\" \/>\n<meta property=\"article:modified_time\" content=\"2026-03-14T01:21:26+00:00\" \/>\n<meta property=\"og:image\" content=\"https:\/\/continuamosmx.com\/wp-content\/uploads\/2026\/03\/lago.png\" \/>\n\t<meta property=\"og:image:width\" content=\"996\" \/>\n\t<meta property=\"og:image:height\" content=\"736\" \/>\n\t<meta property=\"og:image:type\" content=\"image\/png\" \/>\n<meta name=\"author\" content=\"Continuamos MX\" \/>\n<meta name=\"twitter:card\" content=\"summary_large_image\" \/>\n<meta name=\"twitter:label1\" content=\"Escrito por\" \/>\n\t<meta name=\"twitter:data1\" content=\"Continuamos MX\" \/>\n\t<meta name=\"twitter:label2\" content=\"Tiempo de lectura\" \/>\n\t<meta name=\"twitter:data2\" content=\"3 minutos\" \/>\n<script type=\"application\/ld+json\" class=\"yoast-schema-graph\">{\"@context\":\"https:\\\/\\\/schema.org\",\"@graph\":[{\"@type\":\"Article\",\"@id\":\"https:\\\/\\\/continuamosmx.com\\\/index.php\\\/2026\\\/03\\\/13\\\/estrategia-hidrica-en-cuautitlan-izcalli-hacia-el-saneamiento-y-aprovechamiento-del-lago-de-guadalupe\\\/#article\",\"isPartOf\":{\"@id\":\"https:\\\/\\\/continuamosmx.com\\\/index.php\\\/2026\\\/03\\\/13\\\/estrategia-hidrica-en-cuautitlan-izcalli-hacia-el-saneamiento-y-aprovechamiento-del-lago-de-guadalupe\\\/\"},\"author\":{\"name\":\"Continuamos MX\",\"@id\":\"https:\\\/\\\/continuamosmx.com\\\/#\\\/schema\\\/person\\\/5eb5356acb1fad784da407d14f0e8d89\"},\"headline\":\"ESTRATEGIA H\u00cdDRICA EN CUAUTITL\u00c1N IZCALLI: HACIA EL SANEAMIENTO Y APROVECHAMIENTO DEL LAGO DE GUADALUPE\",\"datePublished\":\"2026-03-13T23:50:32+00:00\",\"dateModified\":\"2026-03-14T01:21:26+00:00\",\"mainEntityOfPage\":{\"@id\":\"https:\\\/\\\/continuamosmx.com\\\/index.php\\\/2026\\\/03\\\/13\\\/estrategia-hidrica-en-cuautitlan-izcalli-hacia-el-saneamiento-y-aprovechamiento-del-lago-de-guadalupe\\\/\"},\"wordCount\":460,\"publisher\":{\"@id\":\"https:\\\/\\\/continuamosmx.com\\\/#organization\"},\"image\":{\"@id\":\"https:\\\/\\\/continuamosmx.com\\\/index.php\\\/2026\\\/03\\\/13\\\/estrategia-hidrica-en-cuautitlan-izcalli-hacia-el-saneamiento-y-aprovechamiento-del-lago-de-guadalupe\\\/#primaryimage\"},\"thumbnailUrl\":\"https:\\\/\\\/continuamosmx.com\\\/wp-content\\\/uploads\\\/2026\\\/03\\\/lago.png\",\"articleSection\":[\"C. IZCALLI\",\"LOCALES\"],\"inLanguage\":\"es\"},{\"@type\":\"WebPage\",\"@id\":\"https:\\\/\\\/continuamosmx.com\\\/index.php\\\/2026\\\/03\\\/13\\\/estrategia-hidrica-en-cuautitlan-izcalli-hacia-el-saneamiento-y-aprovechamiento-del-lago-de-guadalupe\\\/\",\"url\":\"https:\\\/\\\/continuamosmx.com\\\/index.php\\\/2026\\\/03\\\/13\\\/estrategia-hidrica-en-cuautitlan-izcalli-hacia-el-saneamiento-y-aprovechamiento-del-lago-de-guadalupe\\\/\",\"name\":\"ESTRATEGIA H\u00cdDRICA EN CUAUTITL\u00c1N IZCALLI: HACIA EL SANEAMIENTO Y APROVECHAMIENTO DEL LAGO DE GUADALUPE -\",\"isPartOf\":{\"@id\":\"https:\\\/\\\/continuamosmx.com\\\/#website\"},\"primaryImageOfPage\":{\"@id\":\"https:\\\/\\\/continuamosmx.com\\\/index.php\\\/2026\\\/03\\\/13\\\/estrategia-hidrica-en-cuautitlan-izcalli-hacia-el-saneamiento-y-aprovechamiento-del-lago-de-guadalupe\\\/#primaryimage\"},\"image\":{\"@id\":\"https:\\\/\\\/continuamosmx.com\\\/index.php\\\/2026\\\/03\\\/13\\\/estrategia-hidrica-en-cuautitlan-izcalli-hacia-el-saneamiento-y-aprovechamiento-del-lago-de-guadalupe\\\/#primaryimage\"},\"thumbnailUrl\":\"https:\\\/\\\/continuamosmx.com\\\/wp-content\\\/uploads\\\/2026\\\/03\\\/lago.png\",\"datePublished\":\"2026-03-13T23:50:32+00:00\",\"dateModified\":\"2026-03-14T01:21:26+00:00\",\"breadcrumb\":{\"@id\":\"https:\\\/\\\/continuamosmx.com\\\/index.php\\\/2026\\\/03\\\/13\\\/estrategia-hidrica-en-cuautitlan-izcalli-hacia-el-saneamiento-y-aprovechamiento-del-lago-de-guadalupe\\\/#breadcrumb\"},\"inLanguage\":\"es\",\"potentialAction\":[{\"@type\":\"ReadAction\",\"target\":[\"https:\\\/\\\/continuamosmx.com\\\/index.php\\\/2026\\\/03\\\/13\\\/estrategia-hidrica-en-cuautitlan-izcalli-hacia-el-saneamiento-y-aprovechamiento-del-lago-de-guadalupe\\\/\"]}]},{\"@type\":\"ImageObject\",\"inLanguage\":\"es\",\"@id\":\"https:\\\/\\\/continuamosmx.com\\\/index.php\\\/2026\\\/03\\\/13\\\/estrategia-hidrica-en-cuautitlan-izcalli-hacia-el-saneamiento-y-aprovechamiento-del-lago-de-guadalupe\\\/#primaryimage\",\"url\":\"https:\\\/\\\/continuamosmx.com\\\/wp-content\\\/uploads\\\/2026\\\/03\\\/lago.png\",\"contentUrl\":\"https:\\\/\\\/continuamosmx.com\\\/wp-content\\\/uploads\\\/2026\\\/03\\\/lago.png\",\"width\":996,\"height\":736},{\"@type\":\"BreadcrumbList\",\"@id\":\"https:\\\/\\\/continuamosmx.com\\\/index.php\\\/2026\\\/03\\\/13\\\/estrategia-hidrica-en-cuautitlan-izcalli-hacia-el-saneamiento-y-aprovechamiento-del-lago-de-guadalupe\\\/#breadcrumb\",\"itemListElement\":[{\"@type\":\"ListItem\",\"position\":1,\"name\":\"Inicio\",\"item\":\"https:\\\/\\\/continuamosmx.com\\\/\"},{\"@type\":\"ListItem\",\"position\":2,\"name\":\"ESTRATEGIA H\u00cdDRICA EN CUAUTITL\u00c1N IZCALLI: HACIA EL SANEAMIENTO Y APROVECHAMIENTO DEL LAGO DE GUADALUPE\"}]},{\"@type\":\"WebSite\",\"@id\":\"https:\\\/\\\/continuamosmx.com\\\/#website\",\"url\":\"https:\\\/\\\/continuamosmx.com\\\/\",\"name\":\"www.continuamosmx.com\",\"description\":\"\",\"publisher\":{\"@id\":\"https:\\\/\\\/continuamosmx.com\\\/#organization\"},\"potentialAction\":[{\"@type\":\"SearchAction\",\"target\":{\"@type\":\"EntryPoint\",\"urlTemplate\":\"https:\\\/\\\/continuamosmx.com\\\/?s={search_term_string}\"},\"query-input\":{\"@type\":\"PropertyValueSpecification\",\"valueRequired\":true,\"valueName\":\"search_term_string\"}}],\"inLanguage\":\"es\"},{\"@type\":\"Organization\",\"@id\":\"https:\\\/\\\/continuamosmx.com\\\/#organization\",\"name\":\"ContinuamosMX\",\"url\":\"https:\\\/\\\/continuamosmx.com\\\/\",\"logo\":{\"@type\":\"ImageObject\",\"inLanguage\":\"es\",\"@id\":\"https:\\\/\\\/continuamosmx.com\\\/#\\\/schema\\\/logo\\\/image\\\/\",\"url\":\"https:\\\/\\\/continuamosmx.com\\\/wp-content\\\/uploads\\\/2023\\\/04\\\/cropped-LOGO-CONTI-NUEVO.png\",\"contentUrl\":\"https:\\\/\\\/continuamosmx.com\\\/wp-content\\\/uploads\\\/2023\\\/04\\\/cropped-LOGO-CONTI-NUEVO.png\",\"width\":1257,\"height\":430,\"caption\":\"ContinuamosMX\"},\"image\":{\"@id\":\"https:\\\/\\\/continuamosmx.com\\\/#\\\/schema\\\/logo\\\/image\\\/\"}},{\"@type\":\"Person\",\"@id\":\"https:\\\/\\\/continuamosmx.com\\\/#\\\/schema\\\/person\\\/5eb5356acb1fad784da407d14f0e8d89\",\"name\":\"Continuamos MX\",\"image\":{\"@type\":\"ImageObject\",\"inLanguage\":\"es\",\"@id\":\"https:\\\/\\\/secure.gravatar.com\\\/avatar\\\/30d4f9723476a15f4da34d35fb3501f08d2357016c76051c6a85c354c7489589?s=96&d=mm&r=g\",\"url\":\"https:\\\/\\\/secure.gravatar.com\\\/avatar\\\/30d4f9723476a15f4da34d35fb3501f08d2357016c76051c6a85c354c7489589?s=96&d=mm&r=g\",\"contentUrl\":\"https:\\\/\\\/secure.gravatar.com\\\/avatar\\\/30d4f9723476a15f4da34d35fb3501f08d2357016c76051c6a85c354c7489589?s=96&d=mm&r=g\",\"caption\":\"Continuamos MX\"},\"sameAs\":[\"http:\\\/\\\/www.continuamos.mx\"],\"url\":\"https:\\\/\\\/continuamosmx.com\\\/index.php\\\/author\\\/continuamos\\\/\"}]}<\/script>\n<!-- \/ Yoast SEO plugin. -->","yoast_head_json":{"title":"ESTRATEGIA H\u00cdDRICA EN CUAUTITL\u00c1N IZCALLI: HACIA EL SANEAMIENTO Y APROVECHAMIENTO DEL LAGO DE GUADALUPE -","robots":{"index":"index","follow":"follow","max-snippet":"max-snippet:-1","max-image-preview":"max-image-preview:large","max-video-preview":"max-video-preview:-1"},"canonical":"https:\/\/continuamosmx.com\/index.php\/2026\/03\/13\/estrategia-hidrica-en-cuautitlan-izcalli-hacia-el-saneamiento-y-aprovechamiento-del-lago-de-guadalupe\/","og_locale":"es_ES","og_type":"article","og_title":"ESTRATEGIA H\u00cdDRICA EN CUAUTITL\u00c1N IZCALLI: HACIA EL SANEAMIENTO Y APROVECHAMIENTO DEL LAGO DE GUADALUPE -","og_description":"*El Presidente Municipal, Daniel Serrano Palacios, impulsa la creaci\u00f3n de un colector marginal e infraestructura federal para transformar la regi\u00f3n y garantizar el abasto de agua bajo un nuevo paradigma ambiental. CUAUTITL\u00c1N IZCALLI, ESTADO DE M\u00c9XICO. En una conferencia informativa realizada desde el Lago de Guadalupe, el Alcalde Daniel Serrano Palacios present\u00f3 los avances de [&hellip;]","og_url":"https:\/\/continuamosmx.com\/index.php\/2026\/03\/13\/estrategia-hidrica-en-cuautitlan-izcalli-hacia-el-saneamiento-y-aprovechamiento-del-lago-de-guadalupe\/","article_published_time":"2026-03-13T23:50:32+00:00","article_modified_time":"2026-03-14T01:21:26+00:00","og_image":[{"width":996,"height":736,"url":"https:\/\/continuamosmx.com\/wp-content\/uploads\/2026\/03\/lago.png","type":"image\/png"}],"author":"Continuamos MX","twitter_card":"summary_large_image","twitter_misc":{"Escrito por":"Continuamos MX","Tiempo de lectura":"3 minutos"},"schema":{"@context":"https:\/\/schema.org","@graph":[{"@type":"Article","@id":"https:\/\/continuamosmx.com\/index.php\/2026\/03\/13\/estrategia-hidrica-en-cuautitlan-izcalli-hacia-el-saneamiento-y-aprovechamiento-del-lago-de-guadalupe\/#article","isPartOf":{"@id":"https:\/\/continuamosmx.com\/index.php\/2026\/03\/13\/estrategia-hidrica-en-cuautitlan-izcalli-hacia-el-saneamiento-y-aprovechamiento-del-lago-de-guadalupe\/"},"author":{"name":"Continuamos MX","@id":"https:\/\/continuamosmx.com\/#\/schema\/person\/5eb5356acb1fad784da407d14f0e8d89"},"headline":"ESTRATEGIA H\u00cdDRICA EN CUAUTITL\u00c1N IZCALLI: HACIA EL SANEAMIENTO Y APROVECHAMIENTO DEL LAGO DE GUADALUPE","datePublished":"2026-03-13T23:50:32+00:00","dateModified":"2026-03-14T01:21:26+00:00","mainEntityOfPage":{"@id":"https:\/\/continuamosmx.com\/index.php\/2026\/03\/13\/estrategia-hidrica-en-cuautitlan-izcalli-hacia-el-saneamiento-y-aprovechamiento-del-lago-de-guadalupe\/"},"wordCount":460,"publisher":{"@id":"https:\/\/continuamosmx.com\/#organization"},"image":{"@id":"https:\/\/continuamosmx.com\/index.php\/2026\/03\/13\/estrategia-hidrica-en-cuautitlan-izcalli-hacia-el-saneamiento-y-aprovechamiento-del-lago-de-guadalupe\/#primaryimage"},"thumbnailUrl":"https:\/\/continuamosmx.com\/wp-content\/uploads\/2026\/03\/lago.png","articleSection":["C. IZCALLI","LOCALES"],"inLanguage":"es"},{"@type":"WebPage","@id":"https:\/\/continuamosmx.com\/index.php\/2026\/03\/13\/estrategia-hidrica-en-cuautitlan-izcalli-hacia-el-saneamiento-y-aprovechamiento-del-lago-de-guadalupe\/","url":"https:\/\/continuamosmx.com\/index.php\/2026\/03\/13\/estrategia-hidrica-en-cuautitlan-izcalli-hacia-el-saneamiento-y-aprovechamiento-del-lago-de-guadalupe\/","name":"ESTRATEGIA H\u00cdDRICA EN CUAUTITL\u00c1N IZCALLI: HACIA EL SANEAMIENTO Y APROVECHAMIENTO DEL LAGO DE GUADALUPE -","isPartOf":{"@id":"https:\/\/continuamosmx.com\/#website"},"primaryImageOfPage":{"@id":"https:\/\/continuamosmx.com\/index.php\/2026\/03\/13\/estrategia-hidrica-en-cuautitlan-izcalli-hacia-el-saneamiento-y-aprovechamiento-del-lago-de-guadalupe\/#primaryimage"},"image":{"@id":"https:\/\/continuamosmx.com\/index.php\/2026\/03\/13\/estrategia-hidrica-en-cuautitlan-izcalli-hacia-el-saneamiento-y-aprovechamiento-del-lago-de-guadalupe\/#primaryimage"},"thumbnailUrl":"https:\/\/continuamosmx.com\/wp-content\/uploads\/2026\/03\/lago.png","datePublished":"2026-03-13T23:50:32+00:00","dateModified":"2026-03-14T01:21:26+00:00","breadcrumb":{"@id":"https:\/\/continuamosmx.com\/index.php\/2026\/03\/13\/estrategia-hidrica-en-cuautitlan-izcalli-hacia-el-saneamiento-y-aprovechamiento-del-lago-de-guadalupe\/#breadcrumb"},"inLanguage":"es","potentialAction":[{"@type":"ReadAction","target":["https:\/\/continuamosmx.com\/index.php\/2026\/03\/13\/estrategia-hidrica-en-cuautitlan-izcalli-hacia-el-saneamiento-y-aprovechamiento-del-lago-de-guadalupe\/"]}]},{"@type":"ImageObject","inLanguage":"es","@id":"https:\/\/continuamosmx.com\/index.php\/2026\/03\/13\/estrategia-hidrica-en-cuautitlan-izcalli-hacia-el-saneamiento-y-aprovechamiento-del-lago-de-guadalupe\/#primaryimage","url":"https:\/\/continuamosmx.com\/wp-content\/uploads\/2026\/03\/lago.png","contentUrl":"https:\/\/continuamosmx.com\/wp-content\/uploads\/2026\/03\/lago.png","width":996,"height":736},{"@type":"BreadcrumbList","@id":"https:\/\/continuamosmx.com\/index.php\/2026\/03\/13\/estrategia-hidrica-en-cuautitlan-izcalli-hacia-el-saneamiento-y-aprovechamiento-del-lago-de-guadalupe\/#breadcrumb","itemListElement":[{"@type":"ListItem","position":1,"name":"Inicio","item":"https:\/\/continuamosmx.com\/"},{"@type":"ListItem","position":2,"name":"ESTRATEGIA H\u00cdDRICA EN CUAUTITL\u00c1N IZCALLI: HACIA EL SANEAMIENTO Y APROVECHAMIENTO DEL LAGO DE GUADALUPE"}]},{"@type":"WebSite","@id":"https:\/\/continuamosmx.com\/#website","url":"https:\/\/continuamosmx.com\/","name":"www.continuamosmx.com","description":"","publisher":{"@id":"https:\/\/continuamosmx.com\/#organization"},"potentialAction":[{"@type":"SearchAction","target":{"@type":"EntryPoint","urlTemplate":"https:\/\/continuamosmx.com\/?s={search_term_string}"},"query-input":{"@type":"PropertyValueSpecification","valueRequired":true,"valueName":"search_term_string"}}],"inLanguage":"es"},{"@type":"Organization","@id":"https:\/\/continuamosmx.com\/#organization","name":"ContinuamosMX","url":"https:\/\/continuamosmx.com\/","logo":{"@type":"ImageObject","inLanguage":"es","@id":"https:\/\/continuamosmx.com\/#\/schema\/logo\/image\/","url":"https:\/\/continuamosmx.com\/wp-content\/uploads\/2023\/04\/cropped-LOGO-CONTI-NUEVO.png","contentUrl":"https:\/\/continuamosmx.com\/wp-content\/uploads\/2023\/04\/cropped-LOGO-CONTI-NUEVO.png","width":1257,"height":430,"caption":"ContinuamosMX"},"image":{"@id":"https:\/\/continuamosmx.com\/#\/schema\/logo\/image\/"}},{"@type":"Person","@id":"https:\/\/continuamosmx.com\/#\/schema\/person\/5eb5356acb1fad784da407d14f0e8d89","name":"Continuamos MX","image":{"@type":"ImageObject","inLanguage":"es","@id":"https:\/\/secure.gravatar.com\/avatar\/30d4f9723476a15f4da34d35fb3501f08d2357016c76051c6a85c354c7489589?s=96&d=mm&r=g","url":"https:\/\/secure.gravatar.com\/avatar\/30d4f9723476a15f4da34d35fb3501f08d2357016c76051c6a85c354c7489589?s=96&d=mm&r=g","contentUrl":"https:\/\/secure.gravatar.com\/avatar\/30d4f9723476a15f4da34d35fb3501f08d2357016c76051c6a85c354c7489589?s=96&d=mm&r=g","caption":"Continuamos MX"},"sameAs":["http:\/\/www.continuamos.mx"],"url":"https:\/\/continuamosmx.com\/index.php\/author\/continuamos\/"}]}},"_links":{"self":[{"href":"https:\/\/continuamosmx.com\/index.php\/wp-json\/wp\/v2\/posts\/53600","targetHints":{"allow":["GET"]}}],"collection":[{"href":"https:\/\/continuamosmx.com\/index.php\/wp-json\/wp\/v2\/posts"}],"about":[{"href":"https:\/\/continuamosmx.com\/index.php\/wp-json\/wp\/v2\/types\/post"}],"author":[{"embeddable":true,"href":"https:\/\/continuamosmx.com\/index.php\/wp-json\/wp\/v2\/users\/6"}],"replies":[{"embeddable":true,"href":"https:\/\/continuamosmx.com\/index.php\/wp-json\/wp\/v2\/comments?post=53600"}],"version-history":[{"count":3,"href":"https:\/\/continuamosmx.com\/index.php\/wp-json\/wp\/v2\/posts\/53600\/revisions"}],"predecessor-version":[{"id":53606,"href":"https:\/\/continuamosmx.com\/index.php\/wp-json\/wp\/v2\/posts\/53600\/revisions\/53606"}],"wp:featuredmedia":[{"embeddable":true,"href":"https:\/\/continuamosmx.com\/index.php\/wp-json\/wp\/v2\/media\/53601"}],"wp:attachment":[{"href":"https:\/\/continuamosmx.com\/index.php\/wp-json\/wp\/v2\/media?parent=53600"}],"wp:term":[{"taxonomy":"category","embeddable":true,"href":"https:\/\/continuamosmx.com\/index.php\/wp-json\/wp\/v2\/categories?post=53600"},{"taxonomy":"post_tag","embeddable":true,"href":"https:\/\/continuamosmx.com\/index.php\/wp-json\/wp\/v2\/tags?post=53600"}],"curies":[{"name":"wp","href":"https:\/\/api.w.org\/{rel}","templated":true}]}}