{"id":53584,"date":"2026-03-13T12:43:40","date_gmt":"2026-03-13T18:43:40","guid":{"rendered":"https:\/\/continuamosmx.com\/?p=53584"},"modified":"2026-03-13T12:43:41","modified_gmt":"2026-03-13T18:43:41","slug":"edomex-optimiza-la-movilidad","status":"publish","type":"post","link":"https:\/\/continuamosmx.com\/index.php\/2026\/03\/13\/edomex-optimiza-la-movilidad\/","title":{"rendered":"EDOMEX OPTIMIZA LA MOVILIDAD"},"content":{"rendered":"\n<p>En un esfuerzo por optimizar la movilidad en el Estado de M\u00e9xico, el Gobierno local, bajo la direcci\u00f3n de la Maestra Delfina G\u00f3mez \u00c1lvarez, ha iniciado la construcci\u00f3n del tramo 0 del Macrolibramiento Mexiquense. Esta obra, que abarca *10.7 kil\u00f3metros en los municipios de Tlalnepantla y Naucalpan, tiene como objetivo fundamental facilitar el acceso al Aeropuerto Internacional Felipe \u00c1ngeles (AIFA) y reducir el tiempo de traslado en hasta 25 minutos.<\/p>\n\n\n\n<p>La nueva infraestructura est\u00e1 dise\u00f1ada para atender a m\u00e1s de 25,000 veh\u00edculos diariamente, mejorando significativamente la experiencia de los usuarios que actualmente enfrentan traslados de hasta una hora y media en horarios pico. Jessica S\u00e1nchez, Subdirectora de Proyectos del Sistema de Autopistas del Estado de M\u00e9xico (SAASCAEM), subray\u00f3 que esta obra no solo proporcionar\u00e1 agilidad en los traslados, sino que tambi\u00e9n garantizar\u00e1 mayor seguridad en la circulaci\u00f3n.<\/p>\n\n\n\n<p>El proyecto incluye la construcci\u00f3n de un viaducto elevado de aproximadamente tres kil\u00f3metros, gasas de incorporaci\u00f3n y salida, as\u00ed como la repavimentaci\u00f3n de vialidades existentes. Tambi\u00e9n se prev\u00e9 la instalaci\u00f3n de nueva iluminaci\u00f3n y la creaci\u00f3n de pasos peatonales, junto con la plantaci\u00f3n de flora a lo largo del trazo, lo que contribuir\u00e1 a una infraestructura m\u00e1s moderna y funcional.<br>El Macrolibramiento Mexiquense se conectar\u00e1 con importantes v\u00edas como Perif\u00e9rico Norte y la autopista Naucalpan-Ecatepec, fortaleciendo as\u00ed la movilidad regional y la interconexi\u00f3n entre varios municipios, incluidos Nezahualc\u00f3yotl y Ecatepec. Los beneficios de esta obra ya son palpables para los usuarios de la regi\u00f3n. Rubyn Mora, un habitual transe\u00fante desde Tizayuca, Hidalgo, coment\u00f3: \u201cEst\u00e1 perfecto, nos ahorra bastante tiempo\u201d.<\/p>\n\n\n\n<p>La finalizaci\u00f3n del tramo 0 est\u00e1 programada para diciembre de 2026, convirti\u00e9ndose en una alternativa vial estrat\u00e9gica para mitigar la saturaci\u00f3n vehicular y mejorar la conectividad hacia uno de los nodos aeroportuarios m\u00e1s importantes del pa\u00eds.<\/p>\n","protected":false},"excerpt":{"rendered":"<p>En un esfuerzo por optimizar la movilidad en el Estado de M\u00e9xico, el Gobierno local, bajo la direcci\u00f3n de la Maestra Delfina G\u00f3mez \u00c1lvarez, ha iniciado la construcci\u00f3n del tramo 0 del Macrolibramiento Mexiquense. Esta obra, que abarca *10.7 kil\u00f3metros en los municipios de Tlalnepantla y Naucalpan, tiene como objetivo fundamental facilitar el acceso al [&hellip;]<\/p>\n","protected":false},"author":6,"featured_media":53585,"comment_status":"closed","ping_status":"closed","sticky":false,"template":"","format":"standard","meta":{"footnotes":""},"categories":[2],"tags":[],"class_list":["post-53584","post","type-post","status-publish","format-standard","has-post-thumbnail","hentry","category-edomex"],"yoast_head":"<!-- This site is optimized with the Yoast SEO plugin v27.5 - https:\/\/yoast.com\/product\/yoast-seo-wordpress\/ -->\n<title>EDOMEX OPTIMIZA LA MOVILIDAD -<\/title>\n<meta name=\"robots\" content=\"index, follow, max-snippet:-1, max-image-preview:large, max-video-preview:-1\" \/>\n<link rel=\"canonical\" href=\"https:\/\/continuamosmx.com\/index.php\/2026\/03\/13\/edomex-optimiza-la-movilidad\/\" \/>\n<meta property=\"og:locale\" content=\"es_ES\" \/>\n<meta property=\"og:type\" content=\"article\" \/>\n<meta property=\"og:title\" content=\"EDOMEX OPTIMIZA LA MOVILIDAD -\" \/>\n<meta property=\"og:description\" content=\"En un esfuerzo por optimizar la movilidad en el Estado de M\u00e9xico, el Gobierno local, bajo la direcci\u00f3n de la Maestra Delfina G\u00f3mez \u00c1lvarez, ha iniciado la construcci\u00f3n del tramo 0 del Macrolibramiento Mexiquense. Esta obra, que abarca *10.7 kil\u00f3metros en los municipios de Tlalnepantla y Naucalpan, tiene como objetivo fundamental facilitar el acceso al [&hellip;]\" \/>\n<meta property=\"og:url\" content=\"https:\/\/continuamosmx.com\/index.php\/2026\/03\/13\/edomex-optimiza-la-movilidad\/\" \/>\n<meta property=\"article:published_time\" content=\"2026-03-13T18:43:40+00:00\" \/>\n<meta property=\"article:modified_time\" content=\"2026-03-13T18:43:41+00:00\" \/>\n<meta property=\"og:image\" content=\"https:\/\/continuamosmx.com\/wp-content\/uploads\/2026\/03\/perinorte.jpg\" \/>\n\t<meta property=\"og:image:width\" content=\"1600\" \/>\n\t<meta property=\"og:image:height\" content=\"1066\" \/>\n\t<meta property=\"og:image:type\" content=\"image\/jpeg\" \/>\n<meta name=\"author\" content=\"Continuamos MX\" \/>\n<meta name=\"twitter:card\" content=\"summary_large_image\" \/>\n<meta name=\"twitter:label1\" content=\"Escrito por\" \/>\n\t<meta name=\"twitter:data1\" content=\"Continuamos MX\" \/>\n\t<meta name=\"twitter:label2\" content=\"Tiempo de lectura\" \/>\n\t<meta name=\"twitter:data2\" content=\"2 minutos\" \/>\n<script type=\"application\/ld+json\" class=\"yoast-schema-graph\">{\"@context\":\"https:\\\/\\\/schema.org\",\"@graph\":[{\"@type\":\"Article\",\"@id\":\"https:\\\/\\\/continuamosmx.com\\\/index.php\\\/2026\\\/03\\\/13\\\/edomex-optimiza-la-movilidad\\\/#article\",\"isPartOf\":{\"@id\":\"https:\\\/\\\/continuamosmx.com\\\/index.php\\\/2026\\\/03\\\/13\\\/edomex-optimiza-la-movilidad\\\/\"},\"author\":{\"name\":\"Continuamos MX\",\"@id\":\"https:\\\/\\\/continuamosmx.com\\\/#\\\/schema\\\/person\\\/5eb5356acb1fad784da407d14f0e8d89\"},\"headline\":\"EDOMEX OPTIMIZA LA MOVILIDAD\",\"datePublished\":\"2026-03-13T18:43:40+00:00\",\"dateModified\":\"2026-03-13T18:43:41+00:00\",\"mainEntityOfPage\":{\"@id\":\"https:\\\/\\\/continuamosmx.com\\\/index.php\\\/2026\\\/03\\\/13\\\/edomex-optimiza-la-movilidad\\\/\"},\"wordCount\":324,\"publisher\":{\"@id\":\"https:\\\/\\\/continuamosmx.com\\\/#organization\"},\"image\":{\"@id\":\"https:\\\/\\\/continuamosmx.com\\\/index.php\\\/2026\\\/03\\\/13\\\/edomex-optimiza-la-movilidad\\\/#primaryimage\"},\"thumbnailUrl\":\"https:\\\/\\\/continuamosmx.com\\\/wp-content\\\/uploads\\\/2026\\\/03\\\/perinorte.jpg\",\"articleSection\":[\"EDOMEX\"],\"inLanguage\":\"es\"},{\"@type\":\"WebPage\",\"@id\":\"https:\\\/\\\/continuamosmx.com\\\/index.php\\\/2026\\\/03\\\/13\\\/edomex-optimiza-la-movilidad\\\/\",\"url\":\"https:\\\/\\\/continuamosmx.com\\\/index.php\\\/2026\\\/03\\\/13\\\/edomex-optimiza-la-movilidad\\\/\",\"name\":\"EDOMEX OPTIMIZA LA MOVILIDAD -\",\"isPartOf\":{\"@id\":\"https:\\\/\\\/continuamosmx.com\\\/#website\"},\"primaryImageOfPage\":{\"@id\":\"https:\\\/\\\/continuamosmx.com\\\/index.php\\\/2026\\\/03\\\/13\\\/edomex-optimiza-la-movilidad\\\/#primaryimage\"},\"image\":{\"@id\":\"https:\\\/\\\/continuamosmx.com\\\/index.php\\\/2026\\\/03\\\/13\\\/edomex-optimiza-la-movilidad\\\/#primaryimage\"},\"thumbnailUrl\":\"https:\\\/\\\/continuamosmx.com\\\/wp-content\\\/uploads\\\/2026\\\/03\\\/perinorte.jpg\",\"datePublished\":\"2026-03-13T18:43:40+00:00\",\"dateModified\":\"2026-03-13T18:43:41+00:00\",\"breadcrumb\":{\"@id\":\"https:\\\/\\\/continuamosmx.com\\\/index.php\\\/2026\\\/03\\\/13\\\/edomex-optimiza-la-movilidad\\\/#breadcrumb\"},\"inLanguage\":\"es\",\"potentialAction\":[{\"@type\":\"ReadAction\",\"target\":[\"https:\\\/\\\/continuamosmx.com\\\/index.php\\\/2026\\\/03\\\/13\\\/edomex-optimiza-la-movilidad\\\/\"]}]},{\"@type\":\"ImageObject\",\"inLanguage\":\"es\",\"@id\":\"https:\\\/\\\/continuamosmx.com\\\/index.php\\\/2026\\\/03\\\/13\\\/edomex-optimiza-la-movilidad\\\/#primaryimage\",\"url\":\"https:\\\/\\\/continuamosmx.com\\\/wp-content\\\/uploads\\\/2026\\\/03\\\/perinorte.jpg\",\"contentUrl\":\"https:\\\/\\\/continuamosmx.com\\\/wp-content\\\/uploads\\\/2026\\\/03\\\/perinorte.jpg\",\"width\":1600,\"height\":1066},{\"@type\":\"BreadcrumbList\",\"@id\":\"https:\\\/\\\/continuamosmx.com\\\/index.php\\\/2026\\\/03\\\/13\\\/edomex-optimiza-la-movilidad\\\/#breadcrumb\",\"itemListElement\":[{\"@type\":\"ListItem\",\"position\":1,\"name\":\"Inicio\",\"item\":\"https:\\\/\\\/continuamosmx.com\\\/\"},{\"@type\":\"ListItem\",\"position\":2,\"name\":\"EDOMEX OPTIMIZA LA MOVILIDAD\"}]},{\"@type\":\"WebSite\",\"@id\":\"https:\\\/\\\/continuamosmx.com\\\/#website\",\"url\":\"https:\\\/\\\/continuamosmx.com\\\/\",\"name\":\"www.continuamosmx.com\",\"description\":\"\",\"publisher\":{\"@id\":\"https:\\\/\\\/continuamosmx.com\\\/#organization\"},\"potentialAction\":[{\"@type\":\"SearchAction\",\"target\":{\"@type\":\"EntryPoint\",\"urlTemplate\":\"https:\\\/\\\/continuamosmx.com\\\/?s={search_term_string}\"},\"query-input\":{\"@type\":\"PropertyValueSpecification\",\"valueRequired\":true,\"valueName\":\"search_term_string\"}}],\"inLanguage\":\"es\"},{\"@type\":\"Organization\",\"@id\":\"https:\\\/\\\/continuamosmx.com\\\/#organization\",\"name\":\"ContinuamosMX\",\"url\":\"https:\\\/\\\/continuamosmx.com\\\/\",\"logo\":{\"@type\":\"ImageObject\",\"inLanguage\":\"es\",\"@id\":\"https:\\\/\\\/continuamosmx.com\\\/#\\\/schema\\\/logo\\\/image\\\/\",\"url\":\"https:\\\/\\\/continuamosmx.com\\\/wp-content\\\/uploads\\\/2023\\\/04\\\/cropped-LOGO-CONTI-NUEVO.png\",\"contentUrl\":\"https:\\\/\\\/continuamosmx.com\\\/wp-content\\\/uploads\\\/2023\\\/04\\\/cropped-LOGO-CONTI-NUEVO.png\",\"width\":1257,\"height\":430,\"caption\":\"ContinuamosMX\"},\"image\":{\"@id\":\"https:\\\/\\\/continuamosmx.com\\\/#\\\/schema\\\/logo\\\/image\\\/\"}},{\"@type\":\"Person\",\"@id\":\"https:\\\/\\\/continuamosmx.com\\\/#\\\/schema\\\/person\\\/5eb5356acb1fad784da407d14f0e8d89\",\"name\":\"Continuamos MX\",\"image\":{\"@type\":\"ImageObject\",\"inLanguage\":\"es\",\"@id\":\"https:\\\/\\\/secure.gravatar.com\\\/avatar\\\/30d4f9723476a15f4da34d35fb3501f08d2357016c76051c6a85c354c7489589?s=96&d=mm&r=g\",\"url\":\"https:\\\/\\\/secure.gravatar.com\\\/avatar\\\/30d4f9723476a15f4da34d35fb3501f08d2357016c76051c6a85c354c7489589?s=96&d=mm&r=g\",\"contentUrl\":\"https:\\\/\\\/secure.gravatar.com\\\/avatar\\\/30d4f9723476a15f4da34d35fb3501f08d2357016c76051c6a85c354c7489589?s=96&d=mm&r=g\",\"caption\":\"Continuamos MX\"},\"sameAs\":[\"http:\\\/\\\/www.continuamos.mx\"],\"url\":\"https:\\\/\\\/continuamosmx.com\\\/index.php\\\/author\\\/continuamos\\\/\"}]}<\/script>\n<!-- \/ Yoast SEO plugin. -->","yoast_head_json":{"title":"EDOMEX OPTIMIZA LA MOVILIDAD -","robots":{"index":"index","follow":"follow","max-snippet":"max-snippet:-1","max-image-preview":"max-image-preview:large","max-video-preview":"max-video-preview:-1"},"canonical":"https:\/\/continuamosmx.com\/index.php\/2026\/03\/13\/edomex-optimiza-la-movilidad\/","og_locale":"es_ES","og_type":"article","og_title":"EDOMEX OPTIMIZA LA MOVILIDAD -","og_description":"En un esfuerzo por optimizar la movilidad en el Estado de M\u00e9xico, el Gobierno local, bajo la direcci\u00f3n de la Maestra Delfina G\u00f3mez \u00c1lvarez, ha iniciado la construcci\u00f3n del tramo 0 del Macrolibramiento Mexiquense. Esta obra, que abarca *10.7 kil\u00f3metros en los municipios de Tlalnepantla y Naucalpan, tiene como objetivo fundamental facilitar el acceso al [&hellip;]","og_url":"https:\/\/continuamosmx.com\/index.php\/2026\/03\/13\/edomex-optimiza-la-movilidad\/","article_published_time":"2026-03-13T18:43:40+00:00","article_modified_time":"2026-03-13T18:43:41+00:00","og_image":[{"width":1600,"height":1066,"url":"https:\/\/continuamosmx.com\/wp-content\/uploads\/2026\/03\/perinorte.jpg","type":"image\/jpeg"}],"author":"Continuamos MX","twitter_card":"summary_large_image","twitter_misc":{"Escrito por":"Continuamos MX","Tiempo de lectura":"2 minutos"},"schema":{"@context":"https:\/\/schema.org","@graph":[{"@type":"Article","@id":"https:\/\/continuamosmx.com\/index.php\/2026\/03\/13\/edomex-optimiza-la-movilidad\/#article","isPartOf":{"@id":"https:\/\/continuamosmx.com\/index.php\/2026\/03\/13\/edomex-optimiza-la-movilidad\/"},"author":{"name":"Continuamos MX","@id":"https:\/\/continuamosmx.com\/#\/schema\/person\/5eb5356acb1fad784da407d14f0e8d89"},"headline":"EDOMEX OPTIMIZA LA MOVILIDAD","datePublished":"2026-03-13T18:43:40+00:00","dateModified":"2026-03-13T18:43:41+00:00","mainEntityOfPage":{"@id":"https:\/\/continuamosmx.com\/index.php\/2026\/03\/13\/edomex-optimiza-la-movilidad\/"},"wordCount":324,"publisher":{"@id":"https:\/\/continuamosmx.com\/#organization"},"image":{"@id":"https:\/\/continuamosmx.com\/index.php\/2026\/03\/13\/edomex-optimiza-la-movilidad\/#primaryimage"},"thumbnailUrl":"https:\/\/continuamosmx.com\/wp-content\/uploads\/2026\/03\/perinorte.jpg","articleSection":["EDOMEX"],"inLanguage":"es"},{"@type":"WebPage","@id":"https:\/\/continuamosmx.com\/index.php\/2026\/03\/13\/edomex-optimiza-la-movilidad\/","url":"https:\/\/continuamosmx.com\/index.php\/2026\/03\/13\/edomex-optimiza-la-movilidad\/","name":"EDOMEX OPTIMIZA LA MOVILIDAD -","isPartOf":{"@id":"https:\/\/continuamosmx.com\/#website"},"primaryImageOfPage":{"@id":"https:\/\/continuamosmx.com\/index.php\/2026\/03\/13\/edomex-optimiza-la-movilidad\/#primaryimage"},"image":{"@id":"https:\/\/continuamosmx.com\/index.php\/2026\/03\/13\/edomex-optimiza-la-movilidad\/#primaryimage"},"thumbnailUrl":"https:\/\/continuamosmx.com\/wp-content\/uploads\/2026\/03\/perinorte.jpg","datePublished":"2026-03-13T18:43:40+00:00","dateModified":"2026-03-13T18:43:41+00:00","breadcrumb":{"@id":"https:\/\/continuamosmx.com\/index.php\/2026\/03\/13\/edomex-optimiza-la-movilidad\/#breadcrumb"},"inLanguage":"es","potentialAction":[{"@type":"ReadAction","target":["https:\/\/continuamosmx.com\/index.php\/2026\/03\/13\/edomex-optimiza-la-movilidad\/"]}]},{"@type":"ImageObject","inLanguage":"es","@id":"https:\/\/continuamosmx.com\/index.php\/2026\/03\/13\/edomex-optimiza-la-movilidad\/#primaryimage","url":"https:\/\/continuamosmx.com\/wp-content\/uploads\/2026\/03\/perinorte.jpg","contentUrl":"https:\/\/continuamosmx.com\/wp-content\/uploads\/2026\/03\/perinorte.jpg","width":1600,"height":1066},{"@type":"BreadcrumbList","@id":"https:\/\/continuamosmx.com\/index.php\/2026\/03\/13\/edomex-optimiza-la-movilidad\/#breadcrumb","itemListElement":[{"@type":"ListItem","position":1,"name":"Inicio","item":"https:\/\/continuamosmx.com\/"},{"@type":"ListItem","position":2,"name":"EDOMEX OPTIMIZA LA MOVILIDAD"}]},{"@type":"WebSite","@id":"https:\/\/continuamosmx.com\/#website","url":"https:\/\/continuamosmx.com\/","name":"www.continuamosmx.com","description":"","publisher":{"@id":"https:\/\/continuamosmx.com\/#organization"},"potentialAction":[{"@type":"SearchAction","target":{"@type":"EntryPoint","urlTemplate":"https:\/\/continuamosmx.com\/?s={search_term_string}"},"query-input":{"@type":"PropertyValueSpecification","valueRequired":true,"valueName":"search_term_string"}}],"inLanguage":"es"},{"@type":"Organization","@id":"https:\/\/continuamosmx.com\/#organization","name":"ContinuamosMX","url":"https:\/\/continuamosmx.com\/","logo":{"@type":"ImageObject","inLanguage":"es","@id":"https:\/\/continuamosmx.com\/#\/schema\/logo\/image\/","url":"https:\/\/continuamosmx.com\/wp-content\/uploads\/2023\/04\/cropped-LOGO-CONTI-NUEVO.png","contentUrl":"https:\/\/continuamosmx.com\/wp-content\/uploads\/2023\/04\/cropped-LOGO-CONTI-NUEVO.png","width":1257,"height":430,"caption":"ContinuamosMX"},"image":{"@id":"https:\/\/continuamosmx.com\/#\/schema\/logo\/image\/"}},{"@type":"Person","@id":"https:\/\/continuamosmx.com\/#\/schema\/person\/5eb5356acb1fad784da407d14f0e8d89","name":"Continuamos MX","image":{"@type":"ImageObject","inLanguage":"es","@id":"https:\/\/secure.gravatar.com\/avatar\/30d4f9723476a15f4da34d35fb3501f08d2357016c76051c6a85c354c7489589?s=96&d=mm&r=g","url":"https:\/\/secure.gravatar.com\/avatar\/30d4f9723476a15f4da34d35fb3501f08d2357016c76051c6a85c354c7489589?s=96&d=mm&r=g","contentUrl":"https:\/\/secure.gravatar.com\/avatar\/30d4f9723476a15f4da34d35fb3501f08d2357016c76051c6a85c354c7489589?s=96&d=mm&r=g","caption":"Continuamos MX"},"sameAs":["http:\/\/www.continuamos.mx"],"url":"https:\/\/continuamosmx.com\/index.php\/author\/continuamos\/"}]}},"_links":{"self":[{"href":"https:\/\/continuamosmx.com\/index.php\/wp-json\/wp\/v2\/posts\/53584","targetHints":{"allow":["GET"]}}],"collection":[{"href":"https:\/\/continuamosmx.com\/index.php\/wp-json\/wp\/v2\/posts"}],"about":[{"href":"https:\/\/continuamosmx.com\/index.php\/wp-json\/wp\/v2\/types\/post"}],"author":[{"embeddable":true,"href":"https:\/\/continuamosmx.com\/index.php\/wp-json\/wp\/v2\/users\/6"}],"replies":[{"embeddable":true,"href":"https:\/\/continuamosmx.com\/index.php\/wp-json\/wp\/v2\/comments?post=53584"}],"version-history":[{"count":1,"href":"https:\/\/continuamosmx.com\/index.php\/wp-json\/wp\/v2\/posts\/53584\/revisions"}],"predecessor-version":[{"id":53586,"href":"https:\/\/continuamosmx.com\/index.php\/wp-json\/wp\/v2\/posts\/53584\/revisions\/53586"}],"wp:featuredmedia":[{"embeddable":true,"href":"https:\/\/continuamosmx.com\/index.php\/wp-json\/wp\/v2\/media\/53585"}],"wp:attachment":[{"href":"https:\/\/continuamosmx.com\/index.php\/wp-json\/wp\/v2\/media?parent=53584"}],"wp:term":[{"taxonomy":"category","embeddable":true,"href":"https:\/\/continuamosmx.com\/index.php\/wp-json\/wp\/v2\/categories?post=53584"},{"taxonomy":"post_tag","embeddable":true,"href":"https:\/\/continuamosmx.com\/index.php\/wp-json\/wp\/v2\/tags?post=53584"}],"curies":[{"name":"wp","href":"https:\/\/api.w.org\/{rel}","templated":true}]}}