{"id":53573,"date":"2026-03-12T22:44:20","date_gmt":"2026-03-13T04:44:20","guid":{"rendered":"https:\/\/continuamosmx.com\/?p=53573"},"modified":"2026-03-12T22:44:20","modified_gmt":"2026-03-13T04:44:20","slug":"oportunidad-internacional-becas-para-mexiquenses-que-quieren-estudiar-en-el-extranjero","status":"publish","type":"post","link":"https:\/\/continuamosmx.com\/index.php\/2026\/03\/12\/oportunidad-internacional-becas-para-mexiquenses-que-quieren-estudiar-en-el-extranjero\/","title":{"rendered":"\u00abOPORTUNIDAD INTERNACIONAL: BECAS PARA MEXIQUENSES QUE QUIEREN ESTUDIAR EN EL EXTRANJERO\u00bb"},"content":{"rendered":"\n<p><strong>*El Gobierno del Estado de M\u00e9xico y el Gobierno Federal acuerdan otorgar becas de hasta 300 mil pesos anuales para que 200 profesionistas realicen estudios de posgrado en el extranjero.<\/strong><\/p>\n\n\n\n<p>Toluca, Estado de M\u00e9xico.\u2013 En un esfuerzo conjunto para impulsar la formaci\u00f3n acad\u00e9mica de alto nivel, la Presidenta Claudia Sheinbaum Pardo y la Gobernadora Delfina G\u00f3mez \u00c1lvarez han firmado un convenio que permitir\u00e1 a por lo menos 200 profesionistas mexiquenses acceder a becas para realizar estudios de maestr\u00eda y doctorado en el extranjero.<\/p>\n\n\n\n<p>El \u00abConvenio Marco de Colaboraci\u00f3n\u00bb establece que el programa \u201cBeca SECIHTI\u2013COMECyT\u201d ser\u00e1 gestionado por el Consejo Mexiquense de Ciencia y Tecnolog\u00eda (COMECyT), sectorizado a la Secretar\u00eda de Educaci\u00f3n, Ciencia, Tecnolog\u00eda e Innovaci\u00f3n (SECTI). Este apoyo tendr\u00e1 una duraci\u00f3n de hasta 24 meses para maestr\u00edas y hasta 60 meses para doctorados directos.<\/p>\n\n\n\n<p>El apoyo econ\u00f3mico incluye un monto mensual y un seguro m\u00e9dico anual proporcionado por la Secretar\u00eda de Ciencia, Humanidades, Tecnolog\u00eda e Innovaci\u00f3n (SECIHTI). Adem\u00e1s, COMECyT destinar\u00e1 hasta 300 mil pesos anuales para gastos de formaci\u00f3n y un apoyo \u00fanico de 25 mil pesos para cubrir los gastos de traslado inicial al pa\u00eds de destino.<\/p>\n\n\n\n<p>Este programa es una clara muestra del compromiso de los Gobiernos Federal y Estatal por ofrecer a los mexiquenses oportunidades de educaci\u00f3n de calidad, responder a los retos laborales actuales y contribuir al desarrollo econ\u00f3mico y social de la entidad. La inversi\u00f3n en educaci\u00f3n superior no solo beneficiar\u00e1 a los estudiantes, sino que tambi\u00e9n fortalecer\u00e1 el capital humano del Estado de M\u00e9xico.<\/p>\n","protected":false},"excerpt":{"rendered":"<p>*El Gobierno del Estado de M\u00e9xico y el Gobierno Federal acuerdan otorgar becas de hasta 300 mil pesos anuales para que 200 profesionistas realicen estudios de posgrado en el extranjero. Toluca, Estado de M\u00e9xico.\u2013 En un esfuerzo conjunto para impulsar la formaci\u00f3n acad\u00e9mica de alto nivel, la Presidenta Claudia Sheinbaum Pardo y la Gobernadora Delfina [&hellip;]<\/p>\n","protected":false},"author":6,"featured_media":53574,"comment_status":"closed","ping_status":"closed","sticky":false,"template":"","format":"standard","meta":{"footnotes":""},"categories":[2],"tags":[],"class_list":["post-53573","post","type-post","status-publish","format-standard","has-post-thumbnail","hentry","category-edomex"],"yoast_head":"<!-- This site is optimized with the Yoast SEO plugin v27.5 - https:\/\/yoast.com\/product\/yoast-seo-wordpress\/ -->\n<title>&quot;OPORTUNIDAD INTERNACIONAL: BECAS PARA MEXIQUENSES QUE QUIEREN ESTUDIAR EN EL EXTRANJERO&quot; -<\/title>\n<meta name=\"robots\" content=\"index, follow, max-snippet:-1, max-image-preview:large, max-video-preview:-1\" \/>\n<link rel=\"canonical\" href=\"https:\/\/continuamosmx.com\/index.php\/2026\/03\/12\/oportunidad-internacional-becas-para-mexiquenses-que-quieren-estudiar-en-el-extranjero\/\" \/>\n<meta property=\"og:locale\" content=\"es_ES\" \/>\n<meta property=\"og:type\" content=\"article\" \/>\n<meta property=\"og:title\" content=\"&quot;OPORTUNIDAD INTERNACIONAL: BECAS PARA MEXIQUENSES QUE QUIEREN ESTUDIAR EN EL EXTRANJERO&quot; -\" \/>\n<meta property=\"og:description\" content=\"*El Gobierno del Estado de M\u00e9xico y el Gobierno Federal acuerdan otorgar becas de hasta 300 mil pesos anuales para que 200 profesionistas realicen estudios de posgrado en el extranjero. Toluca, Estado de M\u00e9xico.\u2013 En un esfuerzo conjunto para impulsar la formaci\u00f3n acad\u00e9mica de alto nivel, la Presidenta Claudia Sheinbaum Pardo y la Gobernadora Delfina [&hellip;]\" \/>\n<meta property=\"og:url\" content=\"https:\/\/continuamosmx.com\/index.php\/2026\/03\/12\/oportunidad-internacional-becas-para-mexiquenses-que-quieren-estudiar-en-el-extranjero\/\" \/>\n<meta property=\"article:published_time\" content=\"2026-03-13T04:44:20+00:00\" \/>\n<meta property=\"og:image\" content=\"https:\/\/continuamosmx.com\/wp-content\/uploads\/2026\/03\/bevas.jpg\" \/>\n\t<meta property=\"og:image:width\" content=\"1600\" \/>\n\t<meta property=\"og:image:height\" content=\"1066\" \/>\n\t<meta property=\"og:image:type\" content=\"image\/jpeg\" \/>\n<meta name=\"author\" content=\"Continuamos MX\" \/>\n<meta name=\"twitter:card\" content=\"summary_large_image\" \/>\n<meta name=\"twitter:label1\" content=\"Escrito por\" \/>\n\t<meta name=\"twitter:data1\" content=\"Continuamos MX\" \/>\n\t<meta name=\"twitter:label2\" content=\"Tiempo de lectura\" \/>\n\t<meta name=\"twitter:data2\" content=\"2 minutos\" \/>\n<script type=\"application\/ld+json\" class=\"yoast-schema-graph\">{\"@context\":\"https:\\\/\\\/schema.org\",\"@graph\":[{\"@type\":\"Article\",\"@id\":\"https:\\\/\\\/continuamosmx.com\\\/index.php\\\/2026\\\/03\\\/12\\\/oportunidad-internacional-becas-para-mexiquenses-que-quieren-estudiar-en-el-extranjero\\\/#article\",\"isPartOf\":{\"@id\":\"https:\\\/\\\/continuamosmx.com\\\/index.php\\\/2026\\\/03\\\/12\\\/oportunidad-internacional-becas-para-mexiquenses-que-quieren-estudiar-en-el-extranjero\\\/\"},\"author\":{\"name\":\"Continuamos MX\",\"@id\":\"https:\\\/\\\/continuamosmx.com\\\/#\\\/schema\\\/person\\\/5eb5356acb1fad784da407d14f0e8d89\"},\"headline\":\"\u00abOPORTUNIDAD INTERNACIONAL: BECAS PARA MEXIQUENSES QUE QUIEREN ESTUDIAR EN EL EXTRANJERO\u00bb\",\"datePublished\":\"2026-03-13T04:44:20+00:00\",\"mainEntityOfPage\":{\"@id\":\"https:\\\/\\\/continuamosmx.com\\\/index.php\\\/2026\\\/03\\\/12\\\/oportunidad-internacional-becas-para-mexiquenses-que-quieren-estudiar-en-el-extranjero\\\/\"},\"wordCount\":283,\"publisher\":{\"@id\":\"https:\\\/\\\/continuamosmx.com\\\/#organization\"},\"image\":{\"@id\":\"https:\\\/\\\/continuamosmx.com\\\/index.php\\\/2026\\\/03\\\/12\\\/oportunidad-internacional-becas-para-mexiquenses-que-quieren-estudiar-en-el-extranjero\\\/#primaryimage\"},\"thumbnailUrl\":\"https:\\\/\\\/continuamosmx.com\\\/wp-content\\\/uploads\\\/2026\\\/03\\\/bevas.jpg\",\"articleSection\":[\"EDOMEX\"],\"inLanguage\":\"es\"},{\"@type\":\"WebPage\",\"@id\":\"https:\\\/\\\/continuamosmx.com\\\/index.php\\\/2026\\\/03\\\/12\\\/oportunidad-internacional-becas-para-mexiquenses-que-quieren-estudiar-en-el-extranjero\\\/\",\"url\":\"https:\\\/\\\/continuamosmx.com\\\/index.php\\\/2026\\\/03\\\/12\\\/oportunidad-internacional-becas-para-mexiquenses-que-quieren-estudiar-en-el-extranjero\\\/\",\"name\":\"\\\"OPORTUNIDAD INTERNACIONAL: BECAS PARA MEXIQUENSES QUE QUIEREN ESTUDIAR EN EL EXTRANJERO\\\" -\",\"isPartOf\":{\"@id\":\"https:\\\/\\\/continuamosmx.com\\\/#website\"},\"primaryImageOfPage\":{\"@id\":\"https:\\\/\\\/continuamosmx.com\\\/index.php\\\/2026\\\/03\\\/12\\\/oportunidad-internacional-becas-para-mexiquenses-que-quieren-estudiar-en-el-extranjero\\\/#primaryimage\"},\"image\":{\"@id\":\"https:\\\/\\\/continuamosmx.com\\\/index.php\\\/2026\\\/03\\\/12\\\/oportunidad-internacional-becas-para-mexiquenses-que-quieren-estudiar-en-el-extranjero\\\/#primaryimage\"},\"thumbnailUrl\":\"https:\\\/\\\/continuamosmx.com\\\/wp-content\\\/uploads\\\/2026\\\/03\\\/bevas.jpg\",\"datePublished\":\"2026-03-13T04:44:20+00:00\",\"breadcrumb\":{\"@id\":\"https:\\\/\\\/continuamosmx.com\\\/index.php\\\/2026\\\/03\\\/12\\\/oportunidad-internacional-becas-para-mexiquenses-que-quieren-estudiar-en-el-extranjero\\\/#breadcrumb\"},\"inLanguage\":\"es\",\"potentialAction\":[{\"@type\":\"ReadAction\",\"target\":[\"https:\\\/\\\/continuamosmx.com\\\/index.php\\\/2026\\\/03\\\/12\\\/oportunidad-internacional-becas-para-mexiquenses-que-quieren-estudiar-en-el-extranjero\\\/\"]}]},{\"@type\":\"ImageObject\",\"inLanguage\":\"es\",\"@id\":\"https:\\\/\\\/continuamosmx.com\\\/index.php\\\/2026\\\/03\\\/12\\\/oportunidad-internacional-becas-para-mexiquenses-que-quieren-estudiar-en-el-extranjero\\\/#primaryimage\",\"url\":\"https:\\\/\\\/continuamosmx.com\\\/wp-content\\\/uploads\\\/2026\\\/03\\\/bevas.jpg\",\"contentUrl\":\"https:\\\/\\\/continuamosmx.com\\\/wp-content\\\/uploads\\\/2026\\\/03\\\/bevas.jpg\",\"width\":1600,\"height\":1066},{\"@type\":\"BreadcrumbList\",\"@id\":\"https:\\\/\\\/continuamosmx.com\\\/index.php\\\/2026\\\/03\\\/12\\\/oportunidad-internacional-becas-para-mexiquenses-que-quieren-estudiar-en-el-extranjero\\\/#breadcrumb\",\"itemListElement\":[{\"@type\":\"ListItem\",\"position\":1,\"name\":\"Inicio\",\"item\":\"https:\\\/\\\/continuamosmx.com\\\/\"},{\"@type\":\"ListItem\",\"position\":2,\"name\":\"\u00abOPORTUNIDAD INTERNACIONAL: BECAS PARA MEXIQUENSES QUE QUIEREN ESTUDIAR EN EL EXTRANJERO\u00bb\"}]},{\"@type\":\"WebSite\",\"@id\":\"https:\\\/\\\/continuamosmx.com\\\/#website\",\"url\":\"https:\\\/\\\/continuamosmx.com\\\/\",\"name\":\"www.continuamosmx.com\",\"description\":\"\",\"publisher\":{\"@id\":\"https:\\\/\\\/continuamosmx.com\\\/#organization\"},\"potentialAction\":[{\"@type\":\"SearchAction\",\"target\":{\"@type\":\"EntryPoint\",\"urlTemplate\":\"https:\\\/\\\/continuamosmx.com\\\/?s={search_term_string}\"},\"query-input\":{\"@type\":\"PropertyValueSpecification\",\"valueRequired\":true,\"valueName\":\"search_term_string\"}}],\"inLanguage\":\"es\"},{\"@type\":\"Organization\",\"@id\":\"https:\\\/\\\/continuamosmx.com\\\/#organization\",\"name\":\"ContinuamosMX\",\"url\":\"https:\\\/\\\/continuamosmx.com\\\/\",\"logo\":{\"@type\":\"ImageObject\",\"inLanguage\":\"es\",\"@id\":\"https:\\\/\\\/continuamosmx.com\\\/#\\\/schema\\\/logo\\\/image\\\/\",\"url\":\"https:\\\/\\\/continuamosmx.com\\\/wp-content\\\/uploads\\\/2023\\\/04\\\/cropped-LOGO-CONTI-NUEVO.png\",\"contentUrl\":\"https:\\\/\\\/continuamosmx.com\\\/wp-content\\\/uploads\\\/2023\\\/04\\\/cropped-LOGO-CONTI-NUEVO.png\",\"width\":1257,\"height\":430,\"caption\":\"ContinuamosMX\"},\"image\":{\"@id\":\"https:\\\/\\\/continuamosmx.com\\\/#\\\/schema\\\/logo\\\/image\\\/\"}},{\"@type\":\"Person\",\"@id\":\"https:\\\/\\\/continuamosmx.com\\\/#\\\/schema\\\/person\\\/5eb5356acb1fad784da407d14f0e8d89\",\"name\":\"Continuamos MX\",\"image\":{\"@type\":\"ImageObject\",\"inLanguage\":\"es\",\"@id\":\"https:\\\/\\\/secure.gravatar.com\\\/avatar\\\/30d4f9723476a15f4da34d35fb3501f08d2357016c76051c6a85c354c7489589?s=96&d=mm&r=g\",\"url\":\"https:\\\/\\\/secure.gravatar.com\\\/avatar\\\/30d4f9723476a15f4da34d35fb3501f08d2357016c76051c6a85c354c7489589?s=96&d=mm&r=g\",\"contentUrl\":\"https:\\\/\\\/secure.gravatar.com\\\/avatar\\\/30d4f9723476a15f4da34d35fb3501f08d2357016c76051c6a85c354c7489589?s=96&d=mm&r=g\",\"caption\":\"Continuamos MX\"},\"sameAs\":[\"http:\\\/\\\/www.continuamos.mx\"],\"url\":\"https:\\\/\\\/continuamosmx.com\\\/index.php\\\/author\\\/continuamos\\\/\"}]}<\/script>\n<!-- \/ Yoast SEO plugin. -->","yoast_head_json":{"title":"\"OPORTUNIDAD INTERNACIONAL: BECAS PARA MEXIQUENSES QUE QUIEREN ESTUDIAR EN EL EXTRANJERO\" -","robots":{"index":"index","follow":"follow","max-snippet":"max-snippet:-1","max-image-preview":"max-image-preview:large","max-video-preview":"max-video-preview:-1"},"canonical":"https:\/\/continuamosmx.com\/index.php\/2026\/03\/12\/oportunidad-internacional-becas-para-mexiquenses-que-quieren-estudiar-en-el-extranjero\/","og_locale":"es_ES","og_type":"article","og_title":"\"OPORTUNIDAD INTERNACIONAL: BECAS PARA MEXIQUENSES QUE QUIEREN ESTUDIAR EN EL EXTRANJERO\" -","og_description":"*El Gobierno del Estado de M\u00e9xico y el Gobierno Federal acuerdan otorgar becas de hasta 300 mil pesos anuales para que 200 profesionistas realicen estudios de posgrado en el extranjero. Toluca, Estado de M\u00e9xico.\u2013 En un esfuerzo conjunto para impulsar la formaci\u00f3n acad\u00e9mica de alto nivel, la Presidenta Claudia Sheinbaum Pardo y la Gobernadora Delfina [&hellip;]","og_url":"https:\/\/continuamosmx.com\/index.php\/2026\/03\/12\/oportunidad-internacional-becas-para-mexiquenses-que-quieren-estudiar-en-el-extranjero\/","article_published_time":"2026-03-13T04:44:20+00:00","og_image":[{"width":1600,"height":1066,"url":"https:\/\/continuamosmx.com\/wp-content\/uploads\/2026\/03\/bevas.jpg","type":"image\/jpeg"}],"author":"Continuamos MX","twitter_card":"summary_large_image","twitter_misc":{"Escrito por":"Continuamos MX","Tiempo de lectura":"2 minutos"},"schema":{"@context":"https:\/\/schema.org","@graph":[{"@type":"Article","@id":"https:\/\/continuamosmx.com\/index.php\/2026\/03\/12\/oportunidad-internacional-becas-para-mexiquenses-que-quieren-estudiar-en-el-extranjero\/#article","isPartOf":{"@id":"https:\/\/continuamosmx.com\/index.php\/2026\/03\/12\/oportunidad-internacional-becas-para-mexiquenses-que-quieren-estudiar-en-el-extranjero\/"},"author":{"name":"Continuamos MX","@id":"https:\/\/continuamosmx.com\/#\/schema\/person\/5eb5356acb1fad784da407d14f0e8d89"},"headline":"\u00abOPORTUNIDAD INTERNACIONAL: BECAS PARA MEXIQUENSES QUE QUIEREN ESTUDIAR EN EL EXTRANJERO\u00bb","datePublished":"2026-03-13T04:44:20+00:00","mainEntityOfPage":{"@id":"https:\/\/continuamosmx.com\/index.php\/2026\/03\/12\/oportunidad-internacional-becas-para-mexiquenses-que-quieren-estudiar-en-el-extranjero\/"},"wordCount":283,"publisher":{"@id":"https:\/\/continuamosmx.com\/#organization"},"image":{"@id":"https:\/\/continuamosmx.com\/index.php\/2026\/03\/12\/oportunidad-internacional-becas-para-mexiquenses-que-quieren-estudiar-en-el-extranjero\/#primaryimage"},"thumbnailUrl":"https:\/\/continuamosmx.com\/wp-content\/uploads\/2026\/03\/bevas.jpg","articleSection":["EDOMEX"],"inLanguage":"es"},{"@type":"WebPage","@id":"https:\/\/continuamosmx.com\/index.php\/2026\/03\/12\/oportunidad-internacional-becas-para-mexiquenses-que-quieren-estudiar-en-el-extranjero\/","url":"https:\/\/continuamosmx.com\/index.php\/2026\/03\/12\/oportunidad-internacional-becas-para-mexiquenses-que-quieren-estudiar-en-el-extranjero\/","name":"\"OPORTUNIDAD INTERNACIONAL: BECAS PARA MEXIQUENSES QUE QUIEREN ESTUDIAR EN EL EXTRANJERO\" -","isPartOf":{"@id":"https:\/\/continuamosmx.com\/#website"},"primaryImageOfPage":{"@id":"https:\/\/continuamosmx.com\/index.php\/2026\/03\/12\/oportunidad-internacional-becas-para-mexiquenses-que-quieren-estudiar-en-el-extranjero\/#primaryimage"},"image":{"@id":"https:\/\/continuamosmx.com\/index.php\/2026\/03\/12\/oportunidad-internacional-becas-para-mexiquenses-que-quieren-estudiar-en-el-extranjero\/#primaryimage"},"thumbnailUrl":"https:\/\/continuamosmx.com\/wp-content\/uploads\/2026\/03\/bevas.jpg","datePublished":"2026-03-13T04:44:20+00:00","breadcrumb":{"@id":"https:\/\/continuamosmx.com\/index.php\/2026\/03\/12\/oportunidad-internacional-becas-para-mexiquenses-que-quieren-estudiar-en-el-extranjero\/#breadcrumb"},"inLanguage":"es","potentialAction":[{"@type":"ReadAction","target":["https:\/\/continuamosmx.com\/index.php\/2026\/03\/12\/oportunidad-internacional-becas-para-mexiquenses-que-quieren-estudiar-en-el-extranjero\/"]}]},{"@type":"ImageObject","inLanguage":"es","@id":"https:\/\/continuamosmx.com\/index.php\/2026\/03\/12\/oportunidad-internacional-becas-para-mexiquenses-que-quieren-estudiar-en-el-extranjero\/#primaryimage","url":"https:\/\/continuamosmx.com\/wp-content\/uploads\/2026\/03\/bevas.jpg","contentUrl":"https:\/\/continuamosmx.com\/wp-content\/uploads\/2026\/03\/bevas.jpg","width":1600,"height":1066},{"@type":"BreadcrumbList","@id":"https:\/\/continuamosmx.com\/index.php\/2026\/03\/12\/oportunidad-internacional-becas-para-mexiquenses-que-quieren-estudiar-en-el-extranjero\/#breadcrumb","itemListElement":[{"@type":"ListItem","position":1,"name":"Inicio","item":"https:\/\/continuamosmx.com\/"},{"@type":"ListItem","position":2,"name":"\u00abOPORTUNIDAD INTERNACIONAL: BECAS PARA MEXIQUENSES QUE QUIEREN ESTUDIAR EN EL EXTRANJERO\u00bb"}]},{"@type":"WebSite","@id":"https:\/\/continuamosmx.com\/#website","url":"https:\/\/continuamosmx.com\/","name":"www.continuamosmx.com","description":"","publisher":{"@id":"https:\/\/continuamosmx.com\/#organization"},"potentialAction":[{"@type":"SearchAction","target":{"@type":"EntryPoint","urlTemplate":"https:\/\/continuamosmx.com\/?s={search_term_string}"},"query-input":{"@type":"PropertyValueSpecification","valueRequired":true,"valueName":"search_term_string"}}],"inLanguage":"es"},{"@type":"Organization","@id":"https:\/\/continuamosmx.com\/#organization","name":"ContinuamosMX","url":"https:\/\/continuamosmx.com\/","logo":{"@type":"ImageObject","inLanguage":"es","@id":"https:\/\/continuamosmx.com\/#\/schema\/logo\/image\/","url":"https:\/\/continuamosmx.com\/wp-content\/uploads\/2023\/04\/cropped-LOGO-CONTI-NUEVO.png","contentUrl":"https:\/\/continuamosmx.com\/wp-content\/uploads\/2023\/04\/cropped-LOGO-CONTI-NUEVO.png","width":1257,"height":430,"caption":"ContinuamosMX"},"image":{"@id":"https:\/\/continuamosmx.com\/#\/schema\/logo\/image\/"}},{"@type":"Person","@id":"https:\/\/continuamosmx.com\/#\/schema\/person\/5eb5356acb1fad784da407d14f0e8d89","name":"Continuamos MX","image":{"@type":"ImageObject","inLanguage":"es","@id":"https:\/\/secure.gravatar.com\/avatar\/30d4f9723476a15f4da34d35fb3501f08d2357016c76051c6a85c354c7489589?s=96&d=mm&r=g","url":"https:\/\/secure.gravatar.com\/avatar\/30d4f9723476a15f4da34d35fb3501f08d2357016c76051c6a85c354c7489589?s=96&d=mm&r=g","contentUrl":"https:\/\/secure.gravatar.com\/avatar\/30d4f9723476a15f4da34d35fb3501f08d2357016c76051c6a85c354c7489589?s=96&d=mm&r=g","caption":"Continuamos MX"},"sameAs":["http:\/\/www.continuamos.mx"],"url":"https:\/\/continuamosmx.com\/index.php\/author\/continuamos\/"}]}},"_links":{"self":[{"href":"https:\/\/continuamosmx.com\/index.php\/wp-json\/wp\/v2\/posts\/53573","targetHints":{"allow":["GET"]}}],"collection":[{"href":"https:\/\/continuamosmx.com\/index.php\/wp-json\/wp\/v2\/posts"}],"about":[{"href":"https:\/\/continuamosmx.com\/index.php\/wp-json\/wp\/v2\/types\/post"}],"author":[{"embeddable":true,"href":"https:\/\/continuamosmx.com\/index.php\/wp-json\/wp\/v2\/users\/6"}],"replies":[{"embeddable":true,"href":"https:\/\/continuamosmx.com\/index.php\/wp-json\/wp\/v2\/comments?post=53573"}],"version-history":[{"count":1,"href":"https:\/\/continuamosmx.com\/index.php\/wp-json\/wp\/v2\/posts\/53573\/revisions"}],"predecessor-version":[{"id":53575,"href":"https:\/\/continuamosmx.com\/index.php\/wp-json\/wp\/v2\/posts\/53573\/revisions\/53575"}],"wp:featuredmedia":[{"embeddable":true,"href":"https:\/\/continuamosmx.com\/index.php\/wp-json\/wp\/v2\/media\/53574"}],"wp:attachment":[{"href":"https:\/\/continuamosmx.com\/index.php\/wp-json\/wp\/v2\/media?parent=53573"}],"wp:term":[{"taxonomy":"category","embeddable":true,"href":"https:\/\/continuamosmx.com\/index.php\/wp-json\/wp\/v2\/categories?post=53573"},{"taxonomy":"post_tag","embeddable":true,"href":"https:\/\/continuamosmx.com\/index.php\/wp-json\/wp\/v2\/tags?post=53573"}],"curies":[{"name":"wp","href":"https:\/\/api.w.org\/{rel}","templated":true}]}}