{"id":53556,"date":"2026-03-11T18:30:39","date_gmt":"2026-03-12T00:30:39","guid":{"rendered":"https:\/\/continuamosmx.com\/?p=53556"},"modified":"2026-03-11T18:30:40","modified_gmt":"2026-03-12T00:30:40","slug":"tras-mas-de-40-anos-de-abandono-vecinos-y-gobierno-rehabilitan-calle-en-naucalpan","status":"publish","type":"post","link":"https:\/\/continuamosmx.com\/index.php\/2026\/03\/11\/tras-mas-de-40-anos-de-abandono-vecinos-y-gobierno-rehabilitan-calle-en-naucalpan\/","title":{"rendered":"TRAS M\u00c1S DE 40 A\u00d1OS DE ABANDONO, VECINOS Y GOBIERNO REHABILITAN CALLE EN NAUCALPAN"},"content":{"rendered":"\n<p><strong>*La calle Pensamiento, en la colonia Las Huertas, fue pavimentada con concreto hidr\u00e1ulico mediante el programa comunitario La Comuna y beneficiar\u00e1 a cerca de 1,500 habitantes.<\/strong><\/p>\n\n\n\n<p>Luego de m\u00e1s de cuatro d\u00e9cadas sin recibir mantenimiento, la calle Pensamiento, ubicada en la colonia Las Huertas Primera Secci\u00f3n, fue rehabilitada con concreto hidr\u00e1ulico como parte del programa La Comuna (Comunidad Unida y Activa), iniciativa que busca impulsar obras a partir de la colaboraci\u00f3n entre autoridades y ciudadan\u00eda.<\/p>\n\n\n\n<p>Durante un recorrido por la vialidad renovada, el presidente municipal de Naucalpan de Ju\u00e1rez, Isaac Montoya M\u00e1rquez, constat\u00f3 los trabajos realizados en esta calle que ahora beneficia a cerca de mil 500 habitantes de la zona.<\/p>\n\n\n\n<p>Vecinas y vecinos se\u00f1alaron que durante a\u00f1os solicitaron la pavimentaci\u00f3n sin obtener respuesta, por lo que destacaron la organizaci\u00f3n comunitaria que permiti\u00f3 concretar la obra.<\/p>\n\n\n\n<p>La intervenci\u00f3n incluy\u00f3 115 metros lineales de pavimentaci\u00f3n y 552 metros cuadrados de superficie, construidos con concreto de 15 cent\u00edmetros de espesor reforzado con malla electrosoldada, lo que brinda mayor resistencia y durabilidad a la vialidad.<\/p>\n\n\n\n<p>Como parte del esquema de trabajo comunitario, el gobierno municipal aport\u00f3 los materiales para la construcci\u00f3n, entre ellos 44 toneladas de cemento, 55 metros c\u00fabicos de arena y 79 metros c\u00fabicos de grava, adem\u00e1s de malla electrosoldada y pintura para se\u00f1alizaci\u00f3n.<\/p>\n\n\n\n<p>De acuerdo con autoridades municipales, el programa La Comuna busca reducir el rezago urbano mediante la participaci\u00f3n vecinal en la rehabilitaci\u00f3n de calles y espacios p\u00fablicos.<\/p>\n\n\n\n<p>Con esta obra, habitantes de la colonia Las Huertas ahora cuentan con una vialidad que mejora la movilidad peatonal y vehicular, adem\u00e1s de facilitar el acceso de servicios b\u00e1sicos como agua y gas, en una zona que por a\u00f1os permaneci\u00f3 sin atenci\u00f3n.<\/p>\n","protected":false},"excerpt":{"rendered":"<p>*La calle Pensamiento, en la colonia Las Huertas, fue pavimentada con concreto hidr\u00e1ulico mediante el programa comunitario La Comuna y beneficiar\u00e1 a cerca de 1,500 habitantes. Luego de m\u00e1s de cuatro d\u00e9cadas sin recibir mantenimiento, la calle Pensamiento, ubicada en la colonia Las Huertas Primera Secci\u00f3n, fue rehabilitada con concreto hidr\u00e1ulico como parte del programa [&hellip;]<\/p>\n","protected":false},"author":6,"featured_media":53557,"comment_status":"closed","ping_status":"closed","sticky":false,"template":"","format":"standard","meta":{"footnotes":""},"categories":[4,64],"tags":[],"class_list":["post-53556","post","type-post","status-publish","format-standard","has-post-thumbnail","hentry","category-locales","category-naucalpan"],"yoast_head":"<!-- This site is optimized with the Yoast SEO plugin v27.4 - https:\/\/yoast.com\/product\/yoast-seo-wordpress\/ -->\n<title>TRAS M\u00c1S DE 40 A\u00d1OS DE ABANDONO, VECINOS Y GOBIERNO REHABILITAN CALLE EN NAUCALPAN -<\/title>\n<meta name=\"robots\" content=\"index, follow, max-snippet:-1, max-image-preview:large, max-video-preview:-1\" \/>\n<link rel=\"canonical\" href=\"https:\/\/continuamosmx.com\/index.php\/2026\/03\/11\/tras-mas-de-40-anos-de-abandono-vecinos-y-gobierno-rehabilitan-calle-en-naucalpan\/\" \/>\n<meta property=\"og:locale\" content=\"es_ES\" \/>\n<meta property=\"og:type\" content=\"article\" \/>\n<meta property=\"og:title\" content=\"TRAS M\u00c1S DE 40 A\u00d1OS DE ABANDONO, VECINOS Y GOBIERNO REHABILITAN CALLE EN NAUCALPAN -\" \/>\n<meta property=\"og:description\" content=\"*La calle Pensamiento, en la colonia Las Huertas, fue pavimentada con concreto hidr\u00e1ulico mediante el programa comunitario La Comuna y beneficiar\u00e1 a cerca de 1,500 habitantes. Luego de m\u00e1s de cuatro d\u00e9cadas sin recibir mantenimiento, la calle Pensamiento, ubicada en la colonia Las Huertas Primera Secci\u00f3n, fue rehabilitada con concreto hidr\u00e1ulico como parte del programa [&hellip;]\" \/>\n<meta property=\"og:url\" content=\"https:\/\/continuamosmx.com\/index.php\/2026\/03\/11\/tras-mas-de-40-anos-de-abandono-vecinos-y-gobierno-rehabilitan-calle-en-naucalpan\/\" \/>\n<meta property=\"article:published_time\" content=\"2026-03-12T00:30:39+00:00\" \/>\n<meta property=\"article:modified_time\" content=\"2026-03-12T00:30:40+00:00\" \/>\n<meta property=\"og:image\" content=\"https:\/\/continuamosmx.com\/wp-content\/uploads\/2026\/03\/cuarenta.jpg\" \/>\n\t<meta property=\"og:image:width\" content=\"1600\" \/>\n\t<meta property=\"og:image:height\" content=\"1067\" \/>\n\t<meta property=\"og:image:type\" content=\"image\/jpeg\" \/>\n<meta name=\"author\" content=\"Continuamos MX\" \/>\n<meta name=\"twitter:card\" content=\"summary_large_image\" \/>\n<meta name=\"twitter:label1\" content=\"Escrito por\" \/>\n\t<meta name=\"twitter:data1\" content=\"Continuamos MX\" \/>\n\t<meta name=\"twitter:label2\" content=\"Tiempo de lectura\" \/>\n\t<meta name=\"twitter:data2\" content=\"2 minutos\" \/>\n<script type=\"application\/ld+json\" class=\"yoast-schema-graph\">{\"@context\":\"https:\\\/\\\/schema.org\",\"@graph\":[{\"@type\":\"Article\",\"@id\":\"https:\\\/\\\/continuamosmx.com\\\/index.php\\\/2026\\\/03\\\/11\\\/tras-mas-de-40-anos-de-abandono-vecinos-y-gobierno-rehabilitan-calle-en-naucalpan\\\/#article\",\"isPartOf\":{\"@id\":\"https:\\\/\\\/continuamosmx.com\\\/index.php\\\/2026\\\/03\\\/11\\\/tras-mas-de-40-anos-de-abandono-vecinos-y-gobierno-rehabilitan-calle-en-naucalpan\\\/\"},\"author\":{\"name\":\"Continuamos MX\",\"@id\":\"https:\\\/\\\/continuamosmx.com\\\/#\\\/schema\\\/person\\\/5eb5356acb1fad784da407d14f0e8d89\"},\"headline\":\"TRAS M\u00c1S DE 40 A\u00d1OS DE ABANDONO, VECINOS Y GOBIERNO REHABILITAN CALLE EN NAUCALPAN\",\"datePublished\":\"2026-03-12T00:30:39+00:00\",\"dateModified\":\"2026-03-12T00:30:40+00:00\",\"mainEntityOfPage\":{\"@id\":\"https:\\\/\\\/continuamosmx.com\\\/index.php\\\/2026\\\/03\\\/11\\\/tras-mas-de-40-anos-de-abandono-vecinos-y-gobierno-rehabilitan-calle-en-naucalpan\\\/\"},\"wordCount\":317,\"publisher\":{\"@id\":\"https:\\\/\\\/continuamosmx.com\\\/#organization\"},\"image\":{\"@id\":\"https:\\\/\\\/continuamosmx.com\\\/index.php\\\/2026\\\/03\\\/11\\\/tras-mas-de-40-anos-de-abandono-vecinos-y-gobierno-rehabilitan-calle-en-naucalpan\\\/#primaryimage\"},\"thumbnailUrl\":\"https:\\\/\\\/continuamosmx.com\\\/wp-content\\\/uploads\\\/2026\\\/03\\\/cuarenta.jpg\",\"articleSection\":[\"LOCALES\",\"NAUCALPAN\"],\"inLanguage\":\"es\"},{\"@type\":\"WebPage\",\"@id\":\"https:\\\/\\\/continuamosmx.com\\\/index.php\\\/2026\\\/03\\\/11\\\/tras-mas-de-40-anos-de-abandono-vecinos-y-gobierno-rehabilitan-calle-en-naucalpan\\\/\",\"url\":\"https:\\\/\\\/continuamosmx.com\\\/index.php\\\/2026\\\/03\\\/11\\\/tras-mas-de-40-anos-de-abandono-vecinos-y-gobierno-rehabilitan-calle-en-naucalpan\\\/\",\"name\":\"TRAS M\u00c1S DE 40 A\u00d1OS DE ABANDONO, VECINOS Y GOBIERNO REHABILITAN CALLE EN NAUCALPAN -\",\"isPartOf\":{\"@id\":\"https:\\\/\\\/continuamosmx.com\\\/#website\"},\"primaryImageOfPage\":{\"@id\":\"https:\\\/\\\/continuamosmx.com\\\/index.php\\\/2026\\\/03\\\/11\\\/tras-mas-de-40-anos-de-abandono-vecinos-y-gobierno-rehabilitan-calle-en-naucalpan\\\/#primaryimage\"},\"image\":{\"@id\":\"https:\\\/\\\/continuamosmx.com\\\/index.php\\\/2026\\\/03\\\/11\\\/tras-mas-de-40-anos-de-abandono-vecinos-y-gobierno-rehabilitan-calle-en-naucalpan\\\/#primaryimage\"},\"thumbnailUrl\":\"https:\\\/\\\/continuamosmx.com\\\/wp-content\\\/uploads\\\/2026\\\/03\\\/cuarenta.jpg\",\"datePublished\":\"2026-03-12T00:30:39+00:00\",\"dateModified\":\"2026-03-12T00:30:40+00:00\",\"breadcrumb\":{\"@id\":\"https:\\\/\\\/continuamosmx.com\\\/index.php\\\/2026\\\/03\\\/11\\\/tras-mas-de-40-anos-de-abandono-vecinos-y-gobierno-rehabilitan-calle-en-naucalpan\\\/#breadcrumb\"},\"inLanguage\":\"es\",\"potentialAction\":[{\"@type\":\"ReadAction\",\"target\":[\"https:\\\/\\\/continuamosmx.com\\\/index.php\\\/2026\\\/03\\\/11\\\/tras-mas-de-40-anos-de-abandono-vecinos-y-gobierno-rehabilitan-calle-en-naucalpan\\\/\"]}]},{\"@type\":\"ImageObject\",\"inLanguage\":\"es\",\"@id\":\"https:\\\/\\\/continuamosmx.com\\\/index.php\\\/2026\\\/03\\\/11\\\/tras-mas-de-40-anos-de-abandono-vecinos-y-gobierno-rehabilitan-calle-en-naucalpan\\\/#primaryimage\",\"url\":\"https:\\\/\\\/continuamosmx.com\\\/wp-content\\\/uploads\\\/2026\\\/03\\\/cuarenta.jpg\",\"contentUrl\":\"https:\\\/\\\/continuamosmx.com\\\/wp-content\\\/uploads\\\/2026\\\/03\\\/cuarenta.jpg\",\"width\":1600,\"height\":1067},{\"@type\":\"BreadcrumbList\",\"@id\":\"https:\\\/\\\/continuamosmx.com\\\/index.php\\\/2026\\\/03\\\/11\\\/tras-mas-de-40-anos-de-abandono-vecinos-y-gobierno-rehabilitan-calle-en-naucalpan\\\/#breadcrumb\",\"itemListElement\":[{\"@type\":\"ListItem\",\"position\":1,\"name\":\"Inicio\",\"item\":\"https:\\\/\\\/continuamosmx.com\\\/\"},{\"@type\":\"ListItem\",\"position\":2,\"name\":\"TRAS M\u00c1S DE 40 A\u00d1OS DE ABANDONO, VECINOS Y GOBIERNO REHABILITAN CALLE EN NAUCALPAN\"}]},{\"@type\":\"WebSite\",\"@id\":\"https:\\\/\\\/continuamosmx.com\\\/#website\",\"url\":\"https:\\\/\\\/continuamosmx.com\\\/\",\"name\":\"www.continuamosmx.com\",\"description\":\"\",\"publisher\":{\"@id\":\"https:\\\/\\\/continuamosmx.com\\\/#organization\"},\"potentialAction\":[{\"@type\":\"SearchAction\",\"target\":{\"@type\":\"EntryPoint\",\"urlTemplate\":\"https:\\\/\\\/continuamosmx.com\\\/?s={search_term_string}\"},\"query-input\":{\"@type\":\"PropertyValueSpecification\",\"valueRequired\":true,\"valueName\":\"search_term_string\"}}],\"inLanguage\":\"es\"},{\"@type\":\"Organization\",\"@id\":\"https:\\\/\\\/continuamosmx.com\\\/#organization\",\"name\":\"ContinuamosMX\",\"url\":\"https:\\\/\\\/continuamosmx.com\\\/\",\"logo\":{\"@type\":\"ImageObject\",\"inLanguage\":\"es\",\"@id\":\"https:\\\/\\\/continuamosmx.com\\\/#\\\/schema\\\/logo\\\/image\\\/\",\"url\":\"https:\\\/\\\/continuamosmx.com\\\/wp-content\\\/uploads\\\/2023\\\/04\\\/cropped-LOGO-CONTI-NUEVO.png\",\"contentUrl\":\"https:\\\/\\\/continuamosmx.com\\\/wp-content\\\/uploads\\\/2023\\\/04\\\/cropped-LOGO-CONTI-NUEVO.png\",\"width\":1257,\"height\":430,\"caption\":\"ContinuamosMX\"},\"image\":{\"@id\":\"https:\\\/\\\/continuamosmx.com\\\/#\\\/schema\\\/logo\\\/image\\\/\"}},{\"@type\":\"Person\",\"@id\":\"https:\\\/\\\/continuamosmx.com\\\/#\\\/schema\\\/person\\\/5eb5356acb1fad784da407d14f0e8d89\",\"name\":\"Continuamos MX\",\"image\":{\"@type\":\"ImageObject\",\"inLanguage\":\"es\",\"@id\":\"https:\\\/\\\/secure.gravatar.com\\\/avatar\\\/30d4f9723476a15f4da34d35fb3501f08d2357016c76051c6a85c354c7489589?s=96&d=mm&r=g\",\"url\":\"https:\\\/\\\/secure.gravatar.com\\\/avatar\\\/30d4f9723476a15f4da34d35fb3501f08d2357016c76051c6a85c354c7489589?s=96&d=mm&r=g\",\"contentUrl\":\"https:\\\/\\\/secure.gravatar.com\\\/avatar\\\/30d4f9723476a15f4da34d35fb3501f08d2357016c76051c6a85c354c7489589?s=96&d=mm&r=g\",\"caption\":\"Continuamos MX\"},\"sameAs\":[\"http:\\\/\\\/www.continuamos.mx\"],\"url\":\"https:\\\/\\\/continuamosmx.com\\\/index.php\\\/author\\\/continuamos\\\/\"}]}<\/script>\n<!-- \/ Yoast SEO plugin. -->","yoast_head_json":{"title":"TRAS M\u00c1S DE 40 A\u00d1OS DE ABANDONO, VECINOS Y GOBIERNO REHABILITAN CALLE EN NAUCALPAN -","robots":{"index":"index","follow":"follow","max-snippet":"max-snippet:-1","max-image-preview":"max-image-preview:large","max-video-preview":"max-video-preview:-1"},"canonical":"https:\/\/continuamosmx.com\/index.php\/2026\/03\/11\/tras-mas-de-40-anos-de-abandono-vecinos-y-gobierno-rehabilitan-calle-en-naucalpan\/","og_locale":"es_ES","og_type":"article","og_title":"TRAS M\u00c1S DE 40 A\u00d1OS DE ABANDONO, VECINOS Y GOBIERNO REHABILITAN CALLE EN NAUCALPAN -","og_description":"*La calle Pensamiento, en la colonia Las Huertas, fue pavimentada con concreto hidr\u00e1ulico mediante el programa comunitario La Comuna y beneficiar\u00e1 a cerca de 1,500 habitantes. Luego de m\u00e1s de cuatro d\u00e9cadas sin recibir mantenimiento, la calle Pensamiento, ubicada en la colonia Las Huertas Primera Secci\u00f3n, fue rehabilitada con concreto hidr\u00e1ulico como parte del programa [&hellip;]","og_url":"https:\/\/continuamosmx.com\/index.php\/2026\/03\/11\/tras-mas-de-40-anos-de-abandono-vecinos-y-gobierno-rehabilitan-calle-en-naucalpan\/","article_published_time":"2026-03-12T00:30:39+00:00","article_modified_time":"2026-03-12T00:30:40+00:00","og_image":[{"width":1600,"height":1067,"url":"https:\/\/continuamosmx.com\/wp-content\/uploads\/2026\/03\/cuarenta.jpg","type":"image\/jpeg"}],"author":"Continuamos MX","twitter_card":"summary_large_image","twitter_misc":{"Escrito por":"Continuamos MX","Tiempo de lectura":"2 minutos"},"schema":{"@context":"https:\/\/schema.org","@graph":[{"@type":"Article","@id":"https:\/\/continuamosmx.com\/index.php\/2026\/03\/11\/tras-mas-de-40-anos-de-abandono-vecinos-y-gobierno-rehabilitan-calle-en-naucalpan\/#article","isPartOf":{"@id":"https:\/\/continuamosmx.com\/index.php\/2026\/03\/11\/tras-mas-de-40-anos-de-abandono-vecinos-y-gobierno-rehabilitan-calle-en-naucalpan\/"},"author":{"name":"Continuamos MX","@id":"https:\/\/continuamosmx.com\/#\/schema\/person\/5eb5356acb1fad784da407d14f0e8d89"},"headline":"TRAS M\u00c1S DE 40 A\u00d1OS DE ABANDONO, VECINOS Y GOBIERNO REHABILITAN CALLE EN NAUCALPAN","datePublished":"2026-03-12T00:30:39+00:00","dateModified":"2026-03-12T00:30:40+00:00","mainEntityOfPage":{"@id":"https:\/\/continuamosmx.com\/index.php\/2026\/03\/11\/tras-mas-de-40-anos-de-abandono-vecinos-y-gobierno-rehabilitan-calle-en-naucalpan\/"},"wordCount":317,"publisher":{"@id":"https:\/\/continuamosmx.com\/#organization"},"image":{"@id":"https:\/\/continuamosmx.com\/index.php\/2026\/03\/11\/tras-mas-de-40-anos-de-abandono-vecinos-y-gobierno-rehabilitan-calle-en-naucalpan\/#primaryimage"},"thumbnailUrl":"https:\/\/continuamosmx.com\/wp-content\/uploads\/2026\/03\/cuarenta.jpg","articleSection":["LOCALES","NAUCALPAN"],"inLanguage":"es"},{"@type":"WebPage","@id":"https:\/\/continuamosmx.com\/index.php\/2026\/03\/11\/tras-mas-de-40-anos-de-abandono-vecinos-y-gobierno-rehabilitan-calle-en-naucalpan\/","url":"https:\/\/continuamosmx.com\/index.php\/2026\/03\/11\/tras-mas-de-40-anos-de-abandono-vecinos-y-gobierno-rehabilitan-calle-en-naucalpan\/","name":"TRAS M\u00c1S DE 40 A\u00d1OS DE ABANDONO, VECINOS Y GOBIERNO REHABILITAN CALLE EN NAUCALPAN -","isPartOf":{"@id":"https:\/\/continuamosmx.com\/#website"},"primaryImageOfPage":{"@id":"https:\/\/continuamosmx.com\/index.php\/2026\/03\/11\/tras-mas-de-40-anos-de-abandono-vecinos-y-gobierno-rehabilitan-calle-en-naucalpan\/#primaryimage"},"image":{"@id":"https:\/\/continuamosmx.com\/index.php\/2026\/03\/11\/tras-mas-de-40-anos-de-abandono-vecinos-y-gobierno-rehabilitan-calle-en-naucalpan\/#primaryimage"},"thumbnailUrl":"https:\/\/continuamosmx.com\/wp-content\/uploads\/2026\/03\/cuarenta.jpg","datePublished":"2026-03-12T00:30:39+00:00","dateModified":"2026-03-12T00:30:40+00:00","breadcrumb":{"@id":"https:\/\/continuamosmx.com\/index.php\/2026\/03\/11\/tras-mas-de-40-anos-de-abandono-vecinos-y-gobierno-rehabilitan-calle-en-naucalpan\/#breadcrumb"},"inLanguage":"es","potentialAction":[{"@type":"ReadAction","target":["https:\/\/continuamosmx.com\/index.php\/2026\/03\/11\/tras-mas-de-40-anos-de-abandono-vecinos-y-gobierno-rehabilitan-calle-en-naucalpan\/"]}]},{"@type":"ImageObject","inLanguage":"es","@id":"https:\/\/continuamosmx.com\/index.php\/2026\/03\/11\/tras-mas-de-40-anos-de-abandono-vecinos-y-gobierno-rehabilitan-calle-en-naucalpan\/#primaryimage","url":"https:\/\/continuamosmx.com\/wp-content\/uploads\/2026\/03\/cuarenta.jpg","contentUrl":"https:\/\/continuamosmx.com\/wp-content\/uploads\/2026\/03\/cuarenta.jpg","width":1600,"height":1067},{"@type":"BreadcrumbList","@id":"https:\/\/continuamosmx.com\/index.php\/2026\/03\/11\/tras-mas-de-40-anos-de-abandono-vecinos-y-gobierno-rehabilitan-calle-en-naucalpan\/#breadcrumb","itemListElement":[{"@type":"ListItem","position":1,"name":"Inicio","item":"https:\/\/continuamosmx.com\/"},{"@type":"ListItem","position":2,"name":"TRAS M\u00c1S DE 40 A\u00d1OS DE ABANDONO, VECINOS Y GOBIERNO REHABILITAN CALLE EN NAUCALPAN"}]},{"@type":"WebSite","@id":"https:\/\/continuamosmx.com\/#website","url":"https:\/\/continuamosmx.com\/","name":"www.continuamosmx.com","description":"","publisher":{"@id":"https:\/\/continuamosmx.com\/#organization"},"potentialAction":[{"@type":"SearchAction","target":{"@type":"EntryPoint","urlTemplate":"https:\/\/continuamosmx.com\/?s={search_term_string}"},"query-input":{"@type":"PropertyValueSpecification","valueRequired":true,"valueName":"search_term_string"}}],"inLanguage":"es"},{"@type":"Organization","@id":"https:\/\/continuamosmx.com\/#organization","name":"ContinuamosMX","url":"https:\/\/continuamosmx.com\/","logo":{"@type":"ImageObject","inLanguage":"es","@id":"https:\/\/continuamosmx.com\/#\/schema\/logo\/image\/","url":"https:\/\/continuamosmx.com\/wp-content\/uploads\/2023\/04\/cropped-LOGO-CONTI-NUEVO.png","contentUrl":"https:\/\/continuamosmx.com\/wp-content\/uploads\/2023\/04\/cropped-LOGO-CONTI-NUEVO.png","width":1257,"height":430,"caption":"ContinuamosMX"},"image":{"@id":"https:\/\/continuamosmx.com\/#\/schema\/logo\/image\/"}},{"@type":"Person","@id":"https:\/\/continuamosmx.com\/#\/schema\/person\/5eb5356acb1fad784da407d14f0e8d89","name":"Continuamos MX","image":{"@type":"ImageObject","inLanguage":"es","@id":"https:\/\/secure.gravatar.com\/avatar\/30d4f9723476a15f4da34d35fb3501f08d2357016c76051c6a85c354c7489589?s=96&d=mm&r=g","url":"https:\/\/secure.gravatar.com\/avatar\/30d4f9723476a15f4da34d35fb3501f08d2357016c76051c6a85c354c7489589?s=96&d=mm&r=g","contentUrl":"https:\/\/secure.gravatar.com\/avatar\/30d4f9723476a15f4da34d35fb3501f08d2357016c76051c6a85c354c7489589?s=96&d=mm&r=g","caption":"Continuamos MX"},"sameAs":["http:\/\/www.continuamos.mx"],"url":"https:\/\/continuamosmx.com\/index.php\/author\/continuamos\/"}]}},"_links":{"self":[{"href":"https:\/\/continuamosmx.com\/index.php\/wp-json\/wp\/v2\/posts\/53556","targetHints":{"allow":["GET"]}}],"collection":[{"href":"https:\/\/continuamosmx.com\/index.php\/wp-json\/wp\/v2\/posts"}],"about":[{"href":"https:\/\/continuamosmx.com\/index.php\/wp-json\/wp\/v2\/types\/post"}],"author":[{"embeddable":true,"href":"https:\/\/continuamosmx.com\/index.php\/wp-json\/wp\/v2\/users\/6"}],"replies":[{"embeddable":true,"href":"https:\/\/continuamosmx.com\/index.php\/wp-json\/wp\/v2\/comments?post=53556"}],"version-history":[{"count":1,"href":"https:\/\/continuamosmx.com\/index.php\/wp-json\/wp\/v2\/posts\/53556\/revisions"}],"predecessor-version":[{"id":53558,"href":"https:\/\/continuamosmx.com\/index.php\/wp-json\/wp\/v2\/posts\/53556\/revisions\/53558"}],"wp:featuredmedia":[{"embeddable":true,"href":"https:\/\/continuamosmx.com\/index.php\/wp-json\/wp\/v2\/media\/53557"}],"wp:attachment":[{"href":"https:\/\/continuamosmx.com\/index.php\/wp-json\/wp\/v2\/media?parent=53556"}],"wp:term":[{"taxonomy":"category","embeddable":true,"href":"https:\/\/continuamosmx.com\/index.php\/wp-json\/wp\/v2\/categories?post=53556"},{"taxonomy":"post_tag","embeddable":true,"href":"https:\/\/continuamosmx.com\/index.php\/wp-json\/wp\/v2\/tags?post=53556"}],"curies":[{"name":"wp","href":"https:\/\/api.w.org\/{rel}","templated":true}]}}