{"id":53550,"date":"2026-03-11T18:26:21","date_gmt":"2026-03-12T00:26:21","guid":{"rendered":"https:\/\/continuamosmx.com\/?p=53550"},"modified":"2026-03-11T18:26:22","modified_gmt":"2026-03-12T00:26:22","slug":"congreso-del-estado-de-mexico-avanza-en-la-lucha-contra-la-violencia-digital","status":"publish","type":"post","link":"https:\/\/continuamosmx.com\/index.php\/2026\/03\/11\/congreso-del-estado-de-mexico-avanza-en-la-lucha-contra-la-violencia-digital\/","title":{"rendered":"\u00abCONGRESO DEL ESTADO DE M\u00c9XICO AVANZA EN LA LUCHA CONTRA LA VIOLENCIA DIGITAL\u00bb"},"content":{"rendered":"\n<p><strong>*La LXII Legislatura mexiquense tipifica la violencia digital y establece medidas inmediatas de protecci\u00f3n para las v\u00edctimas, marcando un hito en la defensa de los derechos de las mujeres.<\/strong><\/p>\n\n\n\n<p>Toluca, Estado de M\u00e9xico \u2013 En un paso decisivo hacia la protecci\u00f3n de las v\u00edctimas de violencia digital, el Congreso del Estado de M\u00e9xico aprob\u00f3 un dictamen que incorpora esta modalidad como un delito que debe ser prevenido, atendido y sancionado por el Estado. La iniciativa, impulsada por la diputada Sandra Patricia Santos (morena) y la bancada del PVEM, coordinada por el diputado Jos\u00e9 Alberto Couttolenc, busca garantizar la integridad de las v\u00edctimas mediante medidas de protecci\u00f3n inmediatas.<\/p>\n\n\n\n<p>El dictamen establece que el Ministerio P\u00fablico y el juez o jueza deber\u00e1n ordenar, sin demora, la interrupci\u00f3n, bloqueo, destrucci\u00f3n o eliminaci\u00f3n de cuentas, im\u00e1genes, audios o videos relacionados con la investigaci\u00f3n. Esto es fundamental para salvaguardar la privacidad y dignidad de las personas afectadas.<\/p>\n\n\n\n<p>La violencia digital se define como cualquier acci\u00f3n dolosa realizada a trav\u00e9s de tecnolog\u00edas de la informaci\u00f3n y comunicaci\u00f3n que exponga, distribuya o comparta contenido \u00edntimo sin el consentimiento de la persona afectada. Este tipo de violencia ha sido identificado como un problema creciente, especialmente entre las mujeres, con un 36% de ellas reportando haber recibido propuestas sexuales no deseadas en l\u00ednea.<\/p>\n\n\n\n<p>La diputada Alejandra Figueroa Adame (PVEM) destac\u00f3 la importancia de esta reforma, se\u00f1alando que representa un avance hist\u00f3rico en la lucha contra la violencia hacia las mujeres. Adem\u00e1s, se estipula que las plataformas digitales y medios de comunicaci\u00f3n deber\u00e1n notificar de manera inmediata a los usuarios sobre la inhabilitaci\u00f3n de su contenido, cumpliendo con las \u00f3rdenes judiciales.<\/p>\n\n\n\n<p>Este nuevo marco legal tambi\u00e9n obliga a identificar a los proveedores de servicios en l\u00ednea, asegurando que se tomen las acciones necesarias para proteger a las v\u00edctimas y conservar el contenido denunciado de manera legal.<\/p>\n\n\n\n<p>El Congreso del Estado de M\u00e9xico reafirma as\u00ed su compromiso con la protecci\u00f3n de los derechos humanos y la erradicaci\u00f3n de la violencia en todas sus formas.<\/p>\n","protected":false},"excerpt":{"rendered":"<p>*La LXII Legislatura mexiquense tipifica la violencia digital y establece medidas inmediatas de protecci\u00f3n para las v\u00edctimas, marcando un hito en la defensa de los derechos de las mujeres. Toluca, Estado de M\u00e9xico \u2013 En un paso decisivo hacia la protecci\u00f3n de las v\u00edctimas de violencia digital, el Congreso del Estado de M\u00e9xico aprob\u00f3 un [&hellip;]<\/p>\n","protected":false},"author":6,"featured_media":53551,"comment_status":"closed","ping_status":"closed","sticky":false,"template":"","format":"standard","meta":{"footnotes":""},"categories":[229],"tags":[],"class_list":["post-53550","post","type-post","status-publish","format-standard","has-post-thumbnail","hentry","category-congreso-edomex"],"yoast_head":"<!-- This site is optimized with the Yoast SEO plugin v27.5 - https:\/\/yoast.com\/product\/yoast-seo-wordpress\/ -->\n<title>&quot;CONGRESO DEL ESTADO DE M\u00c9XICO AVANZA EN LA LUCHA CONTRA LA VIOLENCIA DIGITAL&quot; -<\/title>\n<meta name=\"robots\" content=\"index, follow, max-snippet:-1, max-image-preview:large, max-video-preview:-1\" \/>\n<link rel=\"canonical\" href=\"https:\/\/continuamosmx.com\/index.php\/2026\/03\/11\/congreso-del-estado-de-mexico-avanza-en-la-lucha-contra-la-violencia-digital\/\" \/>\n<meta property=\"og:locale\" content=\"es_ES\" \/>\n<meta property=\"og:type\" content=\"article\" \/>\n<meta property=\"og:title\" content=\"&quot;CONGRESO DEL ESTADO DE M\u00c9XICO AVANZA EN LA LUCHA CONTRA LA VIOLENCIA DIGITAL&quot; -\" \/>\n<meta property=\"og:description\" content=\"*La LXII Legislatura mexiquense tipifica la violencia digital y establece medidas inmediatas de protecci\u00f3n para las v\u00edctimas, marcando un hito en la defensa de los derechos de las mujeres. Toluca, Estado de M\u00e9xico \u2013 En un paso decisivo hacia la protecci\u00f3n de las v\u00edctimas de violencia digital, el Congreso del Estado de M\u00e9xico aprob\u00f3 un [&hellip;]\" \/>\n<meta property=\"og:url\" content=\"https:\/\/continuamosmx.com\/index.php\/2026\/03\/11\/congreso-del-estado-de-mexico-avanza-en-la-lucha-contra-la-violencia-digital\/\" \/>\n<meta property=\"article:published_time\" content=\"2026-03-12T00:26:21+00:00\" \/>\n<meta property=\"article:modified_time\" content=\"2026-03-12T00:26:22+00:00\" \/>\n<meta property=\"og:image\" content=\"https:\/\/continuamosmx.com\/wp-content\/uploads\/2026\/03\/violencia.jpg\" \/>\n\t<meta property=\"og:image:width\" content=\"1599\" \/>\n\t<meta property=\"og:image:height\" content=\"1066\" \/>\n\t<meta property=\"og:image:type\" content=\"image\/jpeg\" \/>\n<meta name=\"author\" content=\"Continuamos MX\" \/>\n<meta name=\"twitter:card\" content=\"summary_large_image\" \/>\n<meta name=\"twitter:label1\" content=\"Escrito por\" \/>\n\t<meta name=\"twitter:data1\" content=\"Continuamos MX\" \/>\n\t<meta name=\"twitter:label2\" content=\"Tiempo de lectura\" \/>\n\t<meta name=\"twitter:data2\" content=\"2 minutos\" \/>\n<script type=\"application\/ld+json\" class=\"yoast-schema-graph\">{\"@context\":\"https:\\\/\\\/schema.org\",\"@graph\":[{\"@type\":\"Article\",\"@id\":\"https:\\\/\\\/continuamosmx.com\\\/index.php\\\/2026\\\/03\\\/11\\\/congreso-del-estado-de-mexico-avanza-en-la-lucha-contra-la-violencia-digital\\\/#article\",\"isPartOf\":{\"@id\":\"https:\\\/\\\/continuamosmx.com\\\/index.php\\\/2026\\\/03\\\/11\\\/congreso-del-estado-de-mexico-avanza-en-la-lucha-contra-la-violencia-digital\\\/\"},\"author\":{\"name\":\"Continuamos MX\",\"@id\":\"https:\\\/\\\/continuamosmx.com\\\/#\\\/schema\\\/person\\\/5eb5356acb1fad784da407d14f0e8d89\"},\"headline\":\"\u00abCONGRESO DEL ESTADO DE M\u00c9XICO AVANZA EN LA LUCHA CONTRA LA VIOLENCIA DIGITAL\u00bb\",\"datePublished\":\"2026-03-12T00:26:21+00:00\",\"dateModified\":\"2026-03-12T00:26:22+00:00\",\"mainEntityOfPage\":{\"@id\":\"https:\\\/\\\/continuamosmx.com\\\/index.php\\\/2026\\\/03\\\/11\\\/congreso-del-estado-de-mexico-avanza-en-la-lucha-contra-la-violencia-digital\\\/\"},\"wordCount\":378,\"publisher\":{\"@id\":\"https:\\\/\\\/continuamosmx.com\\\/#organization\"},\"image\":{\"@id\":\"https:\\\/\\\/continuamosmx.com\\\/index.php\\\/2026\\\/03\\\/11\\\/congreso-del-estado-de-mexico-avanza-en-la-lucha-contra-la-violencia-digital\\\/#primaryimage\"},\"thumbnailUrl\":\"https:\\\/\\\/continuamosmx.com\\\/wp-content\\\/uploads\\\/2026\\\/03\\\/violencia.jpg\",\"articleSection\":[\"CONGRESO EDOM\u00c9X\"],\"inLanguage\":\"es\"},{\"@type\":\"WebPage\",\"@id\":\"https:\\\/\\\/continuamosmx.com\\\/index.php\\\/2026\\\/03\\\/11\\\/congreso-del-estado-de-mexico-avanza-en-la-lucha-contra-la-violencia-digital\\\/\",\"url\":\"https:\\\/\\\/continuamosmx.com\\\/index.php\\\/2026\\\/03\\\/11\\\/congreso-del-estado-de-mexico-avanza-en-la-lucha-contra-la-violencia-digital\\\/\",\"name\":\"\\\"CONGRESO DEL ESTADO DE M\u00c9XICO AVANZA EN LA LUCHA CONTRA LA VIOLENCIA DIGITAL\\\" -\",\"isPartOf\":{\"@id\":\"https:\\\/\\\/continuamosmx.com\\\/#website\"},\"primaryImageOfPage\":{\"@id\":\"https:\\\/\\\/continuamosmx.com\\\/index.php\\\/2026\\\/03\\\/11\\\/congreso-del-estado-de-mexico-avanza-en-la-lucha-contra-la-violencia-digital\\\/#primaryimage\"},\"image\":{\"@id\":\"https:\\\/\\\/continuamosmx.com\\\/index.php\\\/2026\\\/03\\\/11\\\/congreso-del-estado-de-mexico-avanza-en-la-lucha-contra-la-violencia-digital\\\/#primaryimage\"},\"thumbnailUrl\":\"https:\\\/\\\/continuamosmx.com\\\/wp-content\\\/uploads\\\/2026\\\/03\\\/violencia.jpg\",\"datePublished\":\"2026-03-12T00:26:21+00:00\",\"dateModified\":\"2026-03-12T00:26:22+00:00\",\"breadcrumb\":{\"@id\":\"https:\\\/\\\/continuamosmx.com\\\/index.php\\\/2026\\\/03\\\/11\\\/congreso-del-estado-de-mexico-avanza-en-la-lucha-contra-la-violencia-digital\\\/#breadcrumb\"},\"inLanguage\":\"es\",\"potentialAction\":[{\"@type\":\"ReadAction\",\"target\":[\"https:\\\/\\\/continuamosmx.com\\\/index.php\\\/2026\\\/03\\\/11\\\/congreso-del-estado-de-mexico-avanza-en-la-lucha-contra-la-violencia-digital\\\/\"]}]},{\"@type\":\"ImageObject\",\"inLanguage\":\"es\",\"@id\":\"https:\\\/\\\/continuamosmx.com\\\/index.php\\\/2026\\\/03\\\/11\\\/congreso-del-estado-de-mexico-avanza-en-la-lucha-contra-la-violencia-digital\\\/#primaryimage\",\"url\":\"https:\\\/\\\/continuamosmx.com\\\/wp-content\\\/uploads\\\/2026\\\/03\\\/violencia.jpg\",\"contentUrl\":\"https:\\\/\\\/continuamosmx.com\\\/wp-content\\\/uploads\\\/2026\\\/03\\\/violencia.jpg\",\"width\":1599,\"height\":1066},{\"@type\":\"BreadcrumbList\",\"@id\":\"https:\\\/\\\/continuamosmx.com\\\/index.php\\\/2026\\\/03\\\/11\\\/congreso-del-estado-de-mexico-avanza-en-la-lucha-contra-la-violencia-digital\\\/#breadcrumb\",\"itemListElement\":[{\"@type\":\"ListItem\",\"position\":1,\"name\":\"Inicio\",\"item\":\"https:\\\/\\\/continuamosmx.com\\\/\"},{\"@type\":\"ListItem\",\"position\":2,\"name\":\"\u00abCONGRESO DEL ESTADO DE M\u00c9XICO AVANZA EN LA LUCHA CONTRA LA VIOLENCIA DIGITAL\u00bb\"}]},{\"@type\":\"WebSite\",\"@id\":\"https:\\\/\\\/continuamosmx.com\\\/#website\",\"url\":\"https:\\\/\\\/continuamosmx.com\\\/\",\"name\":\"www.continuamosmx.com\",\"description\":\"\",\"publisher\":{\"@id\":\"https:\\\/\\\/continuamosmx.com\\\/#organization\"},\"potentialAction\":[{\"@type\":\"SearchAction\",\"target\":{\"@type\":\"EntryPoint\",\"urlTemplate\":\"https:\\\/\\\/continuamosmx.com\\\/?s={search_term_string}\"},\"query-input\":{\"@type\":\"PropertyValueSpecification\",\"valueRequired\":true,\"valueName\":\"search_term_string\"}}],\"inLanguage\":\"es\"},{\"@type\":\"Organization\",\"@id\":\"https:\\\/\\\/continuamosmx.com\\\/#organization\",\"name\":\"ContinuamosMX\",\"url\":\"https:\\\/\\\/continuamosmx.com\\\/\",\"logo\":{\"@type\":\"ImageObject\",\"inLanguage\":\"es\",\"@id\":\"https:\\\/\\\/continuamosmx.com\\\/#\\\/schema\\\/logo\\\/image\\\/\",\"url\":\"https:\\\/\\\/continuamosmx.com\\\/wp-content\\\/uploads\\\/2023\\\/04\\\/cropped-LOGO-CONTI-NUEVO.png\",\"contentUrl\":\"https:\\\/\\\/continuamosmx.com\\\/wp-content\\\/uploads\\\/2023\\\/04\\\/cropped-LOGO-CONTI-NUEVO.png\",\"width\":1257,\"height\":430,\"caption\":\"ContinuamosMX\"},\"image\":{\"@id\":\"https:\\\/\\\/continuamosmx.com\\\/#\\\/schema\\\/logo\\\/image\\\/\"}},{\"@type\":\"Person\",\"@id\":\"https:\\\/\\\/continuamosmx.com\\\/#\\\/schema\\\/person\\\/5eb5356acb1fad784da407d14f0e8d89\",\"name\":\"Continuamos MX\",\"image\":{\"@type\":\"ImageObject\",\"inLanguage\":\"es\",\"@id\":\"https:\\\/\\\/secure.gravatar.com\\\/avatar\\\/30d4f9723476a15f4da34d35fb3501f08d2357016c76051c6a85c354c7489589?s=96&d=mm&r=g\",\"url\":\"https:\\\/\\\/secure.gravatar.com\\\/avatar\\\/30d4f9723476a15f4da34d35fb3501f08d2357016c76051c6a85c354c7489589?s=96&d=mm&r=g\",\"contentUrl\":\"https:\\\/\\\/secure.gravatar.com\\\/avatar\\\/30d4f9723476a15f4da34d35fb3501f08d2357016c76051c6a85c354c7489589?s=96&d=mm&r=g\",\"caption\":\"Continuamos MX\"},\"sameAs\":[\"http:\\\/\\\/www.continuamos.mx\"],\"url\":\"https:\\\/\\\/continuamosmx.com\\\/index.php\\\/author\\\/continuamos\\\/\"}]}<\/script>\n<!-- \/ Yoast SEO plugin. -->","yoast_head_json":{"title":"\"CONGRESO DEL ESTADO DE M\u00c9XICO AVANZA EN LA LUCHA CONTRA LA VIOLENCIA DIGITAL\" -","robots":{"index":"index","follow":"follow","max-snippet":"max-snippet:-1","max-image-preview":"max-image-preview:large","max-video-preview":"max-video-preview:-1"},"canonical":"https:\/\/continuamosmx.com\/index.php\/2026\/03\/11\/congreso-del-estado-de-mexico-avanza-en-la-lucha-contra-la-violencia-digital\/","og_locale":"es_ES","og_type":"article","og_title":"\"CONGRESO DEL ESTADO DE M\u00c9XICO AVANZA EN LA LUCHA CONTRA LA VIOLENCIA DIGITAL\" -","og_description":"*La LXII Legislatura mexiquense tipifica la violencia digital y establece medidas inmediatas de protecci\u00f3n para las v\u00edctimas, marcando un hito en la defensa de los derechos de las mujeres. Toluca, Estado de M\u00e9xico \u2013 En un paso decisivo hacia la protecci\u00f3n de las v\u00edctimas de violencia digital, el Congreso del Estado de M\u00e9xico aprob\u00f3 un [&hellip;]","og_url":"https:\/\/continuamosmx.com\/index.php\/2026\/03\/11\/congreso-del-estado-de-mexico-avanza-en-la-lucha-contra-la-violencia-digital\/","article_published_time":"2026-03-12T00:26:21+00:00","article_modified_time":"2026-03-12T00:26:22+00:00","og_image":[{"width":1599,"height":1066,"url":"https:\/\/continuamosmx.com\/wp-content\/uploads\/2026\/03\/violencia.jpg","type":"image\/jpeg"}],"author":"Continuamos MX","twitter_card":"summary_large_image","twitter_misc":{"Escrito por":"Continuamos MX","Tiempo de lectura":"2 minutos"},"schema":{"@context":"https:\/\/schema.org","@graph":[{"@type":"Article","@id":"https:\/\/continuamosmx.com\/index.php\/2026\/03\/11\/congreso-del-estado-de-mexico-avanza-en-la-lucha-contra-la-violencia-digital\/#article","isPartOf":{"@id":"https:\/\/continuamosmx.com\/index.php\/2026\/03\/11\/congreso-del-estado-de-mexico-avanza-en-la-lucha-contra-la-violencia-digital\/"},"author":{"name":"Continuamos MX","@id":"https:\/\/continuamosmx.com\/#\/schema\/person\/5eb5356acb1fad784da407d14f0e8d89"},"headline":"\u00abCONGRESO DEL ESTADO DE M\u00c9XICO AVANZA EN LA LUCHA CONTRA LA VIOLENCIA DIGITAL\u00bb","datePublished":"2026-03-12T00:26:21+00:00","dateModified":"2026-03-12T00:26:22+00:00","mainEntityOfPage":{"@id":"https:\/\/continuamosmx.com\/index.php\/2026\/03\/11\/congreso-del-estado-de-mexico-avanza-en-la-lucha-contra-la-violencia-digital\/"},"wordCount":378,"publisher":{"@id":"https:\/\/continuamosmx.com\/#organization"},"image":{"@id":"https:\/\/continuamosmx.com\/index.php\/2026\/03\/11\/congreso-del-estado-de-mexico-avanza-en-la-lucha-contra-la-violencia-digital\/#primaryimage"},"thumbnailUrl":"https:\/\/continuamosmx.com\/wp-content\/uploads\/2026\/03\/violencia.jpg","articleSection":["CONGRESO EDOM\u00c9X"],"inLanguage":"es"},{"@type":"WebPage","@id":"https:\/\/continuamosmx.com\/index.php\/2026\/03\/11\/congreso-del-estado-de-mexico-avanza-en-la-lucha-contra-la-violencia-digital\/","url":"https:\/\/continuamosmx.com\/index.php\/2026\/03\/11\/congreso-del-estado-de-mexico-avanza-en-la-lucha-contra-la-violencia-digital\/","name":"\"CONGRESO DEL ESTADO DE M\u00c9XICO AVANZA EN LA LUCHA CONTRA LA VIOLENCIA DIGITAL\" -","isPartOf":{"@id":"https:\/\/continuamosmx.com\/#website"},"primaryImageOfPage":{"@id":"https:\/\/continuamosmx.com\/index.php\/2026\/03\/11\/congreso-del-estado-de-mexico-avanza-en-la-lucha-contra-la-violencia-digital\/#primaryimage"},"image":{"@id":"https:\/\/continuamosmx.com\/index.php\/2026\/03\/11\/congreso-del-estado-de-mexico-avanza-en-la-lucha-contra-la-violencia-digital\/#primaryimage"},"thumbnailUrl":"https:\/\/continuamosmx.com\/wp-content\/uploads\/2026\/03\/violencia.jpg","datePublished":"2026-03-12T00:26:21+00:00","dateModified":"2026-03-12T00:26:22+00:00","breadcrumb":{"@id":"https:\/\/continuamosmx.com\/index.php\/2026\/03\/11\/congreso-del-estado-de-mexico-avanza-en-la-lucha-contra-la-violencia-digital\/#breadcrumb"},"inLanguage":"es","potentialAction":[{"@type":"ReadAction","target":["https:\/\/continuamosmx.com\/index.php\/2026\/03\/11\/congreso-del-estado-de-mexico-avanza-en-la-lucha-contra-la-violencia-digital\/"]}]},{"@type":"ImageObject","inLanguage":"es","@id":"https:\/\/continuamosmx.com\/index.php\/2026\/03\/11\/congreso-del-estado-de-mexico-avanza-en-la-lucha-contra-la-violencia-digital\/#primaryimage","url":"https:\/\/continuamosmx.com\/wp-content\/uploads\/2026\/03\/violencia.jpg","contentUrl":"https:\/\/continuamosmx.com\/wp-content\/uploads\/2026\/03\/violencia.jpg","width":1599,"height":1066},{"@type":"BreadcrumbList","@id":"https:\/\/continuamosmx.com\/index.php\/2026\/03\/11\/congreso-del-estado-de-mexico-avanza-en-la-lucha-contra-la-violencia-digital\/#breadcrumb","itemListElement":[{"@type":"ListItem","position":1,"name":"Inicio","item":"https:\/\/continuamosmx.com\/"},{"@type":"ListItem","position":2,"name":"\u00abCONGRESO DEL ESTADO DE M\u00c9XICO AVANZA EN LA LUCHA CONTRA LA VIOLENCIA DIGITAL\u00bb"}]},{"@type":"WebSite","@id":"https:\/\/continuamosmx.com\/#website","url":"https:\/\/continuamosmx.com\/","name":"www.continuamosmx.com","description":"","publisher":{"@id":"https:\/\/continuamosmx.com\/#organization"},"potentialAction":[{"@type":"SearchAction","target":{"@type":"EntryPoint","urlTemplate":"https:\/\/continuamosmx.com\/?s={search_term_string}"},"query-input":{"@type":"PropertyValueSpecification","valueRequired":true,"valueName":"search_term_string"}}],"inLanguage":"es"},{"@type":"Organization","@id":"https:\/\/continuamosmx.com\/#organization","name":"ContinuamosMX","url":"https:\/\/continuamosmx.com\/","logo":{"@type":"ImageObject","inLanguage":"es","@id":"https:\/\/continuamosmx.com\/#\/schema\/logo\/image\/","url":"https:\/\/continuamosmx.com\/wp-content\/uploads\/2023\/04\/cropped-LOGO-CONTI-NUEVO.png","contentUrl":"https:\/\/continuamosmx.com\/wp-content\/uploads\/2023\/04\/cropped-LOGO-CONTI-NUEVO.png","width":1257,"height":430,"caption":"ContinuamosMX"},"image":{"@id":"https:\/\/continuamosmx.com\/#\/schema\/logo\/image\/"}},{"@type":"Person","@id":"https:\/\/continuamosmx.com\/#\/schema\/person\/5eb5356acb1fad784da407d14f0e8d89","name":"Continuamos MX","image":{"@type":"ImageObject","inLanguage":"es","@id":"https:\/\/secure.gravatar.com\/avatar\/30d4f9723476a15f4da34d35fb3501f08d2357016c76051c6a85c354c7489589?s=96&d=mm&r=g","url":"https:\/\/secure.gravatar.com\/avatar\/30d4f9723476a15f4da34d35fb3501f08d2357016c76051c6a85c354c7489589?s=96&d=mm&r=g","contentUrl":"https:\/\/secure.gravatar.com\/avatar\/30d4f9723476a15f4da34d35fb3501f08d2357016c76051c6a85c354c7489589?s=96&d=mm&r=g","caption":"Continuamos MX"},"sameAs":["http:\/\/www.continuamos.mx"],"url":"https:\/\/continuamosmx.com\/index.php\/author\/continuamos\/"}]}},"_links":{"self":[{"href":"https:\/\/continuamosmx.com\/index.php\/wp-json\/wp\/v2\/posts\/53550","targetHints":{"allow":["GET"]}}],"collection":[{"href":"https:\/\/continuamosmx.com\/index.php\/wp-json\/wp\/v2\/posts"}],"about":[{"href":"https:\/\/continuamosmx.com\/index.php\/wp-json\/wp\/v2\/types\/post"}],"author":[{"embeddable":true,"href":"https:\/\/continuamosmx.com\/index.php\/wp-json\/wp\/v2\/users\/6"}],"replies":[{"embeddable":true,"href":"https:\/\/continuamosmx.com\/index.php\/wp-json\/wp\/v2\/comments?post=53550"}],"version-history":[{"count":1,"href":"https:\/\/continuamosmx.com\/index.php\/wp-json\/wp\/v2\/posts\/53550\/revisions"}],"predecessor-version":[{"id":53552,"href":"https:\/\/continuamosmx.com\/index.php\/wp-json\/wp\/v2\/posts\/53550\/revisions\/53552"}],"wp:featuredmedia":[{"embeddable":true,"href":"https:\/\/continuamosmx.com\/index.php\/wp-json\/wp\/v2\/media\/53551"}],"wp:attachment":[{"href":"https:\/\/continuamosmx.com\/index.php\/wp-json\/wp\/v2\/media?parent=53550"}],"wp:term":[{"taxonomy":"category","embeddable":true,"href":"https:\/\/continuamosmx.com\/index.php\/wp-json\/wp\/v2\/categories?post=53550"},{"taxonomy":"post_tag","embeddable":true,"href":"https:\/\/continuamosmx.com\/index.php\/wp-json\/wp\/v2\/tags?post=53550"}],"curies":[{"name":"wp","href":"https:\/\/api.w.org\/{rel}","templated":true}]}}