{"id":53538,"date":"2026-03-11T14:59:23","date_gmt":"2026-03-11T20:59:23","guid":{"rendered":"https:\/\/continuamosmx.com\/?p=53538"},"modified":"2026-03-11T14:59:24","modified_gmt":"2026-03-11T20:59:24","slug":"policia-de-cuautitlan-izcalli-recupera-dos-motocicletas-con-reporte-de-robo-hay-dos-detenidos","status":"publish","type":"post","link":"https:\/\/continuamosmx.com\/index.php\/2026\/03\/11\/policia-de-cuautitlan-izcalli-recupera-dos-motocicletas-con-reporte-de-robo-hay-dos-detenidos\/","title":{"rendered":"POLIC\u00cdA DE CUAUTITL\u00c1N IZCALLI RECUPERA DOS MOTOCICLETAS CON REPORTE DE ROBO; HAY DOS DETENIDOS"},"content":{"rendered":"\n<h3 class=\"wp-block-heading\">A trav\u00e9s del centro se mando C4, que alerto de un robo en proceso.<\/h3>\n\n\n\n<p id=\"p-rc_1ef01f2150d3aee4-31\"><strong>CUAUTITL\u00c1N IZCALLI, Estado de M\u00e9xico<\/strong> \u2013 En una acci\u00f3n coordinada por la Comisar\u00eda General de Seguridad Ciudadana, elementos de la polic\u00eda municipal lograron la recuperaci\u00f3n de dos veh\u00edculos motorizados y la detenci\u00f3n de dos hombres presuntamente implicados en el delito de robo<sup><\/sup>.<\/p>\n\n\n\n<p id=\"p-rc_1ef01f2150d3aee4-32\">Los hechos se desencadenaron tras un reporte ciudadano recibido a trav\u00e9s del centro de mando C4, que alertaba sobre un robo en proceso<sup><\/sup>. En respuesta, efectivos del Sector VII, a bordo de la unidad S7-710, se trasladaron a la Avenida del Jacal, ubicada en la colonia La Perla<sup><\/sup>.<\/p>\n\n\n\n<h3 class=\"wp-block-heading\"><strong>Contexto de la detenci\u00f3n<\/strong><\/h3>\n\n\n\n<p id=\"p-rc_1ef01f2150d3aee4-33\">En el lugar de la intervenci\u00f3n, los oficiales se entrevistaron con un repartidor de plataforma digital<sup><\/sup>. La v\u00edctima manifest\u00f3 que, horas antes, hab\u00eda sido despojado de su herramienta de trabajo mientras realizaba labores en la colonia Santa Rosa de Lima<sup><\/sup>.<\/p>\n\n\n\n<p>De acuerdo con el informe oficial:<\/p>\n\n\n\n<ul class=\"wp-block-list\">\n<li>Alrededor de las 20:50 horas, el afectado logr\u00f3 identificar a los dos sujetos presuntamente vinculados con el il\u00edcito.<\/li>\n\n\n\n<li>Tras la intervenci\u00f3n de los uniformados, ambos individuos fueron asegurados a las 21:03 horas.<\/li>\n\n\n\n<li>Durante la inspecci\u00f3n protocolaria, se confirm\u00f3 que uno de los detenidos conduc\u00eda una motocicleta con reporte positivo de robo en el sistema.<\/li>\n\n\n\n<li>El segundo implicado fue interceptado trasladando diversas autopartes pertenecientes a una segunda unidad, las cuales tambi\u00e9n fueron incautadas.<\/li>\n<\/ul>\n\n\n\n<h3 class=\"wp-block-heading\"><strong>Situaci\u00f3n Jur\u00eddica<\/strong><\/h3>\n\n\n\n<p id=\"p-rc_1ef01f2150d3aee4-38\">Tanto los detenidos como las unidades recuperadas y las autopartes aseguradas fueron trasladados y puestos a disposici\u00f3n de la <strong>Fiscal\u00eda Regional de Cuautitl\u00e1n Izcalli<\/strong><sup><\/sup>. En dicha instancia se iniciar\u00e1 la carpeta de investigaci\u00f3n correspondiente para determinar la situaci\u00f3n jur\u00eddica de los presuntos responsables<sup><\/sup>.<\/p>\n\n\n\n<p id=\"p-rc_1ef01f2150d3aee4-39\">Con este operativo, la Comisar\u00eda General de Seguridad Ciudadana reafirm\u00f3 su compromiso de fortalecer la estrategia de seguridad y brindar una respuesta oportuna a los llamados de auxilio de la poblaci\u00f3n izcallense<sup><\/sup>.<\/p>\n\n\n\n<figure class=\"wp-block-gallery has-nested-images columns-default is-cropped wp-block-gallery-1 is-layout-flex wp-block-gallery-is-layout-flex\">\n<figure class=\"wp-block-image size-large\"><img loading=\"lazy\" decoding=\"async\" width=\"1024\" height=\"768\" data-id=\"53541\" src=\"https:\/\/continuamosmx.com\/wp-content\/uploads\/2026\/03\/WhatsApp-Image-2026-03-11-at-9.32.28-AM-1-1024x768.jpeg\" alt=\"\" class=\"wp-image-53541\" srcset=\"https:\/\/continuamosmx.com\/wp-content\/uploads\/2026\/03\/WhatsApp-Image-2026-03-11-at-9.32.28-AM-1-1024x768.jpeg 1024w, https:\/\/continuamosmx.com\/wp-content\/uploads\/2026\/03\/WhatsApp-Image-2026-03-11-at-9.32.28-AM-1-300x225.jpeg 300w, https:\/\/continuamosmx.com\/wp-content\/uploads\/2026\/03\/WhatsApp-Image-2026-03-11-at-9.32.28-AM-1-768x576.jpeg 768w, https:\/\/continuamosmx.com\/wp-content\/uploads\/2026\/03\/WhatsApp-Image-2026-03-11-at-9.32.28-AM-1-1536x1152.jpeg 1536w, https:\/\/continuamosmx.com\/wp-content\/uploads\/2026\/03\/WhatsApp-Image-2026-03-11-at-9.32.28-AM-1.jpeg 1600w\" sizes=\"auto, (max-width: 1024px) 100vw, 1024px\" \/><\/figure>\n\n\n\n<figure class=\"wp-block-image size-large\"><img loading=\"lazy\" decoding=\"async\" width=\"1024\" height=\"768\" data-id=\"53540\" src=\"https:\/\/continuamosmx.com\/wp-content\/uploads\/2026\/03\/WhatsApp-Image-2026-03-11-at-9.32.28-AM-1024x768.jpeg\" alt=\"\" class=\"wp-image-53540\" srcset=\"https:\/\/continuamosmx.com\/wp-content\/uploads\/2026\/03\/WhatsApp-Image-2026-03-11-at-9.32.28-AM-1024x768.jpeg 1024w, https:\/\/continuamosmx.com\/wp-content\/uploads\/2026\/03\/WhatsApp-Image-2026-03-11-at-9.32.28-AM-300x225.jpeg 300w, https:\/\/continuamosmx.com\/wp-content\/uploads\/2026\/03\/WhatsApp-Image-2026-03-11-at-9.32.28-AM-768x576.jpeg 768w, https:\/\/continuamosmx.com\/wp-content\/uploads\/2026\/03\/WhatsApp-Image-2026-03-11-at-9.32.28-AM-1536x1153.jpeg 1536w, https:\/\/continuamosmx.com\/wp-content\/uploads\/2026\/03\/WhatsApp-Image-2026-03-11-at-9.32.28-AM.jpeg 1599w\" sizes=\"auto, (max-width: 1024px) 100vw, 1024px\" \/><\/figure>\n<\/figure>\n","protected":false},"excerpt":{"rendered":"<p>A trav\u00e9s del centro se mando C4, que alerto de un robo en proceso. CUAUTITL\u00c1N IZCALLI, Estado de M\u00e9xico \u2013 En una acci\u00f3n coordinada por la Comisar\u00eda General de Seguridad Ciudadana, elementos de la polic\u00eda municipal lograron la recuperaci\u00f3n de dos veh\u00edculos motorizados y la detenci\u00f3n de dos hombres presuntamente implicados en el delito de [&hellip;]<\/p>\n","protected":false},"author":6,"featured_media":53539,"comment_status":"closed","ping_status":"closed","sticky":false,"template":"","format":"standard","meta":{"footnotes":""},"categories":[22,4,48],"tags":[],"class_list":["post-53538","post","type-post","status-publish","format-standard","has-post-thumbnail","hentry","category-c-izcalli","category-locales","category-policiaca"],"yoast_head":"<!-- This site is optimized with the Yoast SEO plugin v27.4 - https:\/\/yoast.com\/product\/yoast-seo-wordpress\/ -->\n<title>POLIC\u00cdA DE CUAUTITL\u00c1N IZCALLI RECUPERA DOS MOTOCICLETAS CON REPORTE DE ROBO; HAY DOS DETENIDOS -<\/title>\n<meta name=\"robots\" content=\"index, follow, max-snippet:-1, max-image-preview:large, max-video-preview:-1\" \/>\n<link rel=\"canonical\" href=\"https:\/\/continuamosmx.com\/index.php\/2026\/03\/11\/policia-de-cuautitlan-izcalli-recupera-dos-motocicletas-con-reporte-de-robo-hay-dos-detenidos\/\" \/>\n<meta property=\"og:locale\" content=\"es_ES\" \/>\n<meta property=\"og:type\" content=\"article\" \/>\n<meta property=\"og:title\" content=\"POLIC\u00cdA DE CUAUTITL\u00c1N IZCALLI RECUPERA DOS MOTOCICLETAS CON REPORTE DE ROBO; HAY DOS DETENIDOS -\" \/>\n<meta property=\"og:description\" content=\"A trav\u00e9s del centro se mando C4, que alerto de un robo en proceso. CUAUTITL\u00c1N IZCALLI, Estado de M\u00e9xico \u2013 En una acci\u00f3n coordinada por la Comisar\u00eda General de Seguridad Ciudadana, elementos de la polic\u00eda municipal lograron la recuperaci\u00f3n de dos veh\u00edculos motorizados y la detenci\u00f3n de dos hombres presuntamente implicados en el delito de [&hellip;]\" \/>\n<meta property=\"og:url\" content=\"https:\/\/continuamosmx.com\/index.php\/2026\/03\/11\/policia-de-cuautitlan-izcalli-recupera-dos-motocicletas-con-reporte-de-robo-hay-dos-detenidos\/\" \/>\n<meta property=\"article:published_time\" content=\"2026-03-11T20:59:23+00:00\" \/>\n<meta property=\"article:modified_time\" content=\"2026-03-11T20:59:24+00:00\" \/>\n<meta property=\"og:image\" content=\"https:\/\/continuamosmx.com\/wp-content\/uploads\/2026\/03\/WhatsApp-Image-2026-03-11-at-2.48.40-PM.jpeg\" \/>\n\t<meta property=\"og:image:width\" content=\"1296\" \/>\n\t<meta property=\"og:image:height\" content=\"972\" \/>\n\t<meta property=\"og:image:type\" content=\"image\/jpeg\" \/>\n<meta name=\"author\" content=\"Continuamos MX\" \/>\n<meta name=\"twitter:card\" content=\"summary_large_image\" \/>\n<meta name=\"twitter:label1\" content=\"Escrito por\" \/>\n\t<meta name=\"twitter:data1\" content=\"Continuamos MX\" \/>\n\t<meta name=\"twitter:label2\" content=\"Tiempo de lectura\" \/>\n\t<meta name=\"twitter:data2\" content=\"2 minutos\" \/>\n<script type=\"application\/ld+json\" class=\"yoast-schema-graph\">{\"@context\":\"https:\\\/\\\/schema.org\",\"@graph\":[{\"@type\":\"Article\",\"@id\":\"https:\\\/\\\/continuamosmx.com\\\/index.php\\\/2026\\\/03\\\/11\\\/policia-de-cuautitlan-izcalli-recupera-dos-motocicletas-con-reporte-de-robo-hay-dos-detenidos\\\/#article\",\"isPartOf\":{\"@id\":\"https:\\\/\\\/continuamosmx.com\\\/index.php\\\/2026\\\/03\\\/11\\\/policia-de-cuautitlan-izcalli-recupera-dos-motocicletas-con-reporte-de-robo-hay-dos-detenidos\\\/\"},\"author\":{\"name\":\"Continuamos MX\",\"@id\":\"https:\\\/\\\/continuamosmx.com\\\/#\\\/schema\\\/person\\\/5eb5356acb1fad784da407d14f0e8d89\"},\"headline\":\"POLIC\u00cdA DE CUAUTITL\u00c1N IZCALLI RECUPERA DOS MOTOCICLETAS CON REPORTE DE ROBO; HAY DOS DETENIDOS\",\"datePublished\":\"2026-03-11T20:59:23+00:00\",\"dateModified\":\"2026-03-11T20:59:24+00:00\",\"mainEntityOfPage\":{\"@id\":\"https:\\\/\\\/continuamosmx.com\\\/index.php\\\/2026\\\/03\\\/11\\\/policia-de-cuautitlan-izcalli-recupera-dos-motocicletas-con-reporte-de-robo-hay-dos-detenidos\\\/\"},\"wordCount\":346,\"publisher\":{\"@id\":\"https:\\\/\\\/continuamosmx.com\\\/#organization\"},\"image\":{\"@id\":\"https:\\\/\\\/continuamosmx.com\\\/index.php\\\/2026\\\/03\\\/11\\\/policia-de-cuautitlan-izcalli-recupera-dos-motocicletas-con-reporte-de-robo-hay-dos-detenidos\\\/#primaryimage\"},\"thumbnailUrl\":\"https:\\\/\\\/continuamosmx.com\\\/wp-content\\\/uploads\\\/2026\\\/03\\\/WhatsApp-Image-2026-03-11-at-2.48.40-PM.jpeg\",\"articleSection\":[\"C. IZCALLI\",\"LOCALES\",\"POLICIACA\"],\"inLanguage\":\"es\"},{\"@type\":\"WebPage\",\"@id\":\"https:\\\/\\\/continuamosmx.com\\\/index.php\\\/2026\\\/03\\\/11\\\/policia-de-cuautitlan-izcalli-recupera-dos-motocicletas-con-reporte-de-robo-hay-dos-detenidos\\\/\",\"url\":\"https:\\\/\\\/continuamosmx.com\\\/index.php\\\/2026\\\/03\\\/11\\\/policia-de-cuautitlan-izcalli-recupera-dos-motocicletas-con-reporte-de-robo-hay-dos-detenidos\\\/\",\"name\":\"POLIC\u00cdA DE CUAUTITL\u00c1N IZCALLI RECUPERA DOS MOTOCICLETAS CON REPORTE DE ROBO; HAY DOS DETENIDOS -\",\"isPartOf\":{\"@id\":\"https:\\\/\\\/continuamosmx.com\\\/#website\"},\"primaryImageOfPage\":{\"@id\":\"https:\\\/\\\/continuamosmx.com\\\/index.php\\\/2026\\\/03\\\/11\\\/policia-de-cuautitlan-izcalli-recupera-dos-motocicletas-con-reporte-de-robo-hay-dos-detenidos\\\/#primaryimage\"},\"image\":{\"@id\":\"https:\\\/\\\/continuamosmx.com\\\/index.php\\\/2026\\\/03\\\/11\\\/policia-de-cuautitlan-izcalli-recupera-dos-motocicletas-con-reporte-de-robo-hay-dos-detenidos\\\/#primaryimage\"},\"thumbnailUrl\":\"https:\\\/\\\/continuamosmx.com\\\/wp-content\\\/uploads\\\/2026\\\/03\\\/WhatsApp-Image-2026-03-11-at-2.48.40-PM.jpeg\",\"datePublished\":\"2026-03-11T20:59:23+00:00\",\"dateModified\":\"2026-03-11T20:59:24+00:00\",\"breadcrumb\":{\"@id\":\"https:\\\/\\\/continuamosmx.com\\\/index.php\\\/2026\\\/03\\\/11\\\/policia-de-cuautitlan-izcalli-recupera-dos-motocicletas-con-reporte-de-robo-hay-dos-detenidos\\\/#breadcrumb\"},\"inLanguage\":\"es\",\"potentialAction\":[{\"@type\":\"ReadAction\",\"target\":[\"https:\\\/\\\/continuamosmx.com\\\/index.php\\\/2026\\\/03\\\/11\\\/policia-de-cuautitlan-izcalli-recupera-dos-motocicletas-con-reporte-de-robo-hay-dos-detenidos\\\/\"]}]},{\"@type\":\"ImageObject\",\"inLanguage\":\"es\",\"@id\":\"https:\\\/\\\/continuamosmx.com\\\/index.php\\\/2026\\\/03\\\/11\\\/policia-de-cuautitlan-izcalli-recupera-dos-motocicletas-con-reporte-de-robo-hay-dos-detenidos\\\/#primaryimage\",\"url\":\"https:\\\/\\\/continuamosmx.com\\\/wp-content\\\/uploads\\\/2026\\\/03\\\/WhatsApp-Image-2026-03-11-at-2.48.40-PM.jpeg\",\"contentUrl\":\"https:\\\/\\\/continuamosmx.com\\\/wp-content\\\/uploads\\\/2026\\\/03\\\/WhatsApp-Image-2026-03-11-at-2.48.40-PM.jpeg\",\"width\":1296,\"height\":972},{\"@type\":\"BreadcrumbList\",\"@id\":\"https:\\\/\\\/continuamosmx.com\\\/index.php\\\/2026\\\/03\\\/11\\\/policia-de-cuautitlan-izcalli-recupera-dos-motocicletas-con-reporte-de-robo-hay-dos-detenidos\\\/#breadcrumb\",\"itemListElement\":[{\"@type\":\"ListItem\",\"position\":1,\"name\":\"Inicio\",\"item\":\"https:\\\/\\\/continuamosmx.com\\\/\"},{\"@type\":\"ListItem\",\"position\":2,\"name\":\"POLIC\u00cdA DE CUAUTITL\u00c1N IZCALLI RECUPERA DOS MOTOCICLETAS CON REPORTE DE ROBO; HAY DOS DETENIDOS\"}]},{\"@type\":\"WebSite\",\"@id\":\"https:\\\/\\\/continuamosmx.com\\\/#website\",\"url\":\"https:\\\/\\\/continuamosmx.com\\\/\",\"name\":\"www.continuamosmx.com\",\"description\":\"\",\"publisher\":{\"@id\":\"https:\\\/\\\/continuamosmx.com\\\/#organization\"},\"potentialAction\":[{\"@type\":\"SearchAction\",\"target\":{\"@type\":\"EntryPoint\",\"urlTemplate\":\"https:\\\/\\\/continuamosmx.com\\\/?s={search_term_string}\"},\"query-input\":{\"@type\":\"PropertyValueSpecification\",\"valueRequired\":true,\"valueName\":\"search_term_string\"}}],\"inLanguage\":\"es\"},{\"@type\":\"Organization\",\"@id\":\"https:\\\/\\\/continuamosmx.com\\\/#organization\",\"name\":\"ContinuamosMX\",\"url\":\"https:\\\/\\\/continuamosmx.com\\\/\",\"logo\":{\"@type\":\"ImageObject\",\"inLanguage\":\"es\",\"@id\":\"https:\\\/\\\/continuamosmx.com\\\/#\\\/schema\\\/logo\\\/image\\\/\",\"url\":\"https:\\\/\\\/continuamosmx.com\\\/wp-content\\\/uploads\\\/2023\\\/04\\\/cropped-LOGO-CONTI-NUEVO.png\",\"contentUrl\":\"https:\\\/\\\/continuamosmx.com\\\/wp-content\\\/uploads\\\/2023\\\/04\\\/cropped-LOGO-CONTI-NUEVO.png\",\"width\":1257,\"height\":430,\"caption\":\"ContinuamosMX\"},\"image\":{\"@id\":\"https:\\\/\\\/continuamosmx.com\\\/#\\\/schema\\\/logo\\\/image\\\/\"}},{\"@type\":\"Person\",\"@id\":\"https:\\\/\\\/continuamosmx.com\\\/#\\\/schema\\\/person\\\/5eb5356acb1fad784da407d14f0e8d89\",\"name\":\"Continuamos MX\",\"image\":{\"@type\":\"ImageObject\",\"inLanguage\":\"es\",\"@id\":\"https:\\\/\\\/secure.gravatar.com\\\/avatar\\\/30d4f9723476a15f4da34d35fb3501f08d2357016c76051c6a85c354c7489589?s=96&d=mm&r=g\",\"url\":\"https:\\\/\\\/secure.gravatar.com\\\/avatar\\\/30d4f9723476a15f4da34d35fb3501f08d2357016c76051c6a85c354c7489589?s=96&d=mm&r=g\",\"contentUrl\":\"https:\\\/\\\/secure.gravatar.com\\\/avatar\\\/30d4f9723476a15f4da34d35fb3501f08d2357016c76051c6a85c354c7489589?s=96&d=mm&r=g\",\"caption\":\"Continuamos MX\"},\"sameAs\":[\"http:\\\/\\\/www.continuamos.mx\"],\"url\":\"https:\\\/\\\/continuamosmx.com\\\/index.php\\\/author\\\/continuamos\\\/\"}]}<\/script>\n<!-- \/ Yoast SEO plugin. -->","yoast_head_json":{"title":"POLIC\u00cdA DE CUAUTITL\u00c1N IZCALLI RECUPERA DOS MOTOCICLETAS CON REPORTE DE ROBO; HAY DOS DETENIDOS -","robots":{"index":"index","follow":"follow","max-snippet":"max-snippet:-1","max-image-preview":"max-image-preview:large","max-video-preview":"max-video-preview:-1"},"canonical":"https:\/\/continuamosmx.com\/index.php\/2026\/03\/11\/policia-de-cuautitlan-izcalli-recupera-dos-motocicletas-con-reporte-de-robo-hay-dos-detenidos\/","og_locale":"es_ES","og_type":"article","og_title":"POLIC\u00cdA DE CUAUTITL\u00c1N IZCALLI RECUPERA DOS MOTOCICLETAS CON REPORTE DE ROBO; HAY DOS DETENIDOS -","og_description":"A trav\u00e9s del centro se mando C4, que alerto de un robo en proceso. CUAUTITL\u00c1N IZCALLI, Estado de M\u00e9xico \u2013 En una acci\u00f3n coordinada por la Comisar\u00eda General de Seguridad Ciudadana, elementos de la polic\u00eda municipal lograron la recuperaci\u00f3n de dos veh\u00edculos motorizados y la detenci\u00f3n de dos hombres presuntamente implicados en el delito de [&hellip;]","og_url":"https:\/\/continuamosmx.com\/index.php\/2026\/03\/11\/policia-de-cuautitlan-izcalli-recupera-dos-motocicletas-con-reporte-de-robo-hay-dos-detenidos\/","article_published_time":"2026-03-11T20:59:23+00:00","article_modified_time":"2026-03-11T20:59:24+00:00","og_image":[{"width":1296,"height":972,"url":"https:\/\/continuamosmx.com\/wp-content\/uploads\/2026\/03\/WhatsApp-Image-2026-03-11-at-2.48.40-PM.jpeg","type":"image\/jpeg"}],"author":"Continuamos MX","twitter_card":"summary_large_image","twitter_misc":{"Escrito por":"Continuamos MX","Tiempo de lectura":"2 minutos"},"schema":{"@context":"https:\/\/schema.org","@graph":[{"@type":"Article","@id":"https:\/\/continuamosmx.com\/index.php\/2026\/03\/11\/policia-de-cuautitlan-izcalli-recupera-dos-motocicletas-con-reporte-de-robo-hay-dos-detenidos\/#article","isPartOf":{"@id":"https:\/\/continuamosmx.com\/index.php\/2026\/03\/11\/policia-de-cuautitlan-izcalli-recupera-dos-motocicletas-con-reporte-de-robo-hay-dos-detenidos\/"},"author":{"name":"Continuamos MX","@id":"https:\/\/continuamosmx.com\/#\/schema\/person\/5eb5356acb1fad784da407d14f0e8d89"},"headline":"POLIC\u00cdA DE CUAUTITL\u00c1N IZCALLI RECUPERA DOS MOTOCICLETAS CON REPORTE DE ROBO; HAY DOS DETENIDOS","datePublished":"2026-03-11T20:59:23+00:00","dateModified":"2026-03-11T20:59:24+00:00","mainEntityOfPage":{"@id":"https:\/\/continuamosmx.com\/index.php\/2026\/03\/11\/policia-de-cuautitlan-izcalli-recupera-dos-motocicletas-con-reporte-de-robo-hay-dos-detenidos\/"},"wordCount":346,"publisher":{"@id":"https:\/\/continuamosmx.com\/#organization"},"image":{"@id":"https:\/\/continuamosmx.com\/index.php\/2026\/03\/11\/policia-de-cuautitlan-izcalli-recupera-dos-motocicletas-con-reporte-de-robo-hay-dos-detenidos\/#primaryimage"},"thumbnailUrl":"https:\/\/continuamosmx.com\/wp-content\/uploads\/2026\/03\/WhatsApp-Image-2026-03-11-at-2.48.40-PM.jpeg","articleSection":["C. IZCALLI","LOCALES","POLICIACA"],"inLanguage":"es"},{"@type":"WebPage","@id":"https:\/\/continuamosmx.com\/index.php\/2026\/03\/11\/policia-de-cuautitlan-izcalli-recupera-dos-motocicletas-con-reporte-de-robo-hay-dos-detenidos\/","url":"https:\/\/continuamosmx.com\/index.php\/2026\/03\/11\/policia-de-cuautitlan-izcalli-recupera-dos-motocicletas-con-reporte-de-robo-hay-dos-detenidos\/","name":"POLIC\u00cdA DE CUAUTITL\u00c1N IZCALLI RECUPERA DOS MOTOCICLETAS CON REPORTE DE ROBO; HAY DOS DETENIDOS -","isPartOf":{"@id":"https:\/\/continuamosmx.com\/#website"},"primaryImageOfPage":{"@id":"https:\/\/continuamosmx.com\/index.php\/2026\/03\/11\/policia-de-cuautitlan-izcalli-recupera-dos-motocicletas-con-reporte-de-robo-hay-dos-detenidos\/#primaryimage"},"image":{"@id":"https:\/\/continuamosmx.com\/index.php\/2026\/03\/11\/policia-de-cuautitlan-izcalli-recupera-dos-motocicletas-con-reporte-de-robo-hay-dos-detenidos\/#primaryimage"},"thumbnailUrl":"https:\/\/continuamosmx.com\/wp-content\/uploads\/2026\/03\/WhatsApp-Image-2026-03-11-at-2.48.40-PM.jpeg","datePublished":"2026-03-11T20:59:23+00:00","dateModified":"2026-03-11T20:59:24+00:00","breadcrumb":{"@id":"https:\/\/continuamosmx.com\/index.php\/2026\/03\/11\/policia-de-cuautitlan-izcalli-recupera-dos-motocicletas-con-reporte-de-robo-hay-dos-detenidos\/#breadcrumb"},"inLanguage":"es","potentialAction":[{"@type":"ReadAction","target":["https:\/\/continuamosmx.com\/index.php\/2026\/03\/11\/policia-de-cuautitlan-izcalli-recupera-dos-motocicletas-con-reporte-de-robo-hay-dos-detenidos\/"]}]},{"@type":"ImageObject","inLanguage":"es","@id":"https:\/\/continuamosmx.com\/index.php\/2026\/03\/11\/policia-de-cuautitlan-izcalli-recupera-dos-motocicletas-con-reporte-de-robo-hay-dos-detenidos\/#primaryimage","url":"https:\/\/continuamosmx.com\/wp-content\/uploads\/2026\/03\/WhatsApp-Image-2026-03-11-at-2.48.40-PM.jpeg","contentUrl":"https:\/\/continuamosmx.com\/wp-content\/uploads\/2026\/03\/WhatsApp-Image-2026-03-11-at-2.48.40-PM.jpeg","width":1296,"height":972},{"@type":"BreadcrumbList","@id":"https:\/\/continuamosmx.com\/index.php\/2026\/03\/11\/policia-de-cuautitlan-izcalli-recupera-dos-motocicletas-con-reporte-de-robo-hay-dos-detenidos\/#breadcrumb","itemListElement":[{"@type":"ListItem","position":1,"name":"Inicio","item":"https:\/\/continuamosmx.com\/"},{"@type":"ListItem","position":2,"name":"POLIC\u00cdA DE CUAUTITL\u00c1N IZCALLI RECUPERA DOS MOTOCICLETAS CON REPORTE DE ROBO; HAY DOS DETENIDOS"}]},{"@type":"WebSite","@id":"https:\/\/continuamosmx.com\/#website","url":"https:\/\/continuamosmx.com\/","name":"www.continuamosmx.com","description":"","publisher":{"@id":"https:\/\/continuamosmx.com\/#organization"},"potentialAction":[{"@type":"SearchAction","target":{"@type":"EntryPoint","urlTemplate":"https:\/\/continuamosmx.com\/?s={search_term_string}"},"query-input":{"@type":"PropertyValueSpecification","valueRequired":true,"valueName":"search_term_string"}}],"inLanguage":"es"},{"@type":"Organization","@id":"https:\/\/continuamosmx.com\/#organization","name":"ContinuamosMX","url":"https:\/\/continuamosmx.com\/","logo":{"@type":"ImageObject","inLanguage":"es","@id":"https:\/\/continuamosmx.com\/#\/schema\/logo\/image\/","url":"https:\/\/continuamosmx.com\/wp-content\/uploads\/2023\/04\/cropped-LOGO-CONTI-NUEVO.png","contentUrl":"https:\/\/continuamosmx.com\/wp-content\/uploads\/2023\/04\/cropped-LOGO-CONTI-NUEVO.png","width":1257,"height":430,"caption":"ContinuamosMX"},"image":{"@id":"https:\/\/continuamosmx.com\/#\/schema\/logo\/image\/"}},{"@type":"Person","@id":"https:\/\/continuamosmx.com\/#\/schema\/person\/5eb5356acb1fad784da407d14f0e8d89","name":"Continuamos MX","image":{"@type":"ImageObject","inLanguage":"es","@id":"https:\/\/secure.gravatar.com\/avatar\/30d4f9723476a15f4da34d35fb3501f08d2357016c76051c6a85c354c7489589?s=96&d=mm&r=g","url":"https:\/\/secure.gravatar.com\/avatar\/30d4f9723476a15f4da34d35fb3501f08d2357016c76051c6a85c354c7489589?s=96&d=mm&r=g","contentUrl":"https:\/\/secure.gravatar.com\/avatar\/30d4f9723476a15f4da34d35fb3501f08d2357016c76051c6a85c354c7489589?s=96&d=mm&r=g","caption":"Continuamos MX"},"sameAs":["http:\/\/www.continuamos.mx"],"url":"https:\/\/continuamosmx.com\/index.php\/author\/continuamos\/"}]}},"_links":{"self":[{"href":"https:\/\/continuamosmx.com\/index.php\/wp-json\/wp\/v2\/posts\/53538","targetHints":{"allow":["GET"]}}],"collection":[{"href":"https:\/\/continuamosmx.com\/index.php\/wp-json\/wp\/v2\/posts"}],"about":[{"href":"https:\/\/continuamosmx.com\/index.php\/wp-json\/wp\/v2\/types\/post"}],"author":[{"embeddable":true,"href":"https:\/\/continuamosmx.com\/index.php\/wp-json\/wp\/v2\/users\/6"}],"replies":[{"embeddable":true,"href":"https:\/\/continuamosmx.com\/index.php\/wp-json\/wp\/v2\/comments?post=53538"}],"version-history":[{"count":1,"href":"https:\/\/continuamosmx.com\/index.php\/wp-json\/wp\/v2\/posts\/53538\/revisions"}],"predecessor-version":[{"id":53542,"href":"https:\/\/continuamosmx.com\/index.php\/wp-json\/wp\/v2\/posts\/53538\/revisions\/53542"}],"wp:featuredmedia":[{"embeddable":true,"href":"https:\/\/continuamosmx.com\/index.php\/wp-json\/wp\/v2\/media\/53539"}],"wp:attachment":[{"href":"https:\/\/continuamosmx.com\/index.php\/wp-json\/wp\/v2\/media?parent=53538"}],"wp:term":[{"taxonomy":"category","embeddable":true,"href":"https:\/\/continuamosmx.com\/index.php\/wp-json\/wp\/v2\/categories?post=53538"},{"taxonomy":"post_tag","embeddable":true,"href":"https:\/\/continuamosmx.com\/index.php\/wp-json\/wp\/v2\/tags?post=53538"}],"curies":[{"name":"wp","href":"https:\/\/api.w.org\/{rel}","templated":true}]}}