{"id":53534,"date":"2026-03-11T14:37:37","date_gmt":"2026-03-11T20:37:37","guid":{"rendered":"https:\/\/continuamosmx.com\/?p=53534"},"modified":"2026-03-11T14:37:38","modified_gmt":"2026-03-11T20:37:38","slug":"convocan-a-celebracion-por-el-38-aniversario-del-movimiento-antorchista-en-el-valle-del-noroeste","status":"publish","type":"post","link":"https:\/\/continuamosmx.com\/index.php\/2026\/03\/11\/convocan-a-celebracion-por-el-38-aniversario-del-movimiento-antorchista-en-el-valle-del-noroeste\/","title":{"rendered":"CONVOCAN A CELEBRACI\u00d3N POR EL 38 ANIVERSARIO DEL MOVIMIENTO ANTORCHISTA EN EL VALLE DEL NOROESTE"},"content":{"rendered":"\n<h3 class=\"wp-block-heading\">*<strong>La organizaci\u00f3n social realizar\u00e1 un evento masivo en Nicol\u00e1s Romero para conmemorar casi cuatro d\u00e9cadas de lucha contra la pobreza y la desigualdad.<\/strong><\/h3>\n\n\n\n<p><strong>ESTADO DE M\u00c9XICO.<\/strong> \u2014 Bajo la consigna de \u00abForjando conciencias y construyendo el poder del pueblo\u00bb, el Movimiento Antorchista Nacional anunci\u00f3 la celebraci\u00f3n de su 38 aniversario en la regi\u00f3n del Valle del Noroeste Mexiquense. El evento central tendr\u00e1 lugar el pr\u00f3ximo domingo 29 de marzo a las 9:00 horas en la explanada municipal de Nicol\u00e1s Romero.<\/p>\n\n\n\n<p>A trav\u00e9s de un comunicado dirigido a los mexiquenses y simpatizantes, la organizaci\u00f3n destac\u00f3 que, tras casi cuatro decenios de presencia en nueve municipios de la zona, su diagn\u00f3stico social permanece firme: los problemas estructurales del pa\u00eds, como la falta de vivienda, servicios b\u00e1sicos deficientes e inseguridad, son consecuencia directa de la pobreza y una distribuci\u00f3n inequitativa de la riqueza.<\/p>\n\n\n\n<p>El movimiento se\u00f1al\u00f3 que actualmente cerca de 100 millones de mexicanos enfrentan carencias econ\u00f3micas, por lo que hicieron un llamado a la sociedad para \u00abpolitizarse y organizarse\u00bb en defensa de sus intereses de clase. La dirigencia regional enfatiz\u00f3 que este aniversario no es solo un festejo, sino una plataforma para demandar cambios estructurales y demostrar que la uni\u00f3n popular es la v\u00eda para obtener obras, servicios y, eventualmente, una verdadera liberaci\u00f3n social.<\/p>\n\n\n\n<p>Se espera que al evento asistan miles de familias de la regi\u00f3n, consolidando la presencia de una de las organizaciones sociales m\u00e1s activas del Estado de M\u00e9xico.<\/p>\n","protected":false},"excerpt":{"rendered":"<p>*La organizaci\u00f3n social realizar\u00e1 un evento masivo en Nicol\u00e1s Romero para conmemorar casi cuatro d\u00e9cadas de lucha contra la pobreza y la desigualdad. ESTADO DE M\u00c9XICO. \u2014 Bajo la consigna de \u00abForjando conciencias y construyendo el poder del pueblo\u00bb, el Movimiento Antorchista Nacional anunci\u00f3 la celebraci\u00f3n de su 38 aniversario en la regi\u00f3n del Valle [&hellip;]<\/p>\n","protected":false},"author":6,"featured_media":53535,"comment_status":"closed","ping_status":"closed","sticky":false,"template":"","format":"standard","meta":{"footnotes":""},"categories":[232,4,36],"tags":[],"class_list":["post-53534","post","type-post","status-publish","format-standard","has-post-thumbnail","hentry","category-antorcha","category-locales","category-nicolas-romero"],"yoast_head":"<!-- This site is optimized with the Yoast SEO plugin v27.4 - https:\/\/yoast.com\/product\/yoast-seo-wordpress\/ -->\n<title>CONVOCAN A CELEBRACI\u00d3N POR EL 38 ANIVERSARIO DEL MOVIMIENTO ANTORCHISTA EN EL VALLE DEL NOROESTE -<\/title>\n<meta name=\"robots\" content=\"index, follow, max-snippet:-1, max-image-preview:large, max-video-preview:-1\" \/>\n<link rel=\"canonical\" href=\"https:\/\/continuamosmx.com\/index.php\/2026\/03\/11\/convocan-a-celebracion-por-el-38-aniversario-del-movimiento-antorchista-en-el-valle-del-noroeste\/\" \/>\n<meta property=\"og:locale\" content=\"es_ES\" \/>\n<meta property=\"og:type\" content=\"article\" \/>\n<meta property=\"og:title\" content=\"CONVOCAN A CELEBRACI\u00d3N POR EL 38 ANIVERSARIO DEL MOVIMIENTO ANTORCHISTA EN EL VALLE DEL NOROESTE -\" \/>\n<meta property=\"og:description\" content=\"*La organizaci\u00f3n social realizar\u00e1 un evento masivo en Nicol\u00e1s Romero para conmemorar casi cuatro d\u00e9cadas de lucha contra la pobreza y la desigualdad. ESTADO DE M\u00c9XICO. \u2014 Bajo la consigna de \u00abForjando conciencias y construyendo el poder del pueblo\u00bb, el Movimiento Antorchista Nacional anunci\u00f3 la celebraci\u00f3n de su 38 aniversario en la regi\u00f3n del Valle [&hellip;]\" \/>\n<meta property=\"og:url\" content=\"https:\/\/continuamosmx.com\/index.php\/2026\/03\/11\/convocan-a-celebracion-por-el-38-aniversario-del-movimiento-antorchista-en-el-valle-del-noroeste\/\" \/>\n<meta property=\"article:published_time\" content=\"2026-03-11T20:37:37+00:00\" \/>\n<meta property=\"article:modified_time\" content=\"2026-03-11T20:37:38+00:00\" \/>\n<meta property=\"og:image\" content=\"https:\/\/continuamosmx.com\/wp-content\/uploads\/2026\/03\/Gemini_Generated_Image_vbpm3cvbpm3cvbpm-1024x780.png\" \/>\n\t<meta property=\"og:image:width\" content=\"1024\" \/>\n\t<meta property=\"og:image:height\" content=\"780\" \/>\n\t<meta property=\"og:image:type\" content=\"image\/png\" \/>\n<meta name=\"author\" content=\"Continuamos MX\" \/>\n<meta name=\"twitter:card\" content=\"summary_large_image\" \/>\n<meta name=\"twitter:label1\" content=\"Escrito por\" \/>\n\t<meta name=\"twitter:data1\" content=\"Continuamos MX\" \/>\n\t<meta name=\"twitter:label2\" content=\"Tiempo de lectura\" \/>\n\t<meta name=\"twitter:data2\" content=\"2 minutos\" \/>\n<script type=\"application\/ld+json\" class=\"yoast-schema-graph\">{\"@context\":\"https:\\\/\\\/schema.org\",\"@graph\":[{\"@type\":\"Article\",\"@id\":\"https:\\\/\\\/continuamosmx.com\\\/index.php\\\/2026\\\/03\\\/11\\\/convocan-a-celebracion-por-el-38-aniversario-del-movimiento-antorchista-en-el-valle-del-noroeste\\\/#article\",\"isPartOf\":{\"@id\":\"https:\\\/\\\/continuamosmx.com\\\/index.php\\\/2026\\\/03\\\/11\\\/convocan-a-celebracion-por-el-38-aniversario-del-movimiento-antorchista-en-el-valle-del-noroeste\\\/\"},\"author\":{\"name\":\"Continuamos MX\",\"@id\":\"https:\\\/\\\/continuamosmx.com\\\/#\\\/schema\\\/person\\\/5eb5356acb1fad784da407d14f0e8d89\"},\"headline\":\"CONVOCAN A CELEBRACI\u00d3N POR EL 38 ANIVERSARIO DEL MOVIMIENTO ANTORCHISTA EN EL VALLE DEL NOROESTE\",\"datePublished\":\"2026-03-11T20:37:37+00:00\",\"dateModified\":\"2026-03-11T20:37:38+00:00\",\"mainEntityOfPage\":{\"@id\":\"https:\\\/\\\/continuamosmx.com\\\/index.php\\\/2026\\\/03\\\/11\\\/convocan-a-celebracion-por-el-38-aniversario-del-movimiento-antorchista-en-el-valle-del-noroeste\\\/\"},\"wordCount\":271,\"publisher\":{\"@id\":\"https:\\\/\\\/continuamosmx.com\\\/#organization\"},\"image\":{\"@id\":\"https:\\\/\\\/continuamosmx.com\\\/index.php\\\/2026\\\/03\\\/11\\\/convocan-a-celebracion-por-el-38-aniversario-del-movimiento-antorchista-en-el-valle-del-noroeste\\\/#primaryimage\"},\"thumbnailUrl\":\"https:\\\/\\\/continuamosmx.com\\\/wp-content\\\/uploads\\\/2026\\\/03\\\/Gemini_Generated_Image_vbpm3cvbpm3cvbpm.png\",\"articleSection\":[\"ANTORCHA\",\"LOCALES\",\"NICOL\u00c1S ROMERO\"],\"inLanguage\":\"es\"},{\"@type\":\"WebPage\",\"@id\":\"https:\\\/\\\/continuamosmx.com\\\/index.php\\\/2026\\\/03\\\/11\\\/convocan-a-celebracion-por-el-38-aniversario-del-movimiento-antorchista-en-el-valle-del-noroeste\\\/\",\"url\":\"https:\\\/\\\/continuamosmx.com\\\/index.php\\\/2026\\\/03\\\/11\\\/convocan-a-celebracion-por-el-38-aniversario-del-movimiento-antorchista-en-el-valle-del-noroeste\\\/\",\"name\":\"CONVOCAN A CELEBRACI\u00d3N POR EL 38 ANIVERSARIO DEL MOVIMIENTO ANTORCHISTA EN EL VALLE DEL NOROESTE -\",\"isPartOf\":{\"@id\":\"https:\\\/\\\/continuamosmx.com\\\/#website\"},\"primaryImageOfPage\":{\"@id\":\"https:\\\/\\\/continuamosmx.com\\\/index.php\\\/2026\\\/03\\\/11\\\/convocan-a-celebracion-por-el-38-aniversario-del-movimiento-antorchista-en-el-valle-del-noroeste\\\/#primaryimage\"},\"image\":{\"@id\":\"https:\\\/\\\/continuamosmx.com\\\/index.php\\\/2026\\\/03\\\/11\\\/convocan-a-celebracion-por-el-38-aniversario-del-movimiento-antorchista-en-el-valle-del-noroeste\\\/#primaryimage\"},\"thumbnailUrl\":\"https:\\\/\\\/continuamosmx.com\\\/wp-content\\\/uploads\\\/2026\\\/03\\\/Gemini_Generated_Image_vbpm3cvbpm3cvbpm.png\",\"datePublished\":\"2026-03-11T20:37:37+00:00\",\"dateModified\":\"2026-03-11T20:37:38+00:00\",\"breadcrumb\":{\"@id\":\"https:\\\/\\\/continuamosmx.com\\\/index.php\\\/2026\\\/03\\\/11\\\/convocan-a-celebracion-por-el-38-aniversario-del-movimiento-antorchista-en-el-valle-del-noroeste\\\/#breadcrumb\"},\"inLanguage\":\"es\",\"potentialAction\":[{\"@type\":\"ReadAction\",\"target\":[\"https:\\\/\\\/continuamosmx.com\\\/index.php\\\/2026\\\/03\\\/11\\\/convocan-a-celebracion-por-el-38-aniversario-del-movimiento-antorchista-en-el-valle-del-noroeste\\\/\"]}]},{\"@type\":\"ImageObject\",\"inLanguage\":\"es\",\"@id\":\"https:\\\/\\\/continuamosmx.com\\\/index.php\\\/2026\\\/03\\\/11\\\/convocan-a-celebracion-por-el-38-aniversario-del-movimiento-antorchista-en-el-valle-del-noroeste\\\/#primaryimage\",\"url\":\"https:\\\/\\\/continuamosmx.com\\\/wp-content\\\/uploads\\\/2026\\\/03\\\/Gemini_Generated_Image_vbpm3cvbpm3cvbpm.png\",\"contentUrl\":\"https:\\\/\\\/continuamosmx.com\\\/wp-content\\\/uploads\\\/2026\\\/03\\\/Gemini_Generated_Image_vbpm3cvbpm3cvbpm.png\",\"width\":2352,\"height\":1792},{\"@type\":\"BreadcrumbList\",\"@id\":\"https:\\\/\\\/continuamosmx.com\\\/index.php\\\/2026\\\/03\\\/11\\\/convocan-a-celebracion-por-el-38-aniversario-del-movimiento-antorchista-en-el-valle-del-noroeste\\\/#breadcrumb\",\"itemListElement\":[{\"@type\":\"ListItem\",\"position\":1,\"name\":\"Inicio\",\"item\":\"https:\\\/\\\/continuamosmx.com\\\/\"},{\"@type\":\"ListItem\",\"position\":2,\"name\":\"CONVOCAN A CELEBRACI\u00d3N POR EL 38 ANIVERSARIO DEL MOVIMIENTO ANTORCHISTA EN EL VALLE DEL NOROESTE\"}]},{\"@type\":\"WebSite\",\"@id\":\"https:\\\/\\\/continuamosmx.com\\\/#website\",\"url\":\"https:\\\/\\\/continuamosmx.com\\\/\",\"name\":\"www.continuamosmx.com\",\"description\":\"\",\"publisher\":{\"@id\":\"https:\\\/\\\/continuamosmx.com\\\/#organization\"},\"potentialAction\":[{\"@type\":\"SearchAction\",\"target\":{\"@type\":\"EntryPoint\",\"urlTemplate\":\"https:\\\/\\\/continuamosmx.com\\\/?s={search_term_string}\"},\"query-input\":{\"@type\":\"PropertyValueSpecification\",\"valueRequired\":true,\"valueName\":\"search_term_string\"}}],\"inLanguage\":\"es\"},{\"@type\":\"Organization\",\"@id\":\"https:\\\/\\\/continuamosmx.com\\\/#organization\",\"name\":\"ContinuamosMX\",\"url\":\"https:\\\/\\\/continuamosmx.com\\\/\",\"logo\":{\"@type\":\"ImageObject\",\"inLanguage\":\"es\",\"@id\":\"https:\\\/\\\/continuamosmx.com\\\/#\\\/schema\\\/logo\\\/image\\\/\",\"url\":\"https:\\\/\\\/continuamosmx.com\\\/wp-content\\\/uploads\\\/2023\\\/04\\\/cropped-LOGO-CONTI-NUEVO.png\",\"contentUrl\":\"https:\\\/\\\/continuamosmx.com\\\/wp-content\\\/uploads\\\/2023\\\/04\\\/cropped-LOGO-CONTI-NUEVO.png\",\"width\":1257,\"height\":430,\"caption\":\"ContinuamosMX\"},\"image\":{\"@id\":\"https:\\\/\\\/continuamosmx.com\\\/#\\\/schema\\\/logo\\\/image\\\/\"}},{\"@type\":\"Person\",\"@id\":\"https:\\\/\\\/continuamosmx.com\\\/#\\\/schema\\\/person\\\/5eb5356acb1fad784da407d14f0e8d89\",\"name\":\"Continuamos MX\",\"image\":{\"@type\":\"ImageObject\",\"inLanguage\":\"es\",\"@id\":\"https:\\\/\\\/secure.gravatar.com\\\/avatar\\\/30d4f9723476a15f4da34d35fb3501f08d2357016c76051c6a85c354c7489589?s=96&d=mm&r=g\",\"url\":\"https:\\\/\\\/secure.gravatar.com\\\/avatar\\\/30d4f9723476a15f4da34d35fb3501f08d2357016c76051c6a85c354c7489589?s=96&d=mm&r=g\",\"contentUrl\":\"https:\\\/\\\/secure.gravatar.com\\\/avatar\\\/30d4f9723476a15f4da34d35fb3501f08d2357016c76051c6a85c354c7489589?s=96&d=mm&r=g\",\"caption\":\"Continuamos MX\"},\"sameAs\":[\"http:\\\/\\\/www.continuamos.mx\"],\"url\":\"https:\\\/\\\/continuamosmx.com\\\/index.php\\\/author\\\/continuamos\\\/\"}]}<\/script>\n<!-- \/ Yoast SEO plugin. -->","yoast_head_json":{"title":"CONVOCAN A CELEBRACI\u00d3N POR EL 38 ANIVERSARIO DEL MOVIMIENTO ANTORCHISTA EN EL VALLE DEL NOROESTE -","robots":{"index":"index","follow":"follow","max-snippet":"max-snippet:-1","max-image-preview":"max-image-preview:large","max-video-preview":"max-video-preview:-1"},"canonical":"https:\/\/continuamosmx.com\/index.php\/2026\/03\/11\/convocan-a-celebracion-por-el-38-aniversario-del-movimiento-antorchista-en-el-valle-del-noroeste\/","og_locale":"es_ES","og_type":"article","og_title":"CONVOCAN A CELEBRACI\u00d3N POR EL 38 ANIVERSARIO DEL MOVIMIENTO ANTORCHISTA EN EL VALLE DEL NOROESTE -","og_description":"*La organizaci\u00f3n social realizar\u00e1 un evento masivo en Nicol\u00e1s Romero para conmemorar casi cuatro d\u00e9cadas de lucha contra la pobreza y la desigualdad. ESTADO DE M\u00c9XICO. \u2014 Bajo la consigna de \u00abForjando conciencias y construyendo el poder del pueblo\u00bb, el Movimiento Antorchista Nacional anunci\u00f3 la celebraci\u00f3n de su 38 aniversario en la regi\u00f3n del Valle [&hellip;]","og_url":"https:\/\/continuamosmx.com\/index.php\/2026\/03\/11\/convocan-a-celebracion-por-el-38-aniversario-del-movimiento-antorchista-en-el-valle-del-noroeste\/","article_published_time":"2026-03-11T20:37:37+00:00","article_modified_time":"2026-03-11T20:37:38+00:00","og_image":[{"width":1024,"height":780,"url":"https:\/\/continuamosmx.com\/wp-content\/uploads\/2026\/03\/Gemini_Generated_Image_vbpm3cvbpm3cvbpm-1024x780.png","type":"image\/png"}],"author":"Continuamos MX","twitter_card":"summary_large_image","twitter_misc":{"Escrito por":"Continuamos MX","Tiempo de lectura":"2 minutos"},"schema":{"@context":"https:\/\/schema.org","@graph":[{"@type":"Article","@id":"https:\/\/continuamosmx.com\/index.php\/2026\/03\/11\/convocan-a-celebracion-por-el-38-aniversario-del-movimiento-antorchista-en-el-valle-del-noroeste\/#article","isPartOf":{"@id":"https:\/\/continuamosmx.com\/index.php\/2026\/03\/11\/convocan-a-celebracion-por-el-38-aniversario-del-movimiento-antorchista-en-el-valle-del-noroeste\/"},"author":{"name":"Continuamos MX","@id":"https:\/\/continuamosmx.com\/#\/schema\/person\/5eb5356acb1fad784da407d14f0e8d89"},"headline":"CONVOCAN A CELEBRACI\u00d3N POR EL 38 ANIVERSARIO DEL MOVIMIENTO ANTORCHISTA EN EL VALLE DEL NOROESTE","datePublished":"2026-03-11T20:37:37+00:00","dateModified":"2026-03-11T20:37:38+00:00","mainEntityOfPage":{"@id":"https:\/\/continuamosmx.com\/index.php\/2026\/03\/11\/convocan-a-celebracion-por-el-38-aniversario-del-movimiento-antorchista-en-el-valle-del-noroeste\/"},"wordCount":271,"publisher":{"@id":"https:\/\/continuamosmx.com\/#organization"},"image":{"@id":"https:\/\/continuamosmx.com\/index.php\/2026\/03\/11\/convocan-a-celebracion-por-el-38-aniversario-del-movimiento-antorchista-en-el-valle-del-noroeste\/#primaryimage"},"thumbnailUrl":"https:\/\/continuamosmx.com\/wp-content\/uploads\/2026\/03\/Gemini_Generated_Image_vbpm3cvbpm3cvbpm.png","articleSection":["ANTORCHA","LOCALES","NICOL\u00c1S ROMERO"],"inLanguage":"es"},{"@type":"WebPage","@id":"https:\/\/continuamosmx.com\/index.php\/2026\/03\/11\/convocan-a-celebracion-por-el-38-aniversario-del-movimiento-antorchista-en-el-valle-del-noroeste\/","url":"https:\/\/continuamosmx.com\/index.php\/2026\/03\/11\/convocan-a-celebracion-por-el-38-aniversario-del-movimiento-antorchista-en-el-valle-del-noroeste\/","name":"CONVOCAN A CELEBRACI\u00d3N POR EL 38 ANIVERSARIO DEL MOVIMIENTO ANTORCHISTA EN EL VALLE DEL NOROESTE -","isPartOf":{"@id":"https:\/\/continuamosmx.com\/#website"},"primaryImageOfPage":{"@id":"https:\/\/continuamosmx.com\/index.php\/2026\/03\/11\/convocan-a-celebracion-por-el-38-aniversario-del-movimiento-antorchista-en-el-valle-del-noroeste\/#primaryimage"},"image":{"@id":"https:\/\/continuamosmx.com\/index.php\/2026\/03\/11\/convocan-a-celebracion-por-el-38-aniversario-del-movimiento-antorchista-en-el-valle-del-noroeste\/#primaryimage"},"thumbnailUrl":"https:\/\/continuamosmx.com\/wp-content\/uploads\/2026\/03\/Gemini_Generated_Image_vbpm3cvbpm3cvbpm.png","datePublished":"2026-03-11T20:37:37+00:00","dateModified":"2026-03-11T20:37:38+00:00","breadcrumb":{"@id":"https:\/\/continuamosmx.com\/index.php\/2026\/03\/11\/convocan-a-celebracion-por-el-38-aniversario-del-movimiento-antorchista-en-el-valle-del-noroeste\/#breadcrumb"},"inLanguage":"es","potentialAction":[{"@type":"ReadAction","target":["https:\/\/continuamosmx.com\/index.php\/2026\/03\/11\/convocan-a-celebracion-por-el-38-aniversario-del-movimiento-antorchista-en-el-valle-del-noroeste\/"]}]},{"@type":"ImageObject","inLanguage":"es","@id":"https:\/\/continuamosmx.com\/index.php\/2026\/03\/11\/convocan-a-celebracion-por-el-38-aniversario-del-movimiento-antorchista-en-el-valle-del-noroeste\/#primaryimage","url":"https:\/\/continuamosmx.com\/wp-content\/uploads\/2026\/03\/Gemini_Generated_Image_vbpm3cvbpm3cvbpm.png","contentUrl":"https:\/\/continuamosmx.com\/wp-content\/uploads\/2026\/03\/Gemini_Generated_Image_vbpm3cvbpm3cvbpm.png","width":2352,"height":1792},{"@type":"BreadcrumbList","@id":"https:\/\/continuamosmx.com\/index.php\/2026\/03\/11\/convocan-a-celebracion-por-el-38-aniversario-del-movimiento-antorchista-en-el-valle-del-noroeste\/#breadcrumb","itemListElement":[{"@type":"ListItem","position":1,"name":"Inicio","item":"https:\/\/continuamosmx.com\/"},{"@type":"ListItem","position":2,"name":"CONVOCAN A CELEBRACI\u00d3N POR EL 38 ANIVERSARIO DEL MOVIMIENTO ANTORCHISTA EN EL VALLE DEL NOROESTE"}]},{"@type":"WebSite","@id":"https:\/\/continuamosmx.com\/#website","url":"https:\/\/continuamosmx.com\/","name":"www.continuamosmx.com","description":"","publisher":{"@id":"https:\/\/continuamosmx.com\/#organization"},"potentialAction":[{"@type":"SearchAction","target":{"@type":"EntryPoint","urlTemplate":"https:\/\/continuamosmx.com\/?s={search_term_string}"},"query-input":{"@type":"PropertyValueSpecification","valueRequired":true,"valueName":"search_term_string"}}],"inLanguage":"es"},{"@type":"Organization","@id":"https:\/\/continuamosmx.com\/#organization","name":"ContinuamosMX","url":"https:\/\/continuamosmx.com\/","logo":{"@type":"ImageObject","inLanguage":"es","@id":"https:\/\/continuamosmx.com\/#\/schema\/logo\/image\/","url":"https:\/\/continuamosmx.com\/wp-content\/uploads\/2023\/04\/cropped-LOGO-CONTI-NUEVO.png","contentUrl":"https:\/\/continuamosmx.com\/wp-content\/uploads\/2023\/04\/cropped-LOGO-CONTI-NUEVO.png","width":1257,"height":430,"caption":"ContinuamosMX"},"image":{"@id":"https:\/\/continuamosmx.com\/#\/schema\/logo\/image\/"}},{"@type":"Person","@id":"https:\/\/continuamosmx.com\/#\/schema\/person\/5eb5356acb1fad784da407d14f0e8d89","name":"Continuamos MX","image":{"@type":"ImageObject","inLanguage":"es","@id":"https:\/\/secure.gravatar.com\/avatar\/30d4f9723476a15f4da34d35fb3501f08d2357016c76051c6a85c354c7489589?s=96&d=mm&r=g","url":"https:\/\/secure.gravatar.com\/avatar\/30d4f9723476a15f4da34d35fb3501f08d2357016c76051c6a85c354c7489589?s=96&d=mm&r=g","contentUrl":"https:\/\/secure.gravatar.com\/avatar\/30d4f9723476a15f4da34d35fb3501f08d2357016c76051c6a85c354c7489589?s=96&d=mm&r=g","caption":"Continuamos MX"},"sameAs":["http:\/\/www.continuamos.mx"],"url":"https:\/\/continuamosmx.com\/index.php\/author\/continuamos\/"}]}},"_links":{"self":[{"href":"https:\/\/continuamosmx.com\/index.php\/wp-json\/wp\/v2\/posts\/53534","targetHints":{"allow":["GET"]}}],"collection":[{"href":"https:\/\/continuamosmx.com\/index.php\/wp-json\/wp\/v2\/posts"}],"about":[{"href":"https:\/\/continuamosmx.com\/index.php\/wp-json\/wp\/v2\/types\/post"}],"author":[{"embeddable":true,"href":"https:\/\/continuamosmx.com\/index.php\/wp-json\/wp\/v2\/users\/6"}],"replies":[{"embeddable":true,"href":"https:\/\/continuamosmx.com\/index.php\/wp-json\/wp\/v2\/comments?post=53534"}],"version-history":[{"count":1,"href":"https:\/\/continuamosmx.com\/index.php\/wp-json\/wp\/v2\/posts\/53534\/revisions"}],"predecessor-version":[{"id":53536,"href":"https:\/\/continuamosmx.com\/index.php\/wp-json\/wp\/v2\/posts\/53534\/revisions\/53536"}],"wp:featuredmedia":[{"embeddable":true,"href":"https:\/\/continuamosmx.com\/index.php\/wp-json\/wp\/v2\/media\/53535"}],"wp:attachment":[{"href":"https:\/\/continuamosmx.com\/index.php\/wp-json\/wp\/v2\/media?parent=53534"}],"wp:term":[{"taxonomy":"category","embeddable":true,"href":"https:\/\/continuamosmx.com\/index.php\/wp-json\/wp\/v2\/categories?post=53534"},{"taxonomy":"post_tag","embeddable":true,"href":"https:\/\/continuamosmx.com\/index.php\/wp-json\/wp\/v2\/tags?post=53534"}],"curies":[{"name":"wp","href":"https:\/\/api.w.org\/{rel}","templated":true}]}}