{"id":53527,"date":"2026-03-10T16:58:00","date_gmt":"2026-03-10T22:58:00","guid":{"rendered":"https:\/\/continuamosmx.com\/?p=53527"},"modified":"2026-03-10T16:58:00","modified_gmt":"2026-03-10T22:58:00","slug":"adios-al-ayudame-en-la-casa-edomex-legisla-la-corresponsabilidad-familiar-obligatoria","status":"publish","type":"post","link":"https:\/\/continuamosmx.com\/index.php\/2026\/03\/10\/adios-al-ayudame-en-la-casa-edomex-legisla-la-corresponsabilidad-familiar-obligatoria\/","title":{"rendered":"ADI\u00d3S AL \u00abAY\u00daDAME EN LA CASA\u00bb: EDOM\u00c9X LEGISLA LA CORRESPONSABILIDAD FAMILIAR OBLIGATORIA"},"content":{"rendered":"\n<p>*<strong>Comisiones del Congreso aprueban reformas al C\u00f3digo Civil y leyes estatales para desmantelar estereotipos de g\u00e9nero; el reparto equilibrado de tareas dom\u00e9sticas y cuidados ser\u00e1 un principio rector en matrimonios y concubinatos.<\/strong><\/p>\n\n\n\n<p>TOLUCA, Estado de M\u00e9xico. \u2013 En un esfuerzo por desarticular el modelo patriarcal que hist\u00f3ricamente ha sobrecargado a las mujeres con el trabajo no remunerado, las Comisiones Unidas de Procuraci\u00f3n y Administraci\u00f3n de Justicia, y de Igualdad de G\u00e9nero del Congreso mexiquense, dieron luz verde a un paquete de reformas que eleva la corresponsabilidad familiar a rango de ley.<\/p>\n\n\n\n<p>El dictamen, que amalgama propuestas de Morena y el PRD, no solo es un exhorto a la buena voluntad, sino una modificaci\u00f3n estructural a tres pilares jur\u00eddicos: el C\u00f3digo Civil, la Ley de Igualdad de Trato y Oportunidades y la Ley Org\u00e1nica Municipal. Con esto, el reparto equilibrado de las tareas del hogar, el cuidado de personas dependientes y la educaci\u00f3n de los hijos dejan de ser vistos como \u00abapoyo\u00bb para convertirse en una obligaci\u00f3n compartida en el matrimonio y el concubinato.<\/p>\n\n\n\n<p>Los datos clave de la reforma:<\/p>\n\n\n\n<p>Marco Legal: Se redefine la corresponsabilidad como el reparto equitativo de organizaci\u00f3n, cuidado, educaci\u00f3n y afecto, con el fin de liberar tiempo de vida para las mujeres.<\/p>\n\n\n\n<p>Nuevas atribuciones municipales: Las Direcciones de las Mujeres en los 125 municipios estar\u00e1n obligadas a implementar programas que fomenten nuevas masculinidades y el autocuidado.<\/p>\n\n\n\n<p>Impacto Laboral: La reforma se alinea con la tendencia nacional de reducci\u00f3n de jornada laboral, buscando que el tiempo libre no se traduzca en m\u00e1s carga dom\u00e9stica para las mujeres, sino en una distribuci\u00f3n justa.<\/p>\n\n\n\n<p>La diputada Mar\u00eda del Carmen de la Rosa destac\u00f3 que el objetivo es eliminar los \u00abestereotipos nocivos\u00bb que afectan la salud mental y el desarrollo profesional de las mexiquenses, mientras que el legislador Octavio Mart\u00ednez subray\u00f3 que la medida impulsa de manera progresista las nuevas masculinidades en la entidad.<\/p>\n","protected":false},"excerpt":{"rendered":"<p>*Comisiones del Congreso aprueban reformas al C\u00f3digo Civil y leyes estatales para desmantelar estereotipos de g\u00e9nero; el reparto equilibrado de tareas dom\u00e9sticas y cuidados ser\u00e1 un principio rector en matrimonios y concubinatos. TOLUCA, Estado de M\u00e9xico. \u2013 En un esfuerzo por desarticular el modelo patriarcal que hist\u00f3ricamente ha sobrecargado a las mujeres con el trabajo [&hellip;]<\/p>\n","protected":false},"author":6,"featured_media":53528,"comment_status":"closed","ping_status":"closed","sticky":false,"template":"","format":"standard","meta":{"footnotes":""},"categories":[229],"tags":[],"class_list":["post-53527","post","type-post","status-publish","format-standard","has-post-thumbnail","hentry","category-congreso-edomex"],"yoast_head":"<!-- This site is optimized with the Yoast SEO plugin v27.4 - https:\/\/yoast.com\/product\/yoast-seo-wordpress\/ -->\n<title>ADI\u00d3S AL &quot;AY\u00daDAME EN LA CASA&quot;: EDOM\u00c9X LEGISLA LA CORRESPONSABILIDAD FAMILIAR OBLIGATORIA -<\/title>\n<meta name=\"robots\" content=\"index, follow, max-snippet:-1, max-image-preview:large, max-video-preview:-1\" \/>\n<link rel=\"canonical\" href=\"https:\/\/continuamosmx.com\/index.php\/2026\/03\/10\/adios-al-ayudame-en-la-casa-edomex-legisla-la-corresponsabilidad-familiar-obligatoria\/\" \/>\n<meta property=\"og:locale\" content=\"es_ES\" \/>\n<meta property=\"og:type\" content=\"article\" \/>\n<meta property=\"og:title\" content=\"ADI\u00d3S AL &quot;AY\u00daDAME EN LA CASA&quot;: EDOM\u00c9X LEGISLA LA CORRESPONSABILIDAD FAMILIAR OBLIGATORIA -\" \/>\n<meta property=\"og:description\" content=\"*Comisiones del Congreso aprueban reformas al C\u00f3digo Civil y leyes estatales para desmantelar estereotipos de g\u00e9nero; el reparto equilibrado de tareas dom\u00e9sticas y cuidados ser\u00e1 un principio rector en matrimonios y concubinatos. TOLUCA, Estado de M\u00e9xico. \u2013 En un esfuerzo por desarticular el modelo patriarcal que hist\u00f3ricamente ha sobrecargado a las mujeres con el trabajo [&hellip;]\" \/>\n<meta property=\"og:url\" content=\"https:\/\/continuamosmx.com\/index.php\/2026\/03\/10\/adios-al-ayudame-en-la-casa-edomex-legisla-la-corresponsabilidad-familiar-obligatoria\/\" \/>\n<meta property=\"article:published_time\" content=\"2026-03-10T22:58:00+00:00\" \/>\n<meta property=\"og:image\" content=\"https:\/\/continuamosmx.com\/wp-content\/uploads\/2026\/03\/acabo.jpg\" \/>\n\t<meta property=\"og:image:width\" content=\"1600\" \/>\n\t<meta property=\"og:image:height\" content=\"1067\" \/>\n\t<meta property=\"og:image:type\" content=\"image\/jpeg\" \/>\n<meta name=\"author\" content=\"Continuamos MX\" \/>\n<meta name=\"twitter:card\" content=\"summary_large_image\" \/>\n<meta name=\"twitter:label1\" content=\"Escrito por\" \/>\n\t<meta name=\"twitter:data1\" content=\"Continuamos MX\" \/>\n\t<meta name=\"twitter:label2\" content=\"Tiempo de lectura\" \/>\n\t<meta name=\"twitter:data2\" content=\"2 minutos\" \/>\n<script type=\"application\/ld+json\" class=\"yoast-schema-graph\">{\"@context\":\"https:\\\/\\\/schema.org\",\"@graph\":[{\"@type\":\"Article\",\"@id\":\"https:\\\/\\\/continuamosmx.com\\\/index.php\\\/2026\\\/03\\\/10\\\/adios-al-ayudame-en-la-casa-edomex-legisla-la-corresponsabilidad-familiar-obligatoria\\\/#article\",\"isPartOf\":{\"@id\":\"https:\\\/\\\/continuamosmx.com\\\/index.php\\\/2026\\\/03\\\/10\\\/adios-al-ayudame-en-la-casa-edomex-legisla-la-corresponsabilidad-familiar-obligatoria\\\/\"},\"author\":{\"name\":\"Continuamos MX\",\"@id\":\"https:\\\/\\\/continuamosmx.com\\\/#\\\/schema\\\/person\\\/5eb5356acb1fad784da407d14f0e8d89\"},\"headline\":\"ADI\u00d3S AL \u00abAY\u00daDAME EN LA CASA\u00bb: EDOM\u00c9X LEGISLA LA CORRESPONSABILIDAD FAMILIAR OBLIGATORIA\",\"datePublished\":\"2026-03-10T22:58:00+00:00\",\"mainEntityOfPage\":{\"@id\":\"https:\\\/\\\/continuamosmx.com\\\/index.php\\\/2026\\\/03\\\/10\\\/adios-al-ayudame-en-la-casa-edomex-legisla-la-corresponsabilidad-familiar-obligatoria\\\/\"},\"wordCount\":350,\"publisher\":{\"@id\":\"https:\\\/\\\/continuamosmx.com\\\/#organization\"},\"image\":{\"@id\":\"https:\\\/\\\/continuamosmx.com\\\/index.php\\\/2026\\\/03\\\/10\\\/adios-al-ayudame-en-la-casa-edomex-legisla-la-corresponsabilidad-familiar-obligatoria\\\/#primaryimage\"},\"thumbnailUrl\":\"https:\\\/\\\/continuamosmx.com\\\/wp-content\\\/uploads\\\/2026\\\/03\\\/acabo.jpg\",\"articleSection\":[\"CONGRESO EDOM\u00c9X\"],\"inLanguage\":\"es\"},{\"@type\":\"WebPage\",\"@id\":\"https:\\\/\\\/continuamosmx.com\\\/index.php\\\/2026\\\/03\\\/10\\\/adios-al-ayudame-en-la-casa-edomex-legisla-la-corresponsabilidad-familiar-obligatoria\\\/\",\"url\":\"https:\\\/\\\/continuamosmx.com\\\/index.php\\\/2026\\\/03\\\/10\\\/adios-al-ayudame-en-la-casa-edomex-legisla-la-corresponsabilidad-familiar-obligatoria\\\/\",\"name\":\"ADI\u00d3S AL \\\"AY\u00daDAME EN LA CASA\\\": EDOM\u00c9X LEGISLA LA CORRESPONSABILIDAD FAMILIAR OBLIGATORIA -\",\"isPartOf\":{\"@id\":\"https:\\\/\\\/continuamosmx.com\\\/#website\"},\"primaryImageOfPage\":{\"@id\":\"https:\\\/\\\/continuamosmx.com\\\/index.php\\\/2026\\\/03\\\/10\\\/adios-al-ayudame-en-la-casa-edomex-legisla-la-corresponsabilidad-familiar-obligatoria\\\/#primaryimage\"},\"image\":{\"@id\":\"https:\\\/\\\/continuamosmx.com\\\/index.php\\\/2026\\\/03\\\/10\\\/adios-al-ayudame-en-la-casa-edomex-legisla-la-corresponsabilidad-familiar-obligatoria\\\/#primaryimage\"},\"thumbnailUrl\":\"https:\\\/\\\/continuamosmx.com\\\/wp-content\\\/uploads\\\/2026\\\/03\\\/acabo.jpg\",\"datePublished\":\"2026-03-10T22:58:00+00:00\",\"breadcrumb\":{\"@id\":\"https:\\\/\\\/continuamosmx.com\\\/index.php\\\/2026\\\/03\\\/10\\\/adios-al-ayudame-en-la-casa-edomex-legisla-la-corresponsabilidad-familiar-obligatoria\\\/#breadcrumb\"},\"inLanguage\":\"es\",\"potentialAction\":[{\"@type\":\"ReadAction\",\"target\":[\"https:\\\/\\\/continuamosmx.com\\\/index.php\\\/2026\\\/03\\\/10\\\/adios-al-ayudame-en-la-casa-edomex-legisla-la-corresponsabilidad-familiar-obligatoria\\\/\"]}]},{\"@type\":\"ImageObject\",\"inLanguage\":\"es\",\"@id\":\"https:\\\/\\\/continuamosmx.com\\\/index.php\\\/2026\\\/03\\\/10\\\/adios-al-ayudame-en-la-casa-edomex-legisla-la-corresponsabilidad-familiar-obligatoria\\\/#primaryimage\",\"url\":\"https:\\\/\\\/continuamosmx.com\\\/wp-content\\\/uploads\\\/2026\\\/03\\\/acabo.jpg\",\"contentUrl\":\"https:\\\/\\\/continuamosmx.com\\\/wp-content\\\/uploads\\\/2026\\\/03\\\/acabo.jpg\",\"width\":1600,\"height\":1067},{\"@type\":\"BreadcrumbList\",\"@id\":\"https:\\\/\\\/continuamosmx.com\\\/index.php\\\/2026\\\/03\\\/10\\\/adios-al-ayudame-en-la-casa-edomex-legisla-la-corresponsabilidad-familiar-obligatoria\\\/#breadcrumb\",\"itemListElement\":[{\"@type\":\"ListItem\",\"position\":1,\"name\":\"Inicio\",\"item\":\"https:\\\/\\\/continuamosmx.com\\\/\"},{\"@type\":\"ListItem\",\"position\":2,\"name\":\"ADI\u00d3S AL \u00abAY\u00daDAME EN LA CASA\u00bb: EDOM\u00c9X LEGISLA LA CORRESPONSABILIDAD FAMILIAR OBLIGATORIA\"}]},{\"@type\":\"WebSite\",\"@id\":\"https:\\\/\\\/continuamosmx.com\\\/#website\",\"url\":\"https:\\\/\\\/continuamosmx.com\\\/\",\"name\":\"www.continuamosmx.com\",\"description\":\"\",\"publisher\":{\"@id\":\"https:\\\/\\\/continuamosmx.com\\\/#organization\"},\"potentialAction\":[{\"@type\":\"SearchAction\",\"target\":{\"@type\":\"EntryPoint\",\"urlTemplate\":\"https:\\\/\\\/continuamosmx.com\\\/?s={search_term_string}\"},\"query-input\":{\"@type\":\"PropertyValueSpecification\",\"valueRequired\":true,\"valueName\":\"search_term_string\"}}],\"inLanguage\":\"es\"},{\"@type\":\"Organization\",\"@id\":\"https:\\\/\\\/continuamosmx.com\\\/#organization\",\"name\":\"ContinuamosMX\",\"url\":\"https:\\\/\\\/continuamosmx.com\\\/\",\"logo\":{\"@type\":\"ImageObject\",\"inLanguage\":\"es\",\"@id\":\"https:\\\/\\\/continuamosmx.com\\\/#\\\/schema\\\/logo\\\/image\\\/\",\"url\":\"https:\\\/\\\/continuamosmx.com\\\/wp-content\\\/uploads\\\/2023\\\/04\\\/cropped-LOGO-CONTI-NUEVO.png\",\"contentUrl\":\"https:\\\/\\\/continuamosmx.com\\\/wp-content\\\/uploads\\\/2023\\\/04\\\/cropped-LOGO-CONTI-NUEVO.png\",\"width\":1257,\"height\":430,\"caption\":\"ContinuamosMX\"},\"image\":{\"@id\":\"https:\\\/\\\/continuamosmx.com\\\/#\\\/schema\\\/logo\\\/image\\\/\"}},{\"@type\":\"Person\",\"@id\":\"https:\\\/\\\/continuamosmx.com\\\/#\\\/schema\\\/person\\\/5eb5356acb1fad784da407d14f0e8d89\",\"name\":\"Continuamos MX\",\"image\":{\"@type\":\"ImageObject\",\"inLanguage\":\"es\",\"@id\":\"https:\\\/\\\/secure.gravatar.com\\\/avatar\\\/30d4f9723476a15f4da34d35fb3501f08d2357016c76051c6a85c354c7489589?s=96&d=mm&r=g\",\"url\":\"https:\\\/\\\/secure.gravatar.com\\\/avatar\\\/30d4f9723476a15f4da34d35fb3501f08d2357016c76051c6a85c354c7489589?s=96&d=mm&r=g\",\"contentUrl\":\"https:\\\/\\\/secure.gravatar.com\\\/avatar\\\/30d4f9723476a15f4da34d35fb3501f08d2357016c76051c6a85c354c7489589?s=96&d=mm&r=g\",\"caption\":\"Continuamos MX\"},\"sameAs\":[\"http:\\\/\\\/www.continuamos.mx\"],\"url\":\"https:\\\/\\\/continuamosmx.com\\\/index.php\\\/author\\\/continuamos\\\/\"}]}<\/script>\n<!-- \/ Yoast SEO plugin. -->","yoast_head_json":{"title":"ADI\u00d3S AL \"AY\u00daDAME EN LA CASA\": EDOM\u00c9X LEGISLA LA CORRESPONSABILIDAD FAMILIAR OBLIGATORIA -","robots":{"index":"index","follow":"follow","max-snippet":"max-snippet:-1","max-image-preview":"max-image-preview:large","max-video-preview":"max-video-preview:-1"},"canonical":"https:\/\/continuamosmx.com\/index.php\/2026\/03\/10\/adios-al-ayudame-en-la-casa-edomex-legisla-la-corresponsabilidad-familiar-obligatoria\/","og_locale":"es_ES","og_type":"article","og_title":"ADI\u00d3S AL \"AY\u00daDAME EN LA CASA\": EDOM\u00c9X LEGISLA LA CORRESPONSABILIDAD FAMILIAR OBLIGATORIA -","og_description":"*Comisiones del Congreso aprueban reformas al C\u00f3digo Civil y leyes estatales para desmantelar estereotipos de g\u00e9nero; el reparto equilibrado de tareas dom\u00e9sticas y cuidados ser\u00e1 un principio rector en matrimonios y concubinatos. TOLUCA, Estado de M\u00e9xico. \u2013 En un esfuerzo por desarticular el modelo patriarcal que hist\u00f3ricamente ha sobrecargado a las mujeres con el trabajo [&hellip;]","og_url":"https:\/\/continuamosmx.com\/index.php\/2026\/03\/10\/adios-al-ayudame-en-la-casa-edomex-legisla-la-corresponsabilidad-familiar-obligatoria\/","article_published_time":"2026-03-10T22:58:00+00:00","og_image":[{"width":1600,"height":1067,"url":"https:\/\/continuamosmx.com\/wp-content\/uploads\/2026\/03\/acabo.jpg","type":"image\/jpeg"}],"author":"Continuamos MX","twitter_card":"summary_large_image","twitter_misc":{"Escrito por":"Continuamos MX","Tiempo de lectura":"2 minutos"},"schema":{"@context":"https:\/\/schema.org","@graph":[{"@type":"Article","@id":"https:\/\/continuamosmx.com\/index.php\/2026\/03\/10\/adios-al-ayudame-en-la-casa-edomex-legisla-la-corresponsabilidad-familiar-obligatoria\/#article","isPartOf":{"@id":"https:\/\/continuamosmx.com\/index.php\/2026\/03\/10\/adios-al-ayudame-en-la-casa-edomex-legisla-la-corresponsabilidad-familiar-obligatoria\/"},"author":{"name":"Continuamos MX","@id":"https:\/\/continuamosmx.com\/#\/schema\/person\/5eb5356acb1fad784da407d14f0e8d89"},"headline":"ADI\u00d3S AL \u00abAY\u00daDAME EN LA CASA\u00bb: EDOM\u00c9X LEGISLA LA CORRESPONSABILIDAD FAMILIAR OBLIGATORIA","datePublished":"2026-03-10T22:58:00+00:00","mainEntityOfPage":{"@id":"https:\/\/continuamosmx.com\/index.php\/2026\/03\/10\/adios-al-ayudame-en-la-casa-edomex-legisla-la-corresponsabilidad-familiar-obligatoria\/"},"wordCount":350,"publisher":{"@id":"https:\/\/continuamosmx.com\/#organization"},"image":{"@id":"https:\/\/continuamosmx.com\/index.php\/2026\/03\/10\/adios-al-ayudame-en-la-casa-edomex-legisla-la-corresponsabilidad-familiar-obligatoria\/#primaryimage"},"thumbnailUrl":"https:\/\/continuamosmx.com\/wp-content\/uploads\/2026\/03\/acabo.jpg","articleSection":["CONGRESO EDOM\u00c9X"],"inLanguage":"es"},{"@type":"WebPage","@id":"https:\/\/continuamosmx.com\/index.php\/2026\/03\/10\/adios-al-ayudame-en-la-casa-edomex-legisla-la-corresponsabilidad-familiar-obligatoria\/","url":"https:\/\/continuamosmx.com\/index.php\/2026\/03\/10\/adios-al-ayudame-en-la-casa-edomex-legisla-la-corresponsabilidad-familiar-obligatoria\/","name":"ADI\u00d3S AL \"AY\u00daDAME EN LA CASA\": EDOM\u00c9X LEGISLA LA CORRESPONSABILIDAD FAMILIAR OBLIGATORIA -","isPartOf":{"@id":"https:\/\/continuamosmx.com\/#website"},"primaryImageOfPage":{"@id":"https:\/\/continuamosmx.com\/index.php\/2026\/03\/10\/adios-al-ayudame-en-la-casa-edomex-legisla-la-corresponsabilidad-familiar-obligatoria\/#primaryimage"},"image":{"@id":"https:\/\/continuamosmx.com\/index.php\/2026\/03\/10\/adios-al-ayudame-en-la-casa-edomex-legisla-la-corresponsabilidad-familiar-obligatoria\/#primaryimage"},"thumbnailUrl":"https:\/\/continuamosmx.com\/wp-content\/uploads\/2026\/03\/acabo.jpg","datePublished":"2026-03-10T22:58:00+00:00","breadcrumb":{"@id":"https:\/\/continuamosmx.com\/index.php\/2026\/03\/10\/adios-al-ayudame-en-la-casa-edomex-legisla-la-corresponsabilidad-familiar-obligatoria\/#breadcrumb"},"inLanguage":"es","potentialAction":[{"@type":"ReadAction","target":["https:\/\/continuamosmx.com\/index.php\/2026\/03\/10\/adios-al-ayudame-en-la-casa-edomex-legisla-la-corresponsabilidad-familiar-obligatoria\/"]}]},{"@type":"ImageObject","inLanguage":"es","@id":"https:\/\/continuamosmx.com\/index.php\/2026\/03\/10\/adios-al-ayudame-en-la-casa-edomex-legisla-la-corresponsabilidad-familiar-obligatoria\/#primaryimage","url":"https:\/\/continuamosmx.com\/wp-content\/uploads\/2026\/03\/acabo.jpg","contentUrl":"https:\/\/continuamosmx.com\/wp-content\/uploads\/2026\/03\/acabo.jpg","width":1600,"height":1067},{"@type":"BreadcrumbList","@id":"https:\/\/continuamosmx.com\/index.php\/2026\/03\/10\/adios-al-ayudame-en-la-casa-edomex-legisla-la-corresponsabilidad-familiar-obligatoria\/#breadcrumb","itemListElement":[{"@type":"ListItem","position":1,"name":"Inicio","item":"https:\/\/continuamosmx.com\/"},{"@type":"ListItem","position":2,"name":"ADI\u00d3S AL \u00abAY\u00daDAME EN LA CASA\u00bb: EDOM\u00c9X LEGISLA LA CORRESPONSABILIDAD FAMILIAR OBLIGATORIA"}]},{"@type":"WebSite","@id":"https:\/\/continuamosmx.com\/#website","url":"https:\/\/continuamosmx.com\/","name":"www.continuamosmx.com","description":"","publisher":{"@id":"https:\/\/continuamosmx.com\/#organization"},"potentialAction":[{"@type":"SearchAction","target":{"@type":"EntryPoint","urlTemplate":"https:\/\/continuamosmx.com\/?s={search_term_string}"},"query-input":{"@type":"PropertyValueSpecification","valueRequired":true,"valueName":"search_term_string"}}],"inLanguage":"es"},{"@type":"Organization","@id":"https:\/\/continuamosmx.com\/#organization","name":"ContinuamosMX","url":"https:\/\/continuamosmx.com\/","logo":{"@type":"ImageObject","inLanguage":"es","@id":"https:\/\/continuamosmx.com\/#\/schema\/logo\/image\/","url":"https:\/\/continuamosmx.com\/wp-content\/uploads\/2023\/04\/cropped-LOGO-CONTI-NUEVO.png","contentUrl":"https:\/\/continuamosmx.com\/wp-content\/uploads\/2023\/04\/cropped-LOGO-CONTI-NUEVO.png","width":1257,"height":430,"caption":"ContinuamosMX"},"image":{"@id":"https:\/\/continuamosmx.com\/#\/schema\/logo\/image\/"}},{"@type":"Person","@id":"https:\/\/continuamosmx.com\/#\/schema\/person\/5eb5356acb1fad784da407d14f0e8d89","name":"Continuamos MX","image":{"@type":"ImageObject","inLanguage":"es","@id":"https:\/\/secure.gravatar.com\/avatar\/30d4f9723476a15f4da34d35fb3501f08d2357016c76051c6a85c354c7489589?s=96&d=mm&r=g","url":"https:\/\/secure.gravatar.com\/avatar\/30d4f9723476a15f4da34d35fb3501f08d2357016c76051c6a85c354c7489589?s=96&d=mm&r=g","contentUrl":"https:\/\/secure.gravatar.com\/avatar\/30d4f9723476a15f4da34d35fb3501f08d2357016c76051c6a85c354c7489589?s=96&d=mm&r=g","caption":"Continuamos MX"},"sameAs":["http:\/\/www.continuamos.mx"],"url":"https:\/\/continuamosmx.com\/index.php\/author\/continuamos\/"}]}},"_links":{"self":[{"href":"https:\/\/continuamosmx.com\/index.php\/wp-json\/wp\/v2\/posts\/53527","targetHints":{"allow":["GET"]}}],"collection":[{"href":"https:\/\/continuamosmx.com\/index.php\/wp-json\/wp\/v2\/posts"}],"about":[{"href":"https:\/\/continuamosmx.com\/index.php\/wp-json\/wp\/v2\/types\/post"}],"author":[{"embeddable":true,"href":"https:\/\/continuamosmx.com\/index.php\/wp-json\/wp\/v2\/users\/6"}],"replies":[{"embeddable":true,"href":"https:\/\/continuamosmx.com\/index.php\/wp-json\/wp\/v2\/comments?post=53527"}],"version-history":[{"count":1,"href":"https:\/\/continuamosmx.com\/index.php\/wp-json\/wp\/v2\/posts\/53527\/revisions"}],"predecessor-version":[{"id":53529,"href":"https:\/\/continuamosmx.com\/index.php\/wp-json\/wp\/v2\/posts\/53527\/revisions\/53529"}],"wp:featuredmedia":[{"embeddable":true,"href":"https:\/\/continuamosmx.com\/index.php\/wp-json\/wp\/v2\/media\/53528"}],"wp:attachment":[{"href":"https:\/\/continuamosmx.com\/index.php\/wp-json\/wp\/v2\/media?parent=53527"}],"wp:term":[{"taxonomy":"category","embeddable":true,"href":"https:\/\/continuamosmx.com\/index.php\/wp-json\/wp\/v2\/categories?post=53527"},{"taxonomy":"post_tag","embeddable":true,"href":"https:\/\/continuamosmx.com\/index.php\/wp-json\/wp\/v2\/tags?post=53527"}],"curies":[{"name":"wp","href":"https:\/\/api.w.org\/{rel}","templated":true}]}}