{"id":53524,"date":"2026-03-10T16:55:47","date_gmt":"2026-03-10T22:55:47","guid":{"rendered":"https:\/\/continuamosmx.com\/?p=53524"},"modified":"2026-03-10T16:55:47","modified_gmt":"2026-03-10T22:55:47","slug":"carcel-a-la-violencia-vicaria-el-estado-de-mexico-endurece-penas-frente-a-una-deuda-historica","status":"publish","type":"post","link":"https:\/\/continuamosmx.com\/index.php\/2026\/03\/10\/carcel-a-la-violencia-vicaria-el-estado-de-mexico-endurece-penas-frente-a-una-deuda-historica\/","title":{"rendered":"C\u00c1RCEL A LA VIOLENCIA VICARIA: EL ESTADO DE M\u00c9XICO ENDURECE PENAS FRENTE A UNA DEUDA HIST\u00d3RICA"},"content":{"rendered":"\n<p>*<strong>Con sanciones de hasta ocho a\u00f1os de prisi\u00f3n y la p\u00e9rdida de la patria potestad, la LXII Legislatura tipifica el uso de hijos como instrumentos de agresi\u00f3n; en paralelo, aprueban el modelo de \u00abcementerios verdes\u00bb.<\/strong><\/p>\n\n\n\n<p>ESTADO DE M\u00c9XICO. \u2013 En un movimiento legislativo que busca saldar una deuda pendiente con las mujeres mexiquenses, el Congreso del Estado de M\u00e9xico concret\u00f3 la tipificaci\u00f3n de la violencia vicaria, estableciendo un marco punitivo que alcanza los ocho a\u00f1os de prisi\u00f3n. Francisco V\u00e1zquez Rodr\u00edguez, presidente de la Junta de Coordinaci\u00f3n Pol\u00edtica (Jucopo), calific\u00f3 la medida como un consenso un\u00e1nime de la LXII Legislatura para frenar una de las formas de violencia de g\u00e9nero m\u00e1s invisibilizadas.<\/p>\n\n\n\n<p>Los datos duros de la reforma son contundentes: adem\u00e1s de la pena privativa de la libertad, los agresores enfrentar\u00e1n multas econ\u00f3micas, la p\u00e9rdida de la patria potestad y la obligatoriedad de someterse a tratamientos reeducativos y psiqui\u00e1tricos. El dictamen define este delito como cualquier conducta \u2014amenazas, ocultamiento o sustracci\u00f3n de menores\u2014 utilizada para da\u00f1ar emocionalmente a la madre a trav\u00e9s de sus hijos o seres cercanos.<\/p>\n\n\n\n<p>Esta reforma no surge en el vac\u00edo; es la respuesta institucional a la presi\u00f3n ejercida por colectivos y organizaciones civiles que durante a\u00f1os denunciaron procesos legales basados en hechos falsos y la manipulaci\u00f3n del sistema judicial para fracturar el v\u00ednculo materno-filial.<\/p>\n\n\n\n<p>Sustentabilidad en el descanso final<\/p>\n\n\n\n<p>En la misma jornada, el Legislativo aprob\u00f3 la creaci\u00f3n de \u00abcementerios verdes\u00bb. Esta iniciativa busca transformar los panteones en zonas de preservaci\u00f3n ambiental mediante m\u00e9todos de inhumaci\u00f3n sustentables. El proyecto proh\u00edbe el uso de qu\u00edmicos contaminantes en el embalsamamiento y materiales no biodegradables, apostando por la reforestaci\u00f3n y la reducci\u00f3n del impacto ecol\u00f3gico en los centros de poblaci\u00f3n.<\/p>\n","protected":false},"excerpt":{"rendered":"<p>*Con sanciones de hasta ocho a\u00f1os de prisi\u00f3n y la p\u00e9rdida de la patria potestad, la LXII Legislatura tipifica el uso de hijos como instrumentos de agresi\u00f3n; en paralelo, aprueban el modelo de \u00abcementerios verdes\u00bb. ESTADO DE M\u00c9XICO. \u2013 En un movimiento legislativo que busca saldar una deuda pendiente con las mujeres mexiquenses, el Congreso [&hellip;]<\/p>\n","protected":false},"author":6,"featured_media":53525,"comment_status":"closed","ping_status":"closed","sticky":false,"template":"","format":"standard","meta":{"footnotes":""},"categories":[229],"tags":[],"class_list":["post-53524","post","type-post","status-publish","format-standard","has-post-thumbnail","hentry","category-congreso-edomex"],"yoast_head":"<!-- This site is optimized with the Yoast SEO plugin v27.4 - https:\/\/yoast.com\/product\/yoast-seo-wordpress\/ -->\n<title>C\u00c1RCEL A LA VIOLENCIA VICARIA: EL ESTADO DE M\u00c9XICO ENDURECE PENAS FRENTE A UNA DEUDA HIST\u00d3RICA -<\/title>\n<meta name=\"robots\" content=\"index, follow, max-snippet:-1, max-image-preview:large, max-video-preview:-1\" \/>\n<link rel=\"canonical\" href=\"https:\/\/continuamosmx.com\/index.php\/2026\/03\/10\/carcel-a-la-violencia-vicaria-el-estado-de-mexico-endurece-penas-frente-a-una-deuda-historica\/\" \/>\n<meta property=\"og:locale\" content=\"es_ES\" \/>\n<meta property=\"og:type\" content=\"article\" \/>\n<meta property=\"og:title\" content=\"C\u00c1RCEL A LA VIOLENCIA VICARIA: EL ESTADO DE M\u00c9XICO ENDURECE PENAS FRENTE A UNA DEUDA HIST\u00d3RICA -\" \/>\n<meta property=\"og:description\" content=\"*Con sanciones de hasta ocho a\u00f1os de prisi\u00f3n y la p\u00e9rdida de la patria potestad, la LXII Legislatura tipifica el uso de hijos como instrumentos de agresi\u00f3n; en paralelo, aprueban el modelo de \u00abcementerios verdes\u00bb. ESTADO DE M\u00c9XICO. \u2013 En un movimiento legislativo que busca saldar una deuda pendiente con las mujeres mexiquenses, el Congreso [&hellip;]\" \/>\n<meta property=\"og:url\" content=\"https:\/\/continuamosmx.com\/index.php\/2026\/03\/10\/carcel-a-la-violencia-vicaria-el-estado-de-mexico-endurece-penas-frente-a-una-deuda-historica\/\" \/>\n<meta property=\"article:published_time\" content=\"2026-03-10T22:55:47+00:00\" \/>\n<meta property=\"og:image\" content=\"https:\/\/continuamosmx.com\/wp-content\/uploads\/2026\/03\/congreso.jpg\" \/>\n\t<meta property=\"og:image:width\" content=\"1280\" \/>\n\t<meta property=\"og:image:height\" content=\"854\" \/>\n\t<meta property=\"og:image:type\" content=\"image\/jpeg\" \/>\n<meta name=\"author\" content=\"Continuamos MX\" \/>\n<meta name=\"twitter:card\" content=\"summary_large_image\" \/>\n<meta name=\"twitter:label1\" content=\"Escrito por\" \/>\n\t<meta name=\"twitter:data1\" content=\"Continuamos MX\" \/>\n\t<meta name=\"twitter:label2\" content=\"Tiempo de lectura\" \/>\n\t<meta name=\"twitter:data2\" content=\"2 minutos\" \/>\n<script type=\"application\/ld+json\" class=\"yoast-schema-graph\">{\"@context\":\"https:\\\/\\\/schema.org\",\"@graph\":[{\"@type\":\"Article\",\"@id\":\"https:\\\/\\\/continuamosmx.com\\\/index.php\\\/2026\\\/03\\\/10\\\/carcel-a-la-violencia-vicaria-el-estado-de-mexico-endurece-penas-frente-a-una-deuda-historica\\\/#article\",\"isPartOf\":{\"@id\":\"https:\\\/\\\/continuamosmx.com\\\/index.php\\\/2026\\\/03\\\/10\\\/carcel-a-la-violencia-vicaria-el-estado-de-mexico-endurece-penas-frente-a-una-deuda-historica\\\/\"},\"author\":{\"name\":\"Continuamos MX\",\"@id\":\"https:\\\/\\\/continuamosmx.com\\\/#\\\/schema\\\/person\\\/5eb5356acb1fad784da407d14f0e8d89\"},\"headline\":\"C\u00c1RCEL A LA VIOLENCIA VICARIA: EL ESTADO DE M\u00c9XICO ENDURECE PENAS FRENTE A UNA DEUDA HIST\u00d3RICA\",\"datePublished\":\"2026-03-10T22:55:47+00:00\",\"mainEntityOfPage\":{\"@id\":\"https:\\\/\\\/continuamosmx.com\\\/index.php\\\/2026\\\/03\\\/10\\\/carcel-a-la-violencia-vicaria-el-estado-de-mexico-endurece-penas-frente-a-una-deuda-historica\\\/\"},\"wordCount\":338,\"publisher\":{\"@id\":\"https:\\\/\\\/continuamosmx.com\\\/#organization\"},\"image\":{\"@id\":\"https:\\\/\\\/continuamosmx.com\\\/index.php\\\/2026\\\/03\\\/10\\\/carcel-a-la-violencia-vicaria-el-estado-de-mexico-endurece-penas-frente-a-una-deuda-historica\\\/#primaryimage\"},\"thumbnailUrl\":\"https:\\\/\\\/continuamosmx.com\\\/wp-content\\\/uploads\\\/2026\\\/03\\\/congreso.jpg\",\"articleSection\":[\"CONGRESO EDOM\u00c9X\"],\"inLanguage\":\"es\"},{\"@type\":\"WebPage\",\"@id\":\"https:\\\/\\\/continuamosmx.com\\\/index.php\\\/2026\\\/03\\\/10\\\/carcel-a-la-violencia-vicaria-el-estado-de-mexico-endurece-penas-frente-a-una-deuda-historica\\\/\",\"url\":\"https:\\\/\\\/continuamosmx.com\\\/index.php\\\/2026\\\/03\\\/10\\\/carcel-a-la-violencia-vicaria-el-estado-de-mexico-endurece-penas-frente-a-una-deuda-historica\\\/\",\"name\":\"C\u00c1RCEL A LA VIOLENCIA VICARIA: EL ESTADO DE M\u00c9XICO ENDURECE PENAS FRENTE A UNA DEUDA HIST\u00d3RICA -\",\"isPartOf\":{\"@id\":\"https:\\\/\\\/continuamosmx.com\\\/#website\"},\"primaryImageOfPage\":{\"@id\":\"https:\\\/\\\/continuamosmx.com\\\/index.php\\\/2026\\\/03\\\/10\\\/carcel-a-la-violencia-vicaria-el-estado-de-mexico-endurece-penas-frente-a-una-deuda-historica\\\/#primaryimage\"},\"image\":{\"@id\":\"https:\\\/\\\/continuamosmx.com\\\/index.php\\\/2026\\\/03\\\/10\\\/carcel-a-la-violencia-vicaria-el-estado-de-mexico-endurece-penas-frente-a-una-deuda-historica\\\/#primaryimage\"},\"thumbnailUrl\":\"https:\\\/\\\/continuamosmx.com\\\/wp-content\\\/uploads\\\/2026\\\/03\\\/congreso.jpg\",\"datePublished\":\"2026-03-10T22:55:47+00:00\",\"breadcrumb\":{\"@id\":\"https:\\\/\\\/continuamosmx.com\\\/index.php\\\/2026\\\/03\\\/10\\\/carcel-a-la-violencia-vicaria-el-estado-de-mexico-endurece-penas-frente-a-una-deuda-historica\\\/#breadcrumb\"},\"inLanguage\":\"es\",\"potentialAction\":[{\"@type\":\"ReadAction\",\"target\":[\"https:\\\/\\\/continuamosmx.com\\\/index.php\\\/2026\\\/03\\\/10\\\/carcel-a-la-violencia-vicaria-el-estado-de-mexico-endurece-penas-frente-a-una-deuda-historica\\\/\"]}]},{\"@type\":\"ImageObject\",\"inLanguage\":\"es\",\"@id\":\"https:\\\/\\\/continuamosmx.com\\\/index.php\\\/2026\\\/03\\\/10\\\/carcel-a-la-violencia-vicaria-el-estado-de-mexico-endurece-penas-frente-a-una-deuda-historica\\\/#primaryimage\",\"url\":\"https:\\\/\\\/continuamosmx.com\\\/wp-content\\\/uploads\\\/2026\\\/03\\\/congreso.jpg\",\"contentUrl\":\"https:\\\/\\\/continuamosmx.com\\\/wp-content\\\/uploads\\\/2026\\\/03\\\/congreso.jpg\",\"width\":1280,\"height\":854},{\"@type\":\"BreadcrumbList\",\"@id\":\"https:\\\/\\\/continuamosmx.com\\\/index.php\\\/2026\\\/03\\\/10\\\/carcel-a-la-violencia-vicaria-el-estado-de-mexico-endurece-penas-frente-a-una-deuda-historica\\\/#breadcrumb\",\"itemListElement\":[{\"@type\":\"ListItem\",\"position\":1,\"name\":\"Inicio\",\"item\":\"https:\\\/\\\/continuamosmx.com\\\/\"},{\"@type\":\"ListItem\",\"position\":2,\"name\":\"C\u00c1RCEL A LA VIOLENCIA VICARIA: EL ESTADO DE M\u00c9XICO ENDURECE PENAS FRENTE A UNA DEUDA HIST\u00d3RICA\"}]},{\"@type\":\"WebSite\",\"@id\":\"https:\\\/\\\/continuamosmx.com\\\/#website\",\"url\":\"https:\\\/\\\/continuamosmx.com\\\/\",\"name\":\"www.continuamosmx.com\",\"description\":\"\",\"publisher\":{\"@id\":\"https:\\\/\\\/continuamosmx.com\\\/#organization\"},\"potentialAction\":[{\"@type\":\"SearchAction\",\"target\":{\"@type\":\"EntryPoint\",\"urlTemplate\":\"https:\\\/\\\/continuamosmx.com\\\/?s={search_term_string}\"},\"query-input\":{\"@type\":\"PropertyValueSpecification\",\"valueRequired\":true,\"valueName\":\"search_term_string\"}}],\"inLanguage\":\"es\"},{\"@type\":\"Organization\",\"@id\":\"https:\\\/\\\/continuamosmx.com\\\/#organization\",\"name\":\"ContinuamosMX\",\"url\":\"https:\\\/\\\/continuamosmx.com\\\/\",\"logo\":{\"@type\":\"ImageObject\",\"inLanguage\":\"es\",\"@id\":\"https:\\\/\\\/continuamosmx.com\\\/#\\\/schema\\\/logo\\\/image\\\/\",\"url\":\"https:\\\/\\\/continuamosmx.com\\\/wp-content\\\/uploads\\\/2023\\\/04\\\/cropped-LOGO-CONTI-NUEVO.png\",\"contentUrl\":\"https:\\\/\\\/continuamosmx.com\\\/wp-content\\\/uploads\\\/2023\\\/04\\\/cropped-LOGO-CONTI-NUEVO.png\",\"width\":1257,\"height\":430,\"caption\":\"ContinuamosMX\"},\"image\":{\"@id\":\"https:\\\/\\\/continuamosmx.com\\\/#\\\/schema\\\/logo\\\/image\\\/\"}},{\"@type\":\"Person\",\"@id\":\"https:\\\/\\\/continuamosmx.com\\\/#\\\/schema\\\/person\\\/5eb5356acb1fad784da407d14f0e8d89\",\"name\":\"Continuamos MX\",\"image\":{\"@type\":\"ImageObject\",\"inLanguage\":\"es\",\"@id\":\"https:\\\/\\\/secure.gravatar.com\\\/avatar\\\/30d4f9723476a15f4da34d35fb3501f08d2357016c76051c6a85c354c7489589?s=96&d=mm&r=g\",\"url\":\"https:\\\/\\\/secure.gravatar.com\\\/avatar\\\/30d4f9723476a15f4da34d35fb3501f08d2357016c76051c6a85c354c7489589?s=96&d=mm&r=g\",\"contentUrl\":\"https:\\\/\\\/secure.gravatar.com\\\/avatar\\\/30d4f9723476a15f4da34d35fb3501f08d2357016c76051c6a85c354c7489589?s=96&d=mm&r=g\",\"caption\":\"Continuamos MX\"},\"sameAs\":[\"http:\\\/\\\/www.continuamos.mx\"],\"url\":\"https:\\\/\\\/continuamosmx.com\\\/index.php\\\/author\\\/continuamos\\\/\"}]}<\/script>\n<!-- \/ Yoast SEO plugin. -->","yoast_head_json":{"title":"C\u00c1RCEL A LA VIOLENCIA VICARIA: EL ESTADO DE M\u00c9XICO ENDURECE PENAS FRENTE A UNA DEUDA HIST\u00d3RICA -","robots":{"index":"index","follow":"follow","max-snippet":"max-snippet:-1","max-image-preview":"max-image-preview:large","max-video-preview":"max-video-preview:-1"},"canonical":"https:\/\/continuamosmx.com\/index.php\/2026\/03\/10\/carcel-a-la-violencia-vicaria-el-estado-de-mexico-endurece-penas-frente-a-una-deuda-historica\/","og_locale":"es_ES","og_type":"article","og_title":"C\u00c1RCEL A LA VIOLENCIA VICARIA: EL ESTADO DE M\u00c9XICO ENDURECE PENAS FRENTE A UNA DEUDA HIST\u00d3RICA -","og_description":"*Con sanciones de hasta ocho a\u00f1os de prisi\u00f3n y la p\u00e9rdida de la patria potestad, la LXII Legislatura tipifica el uso de hijos como instrumentos de agresi\u00f3n; en paralelo, aprueban el modelo de \u00abcementerios verdes\u00bb. ESTADO DE M\u00c9XICO. \u2013 En un movimiento legislativo que busca saldar una deuda pendiente con las mujeres mexiquenses, el Congreso [&hellip;]","og_url":"https:\/\/continuamosmx.com\/index.php\/2026\/03\/10\/carcel-a-la-violencia-vicaria-el-estado-de-mexico-endurece-penas-frente-a-una-deuda-historica\/","article_published_time":"2026-03-10T22:55:47+00:00","og_image":[{"width":1280,"height":854,"url":"https:\/\/continuamosmx.com\/wp-content\/uploads\/2026\/03\/congreso.jpg","type":"image\/jpeg"}],"author":"Continuamos MX","twitter_card":"summary_large_image","twitter_misc":{"Escrito por":"Continuamos MX","Tiempo de lectura":"2 minutos"},"schema":{"@context":"https:\/\/schema.org","@graph":[{"@type":"Article","@id":"https:\/\/continuamosmx.com\/index.php\/2026\/03\/10\/carcel-a-la-violencia-vicaria-el-estado-de-mexico-endurece-penas-frente-a-una-deuda-historica\/#article","isPartOf":{"@id":"https:\/\/continuamosmx.com\/index.php\/2026\/03\/10\/carcel-a-la-violencia-vicaria-el-estado-de-mexico-endurece-penas-frente-a-una-deuda-historica\/"},"author":{"name":"Continuamos MX","@id":"https:\/\/continuamosmx.com\/#\/schema\/person\/5eb5356acb1fad784da407d14f0e8d89"},"headline":"C\u00c1RCEL A LA VIOLENCIA VICARIA: EL ESTADO DE M\u00c9XICO ENDURECE PENAS FRENTE A UNA DEUDA HIST\u00d3RICA","datePublished":"2026-03-10T22:55:47+00:00","mainEntityOfPage":{"@id":"https:\/\/continuamosmx.com\/index.php\/2026\/03\/10\/carcel-a-la-violencia-vicaria-el-estado-de-mexico-endurece-penas-frente-a-una-deuda-historica\/"},"wordCount":338,"publisher":{"@id":"https:\/\/continuamosmx.com\/#organization"},"image":{"@id":"https:\/\/continuamosmx.com\/index.php\/2026\/03\/10\/carcel-a-la-violencia-vicaria-el-estado-de-mexico-endurece-penas-frente-a-una-deuda-historica\/#primaryimage"},"thumbnailUrl":"https:\/\/continuamosmx.com\/wp-content\/uploads\/2026\/03\/congreso.jpg","articleSection":["CONGRESO EDOM\u00c9X"],"inLanguage":"es"},{"@type":"WebPage","@id":"https:\/\/continuamosmx.com\/index.php\/2026\/03\/10\/carcel-a-la-violencia-vicaria-el-estado-de-mexico-endurece-penas-frente-a-una-deuda-historica\/","url":"https:\/\/continuamosmx.com\/index.php\/2026\/03\/10\/carcel-a-la-violencia-vicaria-el-estado-de-mexico-endurece-penas-frente-a-una-deuda-historica\/","name":"C\u00c1RCEL A LA VIOLENCIA VICARIA: EL ESTADO DE M\u00c9XICO ENDURECE PENAS FRENTE A UNA DEUDA HIST\u00d3RICA -","isPartOf":{"@id":"https:\/\/continuamosmx.com\/#website"},"primaryImageOfPage":{"@id":"https:\/\/continuamosmx.com\/index.php\/2026\/03\/10\/carcel-a-la-violencia-vicaria-el-estado-de-mexico-endurece-penas-frente-a-una-deuda-historica\/#primaryimage"},"image":{"@id":"https:\/\/continuamosmx.com\/index.php\/2026\/03\/10\/carcel-a-la-violencia-vicaria-el-estado-de-mexico-endurece-penas-frente-a-una-deuda-historica\/#primaryimage"},"thumbnailUrl":"https:\/\/continuamosmx.com\/wp-content\/uploads\/2026\/03\/congreso.jpg","datePublished":"2026-03-10T22:55:47+00:00","breadcrumb":{"@id":"https:\/\/continuamosmx.com\/index.php\/2026\/03\/10\/carcel-a-la-violencia-vicaria-el-estado-de-mexico-endurece-penas-frente-a-una-deuda-historica\/#breadcrumb"},"inLanguage":"es","potentialAction":[{"@type":"ReadAction","target":["https:\/\/continuamosmx.com\/index.php\/2026\/03\/10\/carcel-a-la-violencia-vicaria-el-estado-de-mexico-endurece-penas-frente-a-una-deuda-historica\/"]}]},{"@type":"ImageObject","inLanguage":"es","@id":"https:\/\/continuamosmx.com\/index.php\/2026\/03\/10\/carcel-a-la-violencia-vicaria-el-estado-de-mexico-endurece-penas-frente-a-una-deuda-historica\/#primaryimage","url":"https:\/\/continuamosmx.com\/wp-content\/uploads\/2026\/03\/congreso.jpg","contentUrl":"https:\/\/continuamosmx.com\/wp-content\/uploads\/2026\/03\/congreso.jpg","width":1280,"height":854},{"@type":"BreadcrumbList","@id":"https:\/\/continuamosmx.com\/index.php\/2026\/03\/10\/carcel-a-la-violencia-vicaria-el-estado-de-mexico-endurece-penas-frente-a-una-deuda-historica\/#breadcrumb","itemListElement":[{"@type":"ListItem","position":1,"name":"Inicio","item":"https:\/\/continuamosmx.com\/"},{"@type":"ListItem","position":2,"name":"C\u00c1RCEL A LA VIOLENCIA VICARIA: EL ESTADO DE M\u00c9XICO ENDURECE PENAS FRENTE A UNA DEUDA HIST\u00d3RICA"}]},{"@type":"WebSite","@id":"https:\/\/continuamosmx.com\/#website","url":"https:\/\/continuamosmx.com\/","name":"www.continuamosmx.com","description":"","publisher":{"@id":"https:\/\/continuamosmx.com\/#organization"},"potentialAction":[{"@type":"SearchAction","target":{"@type":"EntryPoint","urlTemplate":"https:\/\/continuamosmx.com\/?s={search_term_string}"},"query-input":{"@type":"PropertyValueSpecification","valueRequired":true,"valueName":"search_term_string"}}],"inLanguage":"es"},{"@type":"Organization","@id":"https:\/\/continuamosmx.com\/#organization","name":"ContinuamosMX","url":"https:\/\/continuamosmx.com\/","logo":{"@type":"ImageObject","inLanguage":"es","@id":"https:\/\/continuamosmx.com\/#\/schema\/logo\/image\/","url":"https:\/\/continuamosmx.com\/wp-content\/uploads\/2023\/04\/cropped-LOGO-CONTI-NUEVO.png","contentUrl":"https:\/\/continuamosmx.com\/wp-content\/uploads\/2023\/04\/cropped-LOGO-CONTI-NUEVO.png","width":1257,"height":430,"caption":"ContinuamosMX"},"image":{"@id":"https:\/\/continuamosmx.com\/#\/schema\/logo\/image\/"}},{"@type":"Person","@id":"https:\/\/continuamosmx.com\/#\/schema\/person\/5eb5356acb1fad784da407d14f0e8d89","name":"Continuamos MX","image":{"@type":"ImageObject","inLanguage":"es","@id":"https:\/\/secure.gravatar.com\/avatar\/30d4f9723476a15f4da34d35fb3501f08d2357016c76051c6a85c354c7489589?s=96&d=mm&r=g","url":"https:\/\/secure.gravatar.com\/avatar\/30d4f9723476a15f4da34d35fb3501f08d2357016c76051c6a85c354c7489589?s=96&d=mm&r=g","contentUrl":"https:\/\/secure.gravatar.com\/avatar\/30d4f9723476a15f4da34d35fb3501f08d2357016c76051c6a85c354c7489589?s=96&d=mm&r=g","caption":"Continuamos MX"},"sameAs":["http:\/\/www.continuamos.mx"],"url":"https:\/\/continuamosmx.com\/index.php\/author\/continuamos\/"}]}},"_links":{"self":[{"href":"https:\/\/continuamosmx.com\/index.php\/wp-json\/wp\/v2\/posts\/53524","targetHints":{"allow":["GET"]}}],"collection":[{"href":"https:\/\/continuamosmx.com\/index.php\/wp-json\/wp\/v2\/posts"}],"about":[{"href":"https:\/\/continuamosmx.com\/index.php\/wp-json\/wp\/v2\/types\/post"}],"author":[{"embeddable":true,"href":"https:\/\/continuamosmx.com\/index.php\/wp-json\/wp\/v2\/users\/6"}],"replies":[{"embeddable":true,"href":"https:\/\/continuamosmx.com\/index.php\/wp-json\/wp\/v2\/comments?post=53524"}],"version-history":[{"count":1,"href":"https:\/\/continuamosmx.com\/index.php\/wp-json\/wp\/v2\/posts\/53524\/revisions"}],"predecessor-version":[{"id":53526,"href":"https:\/\/continuamosmx.com\/index.php\/wp-json\/wp\/v2\/posts\/53524\/revisions\/53526"}],"wp:featuredmedia":[{"embeddable":true,"href":"https:\/\/continuamosmx.com\/index.php\/wp-json\/wp\/v2\/media\/53525"}],"wp:attachment":[{"href":"https:\/\/continuamosmx.com\/index.php\/wp-json\/wp\/v2\/media?parent=53524"}],"wp:term":[{"taxonomy":"category","embeddable":true,"href":"https:\/\/continuamosmx.com\/index.php\/wp-json\/wp\/v2\/categories?post=53524"},{"taxonomy":"post_tag","embeddable":true,"href":"https:\/\/continuamosmx.com\/index.php\/wp-json\/wp\/v2\/tags?post=53524"}],"curies":[{"name":"wp","href":"https:\/\/api.w.org\/{rel}","templated":true}]}}