{"id":53518,"date":"2026-03-10T15:31:25","date_gmt":"2026-03-10T21:31:25","guid":{"rendered":"https:\/\/continuamosmx.com\/?p=53518"},"modified":"2026-03-10T15:31:25","modified_gmt":"2026-03-10T21:31:25","slug":"cero-tolerancia-a-la-violencia-de-genero-nicolas-romero-refuerza-mensaje-en-conmemoracion-del-8m","status":"publish","type":"post","link":"https:\/\/continuamosmx.com\/index.php\/2026\/03\/10\/cero-tolerancia-a-la-violencia-de-genero-nicolas-romero-refuerza-mensaje-en-conmemoracion-del-8m\/","title":{"rendered":"\u201cCERO TOLERANCIA A LA VIOLENCIA DE G\u00c9NERO\u201d: NICOL\u00c1S ROMERO REFUERZA MENSAJE EN CONMEMORACI\u00d3N DEL 8M"},"content":{"rendered":"\n<p>Durante el evento \u201cVoces de Mujeres, Igualdad, Derechos y Futuro\u201d, la alcaldesa reafirm\u00f3 el compromiso municipal de combatir la violencia contra las mujeres.<\/p>\n\n\n\n<p>En el marco del D\u00eda Internacional de la Mujer, el gobierno de Nicol\u00e1s Romero reiter\u00f3 su postura de cero tolerancia a la violencia de g\u00e9nero durante el evento \u201c8M, Voces de Mujeres, Igualdad, Derechos y Futuro\u201d, realizado en el campus de la Universidad Tecnol\u00f3gica Fidel Vel\u00e1zquez.<\/p>\n\n\n\n<p>Durante la conmemoraci\u00f3n, la presidenta municipal Yoselin Mendoza se\u00f1al\u00f3 que el gobierno local mantiene el compromiso de impulsar acciones que contribuyan a prevenir y combatir la violencia contra las mujeres, adem\u00e1s de promover la igualdad de derechos.<\/p>\n\n\n\n<p>La alcaldesa destac\u00f3 que el municipio fue uno de los primeros del pa\u00eds en contar con el refugio Puerta Violeta, espacio destinado a brindar atenci\u00f3n y protecci\u00f3n a mujeres v\u00edctimas de violencia.<\/p>\n\n\n\n<p>Mendoza record\u00f3 que durante el gobierno del ex presidente Andr\u00e9s Manuel L\u00f3pez Obrador se impulsaron pol\u00edticas p\u00fablicas enfocadas en fortalecer los derechos de las mujeres, entre ellas la creaci\u00f3n de este tipo de espacios de atenci\u00f3n.<\/p>\n\n\n\n<p>Durante su intervenci\u00f3n, la edil subray\u00f3 que las mujeres han demostrado su capacidad para participar en la vida p\u00fablica y en la toma de decisiones, al tiempo que reiter\u00f3 la voluntad de su administraci\u00f3n para defender sus derechos y garantizar entornos libres de violencia.<\/p>\n\n\n\n<p>El evento tambi\u00e9n cont\u00f3 con la participaci\u00f3n de la activista Carmen S\u00e1nchez, quien ofreci\u00f3 una conferencia magistral en la que relat\u00f3 su experiencia tras sobrevivir a un intento de feminicidio mediante un ataque con \u00e1cido y el proceso legal que culmin\u00f3 con una sentencia de 46 a\u00f1os de prisi\u00f3n para su agresor, considerado un caso relevante en la lucha por la justicia para v\u00edctimas de violencia de g\u00e9nero.<\/p>\n\n\n\n<p>Como parte de la jornada, el gobierno municipal reconoci\u00f3 a mujeres destacadas del municipio por su trayectoria en distintos \u00e1mbitos. Fueron galardonadas Juana Paula Nicol\u00e1s en la categor\u00eda Mujer Empresaria, Sheyla Nahomy L\u00f3pez como Mujer Deportista y Juana de la Cruz como Mujer Artesana.<\/p>\n\n\n\n<p>La conmemoraci\u00f3n concluy\u00f3 con el encendido simb\u00f3lico de bengalas moradas, un gesto que represent\u00f3 la lucha de las mujeres por la igualdad, la justicia y el respeto a sus derechos.<\/p>\n","protected":false},"excerpt":{"rendered":"<p>Durante el evento \u201cVoces de Mujeres, Igualdad, Derechos y Futuro\u201d, la alcaldesa reafirm\u00f3 el compromiso municipal de combatir la violencia contra las mujeres. En el marco del D\u00eda Internacional de la Mujer, el gobierno de Nicol\u00e1s Romero reiter\u00f3 su postura de cero tolerancia a la violencia de g\u00e9nero durante el evento \u201c8M, Voces de Mujeres, [&hellip;]<\/p>\n","protected":false},"author":6,"featured_media":53519,"comment_status":"closed","ping_status":"closed","sticky":false,"template":"","format":"standard","meta":{"footnotes":""},"categories":[4],"tags":[],"class_list":["post-53518","post","type-post","status-publish","format-standard","has-post-thumbnail","hentry","category-locales"],"yoast_head":"<!-- This site is optimized with the Yoast SEO plugin v27.4 - https:\/\/yoast.com\/product\/yoast-seo-wordpress\/ -->\n<title>\u201cCERO TOLERANCIA A LA VIOLENCIA DE G\u00c9NERO\u201d: NICOL\u00c1S ROMERO REFUERZA MENSAJE EN CONMEMORACI\u00d3N DEL 8M -<\/title>\n<meta name=\"robots\" content=\"index, follow, max-snippet:-1, max-image-preview:large, max-video-preview:-1\" \/>\n<link rel=\"canonical\" href=\"https:\/\/continuamosmx.com\/index.php\/2026\/03\/10\/cero-tolerancia-a-la-violencia-de-genero-nicolas-romero-refuerza-mensaje-en-conmemoracion-del-8m\/\" \/>\n<meta property=\"og:locale\" content=\"es_ES\" \/>\n<meta property=\"og:type\" content=\"article\" \/>\n<meta property=\"og:title\" content=\"\u201cCERO TOLERANCIA A LA VIOLENCIA DE G\u00c9NERO\u201d: NICOL\u00c1S ROMERO REFUERZA MENSAJE EN CONMEMORACI\u00d3N DEL 8M -\" \/>\n<meta property=\"og:description\" content=\"Durante el evento \u201cVoces de Mujeres, Igualdad, Derechos y Futuro\u201d, la alcaldesa reafirm\u00f3 el compromiso municipal de combatir la violencia contra las mujeres. En el marco del D\u00eda Internacional de la Mujer, el gobierno de Nicol\u00e1s Romero reiter\u00f3 su postura de cero tolerancia a la violencia de g\u00e9nero durante el evento \u201c8M, Voces de Mujeres, [&hellip;]\" \/>\n<meta property=\"og:url\" content=\"https:\/\/continuamosmx.com\/index.php\/2026\/03\/10\/cero-tolerancia-a-la-violencia-de-genero-nicolas-romero-refuerza-mensaje-en-conmemoracion-del-8m\/\" \/>\n<meta property=\"article:published_time\" content=\"2026-03-10T21:31:25+00:00\" \/>\n<meta property=\"og:image\" content=\"https:\/\/continuamosmx.com\/wp-content\/uploads\/2026\/03\/nnttt.jpg\" \/>\n\t<meta property=\"og:image:width\" content=\"2048\" \/>\n\t<meta property=\"og:image:height\" content=\"1236\" \/>\n\t<meta property=\"og:image:type\" content=\"image\/jpeg\" \/>\n<meta name=\"author\" content=\"Continuamos MX\" \/>\n<meta name=\"twitter:card\" content=\"summary_large_image\" \/>\n<meta name=\"twitter:label1\" content=\"Escrito por\" \/>\n\t<meta name=\"twitter:data1\" content=\"Continuamos MX\" \/>\n\t<meta name=\"twitter:label2\" content=\"Tiempo de lectura\" \/>\n\t<meta name=\"twitter:data2\" content=\"2 minutos\" \/>\n<script type=\"application\/ld+json\" class=\"yoast-schema-graph\">{\"@context\":\"https:\\\/\\\/schema.org\",\"@graph\":[{\"@type\":\"Article\",\"@id\":\"https:\\\/\\\/continuamosmx.com\\\/index.php\\\/2026\\\/03\\\/10\\\/cero-tolerancia-a-la-violencia-de-genero-nicolas-romero-refuerza-mensaje-en-conmemoracion-del-8m\\\/#article\",\"isPartOf\":{\"@id\":\"https:\\\/\\\/continuamosmx.com\\\/index.php\\\/2026\\\/03\\\/10\\\/cero-tolerancia-a-la-violencia-de-genero-nicolas-romero-refuerza-mensaje-en-conmemoracion-del-8m\\\/\"},\"author\":{\"name\":\"Continuamos MX\",\"@id\":\"https:\\\/\\\/continuamosmx.com\\\/#\\\/schema\\\/person\\\/5eb5356acb1fad784da407d14f0e8d89\"},\"headline\":\"\u201cCERO TOLERANCIA A LA VIOLENCIA DE G\u00c9NERO\u201d: NICOL\u00c1S ROMERO REFUERZA MENSAJE EN CONMEMORACI\u00d3N DEL 8M\",\"datePublished\":\"2026-03-10T21:31:25+00:00\",\"mainEntityOfPage\":{\"@id\":\"https:\\\/\\\/continuamosmx.com\\\/index.php\\\/2026\\\/03\\\/10\\\/cero-tolerancia-a-la-violencia-de-genero-nicolas-romero-refuerza-mensaje-en-conmemoracion-del-8m\\\/\"},\"wordCount\":410,\"publisher\":{\"@id\":\"https:\\\/\\\/continuamosmx.com\\\/#organization\"},\"image\":{\"@id\":\"https:\\\/\\\/continuamosmx.com\\\/index.php\\\/2026\\\/03\\\/10\\\/cero-tolerancia-a-la-violencia-de-genero-nicolas-romero-refuerza-mensaje-en-conmemoracion-del-8m\\\/#primaryimage\"},\"thumbnailUrl\":\"https:\\\/\\\/continuamosmx.com\\\/wp-content\\\/uploads\\\/2026\\\/03\\\/nnttt.jpg\",\"articleSection\":[\"LOCALES\"],\"inLanguage\":\"es\"},{\"@type\":\"WebPage\",\"@id\":\"https:\\\/\\\/continuamosmx.com\\\/index.php\\\/2026\\\/03\\\/10\\\/cero-tolerancia-a-la-violencia-de-genero-nicolas-romero-refuerza-mensaje-en-conmemoracion-del-8m\\\/\",\"url\":\"https:\\\/\\\/continuamosmx.com\\\/index.php\\\/2026\\\/03\\\/10\\\/cero-tolerancia-a-la-violencia-de-genero-nicolas-romero-refuerza-mensaje-en-conmemoracion-del-8m\\\/\",\"name\":\"\u201cCERO TOLERANCIA A LA VIOLENCIA DE G\u00c9NERO\u201d: NICOL\u00c1S ROMERO REFUERZA MENSAJE EN CONMEMORACI\u00d3N DEL 8M -\",\"isPartOf\":{\"@id\":\"https:\\\/\\\/continuamosmx.com\\\/#website\"},\"primaryImageOfPage\":{\"@id\":\"https:\\\/\\\/continuamosmx.com\\\/index.php\\\/2026\\\/03\\\/10\\\/cero-tolerancia-a-la-violencia-de-genero-nicolas-romero-refuerza-mensaje-en-conmemoracion-del-8m\\\/#primaryimage\"},\"image\":{\"@id\":\"https:\\\/\\\/continuamosmx.com\\\/index.php\\\/2026\\\/03\\\/10\\\/cero-tolerancia-a-la-violencia-de-genero-nicolas-romero-refuerza-mensaje-en-conmemoracion-del-8m\\\/#primaryimage\"},\"thumbnailUrl\":\"https:\\\/\\\/continuamosmx.com\\\/wp-content\\\/uploads\\\/2026\\\/03\\\/nnttt.jpg\",\"datePublished\":\"2026-03-10T21:31:25+00:00\",\"breadcrumb\":{\"@id\":\"https:\\\/\\\/continuamosmx.com\\\/index.php\\\/2026\\\/03\\\/10\\\/cero-tolerancia-a-la-violencia-de-genero-nicolas-romero-refuerza-mensaje-en-conmemoracion-del-8m\\\/#breadcrumb\"},\"inLanguage\":\"es\",\"potentialAction\":[{\"@type\":\"ReadAction\",\"target\":[\"https:\\\/\\\/continuamosmx.com\\\/index.php\\\/2026\\\/03\\\/10\\\/cero-tolerancia-a-la-violencia-de-genero-nicolas-romero-refuerza-mensaje-en-conmemoracion-del-8m\\\/\"]}]},{\"@type\":\"ImageObject\",\"inLanguage\":\"es\",\"@id\":\"https:\\\/\\\/continuamosmx.com\\\/index.php\\\/2026\\\/03\\\/10\\\/cero-tolerancia-a-la-violencia-de-genero-nicolas-romero-refuerza-mensaje-en-conmemoracion-del-8m\\\/#primaryimage\",\"url\":\"https:\\\/\\\/continuamosmx.com\\\/wp-content\\\/uploads\\\/2026\\\/03\\\/nnttt.jpg\",\"contentUrl\":\"https:\\\/\\\/continuamosmx.com\\\/wp-content\\\/uploads\\\/2026\\\/03\\\/nnttt.jpg\",\"width\":2048,\"height\":1236},{\"@type\":\"BreadcrumbList\",\"@id\":\"https:\\\/\\\/continuamosmx.com\\\/index.php\\\/2026\\\/03\\\/10\\\/cero-tolerancia-a-la-violencia-de-genero-nicolas-romero-refuerza-mensaje-en-conmemoracion-del-8m\\\/#breadcrumb\",\"itemListElement\":[{\"@type\":\"ListItem\",\"position\":1,\"name\":\"Inicio\",\"item\":\"https:\\\/\\\/continuamosmx.com\\\/\"},{\"@type\":\"ListItem\",\"position\":2,\"name\":\"\u201cCERO TOLERANCIA A LA VIOLENCIA DE G\u00c9NERO\u201d: NICOL\u00c1S ROMERO REFUERZA MENSAJE EN CONMEMORACI\u00d3N DEL 8M\"}]},{\"@type\":\"WebSite\",\"@id\":\"https:\\\/\\\/continuamosmx.com\\\/#website\",\"url\":\"https:\\\/\\\/continuamosmx.com\\\/\",\"name\":\"www.continuamosmx.com\",\"description\":\"\",\"publisher\":{\"@id\":\"https:\\\/\\\/continuamosmx.com\\\/#organization\"},\"potentialAction\":[{\"@type\":\"SearchAction\",\"target\":{\"@type\":\"EntryPoint\",\"urlTemplate\":\"https:\\\/\\\/continuamosmx.com\\\/?s={search_term_string}\"},\"query-input\":{\"@type\":\"PropertyValueSpecification\",\"valueRequired\":true,\"valueName\":\"search_term_string\"}}],\"inLanguage\":\"es\"},{\"@type\":\"Organization\",\"@id\":\"https:\\\/\\\/continuamosmx.com\\\/#organization\",\"name\":\"ContinuamosMX\",\"url\":\"https:\\\/\\\/continuamosmx.com\\\/\",\"logo\":{\"@type\":\"ImageObject\",\"inLanguage\":\"es\",\"@id\":\"https:\\\/\\\/continuamosmx.com\\\/#\\\/schema\\\/logo\\\/image\\\/\",\"url\":\"https:\\\/\\\/continuamosmx.com\\\/wp-content\\\/uploads\\\/2023\\\/04\\\/cropped-LOGO-CONTI-NUEVO.png\",\"contentUrl\":\"https:\\\/\\\/continuamosmx.com\\\/wp-content\\\/uploads\\\/2023\\\/04\\\/cropped-LOGO-CONTI-NUEVO.png\",\"width\":1257,\"height\":430,\"caption\":\"ContinuamosMX\"},\"image\":{\"@id\":\"https:\\\/\\\/continuamosmx.com\\\/#\\\/schema\\\/logo\\\/image\\\/\"}},{\"@type\":\"Person\",\"@id\":\"https:\\\/\\\/continuamosmx.com\\\/#\\\/schema\\\/person\\\/5eb5356acb1fad784da407d14f0e8d89\",\"name\":\"Continuamos MX\",\"image\":{\"@type\":\"ImageObject\",\"inLanguage\":\"es\",\"@id\":\"https:\\\/\\\/secure.gravatar.com\\\/avatar\\\/30d4f9723476a15f4da34d35fb3501f08d2357016c76051c6a85c354c7489589?s=96&d=mm&r=g\",\"url\":\"https:\\\/\\\/secure.gravatar.com\\\/avatar\\\/30d4f9723476a15f4da34d35fb3501f08d2357016c76051c6a85c354c7489589?s=96&d=mm&r=g\",\"contentUrl\":\"https:\\\/\\\/secure.gravatar.com\\\/avatar\\\/30d4f9723476a15f4da34d35fb3501f08d2357016c76051c6a85c354c7489589?s=96&d=mm&r=g\",\"caption\":\"Continuamos MX\"},\"sameAs\":[\"http:\\\/\\\/www.continuamos.mx\"],\"url\":\"https:\\\/\\\/continuamosmx.com\\\/index.php\\\/author\\\/continuamos\\\/\"}]}<\/script>\n<!-- \/ Yoast SEO plugin. -->","yoast_head_json":{"title":"\u201cCERO TOLERANCIA A LA VIOLENCIA DE G\u00c9NERO\u201d: NICOL\u00c1S ROMERO REFUERZA MENSAJE EN CONMEMORACI\u00d3N DEL 8M -","robots":{"index":"index","follow":"follow","max-snippet":"max-snippet:-1","max-image-preview":"max-image-preview:large","max-video-preview":"max-video-preview:-1"},"canonical":"https:\/\/continuamosmx.com\/index.php\/2026\/03\/10\/cero-tolerancia-a-la-violencia-de-genero-nicolas-romero-refuerza-mensaje-en-conmemoracion-del-8m\/","og_locale":"es_ES","og_type":"article","og_title":"\u201cCERO TOLERANCIA A LA VIOLENCIA DE G\u00c9NERO\u201d: NICOL\u00c1S ROMERO REFUERZA MENSAJE EN CONMEMORACI\u00d3N DEL 8M -","og_description":"Durante el evento \u201cVoces de Mujeres, Igualdad, Derechos y Futuro\u201d, la alcaldesa reafirm\u00f3 el compromiso municipal de combatir la violencia contra las mujeres. En el marco del D\u00eda Internacional de la Mujer, el gobierno de Nicol\u00e1s Romero reiter\u00f3 su postura de cero tolerancia a la violencia de g\u00e9nero durante el evento \u201c8M, Voces de Mujeres, [&hellip;]","og_url":"https:\/\/continuamosmx.com\/index.php\/2026\/03\/10\/cero-tolerancia-a-la-violencia-de-genero-nicolas-romero-refuerza-mensaje-en-conmemoracion-del-8m\/","article_published_time":"2026-03-10T21:31:25+00:00","og_image":[{"width":2048,"height":1236,"url":"https:\/\/continuamosmx.com\/wp-content\/uploads\/2026\/03\/nnttt.jpg","type":"image\/jpeg"}],"author":"Continuamos MX","twitter_card":"summary_large_image","twitter_misc":{"Escrito por":"Continuamos MX","Tiempo de lectura":"2 minutos"},"schema":{"@context":"https:\/\/schema.org","@graph":[{"@type":"Article","@id":"https:\/\/continuamosmx.com\/index.php\/2026\/03\/10\/cero-tolerancia-a-la-violencia-de-genero-nicolas-romero-refuerza-mensaje-en-conmemoracion-del-8m\/#article","isPartOf":{"@id":"https:\/\/continuamosmx.com\/index.php\/2026\/03\/10\/cero-tolerancia-a-la-violencia-de-genero-nicolas-romero-refuerza-mensaje-en-conmemoracion-del-8m\/"},"author":{"name":"Continuamos MX","@id":"https:\/\/continuamosmx.com\/#\/schema\/person\/5eb5356acb1fad784da407d14f0e8d89"},"headline":"\u201cCERO TOLERANCIA A LA VIOLENCIA DE G\u00c9NERO\u201d: NICOL\u00c1S ROMERO REFUERZA MENSAJE EN CONMEMORACI\u00d3N DEL 8M","datePublished":"2026-03-10T21:31:25+00:00","mainEntityOfPage":{"@id":"https:\/\/continuamosmx.com\/index.php\/2026\/03\/10\/cero-tolerancia-a-la-violencia-de-genero-nicolas-romero-refuerza-mensaje-en-conmemoracion-del-8m\/"},"wordCount":410,"publisher":{"@id":"https:\/\/continuamosmx.com\/#organization"},"image":{"@id":"https:\/\/continuamosmx.com\/index.php\/2026\/03\/10\/cero-tolerancia-a-la-violencia-de-genero-nicolas-romero-refuerza-mensaje-en-conmemoracion-del-8m\/#primaryimage"},"thumbnailUrl":"https:\/\/continuamosmx.com\/wp-content\/uploads\/2026\/03\/nnttt.jpg","articleSection":["LOCALES"],"inLanguage":"es"},{"@type":"WebPage","@id":"https:\/\/continuamosmx.com\/index.php\/2026\/03\/10\/cero-tolerancia-a-la-violencia-de-genero-nicolas-romero-refuerza-mensaje-en-conmemoracion-del-8m\/","url":"https:\/\/continuamosmx.com\/index.php\/2026\/03\/10\/cero-tolerancia-a-la-violencia-de-genero-nicolas-romero-refuerza-mensaje-en-conmemoracion-del-8m\/","name":"\u201cCERO TOLERANCIA A LA VIOLENCIA DE G\u00c9NERO\u201d: NICOL\u00c1S ROMERO REFUERZA MENSAJE EN CONMEMORACI\u00d3N DEL 8M -","isPartOf":{"@id":"https:\/\/continuamosmx.com\/#website"},"primaryImageOfPage":{"@id":"https:\/\/continuamosmx.com\/index.php\/2026\/03\/10\/cero-tolerancia-a-la-violencia-de-genero-nicolas-romero-refuerza-mensaje-en-conmemoracion-del-8m\/#primaryimage"},"image":{"@id":"https:\/\/continuamosmx.com\/index.php\/2026\/03\/10\/cero-tolerancia-a-la-violencia-de-genero-nicolas-romero-refuerza-mensaje-en-conmemoracion-del-8m\/#primaryimage"},"thumbnailUrl":"https:\/\/continuamosmx.com\/wp-content\/uploads\/2026\/03\/nnttt.jpg","datePublished":"2026-03-10T21:31:25+00:00","breadcrumb":{"@id":"https:\/\/continuamosmx.com\/index.php\/2026\/03\/10\/cero-tolerancia-a-la-violencia-de-genero-nicolas-romero-refuerza-mensaje-en-conmemoracion-del-8m\/#breadcrumb"},"inLanguage":"es","potentialAction":[{"@type":"ReadAction","target":["https:\/\/continuamosmx.com\/index.php\/2026\/03\/10\/cero-tolerancia-a-la-violencia-de-genero-nicolas-romero-refuerza-mensaje-en-conmemoracion-del-8m\/"]}]},{"@type":"ImageObject","inLanguage":"es","@id":"https:\/\/continuamosmx.com\/index.php\/2026\/03\/10\/cero-tolerancia-a-la-violencia-de-genero-nicolas-romero-refuerza-mensaje-en-conmemoracion-del-8m\/#primaryimage","url":"https:\/\/continuamosmx.com\/wp-content\/uploads\/2026\/03\/nnttt.jpg","contentUrl":"https:\/\/continuamosmx.com\/wp-content\/uploads\/2026\/03\/nnttt.jpg","width":2048,"height":1236},{"@type":"BreadcrumbList","@id":"https:\/\/continuamosmx.com\/index.php\/2026\/03\/10\/cero-tolerancia-a-la-violencia-de-genero-nicolas-romero-refuerza-mensaje-en-conmemoracion-del-8m\/#breadcrumb","itemListElement":[{"@type":"ListItem","position":1,"name":"Inicio","item":"https:\/\/continuamosmx.com\/"},{"@type":"ListItem","position":2,"name":"\u201cCERO TOLERANCIA A LA VIOLENCIA DE G\u00c9NERO\u201d: NICOL\u00c1S ROMERO REFUERZA MENSAJE EN CONMEMORACI\u00d3N DEL 8M"}]},{"@type":"WebSite","@id":"https:\/\/continuamosmx.com\/#website","url":"https:\/\/continuamosmx.com\/","name":"www.continuamosmx.com","description":"","publisher":{"@id":"https:\/\/continuamosmx.com\/#organization"},"potentialAction":[{"@type":"SearchAction","target":{"@type":"EntryPoint","urlTemplate":"https:\/\/continuamosmx.com\/?s={search_term_string}"},"query-input":{"@type":"PropertyValueSpecification","valueRequired":true,"valueName":"search_term_string"}}],"inLanguage":"es"},{"@type":"Organization","@id":"https:\/\/continuamosmx.com\/#organization","name":"ContinuamosMX","url":"https:\/\/continuamosmx.com\/","logo":{"@type":"ImageObject","inLanguage":"es","@id":"https:\/\/continuamosmx.com\/#\/schema\/logo\/image\/","url":"https:\/\/continuamosmx.com\/wp-content\/uploads\/2023\/04\/cropped-LOGO-CONTI-NUEVO.png","contentUrl":"https:\/\/continuamosmx.com\/wp-content\/uploads\/2023\/04\/cropped-LOGO-CONTI-NUEVO.png","width":1257,"height":430,"caption":"ContinuamosMX"},"image":{"@id":"https:\/\/continuamosmx.com\/#\/schema\/logo\/image\/"}},{"@type":"Person","@id":"https:\/\/continuamosmx.com\/#\/schema\/person\/5eb5356acb1fad784da407d14f0e8d89","name":"Continuamos MX","image":{"@type":"ImageObject","inLanguage":"es","@id":"https:\/\/secure.gravatar.com\/avatar\/30d4f9723476a15f4da34d35fb3501f08d2357016c76051c6a85c354c7489589?s=96&d=mm&r=g","url":"https:\/\/secure.gravatar.com\/avatar\/30d4f9723476a15f4da34d35fb3501f08d2357016c76051c6a85c354c7489589?s=96&d=mm&r=g","contentUrl":"https:\/\/secure.gravatar.com\/avatar\/30d4f9723476a15f4da34d35fb3501f08d2357016c76051c6a85c354c7489589?s=96&d=mm&r=g","caption":"Continuamos MX"},"sameAs":["http:\/\/www.continuamos.mx"],"url":"https:\/\/continuamosmx.com\/index.php\/author\/continuamos\/"}]}},"_links":{"self":[{"href":"https:\/\/continuamosmx.com\/index.php\/wp-json\/wp\/v2\/posts\/53518","targetHints":{"allow":["GET"]}}],"collection":[{"href":"https:\/\/continuamosmx.com\/index.php\/wp-json\/wp\/v2\/posts"}],"about":[{"href":"https:\/\/continuamosmx.com\/index.php\/wp-json\/wp\/v2\/types\/post"}],"author":[{"embeddable":true,"href":"https:\/\/continuamosmx.com\/index.php\/wp-json\/wp\/v2\/users\/6"}],"replies":[{"embeddable":true,"href":"https:\/\/continuamosmx.com\/index.php\/wp-json\/wp\/v2\/comments?post=53518"}],"version-history":[{"count":1,"href":"https:\/\/continuamosmx.com\/index.php\/wp-json\/wp\/v2\/posts\/53518\/revisions"}],"predecessor-version":[{"id":53520,"href":"https:\/\/continuamosmx.com\/index.php\/wp-json\/wp\/v2\/posts\/53518\/revisions\/53520"}],"wp:featuredmedia":[{"embeddable":true,"href":"https:\/\/continuamosmx.com\/index.php\/wp-json\/wp\/v2\/media\/53519"}],"wp:attachment":[{"href":"https:\/\/continuamosmx.com\/index.php\/wp-json\/wp\/v2\/media?parent=53518"}],"wp:term":[{"taxonomy":"category","embeddable":true,"href":"https:\/\/continuamosmx.com\/index.php\/wp-json\/wp\/v2\/categories?post=53518"},{"taxonomy":"post_tag","embeddable":true,"href":"https:\/\/continuamosmx.com\/index.php\/wp-json\/wp\/v2\/tags?post=53518"}],"curies":[{"name":"wp","href":"https:\/\/api.w.org\/{rel}","templated":true}]}}