{"id":53496,"date":"2026-03-10T10:58:38","date_gmt":"2026-03-10T16:58:38","guid":{"rendered":"https:\/\/continuamosmx.com\/?p=53496"},"modified":"2026-03-10T10:58:38","modified_gmt":"2026-03-10T16:58:38","slug":"mundialito-escolar-edomex-2026-mas-de-200000-jovenes-en-la-cancha","status":"publish","type":"post","link":"https:\/\/continuamosmx.com\/index.php\/2026\/03\/10\/mundialito-escolar-edomex-2026-mas-de-200000-jovenes-en-la-cancha\/","title":{"rendered":"\u201cMUNDIALITO ESCOLAR EDOM\u00c9X 2026\u201d: M\u00c1S DE 200,000 J\u00d3VENES EN LA CANCHA"},"content":{"rendered":"\n<p><strong>*Con la participaci\u00f3n de 263,000 estudiantes y m\u00e1s de 27,000 equipos, el torneo de f\u00fatbol busca fomentar el deporte y la integraci\u00f3n social entre los j\u00f3venes mexiquenses.<\/strong><\/p>\n\n\n\n<p>Toluca, Estado de M\u00e9xico* \u2013 El \u201cMundialito Escolar EdoM\u00e9x 2026\u201d se ha convertido en el epicentro del deporte escolar en la entidad, con la participaci\u00f3n de alrededor de 263,000 ni\u00f1as, ni\u00f1os y j\u00f3venes. Este torneo de f\u00fatbol, enmarcado dentro de las celebraciones de la Copa Mundial de la FIFA 2026, ha registrado m\u00e1s de 27,000 equipos provenientes de diversas instituciones educativas.<\/p>\n\n\n\n<p>Miguel \u00c1ngel S\u00e1nchez G\u00f3mez, Director General del Instituto del Deporte del Estado de M\u00e9xico (IDEM\u00c9X), inform\u00f3 que los equipos est\u00e1n compuestos por estudiantes de cuarto, quinto y sexto de primaria, as\u00ed como de secundaria y preparatoria. La fase de zona escolar, que se desarrolla del 2 al 13 de marzo, es crucial para avanzar a las siguientes etapas del torneo.<\/p>\n\n\n\n<p>El funcionario destac\u00f3 la colaboraci\u00f3n de docentes y comunidades escolares, cuya dedicaci\u00f3n ha permitido que los j\u00f3venes se integren en actividades que promueven no solo el deporte, sino tambi\u00e9n valores como el trabajo en equipo y la convivencia pac\u00edfica.<\/p>\n\n\n\n<p>El Gobierno estatal, bajo la direcci\u00f3n de la Presidenta Claudia Sheinbaum y la Gobernadora Delfina G\u00f3mez, ha enfatizado la importancia de crear y rehabilitar espacios deportivos seguros y dignos, garantizando que los estudiantes puedan disfrutar de un entorno propicio para la pr\u00e1ctica deportiva.<\/p>\n\n\n\n<p>Toluca, como una de las cuatro sedes nacionales de la Copa Esto 2026, tambi\u00e9n se suma al esfuerzo por enriquecer la experiencia deportiva de los j\u00f3venes, quienes ahora tienen la oportunidad de representar a sus instituciones en un evento de gran magnitud.<\/p>\n","protected":false},"excerpt":{"rendered":"<p>*Con la participaci\u00f3n de 263,000 estudiantes y m\u00e1s de 27,000 equipos, el torneo de f\u00fatbol busca fomentar el deporte y la integraci\u00f3n social entre los j\u00f3venes mexiquenses. Toluca, Estado de M\u00e9xico* \u2013 El \u201cMundialito Escolar EdoM\u00e9x 2026\u201d se ha convertido en el epicentro del deporte escolar en la entidad, con la participaci\u00f3n de alrededor de [&hellip;]<\/p>\n","protected":false},"author":6,"featured_media":53497,"comment_status":"closed","ping_status":"closed","sticky":false,"template":"","format":"standard","meta":{"footnotes":""},"categories":[65,2],"tags":[],"class_list":["post-53496","post","type-post","status-publish","format-standard","has-post-thumbnail","hentry","category-deportes","category-edomex"],"yoast_head":"<!-- This site is optimized with the Yoast SEO plugin v27.4 - https:\/\/yoast.com\/product\/yoast-seo-wordpress\/ -->\n<title>\u201cMUNDIALITO ESCOLAR EDOM\u00c9X 2026\u201d: M\u00c1S DE 200,000 J\u00d3VENES EN LA CANCHA -<\/title>\n<meta name=\"robots\" content=\"index, follow, max-snippet:-1, max-image-preview:large, max-video-preview:-1\" \/>\n<link rel=\"canonical\" href=\"https:\/\/continuamosmx.com\/index.php\/2026\/03\/10\/mundialito-escolar-edomex-2026-mas-de-200000-jovenes-en-la-cancha\/\" \/>\n<meta property=\"og:locale\" content=\"es_ES\" \/>\n<meta property=\"og:type\" content=\"article\" \/>\n<meta property=\"og:title\" content=\"\u201cMUNDIALITO ESCOLAR EDOM\u00c9X 2026\u201d: M\u00c1S DE 200,000 J\u00d3VENES EN LA CANCHA -\" \/>\n<meta property=\"og:description\" content=\"*Con la participaci\u00f3n de 263,000 estudiantes y m\u00e1s de 27,000 equipos, el torneo de f\u00fatbol busca fomentar el deporte y la integraci\u00f3n social entre los j\u00f3venes mexiquenses. Toluca, Estado de M\u00e9xico* \u2013 El \u201cMundialito Escolar EdoM\u00e9x 2026\u201d se ha convertido en el epicentro del deporte escolar en la entidad, con la participaci\u00f3n de alrededor de [&hellip;]\" \/>\n<meta property=\"og:url\" content=\"https:\/\/continuamosmx.com\/index.php\/2026\/03\/10\/mundialito-escolar-edomex-2026-mas-de-200000-jovenes-en-la-cancha\/\" \/>\n<meta property=\"article:published_time\" content=\"2026-03-10T16:58:38+00:00\" \/>\n<meta property=\"og:image\" content=\"https:\/\/continuamosmx.com\/wp-content\/uploads\/2026\/03\/swoierwa.jpg\" \/>\n\t<meta property=\"og:image:width\" content=\"1600\" \/>\n\t<meta property=\"og:image:height\" content=\"1066\" \/>\n\t<meta property=\"og:image:type\" content=\"image\/jpeg\" \/>\n<meta name=\"author\" content=\"Continuamos MX\" \/>\n<meta name=\"twitter:card\" content=\"summary_large_image\" \/>\n<meta name=\"twitter:label1\" content=\"Escrito por\" \/>\n\t<meta name=\"twitter:data1\" content=\"Continuamos MX\" \/>\n\t<meta name=\"twitter:label2\" content=\"Tiempo de lectura\" \/>\n\t<meta name=\"twitter:data2\" content=\"2 minutos\" \/>\n<script type=\"application\/ld+json\" class=\"yoast-schema-graph\">{\"@context\":\"https:\\\/\\\/schema.org\",\"@graph\":[{\"@type\":\"Article\",\"@id\":\"https:\\\/\\\/continuamosmx.com\\\/index.php\\\/2026\\\/03\\\/10\\\/mundialito-escolar-edomex-2026-mas-de-200000-jovenes-en-la-cancha\\\/#article\",\"isPartOf\":{\"@id\":\"https:\\\/\\\/continuamosmx.com\\\/index.php\\\/2026\\\/03\\\/10\\\/mundialito-escolar-edomex-2026-mas-de-200000-jovenes-en-la-cancha\\\/\"},\"author\":{\"name\":\"Continuamos MX\",\"@id\":\"https:\\\/\\\/continuamosmx.com\\\/#\\\/schema\\\/person\\\/5eb5356acb1fad784da407d14f0e8d89\"},\"headline\":\"\u201cMUNDIALITO ESCOLAR EDOM\u00c9X 2026\u201d: M\u00c1S DE 200,000 J\u00d3VENES EN LA CANCHA\",\"datePublished\":\"2026-03-10T16:58:38+00:00\",\"mainEntityOfPage\":{\"@id\":\"https:\\\/\\\/continuamosmx.com\\\/index.php\\\/2026\\\/03\\\/10\\\/mundialito-escolar-edomex-2026-mas-de-200000-jovenes-en-la-cancha\\\/\"},\"wordCount\":302,\"publisher\":{\"@id\":\"https:\\\/\\\/continuamosmx.com\\\/#organization\"},\"image\":{\"@id\":\"https:\\\/\\\/continuamosmx.com\\\/index.php\\\/2026\\\/03\\\/10\\\/mundialito-escolar-edomex-2026-mas-de-200000-jovenes-en-la-cancha\\\/#primaryimage\"},\"thumbnailUrl\":\"https:\\\/\\\/continuamosmx.com\\\/wp-content\\\/uploads\\\/2026\\\/03\\\/swoierwa.jpg\",\"articleSection\":[\"DEPORTES\",\"EDOMEX\"],\"inLanguage\":\"es\"},{\"@type\":\"WebPage\",\"@id\":\"https:\\\/\\\/continuamosmx.com\\\/index.php\\\/2026\\\/03\\\/10\\\/mundialito-escolar-edomex-2026-mas-de-200000-jovenes-en-la-cancha\\\/\",\"url\":\"https:\\\/\\\/continuamosmx.com\\\/index.php\\\/2026\\\/03\\\/10\\\/mundialito-escolar-edomex-2026-mas-de-200000-jovenes-en-la-cancha\\\/\",\"name\":\"\u201cMUNDIALITO ESCOLAR EDOM\u00c9X 2026\u201d: M\u00c1S DE 200,000 J\u00d3VENES EN LA CANCHA -\",\"isPartOf\":{\"@id\":\"https:\\\/\\\/continuamosmx.com\\\/#website\"},\"primaryImageOfPage\":{\"@id\":\"https:\\\/\\\/continuamosmx.com\\\/index.php\\\/2026\\\/03\\\/10\\\/mundialito-escolar-edomex-2026-mas-de-200000-jovenes-en-la-cancha\\\/#primaryimage\"},\"image\":{\"@id\":\"https:\\\/\\\/continuamosmx.com\\\/index.php\\\/2026\\\/03\\\/10\\\/mundialito-escolar-edomex-2026-mas-de-200000-jovenes-en-la-cancha\\\/#primaryimage\"},\"thumbnailUrl\":\"https:\\\/\\\/continuamosmx.com\\\/wp-content\\\/uploads\\\/2026\\\/03\\\/swoierwa.jpg\",\"datePublished\":\"2026-03-10T16:58:38+00:00\",\"breadcrumb\":{\"@id\":\"https:\\\/\\\/continuamosmx.com\\\/index.php\\\/2026\\\/03\\\/10\\\/mundialito-escolar-edomex-2026-mas-de-200000-jovenes-en-la-cancha\\\/#breadcrumb\"},\"inLanguage\":\"es\",\"potentialAction\":[{\"@type\":\"ReadAction\",\"target\":[\"https:\\\/\\\/continuamosmx.com\\\/index.php\\\/2026\\\/03\\\/10\\\/mundialito-escolar-edomex-2026-mas-de-200000-jovenes-en-la-cancha\\\/\"]}]},{\"@type\":\"ImageObject\",\"inLanguage\":\"es\",\"@id\":\"https:\\\/\\\/continuamosmx.com\\\/index.php\\\/2026\\\/03\\\/10\\\/mundialito-escolar-edomex-2026-mas-de-200000-jovenes-en-la-cancha\\\/#primaryimage\",\"url\":\"https:\\\/\\\/continuamosmx.com\\\/wp-content\\\/uploads\\\/2026\\\/03\\\/swoierwa.jpg\",\"contentUrl\":\"https:\\\/\\\/continuamosmx.com\\\/wp-content\\\/uploads\\\/2026\\\/03\\\/swoierwa.jpg\",\"width\":1600,\"height\":1066},{\"@type\":\"BreadcrumbList\",\"@id\":\"https:\\\/\\\/continuamosmx.com\\\/index.php\\\/2026\\\/03\\\/10\\\/mundialito-escolar-edomex-2026-mas-de-200000-jovenes-en-la-cancha\\\/#breadcrumb\",\"itemListElement\":[{\"@type\":\"ListItem\",\"position\":1,\"name\":\"Inicio\",\"item\":\"https:\\\/\\\/continuamosmx.com\\\/\"},{\"@type\":\"ListItem\",\"position\":2,\"name\":\"\u201cMUNDIALITO ESCOLAR EDOM\u00c9X 2026\u201d: M\u00c1S DE 200,000 J\u00d3VENES EN LA CANCHA\"}]},{\"@type\":\"WebSite\",\"@id\":\"https:\\\/\\\/continuamosmx.com\\\/#website\",\"url\":\"https:\\\/\\\/continuamosmx.com\\\/\",\"name\":\"www.continuamosmx.com\",\"description\":\"\",\"publisher\":{\"@id\":\"https:\\\/\\\/continuamosmx.com\\\/#organization\"},\"potentialAction\":[{\"@type\":\"SearchAction\",\"target\":{\"@type\":\"EntryPoint\",\"urlTemplate\":\"https:\\\/\\\/continuamosmx.com\\\/?s={search_term_string}\"},\"query-input\":{\"@type\":\"PropertyValueSpecification\",\"valueRequired\":true,\"valueName\":\"search_term_string\"}}],\"inLanguage\":\"es\"},{\"@type\":\"Organization\",\"@id\":\"https:\\\/\\\/continuamosmx.com\\\/#organization\",\"name\":\"ContinuamosMX\",\"url\":\"https:\\\/\\\/continuamosmx.com\\\/\",\"logo\":{\"@type\":\"ImageObject\",\"inLanguage\":\"es\",\"@id\":\"https:\\\/\\\/continuamosmx.com\\\/#\\\/schema\\\/logo\\\/image\\\/\",\"url\":\"https:\\\/\\\/continuamosmx.com\\\/wp-content\\\/uploads\\\/2023\\\/04\\\/cropped-LOGO-CONTI-NUEVO.png\",\"contentUrl\":\"https:\\\/\\\/continuamosmx.com\\\/wp-content\\\/uploads\\\/2023\\\/04\\\/cropped-LOGO-CONTI-NUEVO.png\",\"width\":1257,\"height\":430,\"caption\":\"ContinuamosMX\"},\"image\":{\"@id\":\"https:\\\/\\\/continuamosmx.com\\\/#\\\/schema\\\/logo\\\/image\\\/\"}},{\"@type\":\"Person\",\"@id\":\"https:\\\/\\\/continuamosmx.com\\\/#\\\/schema\\\/person\\\/5eb5356acb1fad784da407d14f0e8d89\",\"name\":\"Continuamos MX\",\"image\":{\"@type\":\"ImageObject\",\"inLanguage\":\"es\",\"@id\":\"https:\\\/\\\/secure.gravatar.com\\\/avatar\\\/30d4f9723476a15f4da34d35fb3501f08d2357016c76051c6a85c354c7489589?s=96&d=mm&r=g\",\"url\":\"https:\\\/\\\/secure.gravatar.com\\\/avatar\\\/30d4f9723476a15f4da34d35fb3501f08d2357016c76051c6a85c354c7489589?s=96&d=mm&r=g\",\"contentUrl\":\"https:\\\/\\\/secure.gravatar.com\\\/avatar\\\/30d4f9723476a15f4da34d35fb3501f08d2357016c76051c6a85c354c7489589?s=96&d=mm&r=g\",\"caption\":\"Continuamos MX\"},\"sameAs\":[\"http:\\\/\\\/www.continuamos.mx\"],\"url\":\"https:\\\/\\\/continuamosmx.com\\\/index.php\\\/author\\\/continuamos\\\/\"}]}<\/script>\n<!-- \/ Yoast SEO plugin. -->","yoast_head_json":{"title":"\u201cMUNDIALITO ESCOLAR EDOM\u00c9X 2026\u201d: M\u00c1S DE 200,000 J\u00d3VENES EN LA CANCHA -","robots":{"index":"index","follow":"follow","max-snippet":"max-snippet:-1","max-image-preview":"max-image-preview:large","max-video-preview":"max-video-preview:-1"},"canonical":"https:\/\/continuamosmx.com\/index.php\/2026\/03\/10\/mundialito-escolar-edomex-2026-mas-de-200000-jovenes-en-la-cancha\/","og_locale":"es_ES","og_type":"article","og_title":"\u201cMUNDIALITO ESCOLAR EDOM\u00c9X 2026\u201d: M\u00c1S DE 200,000 J\u00d3VENES EN LA CANCHA -","og_description":"*Con la participaci\u00f3n de 263,000 estudiantes y m\u00e1s de 27,000 equipos, el torneo de f\u00fatbol busca fomentar el deporte y la integraci\u00f3n social entre los j\u00f3venes mexiquenses. Toluca, Estado de M\u00e9xico* \u2013 El \u201cMundialito Escolar EdoM\u00e9x 2026\u201d se ha convertido en el epicentro del deporte escolar en la entidad, con la participaci\u00f3n de alrededor de [&hellip;]","og_url":"https:\/\/continuamosmx.com\/index.php\/2026\/03\/10\/mundialito-escolar-edomex-2026-mas-de-200000-jovenes-en-la-cancha\/","article_published_time":"2026-03-10T16:58:38+00:00","og_image":[{"width":1600,"height":1066,"url":"https:\/\/continuamosmx.com\/wp-content\/uploads\/2026\/03\/swoierwa.jpg","type":"image\/jpeg"}],"author":"Continuamos MX","twitter_card":"summary_large_image","twitter_misc":{"Escrito por":"Continuamos MX","Tiempo de lectura":"2 minutos"},"schema":{"@context":"https:\/\/schema.org","@graph":[{"@type":"Article","@id":"https:\/\/continuamosmx.com\/index.php\/2026\/03\/10\/mundialito-escolar-edomex-2026-mas-de-200000-jovenes-en-la-cancha\/#article","isPartOf":{"@id":"https:\/\/continuamosmx.com\/index.php\/2026\/03\/10\/mundialito-escolar-edomex-2026-mas-de-200000-jovenes-en-la-cancha\/"},"author":{"name":"Continuamos MX","@id":"https:\/\/continuamosmx.com\/#\/schema\/person\/5eb5356acb1fad784da407d14f0e8d89"},"headline":"\u201cMUNDIALITO ESCOLAR EDOM\u00c9X 2026\u201d: M\u00c1S DE 200,000 J\u00d3VENES EN LA CANCHA","datePublished":"2026-03-10T16:58:38+00:00","mainEntityOfPage":{"@id":"https:\/\/continuamosmx.com\/index.php\/2026\/03\/10\/mundialito-escolar-edomex-2026-mas-de-200000-jovenes-en-la-cancha\/"},"wordCount":302,"publisher":{"@id":"https:\/\/continuamosmx.com\/#organization"},"image":{"@id":"https:\/\/continuamosmx.com\/index.php\/2026\/03\/10\/mundialito-escolar-edomex-2026-mas-de-200000-jovenes-en-la-cancha\/#primaryimage"},"thumbnailUrl":"https:\/\/continuamosmx.com\/wp-content\/uploads\/2026\/03\/swoierwa.jpg","articleSection":["DEPORTES","EDOMEX"],"inLanguage":"es"},{"@type":"WebPage","@id":"https:\/\/continuamosmx.com\/index.php\/2026\/03\/10\/mundialito-escolar-edomex-2026-mas-de-200000-jovenes-en-la-cancha\/","url":"https:\/\/continuamosmx.com\/index.php\/2026\/03\/10\/mundialito-escolar-edomex-2026-mas-de-200000-jovenes-en-la-cancha\/","name":"\u201cMUNDIALITO ESCOLAR EDOM\u00c9X 2026\u201d: M\u00c1S DE 200,000 J\u00d3VENES EN LA CANCHA -","isPartOf":{"@id":"https:\/\/continuamosmx.com\/#website"},"primaryImageOfPage":{"@id":"https:\/\/continuamosmx.com\/index.php\/2026\/03\/10\/mundialito-escolar-edomex-2026-mas-de-200000-jovenes-en-la-cancha\/#primaryimage"},"image":{"@id":"https:\/\/continuamosmx.com\/index.php\/2026\/03\/10\/mundialito-escolar-edomex-2026-mas-de-200000-jovenes-en-la-cancha\/#primaryimage"},"thumbnailUrl":"https:\/\/continuamosmx.com\/wp-content\/uploads\/2026\/03\/swoierwa.jpg","datePublished":"2026-03-10T16:58:38+00:00","breadcrumb":{"@id":"https:\/\/continuamosmx.com\/index.php\/2026\/03\/10\/mundialito-escolar-edomex-2026-mas-de-200000-jovenes-en-la-cancha\/#breadcrumb"},"inLanguage":"es","potentialAction":[{"@type":"ReadAction","target":["https:\/\/continuamosmx.com\/index.php\/2026\/03\/10\/mundialito-escolar-edomex-2026-mas-de-200000-jovenes-en-la-cancha\/"]}]},{"@type":"ImageObject","inLanguage":"es","@id":"https:\/\/continuamosmx.com\/index.php\/2026\/03\/10\/mundialito-escolar-edomex-2026-mas-de-200000-jovenes-en-la-cancha\/#primaryimage","url":"https:\/\/continuamosmx.com\/wp-content\/uploads\/2026\/03\/swoierwa.jpg","contentUrl":"https:\/\/continuamosmx.com\/wp-content\/uploads\/2026\/03\/swoierwa.jpg","width":1600,"height":1066},{"@type":"BreadcrumbList","@id":"https:\/\/continuamosmx.com\/index.php\/2026\/03\/10\/mundialito-escolar-edomex-2026-mas-de-200000-jovenes-en-la-cancha\/#breadcrumb","itemListElement":[{"@type":"ListItem","position":1,"name":"Inicio","item":"https:\/\/continuamosmx.com\/"},{"@type":"ListItem","position":2,"name":"\u201cMUNDIALITO ESCOLAR EDOM\u00c9X 2026\u201d: M\u00c1S DE 200,000 J\u00d3VENES EN LA CANCHA"}]},{"@type":"WebSite","@id":"https:\/\/continuamosmx.com\/#website","url":"https:\/\/continuamosmx.com\/","name":"www.continuamosmx.com","description":"","publisher":{"@id":"https:\/\/continuamosmx.com\/#organization"},"potentialAction":[{"@type":"SearchAction","target":{"@type":"EntryPoint","urlTemplate":"https:\/\/continuamosmx.com\/?s={search_term_string}"},"query-input":{"@type":"PropertyValueSpecification","valueRequired":true,"valueName":"search_term_string"}}],"inLanguage":"es"},{"@type":"Organization","@id":"https:\/\/continuamosmx.com\/#organization","name":"ContinuamosMX","url":"https:\/\/continuamosmx.com\/","logo":{"@type":"ImageObject","inLanguage":"es","@id":"https:\/\/continuamosmx.com\/#\/schema\/logo\/image\/","url":"https:\/\/continuamosmx.com\/wp-content\/uploads\/2023\/04\/cropped-LOGO-CONTI-NUEVO.png","contentUrl":"https:\/\/continuamosmx.com\/wp-content\/uploads\/2023\/04\/cropped-LOGO-CONTI-NUEVO.png","width":1257,"height":430,"caption":"ContinuamosMX"},"image":{"@id":"https:\/\/continuamosmx.com\/#\/schema\/logo\/image\/"}},{"@type":"Person","@id":"https:\/\/continuamosmx.com\/#\/schema\/person\/5eb5356acb1fad784da407d14f0e8d89","name":"Continuamos MX","image":{"@type":"ImageObject","inLanguage":"es","@id":"https:\/\/secure.gravatar.com\/avatar\/30d4f9723476a15f4da34d35fb3501f08d2357016c76051c6a85c354c7489589?s=96&d=mm&r=g","url":"https:\/\/secure.gravatar.com\/avatar\/30d4f9723476a15f4da34d35fb3501f08d2357016c76051c6a85c354c7489589?s=96&d=mm&r=g","contentUrl":"https:\/\/secure.gravatar.com\/avatar\/30d4f9723476a15f4da34d35fb3501f08d2357016c76051c6a85c354c7489589?s=96&d=mm&r=g","caption":"Continuamos MX"},"sameAs":["http:\/\/www.continuamos.mx"],"url":"https:\/\/continuamosmx.com\/index.php\/author\/continuamos\/"}]}},"_links":{"self":[{"href":"https:\/\/continuamosmx.com\/index.php\/wp-json\/wp\/v2\/posts\/53496","targetHints":{"allow":["GET"]}}],"collection":[{"href":"https:\/\/continuamosmx.com\/index.php\/wp-json\/wp\/v2\/posts"}],"about":[{"href":"https:\/\/continuamosmx.com\/index.php\/wp-json\/wp\/v2\/types\/post"}],"author":[{"embeddable":true,"href":"https:\/\/continuamosmx.com\/index.php\/wp-json\/wp\/v2\/users\/6"}],"replies":[{"embeddable":true,"href":"https:\/\/continuamosmx.com\/index.php\/wp-json\/wp\/v2\/comments?post=53496"}],"version-history":[{"count":1,"href":"https:\/\/continuamosmx.com\/index.php\/wp-json\/wp\/v2\/posts\/53496\/revisions"}],"predecessor-version":[{"id":53498,"href":"https:\/\/continuamosmx.com\/index.php\/wp-json\/wp\/v2\/posts\/53496\/revisions\/53498"}],"wp:featuredmedia":[{"embeddable":true,"href":"https:\/\/continuamosmx.com\/index.php\/wp-json\/wp\/v2\/media\/53497"}],"wp:attachment":[{"href":"https:\/\/continuamosmx.com\/index.php\/wp-json\/wp\/v2\/media?parent=53496"}],"wp:term":[{"taxonomy":"category","embeddable":true,"href":"https:\/\/continuamosmx.com\/index.php\/wp-json\/wp\/v2\/categories?post=53496"},{"taxonomy":"post_tag","embeddable":true,"href":"https:\/\/continuamosmx.com\/index.php\/wp-json\/wp\/v2\/tags?post=53496"}],"curies":[{"name":"wp","href":"https:\/\/api.w.org\/{rel}","templated":true}]}}