{"id":53480,"date":"2026-03-09T21:22:41","date_gmt":"2026-03-10T03:22:41","guid":{"rendered":"https:\/\/continuamosmx.com\/?p=53480"},"modified":"2026-03-09T21:28:35","modified_gmt":"2026-03-10T03:28:35","slug":"nos-movemos-seguras-una-iniciativa-crucial-para-la-proteccion-de-las-mujeres-en-el-transporte-publico","status":"publish","type":"post","link":"https:\/\/continuamosmx.com\/index.php\/2026\/03\/09\/nos-movemos-seguras-una-iniciativa-crucial-para-la-proteccion-de-las-mujeres-en-el-transporte-publico\/","title":{"rendered":"\u201cNOS MOVEMOS SEGURAS\u201d: UNA INICIATIVA CRUCIAL PARA LA PROTECCI\u00d3N DE LAS MUJERES EN EL TRANSPORTE P\u00daBLICO"},"content":{"rendered":"\n<p><strong>*En el marco del D\u00eda Internacional de la Mujer, el Gobierno del Estado de M\u00e9xico relanza la campa\u00f1a \u201cNos Movemos Seguras\u201d, buscando reducir el acoso sexual y garantizar una movilidad m\u00e1s segura para las mujeres.<\/strong><\/p>\n\n\n\n<p>Edom\u00e9x.- En una acci\u00f3n que busca transformar la movilidad de las mujeres en el Estado de M\u00e9xico, el Gobierno, encabezado por la Gobernadora Delfina G\u00f3mez \u00c1lvarez, ha relanzado la campa\u00f1a \u201cNos Movemos Seguras\u201d. Este esfuerzo se presenta como una respuesta a la alarmante realidad de que el 58.5% de las mujeres en la entidad ha experimentado alguna forma de violencia a lo largo de su vida, siendo el transporte p\u00fablico uno de los espacios m\u00e1s peligrosos.<\/p>\n\n\n\n<p>La campa\u00f1a se fundamenta en tres pilares esenciales: la implementaci\u00f3n de un protocolo de actuaci\u00f3n para atender casos de acoso sexual en el transporte p\u00fablico, una campa\u00f1a de sensibilizaci\u00f3n que busca visibilizar el acoso como un delito inaceptable, y la capacitaci\u00f3n obligatoria para los operadores de transporte p\u00fablico.<\/p>\n\n\n\n<p>El Secretario de Movilidad, Juan Hugo de la Rosa, enfatiz\u00f3 que estas medidas no son solo temporales, sino que se institucionalizar\u00e1n para garantizar la seguridad de las mujeres en todos los medios de transporte de la entidad. En un contexto m\u00e1s amplio, estas acciones se extender\u00e1n a lugares estrat\u00e9gicos como el Aeropuerto Internacional de Toluca, especialmente durante la Copa Mundial de F\u00fatbol 2026.<\/p>\n\n\n\n<p>Con la participaci\u00f3n de cerca de 5,000 mexiquenses en la \u201cCaravana Estatal: Por la Garant\u00eda de los Derechos de las Mujeres\u201d, el gobierno busca fomentar un cambio cultural que promueva la denuncia y la seguridad en los espacios p\u00fablicos. La Secretaria de las Mujeres, Mar\u00eda Esther Rodr\u00edguez Hern\u00e1ndez, destac\u00f3 que la igualdad de g\u00e9nero es ahora una pol\u00edtica de Estado, no solo una aspiraci\u00f3n.<\/p>\n\n\n\n<p>A medida que esta campa\u00f1a cobra vida, se espera que no solo se reduzcan los incidentes de acoso, sino que tambi\u00e9n se empodere a las mujeres para que exijan sus derechos y se sientan seguras en cada desplazamiento.<\/p>\n","protected":false},"excerpt":{"rendered":"<p>*En el marco del D\u00eda Internacional de la Mujer, el Gobierno del Estado de M\u00e9xico relanza la campa\u00f1a \u201cNos Movemos Seguras\u201d, buscando reducir el acoso sexual y garantizar una movilidad m\u00e1s segura para las mujeres. Edom\u00e9x.- En una acci\u00f3n que busca transformar la movilidad de las mujeres en el Estado de M\u00e9xico, el Gobierno, encabezado [&hellip;]<\/p>\n","protected":false},"author":6,"featured_media":53481,"comment_status":"closed","ping_status":"closed","sticky":false,"template":"","format":"standard","meta":{"footnotes":""},"categories":[2],"tags":[],"class_list":["post-53480","post","type-post","status-publish","format-standard","has-post-thumbnail","hentry","category-edomex"],"yoast_head":"<!-- This site is optimized with the Yoast SEO plugin v27.4 - https:\/\/yoast.com\/product\/yoast-seo-wordpress\/ -->\n<title>\u201cNOS MOVEMOS SEGURAS\u201d: UNA INICIATIVA CRUCIAL PARA LA PROTECCI\u00d3N DE LAS MUJERES EN EL TRANSPORTE P\u00daBLICO -<\/title>\n<meta name=\"robots\" content=\"index, follow, max-snippet:-1, max-image-preview:large, max-video-preview:-1\" \/>\n<link rel=\"canonical\" href=\"https:\/\/continuamosmx.com\/index.php\/2026\/03\/09\/nos-movemos-seguras-una-iniciativa-crucial-para-la-proteccion-de-las-mujeres-en-el-transporte-publico\/\" \/>\n<meta property=\"og:locale\" content=\"es_ES\" \/>\n<meta property=\"og:type\" content=\"article\" \/>\n<meta property=\"og:title\" content=\"\u201cNOS MOVEMOS SEGURAS\u201d: UNA INICIATIVA CRUCIAL PARA LA PROTECCI\u00d3N DE LAS MUJERES EN EL TRANSPORTE P\u00daBLICO -\" \/>\n<meta property=\"og:description\" content=\"*En el marco del D\u00eda Internacional de la Mujer, el Gobierno del Estado de M\u00e9xico relanza la campa\u00f1a \u201cNos Movemos Seguras\u201d, buscando reducir el acoso sexual y garantizar una movilidad m\u00e1s segura para las mujeres. Edom\u00e9x.- En una acci\u00f3n que busca transformar la movilidad de las mujeres en el Estado de M\u00e9xico, el Gobierno, encabezado [&hellip;]\" \/>\n<meta property=\"og:url\" content=\"https:\/\/continuamosmx.com\/index.php\/2026\/03\/09\/nos-movemos-seguras-una-iniciativa-crucial-para-la-proteccion-de-las-mujeres-en-el-transporte-publico\/\" \/>\n<meta property=\"article:published_time\" content=\"2026-03-10T03:22:41+00:00\" \/>\n<meta property=\"article:modified_time\" content=\"2026-03-10T03:28:35+00:00\" \/>\n<meta property=\"og:image\" content=\"https:\/\/continuamosmx.com\/wp-content\/uploads\/2026\/03\/movemos.jpg\" \/>\n\t<meta property=\"og:image:width\" content=\"1280\" \/>\n\t<meta property=\"og:image:height\" content=\"960\" \/>\n\t<meta property=\"og:image:type\" content=\"image\/jpeg\" \/>\n<meta name=\"author\" content=\"Continuamos MX\" \/>\n<meta name=\"twitter:card\" content=\"summary_large_image\" \/>\n<meta name=\"twitter:label1\" content=\"Escrito por\" \/>\n\t<meta name=\"twitter:data1\" content=\"Continuamos MX\" \/>\n\t<meta name=\"twitter:label2\" content=\"Tiempo de lectura\" \/>\n\t<meta name=\"twitter:data2\" content=\"2 minutos\" \/>\n<script type=\"application\/ld+json\" class=\"yoast-schema-graph\">{\"@context\":\"https:\\\/\\\/schema.org\",\"@graph\":[{\"@type\":\"Article\",\"@id\":\"https:\\\/\\\/continuamosmx.com\\\/index.php\\\/2026\\\/03\\\/09\\\/nos-movemos-seguras-una-iniciativa-crucial-para-la-proteccion-de-las-mujeres-en-el-transporte-publico\\\/#article\",\"isPartOf\":{\"@id\":\"https:\\\/\\\/continuamosmx.com\\\/index.php\\\/2026\\\/03\\\/09\\\/nos-movemos-seguras-una-iniciativa-crucial-para-la-proteccion-de-las-mujeres-en-el-transporte-publico\\\/\"},\"author\":{\"name\":\"Continuamos MX\",\"@id\":\"https:\\\/\\\/continuamosmx.com\\\/#\\\/schema\\\/person\\\/5eb5356acb1fad784da407d14f0e8d89\"},\"headline\":\"\u201cNOS MOVEMOS SEGURAS\u201d: UNA INICIATIVA CRUCIAL PARA LA PROTECCI\u00d3N DE LAS MUJERES EN EL TRANSPORTE P\u00daBLICO\",\"datePublished\":\"2026-03-10T03:22:41+00:00\",\"dateModified\":\"2026-03-10T03:28:35+00:00\",\"mainEntityOfPage\":{\"@id\":\"https:\\\/\\\/continuamosmx.com\\\/index.php\\\/2026\\\/03\\\/09\\\/nos-movemos-seguras-una-iniciativa-crucial-para-la-proteccion-de-las-mujeres-en-el-transporte-publico\\\/\"},\"wordCount\":375,\"publisher\":{\"@id\":\"https:\\\/\\\/continuamosmx.com\\\/#organization\"},\"image\":{\"@id\":\"https:\\\/\\\/continuamosmx.com\\\/index.php\\\/2026\\\/03\\\/09\\\/nos-movemos-seguras-una-iniciativa-crucial-para-la-proteccion-de-las-mujeres-en-el-transporte-publico\\\/#primaryimage\"},\"thumbnailUrl\":\"https:\\\/\\\/continuamosmx.com\\\/wp-content\\\/uploads\\\/2026\\\/03\\\/movemos.jpg\",\"articleSection\":[\"EDOMEX\"],\"inLanguage\":\"es\"},{\"@type\":\"WebPage\",\"@id\":\"https:\\\/\\\/continuamosmx.com\\\/index.php\\\/2026\\\/03\\\/09\\\/nos-movemos-seguras-una-iniciativa-crucial-para-la-proteccion-de-las-mujeres-en-el-transporte-publico\\\/\",\"url\":\"https:\\\/\\\/continuamosmx.com\\\/index.php\\\/2026\\\/03\\\/09\\\/nos-movemos-seguras-una-iniciativa-crucial-para-la-proteccion-de-las-mujeres-en-el-transporte-publico\\\/\",\"name\":\"\u201cNOS MOVEMOS SEGURAS\u201d: UNA INICIATIVA CRUCIAL PARA LA PROTECCI\u00d3N DE LAS MUJERES EN EL TRANSPORTE P\u00daBLICO -\",\"isPartOf\":{\"@id\":\"https:\\\/\\\/continuamosmx.com\\\/#website\"},\"primaryImageOfPage\":{\"@id\":\"https:\\\/\\\/continuamosmx.com\\\/index.php\\\/2026\\\/03\\\/09\\\/nos-movemos-seguras-una-iniciativa-crucial-para-la-proteccion-de-las-mujeres-en-el-transporte-publico\\\/#primaryimage\"},\"image\":{\"@id\":\"https:\\\/\\\/continuamosmx.com\\\/index.php\\\/2026\\\/03\\\/09\\\/nos-movemos-seguras-una-iniciativa-crucial-para-la-proteccion-de-las-mujeres-en-el-transporte-publico\\\/#primaryimage\"},\"thumbnailUrl\":\"https:\\\/\\\/continuamosmx.com\\\/wp-content\\\/uploads\\\/2026\\\/03\\\/movemos.jpg\",\"datePublished\":\"2026-03-10T03:22:41+00:00\",\"dateModified\":\"2026-03-10T03:28:35+00:00\",\"breadcrumb\":{\"@id\":\"https:\\\/\\\/continuamosmx.com\\\/index.php\\\/2026\\\/03\\\/09\\\/nos-movemos-seguras-una-iniciativa-crucial-para-la-proteccion-de-las-mujeres-en-el-transporte-publico\\\/#breadcrumb\"},\"inLanguage\":\"es\",\"potentialAction\":[{\"@type\":\"ReadAction\",\"target\":[\"https:\\\/\\\/continuamosmx.com\\\/index.php\\\/2026\\\/03\\\/09\\\/nos-movemos-seguras-una-iniciativa-crucial-para-la-proteccion-de-las-mujeres-en-el-transporte-publico\\\/\"]}]},{\"@type\":\"ImageObject\",\"inLanguage\":\"es\",\"@id\":\"https:\\\/\\\/continuamosmx.com\\\/index.php\\\/2026\\\/03\\\/09\\\/nos-movemos-seguras-una-iniciativa-crucial-para-la-proteccion-de-las-mujeres-en-el-transporte-publico\\\/#primaryimage\",\"url\":\"https:\\\/\\\/continuamosmx.com\\\/wp-content\\\/uploads\\\/2026\\\/03\\\/movemos.jpg\",\"contentUrl\":\"https:\\\/\\\/continuamosmx.com\\\/wp-content\\\/uploads\\\/2026\\\/03\\\/movemos.jpg\",\"width\":1280,\"height\":960},{\"@type\":\"BreadcrumbList\",\"@id\":\"https:\\\/\\\/continuamosmx.com\\\/index.php\\\/2026\\\/03\\\/09\\\/nos-movemos-seguras-una-iniciativa-crucial-para-la-proteccion-de-las-mujeres-en-el-transporte-publico\\\/#breadcrumb\",\"itemListElement\":[{\"@type\":\"ListItem\",\"position\":1,\"name\":\"Inicio\",\"item\":\"https:\\\/\\\/continuamosmx.com\\\/\"},{\"@type\":\"ListItem\",\"position\":2,\"name\":\"\u201cNOS MOVEMOS SEGURAS\u201d: UNA INICIATIVA CRUCIAL PARA LA PROTECCI\u00d3N DE LAS MUJERES EN EL TRANSPORTE P\u00daBLICO\"}]},{\"@type\":\"WebSite\",\"@id\":\"https:\\\/\\\/continuamosmx.com\\\/#website\",\"url\":\"https:\\\/\\\/continuamosmx.com\\\/\",\"name\":\"www.continuamosmx.com\",\"description\":\"\",\"publisher\":{\"@id\":\"https:\\\/\\\/continuamosmx.com\\\/#organization\"},\"potentialAction\":[{\"@type\":\"SearchAction\",\"target\":{\"@type\":\"EntryPoint\",\"urlTemplate\":\"https:\\\/\\\/continuamosmx.com\\\/?s={search_term_string}\"},\"query-input\":{\"@type\":\"PropertyValueSpecification\",\"valueRequired\":true,\"valueName\":\"search_term_string\"}}],\"inLanguage\":\"es\"},{\"@type\":\"Organization\",\"@id\":\"https:\\\/\\\/continuamosmx.com\\\/#organization\",\"name\":\"ContinuamosMX\",\"url\":\"https:\\\/\\\/continuamosmx.com\\\/\",\"logo\":{\"@type\":\"ImageObject\",\"inLanguage\":\"es\",\"@id\":\"https:\\\/\\\/continuamosmx.com\\\/#\\\/schema\\\/logo\\\/image\\\/\",\"url\":\"https:\\\/\\\/continuamosmx.com\\\/wp-content\\\/uploads\\\/2023\\\/04\\\/cropped-LOGO-CONTI-NUEVO.png\",\"contentUrl\":\"https:\\\/\\\/continuamosmx.com\\\/wp-content\\\/uploads\\\/2023\\\/04\\\/cropped-LOGO-CONTI-NUEVO.png\",\"width\":1257,\"height\":430,\"caption\":\"ContinuamosMX\"},\"image\":{\"@id\":\"https:\\\/\\\/continuamosmx.com\\\/#\\\/schema\\\/logo\\\/image\\\/\"}},{\"@type\":\"Person\",\"@id\":\"https:\\\/\\\/continuamosmx.com\\\/#\\\/schema\\\/person\\\/5eb5356acb1fad784da407d14f0e8d89\",\"name\":\"Continuamos MX\",\"image\":{\"@type\":\"ImageObject\",\"inLanguage\":\"es\",\"@id\":\"https:\\\/\\\/secure.gravatar.com\\\/avatar\\\/30d4f9723476a15f4da34d35fb3501f08d2357016c76051c6a85c354c7489589?s=96&d=mm&r=g\",\"url\":\"https:\\\/\\\/secure.gravatar.com\\\/avatar\\\/30d4f9723476a15f4da34d35fb3501f08d2357016c76051c6a85c354c7489589?s=96&d=mm&r=g\",\"contentUrl\":\"https:\\\/\\\/secure.gravatar.com\\\/avatar\\\/30d4f9723476a15f4da34d35fb3501f08d2357016c76051c6a85c354c7489589?s=96&d=mm&r=g\",\"caption\":\"Continuamos MX\"},\"sameAs\":[\"http:\\\/\\\/www.continuamos.mx\"],\"url\":\"https:\\\/\\\/continuamosmx.com\\\/index.php\\\/author\\\/continuamos\\\/\"}]}<\/script>\n<!-- \/ Yoast SEO plugin. -->","yoast_head_json":{"title":"\u201cNOS MOVEMOS SEGURAS\u201d: UNA INICIATIVA CRUCIAL PARA LA PROTECCI\u00d3N DE LAS MUJERES EN EL TRANSPORTE P\u00daBLICO -","robots":{"index":"index","follow":"follow","max-snippet":"max-snippet:-1","max-image-preview":"max-image-preview:large","max-video-preview":"max-video-preview:-1"},"canonical":"https:\/\/continuamosmx.com\/index.php\/2026\/03\/09\/nos-movemos-seguras-una-iniciativa-crucial-para-la-proteccion-de-las-mujeres-en-el-transporte-publico\/","og_locale":"es_ES","og_type":"article","og_title":"\u201cNOS MOVEMOS SEGURAS\u201d: UNA INICIATIVA CRUCIAL PARA LA PROTECCI\u00d3N DE LAS MUJERES EN EL TRANSPORTE P\u00daBLICO -","og_description":"*En el marco del D\u00eda Internacional de la Mujer, el Gobierno del Estado de M\u00e9xico relanza la campa\u00f1a \u201cNos Movemos Seguras\u201d, buscando reducir el acoso sexual y garantizar una movilidad m\u00e1s segura para las mujeres. Edom\u00e9x.- En una acci\u00f3n que busca transformar la movilidad de las mujeres en el Estado de M\u00e9xico, el Gobierno, encabezado [&hellip;]","og_url":"https:\/\/continuamosmx.com\/index.php\/2026\/03\/09\/nos-movemos-seguras-una-iniciativa-crucial-para-la-proteccion-de-las-mujeres-en-el-transporte-publico\/","article_published_time":"2026-03-10T03:22:41+00:00","article_modified_time":"2026-03-10T03:28:35+00:00","og_image":[{"width":1280,"height":960,"url":"https:\/\/continuamosmx.com\/wp-content\/uploads\/2026\/03\/movemos.jpg","type":"image\/jpeg"}],"author":"Continuamos MX","twitter_card":"summary_large_image","twitter_misc":{"Escrito por":"Continuamos MX","Tiempo de lectura":"2 minutos"},"schema":{"@context":"https:\/\/schema.org","@graph":[{"@type":"Article","@id":"https:\/\/continuamosmx.com\/index.php\/2026\/03\/09\/nos-movemos-seguras-una-iniciativa-crucial-para-la-proteccion-de-las-mujeres-en-el-transporte-publico\/#article","isPartOf":{"@id":"https:\/\/continuamosmx.com\/index.php\/2026\/03\/09\/nos-movemos-seguras-una-iniciativa-crucial-para-la-proteccion-de-las-mujeres-en-el-transporte-publico\/"},"author":{"name":"Continuamos MX","@id":"https:\/\/continuamosmx.com\/#\/schema\/person\/5eb5356acb1fad784da407d14f0e8d89"},"headline":"\u201cNOS MOVEMOS SEGURAS\u201d: UNA INICIATIVA CRUCIAL PARA LA PROTECCI\u00d3N DE LAS MUJERES EN EL TRANSPORTE P\u00daBLICO","datePublished":"2026-03-10T03:22:41+00:00","dateModified":"2026-03-10T03:28:35+00:00","mainEntityOfPage":{"@id":"https:\/\/continuamosmx.com\/index.php\/2026\/03\/09\/nos-movemos-seguras-una-iniciativa-crucial-para-la-proteccion-de-las-mujeres-en-el-transporte-publico\/"},"wordCount":375,"publisher":{"@id":"https:\/\/continuamosmx.com\/#organization"},"image":{"@id":"https:\/\/continuamosmx.com\/index.php\/2026\/03\/09\/nos-movemos-seguras-una-iniciativa-crucial-para-la-proteccion-de-las-mujeres-en-el-transporte-publico\/#primaryimage"},"thumbnailUrl":"https:\/\/continuamosmx.com\/wp-content\/uploads\/2026\/03\/movemos.jpg","articleSection":["EDOMEX"],"inLanguage":"es"},{"@type":"WebPage","@id":"https:\/\/continuamosmx.com\/index.php\/2026\/03\/09\/nos-movemos-seguras-una-iniciativa-crucial-para-la-proteccion-de-las-mujeres-en-el-transporte-publico\/","url":"https:\/\/continuamosmx.com\/index.php\/2026\/03\/09\/nos-movemos-seguras-una-iniciativa-crucial-para-la-proteccion-de-las-mujeres-en-el-transporte-publico\/","name":"\u201cNOS MOVEMOS SEGURAS\u201d: UNA INICIATIVA CRUCIAL PARA LA PROTECCI\u00d3N DE LAS MUJERES EN EL TRANSPORTE P\u00daBLICO -","isPartOf":{"@id":"https:\/\/continuamosmx.com\/#website"},"primaryImageOfPage":{"@id":"https:\/\/continuamosmx.com\/index.php\/2026\/03\/09\/nos-movemos-seguras-una-iniciativa-crucial-para-la-proteccion-de-las-mujeres-en-el-transporte-publico\/#primaryimage"},"image":{"@id":"https:\/\/continuamosmx.com\/index.php\/2026\/03\/09\/nos-movemos-seguras-una-iniciativa-crucial-para-la-proteccion-de-las-mujeres-en-el-transporte-publico\/#primaryimage"},"thumbnailUrl":"https:\/\/continuamosmx.com\/wp-content\/uploads\/2026\/03\/movemos.jpg","datePublished":"2026-03-10T03:22:41+00:00","dateModified":"2026-03-10T03:28:35+00:00","breadcrumb":{"@id":"https:\/\/continuamosmx.com\/index.php\/2026\/03\/09\/nos-movemos-seguras-una-iniciativa-crucial-para-la-proteccion-de-las-mujeres-en-el-transporte-publico\/#breadcrumb"},"inLanguage":"es","potentialAction":[{"@type":"ReadAction","target":["https:\/\/continuamosmx.com\/index.php\/2026\/03\/09\/nos-movemos-seguras-una-iniciativa-crucial-para-la-proteccion-de-las-mujeres-en-el-transporte-publico\/"]}]},{"@type":"ImageObject","inLanguage":"es","@id":"https:\/\/continuamosmx.com\/index.php\/2026\/03\/09\/nos-movemos-seguras-una-iniciativa-crucial-para-la-proteccion-de-las-mujeres-en-el-transporte-publico\/#primaryimage","url":"https:\/\/continuamosmx.com\/wp-content\/uploads\/2026\/03\/movemos.jpg","contentUrl":"https:\/\/continuamosmx.com\/wp-content\/uploads\/2026\/03\/movemos.jpg","width":1280,"height":960},{"@type":"BreadcrumbList","@id":"https:\/\/continuamosmx.com\/index.php\/2026\/03\/09\/nos-movemos-seguras-una-iniciativa-crucial-para-la-proteccion-de-las-mujeres-en-el-transporte-publico\/#breadcrumb","itemListElement":[{"@type":"ListItem","position":1,"name":"Inicio","item":"https:\/\/continuamosmx.com\/"},{"@type":"ListItem","position":2,"name":"\u201cNOS MOVEMOS SEGURAS\u201d: UNA INICIATIVA CRUCIAL PARA LA PROTECCI\u00d3N DE LAS MUJERES EN EL TRANSPORTE P\u00daBLICO"}]},{"@type":"WebSite","@id":"https:\/\/continuamosmx.com\/#website","url":"https:\/\/continuamosmx.com\/","name":"www.continuamosmx.com","description":"","publisher":{"@id":"https:\/\/continuamosmx.com\/#organization"},"potentialAction":[{"@type":"SearchAction","target":{"@type":"EntryPoint","urlTemplate":"https:\/\/continuamosmx.com\/?s={search_term_string}"},"query-input":{"@type":"PropertyValueSpecification","valueRequired":true,"valueName":"search_term_string"}}],"inLanguage":"es"},{"@type":"Organization","@id":"https:\/\/continuamosmx.com\/#organization","name":"ContinuamosMX","url":"https:\/\/continuamosmx.com\/","logo":{"@type":"ImageObject","inLanguage":"es","@id":"https:\/\/continuamosmx.com\/#\/schema\/logo\/image\/","url":"https:\/\/continuamosmx.com\/wp-content\/uploads\/2023\/04\/cropped-LOGO-CONTI-NUEVO.png","contentUrl":"https:\/\/continuamosmx.com\/wp-content\/uploads\/2023\/04\/cropped-LOGO-CONTI-NUEVO.png","width":1257,"height":430,"caption":"ContinuamosMX"},"image":{"@id":"https:\/\/continuamosmx.com\/#\/schema\/logo\/image\/"}},{"@type":"Person","@id":"https:\/\/continuamosmx.com\/#\/schema\/person\/5eb5356acb1fad784da407d14f0e8d89","name":"Continuamos MX","image":{"@type":"ImageObject","inLanguage":"es","@id":"https:\/\/secure.gravatar.com\/avatar\/30d4f9723476a15f4da34d35fb3501f08d2357016c76051c6a85c354c7489589?s=96&d=mm&r=g","url":"https:\/\/secure.gravatar.com\/avatar\/30d4f9723476a15f4da34d35fb3501f08d2357016c76051c6a85c354c7489589?s=96&d=mm&r=g","contentUrl":"https:\/\/secure.gravatar.com\/avatar\/30d4f9723476a15f4da34d35fb3501f08d2357016c76051c6a85c354c7489589?s=96&d=mm&r=g","caption":"Continuamos MX"},"sameAs":["http:\/\/www.continuamos.mx"],"url":"https:\/\/continuamosmx.com\/index.php\/author\/continuamos\/"}]}},"_links":{"self":[{"href":"https:\/\/continuamosmx.com\/index.php\/wp-json\/wp\/v2\/posts\/53480","targetHints":{"allow":["GET"]}}],"collection":[{"href":"https:\/\/continuamosmx.com\/index.php\/wp-json\/wp\/v2\/posts"}],"about":[{"href":"https:\/\/continuamosmx.com\/index.php\/wp-json\/wp\/v2\/types\/post"}],"author":[{"embeddable":true,"href":"https:\/\/continuamosmx.com\/index.php\/wp-json\/wp\/v2\/users\/6"}],"replies":[{"embeddable":true,"href":"https:\/\/continuamosmx.com\/index.php\/wp-json\/wp\/v2\/comments?post=53480"}],"version-history":[{"count":1,"href":"https:\/\/continuamosmx.com\/index.php\/wp-json\/wp\/v2\/posts\/53480\/revisions"}],"predecessor-version":[{"id":53482,"href":"https:\/\/continuamosmx.com\/index.php\/wp-json\/wp\/v2\/posts\/53480\/revisions\/53482"}],"wp:featuredmedia":[{"embeddable":true,"href":"https:\/\/continuamosmx.com\/index.php\/wp-json\/wp\/v2\/media\/53481"}],"wp:attachment":[{"href":"https:\/\/continuamosmx.com\/index.php\/wp-json\/wp\/v2\/media?parent=53480"}],"wp:term":[{"taxonomy":"category","embeddable":true,"href":"https:\/\/continuamosmx.com\/index.php\/wp-json\/wp\/v2\/categories?post=53480"},{"taxonomy":"post_tag","embeddable":true,"href":"https:\/\/continuamosmx.com\/index.php\/wp-json\/wp\/v2\/tags?post=53480"}],"curies":[{"name":"wp","href":"https:\/\/api.w.org\/{rel}","templated":true}]}}