{"id":53446,"date":"2026-03-08T23:35:37","date_gmt":"2026-03-09T05:35:37","guid":{"rendered":"https:\/\/continuamosmx.com\/?p=53446"},"modified":"2026-03-08T23:35:37","modified_gmt":"2026-03-09T05:35:37","slug":"fortalecimiento-institucional-y-autonomia-sindical-marcan-nueva-etapa-del-snte-seccion-36-respalda-agenda-nacional","status":"publish","type":"post","link":"https:\/\/continuamosmx.com\/index.php\/2026\/03\/08\/fortalecimiento-institucional-y-autonomia-sindical-marcan-nueva-etapa-del-snte-seccion-36-respalda-agenda-nacional\/","title":{"rendered":"FORTALECIMIENTO INSTITUCIONAL Y AUTONOM\u00cdA SINDICAL MARCAN NUEVA ETAPA DEL SNTE: SECCI\u00d3N 36 RESPALDA AGENDA NACIONAL"},"content":{"rendered":"\n<p><strong>*Con 2.85 millones de trabajadores afiliados en la FEDESSP y m\u00e1s de 53 mil docentes representados por la Secci\u00f3n 36, el magisterio impulsa un modelo sindical basado en autonom\u00eda, cohesi\u00f3n gremial y presencia institucional.<\/strong><\/p>\n\n\n\n<p>Tlalnepantla, Estado de M\u00e9xico.\u2014 En medio de un escenario de transformaci\u00f3n del sindicalismo mexicano, la dirigencia nacional del Sindicato Nacional de Trabajadores de la Educaci\u00f3n (SNTE) y la Secci\u00f3n 36, una de las estructuras m\u00e1s grandes del magisterio en el pa\u00eds, colocaron sobre la mesa un mensaje central: fortalecer las instituciones sindicales para garantizar autonom\u00eda, estabilidad laboral y representaci\u00f3n efectiva de los trabajadores.<\/p>\n\n\n\n<p>Durante la conmemoraci\u00f3n del 22 aniversario de la Federaci\u00f3n Democr\u00e1tica de Sindicatos de Servidores P\u00fablicos (FEDESSP), la secretaria general de la Secci\u00f3n 36 del SNTE, M\u00f3nica Miriam Granillo Velazco, afirm\u00f3 que M\u00e9xico atraviesa una etapa clave para consolidar un sindicalismo con mayor independencia y capacidad de interlocuci\u00f3n frente al Estado.<\/p>\n\n\n\n<p>La dirigente subray\u00f3 que los avances legislativos recientes han permitido blindar jur\u00eddicamente a las organizaciones sindicales, evitando intentos de intervenci\u00f3n pol\u00edtico-administrativa y fortaleciendo la transparencia en la vida interna de los gremios.<\/p>\n\n\n\n<p>Granillo Velazco coincidi\u00f3 con el secretario general del SNTE, Alfonso Cepeda Salas, en que las organizaciones sindicales deben asumir un papel activo frente a los cambios sociales y laborales del pa\u00eds.<\/p>\n\n\n\n<p>\u201cEl sindicalismo no puede limitarse a observar los procesos de transformaci\u00f3n; debe participar en ellos y defender los derechos de sus agremiados\u201d, plante\u00f3.<\/p>\n\n\n\n<p>El posicionamiento adquiere relevancia si se considera que en M\u00e9xico solo entre el 10% y el 13% de los trabajadores est\u00e1n afiliados a un sindicato, una cifra que refleja el reto de ampliar la protecci\u00f3n colectiva en el mercado laboral.<\/p>\n\n\n\n<p>En contraste, la FEDESSP se mantiene como uno de los bloques sindicales m\u00e1s grandes del pa\u00eds y del continente, con una membres\u00eda cercana a 2 millones 850 mil trabajadoras y trabajadores del sector p\u00fablico, seg\u00fan inform\u00f3 el dirigente nacional del SNTE.<\/p>\n\n\n\n<p>La federaci\u00f3n agrupa sindicatos de sectores estrat\u00e9gicos como educaci\u00f3n, salud, seguridad y administraci\u00f3n p\u00fablica, lo que le otorga un peso relevante en el funcionamiento institucional del pa\u00eds.<\/p>\n\n\n\n<p>El evento tambi\u00e9n fue escenario para la toma de protesta de la nueva dirigencia colegiada de la FEDESSP en el Estado de M\u00e9xico, integrada por Ranulfo Baraquiel Ruiz Garc\u00eda, Adriana Guti\u00e9rrez Arias y Amado Trejo Jaime, quienes asumir\u00e1n la coordinaci\u00f3n sindical en la entidad con mayor n\u00famero de trabajadores del sector educativo.<\/p>\n\n\n\n<p>El presidente colegiado del Comit\u00e9 Ejecutivo Nacional de la FEDESSP, Agust\u00edn Avil\u00e9s Noguera, destac\u00f3 que la federaci\u00f3n agrupa a ocho de cada diez servidores p\u00fablicos sindicalizados, lo que la convierte en un actor central en la defensa de los derechos laborales en M\u00e9xico.<\/p>\n\n\n\n<p>La ceremonia se realiz\u00f3 en el Centro Cultural de la Secci\u00f3n 36 del SNTE, organizaci\u00f3n que representa a m\u00e1s de 53 mil trabajadores de la educaci\u00f3n en el Valle de M\u00e9xico, consolid\u00e1ndose como una de las secciones con mayor peso pol\u00edtico y gremial dentro del sindicato magisterial.<\/p>\n\n\n\n<p>En ese contexto, la dirigencia sindical sostuvo que el reto del sindicalismo en la nueva etapa es combinar autonom\u00eda, transparencia y cohesi\u00f3n gremial, para mantener su capacidad de interlocuci\u00f3n con las instituciones del Estado y garantizar la defensa efectiva de los derechos laborales. [10:12 p.m., 8\/3\/2026] Martha: Este es el texto del correo y es asunto es este: Solicitud de investigaci\u00f3n administrativa \u2013 Telesecundaria CCT 15DTV0255Z<\/p>\n","protected":false},"excerpt":{"rendered":"<p>*Con 2.85 millones de trabajadores afiliados en la FEDESSP y m\u00e1s de 53 mil docentes representados por la Secci\u00f3n 36, el magisterio impulsa un modelo sindical basado en autonom\u00eda, cohesi\u00f3n gremial y presencia institucional. Tlalnepantla, Estado de M\u00e9xico.\u2014 En medio de un escenario de transformaci\u00f3n del sindicalismo mexicano, la dirigencia nacional del Sindicato Nacional de [&hellip;]<\/p>\n","protected":false},"author":6,"featured_media":53447,"comment_status":"closed","ping_status":"closed","sticky":false,"template":"","format":"standard","meta":{"footnotes":""},"categories":[2,193],"tags":[],"class_list":["post-53446","post","type-post","status-publish","format-standard","has-post-thumbnail","hentry","category-edomex","category-snte"],"yoast_head":"<!-- This site is optimized with the Yoast SEO plugin v27.4 - https:\/\/yoast.com\/product\/yoast-seo-wordpress\/ -->\n<title>FORTALECIMIENTO INSTITUCIONAL Y AUTONOM\u00cdA SINDICAL MARCAN NUEVA ETAPA DEL SNTE: SECCI\u00d3N 36 RESPALDA AGENDA NACIONAL -<\/title>\n<meta name=\"robots\" content=\"index, follow, max-snippet:-1, max-image-preview:large, max-video-preview:-1\" \/>\n<link rel=\"canonical\" href=\"https:\/\/continuamosmx.com\/index.php\/2026\/03\/08\/fortalecimiento-institucional-y-autonomia-sindical-marcan-nueva-etapa-del-snte-seccion-36-respalda-agenda-nacional\/\" \/>\n<meta property=\"og:locale\" content=\"es_ES\" \/>\n<meta property=\"og:type\" content=\"article\" \/>\n<meta property=\"og:title\" content=\"FORTALECIMIENTO INSTITUCIONAL Y AUTONOM\u00cdA SINDICAL MARCAN NUEVA ETAPA DEL SNTE: SECCI\u00d3N 36 RESPALDA AGENDA NACIONAL -\" \/>\n<meta property=\"og:description\" content=\"*Con 2.85 millones de trabajadores afiliados en la FEDESSP y m\u00e1s de 53 mil docentes representados por la Secci\u00f3n 36, el magisterio impulsa un modelo sindical basado en autonom\u00eda, cohesi\u00f3n gremial y presencia institucional. Tlalnepantla, Estado de M\u00e9xico.\u2014 En medio de un escenario de transformaci\u00f3n del sindicalismo mexicano, la dirigencia nacional del Sindicato Nacional de [&hellip;]\" \/>\n<meta property=\"og:url\" content=\"https:\/\/continuamosmx.com\/index.php\/2026\/03\/08\/fortalecimiento-institucional-y-autonomia-sindical-marcan-nueva-etapa-del-snte-seccion-36-respalda-agenda-nacional\/\" \/>\n<meta property=\"article:published_time\" content=\"2026-03-09T05:35:37+00:00\" \/>\n<meta property=\"og:image\" content=\"https:\/\/continuamosmx.com\/wp-content\/uploads\/2026\/03\/WhatsApp-Image-2026-03-08-at-7.45.56-PM.jpeg\" \/>\n\t<meta property=\"og:image:width\" content=\"1600\" \/>\n\t<meta property=\"og:image:height\" content=\"616\" \/>\n\t<meta property=\"og:image:type\" content=\"image\/jpeg\" \/>\n<meta name=\"author\" content=\"Continuamos MX\" \/>\n<meta name=\"twitter:card\" content=\"summary_large_image\" \/>\n<meta name=\"twitter:label1\" content=\"Escrito por\" \/>\n\t<meta name=\"twitter:data1\" content=\"Continuamos MX\" \/>\n\t<meta name=\"twitter:label2\" content=\"Tiempo de lectura\" \/>\n\t<meta name=\"twitter:data2\" content=\"3 minutos\" \/>\n<script type=\"application\/ld+json\" class=\"yoast-schema-graph\">{\"@context\":\"https:\\\/\\\/schema.org\",\"@graph\":[{\"@type\":\"Article\",\"@id\":\"https:\\\/\\\/continuamosmx.com\\\/index.php\\\/2026\\\/03\\\/08\\\/fortalecimiento-institucional-y-autonomia-sindical-marcan-nueva-etapa-del-snte-seccion-36-respalda-agenda-nacional\\\/#article\",\"isPartOf\":{\"@id\":\"https:\\\/\\\/continuamosmx.com\\\/index.php\\\/2026\\\/03\\\/08\\\/fortalecimiento-institucional-y-autonomia-sindical-marcan-nueva-etapa-del-snte-seccion-36-respalda-agenda-nacional\\\/\"},\"author\":{\"name\":\"Continuamos MX\",\"@id\":\"https:\\\/\\\/continuamosmx.com\\\/#\\\/schema\\\/person\\\/5eb5356acb1fad784da407d14f0e8d89\"},\"headline\":\"FORTALECIMIENTO INSTITUCIONAL Y AUTONOM\u00cdA SINDICAL MARCAN NUEVA ETAPA DEL SNTE: SECCI\u00d3N 36 RESPALDA AGENDA NACIONAL\",\"datePublished\":\"2026-03-09T05:35:37+00:00\",\"mainEntityOfPage\":{\"@id\":\"https:\\\/\\\/continuamosmx.com\\\/index.php\\\/2026\\\/03\\\/08\\\/fortalecimiento-institucional-y-autonomia-sindical-marcan-nueva-etapa-del-snte-seccion-36-respalda-agenda-nacional\\\/\"},\"wordCount\":614,\"publisher\":{\"@id\":\"https:\\\/\\\/continuamosmx.com\\\/#organization\"},\"image\":{\"@id\":\"https:\\\/\\\/continuamosmx.com\\\/index.php\\\/2026\\\/03\\\/08\\\/fortalecimiento-institucional-y-autonomia-sindical-marcan-nueva-etapa-del-snte-seccion-36-respalda-agenda-nacional\\\/#primaryimage\"},\"thumbnailUrl\":\"https:\\\/\\\/continuamosmx.com\\\/wp-content\\\/uploads\\\/2026\\\/03\\\/WhatsApp-Image-2026-03-08-at-7.45.56-PM.jpeg\",\"articleSection\":[\"EDOMEX\",\"SNTE\"],\"inLanguage\":\"es\"},{\"@type\":\"WebPage\",\"@id\":\"https:\\\/\\\/continuamosmx.com\\\/index.php\\\/2026\\\/03\\\/08\\\/fortalecimiento-institucional-y-autonomia-sindical-marcan-nueva-etapa-del-snte-seccion-36-respalda-agenda-nacional\\\/\",\"url\":\"https:\\\/\\\/continuamosmx.com\\\/index.php\\\/2026\\\/03\\\/08\\\/fortalecimiento-institucional-y-autonomia-sindical-marcan-nueva-etapa-del-snte-seccion-36-respalda-agenda-nacional\\\/\",\"name\":\"FORTALECIMIENTO INSTITUCIONAL Y AUTONOM\u00cdA SINDICAL MARCAN NUEVA ETAPA DEL SNTE: SECCI\u00d3N 36 RESPALDA AGENDA NACIONAL -\",\"isPartOf\":{\"@id\":\"https:\\\/\\\/continuamosmx.com\\\/#website\"},\"primaryImageOfPage\":{\"@id\":\"https:\\\/\\\/continuamosmx.com\\\/index.php\\\/2026\\\/03\\\/08\\\/fortalecimiento-institucional-y-autonomia-sindical-marcan-nueva-etapa-del-snte-seccion-36-respalda-agenda-nacional\\\/#primaryimage\"},\"image\":{\"@id\":\"https:\\\/\\\/continuamosmx.com\\\/index.php\\\/2026\\\/03\\\/08\\\/fortalecimiento-institucional-y-autonomia-sindical-marcan-nueva-etapa-del-snte-seccion-36-respalda-agenda-nacional\\\/#primaryimage\"},\"thumbnailUrl\":\"https:\\\/\\\/continuamosmx.com\\\/wp-content\\\/uploads\\\/2026\\\/03\\\/WhatsApp-Image-2026-03-08-at-7.45.56-PM.jpeg\",\"datePublished\":\"2026-03-09T05:35:37+00:00\",\"breadcrumb\":{\"@id\":\"https:\\\/\\\/continuamosmx.com\\\/index.php\\\/2026\\\/03\\\/08\\\/fortalecimiento-institucional-y-autonomia-sindical-marcan-nueva-etapa-del-snte-seccion-36-respalda-agenda-nacional\\\/#breadcrumb\"},\"inLanguage\":\"es\",\"potentialAction\":[{\"@type\":\"ReadAction\",\"target\":[\"https:\\\/\\\/continuamosmx.com\\\/index.php\\\/2026\\\/03\\\/08\\\/fortalecimiento-institucional-y-autonomia-sindical-marcan-nueva-etapa-del-snte-seccion-36-respalda-agenda-nacional\\\/\"]}]},{\"@type\":\"ImageObject\",\"inLanguage\":\"es\",\"@id\":\"https:\\\/\\\/continuamosmx.com\\\/index.php\\\/2026\\\/03\\\/08\\\/fortalecimiento-institucional-y-autonomia-sindical-marcan-nueva-etapa-del-snte-seccion-36-respalda-agenda-nacional\\\/#primaryimage\",\"url\":\"https:\\\/\\\/continuamosmx.com\\\/wp-content\\\/uploads\\\/2026\\\/03\\\/WhatsApp-Image-2026-03-08-at-7.45.56-PM.jpeg\",\"contentUrl\":\"https:\\\/\\\/continuamosmx.com\\\/wp-content\\\/uploads\\\/2026\\\/03\\\/WhatsApp-Image-2026-03-08-at-7.45.56-PM.jpeg\",\"width\":1600,\"height\":616},{\"@type\":\"BreadcrumbList\",\"@id\":\"https:\\\/\\\/continuamosmx.com\\\/index.php\\\/2026\\\/03\\\/08\\\/fortalecimiento-institucional-y-autonomia-sindical-marcan-nueva-etapa-del-snte-seccion-36-respalda-agenda-nacional\\\/#breadcrumb\",\"itemListElement\":[{\"@type\":\"ListItem\",\"position\":1,\"name\":\"Inicio\",\"item\":\"https:\\\/\\\/continuamosmx.com\\\/\"},{\"@type\":\"ListItem\",\"position\":2,\"name\":\"FORTALECIMIENTO INSTITUCIONAL Y AUTONOM\u00cdA SINDICAL MARCAN NUEVA ETAPA DEL SNTE: SECCI\u00d3N 36 RESPALDA AGENDA NACIONAL\"}]},{\"@type\":\"WebSite\",\"@id\":\"https:\\\/\\\/continuamosmx.com\\\/#website\",\"url\":\"https:\\\/\\\/continuamosmx.com\\\/\",\"name\":\"www.continuamosmx.com\",\"description\":\"\",\"publisher\":{\"@id\":\"https:\\\/\\\/continuamosmx.com\\\/#organization\"},\"potentialAction\":[{\"@type\":\"SearchAction\",\"target\":{\"@type\":\"EntryPoint\",\"urlTemplate\":\"https:\\\/\\\/continuamosmx.com\\\/?s={search_term_string}\"},\"query-input\":{\"@type\":\"PropertyValueSpecification\",\"valueRequired\":true,\"valueName\":\"search_term_string\"}}],\"inLanguage\":\"es\"},{\"@type\":\"Organization\",\"@id\":\"https:\\\/\\\/continuamosmx.com\\\/#organization\",\"name\":\"ContinuamosMX\",\"url\":\"https:\\\/\\\/continuamosmx.com\\\/\",\"logo\":{\"@type\":\"ImageObject\",\"inLanguage\":\"es\",\"@id\":\"https:\\\/\\\/continuamosmx.com\\\/#\\\/schema\\\/logo\\\/image\\\/\",\"url\":\"https:\\\/\\\/continuamosmx.com\\\/wp-content\\\/uploads\\\/2023\\\/04\\\/cropped-LOGO-CONTI-NUEVO.png\",\"contentUrl\":\"https:\\\/\\\/continuamosmx.com\\\/wp-content\\\/uploads\\\/2023\\\/04\\\/cropped-LOGO-CONTI-NUEVO.png\",\"width\":1257,\"height\":430,\"caption\":\"ContinuamosMX\"},\"image\":{\"@id\":\"https:\\\/\\\/continuamosmx.com\\\/#\\\/schema\\\/logo\\\/image\\\/\"}},{\"@type\":\"Person\",\"@id\":\"https:\\\/\\\/continuamosmx.com\\\/#\\\/schema\\\/person\\\/5eb5356acb1fad784da407d14f0e8d89\",\"name\":\"Continuamos MX\",\"image\":{\"@type\":\"ImageObject\",\"inLanguage\":\"es\",\"@id\":\"https:\\\/\\\/secure.gravatar.com\\\/avatar\\\/30d4f9723476a15f4da34d35fb3501f08d2357016c76051c6a85c354c7489589?s=96&d=mm&r=g\",\"url\":\"https:\\\/\\\/secure.gravatar.com\\\/avatar\\\/30d4f9723476a15f4da34d35fb3501f08d2357016c76051c6a85c354c7489589?s=96&d=mm&r=g\",\"contentUrl\":\"https:\\\/\\\/secure.gravatar.com\\\/avatar\\\/30d4f9723476a15f4da34d35fb3501f08d2357016c76051c6a85c354c7489589?s=96&d=mm&r=g\",\"caption\":\"Continuamos MX\"},\"sameAs\":[\"http:\\\/\\\/www.continuamos.mx\"],\"url\":\"https:\\\/\\\/continuamosmx.com\\\/index.php\\\/author\\\/continuamos\\\/\"}]}<\/script>\n<!-- \/ Yoast SEO plugin. -->","yoast_head_json":{"title":"FORTALECIMIENTO INSTITUCIONAL Y AUTONOM\u00cdA SINDICAL MARCAN NUEVA ETAPA DEL SNTE: SECCI\u00d3N 36 RESPALDA AGENDA NACIONAL -","robots":{"index":"index","follow":"follow","max-snippet":"max-snippet:-1","max-image-preview":"max-image-preview:large","max-video-preview":"max-video-preview:-1"},"canonical":"https:\/\/continuamosmx.com\/index.php\/2026\/03\/08\/fortalecimiento-institucional-y-autonomia-sindical-marcan-nueva-etapa-del-snte-seccion-36-respalda-agenda-nacional\/","og_locale":"es_ES","og_type":"article","og_title":"FORTALECIMIENTO INSTITUCIONAL Y AUTONOM\u00cdA SINDICAL MARCAN NUEVA ETAPA DEL SNTE: SECCI\u00d3N 36 RESPALDA AGENDA NACIONAL -","og_description":"*Con 2.85 millones de trabajadores afiliados en la FEDESSP y m\u00e1s de 53 mil docentes representados por la Secci\u00f3n 36, el magisterio impulsa un modelo sindical basado en autonom\u00eda, cohesi\u00f3n gremial y presencia institucional. Tlalnepantla, Estado de M\u00e9xico.\u2014 En medio de un escenario de transformaci\u00f3n del sindicalismo mexicano, la dirigencia nacional del Sindicato Nacional de [&hellip;]","og_url":"https:\/\/continuamosmx.com\/index.php\/2026\/03\/08\/fortalecimiento-institucional-y-autonomia-sindical-marcan-nueva-etapa-del-snte-seccion-36-respalda-agenda-nacional\/","article_published_time":"2026-03-09T05:35:37+00:00","og_image":[{"width":1600,"height":616,"url":"https:\/\/continuamosmx.com\/wp-content\/uploads\/2026\/03\/WhatsApp-Image-2026-03-08-at-7.45.56-PM.jpeg","type":"image\/jpeg"}],"author":"Continuamos MX","twitter_card":"summary_large_image","twitter_misc":{"Escrito por":"Continuamos MX","Tiempo de lectura":"3 minutos"},"schema":{"@context":"https:\/\/schema.org","@graph":[{"@type":"Article","@id":"https:\/\/continuamosmx.com\/index.php\/2026\/03\/08\/fortalecimiento-institucional-y-autonomia-sindical-marcan-nueva-etapa-del-snte-seccion-36-respalda-agenda-nacional\/#article","isPartOf":{"@id":"https:\/\/continuamosmx.com\/index.php\/2026\/03\/08\/fortalecimiento-institucional-y-autonomia-sindical-marcan-nueva-etapa-del-snte-seccion-36-respalda-agenda-nacional\/"},"author":{"name":"Continuamos MX","@id":"https:\/\/continuamosmx.com\/#\/schema\/person\/5eb5356acb1fad784da407d14f0e8d89"},"headline":"FORTALECIMIENTO INSTITUCIONAL Y AUTONOM\u00cdA SINDICAL MARCAN NUEVA ETAPA DEL SNTE: SECCI\u00d3N 36 RESPALDA AGENDA NACIONAL","datePublished":"2026-03-09T05:35:37+00:00","mainEntityOfPage":{"@id":"https:\/\/continuamosmx.com\/index.php\/2026\/03\/08\/fortalecimiento-institucional-y-autonomia-sindical-marcan-nueva-etapa-del-snte-seccion-36-respalda-agenda-nacional\/"},"wordCount":614,"publisher":{"@id":"https:\/\/continuamosmx.com\/#organization"},"image":{"@id":"https:\/\/continuamosmx.com\/index.php\/2026\/03\/08\/fortalecimiento-institucional-y-autonomia-sindical-marcan-nueva-etapa-del-snte-seccion-36-respalda-agenda-nacional\/#primaryimage"},"thumbnailUrl":"https:\/\/continuamosmx.com\/wp-content\/uploads\/2026\/03\/WhatsApp-Image-2026-03-08-at-7.45.56-PM.jpeg","articleSection":["EDOMEX","SNTE"],"inLanguage":"es"},{"@type":"WebPage","@id":"https:\/\/continuamosmx.com\/index.php\/2026\/03\/08\/fortalecimiento-institucional-y-autonomia-sindical-marcan-nueva-etapa-del-snte-seccion-36-respalda-agenda-nacional\/","url":"https:\/\/continuamosmx.com\/index.php\/2026\/03\/08\/fortalecimiento-institucional-y-autonomia-sindical-marcan-nueva-etapa-del-snte-seccion-36-respalda-agenda-nacional\/","name":"FORTALECIMIENTO INSTITUCIONAL Y AUTONOM\u00cdA SINDICAL MARCAN NUEVA ETAPA DEL SNTE: SECCI\u00d3N 36 RESPALDA AGENDA NACIONAL -","isPartOf":{"@id":"https:\/\/continuamosmx.com\/#website"},"primaryImageOfPage":{"@id":"https:\/\/continuamosmx.com\/index.php\/2026\/03\/08\/fortalecimiento-institucional-y-autonomia-sindical-marcan-nueva-etapa-del-snte-seccion-36-respalda-agenda-nacional\/#primaryimage"},"image":{"@id":"https:\/\/continuamosmx.com\/index.php\/2026\/03\/08\/fortalecimiento-institucional-y-autonomia-sindical-marcan-nueva-etapa-del-snte-seccion-36-respalda-agenda-nacional\/#primaryimage"},"thumbnailUrl":"https:\/\/continuamosmx.com\/wp-content\/uploads\/2026\/03\/WhatsApp-Image-2026-03-08-at-7.45.56-PM.jpeg","datePublished":"2026-03-09T05:35:37+00:00","breadcrumb":{"@id":"https:\/\/continuamosmx.com\/index.php\/2026\/03\/08\/fortalecimiento-institucional-y-autonomia-sindical-marcan-nueva-etapa-del-snte-seccion-36-respalda-agenda-nacional\/#breadcrumb"},"inLanguage":"es","potentialAction":[{"@type":"ReadAction","target":["https:\/\/continuamosmx.com\/index.php\/2026\/03\/08\/fortalecimiento-institucional-y-autonomia-sindical-marcan-nueva-etapa-del-snte-seccion-36-respalda-agenda-nacional\/"]}]},{"@type":"ImageObject","inLanguage":"es","@id":"https:\/\/continuamosmx.com\/index.php\/2026\/03\/08\/fortalecimiento-institucional-y-autonomia-sindical-marcan-nueva-etapa-del-snte-seccion-36-respalda-agenda-nacional\/#primaryimage","url":"https:\/\/continuamosmx.com\/wp-content\/uploads\/2026\/03\/WhatsApp-Image-2026-03-08-at-7.45.56-PM.jpeg","contentUrl":"https:\/\/continuamosmx.com\/wp-content\/uploads\/2026\/03\/WhatsApp-Image-2026-03-08-at-7.45.56-PM.jpeg","width":1600,"height":616},{"@type":"BreadcrumbList","@id":"https:\/\/continuamosmx.com\/index.php\/2026\/03\/08\/fortalecimiento-institucional-y-autonomia-sindical-marcan-nueva-etapa-del-snte-seccion-36-respalda-agenda-nacional\/#breadcrumb","itemListElement":[{"@type":"ListItem","position":1,"name":"Inicio","item":"https:\/\/continuamosmx.com\/"},{"@type":"ListItem","position":2,"name":"FORTALECIMIENTO INSTITUCIONAL Y AUTONOM\u00cdA SINDICAL MARCAN NUEVA ETAPA DEL SNTE: SECCI\u00d3N 36 RESPALDA AGENDA NACIONAL"}]},{"@type":"WebSite","@id":"https:\/\/continuamosmx.com\/#website","url":"https:\/\/continuamosmx.com\/","name":"www.continuamosmx.com","description":"","publisher":{"@id":"https:\/\/continuamosmx.com\/#organization"},"potentialAction":[{"@type":"SearchAction","target":{"@type":"EntryPoint","urlTemplate":"https:\/\/continuamosmx.com\/?s={search_term_string}"},"query-input":{"@type":"PropertyValueSpecification","valueRequired":true,"valueName":"search_term_string"}}],"inLanguage":"es"},{"@type":"Organization","@id":"https:\/\/continuamosmx.com\/#organization","name":"ContinuamosMX","url":"https:\/\/continuamosmx.com\/","logo":{"@type":"ImageObject","inLanguage":"es","@id":"https:\/\/continuamosmx.com\/#\/schema\/logo\/image\/","url":"https:\/\/continuamosmx.com\/wp-content\/uploads\/2023\/04\/cropped-LOGO-CONTI-NUEVO.png","contentUrl":"https:\/\/continuamosmx.com\/wp-content\/uploads\/2023\/04\/cropped-LOGO-CONTI-NUEVO.png","width":1257,"height":430,"caption":"ContinuamosMX"},"image":{"@id":"https:\/\/continuamosmx.com\/#\/schema\/logo\/image\/"}},{"@type":"Person","@id":"https:\/\/continuamosmx.com\/#\/schema\/person\/5eb5356acb1fad784da407d14f0e8d89","name":"Continuamos MX","image":{"@type":"ImageObject","inLanguage":"es","@id":"https:\/\/secure.gravatar.com\/avatar\/30d4f9723476a15f4da34d35fb3501f08d2357016c76051c6a85c354c7489589?s=96&d=mm&r=g","url":"https:\/\/secure.gravatar.com\/avatar\/30d4f9723476a15f4da34d35fb3501f08d2357016c76051c6a85c354c7489589?s=96&d=mm&r=g","contentUrl":"https:\/\/secure.gravatar.com\/avatar\/30d4f9723476a15f4da34d35fb3501f08d2357016c76051c6a85c354c7489589?s=96&d=mm&r=g","caption":"Continuamos MX"},"sameAs":["http:\/\/www.continuamos.mx"],"url":"https:\/\/continuamosmx.com\/index.php\/author\/continuamos\/"}]}},"_links":{"self":[{"href":"https:\/\/continuamosmx.com\/index.php\/wp-json\/wp\/v2\/posts\/53446","targetHints":{"allow":["GET"]}}],"collection":[{"href":"https:\/\/continuamosmx.com\/index.php\/wp-json\/wp\/v2\/posts"}],"about":[{"href":"https:\/\/continuamosmx.com\/index.php\/wp-json\/wp\/v2\/types\/post"}],"author":[{"embeddable":true,"href":"https:\/\/continuamosmx.com\/index.php\/wp-json\/wp\/v2\/users\/6"}],"replies":[{"embeddable":true,"href":"https:\/\/continuamosmx.com\/index.php\/wp-json\/wp\/v2\/comments?post=53446"}],"version-history":[{"count":1,"href":"https:\/\/continuamosmx.com\/index.php\/wp-json\/wp\/v2\/posts\/53446\/revisions"}],"predecessor-version":[{"id":53448,"href":"https:\/\/continuamosmx.com\/index.php\/wp-json\/wp\/v2\/posts\/53446\/revisions\/53448"}],"wp:featuredmedia":[{"embeddable":true,"href":"https:\/\/continuamosmx.com\/index.php\/wp-json\/wp\/v2\/media\/53447"}],"wp:attachment":[{"href":"https:\/\/continuamosmx.com\/index.php\/wp-json\/wp\/v2\/media?parent=53446"}],"wp:term":[{"taxonomy":"category","embeddable":true,"href":"https:\/\/continuamosmx.com\/index.php\/wp-json\/wp\/v2\/categories?post=53446"},{"taxonomy":"post_tag","embeddable":true,"href":"https:\/\/continuamosmx.com\/index.php\/wp-json\/wp\/v2\/tags?post=53446"}],"curies":[{"name":"wp","href":"https:\/\/api.w.org\/{rel}","templated":true}]}}