{"id":53399,"date":"2026-03-07T01:27:37","date_gmt":"2026-03-07T07:27:37","guid":{"rendered":"https:\/\/continuamosmx.com\/?p=53399"},"modified":"2026-03-07T01:27:38","modified_gmt":"2026-03-07T07:27:38","slug":"impulsa-edomex-inclusion-juvenil-con-macro-clases-de-deporte-adaptado","status":"publish","type":"post","link":"https:\/\/continuamosmx.com\/index.php\/2026\/03\/07\/impulsa-edomex-inclusion-juvenil-con-macro-clases-de-deporte-adaptado\/","title":{"rendered":"IMPULSA EDOM\u00c9X INCLUSI\u00d3N JUVENIL CON MACRO CLASES DE DEPORTE ADAPTADO"},"content":{"rendered":"\n<hr class=\"wp-block-separator has-alpha-channel-opacity\"\/>\n\n\n\n<h3 class=\"wp-block-heading\">&#8211;<strong>El IDEM\u00c9X coordina actividades en 15 disciplinas dise\u00f1adas para el desarrollo integral de ni\u00f1as, ni\u00f1os y j\u00f3venes con discapacidad f\u00edsica, sensorial e intelectual.<\/strong><\/h3>\n\n\n\n<p><strong>ZINACANTEPEC, Estado de M\u00e9xico.<\/strong> Con el objetivo de consolidar una pol\u00edtica de inclusi\u00f3n y bienestar, el Gobierno de la Maestra Delfina G\u00f3mez \u00c1lvarez, a trav\u00e9s del Instituto del Deporte del Estado de M\u00e9xico (IDEM\u00c9X), puso en marcha una serie de macro clases de deporte adaptado. Estas jornadas est\u00e1n dise\u00f1adas espec\u00edficamente para atender a la poblaci\u00f3n infantil y juvenil que vive con alguna discapacidad en la entidad.<\/p>\n\n\n\n<p>Miguel \u00c1ngel S\u00e1nchez Gonz\u00e1lez, Director General del IDEM\u00c9X, se\u00f1al\u00f3 que estas actividades buscan adaptar disciplinas convencionales para que las y los mexiquenses puedan desarrollarse plenamente en el \u00e1mbito deportivo. Durante la sesi\u00f3n inaugural, 25 participantes de entre 3 y 24 a\u00f1os exploraron diversas modalidades que fomentan la autonom\u00eda y la salud f\u00edsica.<\/p>\n\n\n\n<h3 class=\"wp-block-heading\">Un abanico de 15 disciplinas para el desarrollo integral<\/h3>\n\n\n\n<p>El programa, coordinado con la Secretar\u00eda de Educaci\u00f3n, Ciencia, Tecnolog\u00eda e Innovaci\u00f3n (SECTI), ofrece formaci\u00f3n en 15 especialidades distintas. Entre las disciplinas m\u00e1s destacadas que se imparten en los Centros de Formaci\u00f3n del Deporte Adaptado se encuentran:<\/p>\n\n\n\n<ul class=\"wp-block-list\">\n<li><strong>Deportes de Conjunto y Combate:<\/strong> Golbol y f\u00fatbol adaptado.<\/li>\n\n\n\n<li><strong>Disciplinas Acu\u00e1ticas y de Pista:<\/strong> Paranataci\u00f3n, paratletismo y paraciclismo.<\/li>\n\n\n\n<li><strong>Arte y Estrategia:<\/strong> Paradanza deportiva y boccia.<\/li>\n<\/ul>\n\n\n\n<p>Estas acciones forman parte de la estrategia estatal para fortalecer la educaci\u00f3n y el deporte como pilares del desarrollo social. El IDEM\u00c9X ha puesto a disposici\u00f3n de la ciudadan\u00eda las instalaciones de la Ciudad Deportiva \u201cJuan Fern\u00e1ndez Albarr\u00e1n\u201d en Zinacantepec para brindar mayores informes y registro.<\/p>\n\n\n\n<p>Con este proyecto, el Estado de M\u00e9xico reafirma su compromiso de eliminar barreras, asegurando que el deporte sea un derecho accesible para todos los sectores de la poblaci\u00f3n.<\/p>\n","protected":false},"excerpt":{"rendered":"<p>&#8211;El IDEM\u00c9X coordina actividades en 15 disciplinas dise\u00f1adas para el desarrollo integral de ni\u00f1as, ni\u00f1os y j\u00f3venes con discapacidad f\u00edsica, sensorial e intelectual. ZINACANTEPEC, Estado de M\u00e9xico. Con el objetivo de consolidar una pol\u00edtica de inclusi\u00f3n y bienestar, el Gobierno de la Maestra Delfina G\u00f3mez \u00c1lvarez, a trav\u00e9s del Instituto del Deporte del Estado de [&hellip;]<\/p>\n","protected":false},"author":6,"featured_media":53400,"comment_status":"closed","ping_status":"closed","sticky":false,"template":"","format":"standard","meta":{"footnotes":""},"categories":[2],"tags":[],"class_list":["post-53399","post","type-post","status-publish","format-standard","has-post-thumbnail","hentry","category-edomex"],"yoast_head":"<!-- This site is optimized with the Yoast SEO plugin v27.4 - https:\/\/yoast.com\/product\/yoast-seo-wordpress\/ -->\n<title>IMPULSA EDOM\u00c9X INCLUSI\u00d3N JUVENIL CON MACRO CLASES DE DEPORTE ADAPTADO -<\/title>\n<meta name=\"robots\" content=\"index, follow, max-snippet:-1, max-image-preview:large, max-video-preview:-1\" \/>\n<link rel=\"canonical\" href=\"https:\/\/continuamosmx.com\/index.php\/2026\/03\/07\/impulsa-edomex-inclusion-juvenil-con-macro-clases-de-deporte-adaptado\/\" \/>\n<meta property=\"og:locale\" content=\"es_ES\" \/>\n<meta property=\"og:type\" content=\"article\" \/>\n<meta property=\"og:title\" content=\"IMPULSA EDOM\u00c9X INCLUSI\u00d3N JUVENIL CON MACRO CLASES DE DEPORTE ADAPTADO -\" \/>\n<meta property=\"og:description\" content=\"&#8211;El IDEM\u00c9X coordina actividades en 15 disciplinas dise\u00f1adas para el desarrollo integral de ni\u00f1as, ni\u00f1os y j\u00f3venes con discapacidad f\u00edsica, sensorial e intelectual. ZINACANTEPEC, Estado de M\u00e9xico. Con el objetivo de consolidar una pol\u00edtica de inclusi\u00f3n y bienestar, el Gobierno de la Maestra Delfina G\u00f3mez \u00c1lvarez, a trav\u00e9s del Instituto del Deporte del Estado de [&hellip;]\" \/>\n<meta property=\"og:url\" content=\"https:\/\/continuamosmx.com\/index.php\/2026\/03\/07\/impulsa-edomex-inclusion-juvenil-con-macro-clases-de-deporte-adaptado\/\" \/>\n<meta property=\"article:published_time\" content=\"2026-03-07T07:27:37+00:00\" \/>\n<meta property=\"article:modified_time\" content=\"2026-03-07T07:27:38+00:00\" \/>\n<meta property=\"og:image\" content=\"https:\/\/continuamosmx.com\/wp-content\/uploads\/2026\/03\/WhatsApp-Image-2026-03-06-at-6.51.34-PM-6.jpeg\" \/>\n\t<meta property=\"og:image:width\" content=\"1280\" \/>\n\t<meta property=\"og:image:height\" content=\"852\" \/>\n\t<meta property=\"og:image:type\" content=\"image\/jpeg\" \/>\n<meta name=\"author\" content=\"Continuamos MX\" \/>\n<meta name=\"twitter:card\" content=\"summary_large_image\" \/>\n<meta name=\"twitter:label1\" content=\"Escrito por\" \/>\n\t<meta name=\"twitter:data1\" content=\"Continuamos MX\" \/>\n\t<meta name=\"twitter:label2\" content=\"Tiempo de lectura\" \/>\n\t<meta name=\"twitter:data2\" content=\"2 minutos\" \/>\n<script type=\"application\/ld+json\" class=\"yoast-schema-graph\">{\"@context\":\"https:\\\/\\\/schema.org\",\"@graph\":[{\"@type\":\"Article\",\"@id\":\"https:\\\/\\\/continuamosmx.com\\\/index.php\\\/2026\\\/03\\\/07\\\/impulsa-edomex-inclusion-juvenil-con-macro-clases-de-deporte-adaptado\\\/#article\",\"isPartOf\":{\"@id\":\"https:\\\/\\\/continuamosmx.com\\\/index.php\\\/2026\\\/03\\\/07\\\/impulsa-edomex-inclusion-juvenil-con-macro-clases-de-deporte-adaptado\\\/\"},\"author\":{\"name\":\"Continuamos MX\",\"@id\":\"https:\\\/\\\/continuamosmx.com\\\/#\\\/schema\\\/person\\\/5eb5356acb1fad784da407d14f0e8d89\"},\"headline\":\"IMPULSA EDOM\u00c9X INCLUSI\u00d3N JUVENIL CON MACRO CLASES DE DEPORTE ADAPTADO\",\"datePublished\":\"2026-03-07T07:27:37+00:00\",\"dateModified\":\"2026-03-07T07:27:38+00:00\",\"mainEntityOfPage\":{\"@id\":\"https:\\\/\\\/continuamosmx.com\\\/index.php\\\/2026\\\/03\\\/07\\\/impulsa-edomex-inclusion-juvenil-con-macro-clases-de-deporte-adaptado\\\/\"},\"wordCount\":335,\"publisher\":{\"@id\":\"https:\\\/\\\/continuamosmx.com\\\/#organization\"},\"image\":{\"@id\":\"https:\\\/\\\/continuamosmx.com\\\/index.php\\\/2026\\\/03\\\/07\\\/impulsa-edomex-inclusion-juvenil-con-macro-clases-de-deporte-adaptado\\\/#primaryimage\"},\"thumbnailUrl\":\"https:\\\/\\\/continuamosmx.com\\\/wp-content\\\/uploads\\\/2026\\\/03\\\/WhatsApp-Image-2026-03-06-at-6.51.34-PM-6.jpeg\",\"articleSection\":[\"EDOMEX\"],\"inLanguage\":\"es\"},{\"@type\":\"WebPage\",\"@id\":\"https:\\\/\\\/continuamosmx.com\\\/index.php\\\/2026\\\/03\\\/07\\\/impulsa-edomex-inclusion-juvenil-con-macro-clases-de-deporte-adaptado\\\/\",\"url\":\"https:\\\/\\\/continuamosmx.com\\\/index.php\\\/2026\\\/03\\\/07\\\/impulsa-edomex-inclusion-juvenil-con-macro-clases-de-deporte-adaptado\\\/\",\"name\":\"IMPULSA EDOM\u00c9X INCLUSI\u00d3N JUVENIL CON MACRO CLASES DE DEPORTE ADAPTADO -\",\"isPartOf\":{\"@id\":\"https:\\\/\\\/continuamosmx.com\\\/#website\"},\"primaryImageOfPage\":{\"@id\":\"https:\\\/\\\/continuamosmx.com\\\/index.php\\\/2026\\\/03\\\/07\\\/impulsa-edomex-inclusion-juvenil-con-macro-clases-de-deporte-adaptado\\\/#primaryimage\"},\"image\":{\"@id\":\"https:\\\/\\\/continuamosmx.com\\\/index.php\\\/2026\\\/03\\\/07\\\/impulsa-edomex-inclusion-juvenil-con-macro-clases-de-deporte-adaptado\\\/#primaryimage\"},\"thumbnailUrl\":\"https:\\\/\\\/continuamosmx.com\\\/wp-content\\\/uploads\\\/2026\\\/03\\\/WhatsApp-Image-2026-03-06-at-6.51.34-PM-6.jpeg\",\"datePublished\":\"2026-03-07T07:27:37+00:00\",\"dateModified\":\"2026-03-07T07:27:38+00:00\",\"breadcrumb\":{\"@id\":\"https:\\\/\\\/continuamosmx.com\\\/index.php\\\/2026\\\/03\\\/07\\\/impulsa-edomex-inclusion-juvenil-con-macro-clases-de-deporte-adaptado\\\/#breadcrumb\"},\"inLanguage\":\"es\",\"potentialAction\":[{\"@type\":\"ReadAction\",\"target\":[\"https:\\\/\\\/continuamosmx.com\\\/index.php\\\/2026\\\/03\\\/07\\\/impulsa-edomex-inclusion-juvenil-con-macro-clases-de-deporte-adaptado\\\/\"]}]},{\"@type\":\"ImageObject\",\"inLanguage\":\"es\",\"@id\":\"https:\\\/\\\/continuamosmx.com\\\/index.php\\\/2026\\\/03\\\/07\\\/impulsa-edomex-inclusion-juvenil-con-macro-clases-de-deporte-adaptado\\\/#primaryimage\",\"url\":\"https:\\\/\\\/continuamosmx.com\\\/wp-content\\\/uploads\\\/2026\\\/03\\\/WhatsApp-Image-2026-03-06-at-6.51.34-PM-6.jpeg\",\"contentUrl\":\"https:\\\/\\\/continuamosmx.com\\\/wp-content\\\/uploads\\\/2026\\\/03\\\/WhatsApp-Image-2026-03-06-at-6.51.34-PM-6.jpeg\",\"width\":1280,\"height\":852},{\"@type\":\"BreadcrumbList\",\"@id\":\"https:\\\/\\\/continuamosmx.com\\\/index.php\\\/2026\\\/03\\\/07\\\/impulsa-edomex-inclusion-juvenil-con-macro-clases-de-deporte-adaptado\\\/#breadcrumb\",\"itemListElement\":[{\"@type\":\"ListItem\",\"position\":1,\"name\":\"Inicio\",\"item\":\"https:\\\/\\\/continuamosmx.com\\\/\"},{\"@type\":\"ListItem\",\"position\":2,\"name\":\"IMPULSA EDOM\u00c9X INCLUSI\u00d3N JUVENIL CON MACRO CLASES DE DEPORTE ADAPTADO\"}]},{\"@type\":\"WebSite\",\"@id\":\"https:\\\/\\\/continuamosmx.com\\\/#website\",\"url\":\"https:\\\/\\\/continuamosmx.com\\\/\",\"name\":\"www.continuamosmx.com\",\"description\":\"\",\"publisher\":{\"@id\":\"https:\\\/\\\/continuamosmx.com\\\/#organization\"},\"potentialAction\":[{\"@type\":\"SearchAction\",\"target\":{\"@type\":\"EntryPoint\",\"urlTemplate\":\"https:\\\/\\\/continuamosmx.com\\\/?s={search_term_string}\"},\"query-input\":{\"@type\":\"PropertyValueSpecification\",\"valueRequired\":true,\"valueName\":\"search_term_string\"}}],\"inLanguage\":\"es\"},{\"@type\":\"Organization\",\"@id\":\"https:\\\/\\\/continuamosmx.com\\\/#organization\",\"name\":\"ContinuamosMX\",\"url\":\"https:\\\/\\\/continuamosmx.com\\\/\",\"logo\":{\"@type\":\"ImageObject\",\"inLanguage\":\"es\",\"@id\":\"https:\\\/\\\/continuamosmx.com\\\/#\\\/schema\\\/logo\\\/image\\\/\",\"url\":\"https:\\\/\\\/continuamosmx.com\\\/wp-content\\\/uploads\\\/2023\\\/04\\\/cropped-LOGO-CONTI-NUEVO.png\",\"contentUrl\":\"https:\\\/\\\/continuamosmx.com\\\/wp-content\\\/uploads\\\/2023\\\/04\\\/cropped-LOGO-CONTI-NUEVO.png\",\"width\":1257,\"height\":430,\"caption\":\"ContinuamosMX\"},\"image\":{\"@id\":\"https:\\\/\\\/continuamosmx.com\\\/#\\\/schema\\\/logo\\\/image\\\/\"}},{\"@type\":\"Person\",\"@id\":\"https:\\\/\\\/continuamosmx.com\\\/#\\\/schema\\\/person\\\/5eb5356acb1fad784da407d14f0e8d89\",\"name\":\"Continuamos MX\",\"image\":{\"@type\":\"ImageObject\",\"inLanguage\":\"es\",\"@id\":\"https:\\\/\\\/secure.gravatar.com\\\/avatar\\\/30d4f9723476a15f4da34d35fb3501f08d2357016c76051c6a85c354c7489589?s=96&d=mm&r=g\",\"url\":\"https:\\\/\\\/secure.gravatar.com\\\/avatar\\\/30d4f9723476a15f4da34d35fb3501f08d2357016c76051c6a85c354c7489589?s=96&d=mm&r=g\",\"contentUrl\":\"https:\\\/\\\/secure.gravatar.com\\\/avatar\\\/30d4f9723476a15f4da34d35fb3501f08d2357016c76051c6a85c354c7489589?s=96&d=mm&r=g\",\"caption\":\"Continuamos MX\"},\"sameAs\":[\"http:\\\/\\\/www.continuamos.mx\"],\"url\":\"https:\\\/\\\/continuamosmx.com\\\/index.php\\\/author\\\/continuamos\\\/\"}]}<\/script>\n<!-- \/ Yoast SEO plugin. -->","yoast_head_json":{"title":"IMPULSA EDOM\u00c9X INCLUSI\u00d3N JUVENIL CON MACRO CLASES DE DEPORTE ADAPTADO -","robots":{"index":"index","follow":"follow","max-snippet":"max-snippet:-1","max-image-preview":"max-image-preview:large","max-video-preview":"max-video-preview:-1"},"canonical":"https:\/\/continuamosmx.com\/index.php\/2026\/03\/07\/impulsa-edomex-inclusion-juvenil-con-macro-clases-de-deporte-adaptado\/","og_locale":"es_ES","og_type":"article","og_title":"IMPULSA EDOM\u00c9X INCLUSI\u00d3N JUVENIL CON MACRO CLASES DE DEPORTE ADAPTADO -","og_description":"&#8211;El IDEM\u00c9X coordina actividades en 15 disciplinas dise\u00f1adas para el desarrollo integral de ni\u00f1as, ni\u00f1os y j\u00f3venes con discapacidad f\u00edsica, sensorial e intelectual. ZINACANTEPEC, Estado de M\u00e9xico. Con el objetivo de consolidar una pol\u00edtica de inclusi\u00f3n y bienestar, el Gobierno de la Maestra Delfina G\u00f3mez \u00c1lvarez, a trav\u00e9s del Instituto del Deporte del Estado de [&hellip;]","og_url":"https:\/\/continuamosmx.com\/index.php\/2026\/03\/07\/impulsa-edomex-inclusion-juvenil-con-macro-clases-de-deporte-adaptado\/","article_published_time":"2026-03-07T07:27:37+00:00","article_modified_time":"2026-03-07T07:27:38+00:00","og_image":[{"width":1280,"height":852,"url":"https:\/\/continuamosmx.com\/wp-content\/uploads\/2026\/03\/WhatsApp-Image-2026-03-06-at-6.51.34-PM-6.jpeg","type":"image\/jpeg"}],"author":"Continuamos MX","twitter_card":"summary_large_image","twitter_misc":{"Escrito por":"Continuamos MX","Tiempo de lectura":"2 minutos"},"schema":{"@context":"https:\/\/schema.org","@graph":[{"@type":"Article","@id":"https:\/\/continuamosmx.com\/index.php\/2026\/03\/07\/impulsa-edomex-inclusion-juvenil-con-macro-clases-de-deporte-adaptado\/#article","isPartOf":{"@id":"https:\/\/continuamosmx.com\/index.php\/2026\/03\/07\/impulsa-edomex-inclusion-juvenil-con-macro-clases-de-deporte-adaptado\/"},"author":{"name":"Continuamos MX","@id":"https:\/\/continuamosmx.com\/#\/schema\/person\/5eb5356acb1fad784da407d14f0e8d89"},"headline":"IMPULSA EDOM\u00c9X INCLUSI\u00d3N JUVENIL CON MACRO CLASES DE DEPORTE ADAPTADO","datePublished":"2026-03-07T07:27:37+00:00","dateModified":"2026-03-07T07:27:38+00:00","mainEntityOfPage":{"@id":"https:\/\/continuamosmx.com\/index.php\/2026\/03\/07\/impulsa-edomex-inclusion-juvenil-con-macro-clases-de-deporte-adaptado\/"},"wordCount":335,"publisher":{"@id":"https:\/\/continuamosmx.com\/#organization"},"image":{"@id":"https:\/\/continuamosmx.com\/index.php\/2026\/03\/07\/impulsa-edomex-inclusion-juvenil-con-macro-clases-de-deporte-adaptado\/#primaryimage"},"thumbnailUrl":"https:\/\/continuamosmx.com\/wp-content\/uploads\/2026\/03\/WhatsApp-Image-2026-03-06-at-6.51.34-PM-6.jpeg","articleSection":["EDOMEX"],"inLanguage":"es"},{"@type":"WebPage","@id":"https:\/\/continuamosmx.com\/index.php\/2026\/03\/07\/impulsa-edomex-inclusion-juvenil-con-macro-clases-de-deporte-adaptado\/","url":"https:\/\/continuamosmx.com\/index.php\/2026\/03\/07\/impulsa-edomex-inclusion-juvenil-con-macro-clases-de-deporte-adaptado\/","name":"IMPULSA EDOM\u00c9X INCLUSI\u00d3N JUVENIL CON MACRO CLASES DE DEPORTE ADAPTADO -","isPartOf":{"@id":"https:\/\/continuamosmx.com\/#website"},"primaryImageOfPage":{"@id":"https:\/\/continuamosmx.com\/index.php\/2026\/03\/07\/impulsa-edomex-inclusion-juvenil-con-macro-clases-de-deporte-adaptado\/#primaryimage"},"image":{"@id":"https:\/\/continuamosmx.com\/index.php\/2026\/03\/07\/impulsa-edomex-inclusion-juvenil-con-macro-clases-de-deporte-adaptado\/#primaryimage"},"thumbnailUrl":"https:\/\/continuamosmx.com\/wp-content\/uploads\/2026\/03\/WhatsApp-Image-2026-03-06-at-6.51.34-PM-6.jpeg","datePublished":"2026-03-07T07:27:37+00:00","dateModified":"2026-03-07T07:27:38+00:00","breadcrumb":{"@id":"https:\/\/continuamosmx.com\/index.php\/2026\/03\/07\/impulsa-edomex-inclusion-juvenil-con-macro-clases-de-deporte-adaptado\/#breadcrumb"},"inLanguage":"es","potentialAction":[{"@type":"ReadAction","target":["https:\/\/continuamosmx.com\/index.php\/2026\/03\/07\/impulsa-edomex-inclusion-juvenil-con-macro-clases-de-deporte-adaptado\/"]}]},{"@type":"ImageObject","inLanguage":"es","@id":"https:\/\/continuamosmx.com\/index.php\/2026\/03\/07\/impulsa-edomex-inclusion-juvenil-con-macro-clases-de-deporte-adaptado\/#primaryimage","url":"https:\/\/continuamosmx.com\/wp-content\/uploads\/2026\/03\/WhatsApp-Image-2026-03-06-at-6.51.34-PM-6.jpeg","contentUrl":"https:\/\/continuamosmx.com\/wp-content\/uploads\/2026\/03\/WhatsApp-Image-2026-03-06-at-6.51.34-PM-6.jpeg","width":1280,"height":852},{"@type":"BreadcrumbList","@id":"https:\/\/continuamosmx.com\/index.php\/2026\/03\/07\/impulsa-edomex-inclusion-juvenil-con-macro-clases-de-deporte-adaptado\/#breadcrumb","itemListElement":[{"@type":"ListItem","position":1,"name":"Inicio","item":"https:\/\/continuamosmx.com\/"},{"@type":"ListItem","position":2,"name":"IMPULSA EDOM\u00c9X INCLUSI\u00d3N JUVENIL CON MACRO CLASES DE DEPORTE ADAPTADO"}]},{"@type":"WebSite","@id":"https:\/\/continuamosmx.com\/#website","url":"https:\/\/continuamosmx.com\/","name":"www.continuamosmx.com","description":"","publisher":{"@id":"https:\/\/continuamosmx.com\/#organization"},"potentialAction":[{"@type":"SearchAction","target":{"@type":"EntryPoint","urlTemplate":"https:\/\/continuamosmx.com\/?s={search_term_string}"},"query-input":{"@type":"PropertyValueSpecification","valueRequired":true,"valueName":"search_term_string"}}],"inLanguage":"es"},{"@type":"Organization","@id":"https:\/\/continuamosmx.com\/#organization","name":"ContinuamosMX","url":"https:\/\/continuamosmx.com\/","logo":{"@type":"ImageObject","inLanguage":"es","@id":"https:\/\/continuamosmx.com\/#\/schema\/logo\/image\/","url":"https:\/\/continuamosmx.com\/wp-content\/uploads\/2023\/04\/cropped-LOGO-CONTI-NUEVO.png","contentUrl":"https:\/\/continuamosmx.com\/wp-content\/uploads\/2023\/04\/cropped-LOGO-CONTI-NUEVO.png","width":1257,"height":430,"caption":"ContinuamosMX"},"image":{"@id":"https:\/\/continuamosmx.com\/#\/schema\/logo\/image\/"}},{"@type":"Person","@id":"https:\/\/continuamosmx.com\/#\/schema\/person\/5eb5356acb1fad784da407d14f0e8d89","name":"Continuamos MX","image":{"@type":"ImageObject","inLanguage":"es","@id":"https:\/\/secure.gravatar.com\/avatar\/30d4f9723476a15f4da34d35fb3501f08d2357016c76051c6a85c354c7489589?s=96&d=mm&r=g","url":"https:\/\/secure.gravatar.com\/avatar\/30d4f9723476a15f4da34d35fb3501f08d2357016c76051c6a85c354c7489589?s=96&d=mm&r=g","contentUrl":"https:\/\/secure.gravatar.com\/avatar\/30d4f9723476a15f4da34d35fb3501f08d2357016c76051c6a85c354c7489589?s=96&d=mm&r=g","caption":"Continuamos MX"},"sameAs":["http:\/\/www.continuamos.mx"],"url":"https:\/\/continuamosmx.com\/index.php\/author\/continuamos\/"}]}},"_links":{"self":[{"href":"https:\/\/continuamosmx.com\/index.php\/wp-json\/wp\/v2\/posts\/53399","targetHints":{"allow":["GET"]}}],"collection":[{"href":"https:\/\/continuamosmx.com\/index.php\/wp-json\/wp\/v2\/posts"}],"about":[{"href":"https:\/\/continuamosmx.com\/index.php\/wp-json\/wp\/v2\/types\/post"}],"author":[{"embeddable":true,"href":"https:\/\/continuamosmx.com\/index.php\/wp-json\/wp\/v2\/users\/6"}],"replies":[{"embeddable":true,"href":"https:\/\/continuamosmx.com\/index.php\/wp-json\/wp\/v2\/comments?post=53399"}],"version-history":[{"count":1,"href":"https:\/\/continuamosmx.com\/index.php\/wp-json\/wp\/v2\/posts\/53399\/revisions"}],"predecessor-version":[{"id":53401,"href":"https:\/\/continuamosmx.com\/index.php\/wp-json\/wp\/v2\/posts\/53399\/revisions\/53401"}],"wp:featuredmedia":[{"embeddable":true,"href":"https:\/\/continuamosmx.com\/index.php\/wp-json\/wp\/v2\/media\/53400"}],"wp:attachment":[{"href":"https:\/\/continuamosmx.com\/index.php\/wp-json\/wp\/v2\/media?parent=53399"}],"wp:term":[{"taxonomy":"category","embeddable":true,"href":"https:\/\/continuamosmx.com\/index.php\/wp-json\/wp\/v2\/categories?post=53399"},{"taxonomy":"post_tag","embeddable":true,"href":"https:\/\/continuamosmx.com\/index.php\/wp-json\/wp\/v2\/tags?post=53399"}],"curies":[{"name":"wp","href":"https:\/\/api.w.org\/{rel}","templated":true}]}}