{"id":53396,"date":"2026-03-07T01:23:57","date_gmt":"2026-03-07T07:23:57","guid":{"rendered":"https:\/\/continuamosmx.com\/?p=53396"},"modified":"2026-03-07T01:23:58","modified_gmt":"2026-03-07T07:23:58","slug":"gobierno-del-edomex-lanza-convocatoria-para-el-consejo-consultivo-de-proteccion-a-periodistas-y-defensores","status":"publish","type":"post","link":"https:\/\/continuamosmx.com\/index.php\/2026\/03\/07\/gobierno-del-edomex-lanza-convocatoria-para-el-consejo-consultivo-de-proteccion-a-periodistas-y-defensores\/","title":{"rendered":"GOBIERNO DEL EDOM\u00c9X LANZA CONVOCATORIA PARA EL CONSEJO CONSULTIVO DE PROTECCI\u00d3N A PERIODISTAS Y DEFENSORES"},"content":{"rendered":"\n<h3 class=\"wp-block-heading\">*<strong>El organismo para el periodo 2026-2030 ser\u00e1 el pilar del Mecanismo de Protecci\u00f3n estatal; el registro de aspirantes cierra el pr\u00f3ximo 12 de marzo.<\/strong><\/h3>\n\n\n\n<p><strong>TOLUCA, Estado de M\u00e9xico.<\/strong> Como parte del compromiso de la administraci\u00f3n de la Maestra Delfina G\u00f3mez \u00c1lvarez con la libertad de expresi\u00f3n y la seguridad de los activistas, la Junta de Gobierno del Mecanismo para la Protecci\u00f3n Integral de Periodistas y Personas Defensoras de los Derechos Humanos (CEMPIDH) abri\u00f3 el proceso de selecci\u00f3n para integrar su Consejo Consultivo para el periodo 2026-2030.<\/p>\n\n\n\n<p>El Consejero Jur\u00eddico, Jes\u00fas George Zamora, destac\u00f3 que este Consejo es el componente m\u00e1s relevante del Mecanismo, ya que permite la colaboraci\u00f3n directa entre el Gobierno y la sociedad civil para evaluar riesgos y dise\u00f1ar pol\u00edticas p\u00fablicas efectivas en la materia. El \u00f3rgano estar\u00e1 conformado por 26 integrantes (13 propietarios y 13 suplentes), quienes ejercer\u00e1n sus funciones de manera honor\u00edfica.<\/p>\n\n\n\n<h3 class=\"wp-block-heading\">Requisitos y proceso de selecci\u00f3n<\/h3>\n\n\n\n<p>La convocatoria est\u00e1 abierta a periodistas, defensores de derechos humanos y miembros de organizaciones civiles que demuestren al menos tres a\u00f1os de experiencia en sus \u00e1reas. Los aspirantes no deben desempe\u00f1ar cargos p\u00fablicos ni representar a partidos pol\u00edticos en la actualidad.<\/p>\n\n\n\n<p>El proceso se dividir\u00e1 en tres etapas clave:<\/p>\n\n\n\n<ul class=\"wp-block-list\">\n<li><strong>Registro de documentos:<\/strong> Los interesados tienen hasta el 12 de marzo de 2026 para entregar sus expedientes de forma f\u00edsica o v\u00eda correo electr\u00f3nico.<\/li>\n\n\n\n<li><strong>Comparecencias p\u00fablicas:<\/strong> Tras una evaluaci\u00f3n documental, los seleccionados expondr\u00e1n su perfil y propuestas ante la Junta de Gobierno en sesiones abiertas al p\u00fablico.<\/li>\n\n\n\n<li><strong>Toma de protesta:<\/strong> Se prev\u00e9 que los nuevos consejeros asuman formalmente sus funciones durante el mes de abril.<\/li>\n<\/ul>\n\n\n\n<p>Con esta acci\u00f3n, el Gobierno del Estado de M\u00e9xico busca fortalecer un sistema de protecci\u00f3n transparente y ciudadano, asegurando que quienes informan y defienden los derechos humanos cuenten con un respaldo institucional s\u00f3lido y experto.<\/p>\n","protected":false},"excerpt":{"rendered":"<p>*El organismo para el periodo 2026-2030 ser\u00e1 el pilar del Mecanismo de Protecci\u00f3n estatal; el registro de aspirantes cierra el pr\u00f3ximo 12 de marzo. TOLUCA, Estado de M\u00e9xico. Como parte del compromiso de la administraci\u00f3n de la Maestra Delfina G\u00f3mez \u00c1lvarez con la libertad de expresi\u00f3n y la seguridad de los activistas, la Junta de [&hellip;]<\/p>\n","protected":false},"author":6,"featured_media":53397,"comment_status":"closed","ping_status":"closed","sticky":false,"template":"","format":"standard","meta":{"footnotes":""},"categories":[2],"tags":[],"class_list":["post-53396","post","type-post","status-publish","format-standard","has-post-thumbnail","hentry","category-edomex"],"yoast_head":"<!-- This site is optimized with the Yoast SEO plugin v27.4 - https:\/\/yoast.com\/product\/yoast-seo-wordpress\/ -->\n<title>GOBIERNO DEL EDOM\u00c9X LANZA CONVOCATORIA PARA EL CONSEJO CONSULTIVO DE PROTECCI\u00d3N A PERIODISTAS Y DEFENSORES -<\/title>\n<meta name=\"robots\" content=\"index, follow, max-snippet:-1, max-image-preview:large, max-video-preview:-1\" \/>\n<link rel=\"canonical\" href=\"https:\/\/continuamosmx.com\/index.php\/2026\/03\/07\/gobierno-del-edomex-lanza-convocatoria-para-el-consejo-consultivo-de-proteccion-a-periodistas-y-defensores\/\" \/>\n<meta property=\"og:locale\" content=\"es_ES\" \/>\n<meta property=\"og:type\" content=\"article\" \/>\n<meta property=\"og:title\" content=\"GOBIERNO DEL EDOM\u00c9X LANZA CONVOCATORIA PARA EL CONSEJO CONSULTIVO DE PROTECCI\u00d3N A PERIODISTAS Y DEFENSORES -\" \/>\n<meta property=\"og:description\" content=\"*El organismo para el periodo 2026-2030 ser\u00e1 el pilar del Mecanismo de Protecci\u00f3n estatal; el registro de aspirantes cierra el pr\u00f3ximo 12 de marzo. TOLUCA, Estado de M\u00e9xico. Como parte del compromiso de la administraci\u00f3n de la Maestra Delfina G\u00f3mez \u00c1lvarez con la libertad de expresi\u00f3n y la seguridad de los activistas, la Junta de [&hellip;]\" \/>\n<meta property=\"og:url\" content=\"https:\/\/continuamosmx.com\/index.php\/2026\/03\/07\/gobierno-del-edomex-lanza-convocatoria-para-el-consejo-consultivo-de-proteccion-a-periodistas-y-defensores\/\" \/>\n<meta property=\"article:published_time\" content=\"2026-03-07T07:23:57+00:00\" \/>\n<meta property=\"article:modified_time\" content=\"2026-03-07T07:23:58+00:00\" \/>\n<meta property=\"og:image\" content=\"https:\/\/continuamosmx.com\/wp-content\/uploads\/2026\/03\/WhatsApp-Image-2026-03-06-at-6.51.34-PM.jpeg\" \/>\n\t<meta property=\"og:image:width\" content=\"1600\" \/>\n\t<meta property=\"og:image:height\" content=\"1066\" \/>\n\t<meta property=\"og:image:type\" content=\"image\/jpeg\" \/>\n<meta name=\"author\" content=\"Continuamos MX\" \/>\n<meta name=\"twitter:card\" content=\"summary_large_image\" \/>\n<meta name=\"twitter:label1\" content=\"Escrito por\" \/>\n\t<meta name=\"twitter:data1\" content=\"Continuamos MX\" \/>\n\t<meta name=\"twitter:label2\" content=\"Tiempo de lectura\" \/>\n\t<meta name=\"twitter:data2\" content=\"2 minutos\" \/>\n<script type=\"application\/ld+json\" class=\"yoast-schema-graph\">{\"@context\":\"https:\\\/\\\/schema.org\",\"@graph\":[{\"@type\":\"Article\",\"@id\":\"https:\\\/\\\/continuamosmx.com\\\/index.php\\\/2026\\\/03\\\/07\\\/gobierno-del-edomex-lanza-convocatoria-para-el-consejo-consultivo-de-proteccion-a-periodistas-y-defensores\\\/#article\",\"isPartOf\":{\"@id\":\"https:\\\/\\\/continuamosmx.com\\\/index.php\\\/2026\\\/03\\\/07\\\/gobierno-del-edomex-lanza-convocatoria-para-el-consejo-consultivo-de-proteccion-a-periodistas-y-defensores\\\/\"},\"author\":{\"name\":\"Continuamos MX\",\"@id\":\"https:\\\/\\\/continuamosmx.com\\\/#\\\/schema\\\/person\\\/5eb5356acb1fad784da407d14f0e8d89\"},\"headline\":\"GOBIERNO DEL EDOM\u00c9X LANZA CONVOCATORIA PARA EL CONSEJO CONSULTIVO DE PROTECCI\u00d3N A PERIODISTAS Y DEFENSORES\",\"datePublished\":\"2026-03-07T07:23:57+00:00\",\"dateModified\":\"2026-03-07T07:23:58+00:00\",\"mainEntityOfPage\":{\"@id\":\"https:\\\/\\\/continuamosmx.com\\\/index.php\\\/2026\\\/03\\\/07\\\/gobierno-del-edomex-lanza-convocatoria-para-el-consejo-consultivo-de-proteccion-a-periodistas-y-defensores\\\/\"},\"wordCount\":344,\"publisher\":{\"@id\":\"https:\\\/\\\/continuamosmx.com\\\/#organization\"},\"image\":{\"@id\":\"https:\\\/\\\/continuamosmx.com\\\/index.php\\\/2026\\\/03\\\/07\\\/gobierno-del-edomex-lanza-convocatoria-para-el-consejo-consultivo-de-proteccion-a-periodistas-y-defensores\\\/#primaryimage\"},\"thumbnailUrl\":\"https:\\\/\\\/continuamosmx.com\\\/wp-content\\\/uploads\\\/2026\\\/03\\\/WhatsApp-Image-2026-03-06-at-6.51.34-PM.jpeg\",\"articleSection\":[\"EDOMEX\"],\"inLanguage\":\"es\"},{\"@type\":\"WebPage\",\"@id\":\"https:\\\/\\\/continuamosmx.com\\\/index.php\\\/2026\\\/03\\\/07\\\/gobierno-del-edomex-lanza-convocatoria-para-el-consejo-consultivo-de-proteccion-a-periodistas-y-defensores\\\/\",\"url\":\"https:\\\/\\\/continuamosmx.com\\\/index.php\\\/2026\\\/03\\\/07\\\/gobierno-del-edomex-lanza-convocatoria-para-el-consejo-consultivo-de-proteccion-a-periodistas-y-defensores\\\/\",\"name\":\"GOBIERNO DEL EDOM\u00c9X LANZA CONVOCATORIA PARA EL CONSEJO CONSULTIVO DE PROTECCI\u00d3N A PERIODISTAS Y DEFENSORES -\",\"isPartOf\":{\"@id\":\"https:\\\/\\\/continuamosmx.com\\\/#website\"},\"primaryImageOfPage\":{\"@id\":\"https:\\\/\\\/continuamosmx.com\\\/index.php\\\/2026\\\/03\\\/07\\\/gobierno-del-edomex-lanza-convocatoria-para-el-consejo-consultivo-de-proteccion-a-periodistas-y-defensores\\\/#primaryimage\"},\"image\":{\"@id\":\"https:\\\/\\\/continuamosmx.com\\\/index.php\\\/2026\\\/03\\\/07\\\/gobierno-del-edomex-lanza-convocatoria-para-el-consejo-consultivo-de-proteccion-a-periodistas-y-defensores\\\/#primaryimage\"},\"thumbnailUrl\":\"https:\\\/\\\/continuamosmx.com\\\/wp-content\\\/uploads\\\/2026\\\/03\\\/WhatsApp-Image-2026-03-06-at-6.51.34-PM.jpeg\",\"datePublished\":\"2026-03-07T07:23:57+00:00\",\"dateModified\":\"2026-03-07T07:23:58+00:00\",\"breadcrumb\":{\"@id\":\"https:\\\/\\\/continuamosmx.com\\\/index.php\\\/2026\\\/03\\\/07\\\/gobierno-del-edomex-lanza-convocatoria-para-el-consejo-consultivo-de-proteccion-a-periodistas-y-defensores\\\/#breadcrumb\"},\"inLanguage\":\"es\",\"potentialAction\":[{\"@type\":\"ReadAction\",\"target\":[\"https:\\\/\\\/continuamosmx.com\\\/index.php\\\/2026\\\/03\\\/07\\\/gobierno-del-edomex-lanza-convocatoria-para-el-consejo-consultivo-de-proteccion-a-periodistas-y-defensores\\\/\"]}]},{\"@type\":\"ImageObject\",\"inLanguage\":\"es\",\"@id\":\"https:\\\/\\\/continuamosmx.com\\\/index.php\\\/2026\\\/03\\\/07\\\/gobierno-del-edomex-lanza-convocatoria-para-el-consejo-consultivo-de-proteccion-a-periodistas-y-defensores\\\/#primaryimage\",\"url\":\"https:\\\/\\\/continuamosmx.com\\\/wp-content\\\/uploads\\\/2026\\\/03\\\/WhatsApp-Image-2026-03-06-at-6.51.34-PM.jpeg\",\"contentUrl\":\"https:\\\/\\\/continuamosmx.com\\\/wp-content\\\/uploads\\\/2026\\\/03\\\/WhatsApp-Image-2026-03-06-at-6.51.34-PM.jpeg\",\"width\":1600,\"height\":1066},{\"@type\":\"BreadcrumbList\",\"@id\":\"https:\\\/\\\/continuamosmx.com\\\/index.php\\\/2026\\\/03\\\/07\\\/gobierno-del-edomex-lanza-convocatoria-para-el-consejo-consultivo-de-proteccion-a-periodistas-y-defensores\\\/#breadcrumb\",\"itemListElement\":[{\"@type\":\"ListItem\",\"position\":1,\"name\":\"Inicio\",\"item\":\"https:\\\/\\\/continuamosmx.com\\\/\"},{\"@type\":\"ListItem\",\"position\":2,\"name\":\"GOBIERNO DEL EDOM\u00c9X LANZA CONVOCATORIA PARA EL CONSEJO CONSULTIVO DE PROTECCI\u00d3N A PERIODISTAS Y DEFENSORES\"}]},{\"@type\":\"WebSite\",\"@id\":\"https:\\\/\\\/continuamosmx.com\\\/#website\",\"url\":\"https:\\\/\\\/continuamosmx.com\\\/\",\"name\":\"www.continuamosmx.com\",\"description\":\"\",\"publisher\":{\"@id\":\"https:\\\/\\\/continuamosmx.com\\\/#organization\"},\"potentialAction\":[{\"@type\":\"SearchAction\",\"target\":{\"@type\":\"EntryPoint\",\"urlTemplate\":\"https:\\\/\\\/continuamosmx.com\\\/?s={search_term_string}\"},\"query-input\":{\"@type\":\"PropertyValueSpecification\",\"valueRequired\":true,\"valueName\":\"search_term_string\"}}],\"inLanguage\":\"es\"},{\"@type\":\"Organization\",\"@id\":\"https:\\\/\\\/continuamosmx.com\\\/#organization\",\"name\":\"ContinuamosMX\",\"url\":\"https:\\\/\\\/continuamosmx.com\\\/\",\"logo\":{\"@type\":\"ImageObject\",\"inLanguage\":\"es\",\"@id\":\"https:\\\/\\\/continuamosmx.com\\\/#\\\/schema\\\/logo\\\/image\\\/\",\"url\":\"https:\\\/\\\/continuamosmx.com\\\/wp-content\\\/uploads\\\/2023\\\/04\\\/cropped-LOGO-CONTI-NUEVO.png\",\"contentUrl\":\"https:\\\/\\\/continuamosmx.com\\\/wp-content\\\/uploads\\\/2023\\\/04\\\/cropped-LOGO-CONTI-NUEVO.png\",\"width\":1257,\"height\":430,\"caption\":\"ContinuamosMX\"},\"image\":{\"@id\":\"https:\\\/\\\/continuamosmx.com\\\/#\\\/schema\\\/logo\\\/image\\\/\"}},{\"@type\":\"Person\",\"@id\":\"https:\\\/\\\/continuamosmx.com\\\/#\\\/schema\\\/person\\\/5eb5356acb1fad784da407d14f0e8d89\",\"name\":\"Continuamos MX\",\"image\":{\"@type\":\"ImageObject\",\"inLanguage\":\"es\",\"@id\":\"https:\\\/\\\/secure.gravatar.com\\\/avatar\\\/30d4f9723476a15f4da34d35fb3501f08d2357016c76051c6a85c354c7489589?s=96&d=mm&r=g\",\"url\":\"https:\\\/\\\/secure.gravatar.com\\\/avatar\\\/30d4f9723476a15f4da34d35fb3501f08d2357016c76051c6a85c354c7489589?s=96&d=mm&r=g\",\"contentUrl\":\"https:\\\/\\\/secure.gravatar.com\\\/avatar\\\/30d4f9723476a15f4da34d35fb3501f08d2357016c76051c6a85c354c7489589?s=96&d=mm&r=g\",\"caption\":\"Continuamos MX\"},\"sameAs\":[\"http:\\\/\\\/www.continuamos.mx\"],\"url\":\"https:\\\/\\\/continuamosmx.com\\\/index.php\\\/author\\\/continuamos\\\/\"}]}<\/script>\n<!-- \/ Yoast SEO plugin. -->","yoast_head_json":{"title":"GOBIERNO DEL EDOM\u00c9X LANZA CONVOCATORIA PARA EL CONSEJO CONSULTIVO DE PROTECCI\u00d3N A PERIODISTAS Y DEFENSORES -","robots":{"index":"index","follow":"follow","max-snippet":"max-snippet:-1","max-image-preview":"max-image-preview:large","max-video-preview":"max-video-preview:-1"},"canonical":"https:\/\/continuamosmx.com\/index.php\/2026\/03\/07\/gobierno-del-edomex-lanza-convocatoria-para-el-consejo-consultivo-de-proteccion-a-periodistas-y-defensores\/","og_locale":"es_ES","og_type":"article","og_title":"GOBIERNO DEL EDOM\u00c9X LANZA CONVOCATORIA PARA EL CONSEJO CONSULTIVO DE PROTECCI\u00d3N A PERIODISTAS Y DEFENSORES -","og_description":"*El organismo para el periodo 2026-2030 ser\u00e1 el pilar del Mecanismo de Protecci\u00f3n estatal; el registro de aspirantes cierra el pr\u00f3ximo 12 de marzo. TOLUCA, Estado de M\u00e9xico. Como parte del compromiso de la administraci\u00f3n de la Maestra Delfina G\u00f3mez \u00c1lvarez con la libertad de expresi\u00f3n y la seguridad de los activistas, la Junta de [&hellip;]","og_url":"https:\/\/continuamosmx.com\/index.php\/2026\/03\/07\/gobierno-del-edomex-lanza-convocatoria-para-el-consejo-consultivo-de-proteccion-a-periodistas-y-defensores\/","article_published_time":"2026-03-07T07:23:57+00:00","article_modified_time":"2026-03-07T07:23:58+00:00","og_image":[{"width":1600,"height":1066,"url":"https:\/\/continuamosmx.com\/wp-content\/uploads\/2026\/03\/WhatsApp-Image-2026-03-06-at-6.51.34-PM.jpeg","type":"image\/jpeg"}],"author":"Continuamos MX","twitter_card":"summary_large_image","twitter_misc":{"Escrito por":"Continuamos MX","Tiempo de lectura":"2 minutos"},"schema":{"@context":"https:\/\/schema.org","@graph":[{"@type":"Article","@id":"https:\/\/continuamosmx.com\/index.php\/2026\/03\/07\/gobierno-del-edomex-lanza-convocatoria-para-el-consejo-consultivo-de-proteccion-a-periodistas-y-defensores\/#article","isPartOf":{"@id":"https:\/\/continuamosmx.com\/index.php\/2026\/03\/07\/gobierno-del-edomex-lanza-convocatoria-para-el-consejo-consultivo-de-proteccion-a-periodistas-y-defensores\/"},"author":{"name":"Continuamos MX","@id":"https:\/\/continuamosmx.com\/#\/schema\/person\/5eb5356acb1fad784da407d14f0e8d89"},"headline":"GOBIERNO DEL EDOM\u00c9X LANZA CONVOCATORIA PARA EL CONSEJO CONSULTIVO DE PROTECCI\u00d3N A PERIODISTAS Y DEFENSORES","datePublished":"2026-03-07T07:23:57+00:00","dateModified":"2026-03-07T07:23:58+00:00","mainEntityOfPage":{"@id":"https:\/\/continuamosmx.com\/index.php\/2026\/03\/07\/gobierno-del-edomex-lanza-convocatoria-para-el-consejo-consultivo-de-proteccion-a-periodistas-y-defensores\/"},"wordCount":344,"publisher":{"@id":"https:\/\/continuamosmx.com\/#organization"},"image":{"@id":"https:\/\/continuamosmx.com\/index.php\/2026\/03\/07\/gobierno-del-edomex-lanza-convocatoria-para-el-consejo-consultivo-de-proteccion-a-periodistas-y-defensores\/#primaryimage"},"thumbnailUrl":"https:\/\/continuamosmx.com\/wp-content\/uploads\/2026\/03\/WhatsApp-Image-2026-03-06-at-6.51.34-PM.jpeg","articleSection":["EDOMEX"],"inLanguage":"es"},{"@type":"WebPage","@id":"https:\/\/continuamosmx.com\/index.php\/2026\/03\/07\/gobierno-del-edomex-lanza-convocatoria-para-el-consejo-consultivo-de-proteccion-a-periodistas-y-defensores\/","url":"https:\/\/continuamosmx.com\/index.php\/2026\/03\/07\/gobierno-del-edomex-lanza-convocatoria-para-el-consejo-consultivo-de-proteccion-a-periodistas-y-defensores\/","name":"GOBIERNO DEL EDOM\u00c9X LANZA CONVOCATORIA PARA EL CONSEJO CONSULTIVO DE PROTECCI\u00d3N A PERIODISTAS Y DEFENSORES -","isPartOf":{"@id":"https:\/\/continuamosmx.com\/#website"},"primaryImageOfPage":{"@id":"https:\/\/continuamosmx.com\/index.php\/2026\/03\/07\/gobierno-del-edomex-lanza-convocatoria-para-el-consejo-consultivo-de-proteccion-a-periodistas-y-defensores\/#primaryimage"},"image":{"@id":"https:\/\/continuamosmx.com\/index.php\/2026\/03\/07\/gobierno-del-edomex-lanza-convocatoria-para-el-consejo-consultivo-de-proteccion-a-periodistas-y-defensores\/#primaryimage"},"thumbnailUrl":"https:\/\/continuamosmx.com\/wp-content\/uploads\/2026\/03\/WhatsApp-Image-2026-03-06-at-6.51.34-PM.jpeg","datePublished":"2026-03-07T07:23:57+00:00","dateModified":"2026-03-07T07:23:58+00:00","breadcrumb":{"@id":"https:\/\/continuamosmx.com\/index.php\/2026\/03\/07\/gobierno-del-edomex-lanza-convocatoria-para-el-consejo-consultivo-de-proteccion-a-periodistas-y-defensores\/#breadcrumb"},"inLanguage":"es","potentialAction":[{"@type":"ReadAction","target":["https:\/\/continuamosmx.com\/index.php\/2026\/03\/07\/gobierno-del-edomex-lanza-convocatoria-para-el-consejo-consultivo-de-proteccion-a-periodistas-y-defensores\/"]}]},{"@type":"ImageObject","inLanguage":"es","@id":"https:\/\/continuamosmx.com\/index.php\/2026\/03\/07\/gobierno-del-edomex-lanza-convocatoria-para-el-consejo-consultivo-de-proteccion-a-periodistas-y-defensores\/#primaryimage","url":"https:\/\/continuamosmx.com\/wp-content\/uploads\/2026\/03\/WhatsApp-Image-2026-03-06-at-6.51.34-PM.jpeg","contentUrl":"https:\/\/continuamosmx.com\/wp-content\/uploads\/2026\/03\/WhatsApp-Image-2026-03-06-at-6.51.34-PM.jpeg","width":1600,"height":1066},{"@type":"BreadcrumbList","@id":"https:\/\/continuamosmx.com\/index.php\/2026\/03\/07\/gobierno-del-edomex-lanza-convocatoria-para-el-consejo-consultivo-de-proteccion-a-periodistas-y-defensores\/#breadcrumb","itemListElement":[{"@type":"ListItem","position":1,"name":"Inicio","item":"https:\/\/continuamosmx.com\/"},{"@type":"ListItem","position":2,"name":"GOBIERNO DEL EDOM\u00c9X LANZA CONVOCATORIA PARA EL CONSEJO CONSULTIVO DE PROTECCI\u00d3N A PERIODISTAS Y DEFENSORES"}]},{"@type":"WebSite","@id":"https:\/\/continuamosmx.com\/#website","url":"https:\/\/continuamosmx.com\/","name":"www.continuamosmx.com","description":"","publisher":{"@id":"https:\/\/continuamosmx.com\/#organization"},"potentialAction":[{"@type":"SearchAction","target":{"@type":"EntryPoint","urlTemplate":"https:\/\/continuamosmx.com\/?s={search_term_string}"},"query-input":{"@type":"PropertyValueSpecification","valueRequired":true,"valueName":"search_term_string"}}],"inLanguage":"es"},{"@type":"Organization","@id":"https:\/\/continuamosmx.com\/#organization","name":"ContinuamosMX","url":"https:\/\/continuamosmx.com\/","logo":{"@type":"ImageObject","inLanguage":"es","@id":"https:\/\/continuamosmx.com\/#\/schema\/logo\/image\/","url":"https:\/\/continuamosmx.com\/wp-content\/uploads\/2023\/04\/cropped-LOGO-CONTI-NUEVO.png","contentUrl":"https:\/\/continuamosmx.com\/wp-content\/uploads\/2023\/04\/cropped-LOGO-CONTI-NUEVO.png","width":1257,"height":430,"caption":"ContinuamosMX"},"image":{"@id":"https:\/\/continuamosmx.com\/#\/schema\/logo\/image\/"}},{"@type":"Person","@id":"https:\/\/continuamosmx.com\/#\/schema\/person\/5eb5356acb1fad784da407d14f0e8d89","name":"Continuamos MX","image":{"@type":"ImageObject","inLanguage":"es","@id":"https:\/\/secure.gravatar.com\/avatar\/30d4f9723476a15f4da34d35fb3501f08d2357016c76051c6a85c354c7489589?s=96&d=mm&r=g","url":"https:\/\/secure.gravatar.com\/avatar\/30d4f9723476a15f4da34d35fb3501f08d2357016c76051c6a85c354c7489589?s=96&d=mm&r=g","contentUrl":"https:\/\/secure.gravatar.com\/avatar\/30d4f9723476a15f4da34d35fb3501f08d2357016c76051c6a85c354c7489589?s=96&d=mm&r=g","caption":"Continuamos MX"},"sameAs":["http:\/\/www.continuamos.mx"],"url":"https:\/\/continuamosmx.com\/index.php\/author\/continuamos\/"}]}},"_links":{"self":[{"href":"https:\/\/continuamosmx.com\/index.php\/wp-json\/wp\/v2\/posts\/53396","targetHints":{"allow":["GET"]}}],"collection":[{"href":"https:\/\/continuamosmx.com\/index.php\/wp-json\/wp\/v2\/posts"}],"about":[{"href":"https:\/\/continuamosmx.com\/index.php\/wp-json\/wp\/v2\/types\/post"}],"author":[{"embeddable":true,"href":"https:\/\/continuamosmx.com\/index.php\/wp-json\/wp\/v2\/users\/6"}],"replies":[{"embeddable":true,"href":"https:\/\/continuamosmx.com\/index.php\/wp-json\/wp\/v2\/comments?post=53396"}],"version-history":[{"count":1,"href":"https:\/\/continuamosmx.com\/index.php\/wp-json\/wp\/v2\/posts\/53396\/revisions"}],"predecessor-version":[{"id":53398,"href":"https:\/\/continuamosmx.com\/index.php\/wp-json\/wp\/v2\/posts\/53396\/revisions\/53398"}],"wp:featuredmedia":[{"embeddable":true,"href":"https:\/\/continuamosmx.com\/index.php\/wp-json\/wp\/v2\/media\/53397"}],"wp:attachment":[{"href":"https:\/\/continuamosmx.com\/index.php\/wp-json\/wp\/v2\/media?parent=53396"}],"wp:term":[{"taxonomy":"category","embeddable":true,"href":"https:\/\/continuamosmx.com\/index.php\/wp-json\/wp\/v2\/categories?post=53396"},{"taxonomy":"post_tag","embeddable":true,"href":"https:\/\/continuamosmx.com\/index.php\/wp-json\/wp\/v2\/tags?post=53396"}],"curies":[{"name":"wp","href":"https:\/\/api.w.org\/{rel}","templated":true}]}}