{"id":53378,"date":"2026-03-06T21:24:18","date_gmt":"2026-03-07T03:24:18","guid":{"rendered":"https:\/\/continuamosmx.com\/?p=53378"},"modified":"2026-03-06T21:24:19","modified_gmt":"2026-03-07T03:24:19","slug":"gobernadora-delfina-gomez-fortalece-la-educacion-en-tecamac-con-inversion-historica","status":"publish","type":"post","link":"https:\/\/continuamosmx.com\/index.php\/2026\/03\/06\/gobernadora-delfina-gomez-fortalece-la-educacion-en-tecamac-con-inversion-historica\/","title":{"rendered":"GOBERNADORA DELFINA G\u00d3MEZ FORTALECE LA EDUCACI\u00d3N EN TEC\u00c1MAC CON INVERSI\u00d3N HIST\u00d3RICA"},"content":{"rendered":"\n<h3 class=\"wp-block-heading\">*<strong>M\u00e1s de 24 mil estudiantes de 72 planteles reciben mobiliario, infraestructura y sistemas de captaci\u00f3n de agua.<\/strong><\/h3>\n\n\n\n<p><strong>TEC\u00c1MAC, Estado de M\u00e9xico.<\/strong> \u2013 En el marco del \u00ab2026, A\u00f1o de las Obras en EdoM\u00e9x\u00bb, la Maestra Delfina G\u00f3mez \u00c1lvarez, Gobernadora del Estado de M\u00e9xico, encabez\u00f3 la entrega de equipamiento y apoyos educativos en el municipio de Tec\u00e1mac, consolidando una inversi\u00f3n superior a los 85 millones de pesos en esta etapa.<\/p>\n\n\n\n<p>Durante el acto celebrado en la Escuela Secundaria Oficial No. 103 \u201cLic. Adolfo L\u00f3pez Mateos\u201d, la Mandataria estatal subray\u00f3 que el bienestar de las instituciones educativas es una prioridad de su administraci\u00f3n. La entrega consisti\u00f3 en mobiliario escolar, vales para infraestructura y la implementaci\u00f3n de sistemas de captaci\u00f3n de agua pluvial, beneficiando directamente a una comunidad de 24 mil alumnos.<\/p>\n\n\n\n<p>\u00abVamos a seguir trabajando por el bienestar de las instituciones. Queremos realizar obras educativas, de salud y en \u00e1reas de esparcimiento\u00bb, afirm\u00f3 G\u00f3mez \u00c1lvarez, quien tambi\u00e9n reconoci\u00f3 la labor de la Presidenta Municipal, Rosa Yolanda Wong Romero, y el respaldo del Poder Legislativo para la asignaci\u00f3n de recursos.<\/p>\n\n\n\n<p>Por su parte, el Secretario de Educaci\u00f3n, Ciencia, Tecnolog\u00eda e Innovaci\u00f3n (SECTI), Miguel \u00c1ngel Hern\u00e1ndez Espejel, destac\u00f3 que, gracias a la coordinaci\u00f3n con el Gobierno Federal encabezado por la Presidenta Claudia Sheinbaum Pardo, Tec\u00e1mac ha recibido una inversi\u00f3n hist\u00f3rica de 255 millones de pesos en los \u00faltimos dos ciclos escolares. Estas acciones han impactado a m\u00e1s de 147 mil estudiantes mediante becas, \u00fatiles escolares y mejoras en la infraestructura f\u00edsica de los planteles.<\/p>\n\n\n\n<p>Al evento asistieron autoridades estatales y federales, as\u00ed como representantes de la comunidad escolar, reafirmando el compromiso del Gobierno del Estado de M\u00e9xico con la transformaci\u00f3n de los espacios educativos en la entidad.<\/p>\n","protected":false},"excerpt":{"rendered":"<p>*M\u00e1s de 24 mil estudiantes de 72 planteles reciben mobiliario, infraestructura y sistemas de captaci\u00f3n de agua. TEC\u00c1MAC, Estado de M\u00e9xico. \u2013 En el marco del \u00ab2026, A\u00f1o de las Obras en EdoM\u00e9x\u00bb, la Maestra Delfina G\u00f3mez \u00c1lvarez, Gobernadora del Estado de M\u00e9xico, encabez\u00f3 la entrega de equipamiento y apoyos educativos en el municipio de [&hellip;]<\/p>\n","protected":false},"author":6,"featured_media":53379,"comment_status":"closed","ping_status":"closed","sticky":false,"template":"","format":"standard","meta":{"footnotes":""},"categories":[2],"tags":[],"class_list":["post-53378","post","type-post","status-publish","format-standard","has-post-thumbnail","hentry","category-edomex"],"yoast_head":"<!-- This site is optimized with the Yoast SEO plugin v27.4 - https:\/\/yoast.com\/product\/yoast-seo-wordpress\/ -->\n<title>GOBERNADORA DELFINA G\u00d3MEZ FORTALECE LA EDUCACI\u00d3N EN TEC\u00c1MAC CON INVERSI\u00d3N HIST\u00d3RICA -<\/title>\n<meta name=\"robots\" content=\"index, follow, max-snippet:-1, max-image-preview:large, max-video-preview:-1\" \/>\n<link rel=\"canonical\" href=\"https:\/\/continuamosmx.com\/index.php\/2026\/03\/06\/gobernadora-delfina-gomez-fortalece-la-educacion-en-tecamac-con-inversion-historica\/\" \/>\n<meta property=\"og:locale\" content=\"es_ES\" \/>\n<meta property=\"og:type\" content=\"article\" \/>\n<meta property=\"og:title\" content=\"GOBERNADORA DELFINA G\u00d3MEZ FORTALECE LA EDUCACI\u00d3N EN TEC\u00c1MAC CON INVERSI\u00d3N HIST\u00d3RICA -\" \/>\n<meta property=\"og:description\" content=\"*M\u00e1s de 24 mil estudiantes de 72 planteles reciben mobiliario, infraestructura y sistemas de captaci\u00f3n de agua. TEC\u00c1MAC, Estado de M\u00e9xico. \u2013 En el marco del \u00ab2026, A\u00f1o de las Obras en EdoM\u00e9x\u00bb, la Maestra Delfina G\u00f3mez \u00c1lvarez, Gobernadora del Estado de M\u00e9xico, encabez\u00f3 la entrega de equipamiento y apoyos educativos en el municipio de [&hellip;]\" \/>\n<meta property=\"og:url\" content=\"https:\/\/continuamosmx.com\/index.php\/2026\/03\/06\/gobernadora-delfina-gomez-fortalece-la-educacion-en-tecamac-con-inversion-historica\/\" \/>\n<meta property=\"article:published_time\" content=\"2026-03-07T03:24:18+00:00\" \/>\n<meta property=\"article:modified_time\" content=\"2026-03-07T03:24:19+00:00\" \/>\n<meta property=\"og:image\" content=\"https:\/\/continuamosmx.com\/wp-content\/uploads\/2026\/03\/WhatsApp-Image-2026-03-06-at-6.51.35-PM-1.jpeg\" \/>\n\t<meta property=\"og:image:width\" content=\"1280\" \/>\n\t<meta property=\"og:image:height\" content=\"854\" \/>\n\t<meta property=\"og:image:type\" content=\"image\/jpeg\" \/>\n<meta name=\"author\" content=\"Continuamos MX\" \/>\n<meta name=\"twitter:card\" content=\"summary_large_image\" \/>\n<meta name=\"twitter:label1\" content=\"Escrito por\" \/>\n\t<meta name=\"twitter:data1\" content=\"Continuamos MX\" \/>\n\t<meta name=\"twitter:label2\" content=\"Tiempo de lectura\" \/>\n\t<meta name=\"twitter:data2\" content=\"2 minutos\" \/>\n<script type=\"application\/ld+json\" class=\"yoast-schema-graph\">{\"@context\":\"https:\\\/\\\/schema.org\",\"@graph\":[{\"@type\":\"Article\",\"@id\":\"https:\\\/\\\/continuamosmx.com\\\/index.php\\\/2026\\\/03\\\/06\\\/gobernadora-delfina-gomez-fortalece-la-educacion-en-tecamac-con-inversion-historica\\\/#article\",\"isPartOf\":{\"@id\":\"https:\\\/\\\/continuamosmx.com\\\/index.php\\\/2026\\\/03\\\/06\\\/gobernadora-delfina-gomez-fortalece-la-educacion-en-tecamac-con-inversion-historica\\\/\"},\"author\":{\"name\":\"Continuamos MX\",\"@id\":\"https:\\\/\\\/continuamosmx.com\\\/#\\\/schema\\\/person\\\/5eb5356acb1fad784da407d14f0e8d89\"},\"headline\":\"GOBERNADORA DELFINA G\u00d3MEZ FORTALECE LA EDUCACI\u00d3N EN TEC\u00c1MAC CON INVERSI\u00d3N HIST\u00d3RICA\",\"datePublished\":\"2026-03-07T03:24:18+00:00\",\"dateModified\":\"2026-03-07T03:24:19+00:00\",\"mainEntityOfPage\":{\"@id\":\"https:\\\/\\\/continuamosmx.com\\\/index.php\\\/2026\\\/03\\\/06\\\/gobernadora-delfina-gomez-fortalece-la-educacion-en-tecamac-con-inversion-historica\\\/\"},\"wordCount\":319,\"publisher\":{\"@id\":\"https:\\\/\\\/continuamosmx.com\\\/#organization\"},\"image\":{\"@id\":\"https:\\\/\\\/continuamosmx.com\\\/index.php\\\/2026\\\/03\\\/06\\\/gobernadora-delfina-gomez-fortalece-la-educacion-en-tecamac-con-inversion-historica\\\/#primaryimage\"},\"thumbnailUrl\":\"https:\\\/\\\/continuamosmx.com\\\/wp-content\\\/uploads\\\/2026\\\/03\\\/WhatsApp-Image-2026-03-06-at-6.51.35-PM-1.jpeg\",\"articleSection\":[\"EDOMEX\"],\"inLanguage\":\"es\"},{\"@type\":\"WebPage\",\"@id\":\"https:\\\/\\\/continuamosmx.com\\\/index.php\\\/2026\\\/03\\\/06\\\/gobernadora-delfina-gomez-fortalece-la-educacion-en-tecamac-con-inversion-historica\\\/\",\"url\":\"https:\\\/\\\/continuamosmx.com\\\/index.php\\\/2026\\\/03\\\/06\\\/gobernadora-delfina-gomez-fortalece-la-educacion-en-tecamac-con-inversion-historica\\\/\",\"name\":\"GOBERNADORA DELFINA G\u00d3MEZ FORTALECE LA EDUCACI\u00d3N EN TEC\u00c1MAC CON INVERSI\u00d3N HIST\u00d3RICA -\",\"isPartOf\":{\"@id\":\"https:\\\/\\\/continuamosmx.com\\\/#website\"},\"primaryImageOfPage\":{\"@id\":\"https:\\\/\\\/continuamosmx.com\\\/index.php\\\/2026\\\/03\\\/06\\\/gobernadora-delfina-gomez-fortalece-la-educacion-en-tecamac-con-inversion-historica\\\/#primaryimage\"},\"image\":{\"@id\":\"https:\\\/\\\/continuamosmx.com\\\/index.php\\\/2026\\\/03\\\/06\\\/gobernadora-delfina-gomez-fortalece-la-educacion-en-tecamac-con-inversion-historica\\\/#primaryimage\"},\"thumbnailUrl\":\"https:\\\/\\\/continuamosmx.com\\\/wp-content\\\/uploads\\\/2026\\\/03\\\/WhatsApp-Image-2026-03-06-at-6.51.35-PM-1.jpeg\",\"datePublished\":\"2026-03-07T03:24:18+00:00\",\"dateModified\":\"2026-03-07T03:24:19+00:00\",\"breadcrumb\":{\"@id\":\"https:\\\/\\\/continuamosmx.com\\\/index.php\\\/2026\\\/03\\\/06\\\/gobernadora-delfina-gomez-fortalece-la-educacion-en-tecamac-con-inversion-historica\\\/#breadcrumb\"},\"inLanguage\":\"es\",\"potentialAction\":[{\"@type\":\"ReadAction\",\"target\":[\"https:\\\/\\\/continuamosmx.com\\\/index.php\\\/2026\\\/03\\\/06\\\/gobernadora-delfina-gomez-fortalece-la-educacion-en-tecamac-con-inversion-historica\\\/\"]}]},{\"@type\":\"ImageObject\",\"inLanguage\":\"es\",\"@id\":\"https:\\\/\\\/continuamosmx.com\\\/index.php\\\/2026\\\/03\\\/06\\\/gobernadora-delfina-gomez-fortalece-la-educacion-en-tecamac-con-inversion-historica\\\/#primaryimage\",\"url\":\"https:\\\/\\\/continuamosmx.com\\\/wp-content\\\/uploads\\\/2026\\\/03\\\/WhatsApp-Image-2026-03-06-at-6.51.35-PM-1.jpeg\",\"contentUrl\":\"https:\\\/\\\/continuamosmx.com\\\/wp-content\\\/uploads\\\/2026\\\/03\\\/WhatsApp-Image-2026-03-06-at-6.51.35-PM-1.jpeg\",\"width\":1280,\"height\":854},{\"@type\":\"BreadcrumbList\",\"@id\":\"https:\\\/\\\/continuamosmx.com\\\/index.php\\\/2026\\\/03\\\/06\\\/gobernadora-delfina-gomez-fortalece-la-educacion-en-tecamac-con-inversion-historica\\\/#breadcrumb\",\"itemListElement\":[{\"@type\":\"ListItem\",\"position\":1,\"name\":\"Inicio\",\"item\":\"https:\\\/\\\/continuamosmx.com\\\/\"},{\"@type\":\"ListItem\",\"position\":2,\"name\":\"GOBERNADORA DELFINA G\u00d3MEZ FORTALECE LA EDUCACI\u00d3N EN TEC\u00c1MAC CON INVERSI\u00d3N HIST\u00d3RICA\"}]},{\"@type\":\"WebSite\",\"@id\":\"https:\\\/\\\/continuamosmx.com\\\/#website\",\"url\":\"https:\\\/\\\/continuamosmx.com\\\/\",\"name\":\"www.continuamosmx.com\",\"description\":\"\",\"publisher\":{\"@id\":\"https:\\\/\\\/continuamosmx.com\\\/#organization\"},\"potentialAction\":[{\"@type\":\"SearchAction\",\"target\":{\"@type\":\"EntryPoint\",\"urlTemplate\":\"https:\\\/\\\/continuamosmx.com\\\/?s={search_term_string}\"},\"query-input\":{\"@type\":\"PropertyValueSpecification\",\"valueRequired\":true,\"valueName\":\"search_term_string\"}}],\"inLanguage\":\"es\"},{\"@type\":\"Organization\",\"@id\":\"https:\\\/\\\/continuamosmx.com\\\/#organization\",\"name\":\"ContinuamosMX\",\"url\":\"https:\\\/\\\/continuamosmx.com\\\/\",\"logo\":{\"@type\":\"ImageObject\",\"inLanguage\":\"es\",\"@id\":\"https:\\\/\\\/continuamosmx.com\\\/#\\\/schema\\\/logo\\\/image\\\/\",\"url\":\"https:\\\/\\\/continuamosmx.com\\\/wp-content\\\/uploads\\\/2023\\\/04\\\/cropped-LOGO-CONTI-NUEVO.png\",\"contentUrl\":\"https:\\\/\\\/continuamosmx.com\\\/wp-content\\\/uploads\\\/2023\\\/04\\\/cropped-LOGO-CONTI-NUEVO.png\",\"width\":1257,\"height\":430,\"caption\":\"ContinuamosMX\"},\"image\":{\"@id\":\"https:\\\/\\\/continuamosmx.com\\\/#\\\/schema\\\/logo\\\/image\\\/\"}},{\"@type\":\"Person\",\"@id\":\"https:\\\/\\\/continuamosmx.com\\\/#\\\/schema\\\/person\\\/5eb5356acb1fad784da407d14f0e8d89\",\"name\":\"Continuamos MX\",\"image\":{\"@type\":\"ImageObject\",\"inLanguage\":\"es\",\"@id\":\"https:\\\/\\\/secure.gravatar.com\\\/avatar\\\/30d4f9723476a15f4da34d35fb3501f08d2357016c76051c6a85c354c7489589?s=96&d=mm&r=g\",\"url\":\"https:\\\/\\\/secure.gravatar.com\\\/avatar\\\/30d4f9723476a15f4da34d35fb3501f08d2357016c76051c6a85c354c7489589?s=96&d=mm&r=g\",\"contentUrl\":\"https:\\\/\\\/secure.gravatar.com\\\/avatar\\\/30d4f9723476a15f4da34d35fb3501f08d2357016c76051c6a85c354c7489589?s=96&d=mm&r=g\",\"caption\":\"Continuamos MX\"},\"sameAs\":[\"http:\\\/\\\/www.continuamos.mx\"],\"url\":\"https:\\\/\\\/continuamosmx.com\\\/index.php\\\/author\\\/continuamos\\\/\"}]}<\/script>\n<!-- \/ Yoast SEO plugin. -->","yoast_head_json":{"title":"GOBERNADORA DELFINA G\u00d3MEZ FORTALECE LA EDUCACI\u00d3N EN TEC\u00c1MAC CON INVERSI\u00d3N HIST\u00d3RICA -","robots":{"index":"index","follow":"follow","max-snippet":"max-snippet:-1","max-image-preview":"max-image-preview:large","max-video-preview":"max-video-preview:-1"},"canonical":"https:\/\/continuamosmx.com\/index.php\/2026\/03\/06\/gobernadora-delfina-gomez-fortalece-la-educacion-en-tecamac-con-inversion-historica\/","og_locale":"es_ES","og_type":"article","og_title":"GOBERNADORA DELFINA G\u00d3MEZ FORTALECE LA EDUCACI\u00d3N EN TEC\u00c1MAC CON INVERSI\u00d3N HIST\u00d3RICA -","og_description":"*M\u00e1s de 24 mil estudiantes de 72 planteles reciben mobiliario, infraestructura y sistemas de captaci\u00f3n de agua. TEC\u00c1MAC, Estado de M\u00e9xico. \u2013 En el marco del \u00ab2026, A\u00f1o de las Obras en EdoM\u00e9x\u00bb, la Maestra Delfina G\u00f3mez \u00c1lvarez, Gobernadora del Estado de M\u00e9xico, encabez\u00f3 la entrega de equipamiento y apoyos educativos en el municipio de [&hellip;]","og_url":"https:\/\/continuamosmx.com\/index.php\/2026\/03\/06\/gobernadora-delfina-gomez-fortalece-la-educacion-en-tecamac-con-inversion-historica\/","article_published_time":"2026-03-07T03:24:18+00:00","article_modified_time":"2026-03-07T03:24:19+00:00","og_image":[{"width":1280,"height":854,"url":"https:\/\/continuamosmx.com\/wp-content\/uploads\/2026\/03\/WhatsApp-Image-2026-03-06-at-6.51.35-PM-1.jpeg","type":"image\/jpeg"}],"author":"Continuamos MX","twitter_card":"summary_large_image","twitter_misc":{"Escrito por":"Continuamos MX","Tiempo de lectura":"2 minutos"},"schema":{"@context":"https:\/\/schema.org","@graph":[{"@type":"Article","@id":"https:\/\/continuamosmx.com\/index.php\/2026\/03\/06\/gobernadora-delfina-gomez-fortalece-la-educacion-en-tecamac-con-inversion-historica\/#article","isPartOf":{"@id":"https:\/\/continuamosmx.com\/index.php\/2026\/03\/06\/gobernadora-delfina-gomez-fortalece-la-educacion-en-tecamac-con-inversion-historica\/"},"author":{"name":"Continuamos MX","@id":"https:\/\/continuamosmx.com\/#\/schema\/person\/5eb5356acb1fad784da407d14f0e8d89"},"headline":"GOBERNADORA DELFINA G\u00d3MEZ FORTALECE LA EDUCACI\u00d3N EN TEC\u00c1MAC CON INVERSI\u00d3N HIST\u00d3RICA","datePublished":"2026-03-07T03:24:18+00:00","dateModified":"2026-03-07T03:24:19+00:00","mainEntityOfPage":{"@id":"https:\/\/continuamosmx.com\/index.php\/2026\/03\/06\/gobernadora-delfina-gomez-fortalece-la-educacion-en-tecamac-con-inversion-historica\/"},"wordCount":319,"publisher":{"@id":"https:\/\/continuamosmx.com\/#organization"},"image":{"@id":"https:\/\/continuamosmx.com\/index.php\/2026\/03\/06\/gobernadora-delfina-gomez-fortalece-la-educacion-en-tecamac-con-inversion-historica\/#primaryimage"},"thumbnailUrl":"https:\/\/continuamosmx.com\/wp-content\/uploads\/2026\/03\/WhatsApp-Image-2026-03-06-at-6.51.35-PM-1.jpeg","articleSection":["EDOMEX"],"inLanguage":"es"},{"@type":"WebPage","@id":"https:\/\/continuamosmx.com\/index.php\/2026\/03\/06\/gobernadora-delfina-gomez-fortalece-la-educacion-en-tecamac-con-inversion-historica\/","url":"https:\/\/continuamosmx.com\/index.php\/2026\/03\/06\/gobernadora-delfina-gomez-fortalece-la-educacion-en-tecamac-con-inversion-historica\/","name":"GOBERNADORA DELFINA G\u00d3MEZ FORTALECE LA EDUCACI\u00d3N EN TEC\u00c1MAC CON INVERSI\u00d3N HIST\u00d3RICA -","isPartOf":{"@id":"https:\/\/continuamosmx.com\/#website"},"primaryImageOfPage":{"@id":"https:\/\/continuamosmx.com\/index.php\/2026\/03\/06\/gobernadora-delfina-gomez-fortalece-la-educacion-en-tecamac-con-inversion-historica\/#primaryimage"},"image":{"@id":"https:\/\/continuamosmx.com\/index.php\/2026\/03\/06\/gobernadora-delfina-gomez-fortalece-la-educacion-en-tecamac-con-inversion-historica\/#primaryimage"},"thumbnailUrl":"https:\/\/continuamosmx.com\/wp-content\/uploads\/2026\/03\/WhatsApp-Image-2026-03-06-at-6.51.35-PM-1.jpeg","datePublished":"2026-03-07T03:24:18+00:00","dateModified":"2026-03-07T03:24:19+00:00","breadcrumb":{"@id":"https:\/\/continuamosmx.com\/index.php\/2026\/03\/06\/gobernadora-delfina-gomez-fortalece-la-educacion-en-tecamac-con-inversion-historica\/#breadcrumb"},"inLanguage":"es","potentialAction":[{"@type":"ReadAction","target":["https:\/\/continuamosmx.com\/index.php\/2026\/03\/06\/gobernadora-delfina-gomez-fortalece-la-educacion-en-tecamac-con-inversion-historica\/"]}]},{"@type":"ImageObject","inLanguage":"es","@id":"https:\/\/continuamosmx.com\/index.php\/2026\/03\/06\/gobernadora-delfina-gomez-fortalece-la-educacion-en-tecamac-con-inversion-historica\/#primaryimage","url":"https:\/\/continuamosmx.com\/wp-content\/uploads\/2026\/03\/WhatsApp-Image-2026-03-06-at-6.51.35-PM-1.jpeg","contentUrl":"https:\/\/continuamosmx.com\/wp-content\/uploads\/2026\/03\/WhatsApp-Image-2026-03-06-at-6.51.35-PM-1.jpeg","width":1280,"height":854},{"@type":"BreadcrumbList","@id":"https:\/\/continuamosmx.com\/index.php\/2026\/03\/06\/gobernadora-delfina-gomez-fortalece-la-educacion-en-tecamac-con-inversion-historica\/#breadcrumb","itemListElement":[{"@type":"ListItem","position":1,"name":"Inicio","item":"https:\/\/continuamosmx.com\/"},{"@type":"ListItem","position":2,"name":"GOBERNADORA DELFINA G\u00d3MEZ FORTALECE LA EDUCACI\u00d3N EN TEC\u00c1MAC CON INVERSI\u00d3N HIST\u00d3RICA"}]},{"@type":"WebSite","@id":"https:\/\/continuamosmx.com\/#website","url":"https:\/\/continuamosmx.com\/","name":"www.continuamosmx.com","description":"","publisher":{"@id":"https:\/\/continuamosmx.com\/#organization"},"potentialAction":[{"@type":"SearchAction","target":{"@type":"EntryPoint","urlTemplate":"https:\/\/continuamosmx.com\/?s={search_term_string}"},"query-input":{"@type":"PropertyValueSpecification","valueRequired":true,"valueName":"search_term_string"}}],"inLanguage":"es"},{"@type":"Organization","@id":"https:\/\/continuamosmx.com\/#organization","name":"ContinuamosMX","url":"https:\/\/continuamosmx.com\/","logo":{"@type":"ImageObject","inLanguage":"es","@id":"https:\/\/continuamosmx.com\/#\/schema\/logo\/image\/","url":"https:\/\/continuamosmx.com\/wp-content\/uploads\/2023\/04\/cropped-LOGO-CONTI-NUEVO.png","contentUrl":"https:\/\/continuamosmx.com\/wp-content\/uploads\/2023\/04\/cropped-LOGO-CONTI-NUEVO.png","width":1257,"height":430,"caption":"ContinuamosMX"},"image":{"@id":"https:\/\/continuamosmx.com\/#\/schema\/logo\/image\/"}},{"@type":"Person","@id":"https:\/\/continuamosmx.com\/#\/schema\/person\/5eb5356acb1fad784da407d14f0e8d89","name":"Continuamos MX","image":{"@type":"ImageObject","inLanguage":"es","@id":"https:\/\/secure.gravatar.com\/avatar\/30d4f9723476a15f4da34d35fb3501f08d2357016c76051c6a85c354c7489589?s=96&d=mm&r=g","url":"https:\/\/secure.gravatar.com\/avatar\/30d4f9723476a15f4da34d35fb3501f08d2357016c76051c6a85c354c7489589?s=96&d=mm&r=g","contentUrl":"https:\/\/secure.gravatar.com\/avatar\/30d4f9723476a15f4da34d35fb3501f08d2357016c76051c6a85c354c7489589?s=96&d=mm&r=g","caption":"Continuamos MX"},"sameAs":["http:\/\/www.continuamos.mx"],"url":"https:\/\/continuamosmx.com\/index.php\/author\/continuamos\/"}]}},"_links":{"self":[{"href":"https:\/\/continuamosmx.com\/index.php\/wp-json\/wp\/v2\/posts\/53378","targetHints":{"allow":["GET"]}}],"collection":[{"href":"https:\/\/continuamosmx.com\/index.php\/wp-json\/wp\/v2\/posts"}],"about":[{"href":"https:\/\/continuamosmx.com\/index.php\/wp-json\/wp\/v2\/types\/post"}],"author":[{"embeddable":true,"href":"https:\/\/continuamosmx.com\/index.php\/wp-json\/wp\/v2\/users\/6"}],"replies":[{"embeddable":true,"href":"https:\/\/continuamosmx.com\/index.php\/wp-json\/wp\/v2\/comments?post=53378"}],"version-history":[{"count":1,"href":"https:\/\/continuamosmx.com\/index.php\/wp-json\/wp\/v2\/posts\/53378\/revisions"}],"predecessor-version":[{"id":53380,"href":"https:\/\/continuamosmx.com\/index.php\/wp-json\/wp\/v2\/posts\/53378\/revisions\/53380"}],"wp:featuredmedia":[{"embeddable":true,"href":"https:\/\/continuamosmx.com\/index.php\/wp-json\/wp\/v2\/media\/53379"}],"wp:attachment":[{"href":"https:\/\/continuamosmx.com\/index.php\/wp-json\/wp\/v2\/media?parent=53378"}],"wp:term":[{"taxonomy":"category","embeddable":true,"href":"https:\/\/continuamosmx.com\/index.php\/wp-json\/wp\/v2\/categories?post=53378"},{"taxonomy":"post_tag","embeddable":true,"href":"https:\/\/continuamosmx.com\/index.php\/wp-json\/wp\/v2\/tags?post=53378"}],"curies":[{"name":"wp","href":"https:\/\/api.w.org\/{rel}","templated":true}]}}