{"id":52294,"date":"2026-01-25T11:44:05","date_gmt":"2026-01-25T17:44:05","guid":{"rendered":"https:\/\/continuamosmx.com\/?p=52294"},"modified":"2026-01-25T11:44:05","modified_gmt":"2026-01-25T17:44:05","slug":"detienen-a-dos-sujetos-por-robo-con-violencia-en-transporte-publico-en-cuautitlan-izcalli","status":"publish","type":"post","link":"https:\/\/continuamosmx.com\/index.php\/2026\/01\/25\/detienen-a-dos-sujetos-por-robo-con-violencia-en-transporte-publico-en-cuautitlan-izcalli\/","title":{"rendered":"DETIENEN A DOS SUJETOS POR ROBO CON VIOLENCIA EN TRANSPORTE P\u00daBLICO EN CUAUTITL\u00c1N IZCALLI"},"content":{"rendered":"\n<h3 class=\"wp-block-heading\">*<strong>La Comisar\u00eda General de Seguridad Ciudadana logr\u00f3 la captura tras una persecuci\u00f3n en la colonia Fidel Vel\u00e1zquez.<\/strong><\/h3>\n\n\n\n<p>En una oportuna intervenci\u00f3n derivada de los operativos de vigilancia y recorridos preventivos en el municipio de Cuautitl\u00e1n Izcalli, elementos de la Polic\u00eda Municipal detuvieron a dos hombres presuntamente responsables del delito de robo con violencia a transporte p\u00fablico<sup><\/sup>. Los hechos se desencadenaron cuando el personal operativo atendi\u00f3 el llamado de auxilio de un ciudadano, quien denunci\u00f3 haber sido asaltado momentos antes mientras se trasladaba en una unidad de transporte<sup><\/sup>.<\/p>\n\n\n\n<p>Tras un seguimiento inmediato y la coordinaci\u00f3n de las fuerzas de seguridad, los sospechosos fueron localizados en la calle Itzc\u00f3atl<sup><\/sup>. Al notar la presencia de las patrullas, los individuos intentaron huir a pie, pero fueron asegurados metros adelante por los uniformados<sup><\/sup>. Durante la revisi\u00f3n preventiva, se les hallaron objetos con caracter\u00edsticas similares a armas de fuego<sup><\/sup>. Un detalle relevante proporcionado por las autoridades es que uno de los detenidos portaba un rastreador digital en el tobillo izquierdo<sup><\/sup>.<\/p>\n\n\n\n<p>Ambos sujetos fueron puestos a disposici\u00f3n de la Fiscal\u00eda Regional para determinar su situaci\u00f3n jur\u00eddica<sup><\/sup>. Cabe destacar que, seg\u00fan cifras del Secretariado Ejecutivo del Sistema Nacional de Seguridad P\u00fablica, este tipo de delitos registr\u00f3 una disminuci\u00f3n del 12.6% en el municipio durante el \u00faltimo a\u00f1o en comparaci\u00f3n con el 2024<sup><\/sup>.<\/p>\n\n\n\n<figure class=\"wp-block-image size-large\"><img loading=\"lazy\" decoding=\"async\" width=\"1024\" height=\"768\" src=\"https:\/\/continuamosmx.com\/wp-content\/uploads\/2026\/01\/det3-1024x768.jpeg\" alt=\"\" class=\"wp-image-52296\" srcset=\"https:\/\/continuamosmx.com\/wp-content\/uploads\/2026\/01\/det3-1024x768.jpeg 1024w, https:\/\/continuamosmx.com\/wp-content\/uploads\/2026\/01\/det3-300x225.jpeg 300w, https:\/\/continuamosmx.com\/wp-content\/uploads\/2026\/01\/det3-768x576.jpeg 768w, https:\/\/continuamosmx.com\/wp-content\/uploads\/2026\/01\/det3-1536x1152.jpeg 1536w, https:\/\/continuamosmx.com\/wp-content\/uploads\/2026\/01\/det3.jpeg 1600w\" sizes=\"auto, (max-width: 1024px) 100vw, 1024px\" \/><\/figure>\n","protected":false},"excerpt":{"rendered":"<p>*La Comisar\u00eda General de Seguridad Ciudadana logr\u00f3 la captura tras una persecuci\u00f3n en la colonia Fidel Vel\u00e1zquez. En una oportuna intervenci\u00f3n derivada de los operativos de vigilancia y recorridos preventivos en el municipio de Cuautitl\u00e1n Izcalli, elementos de la Polic\u00eda Municipal detuvieron a dos hombres presuntamente responsables del delito de robo con violencia a transporte [&hellip;]<\/p>\n","protected":false},"author":6,"featured_media":52295,"comment_status":"closed","ping_status":"closed","sticky":false,"template":"","format":"standard","meta":{"footnotes":""},"categories":[22,4,48],"tags":[],"class_list":["post-52294","post","type-post","status-publish","format-standard","has-post-thumbnail","hentry","category-c-izcalli","category-locales","category-policiaca"],"yoast_head":"<!-- This site is optimized with the Yoast SEO plugin v27.4 - https:\/\/yoast.com\/product\/yoast-seo-wordpress\/ -->\n<title>DETIENEN A DOS SUJETOS POR ROBO CON VIOLENCIA EN TRANSPORTE P\u00daBLICO EN CUAUTITL\u00c1N IZCALLI -<\/title>\n<meta name=\"robots\" content=\"index, follow, max-snippet:-1, max-image-preview:large, max-video-preview:-1\" \/>\n<link rel=\"canonical\" href=\"https:\/\/continuamosmx.com\/index.php\/2026\/01\/25\/detienen-a-dos-sujetos-por-robo-con-violencia-en-transporte-publico-en-cuautitlan-izcalli\/\" \/>\n<meta property=\"og:locale\" content=\"es_ES\" \/>\n<meta property=\"og:type\" content=\"article\" \/>\n<meta property=\"og:title\" content=\"DETIENEN A DOS SUJETOS POR ROBO CON VIOLENCIA EN TRANSPORTE P\u00daBLICO EN CUAUTITL\u00c1N IZCALLI -\" \/>\n<meta property=\"og:description\" content=\"*La Comisar\u00eda General de Seguridad Ciudadana logr\u00f3 la captura tras una persecuci\u00f3n en la colonia Fidel Vel\u00e1zquez. En una oportuna intervenci\u00f3n derivada de los operativos de vigilancia y recorridos preventivos en el municipio de Cuautitl\u00e1n Izcalli, elementos de la Polic\u00eda Municipal detuvieron a dos hombres presuntamente responsables del delito de robo con violencia a transporte [&hellip;]\" \/>\n<meta property=\"og:url\" content=\"https:\/\/continuamosmx.com\/index.php\/2026\/01\/25\/detienen-a-dos-sujetos-por-robo-con-violencia-en-transporte-publico-en-cuautitlan-izcalli\/\" \/>\n<meta property=\"article:published_time\" content=\"2026-01-25T17:44:05+00:00\" \/>\n<meta property=\"og:image\" content=\"https:\/\/continuamosmx.com\/wp-content\/uploads\/2026\/01\/det.jpeg\" \/>\n\t<meta property=\"og:image:width\" content=\"1599\" \/>\n\t<meta property=\"og:image:height\" content=\"1200\" \/>\n\t<meta property=\"og:image:type\" content=\"image\/jpeg\" \/>\n<meta name=\"author\" content=\"Continuamos MX\" \/>\n<meta name=\"twitter:card\" content=\"summary_large_image\" \/>\n<meta name=\"twitter:label1\" content=\"Escrito por\" \/>\n\t<meta name=\"twitter:data1\" content=\"Continuamos MX\" \/>\n\t<meta name=\"twitter:label2\" content=\"Tiempo de lectura\" \/>\n\t<meta name=\"twitter:data2\" content=\"2 minutos\" \/>\n<script type=\"application\/ld+json\" class=\"yoast-schema-graph\">{\"@context\":\"https:\\\/\\\/schema.org\",\"@graph\":[{\"@type\":\"Article\",\"@id\":\"https:\\\/\\\/continuamosmx.com\\\/index.php\\\/2026\\\/01\\\/25\\\/detienen-a-dos-sujetos-por-robo-con-violencia-en-transporte-publico-en-cuautitlan-izcalli\\\/#article\",\"isPartOf\":{\"@id\":\"https:\\\/\\\/continuamosmx.com\\\/index.php\\\/2026\\\/01\\\/25\\\/detienen-a-dos-sujetos-por-robo-con-violencia-en-transporte-publico-en-cuautitlan-izcalli\\\/\"},\"author\":{\"name\":\"Continuamos MX\",\"@id\":\"https:\\\/\\\/continuamosmx.com\\\/#\\\/schema\\\/person\\\/5eb5356acb1fad784da407d14f0e8d89\"},\"headline\":\"DETIENEN A DOS SUJETOS POR ROBO CON VIOLENCIA EN TRANSPORTE P\u00daBLICO EN CUAUTITL\u00c1N IZCALLI\",\"datePublished\":\"2026-01-25T17:44:05+00:00\",\"mainEntityOfPage\":{\"@id\":\"https:\\\/\\\/continuamosmx.com\\\/index.php\\\/2026\\\/01\\\/25\\\/detienen-a-dos-sujetos-por-robo-con-violencia-en-transporte-publico-en-cuautitlan-izcalli\\\/\"},\"wordCount\":248,\"publisher\":{\"@id\":\"https:\\\/\\\/continuamosmx.com\\\/#organization\"},\"image\":{\"@id\":\"https:\\\/\\\/continuamosmx.com\\\/index.php\\\/2026\\\/01\\\/25\\\/detienen-a-dos-sujetos-por-robo-con-violencia-en-transporte-publico-en-cuautitlan-izcalli\\\/#primaryimage\"},\"thumbnailUrl\":\"https:\\\/\\\/continuamosmx.com\\\/wp-content\\\/uploads\\\/2026\\\/01\\\/det.jpeg\",\"articleSection\":[\"C. IZCALLI\",\"LOCALES\",\"POLICIACA\"],\"inLanguage\":\"es\"},{\"@type\":\"WebPage\",\"@id\":\"https:\\\/\\\/continuamosmx.com\\\/index.php\\\/2026\\\/01\\\/25\\\/detienen-a-dos-sujetos-por-robo-con-violencia-en-transporte-publico-en-cuautitlan-izcalli\\\/\",\"url\":\"https:\\\/\\\/continuamosmx.com\\\/index.php\\\/2026\\\/01\\\/25\\\/detienen-a-dos-sujetos-por-robo-con-violencia-en-transporte-publico-en-cuautitlan-izcalli\\\/\",\"name\":\"DETIENEN A DOS SUJETOS POR ROBO CON VIOLENCIA EN TRANSPORTE P\u00daBLICO EN CUAUTITL\u00c1N IZCALLI -\",\"isPartOf\":{\"@id\":\"https:\\\/\\\/continuamosmx.com\\\/#website\"},\"primaryImageOfPage\":{\"@id\":\"https:\\\/\\\/continuamosmx.com\\\/index.php\\\/2026\\\/01\\\/25\\\/detienen-a-dos-sujetos-por-robo-con-violencia-en-transporte-publico-en-cuautitlan-izcalli\\\/#primaryimage\"},\"image\":{\"@id\":\"https:\\\/\\\/continuamosmx.com\\\/index.php\\\/2026\\\/01\\\/25\\\/detienen-a-dos-sujetos-por-robo-con-violencia-en-transporte-publico-en-cuautitlan-izcalli\\\/#primaryimage\"},\"thumbnailUrl\":\"https:\\\/\\\/continuamosmx.com\\\/wp-content\\\/uploads\\\/2026\\\/01\\\/det.jpeg\",\"datePublished\":\"2026-01-25T17:44:05+00:00\",\"breadcrumb\":{\"@id\":\"https:\\\/\\\/continuamosmx.com\\\/index.php\\\/2026\\\/01\\\/25\\\/detienen-a-dos-sujetos-por-robo-con-violencia-en-transporte-publico-en-cuautitlan-izcalli\\\/#breadcrumb\"},\"inLanguage\":\"es\",\"potentialAction\":[{\"@type\":\"ReadAction\",\"target\":[\"https:\\\/\\\/continuamosmx.com\\\/index.php\\\/2026\\\/01\\\/25\\\/detienen-a-dos-sujetos-por-robo-con-violencia-en-transporte-publico-en-cuautitlan-izcalli\\\/\"]}]},{\"@type\":\"ImageObject\",\"inLanguage\":\"es\",\"@id\":\"https:\\\/\\\/continuamosmx.com\\\/index.php\\\/2026\\\/01\\\/25\\\/detienen-a-dos-sujetos-por-robo-con-violencia-en-transporte-publico-en-cuautitlan-izcalli\\\/#primaryimage\",\"url\":\"https:\\\/\\\/continuamosmx.com\\\/wp-content\\\/uploads\\\/2026\\\/01\\\/det.jpeg\",\"contentUrl\":\"https:\\\/\\\/continuamosmx.com\\\/wp-content\\\/uploads\\\/2026\\\/01\\\/det.jpeg\",\"width\":1599,\"height\":1200},{\"@type\":\"BreadcrumbList\",\"@id\":\"https:\\\/\\\/continuamosmx.com\\\/index.php\\\/2026\\\/01\\\/25\\\/detienen-a-dos-sujetos-por-robo-con-violencia-en-transporte-publico-en-cuautitlan-izcalli\\\/#breadcrumb\",\"itemListElement\":[{\"@type\":\"ListItem\",\"position\":1,\"name\":\"Inicio\",\"item\":\"https:\\\/\\\/continuamosmx.com\\\/\"},{\"@type\":\"ListItem\",\"position\":2,\"name\":\"DETIENEN A DOS SUJETOS POR ROBO CON VIOLENCIA EN TRANSPORTE P\u00daBLICO EN CUAUTITL\u00c1N IZCALLI\"}]},{\"@type\":\"WebSite\",\"@id\":\"https:\\\/\\\/continuamosmx.com\\\/#website\",\"url\":\"https:\\\/\\\/continuamosmx.com\\\/\",\"name\":\"www.continuamosmx.com\",\"description\":\"\",\"publisher\":{\"@id\":\"https:\\\/\\\/continuamosmx.com\\\/#organization\"},\"potentialAction\":[{\"@type\":\"SearchAction\",\"target\":{\"@type\":\"EntryPoint\",\"urlTemplate\":\"https:\\\/\\\/continuamosmx.com\\\/?s={search_term_string}\"},\"query-input\":{\"@type\":\"PropertyValueSpecification\",\"valueRequired\":true,\"valueName\":\"search_term_string\"}}],\"inLanguage\":\"es\"},{\"@type\":\"Organization\",\"@id\":\"https:\\\/\\\/continuamosmx.com\\\/#organization\",\"name\":\"ContinuamosMX\",\"url\":\"https:\\\/\\\/continuamosmx.com\\\/\",\"logo\":{\"@type\":\"ImageObject\",\"inLanguage\":\"es\",\"@id\":\"https:\\\/\\\/continuamosmx.com\\\/#\\\/schema\\\/logo\\\/image\\\/\",\"url\":\"https:\\\/\\\/continuamosmx.com\\\/wp-content\\\/uploads\\\/2023\\\/04\\\/cropped-LOGO-CONTI-NUEVO.png\",\"contentUrl\":\"https:\\\/\\\/continuamosmx.com\\\/wp-content\\\/uploads\\\/2023\\\/04\\\/cropped-LOGO-CONTI-NUEVO.png\",\"width\":1257,\"height\":430,\"caption\":\"ContinuamosMX\"},\"image\":{\"@id\":\"https:\\\/\\\/continuamosmx.com\\\/#\\\/schema\\\/logo\\\/image\\\/\"}},{\"@type\":\"Person\",\"@id\":\"https:\\\/\\\/continuamosmx.com\\\/#\\\/schema\\\/person\\\/5eb5356acb1fad784da407d14f0e8d89\",\"name\":\"Continuamos MX\",\"image\":{\"@type\":\"ImageObject\",\"inLanguage\":\"es\",\"@id\":\"https:\\\/\\\/secure.gravatar.com\\\/avatar\\\/30d4f9723476a15f4da34d35fb3501f08d2357016c76051c6a85c354c7489589?s=96&d=mm&r=g\",\"url\":\"https:\\\/\\\/secure.gravatar.com\\\/avatar\\\/30d4f9723476a15f4da34d35fb3501f08d2357016c76051c6a85c354c7489589?s=96&d=mm&r=g\",\"contentUrl\":\"https:\\\/\\\/secure.gravatar.com\\\/avatar\\\/30d4f9723476a15f4da34d35fb3501f08d2357016c76051c6a85c354c7489589?s=96&d=mm&r=g\",\"caption\":\"Continuamos MX\"},\"sameAs\":[\"http:\\\/\\\/www.continuamos.mx\"],\"url\":\"https:\\\/\\\/continuamosmx.com\\\/index.php\\\/author\\\/continuamos\\\/\"}]}<\/script>\n<!-- \/ Yoast SEO plugin. -->","yoast_head_json":{"title":"DETIENEN A DOS SUJETOS POR ROBO CON VIOLENCIA EN TRANSPORTE P\u00daBLICO EN CUAUTITL\u00c1N IZCALLI -","robots":{"index":"index","follow":"follow","max-snippet":"max-snippet:-1","max-image-preview":"max-image-preview:large","max-video-preview":"max-video-preview:-1"},"canonical":"https:\/\/continuamosmx.com\/index.php\/2026\/01\/25\/detienen-a-dos-sujetos-por-robo-con-violencia-en-transporte-publico-en-cuautitlan-izcalli\/","og_locale":"es_ES","og_type":"article","og_title":"DETIENEN A DOS SUJETOS POR ROBO CON VIOLENCIA EN TRANSPORTE P\u00daBLICO EN CUAUTITL\u00c1N IZCALLI -","og_description":"*La Comisar\u00eda General de Seguridad Ciudadana logr\u00f3 la captura tras una persecuci\u00f3n en la colonia Fidel Vel\u00e1zquez. En una oportuna intervenci\u00f3n derivada de los operativos de vigilancia y recorridos preventivos en el municipio de Cuautitl\u00e1n Izcalli, elementos de la Polic\u00eda Municipal detuvieron a dos hombres presuntamente responsables del delito de robo con violencia a transporte [&hellip;]","og_url":"https:\/\/continuamosmx.com\/index.php\/2026\/01\/25\/detienen-a-dos-sujetos-por-robo-con-violencia-en-transporte-publico-en-cuautitlan-izcalli\/","article_published_time":"2026-01-25T17:44:05+00:00","og_image":[{"width":1599,"height":1200,"url":"https:\/\/continuamosmx.com\/wp-content\/uploads\/2026\/01\/det.jpeg","type":"image\/jpeg"}],"author":"Continuamos MX","twitter_card":"summary_large_image","twitter_misc":{"Escrito por":"Continuamos MX","Tiempo de lectura":"2 minutos"},"schema":{"@context":"https:\/\/schema.org","@graph":[{"@type":"Article","@id":"https:\/\/continuamosmx.com\/index.php\/2026\/01\/25\/detienen-a-dos-sujetos-por-robo-con-violencia-en-transporte-publico-en-cuautitlan-izcalli\/#article","isPartOf":{"@id":"https:\/\/continuamosmx.com\/index.php\/2026\/01\/25\/detienen-a-dos-sujetos-por-robo-con-violencia-en-transporte-publico-en-cuautitlan-izcalli\/"},"author":{"name":"Continuamos MX","@id":"https:\/\/continuamosmx.com\/#\/schema\/person\/5eb5356acb1fad784da407d14f0e8d89"},"headline":"DETIENEN A DOS SUJETOS POR ROBO CON VIOLENCIA EN TRANSPORTE P\u00daBLICO EN CUAUTITL\u00c1N IZCALLI","datePublished":"2026-01-25T17:44:05+00:00","mainEntityOfPage":{"@id":"https:\/\/continuamosmx.com\/index.php\/2026\/01\/25\/detienen-a-dos-sujetos-por-robo-con-violencia-en-transporte-publico-en-cuautitlan-izcalli\/"},"wordCount":248,"publisher":{"@id":"https:\/\/continuamosmx.com\/#organization"},"image":{"@id":"https:\/\/continuamosmx.com\/index.php\/2026\/01\/25\/detienen-a-dos-sujetos-por-robo-con-violencia-en-transporte-publico-en-cuautitlan-izcalli\/#primaryimage"},"thumbnailUrl":"https:\/\/continuamosmx.com\/wp-content\/uploads\/2026\/01\/det.jpeg","articleSection":["C. IZCALLI","LOCALES","POLICIACA"],"inLanguage":"es"},{"@type":"WebPage","@id":"https:\/\/continuamosmx.com\/index.php\/2026\/01\/25\/detienen-a-dos-sujetos-por-robo-con-violencia-en-transporte-publico-en-cuautitlan-izcalli\/","url":"https:\/\/continuamosmx.com\/index.php\/2026\/01\/25\/detienen-a-dos-sujetos-por-robo-con-violencia-en-transporte-publico-en-cuautitlan-izcalli\/","name":"DETIENEN A DOS SUJETOS POR ROBO CON VIOLENCIA EN TRANSPORTE P\u00daBLICO EN CUAUTITL\u00c1N IZCALLI -","isPartOf":{"@id":"https:\/\/continuamosmx.com\/#website"},"primaryImageOfPage":{"@id":"https:\/\/continuamosmx.com\/index.php\/2026\/01\/25\/detienen-a-dos-sujetos-por-robo-con-violencia-en-transporte-publico-en-cuautitlan-izcalli\/#primaryimage"},"image":{"@id":"https:\/\/continuamosmx.com\/index.php\/2026\/01\/25\/detienen-a-dos-sujetos-por-robo-con-violencia-en-transporte-publico-en-cuautitlan-izcalli\/#primaryimage"},"thumbnailUrl":"https:\/\/continuamosmx.com\/wp-content\/uploads\/2026\/01\/det.jpeg","datePublished":"2026-01-25T17:44:05+00:00","breadcrumb":{"@id":"https:\/\/continuamosmx.com\/index.php\/2026\/01\/25\/detienen-a-dos-sujetos-por-robo-con-violencia-en-transporte-publico-en-cuautitlan-izcalli\/#breadcrumb"},"inLanguage":"es","potentialAction":[{"@type":"ReadAction","target":["https:\/\/continuamosmx.com\/index.php\/2026\/01\/25\/detienen-a-dos-sujetos-por-robo-con-violencia-en-transporte-publico-en-cuautitlan-izcalli\/"]}]},{"@type":"ImageObject","inLanguage":"es","@id":"https:\/\/continuamosmx.com\/index.php\/2026\/01\/25\/detienen-a-dos-sujetos-por-robo-con-violencia-en-transporte-publico-en-cuautitlan-izcalli\/#primaryimage","url":"https:\/\/continuamosmx.com\/wp-content\/uploads\/2026\/01\/det.jpeg","contentUrl":"https:\/\/continuamosmx.com\/wp-content\/uploads\/2026\/01\/det.jpeg","width":1599,"height":1200},{"@type":"BreadcrumbList","@id":"https:\/\/continuamosmx.com\/index.php\/2026\/01\/25\/detienen-a-dos-sujetos-por-robo-con-violencia-en-transporte-publico-en-cuautitlan-izcalli\/#breadcrumb","itemListElement":[{"@type":"ListItem","position":1,"name":"Inicio","item":"https:\/\/continuamosmx.com\/"},{"@type":"ListItem","position":2,"name":"DETIENEN A DOS SUJETOS POR ROBO CON VIOLENCIA EN TRANSPORTE P\u00daBLICO EN CUAUTITL\u00c1N IZCALLI"}]},{"@type":"WebSite","@id":"https:\/\/continuamosmx.com\/#website","url":"https:\/\/continuamosmx.com\/","name":"www.continuamosmx.com","description":"","publisher":{"@id":"https:\/\/continuamosmx.com\/#organization"},"potentialAction":[{"@type":"SearchAction","target":{"@type":"EntryPoint","urlTemplate":"https:\/\/continuamosmx.com\/?s={search_term_string}"},"query-input":{"@type":"PropertyValueSpecification","valueRequired":true,"valueName":"search_term_string"}}],"inLanguage":"es"},{"@type":"Organization","@id":"https:\/\/continuamosmx.com\/#organization","name":"ContinuamosMX","url":"https:\/\/continuamosmx.com\/","logo":{"@type":"ImageObject","inLanguage":"es","@id":"https:\/\/continuamosmx.com\/#\/schema\/logo\/image\/","url":"https:\/\/continuamosmx.com\/wp-content\/uploads\/2023\/04\/cropped-LOGO-CONTI-NUEVO.png","contentUrl":"https:\/\/continuamosmx.com\/wp-content\/uploads\/2023\/04\/cropped-LOGO-CONTI-NUEVO.png","width":1257,"height":430,"caption":"ContinuamosMX"},"image":{"@id":"https:\/\/continuamosmx.com\/#\/schema\/logo\/image\/"}},{"@type":"Person","@id":"https:\/\/continuamosmx.com\/#\/schema\/person\/5eb5356acb1fad784da407d14f0e8d89","name":"Continuamos MX","image":{"@type":"ImageObject","inLanguage":"es","@id":"https:\/\/secure.gravatar.com\/avatar\/30d4f9723476a15f4da34d35fb3501f08d2357016c76051c6a85c354c7489589?s=96&d=mm&r=g","url":"https:\/\/secure.gravatar.com\/avatar\/30d4f9723476a15f4da34d35fb3501f08d2357016c76051c6a85c354c7489589?s=96&d=mm&r=g","contentUrl":"https:\/\/secure.gravatar.com\/avatar\/30d4f9723476a15f4da34d35fb3501f08d2357016c76051c6a85c354c7489589?s=96&d=mm&r=g","caption":"Continuamos MX"},"sameAs":["http:\/\/www.continuamos.mx"],"url":"https:\/\/continuamosmx.com\/index.php\/author\/continuamos\/"}]}},"_links":{"self":[{"href":"https:\/\/continuamosmx.com\/index.php\/wp-json\/wp\/v2\/posts\/52294","targetHints":{"allow":["GET"]}}],"collection":[{"href":"https:\/\/continuamosmx.com\/index.php\/wp-json\/wp\/v2\/posts"}],"about":[{"href":"https:\/\/continuamosmx.com\/index.php\/wp-json\/wp\/v2\/types\/post"}],"author":[{"embeddable":true,"href":"https:\/\/continuamosmx.com\/index.php\/wp-json\/wp\/v2\/users\/6"}],"replies":[{"embeddable":true,"href":"https:\/\/continuamosmx.com\/index.php\/wp-json\/wp\/v2\/comments?post=52294"}],"version-history":[{"count":1,"href":"https:\/\/continuamosmx.com\/index.php\/wp-json\/wp\/v2\/posts\/52294\/revisions"}],"predecessor-version":[{"id":52297,"href":"https:\/\/continuamosmx.com\/index.php\/wp-json\/wp\/v2\/posts\/52294\/revisions\/52297"}],"wp:featuredmedia":[{"embeddable":true,"href":"https:\/\/continuamosmx.com\/index.php\/wp-json\/wp\/v2\/media\/52295"}],"wp:attachment":[{"href":"https:\/\/continuamosmx.com\/index.php\/wp-json\/wp\/v2\/media?parent=52294"}],"wp:term":[{"taxonomy":"category","embeddable":true,"href":"https:\/\/continuamosmx.com\/index.php\/wp-json\/wp\/v2\/categories?post=52294"},{"taxonomy":"post_tag","embeddable":true,"href":"https:\/\/continuamosmx.com\/index.php\/wp-json\/wp\/v2\/tags?post=52294"}],"curies":[{"name":"wp","href":"https:\/\/api.w.org\/{rel}","templated":true}]}}