{"id":52276,"date":"2026-01-24T11:32:55","date_gmt":"2026-01-24T17:32:55","guid":{"rendered":"https:\/\/continuamosmx.com\/?p=52276"},"modified":"2026-01-24T11:32:56","modified_gmt":"2026-01-24T17:32:56","slug":"localizan-y-reintegran-con-su-familia-a-adulto-mayor-desaparecido-en-tlalnepantla","status":"publish","type":"post","link":"https:\/\/continuamosmx.com\/index.php\/2026\/01\/24\/localizan-y-reintegran-con-su-familia-a-adulto-mayor-desaparecido-en-tlalnepantla\/","title":{"rendered":"LOCALIZAN Y REINTEGRAN CON SU FAMILIA A ADULTO MAYOR DESAPARECIDO EN TLALNEPANTLA"},"content":{"rendered":"\n<h3 class=\"wp-block-heading\">*<strong>La oportuna intervenci\u00f3n de la Comisar\u00eda General de Proximidad y Seguridad Ciudadana permiti\u00f3 el retorno seguro de un hombre de 60 a\u00f1os tras 14 d\u00edas de ausencia.<\/strong><\/h3>\n\n\n\n<p><strong>TLALNEPANTLA, ESTADO DE M\u00c9XICO.<\/strong> \u2014 Gracias a la respuesta inmediata ante un reporte ciudadano y a las labores de vigilancia del \u00c1rea de Atenci\u00f3n a V\u00edctimas del Delito, autoridades municipales lograron localizar a un hombre de la tercera edad que contaba con reporte de desaparici\u00f3n desde hace dos semanas. El hallazgo ocurri\u00f3 en la colonia Los Reyes Ixtacala, donde elementos a bordo de la unidad PD-02 detectaron a un masculino que caminaba con evidente desorientaci\u00f3n sobre la avenida Ejidos.<\/p>\n\n\n\n<p>Al entablar contacto, el ciudadano se identific\u00f3 \u00fanicamente como Julio, de 60 a\u00f1os, sin poder precisar m\u00e1s datos sobre su paradero. Ante su estado de vulnerabilidad, los oficiales procedieron a su resguardo y activaron los protocolos de b\u00fasqueda de domicilio. Tras una r\u00e1pida investigaci\u00f3n, el personal de seguridad ubic\u00f3 su residencia en la colonia Gustavo Baz, donde fue recibido por su hermana, la se\u00f1ora Estela, quien confirm\u00f3 que no ten\u00edan noticias de su paradero desde hac\u00eda quince d\u00edas.<\/p>\n\n\n\n<p>Tras validar la identidad de ambos y verificar el parentesco, los agentes reintegraron formalmente al se\u00f1or Julio a su n\u00facleo familiar. Como parte del protocolo de seguimiento, se brind\u00f3 asesor\u00eda a los familiares sobre el cuidado de personas vulnerables y se facilitaron las l\u00edneas directas del C-4 y del Sector 11 para la atenci\u00f3n de futuras emergencias. Con estas acciones, la polic\u00eda de Tlalnepantla reafirma su compromiso con la protecci\u00f3n de los sectores m\u00e1s sensibles de la poblaci\u00f3n.<\/p>\n","protected":false},"excerpt":{"rendered":"<p>*La oportuna intervenci\u00f3n de la Comisar\u00eda General de Proximidad y Seguridad Ciudadana permiti\u00f3 el retorno seguro de un hombre de 60 a\u00f1os tras 14 d\u00edas de ausencia. TLALNEPANTLA, ESTADO DE M\u00c9XICO. \u2014 Gracias a la respuesta inmediata ante un reporte ciudadano y a las labores de vigilancia del \u00c1rea de Atenci\u00f3n a V\u00edctimas del Delito, [&hellip;]<\/p>\n","protected":false},"author":6,"featured_media":52277,"comment_status":"closed","ping_status":"closed","sticky":false,"template":"","format":"standard","meta":{"footnotes":""},"categories":[4,48,79],"tags":[],"class_list":["post-52276","post","type-post","status-publish","format-standard","has-post-thumbnail","hentry","category-locales","category-policiaca","category-tlalne"],"yoast_head":"<!-- This site is optimized with the Yoast SEO plugin v27.4 - https:\/\/yoast.com\/product\/yoast-seo-wordpress\/ -->\n<title>LOCALIZAN Y REINTEGRAN CON SU FAMILIA A ADULTO MAYOR DESAPARECIDO EN TLALNEPANTLA -<\/title>\n<meta name=\"robots\" content=\"index, follow, max-snippet:-1, max-image-preview:large, max-video-preview:-1\" \/>\n<link rel=\"canonical\" href=\"https:\/\/continuamosmx.com\/index.php\/2026\/01\/24\/localizan-y-reintegran-con-su-familia-a-adulto-mayor-desaparecido-en-tlalnepantla\/\" \/>\n<meta property=\"og:locale\" content=\"es_ES\" \/>\n<meta property=\"og:type\" content=\"article\" \/>\n<meta property=\"og:title\" content=\"LOCALIZAN Y REINTEGRAN CON SU FAMILIA A ADULTO MAYOR DESAPARECIDO EN TLALNEPANTLA -\" \/>\n<meta property=\"og:description\" content=\"*La oportuna intervenci\u00f3n de la Comisar\u00eda General de Proximidad y Seguridad Ciudadana permiti\u00f3 el retorno seguro de un hombre de 60 a\u00f1os tras 14 d\u00edas de ausencia. TLALNEPANTLA, ESTADO DE M\u00c9XICO. \u2014 Gracias a la respuesta inmediata ante un reporte ciudadano y a las labores de vigilancia del \u00c1rea de Atenci\u00f3n a V\u00edctimas del Delito, [&hellip;]\" \/>\n<meta property=\"og:url\" content=\"https:\/\/continuamosmx.com\/index.php\/2026\/01\/24\/localizan-y-reintegran-con-su-familia-a-adulto-mayor-desaparecido-en-tlalnepantla\/\" \/>\n<meta property=\"article:published_time\" content=\"2026-01-24T17:32:55+00:00\" \/>\n<meta property=\"article:modified_time\" content=\"2026-01-24T17:32:56+00:00\" \/>\n<meta property=\"og:image\" content=\"https:\/\/continuamosmx.com\/wp-content\/uploads\/2026\/01\/lo.jpeg\" \/>\n\t<meta property=\"og:image:width\" content=\"1536\" \/>\n\t<meta property=\"og:image:height\" content=\"1152\" \/>\n\t<meta property=\"og:image:type\" content=\"image\/jpeg\" \/>\n<meta name=\"author\" content=\"Continuamos MX\" \/>\n<meta name=\"twitter:card\" content=\"summary_large_image\" \/>\n<meta name=\"twitter:label1\" content=\"Escrito por\" \/>\n\t<meta name=\"twitter:data1\" content=\"Continuamos MX\" \/>\n\t<meta name=\"twitter:label2\" content=\"Tiempo de lectura\" \/>\n\t<meta name=\"twitter:data2\" content=\"2 minutos\" \/>\n<script type=\"application\/ld+json\" class=\"yoast-schema-graph\">{\"@context\":\"https:\\\/\\\/schema.org\",\"@graph\":[{\"@type\":\"Article\",\"@id\":\"https:\\\/\\\/continuamosmx.com\\\/index.php\\\/2026\\\/01\\\/24\\\/localizan-y-reintegran-con-su-familia-a-adulto-mayor-desaparecido-en-tlalnepantla\\\/#article\",\"isPartOf\":{\"@id\":\"https:\\\/\\\/continuamosmx.com\\\/index.php\\\/2026\\\/01\\\/24\\\/localizan-y-reintegran-con-su-familia-a-adulto-mayor-desaparecido-en-tlalnepantla\\\/\"},\"author\":{\"name\":\"Continuamos MX\",\"@id\":\"https:\\\/\\\/continuamosmx.com\\\/#\\\/schema\\\/person\\\/5eb5356acb1fad784da407d14f0e8d89\"},\"headline\":\"LOCALIZAN Y REINTEGRAN CON SU FAMILIA A ADULTO MAYOR DESAPARECIDO EN TLALNEPANTLA\",\"datePublished\":\"2026-01-24T17:32:55+00:00\",\"dateModified\":\"2026-01-24T17:32:56+00:00\",\"mainEntityOfPage\":{\"@id\":\"https:\\\/\\\/continuamosmx.com\\\/index.php\\\/2026\\\/01\\\/24\\\/localizan-y-reintegran-con-su-familia-a-adulto-mayor-desaparecido-en-tlalnepantla\\\/\"},\"wordCount\":296,\"publisher\":{\"@id\":\"https:\\\/\\\/continuamosmx.com\\\/#organization\"},\"image\":{\"@id\":\"https:\\\/\\\/continuamosmx.com\\\/index.php\\\/2026\\\/01\\\/24\\\/localizan-y-reintegran-con-su-familia-a-adulto-mayor-desaparecido-en-tlalnepantla\\\/#primaryimage\"},\"thumbnailUrl\":\"https:\\\/\\\/continuamosmx.com\\\/wp-content\\\/uploads\\\/2026\\\/01\\\/lo.jpeg\",\"articleSection\":[\"LOCALES\",\"POLICIACA\",\"TLALNEPANTLA\"],\"inLanguage\":\"es\"},{\"@type\":\"WebPage\",\"@id\":\"https:\\\/\\\/continuamosmx.com\\\/index.php\\\/2026\\\/01\\\/24\\\/localizan-y-reintegran-con-su-familia-a-adulto-mayor-desaparecido-en-tlalnepantla\\\/\",\"url\":\"https:\\\/\\\/continuamosmx.com\\\/index.php\\\/2026\\\/01\\\/24\\\/localizan-y-reintegran-con-su-familia-a-adulto-mayor-desaparecido-en-tlalnepantla\\\/\",\"name\":\"LOCALIZAN Y REINTEGRAN CON SU FAMILIA A ADULTO MAYOR DESAPARECIDO EN TLALNEPANTLA -\",\"isPartOf\":{\"@id\":\"https:\\\/\\\/continuamosmx.com\\\/#website\"},\"primaryImageOfPage\":{\"@id\":\"https:\\\/\\\/continuamosmx.com\\\/index.php\\\/2026\\\/01\\\/24\\\/localizan-y-reintegran-con-su-familia-a-adulto-mayor-desaparecido-en-tlalnepantla\\\/#primaryimage\"},\"image\":{\"@id\":\"https:\\\/\\\/continuamosmx.com\\\/index.php\\\/2026\\\/01\\\/24\\\/localizan-y-reintegran-con-su-familia-a-adulto-mayor-desaparecido-en-tlalnepantla\\\/#primaryimage\"},\"thumbnailUrl\":\"https:\\\/\\\/continuamosmx.com\\\/wp-content\\\/uploads\\\/2026\\\/01\\\/lo.jpeg\",\"datePublished\":\"2026-01-24T17:32:55+00:00\",\"dateModified\":\"2026-01-24T17:32:56+00:00\",\"breadcrumb\":{\"@id\":\"https:\\\/\\\/continuamosmx.com\\\/index.php\\\/2026\\\/01\\\/24\\\/localizan-y-reintegran-con-su-familia-a-adulto-mayor-desaparecido-en-tlalnepantla\\\/#breadcrumb\"},\"inLanguage\":\"es\",\"potentialAction\":[{\"@type\":\"ReadAction\",\"target\":[\"https:\\\/\\\/continuamosmx.com\\\/index.php\\\/2026\\\/01\\\/24\\\/localizan-y-reintegran-con-su-familia-a-adulto-mayor-desaparecido-en-tlalnepantla\\\/\"]}]},{\"@type\":\"ImageObject\",\"inLanguage\":\"es\",\"@id\":\"https:\\\/\\\/continuamosmx.com\\\/index.php\\\/2026\\\/01\\\/24\\\/localizan-y-reintegran-con-su-familia-a-adulto-mayor-desaparecido-en-tlalnepantla\\\/#primaryimage\",\"url\":\"https:\\\/\\\/continuamosmx.com\\\/wp-content\\\/uploads\\\/2026\\\/01\\\/lo.jpeg\",\"contentUrl\":\"https:\\\/\\\/continuamosmx.com\\\/wp-content\\\/uploads\\\/2026\\\/01\\\/lo.jpeg\",\"width\":1536,\"height\":1152},{\"@type\":\"BreadcrumbList\",\"@id\":\"https:\\\/\\\/continuamosmx.com\\\/index.php\\\/2026\\\/01\\\/24\\\/localizan-y-reintegran-con-su-familia-a-adulto-mayor-desaparecido-en-tlalnepantla\\\/#breadcrumb\",\"itemListElement\":[{\"@type\":\"ListItem\",\"position\":1,\"name\":\"Inicio\",\"item\":\"https:\\\/\\\/continuamosmx.com\\\/\"},{\"@type\":\"ListItem\",\"position\":2,\"name\":\"LOCALIZAN Y REINTEGRAN CON SU FAMILIA A ADULTO MAYOR DESAPARECIDO EN TLALNEPANTLA\"}]},{\"@type\":\"WebSite\",\"@id\":\"https:\\\/\\\/continuamosmx.com\\\/#website\",\"url\":\"https:\\\/\\\/continuamosmx.com\\\/\",\"name\":\"www.continuamosmx.com\",\"description\":\"\",\"publisher\":{\"@id\":\"https:\\\/\\\/continuamosmx.com\\\/#organization\"},\"potentialAction\":[{\"@type\":\"SearchAction\",\"target\":{\"@type\":\"EntryPoint\",\"urlTemplate\":\"https:\\\/\\\/continuamosmx.com\\\/?s={search_term_string}\"},\"query-input\":{\"@type\":\"PropertyValueSpecification\",\"valueRequired\":true,\"valueName\":\"search_term_string\"}}],\"inLanguage\":\"es\"},{\"@type\":\"Organization\",\"@id\":\"https:\\\/\\\/continuamosmx.com\\\/#organization\",\"name\":\"ContinuamosMX\",\"url\":\"https:\\\/\\\/continuamosmx.com\\\/\",\"logo\":{\"@type\":\"ImageObject\",\"inLanguage\":\"es\",\"@id\":\"https:\\\/\\\/continuamosmx.com\\\/#\\\/schema\\\/logo\\\/image\\\/\",\"url\":\"https:\\\/\\\/continuamosmx.com\\\/wp-content\\\/uploads\\\/2023\\\/04\\\/cropped-LOGO-CONTI-NUEVO.png\",\"contentUrl\":\"https:\\\/\\\/continuamosmx.com\\\/wp-content\\\/uploads\\\/2023\\\/04\\\/cropped-LOGO-CONTI-NUEVO.png\",\"width\":1257,\"height\":430,\"caption\":\"ContinuamosMX\"},\"image\":{\"@id\":\"https:\\\/\\\/continuamosmx.com\\\/#\\\/schema\\\/logo\\\/image\\\/\"}},{\"@type\":\"Person\",\"@id\":\"https:\\\/\\\/continuamosmx.com\\\/#\\\/schema\\\/person\\\/5eb5356acb1fad784da407d14f0e8d89\",\"name\":\"Continuamos MX\",\"image\":{\"@type\":\"ImageObject\",\"inLanguage\":\"es\",\"@id\":\"https:\\\/\\\/secure.gravatar.com\\\/avatar\\\/30d4f9723476a15f4da34d35fb3501f08d2357016c76051c6a85c354c7489589?s=96&d=mm&r=g\",\"url\":\"https:\\\/\\\/secure.gravatar.com\\\/avatar\\\/30d4f9723476a15f4da34d35fb3501f08d2357016c76051c6a85c354c7489589?s=96&d=mm&r=g\",\"contentUrl\":\"https:\\\/\\\/secure.gravatar.com\\\/avatar\\\/30d4f9723476a15f4da34d35fb3501f08d2357016c76051c6a85c354c7489589?s=96&d=mm&r=g\",\"caption\":\"Continuamos MX\"},\"sameAs\":[\"http:\\\/\\\/www.continuamos.mx\"],\"url\":\"https:\\\/\\\/continuamosmx.com\\\/index.php\\\/author\\\/continuamos\\\/\"}]}<\/script>\n<!-- \/ Yoast SEO plugin. -->","yoast_head_json":{"title":"LOCALIZAN Y REINTEGRAN CON SU FAMILIA A ADULTO MAYOR DESAPARECIDO EN TLALNEPANTLA -","robots":{"index":"index","follow":"follow","max-snippet":"max-snippet:-1","max-image-preview":"max-image-preview:large","max-video-preview":"max-video-preview:-1"},"canonical":"https:\/\/continuamosmx.com\/index.php\/2026\/01\/24\/localizan-y-reintegran-con-su-familia-a-adulto-mayor-desaparecido-en-tlalnepantla\/","og_locale":"es_ES","og_type":"article","og_title":"LOCALIZAN Y REINTEGRAN CON SU FAMILIA A ADULTO MAYOR DESAPARECIDO EN TLALNEPANTLA -","og_description":"*La oportuna intervenci\u00f3n de la Comisar\u00eda General de Proximidad y Seguridad Ciudadana permiti\u00f3 el retorno seguro de un hombre de 60 a\u00f1os tras 14 d\u00edas de ausencia. TLALNEPANTLA, ESTADO DE M\u00c9XICO. \u2014 Gracias a la respuesta inmediata ante un reporte ciudadano y a las labores de vigilancia del \u00c1rea de Atenci\u00f3n a V\u00edctimas del Delito, [&hellip;]","og_url":"https:\/\/continuamosmx.com\/index.php\/2026\/01\/24\/localizan-y-reintegran-con-su-familia-a-adulto-mayor-desaparecido-en-tlalnepantla\/","article_published_time":"2026-01-24T17:32:55+00:00","article_modified_time":"2026-01-24T17:32:56+00:00","og_image":[{"width":1536,"height":1152,"url":"https:\/\/continuamosmx.com\/wp-content\/uploads\/2026\/01\/lo.jpeg","type":"image\/jpeg"}],"author":"Continuamos MX","twitter_card":"summary_large_image","twitter_misc":{"Escrito por":"Continuamos MX","Tiempo de lectura":"2 minutos"},"schema":{"@context":"https:\/\/schema.org","@graph":[{"@type":"Article","@id":"https:\/\/continuamosmx.com\/index.php\/2026\/01\/24\/localizan-y-reintegran-con-su-familia-a-adulto-mayor-desaparecido-en-tlalnepantla\/#article","isPartOf":{"@id":"https:\/\/continuamosmx.com\/index.php\/2026\/01\/24\/localizan-y-reintegran-con-su-familia-a-adulto-mayor-desaparecido-en-tlalnepantla\/"},"author":{"name":"Continuamos MX","@id":"https:\/\/continuamosmx.com\/#\/schema\/person\/5eb5356acb1fad784da407d14f0e8d89"},"headline":"LOCALIZAN Y REINTEGRAN CON SU FAMILIA A ADULTO MAYOR DESAPARECIDO EN TLALNEPANTLA","datePublished":"2026-01-24T17:32:55+00:00","dateModified":"2026-01-24T17:32:56+00:00","mainEntityOfPage":{"@id":"https:\/\/continuamosmx.com\/index.php\/2026\/01\/24\/localizan-y-reintegran-con-su-familia-a-adulto-mayor-desaparecido-en-tlalnepantla\/"},"wordCount":296,"publisher":{"@id":"https:\/\/continuamosmx.com\/#organization"},"image":{"@id":"https:\/\/continuamosmx.com\/index.php\/2026\/01\/24\/localizan-y-reintegran-con-su-familia-a-adulto-mayor-desaparecido-en-tlalnepantla\/#primaryimage"},"thumbnailUrl":"https:\/\/continuamosmx.com\/wp-content\/uploads\/2026\/01\/lo.jpeg","articleSection":["LOCALES","POLICIACA","TLALNEPANTLA"],"inLanguage":"es"},{"@type":"WebPage","@id":"https:\/\/continuamosmx.com\/index.php\/2026\/01\/24\/localizan-y-reintegran-con-su-familia-a-adulto-mayor-desaparecido-en-tlalnepantla\/","url":"https:\/\/continuamosmx.com\/index.php\/2026\/01\/24\/localizan-y-reintegran-con-su-familia-a-adulto-mayor-desaparecido-en-tlalnepantla\/","name":"LOCALIZAN Y REINTEGRAN CON SU FAMILIA A ADULTO MAYOR DESAPARECIDO EN TLALNEPANTLA -","isPartOf":{"@id":"https:\/\/continuamosmx.com\/#website"},"primaryImageOfPage":{"@id":"https:\/\/continuamosmx.com\/index.php\/2026\/01\/24\/localizan-y-reintegran-con-su-familia-a-adulto-mayor-desaparecido-en-tlalnepantla\/#primaryimage"},"image":{"@id":"https:\/\/continuamosmx.com\/index.php\/2026\/01\/24\/localizan-y-reintegran-con-su-familia-a-adulto-mayor-desaparecido-en-tlalnepantla\/#primaryimage"},"thumbnailUrl":"https:\/\/continuamosmx.com\/wp-content\/uploads\/2026\/01\/lo.jpeg","datePublished":"2026-01-24T17:32:55+00:00","dateModified":"2026-01-24T17:32:56+00:00","breadcrumb":{"@id":"https:\/\/continuamosmx.com\/index.php\/2026\/01\/24\/localizan-y-reintegran-con-su-familia-a-adulto-mayor-desaparecido-en-tlalnepantla\/#breadcrumb"},"inLanguage":"es","potentialAction":[{"@type":"ReadAction","target":["https:\/\/continuamosmx.com\/index.php\/2026\/01\/24\/localizan-y-reintegran-con-su-familia-a-adulto-mayor-desaparecido-en-tlalnepantla\/"]}]},{"@type":"ImageObject","inLanguage":"es","@id":"https:\/\/continuamosmx.com\/index.php\/2026\/01\/24\/localizan-y-reintegran-con-su-familia-a-adulto-mayor-desaparecido-en-tlalnepantla\/#primaryimage","url":"https:\/\/continuamosmx.com\/wp-content\/uploads\/2026\/01\/lo.jpeg","contentUrl":"https:\/\/continuamosmx.com\/wp-content\/uploads\/2026\/01\/lo.jpeg","width":1536,"height":1152},{"@type":"BreadcrumbList","@id":"https:\/\/continuamosmx.com\/index.php\/2026\/01\/24\/localizan-y-reintegran-con-su-familia-a-adulto-mayor-desaparecido-en-tlalnepantla\/#breadcrumb","itemListElement":[{"@type":"ListItem","position":1,"name":"Inicio","item":"https:\/\/continuamosmx.com\/"},{"@type":"ListItem","position":2,"name":"LOCALIZAN Y REINTEGRAN CON SU FAMILIA A ADULTO MAYOR DESAPARECIDO EN TLALNEPANTLA"}]},{"@type":"WebSite","@id":"https:\/\/continuamosmx.com\/#website","url":"https:\/\/continuamosmx.com\/","name":"www.continuamosmx.com","description":"","publisher":{"@id":"https:\/\/continuamosmx.com\/#organization"},"potentialAction":[{"@type":"SearchAction","target":{"@type":"EntryPoint","urlTemplate":"https:\/\/continuamosmx.com\/?s={search_term_string}"},"query-input":{"@type":"PropertyValueSpecification","valueRequired":true,"valueName":"search_term_string"}}],"inLanguage":"es"},{"@type":"Organization","@id":"https:\/\/continuamosmx.com\/#organization","name":"ContinuamosMX","url":"https:\/\/continuamosmx.com\/","logo":{"@type":"ImageObject","inLanguage":"es","@id":"https:\/\/continuamosmx.com\/#\/schema\/logo\/image\/","url":"https:\/\/continuamosmx.com\/wp-content\/uploads\/2023\/04\/cropped-LOGO-CONTI-NUEVO.png","contentUrl":"https:\/\/continuamosmx.com\/wp-content\/uploads\/2023\/04\/cropped-LOGO-CONTI-NUEVO.png","width":1257,"height":430,"caption":"ContinuamosMX"},"image":{"@id":"https:\/\/continuamosmx.com\/#\/schema\/logo\/image\/"}},{"@type":"Person","@id":"https:\/\/continuamosmx.com\/#\/schema\/person\/5eb5356acb1fad784da407d14f0e8d89","name":"Continuamos MX","image":{"@type":"ImageObject","inLanguage":"es","@id":"https:\/\/secure.gravatar.com\/avatar\/30d4f9723476a15f4da34d35fb3501f08d2357016c76051c6a85c354c7489589?s=96&d=mm&r=g","url":"https:\/\/secure.gravatar.com\/avatar\/30d4f9723476a15f4da34d35fb3501f08d2357016c76051c6a85c354c7489589?s=96&d=mm&r=g","contentUrl":"https:\/\/secure.gravatar.com\/avatar\/30d4f9723476a15f4da34d35fb3501f08d2357016c76051c6a85c354c7489589?s=96&d=mm&r=g","caption":"Continuamos MX"},"sameAs":["http:\/\/www.continuamos.mx"],"url":"https:\/\/continuamosmx.com\/index.php\/author\/continuamos\/"}]}},"_links":{"self":[{"href":"https:\/\/continuamosmx.com\/index.php\/wp-json\/wp\/v2\/posts\/52276","targetHints":{"allow":["GET"]}}],"collection":[{"href":"https:\/\/continuamosmx.com\/index.php\/wp-json\/wp\/v2\/posts"}],"about":[{"href":"https:\/\/continuamosmx.com\/index.php\/wp-json\/wp\/v2\/types\/post"}],"author":[{"embeddable":true,"href":"https:\/\/continuamosmx.com\/index.php\/wp-json\/wp\/v2\/users\/6"}],"replies":[{"embeddable":true,"href":"https:\/\/continuamosmx.com\/index.php\/wp-json\/wp\/v2\/comments?post=52276"}],"version-history":[{"count":1,"href":"https:\/\/continuamosmx.com\/index.php\/wp-json\/wp\/v2\/posts\/52276\/revisions"}],"predecessor-version":[{"id":52278,"href":"https:\/\/continuamosmx.com\/index.php\/wp-json\/wp\/v2\/posts\/52276\/revisions\/52278"}],"wp:featuredmedia":[{"embeddable":true,"href":"https:\/\/continuamosmx.com\/index.php\/wp-json\/wp\/v2\/media\/52277"}],"wp:attachment":[{"href":"https:\/\/continuamosmx.com\/index.php\/wp-json\/wp\/v2\/media?parent=52276"}],"wp:term":[{"taxonomy":"category","embeddable":true,"href":"https:\/\/continuamosmx.com\/index.php\/wp-json\/wp\/v2\/categories?post=52276"},{"taxonomy":"post_tag","embeddable":true,"href":"https:\/\/continuamosmx.com\/index.php\/wp-json\/wp\/v2\/tags?post=52276"}],"curies":[{"name":"wp","href":"https:\/\/api.w.org\/{rel}","templated":true}]}}