{"id":52254,"date":"2026-01-23T20:17:08","date_gmt":"2026-01-24T02:17:08","guid":{"rendered":"https:\/\/continuamosmx.com\/?p=52254"},"modified":"2026-01-23T20:17:09","modified_gmt":"2026-01-24T02:17:09","slug":"cabildo-de-cuautitlan-establece-leyenda-oficial-para-la-correspondencia-institucional-2026","status":"publish","type":"post","link":"https:\/\/continuamosmx.com\/index.php\/2026\/01\/23\/cabildo-de-cuautitlan-establece-leyenda-oficial-para-la-correspondencia-institucional-2026\/","title":{"rendered":"CABILDO DE CUAUTITL\u00c1N ESTABLECE LEYENDA OFICIAL PARA LA CORRESPONDENCIA INSTITUCIONAL 2026"},"content":{"rendered":"\n<h3 class=\"wp-block-heading\">*<strong>El cuerpo edilicio aprob\u00f3 por mayor\u00eda la incorporaci\u00f3n del lema \u201c2026, A\u00f1o de Andr\u00e9s Manuel L\u00f3pez Obrador\u201d en toda la documentaci\u00f3n y comunicaciones del gobierno municipal.<\/strong><\/h3>\n\n\n\n<p><strong>CUAUTITL\u00c1N, Estado de M\u00e9xico.<\/strong> \u2013 En el marco de la reciente sesi\u00f3n de Cabildo, el Ayuntamiento de Cuautitl\u00e1n aval\u00f3 una modificaci\u00f3n significativa en la identidad gr\u00e1fica y administrativa de la administraci\u00f3n local. Con una votaci\u00f3n de seis sufragios a favor, dos en contra y tres abstenciones, se determin\u00f3 que toda la correspondencia oficial emitida durante el presente a\u00f1o deber\u00e1 portar la leyenda: \u201c2026, A\u00f1o de Andr\u00e9s Manuel L\u00f3pez Obrador\u201d.<\/p>\n\n\n\n<p>Esta disposici\u00f3n es de car\u00e1cter obligatorio para todas las dependencias que integran el Ayuntamiento, as\u00ed como para los organismos descentralizados, incluyendo el Sistema Municipal DIF, la Defensor\u00eda de Derechos Humanos y las autoridades auxiliares. El secretario del Ayuntamiento, Alberto Romero Reyes, fundament\u00f3 la propuesta se\u00f1alando que esta medida busca fortalecer la conciencia c\u00edvica y los valores de patriotismo dentro de la gesti\u00f3n p\u00fablica.<\/p>\n\n\n\n<p>Asimismo, las autoridades municipales precisaron que esta nueva nomenclatura sustituye a la anteriormente establecida, denominada \u201c2026, A\u00f1o del Humanismo en el Estado de M\u00e9xico\u201d. Se enfatiz\u00f3 que el gobierno local cuenta con las facultades legales necesarias para realizar este ajuste, el cual pretende reflejar los principios de austeridad republicana, igualdad y compromiso social que rigen el actuar de la actual administraci\u00f3n municipal en el ejercicio de sus funciones.<\/p>\n","protected":false},"excerpt":{"rendered":"<p>*El cuerpo edilicio aprob\u00f3 por mayor\u00eda la incorporaci\u00f3n del lema \u201c2026, A\u00f1o de Andr\u00e9s Manuel L\u00f3pez Obrador\u201d en toda la documentaci\u00f3n y comunicaciones del gobierno municipal. CUAUTITL\u00c1N, Estado de M\u00e9xico. \u2013 En el marco de la reciente sesi\u00f3n de Cabildo, el Ayuntamiento de Cuautitl\u00e1n aval\u00f3 una modificaci\u00f3n significativa en la identidad gr\u00e1fica y administrativa de [&hellip;]<\/p>\n","protected":false},"author":6,"featured_media":52255,"comment_status":"closed","ping_status":"closed","sticky":false,"template":"","format":"standard","meta":{"footnotes":""},"categories":[29,4],"tags":[],"class_list":["post-52254","post","type-post","status-publish","format-standard","has-post-thumbnail","hentry","category-cuautitlan","category-locales"],"yoast_head":"<!-- This site is optimized with the Yoast SEO plugin v27.4 - https:\/\/yoast.com\/product\/yoast-seo-wordpress\/ -->\n<title>CABILDO DE CUAUTITL\u00c1N ESTABLECE LEYENDA OFICIAL PARA LA CORRESPONDENCIA INSTITUCIONAL 2026 -<\/title>\n<meta name=\"robots\" content=\"index, follow, max-snippet:-1, max-image-preview:large, max-video-preview:-1\" \/>\n<link rel=\"canonical\" href=\"https:\/\/continuamosmx.com\/index.php\/2026\/01\/23\/cabildo-de-cuautitlan-establece-leyenda-oficial-para-la-correspondencia-institucional-2026\/\" \/>\n<meta property=\"og:locale\" content=\"es_ES\" \/>\n<meta property=\"og:type\" content=\"article\" \/>\n<meta property=\"og:title\" content=\"CABILDO DE CUAUTITL\u00c1N ESTABLECE LEYENDA OFICIAL PARA LA CORRESPONDENCIA INSTITUCIONAL 2026 -\" \/>\n<meta property=\"og:description\" content=\"*El cuerpo edilicio aprob\u00f3 por mayor\u00eda la incorporaci\u00f3n del lema \u201c2026, A\u00f1o de Andr\u00e9s Manuel L\u00f3pez Obrador\u201d en toda la documentaci\u00f3n y comunicaciones del gobierno municipal. CUAUTITL\u00c1N, Estado de M\u00e9xico. \u2013 En el marco de la reciente sesi\u00f3n de Cabildo, el Ayuntamiento de Cuautitl\u00e1n aval\u00f3 una modificaci\u00f3n significativa en la identidad gr\u00e1fica y administrativa de [&hellip;]\" \/>\n<meta property=\"og:url\" content=\"https:\/\/continuamosmx.com\/index.php\/2026\/01\/23\/cabildo-de-cuautitlan-establece-leyenda-oficial-para-la-correspondencia-institucional-2026\/\" \/>\n<meta property=\"article:published_time\" content=\"2026-01-24T02:17:08+00:00\" \/>\n<meta property=\"article:modified_time\" content=\"2026-01-24T02:17:09+00:00\" \/>\n<meta property=\"og:image\" content=\"https:\/\/continuamosmx.com\/wp-content\/uploads\/2026\/01\/CA2.jpeg\" \/>\n\t<meta property=\"og:image:width\" content=\"1600\" \/>\n\t<meta property=\"og:image:height\" content=\"898\" \/>\n\t<meta property=\"og:image:type\" content=\"image\/jpeg\" \/>\n<meta name=\"author\" content=\"Continuamos MX\" \/>\n<meta name=\"twitter:card\" content=\"summary_large_image\" \/>\n<meta name=\"twitter:label1\" content=\"Escrito por\" \/>\n\t<meta name=\"twitter:data1\" content=\"Continuamos MX\" \/>\n\t<meta name=\"twitter:label2\" content=\"Tiempo de lectura\" \/>\n\t<meta name=\"twitter:data2\" content=\"2 minutos\" \/>\n<script type=\"application\/ld+json\" class=\"yoast-schema-graph\">{\"@context\":\"https:\\\/\\\/schema.org\",\"@graph\":[{\"@type\":\"Article\",\"@id\":\"https:\\\/\\\/continuamosmx.com\\\/index.php\\\/2026\\\/01\\\/23\\\/cabildo-de-cuautitlan-establece-leyenda-oficial-para-la-correspondencia-institucional-2026\\\/#article\",\"isPartOf\":{\"@id\":\"https:\\\/\\\/continuamosmx.com\\\/index.php\\\/2026\\\/01\\\/23\\\/cabildo-de-cuautitlan-establece-leyenda-oficial-para-la-correspondencia-institucional-2026\\\/\"},\"author\":{\"name\":\"Continuamos MX\",\"@id\":\"https:\\\/\\\/continuamosmx.com\\\/#\\\/schema\\\/person\\\/5eb5356acb1fad784da407d14f0e8d89\"},\"headline\":\"CABILDO DE CUAUTITL\u00c1N ESTABLECE LEYENDA OFICIAL PARA LA CORRESPONDENCIA INSTITUCIONAL 2026\",\"datePublished\":\"2026-01-24T02:17:08+00:00\",\"dateModified\":\"2026-01-24T02:17:09+00:00\",\"mainEntityOfPage\":{\"@id\":\"https:\\\/\\\/continuamosmx.com\\\/index.php\\\/2026\\\/01\\\/23\\\/cabildo-de-cuautitlan-establece-leyenda-oficial-para-la-correspondencia-institucional-2026\\\/\"},\"wordCount\":261,\"publisher\":{\"@id\":\"https:\\\/\\\/continuamosmx.com\\\/#organization\"},\"image\":{\"@id\":\"https:\\\/\\\/continuamosmx.com\\\/index.php\\\/2026\\\/01\\\/23\\\/cabildo-de-cuautitlan-establece-leyenda-oficial-para-la-correspondencia-institucional-2026\\\/#primaryimage\"},\"thumbnailUrl\":\"https:\\\/\\\/continuamosmx.com\\\/wp-content\\\/uploads\\\/2026\\\/01\\\/CA2.jpeg\",\"articleSection\":[\"CUAUTITL\u00c1N\",\"LOCALES\"],\"inLanguage\":\"es\"},{\"@type\":\"WebPage\",\"@id\":\"https:\\\/\\\/continuamosmx.com\\\/index.php\\\/2026\\\/01\\\/23\\\/cabildo-de-cuautitlan-establece-leyenda-oficial-para-la-correspondencia-institucional-2026\\\/\",\"url\":\"https:\\\/\\\/continuamosmx.com\\\/index.php\\\/2026\\\/01\\\/23\\\/cabildo-de-cuautitlan-establece-leyenda-oficial-para-la-correspondencia-institucional-2026\\\/\",\"name\":\"CABILDO DE CUAUTITL\u00c1N ESTABLECE LEYENDA OFICIAL PARA LA CORRESPONDENCIA INSTITUCIONAL 2026 -\",\"isPartOf\":{\"@id\":\"https:\\\/\\\/continuamosmx.com\\\/#website\"},\"primaryImageOfPage\":{\"@id\":\"https:\\\/\\\/continuamosmx.com\\\/index.php\\\/2026\\\/01\\\/23\\\/cabildo-de-cuautitlan-establece-leyenda-oficial-para-la-correspondencia-institucional-2026\\\/#primaryimage\"},\"image\":{\"@id\":\"https:\\\/\\\/continuamosmx.com\\\/index.php\\\/2026\\\/01\\\/23\\\/cabildo-de-cuautitlan-establece-leyenda-oficial-para-la-correspondencia-institucional-2026\\\/#primaryimage\"},\"thumbnailUrl\":\"https:\\\/\\\/continuamosmx.com\\\/wp-content\\\/uploads\\\/2026\\\/01\\\/CA2.jpeg\",\"datePublished\":\"2026-01-24T02:17:08+00:00\",\"dateModified\":\"2026-01-24T02:17:09+00:00\",\"breadcrumb\":{\"@id\":\"https:\\\/\\\/continuamosmx.com\\\/index.php\\\/2026\\\/01\\\/23\\\/cabildo-de-cuautitlan-establece-leyenda-oficial-para-la-correspondencia-institucional-2026\\\/#breadcrumb\"},\"inLanguage\":\"es\",\"potentialAction\":[{\"@type\":\"ReadAction\",\"target\":[\"https:\\\/\\\/continuamosmx.com\\\/index.php\\\/2026\\\/01\\\/23\\\/cabildo-de-cuautitlan-establece-leyenda-oficial-para-la-correspondencia-institucional-2026\\\/\"]}]},{\"@type\":\"ImageObject\",\"inLanguage\":\"es\",\"@id\":\"https:\\\/\\\/continuamosmx.com\\\/index.php\\\/2026\\\/01\\\/23\\\/cabildo-de-cuautitlan-establece-leyenda-oficial-para-la-correspondencia-institucional-2026\\\/#primaryimage\",\"url\":\"https:\\\/\\\/continuamosmx.com\\\/wp-content\\\/uploads\\\/2026\\\/01\\\/CA2.jpeg\",\"contentUrl\":\"https:\\\/\\\/continuamosmx.com\\\/wp-content\\\/uploads\\\/2026\\\/01\\\/CA2.jpeg\",\"width\":1600,\"height\":898},{\"@type\":\"BreadcrumbList\",\"@id\":\"https:\\\/\\\/continuamosmx.com\\\/index.php\\\/2026\\\/01\\\/23\\\/cabildo-de-cuautitlan-establece-leyenda-oficial-para-la-correspondencia-institucional-2026\\\/#breadcrumb\",\"itemListElement\":[{\"@type\":\"ListItem\",\"position\":1,\"name\":\"Inicio\",\"item\":\"https:\\\/\\\/continuamosmx.com\\\/\"},{\"@type\":\"ListItem\",\"position\":2,\"name\":\"CABILDO DE CUAUTITL\u00c1N ESTABLECE LEYENDA OFICIAL PARA LA CORRESPONDENCIA INSTITUCIONAL 2026\"}]},{\"@type\":\"WebSite\",\"@id\":\"https:\\\/\\\/continuamosmx.com\\\/#website\",\"url\":\"https:\\\/\\\/continuamosmx.com\\\/\",\"name\":\"www.continuamosmx.com\",\"description\":\"\",\"publisher\":{\"@id\":\"https:\\\/\\\/continuamosmx.com\\\/#organization\"},\"potentialAction\":[{\"@type\":\"SearchAction\",\"target\":{\"@type\":\"EntryPoint\",\"urlTemplate\":\"https:\\\/\\\/continuamosmx.com\\\/?s={search_term_string}\"},\"query-input\":{\"@type\":\"PropertyValueSpecification\",\"valueRequired\":true,\"valueName\":\"search_term_string\"}}],\"inLanguage\":\"es\"},{\"@type\":\"Organization\",\"@id\":\"https:\\\/\\\/continuamosmx.com\\\/#organization\",\"name\":\"ContinuamosMX\",\"url\":\"https:\\\/\\\/continuamosmx.com\\\/\",\"logo\":{\"@type\":\"ImageObject\",\"inLanguage\":\"es\",\"@id\":\"https:\\\/\\\/continuamosmx.com\\\/#\\\/schema\\\/logo\\\/image\\\/\",\"url\":\"https:\\\/\\\/continuamosmx.com\\\/wp-content\\\/uploads\\\/2023\\\/04\\\/cropped-LOGO-CONTI-NUEVO.png\",\"contentUrl\":\"https:\\\/\\\/continuamosmx.com\\\/wp-content\\\/uploads\\\/2023\\\/04\\\/cropped-LOGO-CONTI-NUEVO.png\",\"width\":1257,\"height\":430,\"caption\":\"ContinuamosMX\"},\"image\":{\"@id\":\"https:\\\/\\\/continuamosmx.com\\\/#\\\/schema\\\/logo\\\/image\\\/\"}},{\"@type\":\"Person\",\"@id\":\"https:\\\/\\\/continuamosmx.com\\\/#\\\/schema\\\/person\\\/5eb5356acb1fad784da407d14f0e8d89\",\"name\":\"Continuamos MX\",\"image\":{\"@type\":\"ImageObject\",\"inLanguage\":\"es\",\"@id\":\"https:\\\/\\\/secure.gravatar.com\\\/avatar\\\/30d4f9723476a15f4da34d35fb3501f08d2357016c76051c6a85c354c7489589?s=96&d=mm&r=g\",\"url\":\"https:\\\/\\\/secure.gravatar.com\\\/avatar\\\/30d4f9723476a15f4da34d35fb3501f08d2357016c76051c6a85c354c7489589?s=96&d=mm&r=g\",\"contentUrl\":\"https:\\\/\\\/secure.gravatar.com\\\/avatar\\\/30d4f9723476a15f4da34d35fb3501f08d2357016c76051c6a85c354c7489589?s=96&d=mm&r=g\",\"caption\":\"Continuamos MX\"},\"sameAs\":[\"http:\\\/\\\/www.continuamos.mx\"],\"url\":\"https:\\\/\\\/continuamosmx.com\\\/index.php\\\/author\\\/continuamos\\\/\"}]}<\/script>\n<!-- \/ Yoast SEO plugin. -->","yoast_head_json":{"title":"CABILDO DE CUAUTITL\u00c1N ESTABLECE LEYENDA OFICIAL PARA LA CORRESPONDENCIA INSTITUCIONAL 2026 -","robots":{"index":"index","follow":"follow","max-snippet":"max-snippet:-1","max-image-preview":"max-image-preview:large","max-video-preview":"max-video-preview:-1"},"canonical":"https:\/\/continuamosmx.com\/index.php\/2026\/01\/23\/cabildo-de-cuautitlan-establece-leyenda-oficial-para-la-correspondencia-institucional-2026\/","og_locale":"es_ES","og_type":"article","og_title":"CABILDO DE CUAUTITL\u00c1N ESTABLECE LEYENDA OFICIAL PARA LA CORRESPONDENCIA INSTITUCIONAL 2026 -","og_description":"*El cuerpo edilicio aprob\u00f3 por mayor\u00eda la incorporaci\u00f3n del lema \u201c2026, A\u00f1o de Andr\u00e9s Manuel L\u00f3pez Obrador\u201d en toda la documentaci\u00f3n y comunicaciones del gobierno municipal. CUAUTITL\u00c1N, Estado de M\u00e9xico. \u2013 En el marco de la reciente sesi\u00f3n de Cabildo, el Ayuntamiento de Cuautitl\u00e1n aval\u00f3 una modificaci\u00f3n significativa en la identidad gr\u00e1fica y administrativa de [&hellip;]","og_url":"https:\/\/continuamosmx.com\/index.php\/2026\/01\/23\/cabildo-de-cuautitlan-establece-leyenda-oficial-para-la-correspondencia-institucional-2026\/","article_published_time":"2026-01-24T02:17:08+00:00","article_modified_time":"2026-01-24T02:17:09+00:00","og_image":[{"width":1600,"height":898,"url":"https:\/\/continuamosmx.com\/wp-content\/uploads\/2026\/01\/CA2.jpeg","type":"image\/jpeg"}],"author":"Continuamos MX","twitter_card":"summary_large_image","twitter_misc":{"Escrito por":"Continuamos MX","Tiempo de lectura":"2 minutos"},"schema":{"@context":"https:\/\/schema.org","@graph":[{"@type":"Article","@id":"https:\/\/continuamosmx.com\/index.php\/2026\/01\/23\/cabildo-de-cuautitlan-establece-leyenda-oficial-para-la-correspondencia-institucional-2026\/#article","isPartOf":{"@id":"https:\/\/continuamosmx.com\/index.php\/2026\/01\/23\/cabildo-de-cuautitlan-establece-leyenda-oficial-para-la-correspondencia-institucional-2026\/"},"author":{"name":"Continuamos MX","@id":"https:\/\/continuamosmx.com\/#\/schema\/person\/5eb5356acb1fad784da407d14f0e8d89"},"headline":"CABILDO DE CUAUTITL\u00c1N ESTABLECE LEYENDA OFICIAL PARA LA CORRESPONDENCIA INSTITUCIONAL 2026","datePublished":"2026-01-24T02:17:08+00:00","dateModified":"2026-01-24T02:17:09+00:00","mainEntityOfPage":{"@id":"https:\/\/continuamosmx.com\/index.php\/2026\/01\/23\/cabildo-de-cuautitlan-establece-leyenda-oficial-para-la-correspondencia-institucional-2026\/"},"wordCount":261,"publisher":{"@id":"https:\/\/continuamosmx.com\/#organization"},"image":{"@id":"https:\/\/continuamosmx.com\/index.php\/2026\/01\/23\/cabildo-de-cuautitlan-establece-leyenda-oficial-para-la-correspondencia-institucional-2026\/#primaryimage"},"thumbnailUrl":"https:\/\/continuamosmx.com\/wp-content\/uploads\/2026\/01\/CA2.jpeg","articleSection":["CUAUTITL\u00c1N","LOCALES"],"inLanguage":"es"},{"@type":"WebPage","@id":"https:\/\/continuamosmx.com\/index.php\/2026\/01\/23\/cabildo-de-cuautitlan-establece-leyenda-oficial-para-la-correspondencia-institucional-2026\/","url":"https:\/\/continuamosmx.com\/index.php\/2026\/01\/23\/cabildo-de-cuautitlan-establece-leyenda-oficial-para-la-correspondencia-institucional-2026\/","name":"CABILDO DE CUAUTITL\u00c1N ESTABLECE LEYENDA OFICIAL PARA LA CORRESPONDENCIA INSTITUCIONAL 2026 -","isPartOf":{"@id":"https:\/\/continuamosmx.com\/#website"},"primaryImageOfPage":{"@id":"https:\/\/continuamosmx.com\/index.php\/2026\/01\/23\/cabildo-de-cuautitlan-establece-leyenda-oficial-para-la-correspondencia-institucional-2026\/#primaryimage"},"image":{"@id":"https:\/\/continuamosmx.com\/index.php\/2026\/01\/23\/cabildo-de-cuautitlan-establece-leyenda-oficial-para-la-correspondencia-institucional-2026\/#primaryimage"},"thumbnailUrl":"https:\/\/continuamosmx.com\/wp-content\/uploads\/2026\/01\/CA2.jpeg","datePublished":"2026-01-24T02:17:08+00:00","dateModified":"2026-01-24T02:17:09+00:00","breadcrumb":{"@id":"https:\/\/continuamosmx.com\/index.php\/2026\/01\/23\/cabildo-de-cuautitlan-establece-leyenda-oficial-para-la-correspondencia-institucional-2026\/#breadcrumb"},"inLanguage":"es","potentialAction":[{"@type":"ReadAction","target":["https:\/\/continuamosmx.com\/index.php\/2026\/01\/23\/cabildo-de-cuautitlan-establece-leyenda-oficial-para-la-correspondencia-institucional-2026\/"]}]},{"@type":"ImageObject","inLanguage":"es","@id":"https:\/\/continuamosmx.com\/index.php\/2026\/01\/23\/cabildo-de-cuautitlan-establece-leyenda-oficial-para-la-correspondencia-institucional-2026\/#primaryimage","url":"https:\/\/continuamosmx.com\/wp-content\/uploads\/2026\/01\/CA2.jpeg","contentUrl":"https:\/\/continuamosmx.com\/wp-content\/uploads\/2026\/01\/CA2.jpeg","width":1600,"height":898},{"@type":"BreadcrumbList","@id":"https:\/\/continuamosmx.com\/index.php\/2026\/01\/23\/cabildo-de-cuautitlan-establece-leyenda-oficial-para-la-correspondencia-institucional-2026\/#breadcrumb","itemListElement":[{"@type":"ListItem","position":1,"name":"Inicio","item":"https:\/\/continuamosmx.com\/"},{"@type":"ListItem","position":2,"name":"CABILDO DE CUAUTITL\u00c1N ESTABLECE LEYENDA OFICIAL PARA LA CORRESPONDENCIA INSTITUCIONAL 2026"}]},{"@type":"WebSite","@id":"https:\/\/continuamosmx.com\/#website","url":"https:\/\/continuamosmx.com\/","name":"www.continuamosmx.com","description":"","publisher":{"@id":"https:\/\/continuamosmx.com\/#organization"},"potentialAction":[{"@type":"SearchAction","target":{"@type":"EntryPoint","urlTemplate":"https:\/\/continuamosmx.com\/?s={search_term_string}"},"query-input":{"@type":"PropertyValueSpecification","valueRequired":true,"valueName":"search_term_string"}}],"inLanguage":"es"},{"@type":"Organization","@id":"https:\/\/continuamosmx.com\/#organization","name":"ContinuamosMX","url":"https:\/\/continuamosmx.com\/","logo":{"@type":"ImageObject","inLanguage":"es","@id":"https:\/\/continuamosmx.com\/#\/schema\/logo\/image\/","url":"https:\/\/continuamosmx.com\/wp-content\/uploads\/2023\/04\/cropped-LOGO-CONTI-NUEVO.png","contentUrl":"https:\/\/continuamosmx.com\/wp-content\/uploads\/2023\/04\/cropped-LOGO-CONTI-NUEVO.png","width":1257,"height":430,"caption":"ContinuamosMX"},"image":{"@id":"https:\/\/continuamosmx.com\/#\/schema\/logo\/image\/"}},{"@type":"Person","@id":"https:\/\/continuamosmx.com\/#\/schema\/person\/5eb5356acb1fad784da407d14f0e8d89","name":"Continuamos MX","image":{"@type":"ImageObject","inLanguage":"es","@id":"https:\/\/secure.gravatar.com\/avatar\/30d4f9723476a15f4da34d35fb3501f08d2357016c76051c6a85c354c7489589?s=96&d=mm&r=g","url":"https:\/\/secure.gravatar.com\/avatar\/30d4f9723476a15f4da34d35fb3501f08d2357016c76051c6a85c354c7489589?s=96&d=mm&r=g","contentUrl":"https:\/\/secure.gravatar.com\/avatar\/30d4f9723476a15f4da34d35fb3501f08d2357016c76051c6a85c354c7489589?s=96&d=mm&r=g","caption":"Continuamos MX"},"sameAs":["http:\/\/www.continuamos.mx"],"url":"https:\/\/continuamosmx.com\/index.php\/author\/continuamos\/"}]}},"_links":{"self":[{"href":"https:\/\/continuamosmx.com\/index.php\/wp-json\/wp\/v2\/posts\/52254","targetHints":{"allow":["GET"]}}],"collection":[{"href":"https:\/\/continuamosmx.com\/index.php\/wp-json\/wp\/v2\/posts"}],"about":[{"href":"https:\/\/continuamosmx.com\/index.php\/wp-json\/wp\/v2\/types\/post"}],"author":[{"embeddable":true,"href":"https:\/\/continuamosmx.com\/index.php\/wp-json\/wp\/v2\/users\/6"}],"replies":[{"embeddable":true,"href":"https:\/\/continuamosmx.com\/index.php\/wp-json\/wp\/v2\/comments?post=52254"}],"version-history":[{"count":1,"href":"https:\/\/continuamosmx.com\/index.php\/wp-json\/wp\/v2\/posts\/52254\/revisions"}],"predecessor-version":[{"id":52256,"href":"https:\/\/continuamosmx.com\/index.php\/wp-json\/wp\/v2\/posts\/52254\/revisions\/52256"}],"wp:featuredmedia":[{"embeddable":true,"href":"https:\/\/continuamosmx.com\/index.php\/wp-json\/wp\/v2\/media\/52255"}],"wp:attachment":[{"href":"https:\/\/continuamosmx.com\/index.php\/wp-json\/wp\/v2\/media?parent=52254"}],"wp:term":[{"taxonomy":"category","embeddable":true,"href":"https:\/\/continuamosmx.com\/index.php\/wp-json\/wp\/v2\/categories?post=52254"},{"taxonomy":"post_tag","embeddable":true,"href":"https:\/\/continuamosmx.com\/index.php\/wp-json\/wp\/v2\/tags?post=52254"}],"curies":[{"name":"wp","href":"https:\/\/api.w.org\/{rel}","templated":true}]}}