{"id":52243,"date":"2026-01-23T16:53:24","date_gmt":"2026-01-23T22:53:24","guid":{"rendered":"https:\/\/continuamosmx.com\/?p=52243"},"modified":"2026-01-23T16:53:24","modified_gmt":"2026-01-23T22:53:24","slug":"mateo-castaneda-orgullo-mexiquense-de-13-anos-llevara-su-piano-hasta-vienael-alumno-de-la-escuela-de-bellas-artes-de-toluca-representara-a-mexico-en-la-final-del-prestigioso-certamen-elevat","status":"publish","type":"post","link":"https:\/\/continuamosmx.com\/index.php\/2026\/01\/23\/mateo-castaneda-orgullo-mexiquense-de-13-anos-llevara-su-piano-hasta-vienael-alumno-de-la-escuela-de-bellas-artes-de-toluca-representara-a-mexico-en-la-final-del-prestigioso-certamen-elevat\/","title":{"rendered":"MATEO CASTA\u00d1EDA, ORGULLO MEXIQUENSE DE 13 A\u00d1OS, LLEVAR\u00c1 SU PIANO HASTA VIENAEl alumno de la Escuela de Bellas Artes de Toluca representar\u00e1 a M\u00e9xico en la final del prestigioso certamen \u201cElevato Competition\u201d en Austria. \ud83c\udfb9\ud83c\udde6\ud83c\uddf9"},"content":{"rendered":"\n<p>Con apenas 13 a\u00f1os de edad, el pianista y trompetista Mateo Casta\u00f1eda Caffaratti se ha convertido en un referente del talento art\u00edstico del Estado de M\u00e9xico. El Gobierno estatal, a trav\u00e9s de la Secretar\u00eda de Educaci\u00f3n, Ciencia, Tecnolog\u00eda e Innovaci\u00f3n, inform\u00f3 que el joven m\u00fasico es finalista del \u201c6th Elevato Competition for International Youth\u201d, cuya fase final se celebrar\u00e1 el pr\u00f3ximo 28 de marzo en la emblem\u00e1tica ciudad de Viena. \ud83c\udfbb\u2728<\/p>\n\n\n\n<p>Casta\u00f1eda Caffaratti, quien se forma en la Escuela de Bellas Artes de Toluca (EBAT) desde 2022, cuenta ya con una trayectoria internacional impresionante. Recientemente destac\u00f3 como solista invitado en Per\u00fa y ha sido galardonado en cert\u00e1menes de Colombia y Ecuador. Su disciplina lo llev\u00f3 tambi\u00e9n a ser beneficiario del PECDA 2025 con su proyecto \u00abEntre teclas y metales\u00bb, demostrando una versatilidad \u00fanica al dominar tanto el piano como la trompeta. \ud83c\udfba\ud83c\udfc6<\/p>\n\n\n\n<p>La administraci\u00f3n de la Gobernadora Delfina G\u00f3mez \u00c1lvarez reafirma su compromiso con el impulso a la cultura mediante instituciones como la EBAT, que actualmente atiende a 870 estudiantes. Mateo, por su parte, busca inspirar a otros j\u00f3venes mexiquenses, asegurando que el arte es un camino de crecimiento personal y descubrimiento constante. \ud83c\udf1f\ud83e\udd1d<\/p>\n\n\n\n<figure class=\"wp-block-gallery has-nested-images columns-default is-cropped wp-block-gallery-1 is-layout-flex wp-block-gallery-is-layout-flex\"><\/figure>\n\n\n\n<figure class=\"wp-block-gallery has-nested-images columns-default is-cropped wp-block-gallery-2 is-layout-flex wp-block-gallery-is-layout-flex\">\n<figure class=\"wp-block-image size-large\"><img loading=\"lazy\" decoding=\"async\" width=\"1024\" height=\"768\" data-id=\"52247\" src=\"https:\/\/continuamosmx.com\/wp-content\/uploads\/2026\/01\/257ecb32-9336-45fe-8595-49d6fc0a25f7-1024x768.jpeg\" alt=\"\" class=\"wp-image-52247\" srcset=\"https:\/\/continuamosmx.com\/wp-content\/uploads\/2026\/01\/257ecb32-9336-45fe-8595-49d6fc0a25f7-1024x768.jpeg 1024w, https:\/\/continuamosmx.com\/wp-content\/uploads\/2026\/01\/257ecb32-9336-45fe-8595-49d6fc0a25f7-300x225.jpeg 300w, https:\/\/continuamosmx.com\/wp-content\/uploads\/2026\/01\/257ecb32-9336-45fe-8595-49d6fc0a25f7-768x576.jpeg 768w, https:\/\/continuamosmx.com\/wp-content\/uploads\/2026\/01\/257ecb32-9336-45fe-8595-49d6fc0a25f7-1536x1152.jpeg 1536w, https:\/\/continuamosmx.com\/wp-content\/uploads\/2026\/01\/257ecb32-9336-45fe-8595-49d6fc0a25f7.jpeg 1600w\" sizes=\"auto, (max-width: 1024px) 100vw, 1024px\" \/><\/figure>\n\n\n\n<figure class=\"wp-block-image size-large\"><img loading=\"lazy\" decoding=\"async\" width=\"768\" height=\"1024\" data-id=\"52246\" src=\"https:\/\/continuamosmx.com\/wp-content\/uploads\/2026\/01\/429eb80d-4043-47ab-952e-5703b59aa9a6-768x1024.jpeg\" alt=\"\" class=\"wp-image-52246\" srcset=\"https:\/\/continuamosmx.com\/wp-content\/uploads\/2026\/01\/429eb80d-4043-47ab-952e-5703b59aa9a6-768x1024.jpeg 768w, https:\/\/continuamosmx.com\/wp-content\/uploads\/2026\/01\/429eb80d-4043-47ab-952e-5703b59aa9a6-225x300.jpeg 225w, https:\/\/continuamosmx.com\/wp-content\/uploads\/2026\/01\/429eb80d-4043-47ab-952e-5703b59aa9a6.jpeg 960w\" sizes=\"auto, (max-width: 768px) 100vw, 768px\" \/><\/figure>\n\n\n\n<figure class=\"wp-block-image size-large\"><img loading=\"lazy\" decoding=\"async\" width=\"768\" height=\"1024\" data-id=\"52245\" src=\"https:\/\/continuamosmx.com\/wp-content\/uploads\/2026\/01\/e1d9c75d-09d2-40bd-9434-e5345ac050e8-768x1024.jpeg\" alt=\"\" class=\"wp-image-52245\" srcset=\"https:\/\/continuamosmx.com\/wp-content\/uploads\/2026\/01\/e1d9c75d-09d2-40bd-9434-e5345ac050e8-768x1024.jpeg 768w, https:\/\/continuamosmx.com\/wp-content\/uploads\/2026\/01\/e1d9c75d-09d2-40bd-9434-e5345ac050e8-225x300.jpeg 225w, https:\/\/continuamosmx.com\/wp-content\/uploads\/2026\/01\/e1d9c75d-09d2-40bd-9434-e5345ac050e8.jpeg 960w\" sizes=\"auto, (max-width: 768px) 100vw, 768px\" \/><\/figure>\n<\/figure>\n","protected":false},"excerpt":{"rendered":"<p>Con apenas 13 a\u00f1os de edad, el pianista y trompetista Mateo Casta\u00f1eda Caffaratti se ha convertido en un referente del talento art\u00edstico del Estado de M\u00e9xico. El Gobierno estatal, a trav\u00e9s de la Secretar\u00eda de Educaci\u00f3n, Ciencia, Tecnolog\u00eda e Innovaci\u00f3n, inform\u00f3 que el joven m\u00fasico es finalista del \u201c6th Elevato Competition for International Youth\u201d, cuya [&hellip;]<\/p>\n","protected":false},"author":6,"featured_media":52244,"comment_status":"closed","ping_status":"closed","sticky":false,"template":"","format":"standard","meta":{"footnotes":""},"categories":[4],"tags":[],"class_list":["post-52243","post","type-post","status-publish","format-standard","has-post-thumbnail","hentry","category-locales"],"yoast_head":"<!-- This site is optimized with the Yoast SEO plugin v27.4 - https:\/\/yoast.com\/product\/yoast-seo-wordpress\/ -->\n<title>MATEO CASTA\u00d1EDA, ORGULLO MEXIQUENSE DE 13 A\u00d1OS, LLEVAR\u00c1 SU PIANO HASTA VIENAEl alumno de la Escuela de Bellas Artes de Toluca representar\u00e1 a M\u00e9xico en la final del prestigioso certamen \u201cElevato Competition\u201d en Austria. \ud83c\udfb9\ud83c\udde6\ud83c\uddf9 -<\/title>\n<meta name=\"robots\" content=\"index, follow, max-snippet:-1, max-image-preview:large, max-video-preview:-1\" \/>\n<link rel=\"canonical\" href=\"https:\/\/continuamosmx.com\/index.php\/2026\/01\/23\/mateo-castaneda-orgullo-mexiquense-de-13-anos-llevara-su-piano-hasta-vienael-alumno-de-la-escuela-de-bellas-artes-de-toluca-representara-a-mexico-en-la-final-del-prestigioso-certamen-elevat\/\" \/>\n<meta property=\"og:locale\" content=\"es_ES\" \/>\n<meta property=\"og:type\" content=\"article\" \/>\n<meta property=\"og:title\" content=\"MATEO CASTA\u00d1EDA, ORGULLO MEXIQUENSE DE 13 A\u00d1OS, LLEVAR\u00c1 SU PIANO HASTA VIENAEl alumno de la Escuela de Bellas Artes de Toluca representar\u00e1 a M\u00e9xico en la final del prestigioso certamen \u201cElevato Competition\u201d en Austria. \ud83c\udfb9\ud83c\udde6\ud83c\uddf9 -\" \/>\n<meta property=\"og:description\" content=\"Con apenas 13 a\u00f1os de edad, el pianista y trompetista Mateo Casta\u00f1eda Caffaratti se ha convertido en un referente del talento art\u00edstico del Estado de M\u00e9xico. El Gobierno estatal, a trav\u00e9s de la Secretar\u00eda de Educaci\u00f3n, Ciencia, Tecnolog\u00eda e Innovaci\u00f3n, inform\u00f3 que el joven m\u00fasico es finalista del \u201c6th Elevato Competition for International Youth\u201d, cuya [&hellip;]\" \/>\n<meta property=\"og:url\" content=\"https:\/\/continuamosmx.com\/index.php\/2026\/01\/23\/mateo-castaneda-orgullo-mexiquense-de-13-anos-llevara-su-piano-hasta-vienael-alumno-de-la-escuela-de-bellas-artes-de-toluca-representara-a-mexico-en-la-final-del-prestigioso-certamen-elevat\/\" \/>\n<meta property=\"article:published_time\" content=\"2026-01-23T22:53:24+00:00\" \/>\n<meta property=\"og:image\" content=\"https:\/\/continuamosmx.com\/wp-content\/uploads\/2026\/01\/c0db92a8-6cf5-4bb2-a6ad-98703079c387.jpeg\" \/>\n\t<meta property=\"og:image:width\" content=\"1280\" \/>\n\t<meta property=\"og:image:height\" content=\"853\" \/>\n\t<meta property=\"og:image:type\" content=\"image\/jpeg\" \/>\n<meta name=\"author\" content=\"Continuamos MX\" \/>\n<meta name=\"twitter:card\" content=\"summary_large_image\" \/>\n<meta name=\"twitter:label1\" content=\"Escrito por\" \/>\n\t<meta name=\"twitter:data1\" content=\"Continuamos MX\" \/>\n\t<meta name=\"twitter:label2\" content=\"Tiempo de lectura\" \/>\n\t<meta name=\"twitter:data2\" content=\"2 minutos\" \/>\n<script type=\"application\/ld+json\" class=\"yoast-schema-graph\">{\"@context\":\"https:\\\/\\\/schema.org\",\"@graph\":[{\"@type\":\"Article\",\"@id\":\"https:\\\/\\\/continuamosmx.com\\\/index.php\\\/2026\\\/01\\\/23\\\/mateo-castaneda-orgullo-mexiquense-de-13-anos-llevara-su-piano-hasta-vienael-alumno-de-la-escuela-de-bellas-artes-de-toluca-representara-a-mexico-en-la-final-del-prestigioso-certamen-elevat\\\/#article\",\"isPartOf\":{\"@id\":\"https:\\\/\\\/continuamosmx.com\\\/index.php\\\/2026\\\/01\\\/23\\\/mateo-castaneda-orgullo-mexiquense-de-13-anos-llevara-su-piano-hasta-vienael-alumno-de-la-escuela-de-bellas-artes-de-toluca-representara-a-mexico-en-la-final-del-prestigioso-certamen-elevat\\\/\"},\"author\":{\"name\":\"Continuamos MX\",\"@id\":\"https:\\\/\\\/continuamosmx.com\\\/#\\\/schema\\\/person\\\/5eb5356acb1fad784da407d14f0e8d89\"},\"headline\":\"MATEO CASTA\u00d1EDA, ORGULLO MEXIQUENSE DE 13 A\u00d1OS, LLEVAR\u00c1 SU PIANO HASTA VIENAEl alumno de la Escuela de Bellas Artes de Toluca representar\u00e1 a M\u00e9xico en la final del prestigioso certamen \u201cElevato Competition\u201d en Austria. \ud83c\udfb9\ud83c\udde6\ud83c\uddf9\",\"datePublished\":\"2026-01-23T22:53:24+00:00\",\"mainEntityOfPage\":{\"@id\":\"https:\\\/\\\/continuamosmx.com\\\/index.php\\\/2026\\\/01\\\/23\\\/mateo-castaneda-orgullo-mexiquense-de-13-anos-llevara-su-piano-hasta-vienael-alumno-de-la-escuela-de-bellas-artes-de-toluca-representara-a-mexico-en-la-final-del-prestigioso-certamen-elevat\\\/\"},\"wordCount\":240,\"publisher\":{\"@id\":\"https:\\\/\\\/continuamosmx.com\\\/#organization\"},\"image\":{\"@id\":\"https:\\\/\\\/continuamosmx.com\\\/index.php\\\/2026\\\/01\\\/23\\\/mateo-castaneda-orgullo-mexiquense-de-13-anos-llevara-su-piano-hasta-vienael-alumno-de-la-escuela-de-bellas-artes-de-toluca-representara-a-mexico-en-la-final-del-prestigioso-certamen-elevat\\\/#primaryimage\"},\"thumbnailUrl\":\"https:\\\/\\\/continuamosmx.com\\\/wp-content\\\/uploads\\\/2026\\\/01\\\/c0db92a8-6cf5-4bb2-a6ad-98703079c387.jpeg\",\"articleSection\":[\"LOCALES\"],\"inLanguage\":\"es\"},{\"@type\":\"WebPage\",\"@id\":\"https:\\\/\\\/continuamosmx.com\\\/index.php\\\/2026\\\/01\\\/23\\\/mateo-castaneda-orgullo-mexiquense-de-13-anos-llevara-su-piano-hasta-vienael-alumno-de-la-escuela-de-bellas-artes-de-toluca-representara-a-mexico-en-la-final-del-prestigioso-certamen-elevat\\\/\",\"url\":\"https:\\\/\\\/continuamosmx.com\\\/index.php\\\/2026\\\/01\\\/23\\\/mateo-castaneda-orgullo-mexiquense-de-13-anos-llevara-su-piano-hasta-vienael-alumno-de-la-escuela-de-bellas-artes-de-toluca-representara-a-mexico-en-la-final-del-prestigioso-certamen-elevat\\\/\",\"name\":\"MATEO CASTA\u00d1EDA, ORGULLO MEXIQUENSE DE 13 A\u00d1OS, LLEVAR\u00c1 SU PIANO HASTA VIENAEl alumno de la Escuela de Bellas Artes de Toluca representar\u00e1 a M\u00e9xico en la final del prestigioso certamen \u201cElevato Competition\u201d en Austria. \ud83c\udfb9\ud83c\udde6\ud83c\uddf9 -\",\"isPartOf\":{\"@id\":\"https:\\\/\\\/continuamosmx.com\\\/#website\"},\"primaryImageOfPage\":{\"@id\":\"https:\\\/\\\/continuamosmx.com\\\/index.php\\\/2026\\\/01\\\/23\\\/mateo-castaneda-orgullo-mexiquense-de-13-anos-llevara-su-piano-hasta-vienael-alumno-de-la-escuela-de-bellas-artes-de-toluca-representara-a-mexico-en-la-final-del-prestigioso-certamen-elevat\\\/#primaryimage\"},\"image\":{\"@id\":\"https:\\\/\\\/continuamosmx.com\\\/index.php\\\/2026\\\/01\\\/23\\\/mateo-castaneda-orgullo-mexiquense-de-13-anos-llevara-su-piano-hasta-vienael-alumno-de-la-escuela-de-bellas-artes-de-toluca-representara-a-mexico-en-la-final-del-prestigioso-certamen-elevat\\\/#primaryimage\"},\"thumbnailUrl\":\"https:\\\/\\\/continuamosmx.com\\\/wp-content\\\/uploads\\\/2026\\\/01\\\/c0db92a8-6cf5-4bb2-a6ad-98703079c387.jpeg\",\"datePublished\":\"2026-01-23T22:53:24+00:00\",\"breadcrumb\":{\"@id\":\"https:\\\/\\\/continuamosmx.com\\\/index.php\\\/2026\\\/01\\\/23\\\/mateo-castaneda-orgullo-mexiquense-de-13-anos-llevara-su-piano-hasta-vienael-alumno-de-la-escuela-de-bellas-artes-de-toluca-representara-a-mexico-en-la-final-del-prestigioso-certamen-elevat\\\/#breadcrumb\"},\"inLanguage\":\"es\",\"potentialAction\":[{\"@type\":\"ReadAction\",\"target\":[\"https:\\\/\\\/continuamosmx.com\\\/index.php\\\/2026\\\/01\\\/23\\\/mateo-castaneda-orgullo-mexiquense-de-13-anos-llevara-su-piano-hasta-vienael-alumno-de-la-escuela-de-bellas-artes-de-toluca-representara-a-mexico-en-la-final-del-prestigioso-certamen-elevat\\\/\"]}]},{\"@type\":\"ImageObject\",\"inLanguage\":\"es\",\"@id\":\"https:\\\/\\\/continuamosmx.com\\\/index.php\\\/2026\\\/01\\\/23\\\/mateo-castaneda-orgullo-mexiquense-de-13-anos-llevara-su-piano-hasta-vienael-alumno-de-la-escuela-de-bellas-artes-de-toluca-representara-a-mexico-en-la-final-del-prestigioso-certamen-elevat\\\/#primaryimage\",\"url\":\"https:\\\/\\\/continuamosmx.com\\\/wp-content\\\/uploads\\\/2026\\\/01\\\/c0db92a8-6cf5-4bb2-a6ad-98703079c387.jpeg\",\"contentUrl\":\"https:\\\/\\\/continuamosmx.com\\\/wp-content\\\/uploads\\\/2026\\\/01\\\/c0db92a8-6cf5-4bb2-a6ad-98703079c387.jpeg\",\"width\":1280,\"height\":853},{\"@type\":\"BreadcrumbList\",\"@id\":\"https:\\\/\\\/continuamosmx.com\\\/index.php\\\/2026\\\/01\\\/23\\\/mateo-castaneda-orgullo-mexiquense-de-13-anos-llevara-su-piano-hasta-vienael-alumno-de-la-escuela-de-bellas-artes-de-toluca-representara-a-mexico-en-la-final-del-prestigioso-certamen-elevat\\\/#breadcrumb\",\"itemListElement\":[{\"@type\":\"ListItem\",\"position\":1,\"name\":\"Inicio\",\"item\":\"https:\\\/\\\/continuamosmx.com\\\/\"},{\"@type\":\"ListItem\",\"position\":2,\"name\":\"MATEO CASTA\u00d1EDA, ORGULLO MEXIQUENSE DE 13 A\u00d1OS, LLEVAR\u00c1 SU PIANO HASTA VIENAEl alumno de la Escuela de Bellas Artes de Toluca representar\u00e1 a M\u00e9xico en la final del prestigioso certamen \u201cElevato Competition\u201d en Austria. \ud83c\udfb9\ud83c\udde6\ud83c\uddf9\"}]},{\"@type\":\"WebSite\",\"@id\":\"https:\\\/\\\/continuamosmx.com\\\/#website\",\"url\":\"https:\\\/\\\/continuamosmx.com\\\/\",\"name\":\"www.continuamosmx.com\",\"description\":\"\",\"publisher\":{\"@id\":\"https:\\\/\\\/continuamosmx.com\\\/#organization\"},\"potentialAction\":[{\"@type\":\"SearchAction\",\"target\":{\"@type\":\"EntryPoint\",\"urlTemplate\":\"https:\\\/\\\/continuamosmx.com\\\/?s={search_term_string}\"},\"query-input\":{\"@type\":\"PropertyValueSpecification\",\"valueRequired\":true,\"valueName\":\"search_term_string\"}}],\"inLanguage\":\"es\"},{\"@type\":\"Organization\",\"@id\":\"https:\\\/\\\/continuamosmx.com\\\/#organization\",\"name\":\"ContinuamosMX\",\"url\":\"https:\\\/\\\/continuamosmx.com\\\/\",\"logo\":{\"@type\":\"ImageObject\",\"inLanguage\":\"es\",\"@id\":\"https:\\\/\\\/continuamosmx.com\\\/#\\\/schema\\\/logo\\\/image\\\/\",\"url\":\"https:\\\/\\\/continuamosmx.com\\\/wp-content\\\/uploads\\\/2023\\\/04\\\/cropped-LOGO-CONTI-NUEVO.png\",\"contentUrl\":\"https:\\\/\\\/continuamosmx.com\\\/wp-content\\\/uploads\\\/2023\\\/04\\\/cropped-LOGO-CONTI-NUEVO.png\",\"width\":1257,\"height\":430,\"caption\":\"ContinuamosMX\"},\"image\":{\"@id\":\"https:\\\/\\\/continuamosmx.com\\\/#\\\/schema\\\/logo\\\/image\\\/\"}},{\"@type\":\"Person\",\"@id\":\"https:\\\/\\\/continuamosmx.com\\\/#\\\/schema\\\/person\\\/5eb5356acb1fad784da407d14f0e8d89\",\"name\":\"Continuamos MX\",\"image\":{\"@type\":\"ImageObject\",\"inLanguage\":\"es\",\"@id\":\"https:\\\/\\\/secure.gravatar.com\\\/avatar\\\/30d4f9723476a15f4da34d35fb3501f08d2357016c76051c6a85c354c7489589?s=96&d=mm&r=g\",\"url\":\"https:\\\/\\\/secure.gravatar.com\\\/avatar\\\/30d4f9723476a15f4da34d35fb3501f08d2357016c76051c6a85c354c7489589?s=96&d=mm&r=g\",\"contentUrl\":\"https:\\\/\\\/secure.gravatar.com\\\/avatar\\\/30d4f9723476a15f4da34d35fb3501f08d2357016c76051c6a85c354c7489589?s=96&d=mm&r=g\",\"caption\":\"Continuamos MX\"},\"sameAs\":[\"http:\\\/\\\/www.continuamos.mx\"],\"url\":\"https:\\\/\\\/continuamosmx.com\\\/index.php\\\/author\\\/continuamos\\\/\"}]}<\/script>\n<!-- \/ Yoast SEO plugin. -->","yoast_head_json":{"title":"MATEO CASTA\u00d1EDA, ORGULLO MEXIQUENSE DE 13 A\u00d1OS, LLEVAR\u00c1 SU PIANO HASTA VIENAEl alumno de la Escuela de Bellas Artes de Toluca representar\u00e1 a M\u00e9xico en la final del prestigioso certamen \u201cElevato Competition\u201d en Austria. \ud83c\udfb9\ud83c\udde6\ud83c\uddf9 -","robots":{"index":"index","follow":"follow","max-snippet":"max-snippet:-1","max-image-preview":"max-image-preview:large","max-video-preview":"max-video-preview:-1"},"canonical":"https:\/\/continuamosmx.com\/index.php\/2026\/01\/23\/mateo-castaneda-orgullo-mexiquense-de-13-anos-llevara-su-piano-hasta-vienael-alumno-de-la-escuela-de-bellas-artes-de-toluca-representara-a-mexico-en-la-final-del-prestigioso-certamen-elevat\/","og_locale":"es_ES","og_type":"article","og_title":"MATEO CASTA\u00d1EDA, ORGULLO MEXIQUENSE DE 13 A\u00d1OS, LLEVAR\u00c1 SU PIANO HASTA VIENAEl alumno de la Escuela de Bellas Artes de Toluca representar\u00e1 a M\u00e9xico en la final del prestigioso certamen \u201cElevato Competition\u201d en Austria. \ud83c\udfb9\ud83c\udde6\ud83c\uddf9 -","og_description":"Con apenas 13 a\u00f1os de edad, el pianista y trompetista Mateo Casta\u00f1eda Caffaratti se ha convertido en un referente del talento art\u00edstico del Estado de M\u00e9xico. El Gobierno estatal, a trav\u00e9s de la Secretar\u00eda de Educaci\u00f3n, Ciencia, Tecnolog\u00eda e Innovaci\u00f3n, inform\u00f3 que el joven m\u00fasico es finalista del \u201c6th Elevato Competition for International Youth\u201d, cuya [&hellip;]","og_url":"https:\/\/continuamosmx.com\/index.php\/2026\/01\/23\/mateo-castaneda-orgullo-mexiquense-de-13-anos-llevara-su-piano-hasta-vienael-alumno-de-la-escuela-de-bellas-artes-de-toluca-representara-a-mexico-en-la-final-del-prestigioso-certamen-elevat\/","article_published_time":"2026-01-23T22:53:24+00:00","og_image":[{"width":1280,"height":853,"url":"https:\/\/continuamosmx.com\/wp-content\/uploads\/2026\/01\/c0db92a8-6cf5-4bb2-a6ad-98703079c387.jpeg","type":"image\/jpeg"}],"author":"Continuamos MX","twitter_card":"summary_large_image","twitter_misc":{"Escrito por":"Continuamos MX","Tiempo de lectura":"2 minutos"},"schema":{"@context":"https:\/\/schema.org","@graph":[{"@type":"Article","@id":"https:\/\/continuamosmx.com\/index.php\/2026\/01\/23\/mateo-castaneda-orgullo-mexiquense-de-13-anos-llevara-su-piano-hasta-vienael-alumno-de-la-escuela-de-bellas-artes-de-toluca-representara-a-mexico-en-la-final-del-prestigioso-certamen-elevat\/#article","isPartOf":{"@id":"https:\/\/continuamosmx.com\/index.php\/2026\/01\/23\/mateo-castaneda-orgullo-mexiquense-de-13-anos-llevara-su-piano-hasta-vienael-alumno-de-la-escuela-de-bellas-artes-de-toluca-representara-a-mexico-en-la-final-del-prestigioso-certamen-elevat\/"},"author":{"name":"Continuamos MX","@id":"https:\/\/continuamosmx.com\/#\/schema\/person\/5eb5356acb1fad784da407d14f0e8d89"},"headline":"MATEO CASTA\u00d1EDA, ORGULLO MEXIQUENSE DE 13 A\u00d1OS, LLEVAR\u00c1 SU PIANO HASTA VIENAEl alumno de la Escuela de Bellas Artes de Toluca representar\u00e1 a M\u00e9xico en la final del prestigioso certamen \u201cElevato Competition\u201d en Austria. \ud83c\udfb9\ud83c\udde6\ud83c\uddf9","datePublished":"2026-01-23T22:53:24+00:00","mainEntityOfPage":{"@id":"https:\/\/continuamosmx.com\/index.php\/2026\/01\/23\/mateo-castaneda-orgullo-mexiquense-de-13-anos-llevara-su-piano-hasta-vienael-alumno-de-la-escuela-de-bellas-artes-de-toluca-representara-a-mexico-en-la-final-del-prestigioso-certamen-elevat\/"},"wordCount":240,"publisher":{"@id":"https:\/\/continuamosmx.com\/#organization"},"image":{"@id":"https:\/\/continuamosmx.com\/index.php\/2026\/01\/23\/mateo-castaneda-orgullo-mexiquense-de-13-anos-llevara-su-piano-hasta-vienael-alumno-de-la-escuela-de-bellas-artes-de-toluca-representara-a-mexico-en-la-final-del-prestigioso-certamen-elevat\/#primaryimage"},"thumbnailUrl":"https:\/\/continuamosmx.com\/wp-content\/uploads\/2026\/01\/c0db92a8-6cf5-4bb2-a6ad-98703079c387.jpeg","articleSection":["LOCALES"],"inLanguage":"es"},{"@type":"WebPage","@id":"https:\/\/continuamosmx.com\/index.php\/2026\/01\/23\/mateo-castaneda-orgullo-mexiquense-de-13-anos-llevara-su-piano-hasta-vienael-alumno-de-la-escuela-de-bellas-artes-de-toluca-representara-a-mexico-en-la-final-del-prestigioso-certamen-elevat\/","url":"https:\/\/continuamosmx.com\/index.php\/2026\/01\/23\/mateo-castaneda-orgullo-mexiquense-de-13-anos-llevara-su-piano-hasta-vienael-alumno-de-la-escuela-de-bellas-artes-de-toluca-representara-a-mexico-en-la-final-del-prestigioso-certamen-elevat\/","name":"MATEO CASTA\u00d1EDA, ORGULLO MEXIQUENSE DE 13 A\u00d1OS, LLEVAR\u00c1 SU PIANO HASTA VIENAEl alumno de la Escuela de Bellas Artes de Toluca representar\u00e1 a M\u00e9xico en la final del prestigioso certamen \u201cElevato Competition\u201d en Austria. \ud83c\udfb9\ud83c\udde6\ud83c\uddf9 -","isPartOf":{"@id":"https:\/\/continuamosmx.com\/#website"},"primaryImageOfPage":{"@id":"https:\/\/continuamosmx.com\/index.php\/2026\/01\/23\/mateo-castaneda-orgullo-mexiquense-de-13-anos-llevara-su-piano-hasta-vienael-alumno-de-la-escuela-de-bellas-artes-de-toluca-representara-a-mexico-en-la-final-del-prestigioso-certamen-elevat\/#primaryimage"},"image":{"@id":"https:\/\/continuamosmx.com\/index.php\/2026\/01\/23\/mateo-castaneda-orgullo-mexiquense-de-13-anos-llevara-su-piano-hasta-vienael-alumno-de-la-escuela-de-bellas-artes-de-toluca-representara-a-mexico-en-la-final-del-prestigioso-certamen-elevat\/#primaryimage"},"thumbnailUrl":"https:\/\/continuamosmx.com\/wp-content\/uploads\/2026\/01\/c0db92a8-6cf5-4bb2-a6ad-98703079c387.jpeg","datePublished":"2026-01-23T22:53:24+00:00","breadcrumb":{"@id":"https:\/\/continuamosmx.com\/index.php\/2026\/01\/23\/mateo-castaneda-orgullo-mexiquense-de-13-anos-llevara-su-piano-hasta-vienael-alumno-de-la-escuela-de-bellas-artes-de-toluca-representara-a-mexico-en-la-final-del-prestigioso-certamen-elevat\/#breadcrumb"},"inLanguage":"es","potentialAction":[{"@type":"ReadAction","target":["https:\/\/continuamosmx.com\/index.php\/2026\/01\/23\/mateo-castaneda-orgullo-mexiquense-de-13-anos-llevara-su-piano-hasta-vienael-alumno-de-la-escuela-de-bellas-artes-de-toluca-representara-a-mexico-en-la-final-del-prestigioso-certamen-elevat\/"]}]},{"@type":"ImageObject","inLanguage":"es","@id":"https:\/\/continuamosmx.com\/index.php\/2026\/01\/23\/mateo-castaneda-orgullo-mexiquense-de-13-anos-llevara-su-piano-hasta-vienael-alumno-de-la-escuela-de-bellas-artes-de-toluca-representara-a-mexico-en-la-final-del-prestigioso-certamen-elevat\/#primaryimage","url":"https:\/\/continuamosmx.com\/wp-content\/uploads\/2026\/01\/c0db92a8-6cf5-4bb2-a6ad-98703079c387.jpeg","contentUrl":"https:\/\/continuamosmx.com\/wp-content\/uploads\/2026\/01\/c0db92a8-6cf5-4bb2-a6ad-98703079c387.jpeg","width":1280,"height":853},{"@type":"BreadcrumbList","@id":"https:\/\/continuamosmx.com\/index.php\/2026\/01\/23\/mateo-castaneda-orgullo-mexiquense-de-13-anos-llevara-su-piano-hasta-vienael-alumno-de-la-escuela-de-bellas-artes-de-toluca-representara-a-mexico-en-la-final-del-prestigioso-certamen-elevat\/#breadcrumb","itemListElement":[{"@type":"ListItem","position":1,"name":"Inicio","item":"https:\/\/continuamosmx.com\/"},{"@type":"ListItem","position":2,"name":"MATEO CASTA\u00d1EDA, ORGULLO MEXIQUENSE DE 13 A\u00d1OS, LLEVAR\u00c1 SU PIANO HASTA VIENAEl alumno de la Escuela de Bellas Artes de Toluca representar\u00e1 a M\u00e9xico en la final del prestigioso certamen \u201cElevato Competition\u201d en Austria. \ud83c\udfb9\ud83c\udde6\ud83c\uddf9"}]},{"@type":"WebSite","@id":"https:\/\/continuamosmx.com\/#website","url":"https:\/\/continuamosmx.com\/","name":"www.continuamosmx.com","description":"","publisher":{"@id":"https:\/\/continuamosmx.com\/#organization"},"potentialAction":[{"@type":"SearchAction","target":{"@type":"EntryPoint","urlTemplate":"https:\/\/continuamosmx.com\/?s={search_term_string}"},"query-input":{"@type":"PropertyValueSpecification","valueRequired":true,"valueName":"search_term_string"}}],"inLanguage":"es"},{"@type":"Organization","@id":"https:\/\/continuamosmx.com\/#organization","name":"ContinuamosMX","url":"https:\/\/continuamosmx.com\/","logo":{"@type":"ImageObject","inLanguage":"es","@id":"https:\/\/continuamosmx.com\/#\/schema\/logo\/image\/","url":"https:\/\/continuamosmx.com\/wp-content\/uploads\/2023\/04\/cropped-LOGO-CONTI-NUEVO.png","contentUrl":"https:\/\/continuamosmx.com\/wp-content\/uploads\/2023\/04\/cropped-LOGO-CONTI-NUEVO.png","width":1257,"height":430,"caption":"ContinuamosMX"},"image":{"@id":"https:\/\/continuamosmx.com\/#\/schema\/logo\/image\/"}},{"@type":"Person","@id":"https:\/\/continuamosmx.com\/#\/schema\/person\/5eb5356acb1fad784da407d14f0e8d89","name":"Continuamos MX","image":{"@type":"ImageObject","inLanguage":"es","@id":"https:\/\/secure.gravatar.com\/avatar\/30d4f9723476a15f4da34d35fb3501f08d2357016c76051c6a85c354c7489589?s=96&d=mm&r=g","url":"https:\/\/secure.gravatar.com\/avatar\/30d4f9723476a15f4da34d35fb3501f08d2357016c76051c6a85c354c7489589?s=96&d=mm&r=g","contentUrl":"https:\/\/secure.gravatar.com\/avatar\/30d4f9723476a15f4da34d35fb3501f08d2357016c76051c6a85c354c7489589?s=96&d=mm&r=g","caption":"Continuamos MX"},"sameAs":["http:\/\/www.continuamos.mx"],"url":"https:\/\/continuamosmx.com\/index.php\/author\/continuamos\/"}]}},"_links":{"self":[{"href":"https:\/\/continuamosmx.com\/index.php\/wp-json\/wp\/v2\/posts\/52243","targetHints":{"allow":["GET"]}}],"collection":[{"href":"https:\/\/continuamosmx.com\/index.php\/wp-json\/wp\/v2\/posts"}],"about":[{"href":"https:\/\/continuamosmx.com\/index.php\/wp-json\/wp\/v2\/types\/post"}],"author":[{"embeddable":true,"href":"https:\/\/continuamosmx.com\/index.php\/wp-json\/wp\/v2\/users\/6"}],"replies":[{"embeddable":true,"href":"https:\/\/continuamosmx.com\/index.php\/wp-json\/wp\/v2\/comments?post=52243"}],"version-history":[{"count":1,"href":"https:\/\/continuamosmx.com\/index.php\/wp-json\/wp\/v2\/posts\/52243\/revisions"}],"predecessor-version":[{"id":52248,"href":"https:\/\/continuamosmx.com\/index.php\/wp-json\/wp\/v2\/posts\/52243\/revisions\/52248"}],"wp:featuredmedia":[{"embeddable":true,"href":"https:\/\/continuamosmx.com\/index.php\/wp-json\/wp\/v2\/media\/52244"}],"wp:attachment":[{"href":"https:\/\/continuamosmx.com\/index.php\/wp-json\/wp\/v2\/media?parent=52243"}],"wp:term":[{"taxonomy":"category","embeddable":true,"href":"https:\/\/continuamosmx.com\/index.php\/wp-json\/wp\/v2\/categories?post=52243"},{"taxonomy":"post_tag","embeddable":true,"href":"https:\/\/continuamosmx.com\/index.php\/wp-json\/wp\/v2\/tags?post=52243"}],"curies":[{"name":"wp","href":"https:\/\/api.w.org\/{rel}","templated":true}]}}