{"id":52235,"date":"2026-01-23T15:07:05","date_gmt":"2026-01-23T21:07:05","guid":{"rendered":"https:\/\/continuamosmx.com\/?p=52235"},"modified":"2026-01-23T15:07:06","modified_gmt":"2026-01-23T21:07:06","slug":"gobierno-de-edomex-logra-la-primera-libertad-anticipada-de-una-mujer-en-2026","status":"publish","type":"post","link":"https:\/\/continuamosmx.com\/index.php\/2026\/01\/23\/gobierno-de-edomex-logra-la-primera-libertad-anticipada-de-una-mujer-en-2026\/","title":{"rendered":"GOBIERNO DE EDOM\u00c9X LOGRA LA PRIMERA LIBERTAD ANTICIPADA DE UNA MUJER EN 2026"},"content":{"rendered":"\n<p><strong>Lorena \u201cN\u201d recupera su libertad tras nueve a\u00f1os de reclusi\u00f3n, sumando 54 casos exitosos bajo la administraci\u00f3n de la Maestra Delfina G\u00f3mez \u00c1lvarez.<\/strong>&nbsp;\ud83d\udd4a\ufe0f\u2696\ufe0f<\/p>\n\n\n\n<p>En un esfuerzo coordinado por la&nbsp;<strong>Secretar\u00eda de las Mujeres (SeMujeres)<\/strong>, la Secretar\u00eda de Seguridad y la Consejer\u00eda Jur\u00eddica, el Gobierno del Estado de M\u00e9xico concret\u00f3 el primer externamiento del a\u00f1o 2026. Lorena \u201cN\u201d, quien permaneci\u00f3 nueve a\u00f1os en el Centro Penitenciario de&nbsp;<strong>Santiaguito<\/strong>, obtuvo su libertad anticipada gracias a la estrategia integral \u201cMujeres Privadas de la Libertad\u201d. \ud83c\udfdb\ufe0f\u2728<\/p>\n\n\n\n<p>Este programa, que prioriza el acceso a la justicia y el respeto a los derechos humanos, ha permitido que&nbsp;<strong>54 mujeres<\/strong>reconstruyan su proyecto de vida durante la actual gesti\u00f3n estatal. La selecci\u00f3n de las beneficiarias se realiza tras un riguroso an\u00e1lisis individual que considera el tiempo de sentencia, el buen comportamiento y la evaluaci\u00f3n de un comit\u00e9 t\u00e9cnico. \ud83d\udcd1\u2705<\/p>\n\n\n\n<p>Tras salir de reclusi\u00f3n, el Estado no las deja solas: la&nbsp;<strong>SeMujeres<\/strong>&nbsp;brinda un acompa\u00f1amiento de seis meses que incluye vinculaci\u00f3n con las unidades&nbsp;<strong>UNIDAS<\/strong>, ofreciendo asesor\u00eda jur\u00eddica, psicol\u00f3gica y de trabajo social para garantizar una reinserci\u00f3n digna, segura y libre de violencia. \ud83e\udd1d\ud83d\udc9c<\/p>\n\n\n\n<figure class=\"wp-block-gallery has-nested-images columns-default is-cropped wp-block-gallery-1 is-layout-flex wp-block-gallery-is-layout-flex\">\n<figure class=\"wp-block-image size-large\"><img loading=\"lazy\" decoding=\"async\" width=\"1024\" height=\"771\" data-id=\"52237\" src=\"https:\/\/continuamosmx.com\/wp-content\/uploads\/2026\/01\/32673eeb-de8a-40e7-aa62-cb733875ea9f-1024x771.jpeg\" alt=\"\" class=\"wp-image-52237\" srcset=\"https:\/\/continuamosmx.com\/wp-content\/uploads\/2026\/01\/32673eeb-de8a-40e7-aa62-cb733875ea9f-1024x771.jpeg 1024w, https:\/\/continuamosmx.com\/wp-content\/uploads\/2026\/01\/32673eeb-de8a-40e7-aa62-cb733875ea9f-300x226.jpeg 300w, https:\/\/continuamosmx.com\/wp-content\/uploads\/2026\/01\/32673eeb-de8a-40e7-aa62-cb733875ea9f-768x578.jpeg 768w, https:\/\/continuamosmx.com\/wp-content\/uploads\/2026\/01\/32673eeb-de8a-40e7-aa62-cb733875ea9f-1536x1156.jpeg 1536w, https:\/\/continuamosmx.com\/wp-content\/uploads\/2026\/01\/32673eeb-de8a-40e7-aa62-cb733875ea9f.jpeg 1600w\" sizes=\"auto, (max-width: 1024px) 100vw, 1024px\" \/><\/figure>\n<\/figure>\n","protected":false},"excerpt":{"rendered":"<p>Lorena \u201cN\u201d recupera su libertad tras nueve a\u00f1os de reclusi\u00f3n, sumando 54 casos exitosos bajo la administraci\u00f3n de la Maestra Delfina G\u00f3mez \u00c1lvarez.&nbsp;\ud83d\udd4a\ufe0f\u2696\ufe0f En un esfuerzo coordinado por la&nbsp;Secretar\u00eda de las Mujeres (SeMujeres), la Secretar\u00eda de Seguridad y la Consejer\u00eda Jur\u00eddica, el Gobierno del Estado de M\u00e9xico concret\u00f3 el primer externamiento del a\u00f1o 2026. Lorena [&hellip;]<\/p>\n","protected":false},"author":6,"featured_media":52236,"comment_status":"closed","ping_status":"closed","sticky":false,"template":"","format":"standard","meta":{"footnotes":""},"categories":[4],"tags":[],"class_list":["post-52235","post","type-post","status-publish","format-standard","has-post-thumbnail","hentry","category-locales"],"yoast_head":"<!-- This site is optimized with the Yoast SEO plugin v27.4 - https:\/\/yoast.com\/product\/yoast-seo-wordpress\/ -->\n<title>GOBIERNO DE EDOM\u00c9X LOGRA LA PRIMERA LIBERTAD ANTICIPADA DE UNA MUJER EN 2026 -<\/title>\n<meta name=\"robots\" content=\"index, follow, max-snippet:-1, max-image-preview:large, max-video-preview:-1\" \/>\n<link rel=\"canonical\" href=\"https:\/\/continuamosmx.com\/index.php\/2026\/01\/23\/gobierno-de-edomex-logra-la-primera-libertad-anticipada-de-una-mujer-en-2026\/\" \/>\n<meta property=\"og:locale\" content=\"es_ES\" \/>\n<meta property=\"og:type\" content=\"article\" \/>\n<meta property=\"og:title\" content=\"GOBIERNO DE EDOM\u00c9X LOGRA LA PRIMERA LIBERTAD ANTICIPADA DE UNA MUJER EN 2026 -\" \/>\n<meta property=\"og:description\" content=\"Lorena \u201cN\u201d recupera su libertad tras nueve a\u00f1os de reclusi\u00f3n, sumando 54 casos exitosos bajo la administraci\u00f3n de la Maestra Delfina G\u00f3mez \u00c1lvarez.&nbsp;\ud83d\udd4a\ufe0f\u2696\ufe0f En un esfuerzo coordinado por la&nbsp;Secretar\u00eda de las Mujeres (SeMujeres), la Secretar\u00eda de Seguridad y la Consejer\u00eda Jur\u00eddica, el Gobierno del Estado de M\u00e9xico concret\u00f3 el primer externamiento del a\u00f1o 2026. Lorena [&hellip;]\" \/>\n<meta property=\"og:url\" content=\"https:\/\/continuamosmx.com\/index.php\/2026\/01\/23\/gobierno-de-edomex-logra-la-primera-libertad-anticipada-de-una-mujer-en-2026\/\" \/>\n<meta property=\"article:published_time\" content=\"2026-01-23T21:07:05+00:00\" \/>\n<meta property=\"article:modified_time\" content=\"2026-01-23T21:07:06+00:00\" \/>\n<meta property=\"og:image\" content=\"https:\/\/continuamosmx.com\/wp-content\/uploads\/2026\/01\/9a0f1833-1253-45a7-b2af-3ad7877ababe.jpeg\" \/>\n\t<meta property=\"og:image:width\" content=\"1339\" \/>\n\t<meta property=\"og:image:height\" content=\"1008\" \/>\n\t<meta property=\"og:image:type\" content=\"image\/jpeg\" \/>\n<meta name=\"author\" content=\"Continuamos MX\" \/>\n<meta name=\"twitter:card\" content=\"summary_large_image\" \/>\n<meta name=\"twitter:label1\" content=\"Escrito por\" \/>\n\t<meta name=\"twitter:data1\" content=\"Continuamos MX\" \/>\n\t<meta name=\"twitter:label2\" content=\"Tiempo de lectura\" \/>\n\t<meta name=\"twitter:data2\" content=\"2 minutos\" \/>\n<script type=\"application\/ld+json\" class=\"yoast-schema-graph\">{\"@context\":\"https:\\\/\\\/schema.org\",\"@graph\":[{\"@type\":\"Article\",\"@id\":\"https:\\\/\\\/continuamosmx.com\\\/index.php\\\/2026\\\/01\\\/23\\\/gobierno-de-edomex-logra-la-primera-libertad-anticipada-de-una-mujer-en-2026\\\/#article\",\"isPartOf\":{\"@id\":\"https:\\\/\\\/continuamosmx.com\\\/index.php\\\/2026\\\/01\\\/23\\\/gobierno-de-edomex-logra-la-primera-libertad-anticipada-de-una-mujer-en-2026\\\/\"},\"author\":{\"name\":\"Continuamos MX\",\"@id\":\"https:\\\/\\\/continuamosmx.com\\\/#\\\/schema\\\/person\\\/5eb5356acb1fad784da407d14f0e8d89\"},\"headline\":\"GOBIERNO DE EDOM\u00c9X LOGRA LA PRIMERA LIBERTAD ANTICIPADA DE UNA MUJER EN 2026\",\"datePublished\":\"2026-01-23T21:07:05+00:00\",\"dateModified\":\"2026-01-23T21:07:06+00:00\",\"mainEntityOfPage\":{\"@id\":\"https:\\\/\\\/continuamosmx.com\\\/index.php\\\/2026\\\/01\\\/23\\\/gobierno-de-edomex-logra-la-primera-libertad-anticipada-de-una-mujer-en-2026\\\/\"},\"wordCount\":222,\"publisher\":{\"@id\":\"https:\\\/\\\/continuamosmx.com\\\/#organization\"},\"image\":{\"@id\":\"https:\\\/\\\/continuamosmx.com\\\/index.php\\\/2026\\\/01\\\/23\\\/gobierno-de-edomex-logra-la-primera-libertad-anticipada-de-una-mujer-en-2026\\\/#primaryimage\"},\"thumbnailUrl\":\"https:\\\/\\\/continuamosmx.com\\\/wp-content\\\/uploads\\\/2026\\\/01\\\/9a0f1833-1253-45a7-b2af-3ad7877ababe.jpeg\",\"articleSection\":[\"LOCALES\"],\"inLanguage\":\"es\"},{\"@type\":\"WebPage\",\"@id\":\"https:\\\/\\\/continuamosmx.com\\\/index.php\\\/2026\\\/01\\\/23\\\/gobierno-de-edomex-logra-la-primera-libertad-anticipada-de-una-mujer-en-2026\\\/\",\"url\":\"https:\\\/\\\/continuamosmx.com\\\/index.php\\\/2026\\\/01\\\/23\\\/gobierno-de-edomex-logra-la-primera-libertad-anticipada-de-una-mujer-en-2026\\\/\",\"name\":\"GOBIERNO DE EDOM\u00c9X LOGRA LA PRIMERA LIBERTAD ANTICIPADA DE UNA MUJER EN 2026 -\",\"isPartOf\":{\"@id\":\"https:\\\/\\\/continuamosmx.com\\\/#website\"},\"primaryImageOfPage\":{\"@id\":\"https:\\\/\\\/continuamosmx.com\\\/index.php\\\/2026\\\/01\\\/23\\\/gobierno-de-edomex-logra-la-primera-libertad-anticipada-de-una-mujer-en-2026\\\/#primaryimage\"},\"image\":{\"@id\":\"https:\\\/\\\/continuamosmx.com\\\/index.php\\\/2026\\\/01\\\/23\\\/gobierno-de-edomex-logra-la-primera-libertad-anticipada-de-una-mujer-en-2026\\\/#primaryimage\"},\"thumbnailUrl\":\"https:\\\/\\\/continuamosmx.com\\\/wp-content\\\/uploads\\\/2026\\\/01\\\/9a0f1833-1253-45a7-b2af-3ad7877ababe.jpeg\",\"datePublished\":\"2026-01-23T21:07:05+00:00\",\"dateModified\":\"2026-01-23T21:07:06+00:00\",\"breadcrumb\":{\"@id\":\"https:\\\/\\\/continuamosmx.com\\\/index.php\\\/2026\\\/01\\\/23\\\/gobierno-de-edomex-logra-la-primera-libertad-anticipada-de-una-mujer-en-2026\\\/#breadcrumb\"},\"inLanguage\":\"es\",\"potentialAction\":[{\"@type\":\"ReadAction\",\"target\":[\"https:\\\/\\\/continuamosmx.com\\\/index.php\\\/2026\\\/01\\\/23\\\/gobierno-de-edomex-logra-la-primera-libertad-anticipada-de-una-mujer-en-2026\\\/\"]}]},{\"@type\":\"ImageObject\",\"inLanguage\":\"es\",\"@id\":\"https:\\\/\\\/continuamosmx.com\\\/index.php\\\/2026\\\/01\\\/23\\\/gobierno-de-edomex-logra-la-primera-libertad-anticipada-de-una-mujer-en-2026\\\/#primaryimage\",\"url\":\"https:\\\/\\\/continuamosmx.com\\\/wp-content\\\/uploads\\\/2026\\\/01\\\/9a0f1833-1253-45a7-b2af-3ad7877ababe.jpeg\",\"contentUrl\":\"https:\\\/\\\/continuamosmx.com\\\/wp-content\\\/uploads\\\/2026\\\/01\\\/9a0f1833-1253-45a7-b2af-3ad7877ababe.jpeg\",\"width\":1339,\"height\":1008},{\"@type\":\"BreadcrumbList\",\"@id\":\"https:\\\/\\\/continuamosmx.com\\\/index.php\\\/2026\\\/01\\\/23\\\/gobierno-de-edomex-logra-la-primera-libertad-anticipada-de-una-mujer-en-2026\\\/#breadcrumb\",\"itemListElement\":[{\"@type\":\"ListItem\",\"position\":1,\"name\":\"Inicio\",\"item\":\"https:\\\/\\\/continuamosmx.com\\\/\"},{\"@type\":\"ListItem\",\"position\":2,\"name\":\"GOBIERNO DE EDOM\u00c9X LOGRA LA PRIMERA LIBERTAD ANTICIPADA DE UNA MUJER EN 2026\"}]},{\"@type\":\"WebSite\",\"@id\":\"https:\\\/\\\/continuamosmx.com\\\/#website\",\"url\":\"https:\\\/\\\/continuamosmx.com\\\/\",\"name\":\"www.continuamosmx.com\",\"description\":\"\",\"publisher\":{\"@id\":\"https:\\\/\\\/continuamosmx.com\\\/#organization\"},\"potentialAction\":[{\"@type\":\"SearchAction\",\"target\":{\"@type\":\"EntryPoint\",\"urlTemplate\":\"https:\\\/\\\/continuamosmx.com\\\/?s={search_term_string}\"},\"query-input\":{\"@type\":\"PropertyValueSpecification\",\"valueRequired\":true,\"valueName\":\"search_term_string\"}}],\"inLanguage\":\"es\"},{\"@type\":\"Organization\",\"@id\":\"https:\\\/\\\/continuamosmx.com\\\/#organization\",\"name\":\"ContinuamosMX\",\"url\":\"https:\\\/\\\/continuamosmx.com\\\/\",\"logo\":{\"@type\":\"ImageObject\",\"inLanguage\":\"es\",\"@id\":\"https:\\\/\\\/continuamosmx.com\\\/#\\\/schema\\\/logo\\\/image\\\/\",\"url\":\"https:\\\/\\\/continuamosmx.com\\\/wp-content\\\/uploads\\\/2023\\\/04\\\/cropped-LOGO-CONTI-NUEVO.png\",\"contentUrl\":\"https:\\\/\\\/continuamosmx.com\\\/wp-content\\\/uploads\\\/2023\\\/04\\\/cropped-LOGO-CONTI-NUEVO.png\",\"width\":1257,\"height\":430,\"caption\":\"ContinuamosMX\"},\"image\":{\"@id\":\"https:\\\/\\\/continuamosmx.com\\\/#\\\/schema\\\/logo\\\/image\\\/\"}},{\"@type\":\"Person\",\"@id\":\"https:\\\/\\\/continuamosmx.com\\\/#\\\/schema\\\/person\\\/5eb5356acb1fad784da407d14f0e8d89\",\"name\":\"Continuamos MX\",\"image\":{\"@type\":\"ImageObject\",\"inLanguage\":\"es\",\"@id\":\"https:\\\/\\\/secure.gravatar.com\\\/avatar\\\/30d4f9723476a15f4da34d35fb3501f08d2357016c76051c6a85c354c7489589?s=96&d=mm&r=g\",\"url\":\"https:\\\/\\\/secure.gravatar.com\\\/avatar\\\/30d4f9723476a15f4da34d35fb3501f08d2357016c76051c6a85c354c7489589?s=96&d=mm&r=g\",\"contentUrl\":\"https:\\\/\\\/secure.gravatar.com\\\/avatar\\\/30d4f9723476a15f4da34d35fb3501f08d2357016c76051c6a85c354c7489589?s=96&d=mm&r=g\",\"caption\":\"Continuamos MX\"},\"sameAs\":[\"http:\\\/\\\/www.continuamos.mx\"],\"url\":\"https:\\\/\\\/continuamosmx.com\\\/index.php\\\/author\\\/continuamos\\\/\"}]}<\/script>\n<!-- \/ Yoast SEO plugin. -->","yoast_head_json":{"title":"GOBIERNO DE EDOM\u00c9X LOGRA LA PRIMERA LIBERTAD ANTICIPADA DE UNA MUJER EN 2026 -","robots":{"index":"index","follow":"follow","max-snippet":"max-snippet:-1","max-image-preview":"max-image-preview:large","max-video-preview":"max-video-preview:-1"},"canonical":"https:\/\/continuamosmx.com\/index.php\/2026\/01\/23\/gobierno-de-edomex-logra-la-primera-libertad-anticipada-de-una-mujer-en-2026\/","og_locale":"es_ES","og_type":"article","og_title":"GOBIERNO DE EDOM\u00c9X LOGRA LA PRIMERA LIBERTAD ANTICIPADA DE UNA MUJER EN 2026 -","og_description":"Lorena \u201cN\u201d recupera su libertad tras nueve a\u00f1os de reclusi\u00f3n, sumando 54 casos exitosos bajo la administraci\u00f3n de la Maestra Delfina G\u00f3mez \u00c1lvarez.&nbsp;\ud83d\udd4a\ufe0f\u2696\ufe0f En un esfuerzo coordinado por la&nbsp;Secretar\u00eda de las Mujeres (SeMujeres), la Secretar\u00eda de Seguridad y la Consejer\u00eda Jur\u00eddica, el Gobierno del Estado de M\u00e9xico concret\u00f3 el primer externamiento del a\u00f1o 2026. Lorena [&hellip;]","og_url":"https:\/\/continuamosmx.com\/index.php\/2026\/01\/23\/gobierno-de-edomex-logra-la-primera-libertad-anticipada-de-una-mujer-en-2026\/","article_published_time":"2026-01-23T21:07:05+00:00","article_modified_time":"2026-01-23T21:07:06+00:00","og_image":[{"width":1339,"height":1008,"url":"https:\/\/continuamosmx.com\/wp-content\/uploads\/2026\/01\/9a0f1833-1253-45a7-b2af-3ad7877ababe.jpeg","type":"image\/jpeg"}],"author":"Continuamos MX","twitter_card":"summary_large_image","twitter_misc":{"Escrito por":"Continuamos MX","Tiempo de lectura":"2 minutos"},"schema":{"@context":"https:\/\/schema.org","@graph":[{"@type":"Article","@id":"https:\/\/continuamosmx.com\/index.php\/2026\/01\/23\/gobierno-de-edomex-logra-la-primera-libertad-anticipada-de-una-mujer-en-2026\/#article","isPartOf":{"@id":"https:\/\/continuamosmx.com\/index.php\/2026\/01\/23\/gobierno-de-edomex-logra-la-primera-libertad-anticipada-de-una-mujer-en-2026\/"},"author":{"name":"Continuamos MX","@id":"https:\/\/continuamosmx.com\/#\/schema\/person\/5eb5356acb1fad784da407d14f0e8d89"},"headline":"GOBIERNO DE EDOM\u00c9X LOGRA LA PRIMERA LIBERTAD ANTICIPADA DE UNA MUJER EN 2026","datePublished":"2026-01-23T21:07:05+00:00","dateModified":"2026-01-23T21:07:06+00:00","mainEntityOfPage":{"@id":"https:\/\/continuamosmx.com\/index.php\/2026\/01\/23\/gobierno-de-edomex-logra-la-primera-libertad-anticipada-de-una-mujer-en-2026\/"},"wordCount":222,"publisher":{"@id":"https:\/\/continuamosmx.com\/#organization"},"image":{"@id":"https:\/\/continuamosmx.com\/index.php\/2026\/01\/23\/gobierno-de-edomex-logra-la-primera-libertad-anticipada-de-una-mujer-en-2026\/#primaryimage"},"thumbnailUrl":"https:\/\/continuamosmx.com\/wp-content\/uploads\/2026\/01\/9a0f1833-1253-45a7-b2af-3ad7877ababe.jpeg","articleSection":["LOCALES"],"inLanguage":"es"},{"@type":"WebPage","@id":"https:\/\/continuamosmx.com\/index.php\/2026\/01\/23\/gobierno-de-edomex-logra-la-primera-libertad-anticipada-de-una-mujer-en-2026\/","url":"https:\/\/continuamosmx.com\/index.php\/2026\/01\/23\/gobierno-de-edomex-logra-la-primera-libertad-anticipada-de-una-mujer-en-2026\/","name":"GOBIERNO DE EDOM\u00c9X LOGRA LA PRIMERA LIBERTAD ANTICIPADA DE UNA MUJER EN 2026 -","isPartOf":{"@id":"https:\/\/continuamosmx.com\/#website"},"primaryImageOfPage":{"@id":"https:\/\/continuamosmx.com\/index.php\/2026\/01\/23\/gobierno-de-edomex-logra-la-primera-libertad-anticipada-de-una-mujer-en-2026\/#primaryimage"},"image":{"@id":"https:\/\/continuamosmx.com\/index.php\/2026\/01\/23\/gobierno-de-edomex-logra-la-primera-libertad-anticipada-de-una-mujer-en-2026\/#primaryimage"},"thumbnailUrl":"https:\/\/continuamosmx.com\/wp-content\/uploads\/2026\/01\/9a0f1833-1253-45a7-b2af-3ad7877ababe.jpeg","datePublished":"2026-01-23T21:07:05+00:00","dateModified":"2026-01-23T21:07:06+00:00","breadcrumb":{"@id":"https:\/\/continuamosmx.com\/index.php\/2026\/01\/23\/gobierno-de-edomex-logra-la-primera-libertad-anticipada-de-una-mujer-en-2026\/#breadcrumb"},"inLanguage":"es","potentialAction":[{"@type":"ReadAction","target":["https:\/\/continuamosmx.com\/index.php\/2026\/01\/23\/gobierno-de-edomex-logra-la-primera-libertad-anticipada-de-una-mujer-en-2026\/"]}]},{"@type":"ImageObject","inLanguage":"es","@id":"https:\/\/continuamosmx.com\/index.php\/2026\/01\/23\/gobierno-de-edomex-logra-la-primera-libertad-anticipada-de-una-mujer-en-2026\/#primaryimage","url":"https:\/\/continuamosmx.com\/wp-content\/uploads\/2026\/01\/9a0f1833-1253-45a7-b2af-3ad7877ababe.jpeg","contentUrl":"https:\/\/continuamosmx.com\/wp-content\/uploads\/2026\/01\/9a0f1833-1253-45a7-b2af-3ad7877ababe.jpeg","width":1339,"height":1008},{"@type":"BreadcrumbList","@id":"https:\/\/continuamosmx.com\/index.php\/2026\/01\/23\/gobierno-de-edomex-logra-la-primera-libertad-anticipada-de-una-mujer-en-2026\/#breadcrumb","itemListElement":[{"@type":"ListItem","position":1,"name":"Inicio","item":"https:\/\/continuamosmx.com\/"},{"@type":"ListItem","position":2,"name":"GOBIERNO DE EDOM\u00c9X LOGRA LA PRIMERA LIBERTAD ANTICIPADA DE UNA MUJER EN 2026"}]},{"@type":"WebSite","@id":"https:\/\/continuamosmx.com\/#website","url":"https:\/\/continuamosmx.com\/","name":"www.continuamosmx.com","description":"","publisher":{"@id":"https:\/\/continuamosmx.com\/#organization"},"potentialAction":[{"@type":"SearchAction","target":{"@type":"EntryPoint","urlTemplate":"https:\/\/continuamosmx.com\/?s={search_term_string}"},"query-input":{"@type":"PropertyValueSpecification","valueRequired":true,"valueName":"search_term_string"}}],"inLanguage":"es"},{"@type":"Organization","@id":"https:\/\/continuamosmx.com\/#organization","name":"ContinuamosMX","url":"https:\/\/continuamosmx.com\/","logo":{"@type":"ImageObject","inLanguage":"es","@id":"https:\/\/continuamosmx.com\/#\/schema\/logo\/image\/","url":"https:\/\/continuamosmx.com\/wp-content\/uploads\/2023\/04\/cropped-LOGO-CONTI-NUEVO.png","contentUrl":"https:\/\/continuamosmx.com\/wp-content\/uploads\/2023\/04\/cropped-LOGO-CONTI-NUEVO.png","width":1257,"height":430,"caption":"ContinuamosMX"},"image":{"@id":"https:\/\/continuamosmx.com\/#\/schema\/logo\/image\/"}},{"@type":"Person","@id":"https:\/\/continuamosmx.com\/#\/schema\/person\/5eb5356acb1fad784da407d14f0e8d89","name":"Continuamos MX","image":{"@type":"ImageObject","inLanguage":"es","@id":"https:\/\/secure.gravatar.com\/avatar\/30d4f9723476a15f4da34d35fb3501f08d2357016c76051c6a85c354c7489589?s=96&d=mm&r=g","url":"https:\/\/secure.gravatar.com\/avatar\/30d4f9723476a15f4da34d35fb3501f08d2357016c76051c6a85c354c7489589?s=96&d=mm&r=g","contentUrl":"https:\/\/secure.gravatar.com\/avatar\/30d4f9723476a15f4da34d35fb3501f08d2357016c76051c6a85c354c7489589?s=96&d=mm&r=g","caption":"Continuamos MX"},"sameAs":["http:\/\/www.continuamos.mx"],"url":"https:\/\/continuamosmx.com\/index.php\/author\/continuamos\/"}]}},"_links":{"self":[{"href":"https:\/\/continuamosmx.com\/index.php\/wp-json\/wp\/v2\/posts\/52235","targetHints":{"allow":["GET"]}}],"collection":[{"href":"https:\/\/continuamosmx.com\/index.php\/wp-json\/wp\/v2\/posts"}],"about":[{"href":"https:\/\/continuamosmx.com\/index.php\/wp-json\/wp\/v2\/types\/post"}],"author":[{"embeddable":true,"href":"https:\/\/continuamosmx.com\/index.php\/wp-json\/wp\/v2\/users\/6"}],"replies":[{"embeddable":true,"href":"https:\/\/continuamosmx.com\/index.php\/wp-json\/wp\/v2\/comments?post=52235"}],"version-history":[{"count":1,"href":"https:\/\/continuamosmx.com\/index.php\/wp-json\/wp\/v2\/posts\/52235\/revisions"}],"predecessor-version":[{"id":52238,"href":"https:\/\/continuamosmx.com\/index.php\/wp-json\/wp\/v2\/posts\/52235\/revisions\/52238"}],"wp:featuredmedia":[{"embeddable":true,"href":"https:\/\/continuamosmx.com\/index.php\/wp-json\/wp\/v2\/media\/52236"}],"wp:attachment":[{"href":"https:\/\/continuamosmx.com\/index.php\/wp-json\/wp\/v2\/media?parent=52235"}],"wp:term":[{"taxonomy":"category","embeddable":true,"href":"https:\/\/continuamosmx.com\/index.php\/wp-json\/wp\/v2\/categories?post=52235"},{"taxonomy":"post_tag","embeddable":true,"href":"https:\/\/continuamosmx.com\/index.php\/wp-json\/wp\/v2\/tags?post=52235"}],"curies":[{"name":"wp","href":"https:\/\/api.w.org\/{rel}","templated":true}]}}