{"id":52227,"date":"2026-01-23T09:49:58","date_gmt":"2026-01-23T15:49:58","guid":{"rendered":"https:\/\/continuamosmx.com\/?p=52227"},"modified":"2026-01-23T09:49:58","modified_gmt":"2026-01-23T15:49:58","slug":"el-tecui-de-calimaya-es-declarado-patrimonio-cultural-inmaterial-del-estado-de-mexico-2","status":"publish","type":"post","link":"https:\/\/continuamosmx.com\/index.php\/2026\/01\/23\/el-tecui-de-calimaya-es-declarado-patrimonio-cultural-inmaterial-del-estado-de-mexico-2\/","title":{"rendered":"EL TECU\u00cd DE CALIMAYA ES DECLARADO PATRIMONIO CULTURAL INMATERIAL DEL ESTADO DE M\u00c9XICO"},"content":{"rendered":"\n<p><strong>La LXII Legislatura blindar\u00e1 la t\u00e9cnica artesanal, los saberes tradicionales y la identidad hist\u00f3rica de esta emblem\u00e1tica bebida mexiquense.<\/strong>\u00a0<\/p>\n\n\n\n<p>En un acto que celebra las ra\u00edces mexiquenses, el Congreso local aprob\u00f3 la declaratoria de la t\u00e9cnica para elaborar el&nbsp;<strong>Tecu\u00ed<\/strong>&nbsp;como&nbsp;<strong>Patrimonio Cultural Inmaterial de la entidad<\/strong>. La iniciativa, impulsada por la diputada&nbsp;<strong>Martha Azucena Camacho Reynoso<\/strong>, busca proteger un legado que data de 1856 y que representa el orgullo y la cohesi\u00f3n social del municipio de Calimaya. \ud83d\udcdc\u2728<\/p>\n\n\n\n<p>La declaratoria establece como inter\u00e9s p\u00fablico la salvaguarda y promoci\u00f3n de esta bebida elaborada con alcohol de ca\u00f1a, jugo de naranja y frutos secos en ollas de barro. \ud83c\udffa\ud83e\udd5c Al respecto, la legisladora subray\u00f3 que este reconocimiento no busca la exclusividad comercial, sino poner en valor la&nbsp;<strong>dignidad del oficio artesanal<\/strong>&nbsp;y asegurar que el conocimiento se transmita a las futuras generaciones.<\/p>\n\n\n\n<p>Con esta medida, respaldada por la pol\u00edtica cultural de la gobernadora&nbsp;<strong>Delfina G\u00f3mez \u00c1lvarez<\/strong>, se espera potenciar el turismo y la econom\u00eda local de Calimaya, beneficiando directamente a las familias productoras que han preservado esta tradici\u00f3n de forma oral y comunitaria por m\u00e1s de un siglo. \ud83d\udc75\ud83d\udc74\ud83e\udd1d<\/p>\n\n\n\n<hr class=\"wp-block-separator has-alpha-channel-opacity\"\/>\n","protected":false},"excerpt":{"rendered":"<p>La LXII Legislatura blindar\u00e1 la t\u00e9cnica artesanal, los saberes tradicionales y la identidad hist\u00f3rica de esta emblem\u00e1tica bebida mexiquense.\u00a0 En un acto que celebra las ra\u00edces mexiquenses, el Congreso local aprob\u00f3 la declaratoria de la t\u00e9cnica para elaborar el&nbsp;Tecu\u00ed&nbsp;como&nbsp;Patrimonio Cultural Inmaterial de la entidad. La iniciativa, impulsada por la diputada&nbsp;Martha Azucena Camacho Reynoso, busca proteger [&hellip;]<\/p>\n","protected":false},"author":6,"featured_media":52228,"comment_status":"closed","ping_status":"closed","sticky":false,"template":"","format":"standard","meta":{"footnotes":""},"categories":[4],"tags":[],"class_list":["post-52227","post","type-post","status-publish","format-standard","has-post-thumbnail","hentry","category-locales"],"yoast_head":"<!-- This site is optimized with the Yoast SEO plugin v27.4 - https:\/\/yoast.com\/product\/yoast-seo-wordpress\/ -->\n<title>EL TECU\u00cd DE CALIMAYA ES DECLARADO PATRIMONIO CULTURAL INMATERIAL DEL ESTADO DE M\u00c9XICO -<\/title>\n<meta name=\"robots\" content=\"index, follow, max-snippet:-1, max-image-preview:large, max-video-preview:-1\" \/>\n<link rel=\"canonical\" href=\"https:\/\/continuamosmx.com\/index.php\/2026\/01\/23\/el-tecui-de-calimaya-es-declarado-patrimonio-cultural-inmaterial-del-estado-de-mexico-2\/\" \/>\n<meta property=\"og:locale\" content=\"es_ES\" \/>\n<meta property=\"og:type\" content=\"article\" \/>\n<meta property=\"og:title\" content=\"EL TECU\u00cd DE CALIMAYA ES DECLARADO PATRIMONIO CULTURAL INMATERIAL DEL ESTADO DE M\u00c9XICO -\" \/>\n<meta property=\"og:description\" content=\"La LXII Legislatura blindar\u00e1 la t\u00e9cnica artesanal, los saberes tradicionales y la identidad hist\u00f3rica de esta emblem\u00e1tica bebida mexiquense.\u00a0 En un acto que celebra las ra\u00edces mexiquenses, el Congreso local aprob\u00f3 la declaratoria de la t\u00e9cnica para elaborar el&nbsp;Tecu\u00ed&nbsp;como&nbsp;Patrimonio Cultural Inmaterial de la entidad. La iniciativa, impulsada por la diputada&nbsp;Martha Azucena Camacho Reynoso, busca proteger [&hellip;]\" \/>\n<meta property=\"og:url\" content=\"https:\/\/continuamosmx.com\/index.php\/2026\/01\/23\/el-tecui-de-calimaya-es-declarado-patrimonio-cultural-inmaterial-del-estado-de-mexico-2\/\" \/>\n<meta property=\"article:published_time\" content=\"2026-01-23T15:49:58+00:00\" \/>\n<meta property=\"og:image\" content=\"https:\/\/continuamosmx.com\/wp-content\/uploads\/2026\/01\/79912bb3-2f87-447e-a794-87448f103d6d-1.jpeg\" \/>\n\t<meta property=\"og:image:width\" content=\"1414\" \/>\n\t<meta property=\"og:image:height\" content=\"976\" \/>\n\t<meta property=\"og:image:type\" content=\"image\/jpeg\" \/>\n<meta name=\"author\" content=\"Continuamos MX\" \/>\n<meta name=\"twitter:card\" content=\"summary_large_image\" \/>\n<meta name=\"twitter:label1\" content=\"Escrito por\" \/>\n\t<meta name=\"twitter:data1\" content=\"Continuamos MX\" \/>\n\t<meta name=\"twitter:label2\" content=\"Tiempo de lectura\" \/>\n\t<meta name=\"twitter:data2\" content=\"2 minutos\" \/>\n<script type=\"application\/ld+json\" class=\"yoast-schema-graph\">{\"@context\":\"https:\\\/\\\/schema.org\",\"@graph\":[{\"@type\":\"Article\",\"@id\":\"https:\\\/\\\/continuamosmx.com\\\/index.php\\\/2026\\\/01\\\/23\\\/el-tecui-de-calimaya-es-declarado-patrimonio-cultural-inmaterial-del-estado-de-mexico-2\\\/#article\",\"isPartOf\":{\"@id\":\"https:\\\/\\\/continuamosmx.com\\\/index.php\\\/2026\\\/01\\\/23\\\/el-tecui-de-calimaya-es-declarado-patrimonio-cultural-inmaterial-del-estado-de-mexico-2\\\/\"},\"author\":{\"name\":\"Continuamos MX\",\"@id\":\"https:\\\/\\\/continuamosmx.com\\\/#\\\/schema\\\/person\\\/5eb5356acb1fad784da407d14f0e8d89\"},\"headline\":\"EL TECU\u00cd DE CALIMAYA ES DECLARADO PATRIMONIO CULTURAL INMATERIAL DEL ESTADO DE M\u00c9XICO\",\"datePublished\":\"2026-01-23T15:49:58+00:00\",\"mainEntityOfPage\":{\"@id\":\"https:\\\/\\\/continuamosmx.com\\\/index.php\\\/2026\\\/01\\\/23\\\/el-tecui-de-calimaya-es-declarado-patrimonio-cultural-inmaterial-del-estado-de-mexico-2\\\/\"},\"wordCount\":220,\"publisher\":{\"@id\":\"https:\\\/\\\/continuamosmx.com\\\/#organization\"},\"image\":{\"@id\":\"https:\\\/\\\/continuamosmx.com\\\/index.php\\\/2026\\\/01\\\/23\\\/el-tecui-de-calimaya-es-declarado-patrimonio-cultural-inmaterial-del-estado-de-mexico-2\\\/#primaryimage\"},\"thumbnailUrl\":\"https:\\\/\\\/continuamosmx.com\\\/wp-content\\\/uploads\\\/2026\\\/01\\\/79912bb3-2f87-447e-a794-87448f103d6d-1.jpeg\",\"articleSection\":[\"LOCALES\"],\"inLanguage\":\"es\"},{\"@type\":\"WebPage\",\"@id\":\"https:\\\/\\\/continuamosmx.com\\\/index.php\\\/2026\\\/01\\\/23\\\/el-tecui-de-calimaya-es-declarado-patrimonio-cultural-inmaterial-del-estado-de-mexico-2\\\/\",\"url\":\"https:\\\/\\\/continuamosmx.com\\\/index.php\\\/2026\\\/01\\\/23\\\/el-tecui-de-calimaya-es-declarado-patrimonio-cultural-inmaterial-del-estado-de-mexico-2\\\/\",\"name\":\"EL TECU\u00cd DE CALIMAYA ES DECLARADO PATRIMONIO CULTURAL INMATERIAL DEL ESTADO DE M\u00c9XICO -\",\"isPartOf\":{\"@id\":\"https:\\\/\\\/continuamosmx.com\\\/#website\"},\"primaryImageOfPage\":{\"@id\":\"https:\\\/\\\/continuamosmx.com\\\/index.php\\\/2026\\\/01\\\/23\\\/el-tecui-de-calimaya-es-declarado-patrimonio-cultural-inmaterial-del-estado-de-mexico-2\\\/#primaryimage\"},\"image\":{\"@id\":\"https:\\\/\\\/continuamosmx.com\\\/index.php\\\/2026\\\/01\\\/23\\\/el-tecui-de-calimaya-es-declarado-patrimonio-cultural-inmaterial-del-estado-de-mexico-2\\\/#primaryimage\"},\"thumbnailUrl\":\"https:\\\/\\\/continuamosmx.com\\\/wp-content\\\/uploads\\\/2026\\\/01\\\/79912bb3-2f87-447e-a794-87448f103d6d-1.jpeg\",\"datePublished\":\"2026-01-23T15:49:58+00:00\",\"breadcrumb\":{\"@id\":\"https:\\\/\\\/continuamosmx.com\\\/index.php\\\/2026\\\/01\\\/23\\\/el-tecui-de-calimaya-es-declarado-patrimonio-cultural-inmaterial-del-estado-de-mexico-2\\\/#breadcrumb\"},\"inLanguage\":\"es\",\"potentialAction\":[{\"@type\":\"ReadAction\",\"target\":[\"https:\\\/\\\/continuamosmx.com\\\/index.php\\\/2026\\\/01\\\/23\\\/el-tecui-de-calimaya-es-declarado-patrimonio-cultural-inmaterial-del-estado-de-mexico-2\\\/\"]}]},{\"@type\":\"ImageObject\",\"inLanguage\":\"es\",\"@id\":\"https:\\\/\\\/continuamosmx.com\\\/index.php\\\/2026\\\/01\\\/23\\\/el-tecui-de-calimaya-es-declarado-patrimonio-cultural-inmaterial-del-estado-de-mexico-2\\\/#primaryimage\",\"url\":\"https:\\\/\\\/continuamosmx.com\\\/wp-content\\\/uploads\\\/2026\\\/01\\\/79912bb3-2f87-447e-a794-87448f103d6d-1.jpeg\",\"contentUrl\":\"https:\\\/\\\/continuamosmx.com\\\/wp-content\\\/uploads\\\/2026\\\/01\\\/79912bb3-2f87-447e-a794-87448f103d6d-1.jpeg\",\"width\":1414,\"height\":976},{\"@type\":\"BreadcrumbList\",\"@id\":\"https:\\\/\\\/continuamosmx.com\\\/index.php\\\/2026\\\/01\\\/23\\\/el-tecui-de-calimaya-es-declarado-patrimonio-cultural-inmaterial-del-estado-de-mexico-2\\\/#breadcrumb\",\"itemListElement\":[{\"@type\":\"ListItem\",\"position\":1,\"name\":\"Inicio\",\"item\":\"https:\\\/\\\/continuamosmx.com\\\/\"},{\"@type\":\"ListItem\",\"position\":2,\"name\":\"EL TECU\u00cd DE CALIMAYA ES DECLARADO PATRIMONIO CULTURAL INMATERIAL DEL ESTADO DE M\u00c9XICO\"}]},{\"@type\":\"WebSite\",\"@id\":\"https:\\\/\\\/continuamosmx.com\\\/#website\",\"url\":\"https:\\\/\\\/continuamosmx.com\\\/\",\"name\":\"www.continuamosmx.com\",\"description\":\"\",\"publisher\":{\"@id\":\"https:\\\/\\\/continuamosmx.com\\\/#organization\"},\"potentialAction\":[{\"@type\":\"SearchAction\",\"target\":{\"@type\":\"EntryPoint\",\"urlTemplate\":\"https:\\\/\\\/continuamosmx.com\\\/?s={search_term_string}\"},\"query-input\":{\"@type\":\"PropertyValueSpecification\",\"valueRequired\":true,\"valueName\":\"search_term_string\"}}],\"inLanguage\":\"es\"},{\"@type\":\"Organization\",\"@id\":\"https:\\\/\\\/continuamosmx.com\\\/#organization\",\"name\":\"ContinuamosMX\",\"url\":\"https:\\\/\\\/continuamosmx.com\\\/\",\"logo\":{\"@type\":\"ImageObject\",\"inLanguage\":\"es\",\"@id\":\"https:\\\/\\\/continuamosmx.com\\\/#\\\/schema\\\/logo\\\/image\\\/\",\"url\":\"https:\\\/\\\/continuamosmx.com\\\/wp-content\\\/uploads\\\/2023\\\/04\\\/cropped-LOGO-CONTI-NUEVO.png\",\"contentUrl\":\"https:\\\/\\\/continuamosmx.com\\\/wp-content\\\/uploads\\\/2023\\\/04\\\/cropped-LOGO-CONTI-NUEVO.png\",\"width\":1257,\"height\":430,\"caption\":\"ContinuamosMX\"},\"image\":{\"@id\":\"https:\\\/\\\/continuamosmx.com\\\/#\\\/schema\\\/logo\\\/image\\\/\"}},{\"@type\":\"Person\",\"@id\":\"https:\\\/\\\/continuamosmx.com\\\/#\\\/schema\\\/person\\\/5eb5356acb1fad784da407d14f0e8d89\",\"name\":\"Continuamos MX\",\"image\":{\"@type\":\"ImageObject\",\"inLanguage\":\"es\",\"@id\":\"https:\\\/\\\/secure.gravatar.com\\\/avatar\\\/30d4f9723476a15f4da34d35fb3501f08d2357016c76051c6a85c354c7489589?s=96&d=mm&r=g\",\"url\":\"https:\\\/\\\/secure.gravatar.com\\\/avatar\\\/30d4f9723476a15f4da34d35fb3501f08d2357016c76051c6a85c354c7489589?s=96&d=mm&r=g\",\"contentUrl\":\"https:\\\/\\\/secure.gravatar.com\\\/avatar\\\/30d4f9723476a15f4da34d35fb3501f08d2357016c76051c6a85c354c7489589?s=96&d=mm&r=g\",\"caption\":\"Continuamos MX\"},\"sameAs\":[\"http:\\\/\\\/www.continuamos.mx\"],\"url\":\"https:\\\/\\\/continuamosmx.com\\\/index.php\\\/author\\\/continuamos\\\/\"}]}<\/script>\n<!-- \/ Yoast SEO plugin. -->","yoast_head_json":{"title":"EL TECU\u00cd DE CALIMAYA ES DECLARADO PATRIMONIO CULTURAL INMATERIAL DEL ESTADO DE M\u00c9XICO -","robots":{"index":"index","follow":"follow","max-snippet":"max-snippet:-1","max-image-preview":"max-image-preview:large","max-video-preview":"max-video-preview:-1"},"canonical":"https:\/\/continuamosmx.com\/index.php\/2026\/01\/23\/el-tecui-de-calimaya-es-declarado-patrimonio-cultural-inmaterial-del-estado-de-mexico-2\/","og_locale":"es_ES","og_type":"article","og_title":"EL TECU\u00cd DE CALIMAYA ES DECLARADO PATRIMONIO CULTURAL INMATERIAL DEL ESTADO DE M\u00c9XICO -","og_description":"La LXII Legislatura blindar\u00e1 la t\u00e9cnica artesanal, los saberes tradicionales y la identidad hist\u00f3rica de esta emblem\u00e1tica bebida mexiquense.\u00a0 En un acto que celebra las ra\u00edces mexiquenses, el Congreso local aprob\u00f3 la declaratoria de la t\u00e9cnica para elaborar el&nbsp;Tecu\u00ed&nbsp;como&nbsp;Patrimonio Cultural Inmaterial de la entidad. La iniciativa, impulsada por la diputada&nbsp;Martha Azucena Camacho Reynoso, busca proteger [&hellip;]","og_url":"https:\/\/continuamosmx.com\/index.php\/2026\/01\/23\/el-tecui-de-calimaya-es-declarado-patrimonio-cultural-inmaterial-del-estado-de-mexico-2\/","article_published_time":"2026-01-23T15:49:58+00:00","og_image":[{"width":1414,"height":976,"url":"https:\/\/continuamosmx.com\/wp-content\/uploads\/2026\/01\/79912bb3-2f87-447e-a794-87448f103d6d-1.jpeg","type":"image\/jpeg"}],"author":"Continuamos MX","twitter_card":"summary_large_image","twitter_misc":{"Escrito por":"Continuamos MX","Tiempo de lectura":"2 minutos"},"schema":{"@context":"https:\/\/schema.org","@graph":[{"@type":"Article","@id":"https:\/\/continuamosmx.com\/index.php\/2026\/01\/23\/el-tecui-de-calimaya-es-declarado-patrimonio-cultural-inmaterial-del-estado-de-mexico-2\/#article","isPartOf":{"@id":"https:\/\/continuamosmx.com\/index.php\/2026\/01\/23\/el-tecui-de-calimaya-es-declarado-patrimonio-cultural-inmaterial-del-estado-de-mexico-2\/"},"author":{"name":"Continuamos MX","@id":"https:\/\/continuamosmx.com\/#\/schema\/person\/5eb5356acb1fad784da407d14f0e8d89"},"headline":"EL TECU\u00cd DE CALIMAYA ES DECLARADO PATRIMONIO CULTURAL INMATERIAL DEL ESTADO DE M\u00c9XICO","datePublished":"2026-01-23T15:49:58+00:00","mainEntityOfPage":{"@id":"https:\/\/continuamosmx.com\/index.php\/2026\/01\/23\/el-tecui-de-calimaya-es-declarado-patrimonio-cultural-inmaterial-del-estado-de-mexico-2\/"},"wordCount":220,"publisher":{"@id":"https:\/\/continuamosmx.com\/#organization"},"image":{"@id":"https:\/\/continuamosmx.com\/index.php\/2026\/01\/23\/el-tecui-de-calimaya-es-declarado-patrimonio-cultural-inmaterial-del-estado-de-mexico-2\/#primaryimage"},"thumbnailUrl":"https:\/\/continuamosmx.com\/wp-content\/uploads\/2026\/01\/79912bb3-2f87-447e-a794-87448f103d6d-1.jpeg","articleSection":["LOCALES"],"inLanguage":"es"},{"@type":"WebPage","@id":"https:\/\/continuamosmx.com\/index.php\/2026\/01\/23\/el-tecui-de-calimaya-es-declarado-patrimonio-cultural-inmaterial-del-estado-de-mexico-2\/","url":"https:\/\/continuamosmx.com\/index.php\/2026\/01\/23\/el-tecui-de-calimaya-es-declarado-patrimonio-cultural-inmaterial-del-estado-de-mexico-2\/","name":"EL TECU\u00cd DE CALIMAYA ES DECLARADO PATRIMONIO CULTURAL INMATERIAL DEL ESTADO DE M\u00c9XICO -","isPartOf":{"@id":"https:\/\/continuamosmx.com\/#website"},"primaryImageOfPage":{"@id":"https:\/\/continuamosmx.com\/index.php\/2026\/01\/23\/el-tecui-de-calimaya-es-declarado-patrimonio-cultural-inmaterial-del-estado-de-mexico-2\/#primaryimage"},"image":{"@id":"https:\/\/continuamosmx.com\/index.php\/2026\/01\/23\/el-tecui-de-calimaya-es-declarado-patrimonio-cultural-inmaterial-del-estado-de-mexico-2\/#primaryimage"},"thumbnailUrl":"https:\/\/continuamosmx.com\/wp-content\/uploads\/2026\/01\/79912bb3-2f87-447e-a794-87448f103d6d-1.jpeg","datePublished":"2026-01-23T15:49:58+00:00","breadcrumb":{"@id":"https:\/\/continuamosmx.com\/index.php\/2026\/01\/23\/el-tecui-de-calimaya-es-declarado-patrimonio-cultural-inmaterial-del-estado-de-mexico-2\/#breadcrumb"},"inLanguage":"es","potentialAction":[{"@type":"ReadAction","target":["https:\/\/continuamosmx.com\/index.php\/2026\/01\/23\/el-tecui-de-calimaya-es-declarado-patrimonio-cultural-inmaterial-del-estado-de-mexico-2\/"]}]},{"@type":"ImageObject","inLanguage":"es","@id":"https:\/\/continuamosmx.com\/index.php\/2026\/01\/23\/el-tecui-de-calimaya-es-declarado-patrimonio-cultural-inmaterial-del-estado-de-mexico-2\/#primaryimage","url":"https:\/\/continuamosmx.com\/wp-content\/uploads\/2026\/01\/79912bb3-2f87-447e-a794-87448f103d6d-1.jpeg","contentUrl":"https:\/\/continuamosmx.com\/wp-content\/uploads\/2026\/01\/79912bb3-2f87-447e-a794-87448f103d6d-1.jpeg","width":1414,"height":976},{"@type":"BreadcrumbList","@id":"https:\/\/continuamosmx.com\/index.php\/2026\/01\/23\/el-tecui-de-calimaya-es-declarado-patrimonio-cultural-inmaterial-del-estado-de-mexico-2\/#breadcrumb","itemListElement":[{"@type":"ListItem","position":1,"name":"Inicio","item":"https:\/\/continuamosmx.com\/"},{"@type":"ListItem","position":2,"name":"EL TECU\u00cd DE CALIMAYA ES DECLARADO PATRIMONIO CULTURAL INMATERIAL DEL ESTADO DE M\u00c9XICO"}]},{"@type":"WebSite","@id":"https:\/\/continuamosmx.com\/#website","url":"https:\/\/continuamosmx.com\/","name":"www.continuamosmx.com","description":"","publisher":{"@id":"https:\/\/continuamosmx.com\/#organization"},"potentialAction":[{"@type":"SearchAction","target":{"@type":"EntryPoint","urlTemplate":"https:\/\/continuamosmx.com\/?s={search_term_string}"},"query-input":{"@type":"PropertyValueSpecification","valueRequired":true,"valueName":"search_term_string"}}],"inLanguage":"es"},{"@type":"Organization","@id":"https:\/\/continuamosmx.com\/#organization","name":"ContinuamosMX","url":"https:\/\/continuamosmx.com\/","logo":{"@type":"ImageObject","inLanguage":"es","@id":"https:\/\/continuamosmx.com\/#\/schema\/logo\/image\/","url":"https:\/\/continuamosmx.com\/wp-content\/uploads\/2023\/04\/cropped-LOGO-CONTI-NUEVO.png","contentUrl":"https:\/\/continuamosmx.com\/wp-content\/uploads\/2023\/04\/cropped-LOGO-CONTI-NUEVO.png","width":1257,"height":430,"caption":"ContinuamosMX"},"image":{"@id":"https:\/\/continuamosmx.com\/#\/schema\/logo\/image\/"}},{"@type":"Person","@id":"https:\/\/continuamosmx.com\/#\/schema\/person\/5eb5356acb1fad784da407d14f0e8d89","name":"Continuamos MX","image":{"@type":"ImageObject","inLanguage":"es","@id":"https:\/\/secure.gravatar.com\/avatar\/30d4f9723476a15f4da34d35fb3501f08d2357016c76051c6a85c354c7489589?s=96&d=mm&r=g","url":"https:\/\/secure.gravatar.com\/avatar\/30d4f9723476a15f4da34d35fb3501f08d2357016c76051c6a85c354c7489589?s=96&d=mm&r=g","contentUrl":"https:\/\/secure.gravatar.com\/avatar\/30d4f9723476a15f4da34d35fb3501f08d2357016c76051c6a85c354c7489589?s=96&d=mm&r=g","caption":"Continuamos MX"},"sameAs":["http:\/\/www.continuamos.mx"],"url":"https:\/\/continuamosmx.com\/index.php\/author\/continuamos\/"}]}},"_links":{"self":[{"href":"https:\/\/continuamosmx.com\/index.php\/wp-json\/wp\/v2\/posts\/52227","targetHints":{"allow":["GET"]}}],"collection":[{"href":"https:\/\/continuamosmx.com\/index.php\/wp-json\/wp\/v2\/posts"}],"about":[{"href":"https:\/\/continuamosmx.com\/index.php\/wp-json\/wp\/v2\/types\/post"}],"author":[{"embeddable":true,"href":"https:\/\/continuamosmx.com\/index.php\/wp-json\/wp\/v2\/users\/6"}],"replies":[{"embeddable":true,"href":"https:\/\/continuamosmx.com\/index.php\/wp-json\/wp\/v2\/comments?post=52227"}],"version-history":[{"count":1,"href":"https:\/\/continuamosmx.com\/index.php\/wp-json\/wp\/v2\/posts\/52227\/revisions"}],"predecessor-version":[{"id":52229,"href":"https:\/\/continuamosmx.com\/index.php\/wp-json\/wp\/v2\/posts\/52227\/revisions\/52229"}],"wp:featuredmedia":[{"embeddable":true,"href":"https:\/\/continuamosmx.com\/index.php\/wp-json\/wp\/v2\/media\/52228"}],"wp:attachment":[{"href":"https:\/\/continuamosmx.com\/index.php\/wp-json\/wp\/v2\/media?parent=52227"}],"wp:term":[{"taxonomy":"category","embeddable":true,"href":"https:\/\/continuamosmx.com\/index.php\/wp-json\/wp\/v2\/categories?post=52227"},{"taxonomy":"post_tag","embeddable":true,"href":"https:\/\/continuamosmx.com\/index.php\/wp-json\/wp\/v2\/tags?post=52227"}],"curies":[{"name":"wp","href":"https:\/\/api.w.org\/{rel}","templated":true}]}}