{"id":52224,"date":"2026-01-23T09:47:10","date_gmt":"2026-01-23T15:47:10","guid":{"rendered":"https:\/\/continuamosmx.com\/?p=52224"},"modified":"2026-01-23T09:47:10","modified_gmt":"2026-01-23T15:47:10","slug":"el-derecho-a-la-activacion-fisica-ya-es-constitucional-en-el-estado-de-mexico","status":"publish","type":"post","link":"https:\/\/continuamosmx.com\/index.php\/2026\/01\/23\/el-derecho-a-la-activacion-fisica-ya-es-constitucional-en-el-estado-de-mexico\/","title":{"rendered":"EL DERECHO A LA ACTIVACI\u00d3N F\u00cdSICA YA ES CONSTITUCIONAL EN EL ESTADO DE M\u00c9XICO"},"content":{"rendered":"\n<p><strong>Tras el respaldo de la mayor\u00eda de los ayuntamientos, el Congreso local formaliza la reforma que garantiza el acceso al ejercicio, la salud mental y la inclusi\u00f3n deportiva.<\/strong>&nbsp;\ud83c\udfc3\u200d\u2642\ufe0f\ud83c\udfdb\ufe0f<\/p>\n\n\n\n<p>El Congreso del Estado de M\u00e9xico declar\u00f3 la aprobaci\u00f3n oficial de la minuta que incorpora el derecho a la&nbsp;<strong>activaci\u00f3n f\u00edsica<\/strong>&nbsp;en la Constituci\u00f3n local. Esta reforma, impulsada originalmente por el Grupo Parlamentario del PVEM y coordinada por el diputado&nbsp;<strong>Jos\u00e9 Alberto Couttolenc Buentello<\/strong>, recibi\u00f3 el aval mayoritario de los municipios tras su aprobaci\u00f3n inicial en el Pleno. \u2705<\/p>\n\n\n\n<p>Con esta modificaci\u00f3n, la activaci\u00f3n f\u00edsica se une a los derechos de cultura f\u00edsica y deporte como una responsabilidad que el Estado debe fomentar y estimular. La diputada&nbsp;<strong>Miriam Silva Mata<\/strong>&nbsp;destac\u00f3 que la reforma tambi\u00e9n impacta en las Leyes de la Juventud y de Cultura F\u00edsica, asegurando que las y los j\u00f3venes cuenten con espacios adecuados y programas que promuevan un uso productivo del tiempo libre y el cuidado de la&nbsp;<strong>salud mental<\/strong>. \ud83e\udde0\ud83d\udcaa<\/p>\n\n\n\n<p>La nueva normativa obliga a las autoridades estatales, municipales y al sector privado a garantizar que las instituciones deportivas operen bajo principios de&nbsp;<strong>inclusi\u00f3n, igualdad y accesibilidad<\/strong>, eliminando cualquier forma de discriminaci\u00f3n y profesionalizando al personal encargado de estas actividades. \ud83c\udfe2\u267f<\/p>\n","protected":false},"excerpt":{"rendered":"<p>Tras el respaldo de la mayor\u00eda de los ayuntamientos, el Congreso local formaliza la reforma que garantiza el acceso al ejercicio, la salud mental y la inclusi\u00f3n deportiva.&nbsp;\ud83c\udfc3\u200d\u2642\ufe0f\ud83c\udfdb\ufe0f El Congreso del Estado de M\u00e9xico declar\u00f3 la aprobaci\u00f3n oficial de la minuta que incorpora el derecho a la&nbsp;activaci\u00f3n f\u00edsica&nbsp;en la Constituci\u00f3n local. Esta reforma, impulsada originalmente [&hellip;]<\/p>\n","protected":false},"author":6,"featured_media":52225,"comment_status":"closed","ping_status":"closed","sticky":false,"template":"","format":"standard","meta":{"footnotes":""},"categories":[4],"tags":[],"class_list":["post-52224","post","type-post","status-publish","format-standard","has-post-thumbnail","hentry","category-locales"],"yoast_head":"<!-- This site is optimized with the Yoast SEO plugin v27.4 - https:\/\/yoast.com\/product\/yoast-seo-wordpress\/ -->\n<title>EL DERECHO A LA ACTIVACI\u00d3N F\u00cdSICA YA ES CONSTITUCIONAL EN EL ESTADO DE M\u00c9XICO -<\/title>\n<meta name=\"robots\" content=\"index, follow, max-snippet:-1, max-image-preview:large, max-video-preview:-1\" \/>\n<link rel=\"canonical\" href=\"https:\/\/continuamosmx.com\/index.php\/2026\/01\/23\/el-derecho-a-la-activacion-fisica-ya-es-constitucional-en-el-estado-de-mexico\/\" \/>\n<meta property=\"og:locale\" content=\"es_ES\" \/>\n<meta property=\"og:type\" content=\"article\" \/>\n<meta property=\"og:title\" content=\"EL DERECHO A LA ACTIVACI\u00d3N F\u00cdSICA YA ES CONSTITUCIONAL EN EL ESTADO DE M\u00c9XICO -\" \/>\n<meta property=\"og:description\" content=\"Tras el respaldo de la mayor\u00eda de los ayuntamientos, el Congreso local formaliza la reforma que garantiza el acceso al ejercicio, la salud mental y la inclusi\u00f3n deportiva.&nbsp;\ud83c\udfc3\u200d\u2642\ufe0f\ud83c\udfdb\ufe0f El Congreso del Estado de M\u00e9xico declar\u00f3 la aprobaci\u00f3n oficial de la minuta que incorpora el derecho a la&nbsp;activaci\u00f3n f\u00edsica&nbsp;en la Constituci\u00f3n local. Esta reforma, impulsada originalmente [&hellip;]\" \/>\n<meta property=\"og:url\" content=\"https:\/\/continuamosmx.com\/index.php\/2026\/01\/23\/el-derecho-a-la-activacion-fisica-ya-es-constitucional-en-el-estado-de-mexico\/\" \/>\n<meta property=\"article:published_time\" content=\"2026-01-23T15:47:10+00:00\" \/>\n<meta property=\"og:image\" content=\"https:\/\/continuamosmx.com\/wp-content\/uploads\/2026\/01\/7389a08a-8815-439e-9251-8c8382aca5e3.jpeg\" \/>\n\t<meta property=\"og:image:width\" content=\"1504\" \/>\n\t<meta property=\"og:image:height\" content=\"1004\" \/>\n\t<meta property=\"og:image:type\" content=\"image\/jpeg\" \/>\n<meta name=\"author\" content=\"Continuamos MX\" \/>\n<meta name=\"twitter:card\" content=\"summary_large_image\" \/>\n<meta name=\"twitter:label1\" content=\"Escrito por\" \/>\n\t<meta name=\"twitter:data1\" content=\"Continuamos MX\" \/>\n\t<meta name=\"twitter:label2\" content=\"Tiempo de lectura\" \/>\n\t<meta name=\"twitter:data2\" content=\"2 minutos\" \/>\n<script type=\"application\/ld+json\" class=\"yoast-schema-graph\">{\"@context\":\"https:\\\/\\\/schema.org\",\"@graph\":[{\"@type\":\"Article\",\"@id\":\"https:\\\/\\\/continuamosmx.com\\\/index.php\\\/2026\\\/01\\\/23\\\/el-derecho-a-la-activacion-fisica-ya-es-constitucional-en-el-estado-de-mexico\\\/#article\",\"isPartOf\":{\"@id\":\"https:\\\/\\\/continuamosmx.com\\\/index.php\\\/2026\\\/01\\\/23\\\/el-derecho-a-la-activacion-fisica-ya-es-constitucional-en-el-estado-de-mexico\\\/\"},\"author\":{\"name\":\"Continuamos MX\",\"@id\":\"https:\\\/\\\/continuamosmx.com\\\/#\\\/schema\\\/person\\\/5eb5356acb1fad784da407d14f0e8d89\"},\"headline\":\"EL DERECHO A LA ACTIVACI\u00d3N F\u00cdSICA YA ES CONSTITUCIONAL EN EL ESTADO DE M\u00c9XICO\",\"datePublished\":\"2026-01-23T15:47:10+00:00\",\"mainEntityOfPage\":{\"@id\":\"https:\\\/\\\/continuamosmx.com\\\/index.php\\\/2026\\\/01\\\/23\\\/el-derecho-a-la-activacion-fisica-ya-es-constitucional-en-el-estado-de-mexico\\\/\"},\"wordCount\":242,\"publisher\":{\"@id\":\"https:\\\/\\\/continuamosmx.com\\\/#organization\"},\"image\":{\"@id\":\"https:\\\/\\\/continuamosmx.com\\\/index.php\\\/2026\\\/01\\\/23\\\/el-derecho-a-la-activacion-fisica-ya-es-constitucional-en-el-estado-de-mexico\\\/#primaryimage\"},\"thumbnailUrl\":\"https:\\\/\\\/continuamosmx.com\\\/wp-content\\\/uploads\\\/2026\\\/01\\\/7389a08a-8815-439e-9251-8c8382aca5e3.jpeg\",\"articleSection\":[\"LOCALES\"],\"inLanguage\":\"es\"},{\"@type\":\"WebPage\",\"@id\":\"https:\\\/\\\/continuamosmx.com\\\/index.php\\\/2026\\\/01\\\/23\\\/el-derecho-a-la-activacion-fisica-ya-es-constitucional-en-el-estado-de-mexico\\\/\",\"url\":\"https:\\\/\\\/continuamosmx.com\\\/index.php\\\/2026\\\/01\\\/23\\\/el-derecho-a-la-activacion-fisica-ya-es-constitucional-en-el-estado-de-mexico\\\/\",\"name\":\"EL DERECHO A LA ACTIVACI\u00d3N F\u00cdSICA YA ES CONSTITUCIONAL EN EL ESTADO DE M\u00c9XICO -\",\"isPartOf\":{\"@id\":\"https:\\\/\\\/continuamosmx.com\\\/#website\"},\"primaryImageOfPage\":{\"@id\":\"https:\\\/\\\/continuamosmx.com\\\/index.php\\\/2026\\\/01\\\/23\\\/el-derecho-a-la-activacion-fisica-ya-es-constitucional-en-el-estado-de-mexico\\\/#primaryimage\"},\"image\":{\"@id\":\"https:\\\/\\\/continuamosmx.com\\\/index.php\\\/2026\\\/01\\\/23\\\/el-derecho-a-la-activacion-fisica-ya-es-constitucional-en-el-estado-de-mexico\\\/#primaryimage\"},\"thumbnailUrl\":\"https:\\\/\\\/continuamosmx.com\\\/wp-content\\\/uploads\\\/2026\\\/01\\\/7389a08a-8815-439e-9251-8c8382aca5e3.jpeg\",\"datePublished\":\"2026-01-23T15:47:10+00:00\",\"breadcrumb\":{\"@id\":\"https:\\\/\\\/continuamosmx.com\\\/index.php\\\/2026\\\/01\\\/23\\\/el-derecho-a-la-activacion-fisica-ya-es-constitucional-en-el-estado-de-mexico\\\/#breadcrumb\"},\"inLanguage\":\"es\",\"potentialAction\":[{\"@type\":\"ReadAction\",\"target\":[\"https:\\\/\\\/continuamosmx.com\\\/index.php\\\/2026\\\/01\\\/23\\\/el-derecho-a-la-activacion-fisica-ya-es-constitucional-en-el-estado-de-mexico\\\/\"]}]},{\"@type\":\"ImageObject\",\"inLanguage\":\"es\",\"@id\":\"https:\\\/\\\/continuamosmx.com\\\/index.php\\\/2026\\\/01\\\/23\\\/el-derecho-a-la-activacion-fisica-ya-es-constitucional-en-el-estado-de-mexico\\\/#primaryimage\",\"url\":\"https:\\\/\\\/continuamosmx.com\\\/wp-content\\\/uploads\\\/2026\\\/01\\\/7389a08a-8815-439e-9251-8c8382aca5e3.jpeg\",\"contentUrl\":\"https:\\\/\\\/continuamosmx.com\\\/wp-content\\\/uploads\\\/2026\\\/01\\\/7389a08a-8815-439e-9251-8c8382aca5e3.jpeg\",\"width\":1504,\"height\":1004},{\"@type\":\"BreadcrumbList\",\"@id\":\"https:\\\/\\\/continuamosmx.com\\\/index.php\\\/2026\\\/01\\\/23\\\/el-derecho-a-la-activacion-fisica-ya-es-constitucional-en-el-estado-de-mexico\\\/#breadcrumb\",\"itemListElement\":[{\"@type\":\"ListItem\",\"position\":1,\"name\":\"Inicio\",\"item\":\"https:\\\/\\\/continuamosmx.com\\\/\"},{\"@type\":\"ListItem\",\"position\":2,\"name\":\"EL DERECHO A LA ACTIVACI\u00d3N F\u00cdSICA YA ES CONSTITUCIONAL EN EL ESTADO DE M\u00c9XICO\"}]},{\"@type\":\"WebSite\",\"@id\":\"https:\\\/\\\/continuamosmx.com\\\/#website\",\"url\":\"https:\\\/\\\/continuamosmx.com\\\/\",\"name\":\"www.continuamosmx.com\",\"description\":\"\",\"publisher\":{\"@id\":\"https:\\\/\\\/continuamosmx.com\\\/#organization\"},\"potentialAction\":[{\"@type\":\"SearchAction\",\"target\":{\"@type\":\"EntryPoint\",\"urlTemplate\":\"https:\\\/\\\/continuamosmx.com\\\/?s={search_term_string}\"},\"query-input\":{\"@type\":\"PropertyValueSpecification\",\"valueRequired\":true,\"valueName\":\"search_term_string\"}}],\"inLanguage\":\"es\"},{\"@type\":\"Organization\",\"@id\":\"https:\\\/\\\/continuamosmx.com\\\/#organization\",\"name\":\"ContinuamosMX\",\"url\":\"https:\\\/\\\/continuamosmx.com\\\/\",\"logo\":{\"@type\":\"ImageObject\",\"inLanguage\":\"es\",\"@id\":\"https:\\\/\\\/continuamosmx.com\\\/#\\\/schema\\\/logo\\\/image\\\/\",\"url\":\"https:\\\/\\\/continuamosmx.com\\\/wp-content\\\/uploads\\\/2023\\\/04\\\/cropped-LOGO-CONTI-NUEVO.png\",\"contentUrl\":\"https:\\\/\\\/continuamosmx.com\\\/wp-content\\\/uploads\\\/2023\\\/04\\\/cropped-LOGO-CONTI-NUEVO.png\",\"width\":1257,\"height\":430,\"caption\":\"ContinuamosMX\"},\"image\":{\"@id\":\"https:\\\/\\\/continuamosmx.com\\\/#\\\/schema\\\/logo\\\/image\\\/\"}},{\"@type\":\"Person\",\"@id\":\"https:\\\/\\\/continuamosmx.com\\\/#\\\/schema\\\/person\\\/5eb5356acb1fad784da407d14f0e8d89\",\"name\":\"Continuamos MX\",\"image\":{\"@type\":\"ImageObject\",\"inLanguage\":\"es\",\"@id\":\"https:\\\/\\\/secure.gravatar.com\\\/avatar\\\/30d4f9723476a15f4da34d35fb3501f08d2357016c76051c6a85c354c7489589?s=96&d=mm&r=g\",\"url\":\"https:\\\/\\\/secure.gravatar.com\\\/avatar\\\/30d4f9723476a15f4da34d35fb3501f08d2357016c76051c6a85c354c7489589?s=96&d=mm&r=g\",\"contentUrl\":\"https:\\\/\\\/secure.gravatar.com\\\/avatar\\\/30d4f9723476a15f4da34d35fb3501f08d2357016c76051c6a85c354c7489589?s=96&d=mm&r=g\",\"caption\":\"Continuamos MX\"},\"sameAs\":[\"http:\\\/\\\/www.continuamos.mx\"],\"url\":\"https:\\\/\\\/continuamosmx.com\\\/index.php\\\/author\\\/continuamos\\\/\"}]}<\/script>\n<!-- \/ Yoast SEO plugin. -->","yoast_head_json":{"title":"EL DERECHO A LA ACTIVACI\u00d3N F\u00cdSICA YA ES CONSTITUCIONAL EN EL ESTADO DE M\u00c9XICO -","robots":{"index":"index","follow":"follow","max-snippet":"max-snippet:-1","max-image-preview":"max-image-preview:large","max-video-preview":"max-video-preview:-1"},"canonical":"https:\/\/continuamosmx.com\/index.php\/2026\/01\/23\/el-derecho-a-la-activacion-fisica-ya-es-constitucional-en-el-estado-de-mexico\/","og_locale":"es_ES","og_type":"article","og_title":"EL DERECHO A LA ACTIVACI\u00d3N F\u00cdSICA YA ES CONSTITUCIONAL EN EL ESTADO DE M\u00c9XICO -","og_description":"Tras el respaldo de la mayor\u00eda de los ayuntamientos, el Congreso local formaliza la reforma que garantiza el acceso al ejercicio, la salud mental y la inclusi\u00f3n deportiva.&nbsp;\ud83c\udfc3\u200d\u2642\ufe0f\ud83c\udfdb\ufe0f El Congreso del Estado de M\u00e9xico declar\u00f3 la aprobaci\u00f3n oficial de la minuta que incorpora el derecho a la&nbsp;activaci\u00f3n f\u00edsica&nbsp;en la Constituci\u00f3n local. Esta reforma, impulsada originalmente [&hellip;]","og_url":"https:\/\/continuamosmx.com\/index.php\/2026\/01\/23\/el-derecho-a-la-activacion-fisica-ya-es-constitucional-en-el-estado-de-mexico\/","article_published_time":"2026-01-23T15:47:10+00:00","og_image":[{"width":1504,"height":1004,"url":"https:\/\/continuamosmx.com\/wp-content\/uploads\/2026\/01\/7389a08a-8815-439e-9251-8c8382aca5e3.jpeg","type":"image\/jpeg"}],"author":"Continuamos MX","twitter_card":"summary_large_image","twitter_misc":{"Escrito por":"Continuamos MX","Tiempo de lectura":"2 minutos"},"schema":{"@context":"https:\/\/schema.org","@graph":[{"@type":"Article","@id":"https:\/\/continuamosmx.com\/index.php\/2026\/01\/23\/el-derecho-a-la-activacion-fisica-ya-es-constitucional-en-el-estado-de-mexico\/#article","isPartOf":{"@id":"https:\/\/continuamosmx.com\/index.php\/2026\/01\/23\/el-derecho-a-la-activacion-fisica-ya-es-constitucional-en-el-estado-de-mexico\/"},"author":{"name":"Continuamos MX","@id":"https:\/\/continuamosmx.com\/#\/schema\/person\/5eb5356acb1fad784da407d14f0e8d89"},"headline":"EL DERECHO A LA ACTIVACI\u00d3N F\u00cdSICA YA ES CONSTITUCIONAL EN EL ESTADO DE M\u00c9XICO","datePublished":"2026-01-23T15:47:10+00:00","mainEntityOfPage":{"@id":"https:\/\/continuamosmx.com\/index.php\/2026\/01\/23\/el-derecho-a-la-activacion-fisica-ya-es-constitucional-en-el-estado-de-mexico\/"},"wordCount":242,"publisher":{"@id":"https:\/\/continuamosmx.com\/#organization"},"image":{"@id":"https:\/\/continuamosmx.com\/index.php\/2026\/01\/23\/el-derecho-a-la-activacion-fisica-ya-es-constitucional-en-el-estado-de-mexico\/#primaryimage"},"thumbnailUrl":"https:\/\/continuamosmx.com\/wp-content\/uploads\/2026\/01\/7389a08a-8815-439e-9251-8c8382aca5e3.jpeg","articleSection":["LOCALES"],"inLanguage":"es"},{"@type":"WebPage","@id":"https:\/\/continuamosmx.com\/index.php\/2026\/01\/23\/el-derecho-a-la-activacion-fisica-ya-es-constitucional-en-el-estado-de-mexico\/","url":"https:\/\/continuamosmx.com\/index.php\/2026\/01\/23\/el-derecho-a-la-activacion-fisica-ya-es-constitucional-en-el-estado-de-mexico\/","name":"EL DERECHO A LA ACTIVACI\u00d3N F\u00cdSICA YA ES CONSTITUCIONAL EN EL ESTADO DE M\u00c9XICO -","isPartOf":{"@id":"https:\/\/continuamosmx.com\/#website"},"primaryImageOfPage":{"@id":"https:\/\/continuamosmx.com\/index.php\/2026\/01\/23\/el-derecho-a-la-activacion-fisica-ya-es-constitucional-en-el-estado-de-mexico\/#primaryimage"},"image":{"@id":"https:\/\/continuamosmx.com\/index.php\/2026\/01\/23\/el-derecho-a-la-activacion-fisica-ya-es-constitucional-en-el-estado-de-mexico\/#primaryimage"},"thumbnailUrl":"https:\/\/continuamosmx.com\/wp-content\/uploads\/2026\/01\/7389a08a-8815-439e-9251-8c8382aca5e3.jpeg","datePublished":"2026-01-23T15:47:10+00:00","breadcrumb":{"@id":"https:\/\/continuamosmx.com\/index.php\/2026\/01\/23\/el-derecho-a-la-activacion-fisica-ya-es-constitucional-en-el-estado-de-mexico\/#breadcrumb"},"inLanguage":"es","potentialAction":[{"@type":"ReadAction","target":["https:\/\/continuamosmx.com\/index.php\/2026\/01\/23\/el-derecho-a-la-activacion-fisica-ya-es-constitucional-en-el-estado-de-mexico\/"]}]},{"@type":"ImageObject","inLanguage":"es","@id":"https:\/\/continuamosmx.com\/index.php\/2026\/01\/23\/el-derecho-a-la-activacion-fisica-ya-es-constitucional-en-el-estado-de-mexico\/#primaryimage","url":"https:\/\/continuamosmx.com\/wp-content\/uploads\/2026\/01\/7389a08a-8815-439e-9251-8c8382aca5e3.jpeg","contentUrl":"https:\/\/continuamosmx.com\/wp-content\/uploads\/2026\/01\/7389a08a-8815-439e-9251-8c8382aca5e3.jpeg","width":1504,"height":1004},{"@type":"BreadcrumbList","@id":"https:\/\/continuamosmx.com\/index.php\/2026\/01\/23\/el-derecho-a-la-activacion-fisica-ya-es-constitucional-en-el-estado-de-mexico\/#breadcrumb","itemListElement":[{"@type":"ListItem","position":1,"name":"Inicio","item":"https:\/\/continuamosmx.com\/"},{"@type":"ListItem","position":2,"name":"EL DERECHO A LA ACTIVACI\u00d3N F\u00cdSICA YA ES CONSTITUCIONAL EN EL ESTADO DE M\u00c9XICO"}]},{"@type":"WebSite","@id":"https:\/\/continuamosmx.com\/#website","url":"https:\/\/continuamosmx.com\/","name":"www.continuamosmx.com","description":"","publisher":{"@id":"https:\/\/continuamosmx.com\/#organization"},"potentialAction":[{"@type":"SearchAction","target":{"@type":"EntryPoint","urlTemplate":"https:\/\/continuamosmx.com\/?s={search_term_string}"},"query-input":{"@type":"PropertyValueSpecification","valueRequired":true,"valueName":"search_term_string"}}],"inLanguage":"es"},{"@type":"Organization","@id":"https:\/\/continuamosmx.com\/#organization","name":"ContinuamosMX","url":"https:\/\/continuamosmx.com\/","logo":{"@type":"ImageObject","inLanguage":"es","@id":"https:\/\/continuamosmx.com\/#\/schema\/logo\/image\/","url":"https:\/\/continuamosmx.com\/wp-content\/uploads\/2023\/04\/cropped-LOGO-CONTI-NUEVO.png","contentUrl":"https:\/\/continuamosmx.com\/wp-content\/uploads\/2023\/04\/cropped-LOGO-CONTI-NUEVO.png","width":1257,"height":430,"caption":"ContinuamosMX"},"image":{"@id":"https:\/\/continuamosmx.com\/#\/schema\/logo\/image\/"}},{"@type":"Person","@id":"https:\/\/continuamosmx.com\/#\/schema\/person\/5eb5356acb1fad784da407d14f0e8d89","name":"Continuamos MX","image":{"@type":"ImageObject","inLanguage":"es","@id":"https:\/\/secure.gravatar.com\/avatar\/30d4f9723476a15f4da34d35fb3501f08d2357016c76051c6a85c354c7489589?s=96&d=mm&r=g","url":"https:\/\/secure.gravatar.com\/avatar\/30d4f9723476a15f4da34d35fb3501f08d2357016c76051c6a85c354c7489589?s=96&d=mm&r=g","contentUrl":"https:\/\/secure.gravatar.com\/avatar\/30d4f9723476a15f4da34d35fb3501f08d2357016c76051c6a85c354c7489589?s=96&d=mm&r=g","caption":"Continuamos MX"},"sameAs":["http:\/\/www.continuamos.mx"],"url":"https:\/\/continuamosmx.com\/index.php\/author\/continuamos\/"}]}},"_links":{"self":[{"href":"https:\/\/continuamosmx.com\/index.php\/wp-json\/wp\/v2\/posts\/52224","targetHints":{"allow":["GET"]}}],"collection":[{"href":"https:\/\/continuamosmx.com\/index.php\/wp-json\/wp\/v2\/posts"}],"about":[{"href":"https:\/\/continuamosmx.com\/index.php\/wp-json\/wp\/v2\/types\/post"}],"author":[{"embeddable":true,"href":"https:\/\/continuamosmx.com\/index.php\/wp-json\/wp\/v2\/users\/6"}],"replies":[{"embeddable":true,"href":"https:\/\/continuamosmx.com\/index.php\/wp-json\/wp\/v2\/comments?post=52224"}],"version-history":[{"count":1,"href":"https:\/\/continuamosmx.com\/index.php\/wp-json\/wp\/v2\/posts\/52224\/revisions"}],"predecessor-version":[{"id":52226,"href":"https:\/\/continuamosmx.com\/index.php\/wp-json\/wp\/v2\/posts\/52224\/revisions\/52226"}],"wp:featuredmedia":[{"embeddable":true,"href":"https:\/\/continuamosmx.com\/index.php\/wp-json\/wp\/v2\/media\/52225"}],"wp:attachment":[{"href":"https:\/\/continuamosmx.com\/index.php\/wp-json\/wp\/v2\/media?parent=52224"}],"wp:term":[{"taxonomy":"category","embeddable":true,"href":"https:\/\/continuamosmx.com\/index.php\/wp-json\/wp\/v2\/categories?post=52224"},{"taxonomy":"post_tag","embeddable":true,"href":"https:\/\/continuamosmx.com\/index.php\/wp-json\/wp\/v2\/tags?post=52224"}],"curies":[{"name":"wp","href":"https:\/\/api.w.org\/{rel}","templated":true}]}}