{"id":52206,"date":"2026-01-22T22:26:00","date_gmt":"2026-01-23T04:26:00","guid":{"rendered":"https:\/\/continuamosmx.com\/?p=52206"},"modified":"2026-01-22T23:06:27","modified_gmt":"2026-01-23T05:06:27","slug":"tlalnepantla-hace-historia-con-su-participacion-en-la-fitur-2026-en-madrid","status":"publish","type":"post","link":"https:\/\/continuamosmx.com\/index.php\/2026\/01\/22\/tlalnepantla-hace-historia-con-su-participacion-en-la-fitur-2026-en-madrid\/","title":{"rendered":"TLALNEPANTLA HACE HISTORIA CON SU PARTICIPACI\u00d3N EN LA FITUR 2026 EN MADRID"},"content":{"rendered":"\n<h2 class=\"wp-block-heading\"><\/h2>\n\n\n\n<p><strong>Bajo la gesti\u00f3n de Raciel P\u00e9rez Cruz, el municipio se proyecta internacionalmente como un referente cultural, arqueol\u00f3gico y econ\u00f3mico del Estado de M\u00e9xico.<\/strong><\/p>\n\n\n\n<hr class=\"wp-block-separator has-alpha-channel-opacity\"\/>\n\n\n\n<p><strong>TLALNEPANTLA DE BAZ, Estado de M\u00e9xico.<\/strong> \u2013 En un acontecimiento sin precedentes para la administraci\u00f3n local, el Presidente Municipal, Raciel P\u00e9rez Cruz, concret\u00f3 la primera participaci\u00f3n oficial de Tlalnepantla en la Feria Internacional de Turismo (FITUR) en Madrid, Espa\u00f1a. El municipio se integra al stand del Estado de M\u00e9xico en una edici\u00f3n donde el pa\u00eds es el invitado de honor.<\/p>\n\n\n\n<p>Esta hist\u00f3rica incursi\u00f3n en el foro tur\u00edstico m\u00e1s importante a nivel global tiene como objetivo visibilizar a Tlalnepantla como un destino de inter\u00e9s internacional. M\u00e1s all\u00e1 de su reconocida vocaci\u00f3n industrial y de servicios, la estrategia busca promover la riqueza arqueol\u00f3gica y cultural de la demarcaci\u00f3n, fomentando simult\u00e1neamente el networking y la vinculaci\u00f3n empresarial a gran escala.<\/p>\n\n\n\n<p>Durante el evento, el Alcalde destac\u00f3 que esta presencia es parte de una visi\u00f3n de Estado para reivindicar la grandeza del municipio. \u00abHoy estamos escribiendo una p\u00e1gina nueva en la historia de nuestra ciudad. Por primera vez, el mundo conoce la majestuosidad de nuestras ra\u00edces\u00bb, afirm\u00f3 P\u00e9rez Cruz, subrayando su meta de consolidar a Tlalnepantla como el municipio m\u00e1s din\u00e1mico y con mayor proyecci\u00f3n de la entidad.<\/p>\n\n\n\n<p>Tlalnepantla no solo destaca por su patrimonio; actualmente aporta el 12 por ciento del Producto Interno Bruto (PIB) al Estado de M\u00e9xico y el 1.3 por ciento a nivel nacional. Con esta proyecci\u00f3n internacional, el gobierno municipal busca redefinir su papel en el mundo, demostrando que la fuerza motriz de la econom\u00eda mexiquense es tambi\u00e9n un referente de identidad y orgullo cultural.<\/p>\n","protected":false},"excerpt":{"rendered":"<p>Bajo la gesti\u00f3n de Raciel P\u00e9rez Cruz, el municipio se proyecta internacionalmente como un referente cultural, arqueol\u00f3gico y econ\u00f3mico del Estado de M\u00e9xico. TLALNEPANTLA DE BAZ, Estado de M\u00e9xico. \u2013 En un acontecimiento sin precedentes para la administraci\u00f3n local, el Presidente Municipal, Raciel P\u00e9rez Cruz, concret\u00f3 la primera participaci\u00f3n oficial de Tlalnepantla en la Feria [&hellip;]<\/p>\n","protected":false},"author":6,"featured_media":52207,"comment_status":"closed","ping_status":"closed","sticky":false,"template":"","format":"standard","meta":{"footnotes":""},"categories":[4],"tags":[],"class_list":["post-52206","post","type-post","status-publish","format-standard","has-post-thumbnail","hentry","category-locales"],"yoast_head":"<!-- This site is optimized with the Yoast SEO plugin v27.4 - https:\/\/yoast.com\/product\/yoast-seo-wordpress\/ -->\n<title>TLALNEPANTLA HACE HISTORIA CON SU PARTICIPACI\u00d3N EN LA FITUR 2026 EN MADRID -<\/title>\n<meta name=\"robots\" content=\"index, follow, max-snippet:-1, max-image-preview:large, max-video-preview:-1\" \/>\n<link rel=\"canonical\" href=\"https:\/\/continuamosmx.com\/index.php\/2026\/01\/22\/tlalnepantla-hace-historia-con-su-participacion-en-la-fitur-2026-en-madrid\/\" \/>\n<meta property=\"og:locale\" content=\"es_ES\" \/>\n<meta property=\"og:type\" content=\"article\" \/>\n<meta property=\"og:title\" content=\"TLALNEPANTLA HACE HISTORIA CON SU PARTICIPACI\u00d3N EN LA FITUR 2026 EN MADRID -\" \/>\n<meta property=\"og:description\" content=\"Bajo la gesti\u00f3n de Raciel P\u00e9rez Cruz, el municipio se proyecta internacionalmente como un referente cultural, arqueol\u00f3gico y econ\u00f3mico del Estado de M\u00e9xico. TLALNEPANTLA DE BAZ, Estado de M\u00e9xico. \u2013 En un acontecimiento sin precedentes para la administraci\u00f3n local, el Presidente Municipal, Raciel P\u00e9rez Cruz, concret\u00f3 la primera participaci\u00f3n oficial de Tlalnepantla en la Feria [&hellip;]\" \/>\n<meta property=\"og:url\" content=\"https:\/\/continuamosmx.com\/index.php\/2026\/01\/22\/tlalnepantla-hace-historia-con-su-participacion-en-la-fitur-2026-en-madrid\/\" \/>\n<meta property=\"article:published_time\" content=\"2026-01-23T04:26:00+00:00\" \/>\n<meta property=\"article:modified_time\" content=\"2026-01-23T05:06:27+00:00\" \/>\n<meta property=\"og:image\" content=\"https:\/\/continuamosmx.com\/wp-content\/uploads\/2026\/01\/tl2.jpeg\" \/>\n\t<meta property=\"og:image:width\" content=\"1280\" \/>\n\t<meta property=\"og:image:height\" content=\"960\" \/>\n\t<meta property=\"og:image:type\" content=\"image\/jpeg\" \/>\n<meta name=\"author\" content=\"Continuamos MX\" \/>\n<meta name=\"twitter:card\" content=\"summary_large_image\" \/>\n<meta name=\"twitter:label1\" content=\"Escrito por\" \/>\n\t<meta name=\"twitter:data1\" content=\"Continuamos MX\" \/>\n\t<meta name=\"twitter:label2\" content=\"Tiempo de lectura\" \/>\n\t<meta name=\"twitter:data2\" content=\"2 minutos\" \/>\n<script type=\"application\/ld+json\" class=\"yoast-schema-graph\">{\"@context\":\"https:\\\/\\\/schema.org\",\"@graph\":[{\"@type\":\"Article\",\"@id\":\"https:\\\/\\\/continuamosmx.com\\\/index.php\\\/2026\\\/01\\\/22\\\/tlalnepantla-hace-historia-con-su-participacion-en-la-fitur-2026-en-madrid\\\/#article\",\"isPartOf\":{\"@id\":\"https:\\\/\\\/continuamosmx.com\\\/index.php\\\/2026\\\/01\\\/22\\\/tlalnepantla-hace-historia-con-su-participacion-en-la-fitur-2026-en-madrid\\\/\"},\"author\":{\"name\":\"Continuamos MX\",\"@id\":\"https:\\\/\\\/continuamosmx.com\\\/#\\\/schema\\\/person\\\/5eb5356acb1fad784da407d14f0e8d89\"},\"headline\":\"TLALNEPANTLA HACE HISTORIA CON SU PARTICIPACI\u00d3N EN LA FITUR 2026 EN MADRID\",\"datePublished\":\"2026-01-23T04:26:00+00:00\",\"dateModified\":\"2026-01-23T05:06:27+00:00\",\"mainEntityOfPage\":{\"@id\":\"https:\\\/\\\/continuamosmx.com\\\/index.php\\\/2026\\\/01\\\/22\\\/tlalnepantla-hace-historia-con-su-participacion-en-la-fitur-2026-en-madrid\\\/\"},\"wordCount\":313,\"publisher\":{\"@id\":\"https:\\\/\\\/continuamosmx.com\\\/#organization\"},\"image\":{\"@id\":\"https:\\\/\\\/continuamosmx.com\\\/index.php\\\/2026\\\/01\\\/22\\\/tlalnepantla-hace-historia-con-su-participacion-en-la-fitur-2026-en-madrid\\\/#primaryimage\"},\"thumbnailUrl\":\"https:\\\/\\\/continuamosmx.com\\\/wp-content\\\/uploads\\\/2026\\\/01\\\/tl2.jpeg\",\"articleSection\":[\"LOCALES\"],\"inLanguage\":\"es\"},{\"@type\":\"WebPage\",\"@id\":\"https:\\\/\\\/continuamosmx.com\\\/index.php\\\/2026\\\/01\\\/22\\\/tlalnepantla-hace-historia-con-su-participacion-en-la-fitur-2026-en-madrid\\\/\",\"url\":\"https:\\\/\\\/continuamosmx.com\\\/index.php\\\/2026\\\/01\\\/22\\\/tlalnepantla-hace-historia-con-su-participacion-en-la-fitur-2026-en-madrid\\\/\",\"name\":\"TLALNEPANTLA HACE HISTORIA CON SU PARTICIPACI\u00d3N EN LA FITUR 2026 EN MADRID -\",\"isPartOf\":{\"@id\":\"https:\\\/\\\/continuamosmx.com\\\/#website\"},\"primaryImageOfPage\":{\"@id\":\"https:\\\/\\\/continuamosmx.com\\\/index.php\\\/2026\\\/01\\\/22\\\/tlalnepantla-hace-historia-con-su-participacion-en-la-fitur-2026-en-madrid\\\/#primaryimage\"},\"image\":{\"@id\":\"https:\\\/\\\/continuamosmx.com\\\/index.php\\\/2026\\\/01\\\/22\\\/tlalnepantla-hace-historia-con-su-participacion-en-la-fitur-2026-en-madrid\\\/#primaryimage\"},\"thumbnailUrl\":\"https:\\\/\\\/continuamosmx.com\\\/wp-content\\\/uploads\\\/2026\\\/01\\\/tl2.jpeg\",\"datePublished\":\"2026-01-23T04:26:00+00:00\",\"dateModified\":\"2026-01-23T05:06:27+00:00\",\"breadcrumb\":{\"@id\":\"https:\\\/\\\/continuamosmx.com\\\/index.php\\\/2026\\\/01\\\/22\\\/tlalnepantla-hace-historia-con-su-participacion-en-la-fitur-2026-en-madrid\\\/#breadcrumb\"},\"inLanguage\":\"es\",\"potentialAction\":[{\"@type\":\"ReadAction\",\"target\":[\"https:\\\/\\\/continuamosmx.com\\\/index.php\\\/2026\\\/01\\\/22\\\/tlalnepantla-hace-historia-con-su-participacion-en-la-fitur-2026-en-madrid\\\/\"]}]},{\"@type\":\"ImageObject\",\"inLanguage\":\"es\",\"@id\":\"https:\\\/\\\/continuamosmx.com\\\/index.php\\\/2026\\\/01\\\/22\\\/tlalnepantla-hace-historia-con-su-participacion-en-la-fitur-2026-en-madrid\\\/#primaryimage\",\"url\":\"https:\\\/\\\/continuamosmx.com\\\/wp-content\\\/uploads\\\/2026\\\/01\\\/tl2.jpeg\",\"contentUrl\":\"https:\\\/\\\/continuamosmx.com\\\/wp-content\\\/uploads\\\/2026\\\/01\\\/tl2.jpeg\",\"width\":1280,\"height\":960},{\"@type\":\"BreadcrumbList\",\"@id\":\"https:\\\/\\\/continuamosmx.com\\\/index.php\\\/2026\\\/01\\\/22\\\/tlalnepantla-hace-historia-con-su-participacion-en-la-fitur-2026-en-madrid\\\/#breadcrumb\",\"itemListElement\":[{\"@type\":\"ListItem\",\"position\":1,\"name\":\"Inicio\",\"item\":\"https:\\\/\\\/continuamosmx.com\\\/\"},{\"@type\":\"ListItem\",\"position\":2,\"name\":\"TLALNEPANTLA HACE HISTORIA CON SU PARTICIPACI\u00d3N EN LA FITUR 2026 EN MADRID\"}]},{\"@type\":\"WebSite\",\"@id\":\"https:\\\/\\\/continuamosmx.com\\\/#website\",\"url\":\"https:\\\/\\\/continuamosmx.com\\\/\",\"name\":\"www.continuamosmx.com\",\"description\":\"\",\"publisher\":{\"@id\":\"https:\\\/\\\/continuamosmx.com\\\/#organization\"},\"potentialAction\":[{\"@type\":\"SearchAction\",\"target\":{\"@type\":\"EntryPoint\",\"urlTemplate\":\"https:\\\/\\\/continuamosmx.com\\\/?s={search_term_string}\"},\"query-input\":{\"@type\":\"PropertyValueSpecification\",\"valueRequired\":true,\"valueName\":\"search_term_string\"}}],\"inLanguage\":\"es\"},{\"@type\":\"Organization\",\"@id\":\"https:\\\/\\\/continuamosmx.com\\\/#organization\",\"name\":\"ContinuamosMX\",\"url\":\"https:\\\/\\\/continuamosmx.com\\\/\",\"logo\":{\"@type\":\"ImageObject\",\"inLanguage\":\"es\",\"@id\":\"https:\\\/\\\/continuamosmx.com\\\/#\\\/schema\\\/logo\\\/image\\\/\",\"url\":\"https:\\\/\\\/continuamosmx.com\\\/wp-content\\\/uploads\\\/2023\\\/04\\\/cropped-LOGO-CONTI-NUEVO.png\",\"contentUrl\":\"https:\\\/\\\/continuamosmx.com\\\/wp-content\\\/uploads\\\/2023\\\/04\\\/cropped-LOGO-CONTI-NUEVO.png\",\"width\":1257,\"height\":430,\"caption\":\"ContinuamosMX\"},\"image\":{\"@id\":\"https:\\\/\\\/continuamosmx.com\\\/#\\\/schema\\\/logo\\\/image\\\/\"}},{\"@type\":\"Person\",\"@id\":\"https:\\\/\\\/continuamosmx.com\\\/#\\\/schema\\\/person\\\/5eb5356acb1fad784da407d14f0e8d89\",\"name\":\"Continuamos MX\",\"image\":{\"@type\":\"ImageObject\",\"inLanguage\":\"es\",\"@id\":\"https:\\\/\\\/secure.gravatar.com\\\/avatar\\\/30d4f9723476a15f4da34d35fb3501f08d2357016c76051c6a85c354c7489589?s=96&d=mm&r=g\",\"url\":\"https:\\\/\\\/secure.gravatar.com\\\/avatar\\\/30d4f9723476a15f4da34d35fb3501f08d2357016c76051c6a85c354c7489589?s=96&d=mm&r=g\",\"contentUrl\":\"https:\\\/\\\/secure.gravatar.com\\\/avatar\\\/30d4f9723476a15f4da34d35fb3501f08d2357016c76051c6a85c354c7489589?s=96&d=mm&r=g\",\"caption\":\"Continuamos MX\"},\"sameAs\":[\"http:\\\/\\\/www.continuamos.mx\"],\"url\":\"https:\\\/\\\/continuamosmx.com\\\/index.php\\\/author\\\/continuamos\\\/\"}]}<\/script>\n<!-- \/ Yoast SEO plugin. -->","yoast_head_json":{"title":"TLALNEPANTLA HACE HISTORIA CON SU PARTICIPACI\u00d3N EN LA FITUR 2026 EN MADRID -","robots":{"index":"index","follow":"follow","max-snippet":"max-snippet:-1","max-image-preview":"max-image-preview:large","max-video-preview":"max-video-preview:-1"},"canonical":"https:\/\/continuamosmx.com\/index.php\/2026\/01\/22\/tlalnepantla-hace-historia-con-su-participacion-en-la-fitur-2026-en-madrid\/","og_locale":"es_ES","og_type":"article","og_title":"TLALNEPANTLA HACE HISTORIA CON SU PARTICIPACI\u00d3N EN LA FITUR 2026 EN MADRID -","og_description":"Bajo la gesti\u00f3n de Raciel P\u00e9rez Cruz, el municipio se proyecta internacionalmente como un referente cultural, arqueol\u00f3gico y econ\u00f3mico del Estado de M\u00e9xico. TLALNEPANTLA DE BAZ, Estado de M\u00e9xico. \u2013 En un acontecimiento sin precedentes para la administraci\u00f3n local, el Presidente Municipal, Raciel P\u00e9rez Cruz, concret\u00f3 la primera participaci\u00f3n oficial de Tlalnepantla en la Feria [&hellip;]","og_url":"https:\/\/continuamosmx.com\/index.php\/2026\/01\/22\/tlalnepantla-hace-historia-con-su-participacion-en-la-fitur-2026-en-madrid\/","article_published_time":"2026-01-23T04:26:00+00:00","article_modified_time":"2026-01-23T05:06:27+00:00","og_image":[{"width":1280,"height":960,"url":"https:\/\/continuamosmx.com\/wp-content\/uploads\/2026\/01\/tl2.jpeg","type":"image\/jpeg"}],"author":"Continuamos MX","twitter_card":"summary_large_image","twitter_misc":{"Escrito por":"Continuamos MX","Tiempo de lectura":"2 minutos"},"schema":{"@context":"https:\/\/schema.org","@graph":[{"@type":"Article","@id":"https:\/\/continuamosmx.com\/index.php\/2026\/01\/22\/tlalnepantla-hace-historia-con-su-participacion-en-la-fitur-2026-en-madrid\/#article","isPartOf":{"@id":"https:\/\/continuamosmx.com\/index.php\/2026\/01\/22\/tlalnepantla-hace-historia-con-su-participacion-en-la-fitur-2026-en-madrid\/"},"author":{"name":"Continuamos MX","@id":"https:\/\/continuamosmx.com\/#\/schema\/person\/5eb5356acb1fad784da407d14f0e8d89"},"headline":"TLALNEPANTLA HACE HISTORIA CON SU PARTICIPACI\u00d3N EN LA FITUR 2026 EN MADRID","datePublished":"2026-01-23T04:26:00+00:00","dateModified":"2026-01-23T05:06:27+00:00","mainEntityOfPage":{"@id":"https:\/\/continuamosmx.com\/index.php\/2026\/01\/22\/tlalnepantla-hace-historia-con-su-participacion-en-la-fitur-2026-en-madrid\/"},"wordCount":313,"publisher":{"@id":"https:\/\/continuamosmx.com\/#organization"},"image":{"@id":"https:\/\/continuamosmx.com\/index.php\/2026\/01\/22\/tlalnepantla-hace-historia-con-su-participacion-en-la-fitur-2026-en-madrid\/#primaryimage"},"thumbnailUrl":"https:\/\/continuamosmx.com\/wp-content\/uploads\/2026\/01\/tl2.jpeg","articleSection":["LOCALES"],"inLanguage":"es"},{"@type":"WebPage","@id":"https:\/\/continuamosmx.com\/index.php\/2026\/01\/22\/tlalnepantla-hace-historia-con-su-participacion-en-la-fitur-2026-en-madrid\/","url":"https:\/\/continuamosmx.com\/index.php\/2026\/01\/22\/tlalnepantla-hace-historia-con-su-participacion-en-la-fitur-2026-en-madrid\/","name":"TLALNEPANTLA HACE HISTORIA CON SU PARTICIPACI\u00d3N EN LA FITUR 2026 EN MADRID -","isPartOf":{"@id":"https:\/\/continuamosmx.com\/#website"},"primaryImageOfPage":{"@id":"https:\/\/continuamosmx.com\/index.php\/2026\/01\/22\/tlalnepantla-hace-historia-con-su-participacion-en-la-fitur-2026-en-madrid\/#primaryimage"},"image":{"@id":"https:\/\/continuamosmx.com\/index.php\/2026\/01\/22\/tlalnepantla-hace-historia-con-su-participacion-en-la-fitur-2026-en-madrid\/#primaryimage"},"thumbnailUrl":"https:\/\/continuamosmx.com\/wp-content\/uploads\/2026\/01\/tl2.jpeg","datePublished":"2026-01-23T04:26:00+00:00","dateModified":"2026-01-23T05:06:27+00:00","breadcrumb":{"@id":"https:\/\/continuamosmx.com\/index.php\/2026\/01\/22\/tlalnepantla-hace-historia-con-su-participacion-en-la-fitur-2026-en-madrid\/#breadcrumb"},"inLanguage":"es","potentialAction":[{"@type":"ReadAction","target":["https:\/\/continuamosmx.com\/index.php\/2026\/01\/22\/tlalnepantla-hace-historia-con-su-participacion-en-la-fitur-2026-en-madrid\/"]}]},{"@type":"ImageObject","inLanguage":"es","@id":"https:\/\/continuamosmx.com\/index.php\/2026\/01\/22\/tlalnepantla-hace-historia-con-su-participacion-en-la-fitur-2026-en-madrid\/#primaryimage","url":"https:\/\/continuamosmx.com\/wp-content\/uploads\/2026\/01\/tl2.jpeg","contentUrl":"https:\/\/continuamosmx.com\/wp-content\/uploads\/2026\/01\/tl2.jpeg","width":1280,"height":960},{"@type":"BreadcrumbList","@id":"https:\/\/continuamosmx.com\/index.php\/2026\/01\/22\/tlalnepantla-hace-historia-con-su-participacion-en-la-fitur-2026-en-madrid\/#breadcrumb","itemListElement":[{"@type":"ListItem","position":1,"name":"Inicio","item":"https:\/\/continuamosmx.com\/"},{"@type":"ListItem","position":2,"name":"TLALNEPANTLA HACE HISTORIA CON SU PARTICIPACI\u00d3N EN LA FITUR 2026 EN MADRID"}]},{"@type":"WebSite","@id":"https:\/\/continuamosmx.com\/#website","url":"https:\/\/continuamosmx.com\/","name":"www.continuamosmx.com","description":"","publisher":{"@id":"https:\/\/continuamosmx.com\/#organization"},"potentialAction":[{"@type":"SearchAction","target":{"@type":"EntryPoint","urlTemplate":"https:\/\/continuamosmx.com\/?s={search_term_string}"},"query-input":{"@type":"PropertyValueSpecification","valueRequired":true,"valueName":"search_term_string"}}],"inLanguage":"es"},{"@type":"Organization","@id":"https:\/\/continuamosmx.com\/#organization","name":"ContinuamosMX","url":"https:\/\/continuamosmx.com\/","logo":{"@type":"ImageObject","inLanguage":"es","@id":"https:\/\/continuamosmx.com\/#\/schema\/logo\/image\/","url":"https:\/\/continuamosmx.com\/wp-content\/uploads\/2023\/04\/cropped-LOGO-CONTI-NUEVO.png","contentUrl":"https:\/\/continuamosmx.com\/wp-content\/uploads\/2023\/04\/cropped-LOGO-CONTI-NUEVO.png","width":1257,"height":430,"caption":"ContinuamosMX"},"image":{"@id":"https:\/\/continuamosmx.com\/#\/schema\/logo\/image\/"}},{"@type":"Person","@id":"https:\/\/continuamosmx.com\/#\/schema\/person\/5eb5356acb1fad784da407d14f0e8d89","name":"Continuamos MX","image":{"@type":"ImageObject","inLanguage":"es","@id":"https:\/\/secure.gravatar.com\/avatar\/30d4f9723476a15f4da34d35fb3501f08d2357016c76051c6a85c354c7489589?s=96&d=mm&r=g","url":"https:\/\/secure.gravatar.com\/avatar\/30d4f9723476a15f4da34d35fb3501f08d2357016c76051c6a85c354c7489589?s=96&d=mm&r=g","contentUrl":"https:\/\/secure.gravatar.com\/avatar\/30d4f9723476a15f4da34d35fb3501f08d2357016c76051c6a85c354c7489589?s=96&d=mm&r=g","caption":"Continuamos MX"},"sameAs":["http:\/\/www.continuamos.mx"],"url":"https:\/\/continuamosmx.com\/index.php\/author\/continuamos\/"}]}},"_links":{"self":[{"href":"https:\/\/continuamosmx.com\/index.php\/wp-json\/wp\/v2\/posts\/52206","targetHints":{"allow":["GET"]}}],"collection":[{"href":"https:\/\/continuamosmx.com\/index.php\/wp-json\/wp\/v2\/posts"}],"about":[{"href":"https:\/\/continuamosmx.com\/index.php\/wp-json\/wp\/v2\/types\/post"}],"author":[{"embeddable":true,"href":"https:\/\/continuamosmx.com\/index.php\/wp-json\/wp\/v2\/users\/6"}],"replies":[{"embeddable":true,"href":"https:\/\/continuamosmx.com\/index.php\/wp-json\/wp\/v2\/comments?post=52206"}],"version-history":[{"count":1,"href":"https:\/\/continuamosmx.com\/index.php\/wp-json\/wp\/v2\/posts\/52206\/revisions"}],"predecessor-version":[{"id":52208,"href":"https:\/\/continuamosmx.com\/index.php\/wp-json\/wp\/v2\/posts\/52206\/revisions\/52208"}],"wp:featuredmedia":[{"embeddable":true,"href":"https:\/\/continuamosmx.com\/index.php\/wp-json\/wp\/v2\/media\/52207"}],"wp:attachment":[{"href":"https:\/\/continuamosmx.com\/index.php\/wp-json\/wp\/v2\/media?parent=52206"}],"wp:term":[{"taxonomy":"category","embeddable":true,"href":"https:\/\/continuamosmx.com\/index.php\/wp-json\/wp\/v2\/categories?post=52206"},{"taxonomy":"post_tag","embeddable":true,"href":"https:\/\/continuamosmx.com\/index.php\/wp-json\/wp\/v2\/tags?post=52206"}],"curies":[{"name":"wp","href":"https:\/\/api.w.org\/{rel}","templated":true}]}}