{"id":52185,"date":"2026-01-22T18:43:28","date_gmt":"2026-01-23T00:43:28","guid":{"rendered":"https:\/\/continuamosmx.com\/?p=52185"},"modified":"2026-01-22T18:43:28","modified_gmt":"2026-01-23T00:43:28","slug":"el-congreso-mexiquense-toma-protesta-a-nueva-jueza-familiar-especializadacinthia-carmen-castano-aramis-se-incorpora-al-juzgado-en-linea-para-fortalecer-la-atencion-en-violencia-familiar-y-proteccion-d","status":"publish","type":"post","link":"https:\/\/continuamosmx.com\/index.php\/2026\/01\/22\/el-congreso-mexiquense-toma-protesta-a-nueva-jueza-familiar-especializadacinthia-carmen-castano-aramis-se-incorpora-al-juzgado-en-linea-para-fortalecer-la-atencion-en-violencia-familiar-y-proteccion-d\/","title":{"rendered":"EL CONGRESO MEXIQUENSE TOMA PROTESTA A NUEVA JUEZA FAMILIAR ESPECIALIZADACinthia Carmen Casta\u00f1o Aramis se incorpora al Juzgado en L\u00ednea para fortalecer la atenci\u00f3n en violencia familiar y protecci\u00f3n de menores. \u2696\ufe0f"},"content":{"rendered":"\n<p>En un acto oficial encabezado por la Diputaci\u00f3n Permanente, la LXII Legislatura del Estado de M\u00e9xico tom\u00f3 protesta constitucional a Cinthia Carmen Casta\u00f1o Aramis como nueva jueza Familiar del Distrito Judicial de Toluca. La designaci\u00f3n responde a la necesidad de dar continuidad a la labor jurisdiccional tras la renuncia de Denisse L\u00f3pez Reyes.<\/p>\n\n\n\n<p>La nueva juzgadora estar\u00e1 adscrita al Juzgado en L\u00ednea Especializado en Violencia Familiar y de Protecci\u00f3n de Ni\u00f1as, Ni\u00f1os y Adolescentes del Poder Judicial mexiquense. \ud83d\udcbb\ud83d\udee1\ufe0f Este \u00f3rgano es clave para garantizar una justicia pronta y expedita en temas de alta sensibilidad social.<\/p>\n\n\n\n<p>Durante la sesi\u00f3n, la legisladora Maricela Beltr\u00e1n S\u00e1nchez (MC) dio lectura al documento enviado por el presidente del Tribunal Superior de Justicia, H\u00e9ctor Macedo Garc\u00eda, avalando la solvencia profesional de Casta\u00f1o Aramis para asumir este importante encargo en favor de las familias mexiquenses. \ud83d\udcdc\u2705<\/p>\n\n\n\n<figure class=\"wp-block-gallery has-nested-images columns-default is-cropped wp-block-gallery-1 is-layout-flex wp-block-gallery-is-layout-flex\">\n<figure class=\"wp-block-image size-large\"><img loading=\"lazy\" decoding=\"async\" width=\"1024\" height=\"682\" data-id=\"52193\" src=\"https:\/\/continuamosmx.com\/wp-content\/uploads\/2026\/01\/cacb100f-fba3-4e7b-b897-8ad251b074b6-1-1024x682.jpeg\" alt=\"\" class=\"wp-image-52193\" srcset=\"https:\/\/continuamosmx.com\/wp-content\/uploads\/2026\/01\/cacb100f-fba3-4e7b-b897-8ad251b074b6-1-1024x682.jpeg 1024w, https:\/\/continuamosmx.com\/wp-content\/uploads\/2026\/01\/cacb100f-fba3-4e7b-b897-8ad251b074b6-1-300x200.jpeg 300w, https:\/\/continuamosmx.com\/wp-content\/uploads\/2026\/01\/cacb100f-fba3-4e7b-b897-8ad251b074b6-1-768x511.jpeg 768w, https:\/\/continuamosmx.com\/wp-content\/uploads\/2026\/01\/cacb100f-fba3-4e7b-b897-8ad251b074b6-1.jpeg 1280w\" sizes=\"auto, (max-width: 1024px) 100vw, 1024px\" \/><\/figure>\n<\/figure>\n\n\n\n<figure class=\"wp-block-gallery has-nested-images columns-default is-cropped wp-block-gallery-2 is-layout-flex wp-block-gallery-is-layout-flex\">\n<figure class=\"wp-block-image size-large\"><img loading=\"lazy\" decoding=\"async\" width=\"1024\" height=\"682\" data-id=\"52194\" src=\"https:\/\/continuamosmx.com\/wp-content\/uploads\/2026\/01\/7e6a3c79-e4c4-48f9-8055-b81c78a249c2-1-1024x682.jpeg\" alt=\"\" class=\"wp-image-52194\" srcset=\"https:\/\/continuamosmx.com\/wp-content\/uploads\/2026\/01\/7e6a3c79-e4c4-48f9-8055-b81c78a249c2-1-1024x682.jpeg 1024w, https:\/\/continuamosmx.com\/wp-content\/uploads\/2026\/01\/7e6a3c79-e4c4-48f9-8055-b81c78a249c2-1-300x200.jpeg 300w, https:\/\/continuamosmx.com\/wp-content\/uploads\/2026\/01\/7e6a3c79-e4c4-48f9-8055-b81c78a249c2-1-768x511.jpeg 768w, https:\/\/continuamosmx.com\/wp-content\/uploads\/2026\/01\/7e6a3c79-e4c4-48f9-8055-b81c78a249c2-1.jpeg 1280w\" sizes=\"auto, (max-width: 1024px) 100vw, 1024px\" \/><\/figure>\n\n\n\n<figure class=\"wp-block-image size-large\"><img loading=\"lazy\" decoding=\"async\" width=\"1024\" height=\"682\" data-id=\"52195\" src=\"https:\/\/continuamosmx.com\/wp-content\/uploads\/2026\/01\/aeebe4d5-604d-4607-b381-bf763891a81f-1-1024x682.jpeg\" alt=\"\" class=\"wp-image-52195\" srcset=\"https:\/\/continuamosmx.com\/wp-content\/uploads\/2026\/01\/aeebe4d5-604d-4607-b381-bf763891a81f-1-1024x682.jpeg 1024w, https:\/\/continuamosmx.com\/wp-content\/uploads\/2026\/01\/aeebe4d5-604d-4607-b381-bf763891a81f-1-300x200.jpeg 300w, https:\/\/continuamosmx.com\/wp-content\/uploads\/2026\/01\/aeebe4d5-604d-4607-b381-bf763891a81f-1-768x511.jpeg 768w, https:\/\/continuamosmx.com\/wp-content\/uploads\/2026\/01\/aeebe4d5-604d-4607-b381-bf763891a81f-1.jpeg 1280w\" sizes=\"auto, (max-width: 1024px) 100vw, 1024px\" \/><\/figure>\n\n\n\n<figure class=\"wp-block-image size-large\"><img loading=\"lazy\" decoding=\"async\" width=\"1024\" height=\"683\" data-id=\"52196\" src=\"https:\/\/continuamosmx.com\/wp-content\/uploads\/2026\/01\/f2cbc978-8224-48fe-b7d8-4a96ebd8d700-1-1024x683.jpeg\" alt=\"\" class=\"wp-image-52196\" srcset=\"https:\/\/continuamosmx.com\/wp-content\/uploads\/2026\/01\/f2cbc978-8224-48fe-b7d8-4a96ebd8d700-1-1024x683.jpeg 1024w, https:\/\/continuamosmx.com\/wp-content\/uploads\/2026\/01\/f2cbc978-8224-48fe-b7d8-4a96ebd8d700-1-300x200.jpeg 300w, https:\/\/continuamosmx.com\/wp-content\/uploads\/2026\/01\/f2cbc978-8224-48fe-b7d8-4a96ebd8d700-1-768x512.jpeg 768w, https:\/\/continuamosmx.com\/wp-content\/uploads\/2026\/01\/f2cbc978-8224-48fe-b7d8-4a96ebd8d700-1.jpeg 1280w\" sizes=\"auto, (max-width: 1024px) 100vw, 1024px\" \/><\/figure>\n\n\n\n<figure class=\"wp-block-image size-large\"><img loading=\"lazy\" decoding=\"async\" width=\"1024\" height=\"682\" data-id=\"52197\" src=\"https:\/\/continuamosmx.com\/wp-content\/uploads\/2026\/01\/3b59ae23-b5bb-49f8-a767-dcfbb0a19642-1-1024x682.jpeg\" alt=\"\" class=\"wp-image-52197\" srcset=\"https:\/\/continuamosmx.com\/wp-content\/uploads\/2026\/01\/3b59ae23-b5bb-49f8-a767-dcfbb0a19642-1-1024x682.jpeg 1024w, https:\/\/continuamosmx.com\/wp-content\/uploads\/2026\/01\/3b59ae23-b5bb-49f8-a767-dcfbb0a19642-1-300x200.jpeg 300w, https:\/\/continuamosmx.com\/wp-content\/uploads\/2026\/01\/3b59ae23-b5bb-49f8-a767-dcfbb0a19642-1-768x511.jpeg 768w, https:\/\/continuamosmx.com\/wp-content\/uploads\/2026\/01\/3b59ae23-b5bb-49f8-a767-dcfbb0a19642-1.jpeg 1280w\" sizes=\"auto, (max-width: 1024px) 100vw, 1024px\" \/><\/figure>\n<\/figure>\n","protected":false},"excerpt":{"rendered":"<p>En un acto oficial encabezado por la Diputaci\u00f3n Permanente, la LXII Legislatura del Estado de M\u00e9xico tom\u00f3 protesta constitucional a Cinthia Carmen Casta\u00f1o Aramis como nueva jueza Familiar del Distrito Judicial de Toluca. La designaci\u00f3n responde a la necesidad de dar continuidad a la labor jurisdiccional tras la renuncia de Denisse L\u00f3pez Reyes. La nueva [&hellip;]<\/p>\n","protected":false},"author":6,"featured_media":52188,"comment_status":"closed","ping_status":"closed","sticky":false,"template":"","format":"standard","meta":{"footnotes":""},"categories":[4],"tags":[],"class_list":["post-52185","post","type-post","status-publish","format-standard","has-post-thumbnail","hentry","category-locales"],"yoast_head":"<!-- This site is optimized with the Yoast SEO plugin v27.4 - https:\/\/yoast.com\/product\/yoast-seo-wordpress\/ -->\n<title>EL CONGRESO MEXIQUENSE TOMA PROTESTA A NUEVA JUEZA FAMILIAR ESPECIALIZADACinthia Carmen Casta\u00f1o Aramis se incorpora al Juzgado en L\u00ednea para fortalecer la atenci\u00f3n en violencia familiar y protecci\u00f3n de menores. \u2696\ufe0f -<\/title>\n<meta name=\"robots\" content=\"index, follow, max-snippet:-1, max-image-preview:large, max-video-preview:-1\" \/>\n<link rel=\"canonical\" href=\"https:\/\/continuamosmx.com\/index.php\/2026\/01\/22\/el-congreso-mexiquense-toma-protesta-a-nueva-jueza-familiar-especializadacinthia-carmen-castano-aramis-se-incorpora-al-juzgado-en-linea-para-fortalecer-la-atencion-en-violencia-familiar-y-proteccion-d\/\" \/>\n<meta property=\"og:locale\" content=\"es_ES\" \/>\n<meta property=\"og:type\" content=\"article\" \/>\n<meta property=\"og:title\" content=\"EL CONGRESO MEXIQUENSE TOMA PROTESTA A NUEVA JUEZA FAMILIAR ESPECIALIZADACinthia Carmen Casta\u00f1o Aramis se incorpora al Juzgado en L\u00ednea para fortalecer la atenci\u00f3n en violencia familiar y protecci\u00f3n de menores. \u2696\ufe0f -\" \/>\n<meta property=\"og:description\" content=\"En un acto oficial encabezado por la Diputaci\u00f3n Permanente, la LXII Legislatura del Estado de M\u00e9xico tom\u00f3 protesta constitucional a Cinthia Carmen Casta\u00f1o Aramis como nueva jueza Familiar del Distrito Judicial de Toluca. La designaci\u00f3n responde a la necesidad de dar continuidad a la labor jurisdiccional tras la renuncia de Denisse L\u00f3pez Reyes. La nueva [&hellip;]\" \/>\n<meta property=\"og:url\" content=\"https:\/\/continuamosmx.com\/index.php\/2026\/01\/22\/el-congreso-mexiquense-toma-protesta-a-nueva-jueza-familiar-especializadacinthia-carmen-castano-aramis-se-incorpora-al-juzgado-en-linea-para-fortalecer-la-atencion-en-violencia-familiar-y-proteccion-d\/\" \/>\n<meta property=\"article:published_time\" content=\"2026-01-23T00:43:28+00:00\" \/>\n<meta property=\"og:image\" content=\"https:\/\/continuamosmx.com\/wp-content\/uploads\/2026\/01\/aeebe4d5-604d-4607-b381-bf763891a81f.jpeg\" \/>\n\t<meta property=\"og:image:width\" content=\"1280\" \/>\n\t<meta property=\"og:image:height\" content=\"852\" \/>\n\t<meta property=\"og:image:type\" content=\"image\/jpeg\" \/>\n<meta name=\"author\" content=\"Continuamos MX\" \/>\n<meta name=\"twitter:card\" content=\"summary_large_image\" \/>\n<meta name=\"twitter:label1\" content=\"Escrito por\" \/>\n\t<meta name=\"twitter:data1\" content=\"Continuamos MX\" \/>\n\t<meta name=\"twitter:label2\" content=\"Tiempo de lectura\" \/>\n\t<meta name=\"twitter:data2\" content=\"2 minutos\" \/>\n<script type=\"application\/ld+json\" class=\"yoast-schema-graph\">{\"@context\":\"https:\\\/\\\/schema.org\",\"@graph\":[{\"@type\":\"Article\",\"@id\":\"https:\\\/\\\/continuamosmx.com\\\/index.php\\\/2026\\\/01\\\/22\\\/el-congreso-mexiquense-toma-protesta-a-nueva-jueza-familiar-especializadacinthia-carmen-castano-aramis-se-incorpora-al-juzgado-en-linea-para-fortalecer-la-atencion-en-violencia-familiar-y-proteccion-d\\\/#article\",\"isPartOf\":{\"@id\":\"https:\\\/\\\/continuamosmx.com\\\/index.php\\\/2026\\\/01\\\/22\\\/el-congreso-mexiquense-toma-protesta-a-nueva-jueza-familiar-especializadacinthia-carmen-castano-aramis-se-incorpora-al-juzgado-en-linea-para-fortalecer-la-atencion-en-violencia-familiar-y-proteccion-d\\\/\"},\"author\":{\"name\":\"Continuamos MX\",\"@id\":\"https:\\\/\\\/continuamosmx.com\\\/#\\\/schema\\\/person\\\/5eb5356acb1fad784da407d14f0e8d89\"},\"headline\":\"EL CONGRESO MEXIQUENSE TOMA PROTESTA A NUEVA JUEZA FAMILIAR ESPECIALIZADACinthia Carmen Casta\u00f1o Aramis se incorpora al Juzgado en L\u00ednea para fortalecer la atenci\u00f3n en violencia familiar y protecci\u00f3n de menores. \u2696\ufe0f\",\"datePublished\":\"2026-01-23T00:43:28+00:00\",\"mainEntityOfPage\":{\"@id\":\"https:\\\/\\\/continuamosmx.com\\\/index.php\\\/2026\\\/01\\\/22\\\/el-congreso-mexiquense-toma-protesta-a-nueva-jueza-familiar-especializadacinthia-carmen-castano-aramis-se-incorpora-al-juzgado-en-linea-para-fortalecer-la-atencion-en-violencia-familiar-y-proteccion-d\\\/\"},\"wordCount\":187,\"publisher\":{\"@id\":\"https:\\\/\\\/continuamosmx.com\\\/#organization\"},\"image\":{\"@id\":\"https:\\\/\\\/continuamosmx.com\\\/index.php\\\/2026\\\/01\\\/22\\\/el-congreso-mexiquense-toma-protesta-a-nueva-jueza-familiar-especializadacinthia-carmen-castano-aramis-se-incorpora-al-juzgado-en-linea-para-fortalecer-la-atencion-en-violencia-familiar-y-proteccion-d\\\/#primaryimage\"},\"thumbnailUrl\":\"https:\\\/\\\/continuamosmx.com\\\/wp-content\\\/uploads\\\/2026\\\/01\\\/aeebe4d5-604d-4607-b381-bf763891a81f.jpeg\",\"articleSection\":[\"LOCALES\"],\"inLanguage\":\"es\"},{\"@type\":\"WebPage\",\"@id\":\"https:\\\/\\\/continuamosmx.com\\\/index.php\\\/2026\\\/01\\\/22\\\/el-congreso-mexiquense-toma-protesta-a-nueva-jueza-familiar-especializadacinthia-carmen-castano-aramis-se-incorpora-al-juzgado-en-linea-para-fortalecer-la-atencion-en-violencia-familiar-y-proteccion-d\\\/\",\"url\":\"https:\\\/\\\/continuamosmx.com\\\/index.php\\\/2026\\\/01\\\/22\\\/el-congreso-mexiquense-toma-protesta-a-nueva-jueza-familiar-especializadacinthia-carmen-castano-aramis-se-incorpora-al-juzgado-en-linea-para-fortalecer-la-atencion-en-violencia-familiar-y-proteccion-d\\\/\",\"name\":\"EL CONGRESO MEXIQUENSE TOMA PROTESTA A NUEVA JUEZA FAMILIAR ESPECIALIZADACinthia Carmen Casta\u00f1o Aramis se incorpora al Juzgado en L\u00ednea para fortalecer la atenci\u00f3n en violencia familiar y protecci\u00f3n de menores. \u2696\ufe0f -\",\"isPartOf\":{\"@id\":\"https:\\\/\\\/continuamosmx.com\\\/#website\"},\"primaryImageOfPage\":{\"@id\":\"https:\\\/\\\/continuamosmx.com\\\/index.php\\\/2026\\\/01\\\/22\\\/el-congreso-mexiquense-toma-protesta-a-nueva-jueza-familiar-especializadacinthia-carmen-castano-aramis-se-incorpora-al-juzgado-en-linea-para-fortalecer-la-atencion-en-violencia-familiar-y-proteccion-d\\\/#primaryimage\"},\"image\":{\"@id\":\"https:\\\/\\\/continuamosmx.com\\\/index.php\\\/2026\\\/01\\\/22\\\/el-congreso-mexiquense-toma-protesta-a-nueva-jueza-familiar-especializadacinthia-carmen-castano-aramis-se-incorpora-al-juzgado-en-linea-para-fortalecer-la-atencion-en-violencia-familiar-y-proteccion-d\\\/#primaryimage\"},\"thumbnailUrl\":\"https:\\\/\\\/continuamosmx.com\\\/wp-content\\\/uploads\\\/2026\\\/01\\\/aeebe4d5-604d-4607-b381-bf763891a81f.jpeg\",\"datePublished\":\"2026-01-23T00:43:28+00:00\",\"breadcrumb\":{\"@id\":\"https:\\\/\\\/continuamosmx.com\\\/index.php\\\/2026\\\/01\\\/22\\\/el-congreso-mexiquense-toma-protesta-a-nueva-jueza-familiar-especializadacinthia-carmen-castano-aramis-se-incorpora-al-juzgado-en-linea-para-fortalecer-la-atencion-en-violencia-familiar-y-proteccion-d\\\/#breadcrumb\"},\"inLanguage\":\"es\",\"potentialAction\":[{\"@type\":\"ReadAction\",\"target\":[\"https:\\\/\\\/continuamosmx.com\\\/index.php\\\/2026\\\/01\\\/22\\\/el-congreso-mexiquense-toma-protesta-a-nueva-jueza-familiar-especializadacinthia-carmen-castano-aramis-se-incorpora-al-juzgado-en-linea-para-fortalecer-la-atencion-en-violencia-familiar-y-proteccion-d\\\/\"]}]},{\"@type\":\"ImageObject\",\"inLanguage\":\"es\",\"@id\":\"https:\\\/\\\/continuamosmx.com\\\/index.php\\\/2026\\\/01\\\/22\\\/el-congreso-mexiquense-toma-protesta-a-nueva-jueza-familiar-especializadacinthia-carmen-castano-aramis-se-incorpora-al-juzgado-en-linea-para-fortalecer-la-atencion-en-violencia-familiar-y-proteccion-d\\\/#primaryimage\",\"url\":\"https:\\\/\\\/continuamosmx.com\\\/wp-content\\\/uploads\\\/2026\\\/01\\\/aeebe4d5-604d-4607-b381-bf763891a81f.jpeg\",\"contentUrl\":\"https:\\\/\\\/continuamosmx.com\\\/wp-content\\\/uploads\\\/2026\\\/01\\\/aeebe4d5-604d-4607-b381-bf763891a81f.jpeg\",\"width\":1280,\"height\":852},{\"@type\":\"BreadcrumbList\",\"@id\":\"https:\\\/\\\/continuamosmx.com\\\/index.php\\\/2026\\\/01\\\/22\\\/el-congreso-mexiquense-toma-protesta-a-nueva-jueza-familiar-especializadacinthia-carmen-castano-aramis-se-incorpora-al-juzgado-en-linea-para-fortalecer-la-atencion-en-violencia-familiar-y-proteccion-d\\\/#breadcrumb\",\"itemListElement\":[{\"@type\":\"ListItem\",\"position\":1,\"name\":\"Inicio\",\"item\":\"https:\\\/\\\/continuamosmx.com\\\/\"},{\"@type\":\"ListItem\",\"position\":2,\"name\":\"EL CONGRESO MEXIQUENSE TOMA PROTESTA A NUEVA JUEZA FAMILIAR ESPECIALIZADACinthia Carmen Casta\u00f1o Aramis se incorpora al Juzgado en L\u00ednea para fortalecer la atenci\u00f3n en violencia familiar y protecci\u00f3n de menores. \u2696\ufe0f\"}]},{\"@type\":\"WebSite\",\"@id\":\"https:\\\/\\\/continuamosmx.com\\\/#website\",\"url\":\"https:\\\/\\\/continuamosmx.com\\\/\",\"name\":\"www.continuamosmx.com\",\"description\":\"\",\"publisher\":{\"@id\":\"https:\\\/\\\/continuamosmx.com\\\/#organization\"},\"potentialAction\":[{\"@type\":\"SearchAction\",\"target\":{\"@type\":\"EntryPoint\",\"urlTemplate\":\"https:\\\/\\\/continuamosmx.com\\\/?s={search_term_string}\"},\"query-input\":{\"@type\":\"PropertyValueSpecification\",\"valueRequired\":true,\"valueName\":\"search_term_string\"}}],\"inLanguage\":\"es\"},{\"@type\":\"Organization\",\"@id\":\"https:\\\/\\\/continuamosmx.com\\\/#organization\",\"name\":\"ContinuamosMX\",\"url\":\"https:\\\/\\\/continuamosmx.com\\\/\",\"logo\":{\"@type\":\"ImageObject\",\"inLanguage\":\"es\",\"@id\":\"https:\\\/\\\/continuamosmx.com\\\/#\\\/schema\\\/logo\\\/image\\\/\",\"url\":\"https:\\\/\\\/continuamosmx.com\\\/wp-content\\\/uploads\\\/2023\\\/04\\\/cropped-LOGO-CONTI-NUEVO.png\",\"contentUrl\":\"https:\\\/\\\/continuamosmx.com\\\/wp-content\\\/uploads\\\/2023\\\/04\\\/cropped-LOGO-CONTI-NUEVO.png\",\"width\":1257,\"height\":430,\"caption\":\"ContinuamosMX\"},\"image\":{\"@id\":\"https:\\\/\\\/continuamosmx.com\\\/#\\\/schema\\\/logo\\\/image\\\/\"}},{\"@type\":\"Person\",\"@id\":\"https:\\\/\\\/continuamosmx.com\\\/#\\\/schema\\\/person\\\/5eb5356acb1fad784da407d14f0e8d89\",\"name\":\"Continuamos MX\",\"image\":{\"@type\":\"ImageObject\",\"inLanguage\":\"es\",\"@id\":\"https:\\\/\\\/secure.gravatar.com\\\/avatar\\\/30d4f9723476a15f4da34d35fb3501f08d2357016c76051c6a85c354c7489589?s=96&d=mm&r=g\",\"url\":\"https:\\\/\\\/secure.gravatar.com\\\/avatar\\\/30d4f9723476a15f4da34d35fb3501f08d2357016c76051c6a85c354c7489589?s=96&d=mm&r=g\",\"contentUrl\":\"https:\\\/\\\/secure.gravatar.com\\\/avatar\\\/30d4f9723476a15f4da34d35fb3501f08d2357016c76051c6a85c354c7489589?s=96&d=mm&r=g\",\"caption\":\"Continuamos MX\"},\"sameAs\":[\"http:\\\/\\\/www.continuamos.mx\"],\"url\":\"https:\\\/\\\/continuamosmx.com\\\/index.php\\\/author\\\/continuamos\\\/\"}]}<\/script>\n<!-- \/ Yoast SEO plugin. -->","yoast_head_json":{"title":"EL CONGRESO MEXIQUENSE TOMA PROTESTA A NUEVA JUEZA FAMILIAR ESPECIALIZADACinthia Carmen Casta\u00f1o Aramis se incorpora al Juzgado en L\u00ednea para fortalecer la atenci\u00f3n en violencia familiar y protecci\u00f3n de menores. \u2696\ufe0f -","robots":{"index":"index","follow":"follow","max-snippet":"max-snippet:-1","max-image-preview":"max-image-preview:large","max-video-preview":"max-video-preview:-1"},"canonical":"https:\/\/continuamosmx.com\/index.php\/2026\/01\/22\/el-congreso-mexiquense-toma-protesta-a-nueva-jueza-familiar-especializadacinthia-carmen-castano-aramis-se-incorpora-al-juzgado-en-linea-para-fortalecer-la-atencion-en-violencia-familiar-y-proteccion-d\/","og_locale":"es_ES","og_type":"article","og_title":"EL CONGRESO MEXIQUENSE TOMA PROTESTA A NUEVA JUEZA FAMILIAR ESPECIALIZADACinthia Carmen Casta\u00f1o Aramis se incorpora al Juzgado en L\u00ednea para fortalecer la atenci\u00f3n en violencia familiar y protecci\u00f3n de menores. \u2696\ufe0f -","og_description":"En un acto oficial encabezado por la Diputaci\u00f3n Permanente, la LXII Legislatura del Estado de M\u00e9xico tom\u00f3 protesta constitucional a Cinthia Carmen Casta\u00f1o Aramis como nueva jueza Familiar del Distrito Judicial de Toluca. La designaci\u00f3n responde a la necesidad de dar continuidad a la labor jurisdiccional tras la renuncia de Denisse L\u00f3pez Reyes. La nueva [&hellip;]","og_url":"https:\/\/continuamosmx.com\/index.php\/2026\/01\/22\/el-congreso-mexiquense-toma-protesta-a-nueva-jueza-familiar-especializadacinthia-carmen-castano-aramis-se-incorpora-al-juzgado-en-linea-para-fortalecer-la-atencion-en-violencia-familiar-y-proteccion-d\/","article_published_time":"2026-01-23T00:43:28+00:00","og_image":[{"width":1280,"height":852,"url":"https:\/\/continuamosmx.com\/wp-content\/uploads\/2026\/01\/aeebe4d5-604d-4607-b381-bf763891a81f.jpeg","type":"image\/jpeg"}],"author":"Continuamos MX","twitter_card":"summary_large_image","twitter_misc":{"Escrito por":"Continuamos MX","Tiempo de lectura":"2 minutos"},"schema":{"@context":"https:\/\/schema.org","@graph":[{"@type":"Article","@id":"https:\/\/continuamosmx.com\/index.php\/2026\/01\/22\/el-congreso-mexiquense-toma-protesta-a-nueva-jueza-familiar-especializadacinthia-carmen-castano-aramis-se-incorpora-al-juzgado-en-linea-para-fortalecer-la-atencion-en-violencia-familiar-y-proteccion-d\/#article","isPartOf":{"@id":"https:\/\/continuamosmx.com\/index.php\/2026\/01\/22\/el-congreso-mexiquense-toma-protesta-a-nueva-jueza-familiar-especializadacinthia-carmen-castano-aramis-se-incorpora-al-juzgado-en-linea-para-fortalecer-la-atencion-en-violencia-familiar-y-proteccion-d\/"},"author":{"name":"Continuamos MX","@id":"https:\/\/continuamosmx.com\/#\/schema\/person\/5eb5356acb1fad784da407d14f0e8d89"},"headline":"EL CONGRESO MEXIQUENSE TOMA PROTESTA A NUEVA JUEZA FAMILIAR ESPECIALIZADACinthia Carmen Casta\u00f1o Aramis se incorpora al Juzgado en L\u00ednea para fortalecer la atenci\u00f3n en violencia familiar y protecci\u00f3n de menores. \u2696\ufe0f","datePublished":"2026-01-23T00:43:28+00:00","mainEntityOfPage":{"@id":"https:\/\/continuamosmx.com\/index.php\/2026\/01\/22\/el-congreso-mexiquense-toma-protesta-a-nueva-jueza-familiar-especializadacinthia-carmen-castano-aramis-se-incorpora-al-juzgado-en-linea-para-fortalecer-la-atencion-en-violencia-familiar-y-proteccion-d\/"},"wordCount":187,"publisher":{"@id":"https:\/\/continuamosmx.com\/#organization"},"image":{"@id":"https:\/\/continuamosmx.com\/index.php\/2026\/01\/22\/el-congreso-mexiquense-toma-protesta-a-nueva-jueza-familiar-especializadacinthia-carmen-castano-aramis-se-incorpora-al-juzgado-en-linea-para-fortalecer-la-atencion-en-violencia-familiar-y-proteccion-d\/#primaryimage"},"thumbnailUrl":"https:\/\/continuamosmx.com\/wp-content\/uploads\/2026\/01\/aeebe4d5-604d-4607-b381-bf763891a81f.jpeg","articleSection":["LOCALES"],"inLanguage":"es"},{"@type":"WebPage","@id":"https:\/\/continuamosmx.com\/index.php\/2026\/01\/22\/el-congreso-mexiquense-toma-protesta-a-nueva-jueza-familiar-especializadacinthia-carmen-castano-aramis-se-incorpora-al-juzgado-en-linea-para-fortalecer-la-atencion-en-violencia-familiar-y-proteccion-d\/","url":"https:\/\/continuamosmx.com\/index.php\/2026\/01\/22\/el-congreso-mexiquense-toma-protesta-a-nueva-jueza-familiar-especializadacinthia-carmen-castano-aramis-se-incorpora-al-juzgado-en-linea-para-fortalecer-la-atencion-en-violencia-familiar-y-proteccion-d\/","name":"EL CONGRESO MEXIQUENSE TOMA PROTESTA A NUEVA JUEZA FAMILIAR ESPECIALIZADACinthia Carmen Casta\u00f1o Aramis se incorpora al Juzgado en L\u00ednea para fortalecer la atenci\u00f3n en violencia familiar y protecci\u00f3n de menores. \u2696\ufe0f -","isPartOf":{"@id":"https:\/\/continuamosmx.com\/#website"},"primaryImageOfPage":{"@id":"https:\/\/continuamosmx.com\/index.php\/2026\/01\/22\/el-congreso-mexiquense-toma-protesta-a-nueva-jueza-familiar-especializadacinthia-carmen-castano-aramis-se-incorpora-al-juzgado-en-linea-para-fortalecer-la-atencion-en-violencia-familiar-y-proteccion-d\/#primaryimage"},"image":{"@id":"https:\/\/continuamosmx.com\/index.php\/2026\/01\/22\/el-congreso-mexiquense-toma-protesta-a-nueva-jueza-familiar-especializadacinthia-carmen-castano-aramis-se-incorpora-al-juzgado-en-linea-para-fortalecer-la-atencion-en-violencia-familiar-y-proteccion-d\/#primaryimage"},"thumbnailUrl":"https:\/\/continuamosmx.com\/wp-content\/uploads\/2026\/01\/aeebe4d5-604d-4607-b381-bf763891a81f.jpeg","datePublished":"2026-01-23T00:43:28+00:00","breadcrumb":{"@id":"https:\/\/continuamosmx.com\/index.php\/2026\/01\/22\/el-congreso-mexiquense-toma-protesta-a-nueva-jueza-familiar-especializadacinthia-carmen-castano-aramis-se-incorpora-al-juzgado-en-linea-para-fortalecer-la-atencion-en-violencia-familiar-y-proteccion-d\/#breadcrumb"},"inLanguage":"es","potentialAction":[{"@type":"ReadAction","target":["https:\/\/continuamosmx.com\/index.php\/2026\/01\/22\/el-congreso-mexiquense-toma-protesta-a-nueva-jueza-familiar-especializadacinthia-carmen-castano-aramis-se-incorpora-al-juzgado-en-linea-para-fortalecer-la-atencion-en-violencia-familiar-y-proteccion-d\/"]}]},{"@type":"ImageObject","inLanguage":"es","@id":"https:\/\/continuamosmx.com\/index.php\/2026\/01\/22\/el-congreso-mexiquense-toma-protesta-a-nueva-jueza-familiar-especializadacinthia-carmen-castano-aramis-se-incorpora-al-juzgado-en-linea-para-fortalecer-la-atencion-en-violencia-familiar-y-proteccion-d\/#primaryimage","url":"https:\/\/continuamosmx.com\/wp-content\/uploads\/2026\/01\/aeebe4d5-604d-4607-b381-bf763891a81f.jpeg","contentUrl":"https:\/\/continuamosmx.com\/wp-content\/uploads\/2026\/01\/aeebe4d5-604d-4607-b381-bf763891a81f.jpeg","width":1280,"height":852},{"@type":"BreadcrumbList","@id":"https:\/\/continuamosmx.com\/index.php\/2026\/01\/22\/el-congreso-mexiquense-toma-protesta-a-nueva-jueza-familiar-especializadacinthia-carmen-castano-aramis-se-incorpora-al-juzgado-en-linea-para-fortalecer-la-atencion-en-violencia-familiar-y-proteccion-d\/#breadcrumb","itemListElement":[{"@type":"ListItem","position":1,"name":"Inicio","item":"https:\/\/continuamosmx.com\/"},{"@type":"ListItem","position":2,"name":"EL CONGRESO MEXIQUENSE TOMA PROTESTA A NUEVA JUEZA FAMILIAR ESPECIALIZADACinthia Carmen Casta\u00f1o Aramis se incorpora al Juzgado en L\u00ednea para fortalecer la atenci\u00f3n en violencia familiar y protecci\u00f3n de menores. \u2696\ufe0f"}]},{"@type":"WebSite","@id":"https:\/\/continuamosmx.com\/#website","url":"https:\/\/continuamosmx.com\/","name":"www.continuamosmx.com","description":"","publisher":{"@id":"https:\/\/continuamosmx.com\/#organization"},"potentialAction":[{"@type":"SearchAction","target":{"@type":"EntryPoint","urlTemplate":"https:\/\/continuamosmx.com\/?s={search_term_string}"},"query-input":{"@type":"PropertyValueSpecification","valueRequired":true,"valueName":"search_term_string"}}],"inLanguage":"es"},{"@type":"Organization","@id":"https:\/\/continuamosmx.com\/#organization","name":"ContinuamosMX","url":"https:\/\/continuamosmx.com\/","logo":{"@type":"ImageObject","inLanguage":"es","@id":"https:\/\/continuamosmx.com\/#\/schema\/logo\/image\/","url":"https:\/\/continuamosmx.com\/wp-content\/uploads\/2023\/04\/cropped-LOGO-CONTI-NUEVO.png","contentUrl":"https:\/\/continuamosmx.com\/wp-content\/uploads\/2023\/04\/cropped-LOGO-CONTI-NUEVO.png","width":1257,"height":430,"caption":"ContinuamosMX"},"image":{"@id":"https:\/\/continuamosmx.com\/#\/schema\/logo\/image\/"}},{"@type":"Person","@id":"https:\/\/continuamosmx.com\/#\/schema\/person\/5eb5356acb1fad784da407d14f0e8d89","name":"Continuamos MX","image":{"@type":"ImageObject","inLanguage":"es","@id":"https:\/\/secure.gravatar.com\/avatar\/30d4f9723476a15f4da34d35fb3501f08d2357016c76051c6a85c354c7489589?s=96&d=mm&r=g","url":"https:\/\/secure.gravatar.com\/avatar\/30d4f9723476a15f4da34d35fb3501f08d2357016c76051c6a85c354c7489589?s=96&d=mm&r=g","contentUrl":"https:\/\/secure.gravatar.com\/avatar\/30d4f9723476a15f4da34d35fb3501f08d2357016c76051c6a85c354c7489589?s=96&d=mm&r=g","caption":"Continuamos MX"},"sameAs":["http:\/\/www.continuamos.mx"],"url":"https:\/\/continuamosmx.com\/index.php\/author\/continuamos\/"}]}},"_links":{"self":[{"href":"https:\/\/continuamosmx.com\/index.php\/wp-json\/wp\/v2\/posts\/52185","targetHints":{"allow":["GET"]}}],"collection":[{"href":"https:\/\/continuamosmx.com\/index.php\/wp-json\/wp\/v2\/posts"}],"about":[{"href":"https:\/\/continuamosmx.com\/index.php\/wp-json\/wp\/v2\/types\/post"}],"author":[{"embeddable":true,"href":"https:\/\/continuamosmx.com\/index.php\/wp-json\/wp\/v2\/users\/6"}],"replies":[{"embeddable":true,"href":"https:\/\/continuamosmx.com\/index.php\/wp-json\/wp\/v2\/comments?post=52185"}],"version-history":[{"count":1,"href":"https:\/\/continuamosmx.com\/index.php\/wp-json\/wp\/v2\/posts\/52185\/revisions"}],"predecessor-version":[{"id":52198,"href":"https:\/\/continuamosmx.com\/index.php\/wp-json\/wp\/v2\/posts\/52185\/revisions\/52198"}],"wp:featuredmedia":[{"embeddable":true,"href":"https:\/\/continuamosmx.com\/index.php\/wp-json\/wp\/v2\/media\/52188"}],"wp:attachment":[{"href":"https:\/\/continuamosmx.com\/index.php\/wp-json\/wp\/v2\/media?parent=52185"}],"wp:term":[{"taxonomy":"category","embeddable":true,"href":"https:\/\/continuamosmx.com\/index.php\/wp-json\/wp\/v2\/categories?post=52185"},{"taxonomy":"post_tag","embeddable":true,"href":"https:\/\/continuamosmx.com\/index.php\/wp-json\/wp\/v2\/tags?post=52185"}],"curies":[{"name":"wp","href":"https:\/\/api.w.org\/{rel}","templated":true}]}}