{"id":52158,"date":"2026-01-21T17:16:28","date_gmt":"2026-01-21T23:16:28","guid":{"rendered":"https:\/\/continuamosmx.com\/?p=52158"},"modified":"2026-01-21T17:16:29","modified_gmt":"2026-01-21T23:16:29","slug":"gobierno-del-edomex-transforma-la-unidad-deportiva-las-fuentes-en-atlacomulco","status":"publish","type":"post","link":"https:\/\/continuamosmx.com\/index.php\/2026\/01\/21\/gobierno-del-edomex-transforma-la-unidad-deportiva-las-fuentes-en-atlacomulco\/","title":{"rendered":"GOBIERNO DEL EDOM\u00c9X TRANSFORMA LA UNIDAD DEPORTIVA \u201cLAS FUENTES\u201d EN ATLACOMULCO"},"content":{"rendered":"\n<p><strong>Con una inversi\u00f3n de 17 millones de pesos, la Gobernadora Delfina G\u00f3mez entrega instalaciones renovadas que benefician a m\u00e1s de 5 mil habitantes y reactivan la econom\u00eda local.<\/strong><\/p>\n\n\n\n<p><strong>ATLACOMULCO, Estado de M\u00e9xico.<\/strong>&nbsp;\u2013 Como parte del programa \u201c2026,&nbsp;A\u00f1o de las Obras en el EdoM\u00e9x\u201d,&nbsp;la Gobernadora Delfina G\u00f3mez \u00c1lvarez entreg\u00f3 la rehabilitaci\u00f3n integral de la Unidad Deportiva \u201cLas Fuentes\u201d.&nbsp;Esta obra no solo dignifica el espacio p\u00fablico,&nbsp;sino que fortaleci\u00f3 la econom\u00eda regional mediante la generaci\u00f3n de mil 462 empleos,demostrando que la infraestructura \u00fatil es clave para recuperar la confianza ciudadana y el tejido social.&nbsp;\ud83e\uddf1\ud83d\udcbc<\/p>\n\n\n\n<p>Los trabajos,&nbsp;supervisados por la Secretar\u00eda de Desarrollo Urbano e Infraestructura (Sedui),&nbsp;incluyeron la renovaci\u00f3n total de la cancha de futbol r\u00e1pido,&nbsp;la pista de atletismo y las gradas.&nbsp;Adem\u00e1s,&nbsp;se prioriz\u00f3 la seguridad de los usuarios con la construcci\u00f3n de una barda perimetral y la instalaci\u00f3n de luminarias de \u00faltima generaci\u00f3n,&nbsp;permitiendo que las familias realicen actividades deportivas en horarios vespertinos y nocturnos bajo un entorno seguro.&nbsp;\u26bd\ud83c\udfc3\u200d\u2640\ufe0f<\/p>\n\n\n\n<p>Durante el evento,&nbsp;la Mandataria mexiquense destac\u00f3 que estos espacios son fundamentales para la prevenci\u00f3n del delito y la convivencia comunitaria.&nbsp;Asimismo,&nbsp;se inform\u00f3 que esta intervenci\u00f3n se complementa con la rehabilitaci\u00f3n de tres avenidas estrat\u00e9gicas en el municipio,&nbsp;consolidando una visi\u00f3n integral de desarrollo urbano que mejora la movilidad y la calidad de vida en Atlacomulco.&nbsp;\ud83d\udee3\ufe0f\ud83e\udd1d<\/p>\n\n\n\n<figure class=\"wp-block-gallery has-nested-images columns-default is-cropped wp-block-gallery-1 is-layout-flex wp-block-gallery-is-layout-flex\">\n<figure class=\"wp-block-image size-large\"><img loading=\"lazy\" decoding=\"async\" width=\"1024\" height=\"683\" data-id=\"52159\" src=\"https:\/\/continuamosmx.com\/wp-content\/uploads\/2026\/01\/44a198c9-2e01-4411-b4a7-e38c7638534b-1024x683.jpeg\" alt=\"\" class=\"wp-image-52159\" srcset=\"https:\/\/continuamosmx.com\/wp-content\/uploads\/2026\/01\/44a198c9-2e01-4411-b4a7-e38c7638534b-1024x683.jpeg 1024w, https:\/\/continuamosmx.com\/wp-content\/uploads\/2026\/01\/44a198c9-2e01-4411-b4a7-e38c7638534b-300x200.jpeg 300w, https:\/\/continuamosmx.com\/wp-content\/uploads\/2026\/01\/44a198c9-2e01-4411-b4a7-e38c7638534b-768x512.jpeg 768w, https:\/\/continuamosmx.com\/wp-content\/uploads\/2026\/01\/44a198c9-2e01-4411-b4a7-e38c7638534b.jpeg 1280w\" sizes=\"auto, (max-width: 1024px) 100vw, 1024px\" \/><\/figure>\n\n\n\n<figure class=\"wp-block-image size-large\"><img loading=\"lazy\" decoding=\"async\" width=\"1024\" height=\"683\" data-id=\"52163\" src=\"https:\/\/continuamosmx.com\/wp-content\/uploads\/2026\/01\/0f81bcbd-c463-4282-8d44-6f704c9371e7-1024x683.jpeg\" alt=\"\" class=\"wp-image-52163\" srcset=\"https:\/\/continuamosmx.com\/wp-content\/uploads\/2026\/01\/0f81bcbd-c463-4282-8d44-6f704c9371e7-1024x683.jpeg 1024w, https:\/\/continuamosmx.com\/wp-content\/uploads\/2026\/01\/0f81bcbd-c463-4282-8d44-6f704c9371e7-300x200.jpeg 300w, https:\/\/continuamosmx.com\/wp-content\/uploads\/2026\/01\/0f81bcbd-c463-4282-8d44-6f704c9371e7-768x512.jpeg 768w, https:\/\/continuamosmx.com\/wp-content\/uploads\/2026\/01\/0f81bcbd-c463-4282-8d44-6f704c9371e7.jpeg 1280w\" sizes=\"auto, (max-width: 1024px) 100vw, 1024px\" \/><\/figure>\n\n\n\n<figure class=\"wp-block-image size-large\"><img loading=\"lazy\" decoding=\"async\" width=\"1024\" height=\"683\" data-id=\"52160\" src=\"https:\/\/continuamosmx.com\/wp-content\/uploads\/2026\/01\/62e78523-4ff9-4e43-9956-87c845fda8a1-1024x683.jpeg\" alt=\"\" class=\"wp-image-52160\" srcset=\"https:\/\/continuamosmx.com\/wp-content\/uploads\/2026\/01\/62e78523-4ff9-4e43-9956-87c845fda8a1-1024x683.jpeg 1024w, https:\/\/continuamosmx.com\/wp-content\/uploads\/2026\/01\/62e78523-4ff9-4e43-9956-87c845fda8a1-300x200.jpeg 300w, https:\/\/continuamosmx.com\/wp-content\/uploads\/2026\/01\/62e78523-4ff9-4e43-9956-87c845fda8a1-768x512.jpeg 768w, https:\/\/continuamosmx.com\/wp-content\/uploads\/2026\/01\/62e78523-4ff9-4e43-9956-87c845fda8a1.jpeg 1280w\" sizes=\"auto, (max-width: 1024px) 100vw, 1024px\" \/><\/figure>\n\n\n\n<figure class=\"wp-block-image size-large\"><img loading=\"lazy\" decoding=\"async\" width=\"1024\" height=\"683\" data-id=\"52161\" src=\"https:\/\/continuamosmx.com\/wp-content\/uploads\/2026\/01\/559a4d2c-2346-477d-9bbc-c89bce53d815-1024x683.jpeg\" alt=\"\" class=\"wp-image-52161\" srcset=\"https:\/\/continuamosmx.com\/wp-content\/uploads\/2026\/01\/559a4d2c-2346-477d-9bbc-c89bce53d815-1024x683.jpeg 1024w, https:\/\/continuamosmx.com\/wp-content\/uploads\/2026\/01\/559a4d2c-2346-477d-9bbc-c89bce53d815-300x200.jpeg 300w, https:\/\/continuamosmx.com\/wp-content\/uploads\/2026\/01\/559a4d2c-2346-477d-9bbc-c89bce53d815-768x512.jpeg 768w, https:\/\/continuamosmx.com\/wp-content\/uploads\/2026\/01\/559a4d2c-2346-477d-9bbc-c89bce53d815.jpeg 1280w\" sizes=\"auto, (max-width: 1024px) 100vw, 1024px\" \/><\/figure>\n\n\n\n<figure class=\"wp-block-image size-large\"><img loading=\"lazy\" decoding=\"async\" width=\"1024\" height=\"683\" data-id=\"52162\" src=\"https:\/\/continuamosmx.com\/wp-content\/uploads\/2026\/01\/ed53d89b-2173-4799-b818-f7d91defb4c6-1024x683.jpeg\" alt=\"\" class=\"wp-image-52162\" srcset=\"https:\/\/continuamosmx.com\/wp-content\/uploads\/2026\/01\/ed53d89b-2173-4799-b818-f7d91defb4c6-1024x683.jpeg 1024w, https:\/\/continuamosmx.com\/wp-content\/uploads\/2026\/01\/ed53d89b-2173-4799-b818-f7d91defb4c6-300x200.jpeg 300w, https:\/\/continuamosmx.com\/wp-content\/uploads\/2026\/01\/ed53d89b-2173-4799-b818-f7d91defb4c6-768x512.jpeg 768w, https:\/\/continuamosmx.com\/wp-content\/uploads\/2026\/01\/ed53d89b-2173-4799-b818-f7d91defb4c6.jpeg 1280w\" sizes=\"auto, (max-width: 1024px) 100vw, 1024px\" \/><\/figure>\n<\/figure>\n","protected":false},"excerpt":{"rendered":"<p>Con una inversi\u00f3n de 17 millones de pesos, la Gobernadora Delfina G\u00f3mez entrega instalaciones renovadas que benefician a m\u00e1s de 5 mil habitantes y reactivan la econom\u00eda local. ATLACOMULCO, Estado de M\u00e9xico.&nbsp;\u2013 Como parte del programa \u201c2026,&nbsp;A\u00f1o de las Obras en el EdoM\u00e9x\u201d,&nbsp;la Gobernadora Delfina G\u00f3mez \u00c1lvarez entreg\u00f3 la rehabilitaci\u00f3n integral de la Unidad Deportiva [&hellip;]<\/p>\n","protected":false},"author":6,"featured_media":0,"comment_status":"closed","ping_status":"closed","sticky":false,"template":"","format":"standard","meta":{"footnotes":""},"categories":[4],"tags":[],"class_list":["post-52158","post","type-post","status-publish","format-standard","hentry","category-locales"],"yoast_head":"<!-- This site is optimized with the Yoast SEO plugin v27.5 - https:\/\/yoast.com\/product\/yoast-seo-wordpress\/ -->\n<title>GOBIERNO DEL EDOM\u00c9X TRANSFORMA LA UNIDAD DEPORTIVA \u201cLAS FUENTES\u201d EN ATLACOMULCO -<\/title>\n<meta name=\"robots\" content=\"index, follow, max-snippet:-1, max-image-preview:large, max-video-preview:-1\" \/>\n<link rel=\"canonical\" href=\"https:\/\/continuamosmx.com\/index.php\/2026\/01\/21\/gobierno-del-edomex-transforma-la-unidad-deportiva-las-fuentes-en-atlacomulco\/\" \/>\n<meta property=\"og:locale\" content=\"es_ES\" \/>\n<meta property=\"og:type\" content=\"article\" \/>\n<meta property=\"og:title\" content=\"GOBIERNO DEL EDOM\u00c9X TRANSFORMA LA UNIDAD DEPORTIVA \u201cLAS FUENTES\u201d EN ATLACOMULCO -\" \/>\n<meta property=\"og:description\" content=\"Con una inversi\u00f3n de 17 millones de pesos, la Gobernadora Delfina G\u00f3mez entrega instalaciones renovadas que benefician a m\u00e1s de 5 mil habitantes y reactivan la econom\u00eda local. ATLACOMULCO, Estado de M\u00e9xico.&nbsp;\u2013 Como parte del programa \u201c2026,&nbsp;A\u00f1o de las Obras en el EdoM\u00e9x\u201d,&nbsp;la Gobernadora Delfina G\u00f3mez \u00c1lvarez entreg\u00f3 la rehabilitaci\u00f3n integral de la Unidad Deportiva [&hellip;]\" \/>\n<meta property=\"og:url\" content=\"https:\/\/continuamosmx.com\/index.php\/2026\/01\/21\/gobierno-del-edomex-transforma-la-unidad-deportiva-las-fuentes-en-atlacomulco\/\" \/>\n<meta property=\"article:published_time\" content=\"2026-01-21T23:16:28+00:00\" \/>\n<meta property=\"article:modified_time\" content=\"2026-01-21T23:16:29+00:00\" \/>\n<meta property=\"og:image\" content=\"https:\/\/continuamosmx.com\/wp-content\/uploads\/2026\/01\/44a198c9-2e01-4411-b4a7-e38c7638534b.jpeg\" \/>\n\t<meta property=\"og:image:width\" content=\"1280\" \/>\n\t<meta property=\"og:image:height\" content=\"854\" \/>\n\t<meta property=\"og:image:type\" content=\"image\/jpeg\" \/>\n<meta name=\"author\" content=\"Continuamos MX\" \/>\n<meta name=\"twitter:card\" content=\"summary_large_image\" \/>\n<meta name=\"twitter:label1\" content=\"Escrito por\" \/>\n\t<meta name=\"twitter:data1\" content=\"Continuamos MX\" \/>\n\t<meta name=\"twitter:label2\" content=\"Tiempo de lectura\" \/>\n\t<meta name=\"twitter:data2\" content=\"3 minutos\" \/>\n<script type=\"application\/ld+json\" class=\"yoast-schema-graph\">{\"@context\":\"https:\\\/\\\/schema.org\",\"@graph\":[{\"@type\":\"Article\",\"@id\":\"https:\\\/\\\/continuamosmx.com\\\/index.php\\\/2026\\\/01\\\/21\\\/gobierno-del-edomex-transforma-la-unidad-deportiva-las-fuentes-en-atlacomulco\\\/#article\",\"isPartOf\":{\"@id\":\"https:\\\/\\\/continuamosmx.com\\\/index.php\\\/2026\\\/01\\\/21\\\/gobierno-del-edomex-transforma-la-unidad-deportiva-las-fuentes-en-atlacomulco\\\/\"},\"author\":{\"name\":\"Continuamos MX\",\"@id\":\"https:\\\/\\\/continuamosmx.com\\\/#\\\/schema\\\/person\\\/5eb5356acb1fad784da407d14f0e8d89\"},\"headline\":\"GOBIERNO DEL EDOM\u00c9X TRANSFORMA LA UNIDAD DEPORTIVA \u201cLAS FUENTES\u201d EN ATLACOMULCO\",\"datePublished\":\"2026-01-21T23:16:28+00:00\",\"dateModified\":\"2026-01-21T23:16:29+00:00\",\"mainEntityOfPage\":{\"@id\":\"https:\\\/\\\/continuamosmx.com\\\/index.php\\\/2026\\\/01\\\/21\\\/gobierno-del-edomex-transforma-la-unidad-deportiva-las-fuentes-en-atlacomulco\\\/\"},\"wordCount\":271,\"publisher\":{\"@id\":\"https:\\\/\\\/continuamosmx.com\\\/#organization\"},\"image\":{\"@id\":\"https:\\\/\\\/continuamosmx.com\\\/index.php\\\/2026\\\/01\\\/21\\\/gobierno-del-edomex-transforma-la-unidad-deportiva-las-fuentes-en-atlacomulco\\\/#primaryimage\"},\"thumbnailUrl\":\"https:\\\/\\\/continuamosmx.com\\\/wp-content\\\/uploads\\\/2026\\\/01\\\/44a198c9-2e01-4411-b4a7-e38c7638534b-1024x683.jpeg\",\"articleSection\":[\"LOCALES\"],\"inLanguage\":\"es\"},{\"@type\":\"WebPage\",\"@id\":\"https:\\\/\\\/continuamosmx.com\\\/index.php\\\/2026\\\/01\\\/21\\\/gobierno-del-edomex-transforma-la-unidad-deportiva-las-fuentes-en-atlacomulco\\\/\",\"url\":\"https:\\\/\\\/continuamosmx.com\\\/index.php\\\/2026\\\/01\\\/21\\\/gobierno-del-edomex-transforma-la-unidad-deportiva-las-fuentes-en-atlacomulco\\\/\",\"name\":\"GOBIERNO DEL EDOM\u00c9X TRANSFORMA LA UNIDAD DEPORTIVA \u201cLAS FUENTES\u201d EN ATLACOMULCO -\",\"isPartOf\":{\"@id\":\"https:\\\/\\\/continuamosmx.com\\\/#website\"},\"primaryImageOfPage\":{\"@id\":\"https:\\\/\\\/continuamosmx.com\\\/index.php\\\/2026\\\/01\\\/21\\\/gobierno-del-edomex-transforma-la-unidad-deportiva-las-fuentes-en-atlacomulco\\\/#primaryimage\"},\"image\":{\"@id\":\"https:\\\/\\\/continuamosmx.com\\\/index.php\\\/2026\\\/01\\\/21\\\/gobierno-del-edomex-transforma-la-unidad-deportiva-las-fuentes-en-atlacomulco\\\/#primaryimage\"},\"thumbnailUrl\":\"https:\\\/\\\/continuamosmx.com\\\/wp-content\\\/uploads\\\/2026\\\/01\\\/44a198c9-2e01-4411-b4a7-e38c7638534b-1024x683.jpeg\",\"datePublished\":\"2026-01-21T23:16:28+00:00\",\"dateModified\":\"2026-01-21T23:16:29+00:00\",\"breadcrumb\":{\"@id\":\"https:\\\/\\\/continuamosmx.com\\\/index.php\\\/2026\\\/01\\\/21\\\/gobierno-del-edomex-transforma-la-unidad-deportiva-las-fuentes-en-atlacomulco\\\/#breadcrumb\"},\"inLanguage\":\"es\",\"potentialAction\":[{\"@type\":\"ReadAction\",\"target\":[\"https:\\\/\\\/continuamosmx.com\\\/index.php\\\/2026\\\/01\\\/21\\\/gobierno-del-edomex-transforma-la-unidad-deportiva-las-fuentes-en-atlacomulco\\\/\"]}]},{\"@type\":\"ImageObject\",\"inLanguage\":\"es\",\"@id\":\"https:\\\/\\\/continuamosmx.com\\\/index.php\\\/2026\\\/01\\\/21\\\/gobierno-del-edomex-transforma-la-unidad-deportiva-las-fuentes-en-atlacomulco\\\/#primaryimage\",\"url\":\"https:\\\/\\\/continuamosmx.com\\\/wp-content\\\/uploads\\\/2026\\\/01\\\/44a198c9-2e01-4411-b4a7-e38c7638534b.jpeg\",\"contentUrl\":\"https:\\\/\\\/continuamosmx.com\\\/wp-content\\\/uploads\\\/2026\\\/01\\\/44a198c9-2e01-4411-b4a7-e38c7638534b.jpeg\",\"width\":1280,\"height\":854},{\"@type\":\"BreadcrumbList\",\"@id\":\"https:\\\/\\\/continuamosmx.com\\\/index.php\\\/2026\\\/01\\\/21\\\/gobierno-del-edomex-transforma-la-unidad-deportiva-las-fuentes-en-atlacomulco\\\/#breadcrumb\",\"itemListElement\":[{\"@type\":\"ListItem\",\"position\":1,\"name\":\"Inicio\",\"item\":\"https:\\\/\\\/continuamosmx.com\\\/\"},{\"@type\":\"ListItem\",\"position\":2,\"name\":\"GOBIERNO DEL EDOM\u00c9X TRANSFORMA LA UNIDAD DEPORTIVA \u201cLAS FUENTES\u201d EN ATLACOMULCO\"}]},{\"@type\":\"WebSite\",\"@id\":\"https:\\\/\\\/continuamosmx.com\\\/#website\",\"url\":\"https:\\\/\\\/continuamosmx.com\\\/\",\"name\":\"www.continuamosmx.com\",\"description\":\"\",\"publisher\":{\"@id\":\"https:\\\/\\\/continuamosmx.com\\\/#organization\"},\"potentialAction\":[{\"@type\":\"SearchAction\",\"target\":{\"@type\":\"EntryPoint\",\"urlTemplate\":\"https:\\\/\\\/continuamosmx.com\\\/?s={search_term_string}\"},\"query-input\":{\"@type\":\"PropertyValueSpecification\",\"valueRequired\":true,\"valueName\":\"search_term_string\"}}],\"inLanguage\":\"es\"},{\"@type\":\"Organization\",\"@id\":\"https:\\\/\\\/continuamosmx.com\\\/#organization\",\"name\":\"ContinuamosMX\",\"url\":\"https:\\\/\\\/continuamosmx.com\\\/\",\"logo\":{\"@type\":\"ImageObject\",\"inLanguage\":\"es\",\"@id\":\"https:\\\/\\\/continuamosmx.com\\\/#\\\/schema\\\/logo\\\/image\\\/\",\"url\":\"https:\\\/\\\/continuamosmx.com\\\/wp-content\\\/uploads\\\/2023\\\/04\\\/cropped-LOGO-CONTI-NUEVO.png\",\"contentUrl\":\"https:\\\/\\\/continuamosmx.com\\\/wp-content\\\/uploads\\\/2023\\\/04\\\/cropped-LOGO-CONTI-NUEVO.png\",\"width\":1257,\"height\":430,\"caption\":\"ContinuamosMX\"},\"image\":{\"@id\":\"https:\\\/\\\/continuamosmx.com\\\/#\\\/schema\\\/logo\\\/image\\\/\"}},{\"@type\":\"Person\",\"@id\":\"https:\\\/\\\/continuamosmx.com\\\/#\\\/schema\\\/person\\\/5eb5356acb1fad784da407d14f0e8d89\",\"name\":\"Continuamos MX\",\"image\":{\"@type\":\"ImageObject\",\"inLanguage\":\"es\",\"@id\":\"https:\\\/\\\/secure.gravatar.com\\\/avatar\\\/30d4f9723476a15f4da34d35fb3501f08d2357016c76051c6a85c354c7489589?s=96&d=mm&r=g\",\"url\":\"https:\\\/\\\/secure.gravatar.com\\\/avatar\\\/30d4f9723476a15f4da34d35fb3501f08d2357016c76051c6a85c354c7489589?s=96&d=mm&r=g\",\"contentUrl\":\"https:\\\/\\\/secure.gravatar.com\\\/avatar\\\/30d4f9723476a15f4da34d35fb3501f08d2357016c76051c6a85c354c7489589?s=96&d=mm&r=g\",\"caption\":\"Continuamos MX\"},\"sameAs\":[\"http:\\\/\\\/www.continuamos.mx\"],\"url\":\"https:\\\/\\\/continuamosmx.com\\\/index.php\\\/author\\\/continuamos\\\/\"}]}<\/script>\n<!-- \/ Yoast SEO plugin. -->","yoast_head_json":{"title":"GOBIERNO DEL EDOM\u00c9X TRANSFORMA LA UNIDAD DEPORTIVA \u201cLAS FUENTES\u201d EN ATLACOMULCO -","robots":{"index":"index","follow":"follow","max-snippet":"max-snippet:-1","max-image-preview":"max-image-preview:large","max-video-preview":"max-video-preview:-1"},"canonical":"https:\/\/continuamosmx.com\/index.php\/2026\/01\/21\/gobierno-del-edomex-transforma-la-unidad-deportiva-las-fuentes-en-atlacomulco\/","og_locale":"es_ES","og_type":"article","og_title":"GOBIERNO DEL EDOM\u00c9X TRANSFORMA LA UNIDAD DEPORTIVA \u201cLAS FUENTES\u201d EN ATLACOMULCO -","og_description":"Con una inversi\u00f3n de 17 millones de pesos, la Gobernadora Delfina G\u00f3mez entrega instalaciones renovadas que benefician a m\u00e1s de 5 mil habitantes y reactivan la econom\u00eda local. ATLACOMULCO, Estado de M\u00e9xico.&nbsp;\u2013 Como parte del programa \u201c2026,&nbsp;A\u00f1o de las Obras en el EdoM\u00e9x\u201d,&nbsp;la Gobernadora Delfina G\u00f3mez \u00c1lvarez entreg\u00f3 la rehabilitaci\u00f3n integral de la Unidad Deportiva [&hellip;]","og_url":"https:\/\/continuamosmx.com\/index.php\/2026\/01\/21\/gobierno-del-edomex-transforma-la-unidad-deportiva-las-fuentes-en-atlacomulco\/","article_published_time":"2026-01-21T23:16:28+00:00","article_modified_time":"2026-01-21T23:16:29+00:00","og_image":[{"width":1280,"height":854,"url":"https:\/\/continuamosmx.com\/wp-content\/uploads\/2026\/01\/44a198c9-2e01-4411-b4a7-e38c7638534b.jpeg","type":"image\/jpeg"}],"author":"Continuamos MX","twitter_card":"summary_large_image","twitter_misc":{"Escrito por":"Continuamos MX","Tiempo de lectura":"3 minutos"},"schema":{"@context":"https:\/\/schema.org","@graph":[{"@type":"Article","@id":"https:\/\/continuamosmx.com\/index.php\/2026\/01\/21\/gobierno-del-edomex-transforma-la-unidad-deportiva-las-fuentes-en-atlacomulco\/#article","isPartOf":{"@id":"https:\/\/continuamosmx.com\/index.php\/2026\/01\/21\/gobierno-del-edomex-transforma-la-unidad-deportiva-las-fuentes-en-atlacomulco\/"},"author":{"name":"Continuamos MX","@id":"https:\/\/continuamosmx.com\/#\/schema\/person\/5eb5356acb1fad784da407d14f0e8d89"},"headline":"GOBIERNO DEL EDOM\u00c9X TRANSFORMA LA UNIDAD DEPORTIVA \u201cLAS FUENTES\u201d EN ATLACOMULCO","datePublished":"2026-01-21T23:16:28+00:00","dateModified":"2026-01-21T23:16:29+00:00","mainEntityOfPage":{"@id":"https:\/\/continuamosmx.com\/index.php\/2026\/01\/21\/gobierno-del-edomex-transforma-la-unidad-deportiva-las-fuentes-en-atlacomulco\/"},"wordCount":271,"publisher":{"@id":"https:\/\/continuamosmx.com\/#organization"},"image":{"@id":"https:\/\/continuamosmx.com\/index.php\/2026\/01\/21\/gobierno-del-edomex-transforma-la-unidad-deportiva-las-fuentes-en-atlacomulco\/#primaryimage"},"thumbnailUrl":"https:\/\/continuamosmx.com\/wp-content\/uploads\/2026\/01\/44a198c9-2e01-4411-b4a7-e38c7638534b-1024x683.jpeg","articleSection":["LOCALES"],"inLanguage":"es"},{"@type":"WebPage","@id":"https:\/\/continuamosmx.com\/index.php\/2026\/01\/21\/gobierno-del-edomex-transforma-la-unidad-deportiva-las-fuentes-en-atlacomulco\/","url":"https:\/\/continuamosmx.com\/index.php\/2026\/01\/21\/gobierno-del-edomex-transforma-la-unidad-deportiva-las-fuentes-en-atlacomulco\/","name":"GOBIERNO DEL EDOM\u00c9X TRANSFORMA LA UNIDAD DEPORTIVA \u201cLAS FUENTES\u201d EN ATLACOMULCO -","isPartOf":{"@id":"https:\/\/continuamosmx.com\/#website"},"primaryImageOfPage":{"@id":"https:\/\/continuamosmx.com\/index.php\/2026\/01\/21\/gobierno-del-edomex-transforma-la-unidad-deportiva-las-fuentes-en-atlacomulco\/#primaryimage"},"image":{"@id":"https:\/\/continuamosmx.com\/index.php\/2026\/01\/21\/gobierno-del-edomex-transforma-la-unidad-deportiva-las-fuentes-en-atlacomulco\/#primaryimage"},"thumbnailUrl":"https:\/\/continuamosmx.com\/wp-content\/uploads\/2026\/01\/44a198c9-2e01-4411-b4a7-e38c7638534b-1024x683.jpeg","datePublished":"2026-01-21T23:16:28+00:00","dateModified":"2026-01-21T23:16:29+00:00","breadcrumb":{"@id":"https:\/\/continuamosmx.com\/index.php\/2026\/01\/21\/gobierno-del-edomex-transforma-la-unidad-deportiva-las-fuentes-en-atlacomulco\/#breadcrumb"},"inLanguage":"es","potentialAction":[{"@type":"ReadAction","target":["https:\/\/continuamosmx.com\/index.php\/2026\/01\/21\/gobierno-del-edomex-transforma-la-unidad-deportiva-las-fuentes-en-atlacomulco\/"]}]},{"@type":"ImageObject","inLanguage":"es","@id":"https:\/\/continuamosmx.com\/index.php\/2026\/01\/21\/gobierno-del-edomex-transforma-la-unidad-deportiva-las-fuentes-en-atlacomulco\/#primaryimage","url":"https:\/\/continuamosmx.com\/wp-content\/uploads\/2026\/01\/44a198c9-2e01-4411-b4a7-e38c7638534b.jpeg","contentUrl":"https:\/\/continuamosmx.com\/wp-content\/uploads\/2026\/01\/44a198c9-2e01-4411-b4a7-e38c7638534b.jpeg","width":1280,"height":854},{"@type":"BreadcrumbList","@id":"https:\/\/continuamosmx.com\/index.php\/2026\/01\/21\/gobierno-del-edomex-transforma-la-unidad-deportiva-las-fuentes-en-atlacomulco\/#breadcrumb","itemListElement":[{"@type":"ListItem","position":1,"name":"Inicio","item":"https:\/\/continuamosmx.com\/"},{"@type":"ListItem","position":2,"name":"GOBIERNO DEL EDOM\u00c9X TRANSFORMA LA UNIDAD DEPORTIVA \u201cLAS FUENTES\u201d EN ATLACOMULCO"}]},{"@type":"WebSite","@id":"https:\/\/continuamosmx.com\/#website","url":"https:\/\/continuamosmx.com\/","name":"www.continuamosmx.com","description":"","publisher":{"@id":"https:\/\/continuamosmx.com\/#organization"},"potentialAction":[{"@type":"SearchAction","target":{"@type":"EntryPoint","urlTemplate":"https:\/\/continuamosmx.com\/?s={search_term_string}"},"query-input":{"@type":"PropertyValueSpecification","valueRequired":true,"valueName":"search_term_string"}}],"inLanguage":"es"},{"@type":"Organization","@id":"https:\/\/continuamosmx.com\/#organization","name":"ContinuamosMX","url":"https:\/\/continuamosmx.com\/","logo":{"@type":"ImageObject","inLanguage":"es","@id":"https:\/\/continuamosmx.com\/#\/schema\/logo\/image\/","url":"https:\/\/continuamosmx.com\/wp-content\/uploads\/2023\/04\/cropped-LOGO-CONTI-NUEVO.png","contentUrl":"https:\/\/continuamosmx.com\/wp-content\/uploads\/2023\/04\/cropped-LOGO-CONTI-NUEVO.png","width":1257,"height":430,"caption":"ContinuamosMX"},"image":{"@id":"https:\/\/continuamosmx.com\/#\/schema\/logo\/image\/"}},{"@type":"Person","@id":"https:\/\/continuamosmx.com\/#\/schema\/person\/5eb5356acb1fad784da407d14f0e8d89","name":"Continuamos MX","image":{"@type":"ImageObject","inLanguage":"es","@id":"https:\/\/secure.gravatar.com\/avatar\/30d4f9723476a15f4da34d35fb3501f08d2357016c76051c6a85c354c7489589?s=96&d=mm&r=g","url":"https:\/\/secure.gravatar.com\/avatar\/30d4f9723476a15f4da34d35fb3501f08d2357016c76051c6a85c354c7489589?s=96&d=mm&r=g","contentUrl":"https:\/\/secure.gravatar.com\/avatar\/30d4f9723476a15f4da34d35fb3501f08d2357016c76051c6a85c354c7489589?s=96&d=mm&r=g","caption":"Continuamos MX"},"sameAs":["http:\/\/www.continuamos.mx"],"url":"https:\/\/continuamosmx.com\/index.php\/author\/continuamos\/"}]}},"_links":{"self":[{"href":"https:\/\/continuamosmx.com\/index.php\/wp-json\/wp\/v2\/posts\/52158","targetHints":{"allow":["GET"]}}],"collection":[{"href":"https:\/\/continuamosmx.com\/index.php\/wp-json\/wp\/v2\/posts"}],"about":[{"href":"https:\/\/continuamosmx.com\/index.php\/wp-json\/wp\/v2\/types\/post"}],"author":[{"embeddable":true,"href":"https:\/\/continuamosmx.com\/index.php\/wp-json\/wp\/v2\/users\/6"}],"replies":[{"embeddable":true,"href":"https:\/\/continuamosmx.com\/index.php\/wp-json\/wp\/v2\/comments?post=52158"}],"version-history":[{"count":1,"href":"https:\/\/continuamosmx.com\/index.php\/wp-json\/wp\/v2\/posts\/52158\/revisions"}],"predecessor-version":[{"id":52164,"href":"https:\/\/continuamosmx.com\/index.php\/wp-json\/wp\/v2\/posts\/52158\/revisions\/52164"}],"wp:attachment":[{"href":"https:\/\/continuamosmx.com\/index.php\/wp-json\/wp\/v2\/media?parent=52158"}],"wp:term":[{"taxonomy":"category","embeddable":true,"href":"https:\/\/continuamosmx.com\/index.php\/wp-json\/wp\/v2\/categories?post=52158"},{"taxonomy":"post_tag","embeddable":true,"href":"https:\/\/continuamosmx.com\/index.php\/wp-json\/wp\/v2\/tags?post=52158"}],"curies":[{"name":"wp","href":"https:\/\/api.w.org\/{rel}","templated":true}]}}