{"id":52086,"date":"2026-01-20T23:44:15","date_gmt":"2026-01-21T05:44:15","guid":{"rendered":"https:\/\/continuamosmx.com\/?p=52086"},"modified":"2026-01-21T01:09:24","modified_gmt":"2026-01-21T07:09:24","slug":"el-estado-de-mexico-proyecta-su-riqueza-turistica-y-artesanal-en-la-fitur-2026-en-madrid","status":"publish","type":"post","link":"https:\/\/continuamosmx.com\/index.php\/2026\/01\/20\/el-estado-de-mexico-proyecta-su-riqueza-turistica-y-artesanal-en-la-fitur-2026-en-madrid\/","title":{"rendered":"EL ESTADO DE M\u00c9XICO PROYECTA SU RIQUEZA TUR\u00cdSTICA Y ARTESANAL EN LA FITUR 2026 EN MADRID"},"content":{"rendered":"\n<p><br><strong>*Bajo la marca \u201cUn Destino Hecho a Mano\u201d, la entidad mexiquense promociona sus Pueblos M\u00e1gicos, rutas bioculturales y hermanamientos internacionales en Espa\u00f1a.<\/strong><\/p>\n\n\n\n<p>TOLUCA, Estado de M\u00e9xico. \u2013 Con el objetivo de posicionar su patrimonio cultural y natural en el escenario global, el Estado de M\u00e9xico participa del 21 al 25 de enero en la Feria Internacional de Turismo (FITUR) 2026, celebrada en Madrid, Espa\u00f1a. La delegaci\u00f3n mexiquense, encabezada por la Secretar\u00eda de Cultura y Turismo, busca consolidar la marca \u201cUn Destino Hecho a Mano\u201d como un referente de excelencia para el viajero internacional.<\/p>\n\n\n\n<p>Nelly Carrasco God\u00ednez, titular de la dependencia, destac\u00f3 que el estand mexiquense servir\u00e1 como escaparate para los Pueblos M\u00e1gicos, los Pueblos con Encanto y las 13 ramas artesanales que dan identidad a la regi\u00f3n. Como parte de la oferta literaria y estrat\u00e9gica, se presentar\u00e1 el libro \u201cUn destino hecho a mano, visita el Estado de M\u00e9xico. 52 Experiencias de Turismo Biocultural\u201d, del reconocido autor Alonso Vera, mejor conocido como \u201cPata de perro\u201d.<\/p>\n\n\n\n<p>La agenda en Espa\u00f1a incluye una importante vinculaci\u00f3n con el sector empresarial a trav\u00e9s de Concaem, destacando una cata de mezcal artesanal en la Casa de M\u00e9xico el pr\u00f3ximo 22 de enero. Asimismo, la presencia mexiquense fortalecer\u00e1 lazos diplom\u00e1ticos: el Pueblo M\u00e1gico de Otumba firmar\u00e1 un hermanamiento con Medell\u00edn, Espa\u00f1a, mientras que se conmemorar\u00e1 el primer aniversario de la alianza con el municipio de Tembleque.<\/p>\n\n\n\n<p>Para representar la maestr\u00eda de las manos mexiquenses, el Pueblo M\u00e1gico de Metepec exhibir\u00e1 un monumental \u201c\u00c1rbol de la Vida\u201d, pieza ic\u00f3nica que recibir\u00e1 a los asistentes en IFEMA MADRID. Con estas acciones, el Gobierno del Estado de M\u00e9xico reafirma su compromiso de impulsar el turismo como un motor de bienestar y orgullo para sus comunidades.<\/p>\n\n\n\n<figure class=\"wp-block-gallery has-nested-images columns-default is-cropped wp-block-gallery-1 is-layout-flex wp-block-gallery-is-layout-flex\">\n<figure class=\"wp-block-image size-large\"><img loading=\"lazy\" decoding=\"async\" width=\"1024\" height=\"803\" data-id=\"52089\" src=\"https:\/\/continuamosmx.com\/wp-content\/uploads\/2026\/01\/aaa3ed8c-43d1-41c3-98aa-856a7d32e626-1024x803.jpeg\" alt=\"\" class=\"wp-image-52089\" srcset=\"https:\/\/continuamosmx.com\/wp-content\/uploads\/2026\/01\/aaa3ed8c-43d1-41c3-98aa-856a7d32e626-1024x803.jpeg 1024w, https:\/\/continuamosmx.com\/wp-content\/uploads\/2026\/01\/aaa3ed8c-43d1-41c3-98aa-856a7d32e626-300x235.jpeg 300w, https:\/\/continuamosmx.com\/wp-content\/uploads\/2026\/01\/aaa3ed8c-43d1-41c3-98aa-856a7d32e626-768x602.jpeg 768w, https:\/\/continuamosmx.com\/wp-content\/uploads\/2026\/01\/aaa3ed8c-43d1-41c3-98aa-856a7d32e626.jpeg 1349w\" sizes=\"auto, (max-width: 1024px) 100vw, 1024px\" \/><\/figure>\n\n\n\n<figure class=\"wp-block-image size-large\"><img loading=\"lazy\" decoding=\"async\" width=\"828\" height=\"598\" data-id=\"52088\" src=\"https:\/\/continuamosmx.com\/wp-content\/uploads\/2026\/01\/5be8edc2-cc11-40cd-a259-1d6b2234b580.jpeg\" alt=\"\" class=\"wp-image-52088\" srcset=\"https:\/\/continuamosmx.com\/wp-content\/uploads\/2026\/01\/5be8edc2-cc11-40cd-a259-1d6b2234b580.jpeg 828w, https:\/\/continuamosmx.com\/wp-content\/uploads\/2026\/01\/5be8edc2-cc11-40cd-a259-1d6b2234b580-300x217.jpeg 300w, https:\/\/continuamosmx.com\/wp-content\/uploads\/2026\/01\/5be8edc2-cc11-40cd-a259-1d6b2234b580-768x555.jpeg 768w\" sizes=\"auto, (max-width: 828px) 100vw, 828px\" \/><\/figure>\n\n\n\n<figure class=\"wp-block-image size-large\"><img loading=\"lazy\" decoding=\"async\" width=\"1024\" height=\"768\" data-id=\"52090\" src=\"https:\/\/continuamosmx.com\/wp-content\/uploads\/2026\/01\/3cd3b236-5991-40d1-a5ee-6eb5d6ffe4e1-1024x768.jpeg\" alt=\"\" class=\"wp-image-52090\" srcset=\"https:\/\/continuamosmx.com\/wp-content\/uploads\/2026\/01\/3cd3b236-5991-40d1-a5ee-6eb5d6ffe4e1-1024x768.jpeg 1024w, https:\/\/continuamosmx.com\/wp-content\/uploads\/2026\/01\/3cd3b236-5991-40d1-a5ee-6eb5d6ffe4e1-300x225.jpeg 300w, https:\/\/continuamosmx.com\/wp-content\/uploads\/2026\/01\/3cd3b236-5991-40d1-a5ee-6eb5d6ffe4e1-768x576.jpeg 768w, https:\/\/continuamosmx.com\/wp-content\/uploads\/2026\/01\/3cd3b236-5991-40d1-a5ee-6eb5d6ffe4e1-1536x1152.jpeg 1536w, https:\/\/continuamosmx.com\/wp-content\/uploads\/2026\/01\/3cd3b236-5991-40d1-a5ee-6eb5d6ffe4e1.jpeg 1600w\" sizes=\"auto, (max-width: 1024px) 100vw, 1024px\" \/><\/figure>\n<\/figure>\n\n\n\n<figure class=\"wp-block-gallery has-nested-images columns-default is-cropped wp-block-gallery-2 is-layout-flex wp-block-gallery-is-layout-flex\"><\/figure>\n\n\n\n<figure class=\"wp-block-gallery has-nested-images columns-default is-cropped wp-block-gallery-3 is-layout-flex wp-block-gallery-is-layout-flex\"><\/figure>\n","protected":false},"excerpt":{"rendered":"<p>*Bajo la marca \u201cUn Destino Hecho a Mano\u201d, la entidad mexiquense promociona sus Pueblos M\u00e1gicos, rutas bioculturales y hermanamientos internacionales en Espa\u00f1a. TOLUCA, Estado de M\u00e9xico. \u2013 Con el objetivo de posicionar su patrimonio cultural y natural en el escenario global, el Estado de M\u00e9xico participa del 21 al 25 de enero en la Feria [&hellip;]<\/p>\n","protected":false},"author":6,"featured_media":52112,"comment_status":"closed","ping_status":"closed","sticky":false,"template":"","format":"standard","meta":{"footnotes":""},"categories":[2],"tags":[],"class_list":["post-52086","post","type-post","status-publish","format-standard","has-post-thumbnail","hentry","category-edomex"],"yoast_head":"<!-- This site is optimized with the Yoast SEO plugin v27.5 - https:\/\/yoast.com\/product\/yoast-seo-wordpress\/ -->\n<title>EL ESTADO DE M\u00c9XICO PROYECTA SU RIQUEZA TUR\u00cdSTICA Y ARTESANAL EN LA FITUR 2026 EN MADRID -<\/title>\n<meta name=\"robots\" content=\"index, follow, max-snippet:-1, max-image-preview:large, max-video-preview:-1\" \/>\n<link rel=\"canonical\" href=\"https:\/\/continuamosmx.com\/index.php\/2026\/01\/20\/el-estado-de-mexico-proyecta-su-riqueza-turistica-y-artesanal-en-la-fitur-2026-en-madrid\/\" \/>\n<meta property=\"og:locale\" content=\"es_ES\" \/>\n<meta property=\"og:type\" content=\"article\" \/>\n<meta property=\"og:title\" content=\"EL ESTADO DE M\u00c9XICO PROYECTA SU RIQUEZA TUR\u00cdSTICA Y ARTESANAL EN LA FITUR 2026 EN MADRID -\" \/>\n<meta property=\"og:description\" content=\"*Bajo la marca \u201cUn Destino Hecho a Mano\u201d, la entidad mexiquense promociona sus Pueblos M\u00e1gicos, rutas bioculturales y hermanamientos internacionales en Espa\u00f1a. TOLUCA, Estado de M\u00e9xico. \u2013 Con el objetivo de posicionar su patrimonio cultural y natural en el escenario global, el Estado de M\u00e9xico participa del 21 al 25 de enero en la Feria [&hellip;]\" \/>\n<meta property=\"og:url\" content=\"https:\/\/continuamosmx.com\/index.php\/2026\/01\/20\/el-estado-de-mexico-proyecta-su-riqueza-turistica-y-artesanal-en-la-fitur-2026-en-madrid\/\" \/>\n<meta property=\"article:published_time\" content=\"2026-01-21T05:44:15+00:00\" \/>\n<meta property=\"article:modified_time\" content=\"2026-01-21T07:09:24+00:00\" \/>\n<meta property=\"og:image\" content=\"https:\/\/continuamosmx.com\/wp-content\/uploads\/2026\/01\/moch-1.jpg\" \/>\n\t<meta property=\"og:image:width\" content=\"1600\" \/>\n\t<meta property=\"og:image:height\" content=\"900\" \/>\n\t<meta property=\"og:image:type\" content=\"image\/jpeg\" \/>\n<meta name=\"author\" content=\"Continuamos MX\" \/>\n<meta name=\"twitter:card\" content=\"summary_large_image\" \/>\n<meta name=\"twitter:label1\" content=\"Escrito por\" \/>\n\t<meta name=\"twitter:data1\" content=\"Continuamos MX\" \/>\n\t<meta name=\"twitter:label2\" content=\"Tiempo de lectura\" \/>\n\t<meta name=\"twitter:data2\" content=\"3 minutos\" \/>\n<script type=\"application\/ld+json\" class=\"yoast-schema-graph\">{\"@context\":\"https:\\\/\\\/schema.org\",\"@graph\":[{\"@type\":\"Article\",\"@id\":\"https:\\\/\\\/continuamosmx.com\\\/index.php\\\/2026\\\/01\\\/20\\\/el-estado-de-mexico-proyecta-su-riqueza-turistica-y-artesanal-en-la-fitur-2026-en-madrid\\\/#article\",\"isPartOf\":{\"@id\":\"https:\\\/\\\/continuamosmx.com\\\/index.php\\\/2026\\\/01\\\/20\\\/el-estado-de-mexico-proyecta-su-riqueza-turistica-y-artesanal-en-la-fitur-2026-en-madrid\\\/\"},\"author\":{\"name\":\"Continuamos MX\",\"@id\":\"https:\\\/\\\/continuamosmx.com\\\/#\\\/schema\\\/person\\\/5eb5356acb1fad784da407d14f0e8d89\"},\"headline\":\"EL ESTADO DE M\u00c9XICO PROYECTA SU RIQUEZA TUR\u00cdSTICA Y ARTESANAL EN LA FITUR 2026 EN MADRID\",\"datePublished\":\"2026-01-21T05:44:15+00:00\",\"dateModified\":\"2026-01-21T07:09:24+00:00\",\"mainEntityOfPage\":{\"@id\":\"https:\\\/\\\/continuamosmx.com\\\/index.php\\\/2026\\\/01\\\/20\\\/el-estado-de-mexico-proyecta-su-riqueza-turistica-y-artesanal-en-la-fitur-2026-en-madrid\\\/\"},\"wordCount\":321,\"publisher\":{\"@id\":\"https:\\\/\\\/continuamosmx.com\\\/#organization\"},\"image\":{\"@id\":\"https:\\\/\\\/continuamosmx.com\\\/index.php\\\/2026\\\/01\\\/20\\\/el-estado-de-mexico-proyecta-su-riqueza-turistica-y-artesanal-en-la-fitur-2026-en-madrid\\\/#primaryimage\"},\"thumbnailUrl\":\"https:\\\/\\\/continuamosmx.com\\\/wp-content\\\/uploads\\\/2026\\\/01\\\/moch-1.jpg\",\"articleSection\":[\"EDOMEX\"],\"inLanguage\":\"es\"},{\"@type\":\"WebPage\",\"@id\":\"https:\\\/\\\/continuamosmx.com\\\/index.php\\\/2026\\\/01\\\/20\\\/el-estado-de-mexico-proyecta-su-riqueza-turistica-y-artesanal-en-la-fitur-2026-en-madrid\\\/\",\"url\":\"https:\\\/\\\/continuamosmx.com\\\/index.php\\\/2026\\\/01\\\/20\\\/el-estado-de-mexico-proyecta-su-riqueza-turistica-y-artesanal-en-la-fitur-2026-en-madrid\\\/\",\"name\":\"EL ESTADO DE M\u00c9XICO PROYECTA SU RIQUEZA TUR\u00cdSTICA Y ARTESANAL EN LA FITUR 2026 EN MADRID -\",\"isPartOf\":{\"@id\":\"https:\\\/\\\/continuamosmx.com\\\/#website\"},\"primaryImageOfPage\":{\"@id\":\"https:\\\/\\\/continuamosmx.com\\\/index.php\\\/2026\\\/01\\\/20\\\/el-estado-de-mexico-proyecta-su-riqueza-turistica-y-artesanal-en-la-fitur-2026-en-madrid\\\/#primaryimage\"},\"image\":{\"@id\":\"https:\\\/\\\/continuamosmx.com\\\/index.php\\\/2026\\\/01\\\/20\\\/el-estado-de-mexico-proyecta-su-riqueza-turistica-y-artesanal-en-la-fitur-2026-en-madrid\\\/#primaryimage\"},\"thumbnailUrl\":\"https:\\\/\\\/continuamosmx.com\\\/wp-content\\\/uploads\\\/2026\\\/01\\\/moch-1.jpg\",\"datePublished\":\"2026-01-21T05:44:15+00:00\",\"dateModified\":\"2026-01-21T07:09:24+00:00\",\"breadcrumb\":{\"@id\":\"https:\\\/\\\/continuamosmx.com\\\/index.php\\\/2026\\\/01\\\/20\\\/el-estado-de-mexico-proyecta-su-riqueza-turistica-y-artesanal-en-la-fitur-2026-en-madrid\\\/#breadcrumb\"},\"inLanguage\":\"es\",\"potentialAction\":[{\"@type\":\"ReadAction\",\"target\":[\"https:\\\/\\\/continuamosmx.com\\\/index.php\\\/2026\\\/01\\\/20\\\/el-estado-de-mexico-proyecta-su-riqueza-turistica-y-artesanal-en-la-fitur-2026-en-madrid\\\/\"]}]},{\"@type\":\"ImageObject\",\"inLanguage\":\"es\",\"@id\":\"https:\\\/\\\/continuamosmx.com\\\/index.php\\\/2026\\\/01\\\/20\\\/el-estado-de-mexico-proyecta-su-riqueza-turistica-y-artesanal-en-la-fitur-2026-en-madrid\\\/#primaryimage\",\"url\":\"https:\\\/\\\/continuamosmx.com\\\/wp-content\\\/uploads\\\/2026\\\/01\\\/moch-1.jpg\",\"contentUrl\":\"https:\\\/\\\/continuamosmx.com\\\/wp-content\\\/uploads\\\/2026\\\/01\\\/moch-1.jpg\",\"width\":1600,\"height\":900},{\"@type\":\"BreadcrumbList\",\"@id\":\"https:\\\/\\\/continuamosmx.com\\\/index.php\\\/2026\\\/01\\\/20\\\/el-estado-de-mexico-proyecta-su-riqueza-turistica-y-artesanal-en-la-fitur-2026-en-madrid\\\/#breadcrumb\",\"itemListElement\":[{\"@type\":\"ListItem\",\"position\":1,\"name\":\"Inicio\",\"item\":\"https:\\\/\\\/continuamosmx.com\\\/\"},{\"@type\":\"ListItem\",\"position\":2,\"name\":\"EL ESTADO DE M\u00c9XICO PROYECTA SU RIQUEZA TUR\u00cdSTICA Y ARTESANAL EN LA FITUR 2026 EN MADRID\"}]},{\"@type\":\"WebSite\",\"@id\":\"https:\\\/\\\/continuamosmx.com\\\/#website\",\"url\":\"https:\\\/\\\/continuamosmx.com\\\/\",\"name\":\"www.continuamosmx.com\",\"description\":\"\",\"publisher\":{\"@id\":\"https:\\\/\\\/continuamosmx.com\\\/#organization\"},\"potentialAction\":[{\"@type\":\"SearchAction\",\"target\":{\"@type\":\"EntryPoint\",\"urlTemplate\":\"https:\\\/\\\/continuamosmx.com\\\/?s={search_term_string}\"},\"query-input\":{\"@type\":\"PropertyValueSpecification\",\"valueRequired\":true,\"valueName\":\"search_term_string\"}}],\"inLanguage\":\"es\"},{\"@type\":\"Organization\",\"@id\":\"https:\\\/\\\/continuamosmx.com\\\/#organization\",\"name\":\"ContinuamosMX\",\"url\":\"https:\\\/\\\/continuamosmx.com\\\/\",\"logo\":{\"@type\":\"ImageObject\",\"inLanguage\":\"es\",\"@id\":\"https:\\\/\\\/continuamosmx.com\\\/#\\\/schema\\\/logo\\\/image\\\/\",\"url\":\"https:\\\/\\\/continuamosmx.com\\\/wp-content\\\/uploads\\\/2023\\\/04\\\/cropped-LOGO-CONTI-NUEVO.png\",\"contentUrl\":\"https:\\\/\\\/continuamosmx.com\\\/wp-content\\\/uploads\\\/2023\\\/04\\\/cropped-LOGO-CONTI-NUEVO.png\",\"width\":1257,\"height\":430,\"caption\":\"ContinuamosMX\"},\"image\":{\"@id\":\"https:\\\/\\\/continuamosmx.com\\\/#\\\/schema\\\/logo\\\/image\\\/\"}},{\"@type\":\"Person\",\"@id\":\"https:\\\/\\\/continuamosmx.com\\\/#\\\/schema\\\/person\\\/5eb5356acb1fad784da407d14f0e8d89\",\"name\":\"Continuamos MX\",\"image\":{\"@type\":\"ImageObject\",\"inLanguage\":\"es\",\"@id\":\"https:\\\/\\\/secure.gravatar.com\\\/avatar\\\/30d4f9723476a15f4da34d35fb3501f08d2357016c76051c6a85c354c7489589?s=96&d=mm&r=g\",\"url\":\"https:\\\/\\\/secure.gravatar.com\\\/avatar\\\/30d4f9723476a15f4da34d35fb3501f08d2357016c76051c6a85c354c7489589?s=96&d=mm&r=g\",\"contentUrl\":\"https:\\\/\\\/secure.gravatar.com\\\/avatar\\\/30d4f9723476a15f4da34d35fb3501f08d2357016c76051c6a85c354c7489589?s=96&d=mm&r=g\",\"caption\":\"Continuamos MX\"},\"sameAs\":[\"http:\\\/\\\/www.continuamos.mx\"],\"url\":\"https:\\\/\\\/continuamosmx.com\\\/index.php\\\/author\\\/continuamos\\\/\"}]}<\/script>\n<!-- \/ Yoast SEO plugin. -->","yoast_head_json":{"title":"EL ESTADO DE M\u00c9XICO PROYECTA SU RIQUEZA TUR\u00cdSTICA Y ARTESANAL EN LA FITUR 2026 EN MADRID -","robots":{"index":"index","follow":"follow","max-snippet":"max-snippet:-1","max-image-preview":"max-image-preview:large","max-video-preview":"max-video-preview:-1"},"canonical":"https:\/\/continuamosmx.com\/index.php\/2026\/01\/20\/el-estado-de-mexico-proyecta-su-riqueza-turistica-y-artesanal-en-la-fitur-2026-en-madrid\/","og_locale":"es_ES","og_type":"article","og_title":"EL ESTADO DE M\u00c9XICO PROYECTA SU RIQUEZA TUR\u00cdSTICA Y ARTESANAL EN LA FITUR 2026 EN MADRID -","og_description":"*Bajo la marca \u201cUn Destino Hecho a Mano\u201d, la entidad mexiquense promociona sus Pueblos M\u00e1gicos, rutas bioculturales y hermanamientos internacionales en Espa\u00f1a. TOLUCA, Estado de M\u00e9xico. \u2013 Con el objetivo de posicionar su patrimonio cultural y natural en el escenario global, el Estado de M\u00e9xico participa del 21 al 25 de enero en la Feria [&hellip;]","og_url":"https:\/\/continuamosmx.com\/index.php\/2026\/01\/20\/el-estado-de-mexico-proyecta-su-riqueza-turistica-y-artesanal-en-la-fitur-2026-en-madrid\/","article_published_time":"2026-01-21T05:44:15+00:00","article_modified_time":"2026-01-21T07:09:24+00:00","og_image":[{"width":1600,"height":900,"url":"https:\/\/continuamosmx.com\/wp-content\/uploads\/2026\/01\/moch-1.jpg","type":"image\/jpeg"}],"author":"Continuamos MX","twitter_card":"summary_large_image","twitter_misc":{"Escrito por":"Continuamos MX","Tiempo de lectura":"3 minutos"},"schema":{"@context":"https:\/\/schema.org","@graph":[{"@type":"Article","@id":"https:\/\/continuamosmx.com\/index.php\/2026\/01\/20\/el-estado-de-mexico-proyecta-su-riqueza-turistica-y-artesanal-en-la-fitur-2026-en-madrid\/#article","isPartOf":{"@id":"https:\/\/continuamosmx.com\/index.php\/2026\/01\/20\/el-estado-de-mexico-proyecta-su-riqueza-turistica-y-artesanal-en-la-fitur-2026-en-madrid\/"},"author":{"name":"Continuamos MX","@id":"https:\/\/continuamosmx.com\/#\/schema\/person\/5eb5356acb1fad784da407d14f0e8d89"},"headline":"EL ESTADO DE M\u00c9XICO PROYECTA SU RIQUEZA TUR\u00cdSTICA Y ARTESANAL EN LA FITUR 2026 EN MADRID","datePublished":"2026-01-21T05:44:15+00:00","dateModified":"2026-01-21T07:09:24+00:00","mainEntityOfPage":{"@id":"https:\/\/continuamosmx.com\/index.php\/2026\/01\/20\/el-estado-de-mexico-proyecta-su-riqueza-turistica-y-artesanal-en-la-fitur-2026-en-madrid\/"},"wordCount":321,"publisher":{"@id":"https:\/\/continuamosmx.com\/#organization"},"image":{"@id":"https:\/\/continuamosmx.com\/index.php\/2026\/01\/20\/el-estado-de-mexico-proyecta-su-riqueza-turistica-y-artesanal-en-la-fitur-2026-en-madrid\/#primaryimage"},"thumbnailUrl":"https:\/\/continuamosmx.com\/wp-content\/uploads\/2026\/01\/moch-1.jpg","articleSection":["EDOMEX"],"inLanguage":"es"},{"@type":"WebPage","@id":"https:\/\/continuamosmx.com\/index.php\/2026\/01\/20\/el-estado-de-mexico-proyecta-su-riqueza-turistica-y-artesanal-en-la-fitur-2026-en-madrid\/","url":"https:\/\/continuamosmx.com\/index.php\/2026\/01\/20\/el-estado-de-mexico-proyecta-su-riqueza-turistica-y-artesanal-en-la-fitur-2026-en-madrid\/","name":"EL ESTADO DE M\u00c9XICO PROYECTA SU RIQUEZA TUR\u00cdSTICA Y ARTESANAL EN LA FITUR 2026 EN MADRID -","isPartOf":{"@id":"https:\/\/continuamosmx.com\/#website"},"primaryImageOfPage":{"@id":"https:\/\/continuamosmx.com\/index.php\/2026\/01\/20\/el-estado-de-mexico-proyecta-su-riqueza-turistica-y-artesanal-en-la-fitur-2026-en-madrid\/#primaryimage"},"image":{"@id":"https:\/\/continuamosmx.com\/index.php\/2026\/01\/20\/el-estado-de-mexico-proyecta-su-riqueza-turistica-y-artesanal-en-la-fitur-2026-en-madrid\/#primaryimage"},"thumbnailUrl":"https:\/\/continuamosmx.com\/wp-content\/uploads\/2026\/01\/moch-1.jpg","datePublished":"2026-01-21T05:44:15+00:00","dateModified":"2026-01-21T07:09:24+00:00","breadcrumb":{"@id":"https:\/\/continuamosmx.com\/index.php\/2026\/01\/20\/el-estado-de-mexico-proyecta-su-riqueza-turistica-y-artesanal-en-la-fitur-2026-en-madrid\/#breadcrumb"},"inLanguage":"es","potentialAction":[{"@type":"ReadAction","target":["https:\/\/continuamosmx.com\/index.php\/2026\/01\/20\/el-estado-de-mexico-proyecta-su-riqueza-turistica-y-artesanal-en-la-fitur-2026-en-madrid\/"]}]},{"@type":"ImageObject","inLanguage":"es","@id":"https:\/\/continuamosmx.com\/index.php\/2026\/01\/20\/el-estado-de-mexico-proyecta-su-riqueza-turistica-y-artesanal-en-la-fitur-2026-en-madrid\/#primaryimage","url":"https:\/\/continuamosmx.com\/wp-content\/uploads\/2026\/01\/moch-1.jpg","contentUrl":"https:\/\/continuamosmx.com\/wp-content\/uploads\/2026\/01\/moch-1.jpg","width":1600,"height":900},{"@type":"BreadcrumbList","@id":"https:\/\/continuamosmx.com\/index.php\/2026\/01\/20\/el-estado-de-mexico-proyecta-su-riqueza-turistica-y-artesanal-en-la-fitur-2026-en-madrid\/#breadcrumb","itemListElement":[{"@type":"ListItem","position":1,"name":"Inicio","item":"https:\/\/continuamosmx.com\/"},{"@type":"ListItem","position":2,"name":"EL ESTADO DE M\u00c9XICO PROYECTA SU RIQUEZA TUR\u00cdSTICA Y ARTESANAL EN LA FITUR 2026 EN MADRID"}]},{"@type":"WebSite","@id":"https:\/\/continuamosmx.com\/#website","url":"https:\/\/continuamosmx.com\/","name":"www.continuamosmx.com","description":"","publisher":{"@id":"https:\/\/continuamosmx.com\/#organization"},"potentialAction":[{"@type":"SearchAction","target":{"@type":"EntryPoint","urlTemplate":"https:\/\/continuamosmx.com\/?s={search_term_string}"},"query-input":{"@type":"PropertyValueSpecification","valueRequired":true,"valueName":"search_term_string"}}],"inLanguage":"es"},{"@type":"Organization","@id":"https:\/\/continuamosmx.com\/#organization","name":"ContinuamosMX","url":"https:\/\/continuamosmx.com\/","logo":{"@type":"ImageObject","inLanguage":"es","@id":"https:\/\/continuamosmx.com\/#\/schema\/logo\/image\/","url":"https:\/\/continuamosmx.com\/wp-content\/uploads\/2023\/04\/cropped-LOGO-CONTI-NUEVO.png","contentUrl":"https:\/\/continuamosmx.com\/wp-content\/uploads\/2023\/04\/cropped-LOGO-CONTI-NUEVO.png","width":1257,"height":430,"caption":"ContinuamosMX"},"image":{"@id":"https:\/\/continuamosmx.com\/#\/schema\/logo\/image\/"}},{"@type":"Person","@id":"https:\/\/continuamosmx.com\/#\/schema\/person\/5eb5356acb1fad784da407d14f0e8d89","name":"Continuamos MX","image":{"@type":"ImageObject","inLanguage":"es","@id":"https:\/\/secure.gravatar.com\/avatar\/30d4f9723476a15f4da34d35fb3501f08d2357016c76051c6a85c354c7489589?s=96&d=mm&r=g","url":"https:\/\/secure.gravatar.com\/avatar\/30d4f9723476a15f4da34d35fb3501f08d2357016c76051c6a85c354c7489589?s=96&d=mm&r=g","contentUrl":"https:\/\/secure.gravatar.com\/avatar\/30d4f9723476a15f4da34d35fb3501f08d2357016c76051c6a85c354c7489589?s=96&d=mm&r=g","caption":"Continuamos MX"},"sameAs":["http:\/\/www.continuamos.mx"],"url":"https:\/\/continuamosmx.com\/index.php\/author\/continuamos\/"}]}},"_links":{"self":[{"href":"https:\/\/continuamosmx.com\/index.php\/wp-json\/wp\/v2\/posts\/52086","targetHints":{"allow":["GET"]}}],"collection":[{"href":"https:\/\/continuamosmx.com\/index.php\/wp-json\/wp\/v2\/posts"}],"about":[{"href":"https:\/\/continuamosmx.com\/index.php\/wp-json\/wp\/v2\/types\/post"}],"author":[{"embeddable":true,"href":"https:\/\/continuamosmx.com\/index.php\/wp-json\/wp\/v2\/users\/6"}],"replies":[{"embeddable":true,"href":"https:\/\/continuamosmx.com\/index.php\/wp-json\/wp\/v2\/comments?post=52086"}],"version-history":[{"count":3,"href":"https:\/\/continuamosmx.com\/index.php\/wp-json\/wp\/v2\/posts\/52086\/revisions"}],"predecessor-version":[{"id":52113,"href":"https:\/\/continuamosmx.com\/index.php\/wp-json\/wp\/v2\/posts\/52086\/revisions\/52113"}],"wp:featuredmedia":[{"embeddable":true,"href":"https:\/\/continuamosmx.com\/index.php\/wp-json\/wp\/v2\/media\/52112"}],"wp:attachment":[{"href":"https:\/\/continuamosmx.com\/index.php\/wp-json\/wp\/v2\/media?parent=52086"}],"wp:term":[{"taxonomy":"category","embeddable":true,"href":"https:\/\/continuamosmx.com\/index.php\/wp-json\/wp\/v2\/categories?post=52086"},{"taxonomy":"post_tag","embeddable":true,"href":"https:\/\/continuamosmx.com\/index.php\/wp-json\/wp\/v2\/tags?post=52086"}],"curies":[{"name":"wp","href":"https:\/\/api.w.org\/{rel}","templated":true}]}}